{"id":141253,"date":"2026-08-31T06:35:48","date_gmt":"2026-08-31T13:35:48","guid":{"rendered":"https:\/\/fuentesfidedignas.com.mx\/?p=141253"},"modified":"2026-08-31T06:38:40","modified_gmt":"2026-08-31T13:38:40","slug":"la-cuenta-regresiva-llego-a-su-fin-mas-de-23-millones-regresan-a-clases-hoy-31-de-agosto","status":"publish","type":"post","link":"https:\/\/fuentesfidedignas.com.mx\/index.php\/2026\/08\/31\/la-cuenta-regresiva-llego-a-su-fin-mas-de-23-millones-regresan-a-clases-hoy-31-de-agosto\/","title":{"rendered":"La cuenta regresiva lleg\u00f3 a su fin: m\u00e1s de 23 millones regresan a clases hoy 31 de agosto"},"content":{"rendered":"\n<p class=\"wp-block-paragraph\"><strong><em>M\u00e1s de 23 millones de estudiantes regresar\u00e1n a clases hoy lunes 31 de agosto, fecha establecida por la Secretar\u00eda de Educaci\u00f3n P\u00fablica (SEP) para el inicio del ciclo escolar 2026-2027 en educaci\u00f3n b\u00e1sica.<\/em><\/strong><\/p>\n\n\n\n<p class=\"wp-block-paragraph\">La SEP inform\u00f3 que m\u00e1s de 23 millones de ni\u00f1as, ni\u00f1os y adolescentes regresar\u00e1n a las aulas con el inicio del ciclo escolar 2026-2027. La fecha corresponde a hoy 31 de agosto y aplica para las escuelas de preescolar, primaria y secundaria, tanto p\u00fablicas como particulares incorporadas al Sistema Educativo Nacional (SEN).<\/p>\n\n\n\n<p class=\"wp-block-paragraph\">El calendario escolar, publicado el 15 de julio de 2026 en el Diario Oficial de la Federaci\u00f3n (DOF), establece 185 d\u00edas de clases para los niveles de educaci\u00f3n preescolar, primaria y secundaria.<\/p>\n\n\n\n<p class=\"wp-block-paragraph\">Antes del regreso de los estudiantes, del 24 al 28 de agosto de 2026 se realiz\u00f3 la Fase Intensiva del Consejo T\u00e9cnico Escolar (CTE). La SEP inform\u00f3 que en este periodo participan docentes y autoridades escolares como parte de la preparaci\u00f3n para el nuevo ciclo.<\/p>\n\n\n\n<p class=\"wp-block-paragraph\">En el caso de la educaci\u00f3n normal y dem\u00e1s instituciones dedicadas a la formaci\u00f3n de maestras y maestros de educaci\u00f3n b\u00e1sica, el calendario contempla 190 d\u00edas. Las clases tambi\u00e9n comenzar\u00e1n el 31 de agosto, pero concluir\u00e1n el 13 de julio de 2027.<\/p>\n","protected":false},"excerpt":{"rendered":"<p>M\u00e1s de 23 millones de estudiantes regresar\u00e1n a clases hoy lunes 31 de agosto, fecha establecida por la Secretar\u00eda de Educaci\u00f3n P\u00fablica (SEP) para el inicio del ciclo escolar 2026-2027 en educaci\u00f3n b\u00e1sica. La SEP inform\u00f3 que m\u00e1s de 23 millones de ni\u00f1as, ni\u00f1os y adolescentes regresar\u00e1n a las aulas con el inicio del ciclo [&hellip;]<\/p>\n","protected":false},"author":33,"featured_media":44718,"comment_status":"open","ping_status":"open","sticky":false,"template":"","format":"standard","meta":{"tdm_status":"","tdm_grid_status":"","footnotes":""},"categories":[37],"tags":[],"class_list":["post-141253","post","type-post","status-publish","format-standard","has-post-thumbnail","category-nota-principal"],"yoast_head":"<!-- This site is optimized with the Yoast SEO plugin v28.3 - https:\/\/yoast.com\/product\/yoast-seo-wordpress\/ -->\n<title>La cuenta regresiva lleg\u00f3 a su fin: m\u00e1s de 23 millones regresan a clases hoy 31 de agosto - Fuentes Fidedignas<\/title>\n<meta name=\"robots\" content=\"index, follow, max-snippet:-1, max-image-preview:large, max-video-preview:-1\" \/>\n<link rel=\"canonical\" href=\"https:\/\/fuentesfidedignas.com.mx\/index.php\/2026\/08\/31\/la-cuenta-regresiva-llego-a-su-fin-mas-de-23-millones-regresan-a-clases-hoy-31-de-agosto\/\" \/>\n<meta property=\"og:locale\" content=\"es_MX\" \/>\n<meta property=\"og:type\" content=\"article\" \/>\n<meta property=\"og:title\" content=\"La cuenta regresiva lleg\u00f3 a su fin: m\u00e1s de 23 millones regresan a clases hoy 31 de agosto - Fuentes Fidedignas\" \/>\n<meta property=\"og:description\" content=\"M\u00e1s de 23 millones de estudiantes regresar\u00e1n a clases hoy lunes 31 de agosto, fecha establecida por la Secretar\u00eda de Educaci\u00f3n P\u00fablica (SEP) para el inicio del ciclo escolar 2026-2027 en educaci\u00f3n b\u00e1sica. La SEP inform\u00f3 que m\u00e1s de 23 millones de ni\u00f1as, ni\u00f1os y adolescentes regresar\u00e1n a las aulas con el inicio del ciclo [&hellip;]\" \/>\n<meta property=\"og:url\" content=\"https:\/\/fuentesfidedignas.com.mx\/index.php\/2026\/08\/31\/la-cuenta-regresiva-llego-a-su-fin-mas-de-23-millones-regresan-a-clases-hoy-31-de-agosto\/\" \/>\n<meta property=\"og:site_name\" content=\"Fuentes Fidedignas\" \/>\n<meta property=\"article:publisher\" content=\"https:\/\/www.facebook.com\/Fuentes-Fidedignas-368234489921644\" \/>\n<meta property=\"article:published_time\" content=\"2026-08-31T13:35:48+00:00\" \/>\n<meta property=\"article:modified_time\" content=\"2026-08-31T13:38:40+00:00\" \/>\n<meta property=\"og:image\" content=\"https:\/\/fuentesfidedignas.com.mx\/wp-content\/uploads\/2023\/04\/regreso-a-clases.jpg\" \/>\n\t<meta property=\"og:image:width\" content=\"768\" \/>\n\t<meta property=\"og:image:height\" content=\"479\" \/>\n\t<meta property=\"og:image:type\" content=\"image\/jpeg\" \/>\n<meta name=\"author\" content=\"UNO TV\" \/>\n<meta name=\"twitter:card\" content=\"summary_large_image\" \/>\n<meta name=\"twitter:creator\" content=\"@fidedignas\" \/>\n<meta name=\"twitter:site\" content=\"@fidedignas\" \/>\n<meta name=\"twitter:label1\" content=\"Escrito por\" \/>\n\t<meta name=\"twitter:data1\" content=\"UNO TV\" \/>\n\t<meta name=\"twitter:label2\" content=\"Tiempo de lectura\" \/>\n\t<meta name=\"twitter:data2\" content=\"2 minutos\" \/>\n<script type=\"application\/ld+json\" class=\"yoast-schema-graph\">{\"@context\":\"https:\\\/\\\/schema.org\",\"@graph\":[{\"@type\":\"Article\",\"@id\":\"https:\\\/\\\/fuentesfidedignas.com.mx\\\/index.php\\\/2026\\\/08\\\/31\\\/la-cuenta-regresiva-llego-a-su-fin-mas-de-23-millones-regresan-a-clases-hoy-31-de-agosto\\\/#article\",\"isPartOf\":{\"@id\":\"https:\\\/\\\/fuentesfidedignas.com.mx\\\/index.php\\\/2026\\\/08\\\/31\\\/la-cuenta-regresiva-llego-a-su-fin-mas-de-23-millones-regresan-a-clases-hoy-31-de-agosto\\\/\"},\"author\":{\"name\":\"UNO TV\",\"@id\":\"https:\\\/\\\/fuentesfidedignas.com.mx\\\/#\\\/schema\\\/person\\\/d121cdb5b05da85078ff634900eb8b43\"},\"headline\":\"La cuenta regresiva lleg\u00f3 a su fin: m\u00e1s de 23 millones regresan a clases hoy 31 de agosto\",\"datePublished\":\"2026-08-31T13:35:48+00:00\",\"dateModified\":\"2026-08-31T13:38:40+00:00\",\"mainEntityOfPage\":{\"@id\":\"https:\\\/\\\/fuentesfidedignas.com.mx\\\/index.php\\\/2026\\\/08\\\/31\\\/la-cuenta-regresiva-llego-a-su-fin-mas-de-23-millones-regresan-a-clases-hoy-31-de-agosto\\\/\"},\"wordCount\":233,\"commentCount\":0,\"publisher\":{\"@id\":\"https:\\\/\\\/fuentesfidedignas.com.mx\\\/#organization\"},\"image\":{\"@id\":\"https:\\\/\\\/fuentesfidedignas.com.mx\\\/index.php\\\/2026\\\/08\\\/31\\\/la-cuenta-regresiva-llego-a-su-fin-mas-de-23-millones-regresan-a-clases-hoy-31-de-agosto\\\/#primaryimage\"},\"thumbnailUrl\":\"https:\\\/\\\/fuentesfidedignas.com.mx\\\/wp-content\\\/uploads\\\/2023\\\/04\\\/regreso-a-clases.jpg\",\"articleSection\":[\"NOTA PRINCIPAL\"],\"inLanguage\":\"es\",\"potentialAction\":[{\"@type\":\"CommentAction\",\"name\":\"Comment\",\"target\":[\"https:\\\/\\\/fuentesfidedignas.com.mx\\\/index.php\\\/2026\\\/08\\\/31\\\/la-cuenta-regresiva-llego-a-su-fin-mas-de-23-millones-regresan-a-clases-hoy-31-de-agosto\\\/#respond\"]}]},{\"@type\":\"WebPage\",\"@id\":\"https:\\\/\\\/fuentesfidedignas.com.mx\\\/index.php\\\/2026\\\/08\\\/31\\\/la-cuenta-regresiva-llego-a-su-fin-mas-de-23-millones-regresan-a-clases-hoy-31-de-agosto\\\/\",\"url\":\"https:\\\/\\\/fuentesfidedignas.com.mx\\\/index.php\\\/2026\\\/08\\\/31\\\/la-cuenta-regresiva-llego-a-su-fin-mas-de-23-millones-regresan-a-clases-hoy-31-de-agosto\\\/\",\"name\":\"La cuenta regresiva lleg\u00f3 a su fin: m\u00e1s de 23 millones regresan a clases hoy 31 de agosto - Fuentes Fidedignas\",\"isPartOf\":{\"@id\":\"https:\\\/\\\/fuentesfidedignas.com.mx\\\/#website\"},\"primaryImageOfPage\":{\"@id\":\"https:\\\/\\\/fuentesfidedignas.com.mx\\\/index.php\\\/2026\\\/08\\\/31\\\/la-cuenta-regresiva-llego-a-su-fin-mas-de-23-millones-regresan-a-clases-hoy-31-de-agosto\\\/#primaryimage\"},\"image\":{\"@id\":\"https:\\\/\\\/fuentesfidedignas.com.mx\\\/index.php\\\/2026\\\/08\\\/31\\\/la-cuenta-regresiva-llego-a-su-fin-mas-de-23-millones-regresan-a-clases-hoy-31-de-agosto\\\/#primaryimage\"},\"thumbnailUrl\":\"https:\\\/\\\/fuentesfidedignas.com.mx\\\/wp-content\\\/uploads\\\/2023\\\/04\\\/regreso-a-clases.jpg\",\"datePublished\":\"2026-08-31T13:35:48+00:00\",\"dateModified\":\"2026-08-31T13:38:40+00:00\",\"breadcrumb\":{\"@id\":\"https:\\\/\\\/fuentesfidedignas.com.mx\\\/index.php\\\/2026\\\/08\\\/31\\\/la-cuenta-regresiva-llego-a-su-fin-mas-de-23-millones-regresan-a-clases-hoy-31-de-agosto\\\/#breadcrumb\"},\"inLanguage\":\"es\",\"potentialAction\":[{\"@type\":\"ReadAction\",\"target\":[\"https:\\\/\\\/fuentesfidedignas.com.mx\\\/index.php\\\/2026\\\/08\\\/31\\\/la-cuenta-regresiva-llego-a-su-fin-mas-de-23-millones-regresan-a-clases-hoy-31-de-agosto\\\/\"]}]},{\"@type\":\"ImageObject\",\"inLanguage\":\"es\",\"@id\":\"https:\\\/\\\/fuentesfidedignas.com.mx\\\/index.php\\\/2026\\\/08\\\/31\\\/la-cuenta-regresiva-llego-a-su-fin-mas-de-23-millones-regresan-a-clases-hoy-31-de-agosto\\\/#primaryimage\",\"url\":\"https:\\\/\\\/fuentesfidedignas.com.mx\\\/wp-content\\\/uploads\\\/2023\\\/04\\\/regreso-a-clases.jpg\",\"contentUrl\":\"https:\\\/\\\/fuentesfidedignas.com.mx\\\/wp-content\\\/uploads\\\/2023\\\/04\\\/regreso-a-clases.jpg\",\"width\":768,\"height\":479},{\"@type\":\"BreadcrumbList\",\"@id\":\"https:\\\/\\\/fuentesfidedignas.com.mx\\\/index.php\\\/2026\\\/08\\\/31\\\/la-cuenta-regresiva-llego-a-su-fin-mas-de-23-millones-regresan-a-clases-hoy-31-de-agosto\\\/#breadcrumb\",\"itemListElement\":[{\"@type\":\"ListItem\",\"position\":1,\"name\":\"Inicio\",\"item\":\"https:\\\/\\\/fuentesfidedignas.com.mx\\\/\"},{\"@type\":\"ListItem\",\"position\":2,\"name\":\"La cuenta regresiva lleg\u00f3 a su fin: m\u00e1s de 23 millones regresan a clases hoy 31 de agosto\"}]},{\"@type\":\"WebSite\",\"@id\":\"https:\\\/\\\/fuentesfidedignas.com.mx\\\/#website\",\"url\":\"https:\\\/\\\/fuentesfidedignas.com.mx\\\/\",\"name\":\"Fuentes Fidedignas\",\"description\":\"Otro sitio realizado con WordPress\",\"publisher\":{\"@id\":\"https:\\\/\\\/fuentesfidedignas.com.mx\\\/#organization\"},\"potentialAction\":[{\"@type\":\"SearchAction\",\"target\":{\"@type\":\"EntryPoint\",\"urlTemplate\":\"https:\\\/\\\/fuentesfidedignas.com.mx\\\/?s={search_term_string}\"},\"query-input\":{\"@type\":\"PropertyValueSpecification\",\"valueRequired\":true,\"valueName\":\"search_term_string\"}}],\"inLanguage\":\"es\"},{\"@type\":\"Organization\",\"@id\":\"https:\\\/\\\/fuentesfidedignas.com.mx\\\/#organization\",\"name\":\"Fuentes Fidedignas\",\"url\":\"https:\\\/\\\/fuentesfidedignas.com.mx\\\/\",\"logo\":{\"@type\":\"ImageObject\",\"inLanguage\":\"es\",\"@id\":\"https:\\\/\\\/fuentesfidedignas.com.mx\\\/#\\\/schema\\\/logo\\\/image\\\/\",\"url\":\"https:\\\/\\\/fuentesfidedignas.com.mx\\\/wp-content\\\/uploads\\\/2021\\\/04\\\/logo-retina.png\",\"contentUrl\":\"https:\\\/\\\/fuentesfidedignas.com.mx\\\/wp-content\\\/uploads\\\/2021\\\/04\\\/logo-retina.png\",\"width\":280,\"height\":51,\"caption\":\"Fuentes Fidedignas\"},\"image\":{\"@id\":\"https:\\\/\\\/fuentesfidedignas.com.mx\\\/#\\\/schema\\\/logo\\\/image\\\/\"},\"sameAs\":[\"https:\\\/\\\/www.facebook.com\\\/Fuentes-Fidedignas-368234489921644\",\"https:\\\/\\\/x.com\\\/fidedignas\"]},{\"@type\":\"Person\",\"@id\":\"https:\\\/\\\/fuentesfidedignas.com.mx\\\/#\\\/schema\\\/person\\\/d121cdb5b05da85078ff634900eb8b43\",\"name\":\"UNO TV\",\"image\":{\"@type\":\"ImageObject\",\"inLanguage\":\"es\",\"@id\":\"https:\\\/\\\/secure.gravatar.com\\\/avatar\\\/6b329c442e2a611d9019175d0dc7f1d31dc6459a87e1652726f26e209691b32c?s=96&d=mm&r=g\",\"url\":\"https:\\\/\\\/secure.gravatar.com\\\/avatar\\\/6b329c442e2a611d9019175d0dc7f1d31dc6459a87e1652726f26e209691b32c?s=96&d=mm&r=g\",\"contentUrl\":\"https:\\\/\\\/secure.gravatar.com\\\/avatar\\\/6b329c442e2a611d9019175d0dc7f1d31dc6459a87e1652726f26e209691b32c?s=96&d=mm&r=g\",\"caption\":\"UNO TV\"},\"url\":\"https:\\\/\\\/fuentesfidedignas.com.mx\\\/index.php\\\/author\\\/unotv\\\/\"}]}<\/script>\n<!-- \/ Yoast SEO plugin. -->","yoast_head_json":{"title":"La cuenta regresiva lleg\u00f3 a su fin: m\u00e1s de 23 millones regresan a clases hoy 31 de agosto - Fuentes Fidedignas","robots":{"index":"index","follow":"follow","max-snippet":"max-snippet:-1","max-image-preview":"max-image-preview:large","max-video-preview":"max-video-preview:-1"},"canonical":"https:\/\/fuentesfidedignas.com.mx\/index.php\/2026\/08\/31\/la-cuenta-regresiva-llego-a-su-fin-mas-de-23-millones-regresan-a-clases-hoy-31-de-agosto\/","og_locale":"es_MX","og_type":"article","og_title":"La cuenta regresiva lleg\u00f3 a su fin: m\u00e1s de 23 millones regresan a clases hoy 31 de agosto - Fuentes Fidedignas","og_description":"M\u00e1s de 23 millones de estudiantes regresar\u00e1n a clases hoy lunes 31 de agosto, fecha establecida por la Secretar\u00eda de Educaci\u00f3n P\u00fablica (SEP) para el inicio del ciclo escolar 2026-2027 en educaci\u00f3n b\u00e1sica. La SEP inform\u00f3 que m\u00e1s de 23 millones de ni\u00f1as, ni\u00f1os y adolescentes regresar\u00e1n a las aulas con el inicio del ciclo [&hellip;]","og_url":"https:\/\/fuentesfidedignas.com.mx\/index.php\/2026\/08\/31\/la-cuenta-regresiva-llego-a-su-fin-mas-de-23-millones-regresan-a-clases-hoy-31-de-agosto\/","og_site_name":"Fuentes Fidedignas","article_publisher":"https:\/\/www.facebook.com\/Fuentes-Fidedignas-368234489921644","article_published_time":"2026-08-31T13:35:48+00:00","article_modified_time":"2026-08-31T13:38:40+00:00","og_image":[{"width":768,"height":479,"url":"https:\/\/fuentesfidedignas.com.mx\/wp-content\/uploads\/2023\/04\/regreso-a-clases.jpg","type":"image\/jpeg"}],"author":"UNO TV","twitter_card":"summary_large_image","twitter_creator":"@fidedignas","twitter_site":"@fidedignas","twitter_misc":{"Escrito por":"UNO TV","Tiempo de lectura":"2 minutos"},"schema":{"@context":"https:\/\/schema.org","@graph":[{"@type":"Article","@id":"https:\/\/fuentesfidedignas.com.mx\/index.php\/2026\/08\/31\/la-cuenta-regresiva-llego-a-su-fin-mas-de-23-millones-regresan-a-clases-hoy-31-de-agosto\/#article","isPartOf":{"@id":"https:\/\/fuentesfidedignas.com.mx\/index.php\/2026\/08\/31\/la-cuenta-regresiva-llego-a-su-fin-mas-de-23-millones-regresan-a-clases-hoy-31-de-agosto\/"},"author":{"name":"UNO TV","@id":"https:\/\/fuentesfidedignas.com.mx\/#\/schema\/person\/d121cdb5b05da85078ff634900eb8b43"},"headline":"La cuenta regresiva lleg\u00f3 a su fin: m\u00e1s de 23 millones regresan a clases hoy 31 de agosto","datePublished":"2026-08-31T13:35:48+00:00","dateModified":"2026-08-31T13:38:40+00:00","mainEntityOfPage":{"@id":"https:\/\/fuentesfidedignas.com.mx\/index.php\/2026\/08\/31\/la-cuenta-regresiva-llego-a-su-fin-mas-de-23-millones-regresan-a-clases-hoy-31-de-agosto\/"},"wordCount":233,"commentCount":0,"publisher":{"@id":"https:\/\/fuentesfidedignas.com.mx\/#organization"},"image":{"@id":"https:\/\/fuentesfidedignas.com.mx\/index.php\/2026\/08\/31\/la-cuenta-regresiva-llego-a-su-fin-mas-de-23-millones-regresan-a-clases-hoy-31-de-agosto\/#primaryimage"},"thumbnailUrl":"https:\/\/fuentesfidedignas.com.mx\/wp-content\/uploads\/2023\/04\/regreso-a-clases.jpg","articleSection":["NOTA PRINCIPAL"],"inLanguage":"es","potentialAction":[{"@type":"CommentAction","name":"Comment","target":["https:\/\/fuentesfidedignas.com.mx\/index.php\/2026\/08\/31\/la-cuenta-regresiva-llego-a-su-fin-mas-de-23-millones-regresan-a-clases-hoy-31-de-agosto\/#respond"]}]},{"@type":"WebPage","@id":"https:\/\/fuentesfidedignas.com.mx\/index.php\/2026\/08\/31\/la-cuenta-regresiva-llego-a-su-fin-mas-de-23-millones-regresan-a-clases-hoy-31-de-agosto\/","url":"https:\/\/fuentesfidedignas.com.mx\/index.php\/2026\/08\/31\/la-cuenta-regresiva-llego-a-su-fin-mas-de-23-millones-regresan-a-clases-hoy-31-de-agosto\/","name":"La cuenta regresiva lleg\u00f3 a su fin: m\u00e1s de 23 millones regresan a clases hoy 31 de agosto - Fuentes Fidedignas","isPartOf":{"@id":"https:\/\/fuentesfidedignas.com.mx\/#website"},"primaryImageOfPage":{"@id":"https:\/\/fuentesfidedignas.com.mx\/index.php\/2026\/08\/31\/la-cuenta-regresiva-llego-a-su-fin-mas-de-23-millones-regresan-a-clases-hoy-31-de-agosto\/#primaryimage"},"image":{"@id":"https:\/\/fuentesfidedignas.com.mx\/index.php\/2026\/08\/31\/la-cuenta-regresiva-llego-a-su-fin-mas-de-23-millones-regresan-a-clases-hoy-31-de-agosto\/#primaryimage"},"thumbnailUrl":"https:\/\/fuentesfidedignas.com.mx\/wp-content\/uploads\/2023\/04\/regreso-a-clases.jpg","datePublished":"2026-08-31T13:35:48+00:00","dateModified":"2026-08-31T13:38:40+00:00","breadcrumb":{"@id":"https:\/\/fuentesfidedignas.com.mx\/index.php\/2026\/08\/31\/la-cuenta-regresiva-llego-a-su-fin-mas-de-23-millones-regresan-a-clases-hoy-31-de-agosto\/#breadcrumb"},"inLanguage":"es","potentialAction":[{"@type":"ReadAction","target":["https:\/\/fuentesfidedignas.com.mx\/index.php\/2026\/08\/31\/la-cuenta-regresiva-llego-a-su-fin-mas-de-23-millones-regresan-a-clases-hoy-31-de-agosto\/"]}]},{"@type":"ImageObject","inLanguage":"es","@id":"https:\/\/fuentesfidedignas.com.mx\/index.php\/2026\/08\/31\/la-cuenta-regresiva-llego-a-su-fin-mas-de-23-millones-regresan-a-clases-hoy-31-de-agosto\/#primaryimage","url":"https:\/\/fuentesfidedignas.com.mx\/wp-content\/uploads\/2023\/04\/regreso-a-clases.jpg","contentUrl":"https:\/\/fuentesfidedignas.com.mx\/wp-content\/uploads\/2023\/04\/regreso-a-clases.jpg","width":768,"height":479},{"@type":"BreadcrumbList","@id":"https:\/\/fuentesfidedignas.com.mx\/index.php\/2026\/08\/31\/la-cuenta-regresiva-llego-a-su-fin-mas-de-23-millones-regresan-a-clases-hoy-31-de-agosto\/#breadcrumb","itemListElement":[{"@type":"ListItem","position":1,"name":"Inicio","item":"https:\/\/fuentesfidedignas.com.mx\/"},{"@type":"ListItem","position":2,"name":"La cuenta regresiva lleg\u00f3 a su fin: m\u00e1s de 23 millones regresan a clases hoy 31 de agosto"}]},{"@type":"WebSite","@id":"https:\/\/fuentesfidedignas.com.mx\/#website","url":"https:\/\/fuentesfidedignas.com.mx\/","name":"Fuentes Fidedignas","description":"Otro sitio realizado con WordPress","publisher":{"@id":"https:\/\/fuentesfidedignas.com.mx\/#organization"},"potentialAction":[{"@type":"SearchAction","target":{"@type":"EntryPoint","urlTemplate":"https:\/\/fuentesfidedignas.com.mx\/?s={search_term_string}"},"query-input":{"@type":"PropertyValueSpecification","valueRequired":true,"valueName":"search_term_string"}}],"inLanguage":"es"},{"@type":"Organization","@id":"https:\/\/fuentesfidedignas.com.mx\/#organization","name":"Fuentes Fidedignas","url":"https:\/\/fuentesfidedignas.com.mx\/","logo":{"@type":"ImageObject","inLanguage":"es","@id":"https:\/\/fuentesfidedignas.com.mx\/#\/schema\/logo\/image\/","url":"https:\/\/fuentesfidedignas.com.mx\/wp-content\/uploads\/2021\/04\/logo-retina.png","contentUrl":"https:\/\/fuentesfidedignas.com.mx\/wp-content\/uploads\/2021\/04\/logo-retina.png","width":280,"height":51,"caption":"Fuentes Fidedignas"},"image":{"@id":"https:\/\/fuentesfidedignas.com.mx\/#\/schema\/logo\/image\/"},"sameAs":["https:\/\/www.facebook.com\/Fuentes-Fidedignas-368234489921644","https:\/\/x.com\/fidedignas"]},{"@type":"Person","@id":"https:\/\/fuentesfidedignas.com.mx\/#\/schema\/person\/d121cdb5b05da85078ff634900eb8b43","name":"UNO TV","image":{"@type":"ImageObject","inLanguage":"es","@id":"https:\/\/secure.gravatar.com\/avatar\/6b329c442e2a611d9019175d0dc7f1d31dc6459a87e1652726f26e209691b32c?s=96&d=mm&r=g","url":"https:\/\/secure.gravatar.com\/avatar\/6b329c442e2a611d9019175d0dc7f1d31dc6459a87e1652726f26e209691b32c?s=96&d=mm&r=g","contentUrl":"https:\/\/secure.gravatar.com\/avatar\/6b329c442e2a611d9019175d0dc7f1d31dc6459a87e1652726f26e209691b32c?s=96&d=mm&r=g","caption":"UNO TV"},"url":"https:\/\/fuentesfidedignas.com.mx\/index.php\/author\/unotv\/"}]}},"_links":{"self":[{"href":"https:\/\/fuentesfidedignas.com.mx\/index.php\/wp-json\/wp\/v2\/posts\/141253","targetHints":{"allow":["GET"]}}],"collection":[{"href":"https:\/\/fuentesfidedignas.com.mx\/index.php\/wp-json\/wp\/v2\/posts"}],"about":[{"href":"https:\/\/fuentesfidedignas.com.mx\/index.php\/wp-json\/wp\/v2\/types\/post"}],"author":[{"embeddable":true,"href":"https:\/\/fuentesfidedignas.com.mx\/index.php\/wp-json\/wp\/v2\/users\/33"}],"replies":[{"embeddable":true,"href":"https:\/\/fuentesfidedignas.com.mx\/index.php\/wp-json\/wp\/v2\/comments?post=141253"}],"version-history":[{"count":2,"href":"https:\/\/fuentesfidedignas.com.mx\/index.php\/wp-json\/wp\/v2\/posts\/141253\/revisions"}],"predecessor-version":[{"id":141255,"href":"https:\/\/fuentesfidedignas.com.mx\/index.php\/wp-json\/wp\/v2\/posts\/141253\/revisions\/141255"}],"wp:featuredmedia":[{"embeddable":true,"href":"https:\/\/fuentesfidedignas.com.mx\/index.php\/wp-json\/wp\/v2\/media\/44718"}],"wp:attachment":[{"href":"https:\/\/fuentesfidedignas.com.mx\/index.php\/wp-json\/wp\/v2\/media?parent=141253"}],"wp:term":[{"taxonomy":"category","embeddable":true,"href":"https:\/\/fuentesfidedignas.com.mx\/index.php\/wp-json\/wp\/v2\/categories?post=141253"},{"taxonomy":"post_tag","embeddable":true,"href":"https:\/\/fuentesfidedignas.com.mx\/index.php\/wp-json\/wp\/v2\/tags?post=141253"}],"curies":[{"name":"wp","href":"https:\/\/api.w.org\/{rel}","templated":true}]}}