{"id":141245,"date":"2026-08-31T06:13:04","date_gmt":"2026-08-31T13:13:04","guid":{"rendered":"https:\/\/fuentesfidedignas.com.mx\/?p=141245"},"modified":"2026-08-31T06:13:08","modified_gmt":"2026-08-31T13:13:08","slug":"asiste-la-gobernadora-graciela-dominguez-a-semifinal-del-concurso-mexico-canta-en-el-teatro-angela-peralta","status":"publish","type":"post","link":"https:\/\/fuentesfidedignas.com.mx\/index.php\/2026\/08\/31\/asiste-la-gobernadora-graciela-dominguez-a-semifinal-del-concurso-mexico-canta-en-el-teatro-angela-peralta\/","title":{"rendered":"Asiste la gobernadora Graciela Dom\u00ednguez a semifinal del concurso M\u00e9xico Canta, en el teatro \u00c1ngela Peralta"},"content":{"rendered":"\n<p class=\"wp-block-paragraph\"><strong><em>Disfruta junto con el p\u00fablico mazatleco del talento de j\u00f3venes cantantes mexicanos.<\/em><\/strong><\/p>\n\n\n\n<p class=\"wp-block-paragraph\">Mazatl\u00e1n, Sin.- La gobernadora de Sinaloa, Graciela Dom\u00ednguez Nava, asisti\u00f3 como invitada especial al teatro \u00c1ngela Peralta, para presenciar junto a las autoridades de Cultura federal la semifinal del concurso M\u00e9xico Canta, acompa\u00f1ada por Antonio Z\u00fa\u00f1iga Chaparro, Director General de Vinculaci\u00f3n Cultural de la Secretar\u00eda de Cultura del Gobierno Federal, en representaci\u00f3n de la titular, Claudia Curiel de Icaza.<\/p>\n\n\n\n<p class=\"wp-block-paragraph\">Ante un lleno total del inmueble, la gobernadora disfrut\u00f3 del evento junto con las y los mazatlecos asistentes, quienes apreciaron el gran talento de las y los j\u00f3venes cantantes mexicanos que interpretaron diversos temas de m\u00fasica regional mexicana.<\/p>\n\n\n\n<p class=\"wp-block-paragraph\">Previo al musical, la titular del Poder Ejecutivo intercambi\u00f3 paquetes de libros con la Secretaria de Cultura Federal, Claudia Curiel de Icaza, con contenidos acerca de la cultura sinaloense.<\/p>\n\n\n\n<p class=\"wp-block-paragraph\">El concurso M\u00e9xico Canta promueve la m\u00fasica y la paz, es organizado por el Gobierno Federal a trav\u00e9s de la Secretar\u00eda de Cultura y en coordinaci\u00f3n con el Consejo Mexicano de la M\u00fasica, para impulsar a j\u00f3venes cantantes de entre 18 y 29 a\u00f1os de edad que incursionan en el g\u00e9nero regional mexicano.<\/p>\n\n\n\n<p class=\"wp-block-paragraph\">Los participantes semifinalistas fueron Luna L\u00f3pez, Belle, la Malixita, F\u00e1tima Cuevas, Bilhan Morales, Emi Mac\u00edas, Bryan Soto y Grecia Delgado, de distintos estados del pa\u00eds, quienes deleitaron a los presentes con composiciones propias, pasando a la final por votaci\u00f3n del p\u00fablico, Bryan Soto, Belle la Malixita y Luna L\u00f3pez<\/p>\n\n\n\n<p class=\"wp-block-paragraph\">El evento, que cont\u00f3 con la participaci\u00f3n del cantante sonorense Kakalo, cerr\u00f3 con la presentaci\u00f3n de la Arrolladora Banda El Lim\u00f3n, de Ren\u00e9 Camacho.<\/p>\n\n\n\n<p class=\"wp-block-paragraph\">Asistieron tambi\u00e9n el director del Instituto Sinaloense de la Cultura, Juan Avil\u00e9s Ochoa; Mireya Sosa Osuna, Secretaria de Turismo, la alcaldesa de Mazatl\u00e1n, Minerva Osuna Zavala, entre otras personalidades.<\/p>\n","protected":false},"excerpt":{"rendered":"<p>Disfruta junto con el p\u00fablico mazatleco del talento de j\u00f3venes cantantes mexicanos. Mazatl\u00e1n, Sin.- La gobernadora de Sinaloa, Graciela Dom\u00ednguez Nava, asisti\u00f3 como invitada especial al teatro \u00c1ngela Peralta, para presenciar junto a las autoridades de Cultura federal la semifinal del concurso M\u00e9xico Canta, acompa\u00f1ada por Antonio Z\u00fa\u00f1iga Chaparro, Director General de Vinculaci\u00f3n Cultural de [&hellip;]<\/p>\n","protected":false},"author":4,"featured_media":141246,"comment_status":"open","ping_status":"open","sticky":false,"template":"","format":"standard","meta":{"tdm_status":"","tdm_grid_status":"","footnotes":""},"categories":[38],"tags":[],"class_list":["post-141245","post","type-post","status-publish","format-standard","has-post-thumbnail","category-noticias-locales"],"yoast_head":"<!-- This site is optimized with the Yoast SEO plugin v28.3 - https:\/\/yoast.com\/product\/yoast-seo-wordpress\/ -->\n<title>Asiste la gobernadora Graciela Dom\u00ednguez a semifinal del concurso M\u00e9xico Canta, en el teatro \u00c1ngela Peralta - Fuentes Fidedignas<\/title>\n<meta name=\"robots\" content=\"index, follow, max-snippet:-1, max-image-preview:large, max-video-preview:-1\" \/>\n<link rel=\"canonical\" href=\"https:\/\/fuentesfidedignas.com.mx\/index.php\/2026\/08\/31\/asiste-la-gobernadora-graciela-dominguez-a-semifinal-del-concurso-mexico-canta-en-el-teatro-angela-peralta\/\" \/>\n<meta property=\"og:locale\" content=\"es_MX\" \/>\n<meta property=\"og:type\" content=\"article\" \/>\n<meta property=\"og:title\" content=\"Asiste la gobernadora Graciela Dom\u00ednguez a semifinal del concurso M\u00e9xico Canta, en el teatro \u00c1ngela Peralta - Fuentes Fidedignas\" \/>\n<meta property=\"og:description\" content=\"Disfruta junto con el p\u00fablico mazatleco del talento de j\u00f3venes cantantes mexicanos. Mazatl\u00e1n, Sin.- La gobernadora de Sinaloa, Graciela Dom\u00ednguez Nava, asisti\u00f3 como invitada especial al teatro \u00c1ngela Peralta, para presenciar junto a las autoridades de Cultura federal la semifinal del concurso M\u00e9xico Canta, acompa\u00f1ada por Antonio Z\u00fa\u00f1iga Chaparro, Director General de Vinculaci\u00f3n Cultural de [&hellip;]\" \/>\n<meta property=\"og:url\" content=\"https:\/\/fuentesfidedignas.com.mx\/index.php\/2026\/08\/31\/asiste-la-gobernadora-graciela-dominguez-a-semifinal-del-concurso-mexico-canta-en-el-teatro-angela-peralta\/\" \/>\n<meta property=\"og:site_name\" content=\"Fuentes Fidedignas\" \/>\n<meta property=\"article:publisher\" content=\"https:\/\/www.facebook.com\/Fuentes-Fidedignas-368234489921644\" \/>\n<meta property=\"article:published_time\" content=\"2026-08-31T13:13:04+00:00\" \/>\n<meta property=\"article:modified_time\" content=\"2026-08-31T13:13:08+00:00\" \/>\n<meta property=\"og:image\" content=\"https:\/\/fuentesfidedignas.com.mx\/wp-content\/uploads\/2026\/08\/WhatsApp-Image-2026-08-30-at-8.51.06-PM.jpeg\" \/>\n\t<meta property=\"og:image:width\" content=\"500\" \/>\n\t<meta property=\"og:image:height\" content=\"333\" \/>\n\t<meta property=\"og:image:type\" content=\"image\/jpeg\" \/>\n<meta name=\"author\" content=\"Redacci\u00f3n\" \/>\n<meta name=\"twitter:card\" content=\"summary_large_image\" \/>\n<meta name=\"twitter:creator\" content=\"@fidedignas\" \/>\n<meta name=\"twitter:site\" content=\"@fidedignas\" \/>\n<meta name=\"twitter:label1\" content=\"Escrito por\" \/>\n\t<meta name=\"twitter:data1\" content=\"Redacci\u00f3n\" \/>\n\t<meta name=\"twitter:label2\" content=\"Tiempo de lectura\" \/>\n\t<meta name=\"twitter:data2\" content=\"2 minutos\" \/>\n<script type=\"application\/ld+json\" class=\"yoast-schema-graph\">{\"@context\":\"https:\\\/\\\/schema.org\",\"@graph\":[{\"@type\":\"Article\",\"@id\":\"https:\\\/\\\/fuentesfidedignas.com.mx\\\/index.php\\\/2026\\\/08\\\/31\\\/asiste-la-gobernadora-graciela-dominguez-a-semifinal-del-concurso-mexico-canta-en-el-teatro-angela-peralta\\\/#article\",\"isPartOf\":{\"@id\":\"https:\\\/\\\/fuentesfidedignas.com.mx\\\/index.php\\\/2026\\\/08\\\/31\\\/asiste-la-gobernadora-graciela-dominguez-a-semifinal-del-concurso-mexico-canta-en-el-teatro-angela-peralta\\\/\"},\"author\":{\"name\":\"Redacci\u00f3n\",\"@id\":\"https:\\\/\\\/fuentesfidedignas.com.mx\\\/#\\\/schema\\\/person\\\/331be9283d37198e2acd5750279085b0\"},\"headline\":\"Asiste la gobernadora Graciela Dom\u00ednguez a semifinal del concurso M\u00e9xico Canta, en el teatro \u00c1ngela Peralta\",\"datePublished\":\"2026-08-31T13:13:04+00:00\",\"dateModified\":\"2026-08-31T13:13:08+00:00\",\"mainEntityOfPage\":{\"@id\":\"https:\\\/\\\/fuentesfidedignas.com.mx\\\/index.php\\\/2026\\\/08\\\/31\\\/asiste-la-gobernadora-graciela-dominguez-a-semifinal-del-concurso-mexico-canta-en-el-teatro-angela-peralta\\\/\"},\"wordCount\":344,\"commentCount\":0,\"publisher\":{\"@id\":\"https:\\\/\\\/fuentesfidedignas.com.mx\\\/#organization\"},\"image\":{\"@id\":\"https:\\\/\\\/fuentesfidedignas.com.mx\\\/index.php\\\/2026\\\/08\\\/31\\\/asiste-la-gobernadora-graciela-dominguez-a-semifinal-del-concurso-mexico-canta-en-el-teatro-angela-peralta\\\/#primaryimage\"},\"thumbnailUrl\":\"https:\\\/\\\/fuentesfidedignas.com.mx\\\/wp-content\\\/uploads\\\/2026\\\/08\\\/WhatsApp-Image-2026-08-30-at-8.51.06-PM.jpeg\",\"articleSection\":[\"NOTICIAS LOCALES\"],\"inLanguage\":\"es\",\"potentialAction\":[{\"@type\":\"CommentAction\",\"name\":\"Comment\",\"target\":[\"https:\\\/\\\/fuentesfidedignas.com.mx\\\/index.php\\\/2026\\\/08\\\/31\\\/asiste-la-gobernadora-graciela-dominguez-a-semifinal-del-concurso-mexico-canta-en-el-teatro-angela-peralta\\\/#respond\"]}]},{\"@type\":\"WebPage\",\"@id\":\"https:\\\/\\\/fuentesfidedignas.com.mx\\\/index.php\\\/2026\\\/08\\\/31\\\/asiste-la-gobernadora-graciela-dominguez-a-semifinal-del-concurso-mexico-canta-en-el-teatro-angela-peralta\\\/\",\"url\":\"https:\\\/\\\/fuentesfidedignas.com.mx\\\/index.php\\\/2026\\\/08\\\/31\\\/asiste-la-gobernadora-graciela-dominguez-a-semifinal-del-concurso-mexico-canta-en-el-teatro-angela-peralta\\\/\",\"name\":\"Asiste la gobernadora Graciela Dom\u00ednguez a semifinal del concurso M\u00e9xico Canta, en el teatro \u00c1ngela Peralta - Fuentes Fidedignas\",\"isPartOf\":{\"@id\":\"https:\\\/\\\/fuentesfidedignas.com.mx\\\/#website\"},\"primaryImageOfPage\":{\"@id\":\"https:\\\/\\\/fuentesfidedignas.com.mx\\\/index.php\\\/2026\\\/08\\\/31\\\/asiste-la-gobernadora-graciela-dominguez-a-semifinal-del-concurso-mexico-canta-en-el-teatro-angela-peralta\\\/#primaryimage\"},\"image\":{\"@id\":\"https:\\\/\\\/fuentesfidedignas.com.mx\\\/index.php\\\/2026\\\/08\\\/31\\\/asiste-la-gobernadora-graciela-dominguez-a-semifinal-del-concurso-mexico-canta-en-el-teatro-angela-peralta\\\/#primaryimage\"},\"thumbnailUrl\":\"https:\\\/\\\/fuentesfidedignas.com.mx\\\/wp-content\\\/uploads\\\/2026\\\/08\\\/WhatsApp-Image-2026-08-30-at-8.51.06-PM.jpeg\",\"datePublished\":\"2026-08-31T13:13:04+00:00\",\"dateModified\":\"2026-08-31T13:13:08+00:00\",\"breadcrumb\":{\"@id\":\"https:\\\/\\\/fuentesfidedignas.com.mx\\\/index.php\\\/2026\\\/08\\\/31\\\/asiste-la-gobernadora-graciela-dominguez-a-semifinal-del-concurso-mexico-canta-en-el-teatro-angela-peralta\\\/#breadcrumb\"},\"inLanguage\":\"es\",\"potentialAction\":[{\"@type\":\"ReadAction\",\"target\":[\"https:\\\/\\\/fuentesfidedignas.com.mx\\\/index.php\\\/2026\\\/08\\\/31\\\/asiste-la-gobernadora-graciela-dominguez-a-semifinal-del-concurso-mexico-canta-en-el-teatro-angela-peralta\\\/\"]}]},{\"@type\":\"ImageObject\",\"inLanguage\":\"es\",\"@id\":\"https:\\\/\\\/fuentesfidedignas.com.mx\\\/index.php\\\/2026\\\/08\\\/31\\\/asiste-la-gobernadora-graciela-dominguez-a-semifinal-del-concurso-mexico-canta-en-el-teatro-angela-peralta\\\/#primaryimage\",\"url\":\"https:\\\/\\\/fuentesfidedignas.com.mx\\\/wp-content\\\/uploads\\\/2026\\\/08\\\/WhatsApp-Image-2026-08-30-at-8.51.06-PM.jpeg\",\"contentUrl\":\"https:\\\/\\\/fuentesfidedignas.com.mx\\\/wp-content\\\/uploads\\\/2026\\\/08\\\/WhatsApp-Image-2026-08-30-at-8.51.06-PM.jpeg\",\"width\":500,\"height\":333},{\"@type\":\"BreadcrumbList\",\"@id\":\"https:\\\/\\\/fuentesfidedignas.com.mx\\\/index.php\\\/2026\\\/08\\\/31\\\/asiste-la-gobernadora-graciela-dominguez-a-semifinal-del-concurso-mexico-canta-en-el-teatro-angela-peralta\\\/#breadcrumb\",\"itemListElement\":[{\"@type\":\"ListItem\",\"position\":1,\"name\":\"Inicio\",\"item\":\"https:\\\/\\\/fuentesfidedignas.com.mx\\\/\"},{\"@type\":\"ListItem\",\"position\":2,\"name\":\"Asiste la gobernadora Graciela Dom\u00ednguez a semifinal del concurso M\u00e9xico Canta, en el teatro \u00c1ngela Peralta\"}]},{\"@type\":\"WebSite\",\"@id\":\"https:\\\/\\\/fuentesfidedignas.com.mx\\\/#website\",\"url\":\"https:\\\/\\\/fuentesfidedignas.com.mx\\\/\",\"name\":\"Fuentes Fidedignas\",\"description\":\"Otro sitio realizado con WordPress\",\"publisher\":{\"@id\":\"https:\\\/\\\/fuentesfidedignas.com.mx\\\/#organization\"},\"potentialAction\":[{\"@type\":\"SearchAction\",\"target\":{\"@type\":\"EntryPoint\",\"urlTemplate\":\"https:\\\/\\\/fuentesfidedignas.com.mx\\\/?s={search_term_string}\"},\"query-input\":{\"@type\":\"PropertyValueSpecification\",\"valueRequired\":true,\"valueName\":\"search_term_string\"}}],\"inLanguage\":\"es\"},{\"@type\":\"Organization\",\"@id\":\"https:\\\/\\\/fuentesfidedignas.com.mx\\\/#organization\",\"name\":\"Fuentes Fidedignas\",\"url\":\"https:\\\/\\\/fuentesfidedignas.com.mx\\\/\",\"logo\":{\"@type\":\"ImageObject\",\"inLanguage\":\"es\",\"@id\":\"https:\\\/\\\/fuentesfidedignas.com.mx\\\/#\\\/schema\\\/logo\\\/image\\\/\",\"url\":\"https:\\\/\\\/fuentesfidedignas.com.mx\\\/wp-content\\\/uploads\\\/2021\\\/04\\\/logo-retina.png\",\"contentUrl\":\"https:\\\/\\\/fuentesfidedignas.com.mx\\\/wp-content\\\/uploads\\\/2021\\\/04\\\/logo-retina.png\",\"width\":280,\"height\":51,\"caption\":\"Fuentes Fidedignas\"},\"image\":{\"@id\":\"https:\\\/\\\/fuentesfidedignas.com.mx\\\/#\\\/schema\\\/logo\\\/image\\\/\"},\"sameAs\":[\"https:\\\/\\\/www.facebook.com\\\/Fuentes-Fidedignas-368234489921644\",\"https:\\\/\\\/x.com\\\/fidedignas\"]},{\"@type\":\"Person\",\"@id\":\"https:\\\/\\\/fuentesfidedignas.com.mx\\\/#\\\/schema\\\/person\\\/331be9283d37198e2acd5750279085b0\",\"name\":\"Redacci\u00f3n\",\"image\":{\"@type\":\"ImageObject\",\"inLanguage\":\"es\",\"@id\":\"https:\\\/\\\/secure.gravatar.com\\\/avatar\\\/f6d8782c11d12b2d4ad3fbb6931aeab5309937a4d6cd2fc9cfaa28a6396a5aec?s=96&d=mm&r=g\",\"url\":\"https:\\\/\\\/secure.gravatar.com\\\/avatar\\\/f6d8782c11d12b2d4ad3fbb6931aeab5309937a4d6cd2fc9cfaa28a6396a5aec?s=96&d=mm&r=g\",\"contentUrl\":\"https:\\\/\\\/secure.gravatar.com\\\/avatar\\\/f6d8782c11d12b2d4ad3fbb6931aeab5309937a4d6cd2fc9cfaa28a6396a5aec?s=96&d=mm&r=g\",\"caption\":\"Redacci\u00f3n\"},\"url\":\"https:\\\/\\\/fuentesfidedignas.com.mx\\\/index.php\\\/author\\\/redaccion\\\/\"}]}<\/script>\n<!-- \/ Yoast SEO plugin. -->","yoast_head_json":{"title":"Asiste la gobernadora Graciela Dom\u00ednguez a semifinal del concurso M\u00e9xico Canta, en el teatro \u00c1ngela Peralta - Fuentes Fidedignas","robots":{"index":"index","follow":"follow","max-snippet":"max-snippet:-1","max-image-preview":"max-image-preview:large","max-video-preview":"max-video-preview:-1"},"canonical":"https:\/\/fuentesfidedignas.com.mx\/index.php\/2026\/08\/31\/asiste-la-gobernadora-graciela-dominguez-a-semifinal-del-concurso-mexico-canta-en-el-teatro-angela-peralta\/","og_locale":"es_MX","og_type":"article","og_title":"Asiste la gobernadora Graciela Dom\u00ednguez a semifinal del concurso M\u00e9xico Canta, en el teatro \u00c1ngela Peralta - Fuentes Fidedignas","og_description":"Disfruta junto con el p\u00fablico mazatleco del talento de j\u00f3venes cantantes mexicanos. Mazatl\u00e1n, Sin.- La gobernadora de Sinaloa, Graciela Dom\u00ednguez Nava, asisti\u00f3 como invitada especial al teatro \u00c1ngela Peralta, para presenciar junto a las autoridades de Cultura federal la semifinal del concurso M\u00e9xico Canta, acompa\u00f1ada por Antonio Z\u00fa\u00f1iga Chaparro, Director General de Vinculaci\u00f3n Cultural de [&hellip;]","og_url":"https:\/\/fuentesfidedignas.com.mx\/index.php\/2026\/08\/31\/asiste-la-gobernadora-graciela-dominguez-a-semifinal-del-concurso-mexico-canta-en-el-teatro-angela-peralta\/","og_site_name":"Fuentes Fidedignas","article_publisher":"https:\/\/www.facebook.com\/Fuentes-Fidedignas-368234489921644","article_published_time":"2026-08-31T13:13:04+00:00","article_modified_time":"2026-08-31T13:13:08+00:00","og_image":[{"width":500,"height":333,"url":"https:\/\/fuentesfidedignas.com.mx\/wp-content\/uploads\/2026\/08\/WhatsApp-Image-2026-08-30-at-8.51.06-PM.jpeg","type":"image\/jpeg"}],"author":"Redacci\u00f3n","twitter_card":"summary_large_image","twitter_creator":"@fidedignas","twitter_site":"@fidedignas","twitter_misc":{"Escrito por":"Redacci\u00f3n","Tiempo de lectura":"2 minutos"},"schema":{"@context":"https:\/\/schema.org","@graph":[{"@type":"Article","@id":"https:\/\/fuentesfidedignas.com.mx\/index.php\/2026\/08\/31\/asiste-la-gobernadora-graciela-dominguez-a-semifinal-del-concurso-mexico-canta-en-el-teatro-angela-peralta\/#article","isPartOf":{"@id":"https:\/\/fuentesfidedignas.com.mx\/index.php\/2026\/08\/31\/asiste-la-gobernadora-graciela-dominguez-a-semifinal-del-concurso-mexico-canta-en-el-teatro-angela-peralta\/"},"author":{"name":"Redacci\u00f3n","@id":"https:\/\/fuentesfidedignas.com.mx\/#\/schema\/person\/331be9283d37198e2acd5750279085b0"},"headline":"Asiste la gobernadora Graciela Dom\u00ednguez a semifinal del concurso M\u00e9xico Canta, en el teatro \u00c1ngela Peralta","datePublished":"2026-08-31T13:13:04+00:00","dateModified":"2026-08-31T13:13:08+00:00","mainEntityOfPage":{"@id":"https:\/\/fuentesfidedignas.com.mx\/index.php\/2026\/08\/31\/asiste-la-gobernadora-graciela-dominguez-a-semifinal-del-concurso-mexico-canta-en-el-teatro-angela-peralta\/"},"wordCount":344,"commentCount":0,"publisher":{"@id":"https:\/\/fuentesfidedignas.com.mx\/#organization"},"image":{"@id":"https:\/\/fuentesfidedignas.com.mx\/index.php\/2026\/08\/31\/asiste-la-gobernadora-graciela-dominguez-a-semifinal-del-concurso-mexico-canta-en-el-teatro-angela-peralta\/#primaryimage"},"thumbnailUrl":"https:\/\/fuentesfidedignas.com.mx\/wp-content\/uploads\/2026\/08\/WhatsApp-Image-2026-08-30-at-8.51.06-PM.jpeg","articleSection":["NOTICIAS LOCALES"],"inLanguage":"es","potentialAction":[{"@type":"CommentAction","name":"Comment","target":["https:\/\/fuentesfidedignas.com.mx\/index.php\/2026\/08\/31\/asiste-la-gobernadora-graciela-dominguez-a-semifinal-del-concurso-mexico-canta-en-el-teatro-angela-peralta\/#respond"]}]},{"@type":"WebPage","@id":"https:\/\/fuentesfidedignas.com.mx\/index.php\/2026\/08\/31\/asiste-la-gobernadora-graciela-dominguez-a-semifinal-del-concurso-mexico-canta-en-el-teatro-angela-peralta\/","url":"https:\/\/fuentesfidedignas.com.mx\/index.php\/2026\/08\/31\/asiste-la-gobernadora-graciela-dominguez-a-semifinal-del-concurso-mexico-canta-en-el-teatro-angela-peralta\/","name":"Asiste la gobernadora Graciela Dom\u00ednguez a semifinal del concurso M\u00e9xico Canta, en el teatro \u00c1ngela Peralta - Fuentes Fidedignas","isPartOf":{"@id":"https:\/\/fuentesfidedignas.com.mx\/#website"},"primaryImageOfPage":{"@id":"https:\/\/fuentesfidedignas.com.mx\/index.php\/2026\/08\/31\/asiste-la-gobernadora-graciela-dominguez-a-semifinal-del-concurso-mexico-canta-en-el-teatro-angela-peralta\/#primaryimage"},"image":{"@id":"https:\/\/fuentesfidedignas.com.mx\/index.php\/2026\/08\/31\/asiste-la-gobernadora-graciela-dominguez-a-semifinal-del-concurso-mexico-canta-en-el-teatro-angela-peralta\/#primaryimage"},"thumbnailUrl":"https:\/\/fuentesfidedignas.com.mx\/wp-content\/uploads\/2026\/08\/WhatsApp-Image-2026-08-30-at-8.51.06-PM.jpeg","datePublished":"2026-08-31T13:13:04+00:00","dateModified":"2026-08-31T13:13:08+00:00","breadcrumb":{"@id":"https:\/\/fuentesfidedignas.com.mx\/index.php\/2026\/08\/31\/asiste-la-gobernadora-graciela-dominguez-a-semifinal-del-concurso-mexico-canta-en-el-teatro-angela-peralta\/#breadcrumb"},"inLanguage":"es","potentialAction":[{"@type":"ReadAction","target":["https:\/\/fuentesfidedignas.com.mx\/index.php\/2026\/08\/31\/asiste-la-gobernadora-graciela-dominguez-a-semifinal-del-concurso-mexico-canta-en-el-teatro-angela-peralta\/"]}]},{"@type":"ImageObject","inLanguage":"es","@id":"https:\/\/fuentesfidedignas.com.mx\/index.php\/2026\/08\/31\/asiste-la-gobernadora-graciela-dominguez-a-semifinal-del-concurso-mexico-canta-en-el-teatro-angela-peralta\/#primaryimage","url":"https:\/\/fuentesfidedignas.com.mx\/wp-content\/uploads\/2026\/08\/WhatsApp-Image-2026-08-30-at-8.51.06-PM.jpeg","contentUrl":"https:\/\/fuentesfidedignas.com.mx\/wp-content\/uploads\/2026\/08\/WhatsApp-Image-2026-08-30-at-8.51.06-PM.jpeg","width":500,"height":333},{"@type":"BreadcrumbList","@id":"https:\/\/fuentesfidedignas.com.mx\/index.php\/2026\/08\/31\/asiste-la-gobernadora-graciela-dominguez-a-semifinal-del-concurso-mexico-canta-en-el-teatro-angela-peralta\/#breadcrumb","itemListElement":[{"@type":"ListItem","position":1,"name":"Inicio","item":"https:\/\/fuentesfidedignas.com.mx\/"},{"@type":"ListItem","position":2,"name":"Asiste la gobernadora Graciela Dom\u00ednguez a semifinal del concurso M\u00e9xico Canta, en el teatro \u00c1ngela Peralta"}]},{"@type":"WebSite","@id":"https:\/\/fuentesfidedignas.com.mx\/#website","url":"https:\/\/fuentesfidedignas.com.mx\/","name":"Fuentes Fidedignas","description":"Otro sitio realizado con WordPress","publisher":{"@id":"https:\/\/fuentesfidedignas.com.mx\/#organization"},"potentialAction":[{"@type":"SearchAction","target":{"@type":"EntryPoint","urlTemplate":"https:\/\/fuentesfidedignas.com.mx\/?s={search_term_string}"},"query-input":{"@type":"PropertyValueSpecification","valueRequired":true,"valueName":"search_term_string"}}],"inLanguage":"es"},{"@type":"Organization","@id":"https:\/\/fuentesfidedignas.com.mx\/#organization","name":"Fuentes Fidedignas","url":"https:\/\/fuentesfidedignas.com.mx\/","logo":{"@type":"ImageObject","inLanguage":"es","@id":"https:\/\/fuentesfidedignas.com.mx\/#\/schema\/logo\/image\/","url":"https:\/\/fuentesfidedignas.com.mx\/wp-content\/uploads\/2021\/04\/logo-retina.png","contentUrl":"https:\/\/fuentesfidedignas.com.mx\/wp-content\/uploads\/2021\/04\/logo-retina.png","width":280,"height":51,"caption":"Fuentes Fidedignas"},"image":{"@id":"https:\/\/fuentesfidedignas.com.mx\/#\/schema\/logo\/image\/"},"sameAs":["https:\/\/www.facebook.com\/Fuentes-Fidedignas-368234489921644","https:\/\/x.com\/fidedignas"]},{"@type":"Person","@id":"https:\/\/fuentesfidedignas.com.mx\/#\/schema\/person\/331be9283d37198e2acd5750279085b0","name":"Redacci\u00f3n","image":{"@type":"ImageObject","inLanguage":"es","@id":"https:\/\/secure.gravatar.com\/avatar\/f6d8782c11d12b2d4ad3fbb6931aeab5309937a4d6cd2fc9cfaa28a6396a5aec?s=96&d=mm&r=g","url":"https:\/\/secure.gravatar.com\/avatar\/f6d8782c11d12b2d4ad3fbb6931aeab5309937a4d6cd2fc9cfaa28a6396a5aec?s=96&d=mm&r=g","contentUrl":"https:\/\/secure.gravatar.com\/avatar\/f6d8782c11d12b2d4ad3fbb6931aeab5309937a4d6cd2fc9cfaa28a6396a5aec?s=96&d=mm&r=g","caption":"Redacci\u00f3n"},"url":"https:\/\/fuentesfidedignas.com.mx\/index.php\/author\/redaccion\/"}]}},"_links":{"self":[{"href":"https:\/\/fuentesfidedignas.com.mx\/index.php\/wp-json\/wp\/v2\/posts\/141245","targetHints":{"allow":["GET"]}}],"collection":[{"href":"https:\/\/fuentesfidedignas.com.mx\/index.php\/wp-json\/wp\/v2\/posts"}],"about":[{"href":"https:\/\/fuentesfidedignas.com.mx\/index.php\/wp-json\/wp\/v2\/types\/post"}],"author":[{"embeddable":true,"href":"https:\/\/fuentesfidedignas.com.mx\/index.php\/wp-json\/wp\/v2\/users\/4"}],"replies":[{"embeddable":true,"href":"https:\/\/fuentesfidedignas.com.mx\/index.php\/wp-json\/wp\/v2\/comments?post=141245"}],"version-history":[{"count":1,"href":"https:\/\/fuentesfidedignas.com.mx\/index.php\/wp-json\/wp\/v2\/posts\/141245\/revisions"}],"predecessor-version":[{"id":141247,"href":"https:\/\/fuentesfidedignas.com.mx\/index.php\/wp-json\/wp\/v2\/posts\/141245\/revisions\/141247"}],"wp:featuredmedia":[{"embeddable":true,"href":"https:\/\/fuentesfidedignas.com.mx\/index.php\/wp-json\/wp\/v2\/media\/141246"}],"wp:attachment":[{"href":"https:\/\/fuentesfidedignas.com.mx\/index.php\/wp-json\/wp\/v2\/media?parent=141245"}],"wp:term":[{"taxonomy":"category","embeddable":true,"href":"https:\/\/fuentesfidedignas.com.mx\/index.php\/wp-json\/wp\/v2\/categories?post=141245"},{"taxonomy":"post_tag","embeddable":true,"href":"https:\/\/fuentesfidedignas.com.mx\/index.php\/wp-json\/wp\/v2\/tags?post=141245"}],"curies":[{"name":"wp","href":"https:\/\/api.w.org\/{rel}","templated":true}]}}