{"id":141236,"date":"2026-08-31T03:37:00","date_gmt":"2026-08-31T10:37:00","guid":{"rendered":"https:\/\/fuentesfidedignas.com.mx\/?p=141236"},"modified":"2026-08-30T17:42:54","modified_gmt":"2026-08-31T00:42:54","slug":"estudio-revela-que-en-el-himalaya-comenzo-a-reverdecer-en-zonas-donde-antes-casi-no-crecian-plantas","status":"publish","type":"post","link":"https:\/\/fuentesfidedignas.com.mx\/index.php\/2026\/08\/31\/estudio-revela-que-en-el-himalaya-comenzo-a-reverdecer-en-zonas-donde-antes-casi-no-crecian-plantas\/","title":{"rendered":"Estudio revela que en El Himalaya comenz\u00f3 a reverdecer en zonas donde antes casi no crec\u00edan plantas"},"content":{"rendered":"\n<p class=\"wp-block-paragraph\"><strong><em>El fen\u00f3meno fue detectado en seis regiones desde Ladakh hasta But\u00e1n y est\u00e1 relacionado con el aumento de temperaturas y los cambios en la cobertura de nieve de las zonas altas<\/em><\/strong><\/p>\n\n\n\n<p class=\"wp-block-paragraph\">El Himalaya est\u00e1 registrando un cambio en sus zonas de mayor altura: plantas que antes ten\u00edan dificultades para desarrollarse est\u00e1n ocupando terrenos cada vez m\u00e1s elevados de la cordillera. Un estudio realizado por investigadores de la Universidad de Exeter, junto con especialistas de Nepal y Suiza, encontr\u00f3 que la l\u00ednea de vegetaci\u00f3n avanz\u00f3 entre 1.42 y 6.95 metros por a\u00f1o entre 1999 y 2022.<\/p>\n\n\n\n<p class=\"wp-block-paragraph\">La investigaci\u00f3n, publicada en la revista cient\u00edfica Ecography, analiz\u00f3 seis regiones del Himalaya para conocer c\u00f3mo hab\u00eda cambiado la distribuci\u00f3n de la vegetaci\u00f3n durante ese periodo. Seg\u00fan la informaci\u00f3n difundida por la Universidad de Exeter, el comportamiento observado est\u00e1 relacionado principalmente con el aumento de las temperaturas y las modificaciones en las condiciones de nieve.<\/p>\n\n\n\n<p class=\"wp-block-paragraph\">El hallazgo no significa que toda la cordillera se est\u00e9 cubriendo de plantas de manera uniforme. Tambi\u00e9n existen zonas donde se ha observado una reducci\u00f3n de la cobertura vegetal. Sin embargo, el desplazamiento de la vegetaci\u00f3n hacia mayores altitudes se suma al retroceso de los glaciares como otra se\u00f1al de que las condiciones ambientales de esta regi\u00f3n est\u00e1n cambiando.<\/p>\n\n\n\n<p class=\"wp-block-paragraph\"><strong>\u00bfQu\u00e9 encontraron los cient\u00edficos en el Himalaya?<\/strong><br>Los investigadores analizaron im\u00e1genes y datos correspondientes a seis regiones de la cordillera para determinar c\u00f3mo hab\u00eda cambiado la llamada l\u00ednea de vegetaci\u00f3n.<\/p>\n\n\n\n<p class=\"wp-block-paragraph\">Este t\u00e9rmino se refiere, de manera general, al l\u00edmite de altura a partir del cual las condiciones ambientales dificultan que determinadas plantas puedan desarrollarse.<\/p>\n\n\n\n<p class=\"wp-block-paragraph\">El estudio encontr\u00f3 que ese l\u00edmite se desplaz\u00f3 hacia zonas m\u00e1s elevadas en las regiones analizadas.<\/p>\n\n\n\n<p class=\"wp-block-paragraph\">La velocidad del cambio no fue igual en todos los sitios. En Manthang, Nepal, se registr\u00f3 uno de los mayores avances, con aproximadamente 7 metros por a\u00f1o.<\/p>\n\n\n\n<p class=\"wp-block-paragraph\">En Khumbu, una regi\u00f3n cercana al Monte Everest, el incremento fue mucho menor, de alrededor de 1.42 metros anuales.<\/p>\n\n\n\n<p class=\"wp-block-paragraph\">Estas diferencias muestran que el fen\u00f3meno no ocurre de la misma manera en toda la cordillera y que existen condiciones locales que pueden modificar la respuesta de la vegetaci\u00f3n.<\/p>\n\n\n\n<p class=\"wp-block-paragraph\"><strong>\u00bfPor qu\u00e9 est\u00e1n creciendo plantas a mayor altura?<\/strong><br>La explicaci\u00f3n principal est\u00e1 relacionada con el calentamiento de las zonas de alta monta\u00f1a.<\/p>\n\n\n\n<p class=\"wp-block-paragraph\">A medida que aumentan las temperaturas, algunos lugares que anteriormente eran demasiado fr\u00edos para determinadas especies pueden presentar condiciones m\u00e1s favorables para su crecimiento.<\/p>\n\n\n\n<p class=\"wp-block-paragraph\">A esto se suman los cambios en la cobertura de nieve.<\/p>\n\n\n\n<p class=\"wp-block-paragraph\">La nieve cumple un papel importante en los ecosistemas de monta\u00f1a. Su presencia, duraci\u00f3n y distribuci\u00f3n influyen en la temperatura del suelo, la disponibilidad de agua y las condiciones en las que pueden desarrollarse las plantas.<\/p>\n\n\n\n<p class=\"wp-block-paragraph\">La doctora Ruolin Leng, del Departamento de Ciencias de la Tierra y el Medio Ambiente de la Universidad de Exeter, explic\u00f3 que las condiciones ambientales est\u00e1n cambiando junto con el clima.<\/p>\n\n\n\n<p class=\"wp-block-paragraph\">\u201cLas condiciones est\u00e1n cambiando con el clima, lo que modifica desde la temperatura hasta la disponibilidad de nutrientes en el Himalaya\u201d, se\u00f1al\u00f3 la investigadora.<\/p>\n\n\n\n<p class=\"wp-block-paragraph\">Esto ayuda a explicar por qu\u00e9 algunas comunidades vegetales pueden establecerse actualmente en lugares donde antes enfrentaban condiciones m\u00e1s dif\u00edciles.<\/p>\n\n\n\n<p class=\"wp-block-paragraph\">El cambio no ocurre de la misma manera en toda la cordillera<br>Aunque el estudio encontr\u00f3 una expansi\u00f3n de la vegetaci\u00f3n en buena parte de las \u00e1reas analizadas, tambi\u00e9n identific\u00f3 comportamientos diferentes.<\/p>\n\n\n\n<p class=\"wp-block-paragraph\">En algunas zonas de Khumbu y But\u00e1n se detectaron \u00e1reas de \u201cpardeamiento\u201d.<\/p>\n\n\n\n<p class=\"wp-block-paragraph\">Este t\u00e9rmino describe una reducci\u00f3n de la cobertura vegetal o cambios en la presencia y composici\u00f3n de la vegetaci\u00f3n.<\/p>\n\n\n\n<p class=\"wp-block-paragraph\">Por eso, hablar de un Himalaya que simplemente \u201cse vuelve verde\u201d puede resultar incompleto.<\/p>\n\n\n\n<p class=\"wp-block-paragraph\">Lo que muestran los datos es una transformaci\u00f3n de la distribuci\u00f3n de las plantas, con zonas donde la vegetaci\u00f3n avanza hacia mayores alturas y otras donde disminuye.<\/p>\n\n\n\n<p class=\"wp-block-paragraph\">La respuesta depende de factores como la temperatura, la nieve, la disponibilidad de agua y las caracter\u00edsticas espec\u00edficas de cada regi\u00f3n.<\/p>\n\n\n\n<p class=\"wp-block-paragraph\"><strong>\u00bfPor qu\u00e9 preocupa este cambio?<\/strong><br>El inter\u00e9s cient\u00edfico no se limita a saber d\u00f3nde est\u00e1n creciendo las plantas.<\/p>\n\n\n\n<p class=\"wp-block-paragraph\">El Himalaya cumple una funci\u00f3n fundamental en la disponibilidad de agua de una extensa regi\u00f3n de Asia. Sus glaciares, nieve y sistemas monta\u00f1osos participan en el suministro de agua de numerosas cuencas.<\/p>\n\n\n\n<p class=\"wp-block-paragraph\">Por esa raz\u00f3n, cualquier transformaci\u00f3n importante en los ecosistemas de alta monta\u00f1a puede tener consecuencias que van m\u00e1s all\u00e1 de la propia vegetaci\u00f3n.<\/p>\n\n\n\n<p class=\"wp-block-paragraph\">El avance de las plantas hacia mayores alturas podr\u00eda modificar la manera en que funcionan determinados ecosistemas y afectar procesos relacionados con el suelo, la nieve y el agua.<\/p>\n\n\n\n<p class=\"wp-block-paragraph\">Los investigadores buscan determinar qu\u00e9 efectos puede tener este desplazamiento a largo plazo.<\/p>\n\n\n\n<p class=\"wp-block-paragraph\"><strong>\u00bfC\u00f3mo podr\u00eda afectar al agua?<\/strong><br>Las plantas influyen en el funcionamiento de los ecosistemas porque intervienen en procesos como la retenci\u00f3n de agua, la humedad del suelo y el intercambio de nutrientes.<\/p>\n\n\n\n<p class=\"wp-block-paragraph\">Cuando las condiciones ambientales cambian y nuevas especies comienzan a ocupar espacios de mayor altura, tambi\u00e9n puede cambiar la relaci\u00f3n entre la vegetaci\u00f3n, el suelo y el agua.<\/p>\n\n\n\n<p class=\"wp-block-paragraph\">En una regi\u00f3n monta\u00f1osa como el Himalaya, esto resulta especialmente importante.<\/p>\n\n\n\n<p class=\"wp-block-paragraph\">Los cambios en las zonas altas pueden repercutir en las cuencas hidrol\u00f3gicas, aunque determinar la magnitud de esos efectos requiere m\u00e1s investigaci\u00f3n.<\/p>\n\n\n\n<p class=\"wp-block-paragraph\">Por ello, los cient\u00edficos consideran necesario continuar observando la evoluci\u00f3n de la vegetaci\u00f3n junto con otros indicadores ambientales, como la temperatura, la nieve y el comportamiento de los glaciares.<\/p>\n\n\n\n<p class=\"wp-block-paragraph\"><strong>El reverdecimiento se suma a otras se\u00f1ales del cambio clim\u00e1tico<\/strong><br>Durante a\u00f1os, el retroceso de los glaciares ha sido uno de los indicadores m\u00e1s visibles de las transformaciones ambientales que enfrenta el Himalaya.<\/p>\n\n\n\n<p class=\"wp-block-paragraph\">Ahora, el desplazamiento de la l\u00ednea de vegetaci\u00f3n ofrece otra forma de observar c\u00f3mo est\u00e1n respondiendo los ecosistemas al cambio de las condiciones clim\u00e1ticas.<\/p>\n\n\n\n<p class=\"wp-block-paragraph\">El estudio abarca un periodo de 24 a\u00f1os, desde 1999 hasta 2022, lo que permite observar que no se trata \u00fanicamente de una variaci\u00f3n puntual.<\/p>\n\n\n\n<p class=\"wp-block-paragraph\">Sin embargo, los investigadores tambi\u00e9n deben considerar que las distintas regiones del Himalaya responden de manera diferente.<\/p>\n\n\n\n<p class=\"wp-block-paragraph\">Por eso, los resultados no permiten afirmar que toda la cordillera est\u00e9 experimentando exactamente el mismo proceso.<\/p>\n\n\n\n<p class=\"wp-block-paragraph\"><strong>\u00bfQu\u00e9 significa para las personas que viven en Asia?<\/strong><br>El Himalaya es una regi\u00f3n fundamental para los sistemas de agua de buena parte de Asia.<\/p>\n\n\n\n<p class=\"wp-block-paragraph\">Millones de personas dependen directa o indirectamente de los recursos h\u00eddricos asociados con sus monta\u00f1as, glaciares, nieve y r\u00edos.<\/p>\n\n\n\n<p class=\"wp-block-paragraph\">Una modificaci\u00f3n sostenida de los ecosistemas de alta monta\u00f1a puede generar cambios en la forma en que se almacena y circula el agua.<\/p>\n\n\n\n<p class=\"wp-block-paragraph\">Esto no significa que el avance de la vegetaci\u00f3n vaya a provocar por s\u00ed mismo una crisis h\u00eddrica inmediata.<\/p>\n\n\n\n<p class=\"wp-block-paragraph\">El punto central de la investigaci\u00f3n es que los cambios en la vegetaci\u00f3n pueden servir como un indicador de transformaciones ambientales m\u00e1s amplias que deben ser estudiadas para conocer sus efectos futuros.<\/p>\n\n\n\n<p class=\"wp-block-paragraph\"><strong>\u00bfQu\u00e9 sigue despu\u00e9s de este estudio?<\/strong><br>Los cient\u00edficos continuar\u00e1n analizando c\u00f3mo interact\u00faan el calentamiento, la nieve, la vegetaci\u00f3n y el agua en las distintas regiones del Himalaya.<\/p>\n\n\n\n<p class=\"wp-block-paragraph\">El objetivo ser\u00e1 determinar si el desplazamiento de las plantas hacia mayores alturas se mantiene durante las pr\u00f3ximas d\u00e9cadas y qu\u00e9 consecuencias puede tener para los ecosistemas.<\/p>\n\n\n\n<p class=\"wp-block-paragraph\">Tambi\u00e9n ser\u00e1 necesario estudiar las zonas donde se est\u00e1 produciendo el fen\u00f3meno contrario, como las \u00e1reas de pardeamiento detectadas en partes de Khumbu y But\u00e1n.<\/p>\n\n\n\n<p class=\"wp-block-paragraph\">El Himalaya, por tanto, no solo est\u00e1 mostrando cambios en sus glaciares. La transformaci\u00f3n de la vegetaci\u00f3n ofrece otra se\u00f1al de que las condiciones de una de las principales cordilleras del planeta est\u00e1n cambiando, con posibles implicaciones para los ecosistemas y los sistemas de agua de los que dependen millones de personas.<\/p>\n\n\n\n<p class=\"wp-block-paragraph\"><\/p>\n","protected":false},"excerpt":{"rendered":"<p>El fen\u00f3meno fue detectado en seis regiones desde Ladakh hasta But\u00e1n y est\u00e1 relacionado con el aumento de temperaturas y los cambios en la cobertura de nieve de las zonas altas El Himalaya est\u00e1 registrando un cambio en sus zonas de mayor altura: plantas que antes ten\u00edan dificultades para desarrollarse est\u00e1n ocupando terrenos cada vez [&hellip;]<\/p>\n","protected":false},"author":40,"featured_media":141237,"comment_status":"open","ping_status":"open","sticky":false,"template":"","format":"standard","meta":{"tdm_status":"","tdm_grid_status":"","footnotes":""},"categories":[40],"tags":[],"class_list":["post-141236","post","type-post","status-publish","format-standard","has-post-thumbnail","category-las-asombrosas"],"yoast_head":"<!-- This site is optimized with the Yoast SEO plugin v28.3 - https:\/\/yoast.com\/product\/yoast-seo-wordpress\/ -->\n<title>Estudio revela que en El Himalaya comenz\u00f3 a reverdecer en zonas donde antes casi no crec\u00edan plantas - Fuentes Fidedignas<\/title>\n<meta name=\"robots\" content=\"index, follow, max-snippet:-1, max-image-preview:large, max-video-preview:-1\" \/>\n<link rel=\"canonical\" href=\"https:\/\/fuentesfidedignas.com.mx\/index.php\/2026\/08\/31\/estudio-revela-que-en-el-himalaya-comenzo-a-reverdecer-en-zonas-donde-antes-casi-no-crecian-plantas\/\" \/>\n<meta property=\"og:locale\" content=\"es_MX\" \/>\n<meta property=\"og:type\" content=\"article\" \/>\n<meta property=\"og:title\" content=\"Estudio revela que en El Himalaya comenz\u00f3 a reverdecer en zonas donde antes casi no crec\u00edan plantas - Fuentes Fidedignas\" \/>\n<meta property=\"og:description\" content=\"El fen\u00f3meno fue detectado en seis regiones desde Ladakh hasta But\u00e1n y est\u00e1 relacionado con el aumento de temperaturas y los cambios en la cobertura de nieve de las zonas altas El Himalaya est\u00e1 registrando un cambio en sus zonas de mayor altura: plantas que antes ten\u00edan dificultades para desarrollarse est\u00e1n ocupando terrenos cada vez [&hellip;]\" \/>\n<meta property=\"og:url\" content=\"https:\/\/fuentesfidedignas.com.mx\/index.php\/2026\/08\/31\/estudio-revela-que-en-el-himalaya-comenzo-a-reverdecer-en-zonas-donde-antes-casi-no-crecian-plantas\/\" \/>\n<meta property=\"og:site_name\" content=\"Fuentes Fidedignas\" \/>\n<meta property=\"article:publisher\" content=\"https:\/\/www.facebook.com\/Fuentes-Fidedignas-368234489921644\" \/>\n<meta property=\"article:published_time\" content=\"2026-08-31T10:37:00+00:00\" \/>\n<meta property=\"og:image\" content=\"https:\/\/fuentesfidedignas.com.mx\/wp-content\/uploads\/2026\/08\/himalaya.jpg\" \/>\n\t<meta property=\"og:image:width\" content=\"500\" \/>\n\t<meta property=\"og:image:height\" content=\"333\" \/>\n\t<meta property=\"og:image:type\" content=\"image\/jpeg\" \/>\n<meta name=\"author\" content=\"El Imparcial\" \/>\n<meta name=\"twitter:card\" content=\"summary_large_image\" \/>\n<meta name=\"twitter:creator\" content=\"@fidedignas\" \/>\n<meta name=\"twitter:site\" content=\"@fidedignas\" \/>\n<meta name=\"twitter:label1\" content=\"Escrito por\" \/>\n\t<meta name=\"twitter:data1\" content=\"El Imparcial\" \/>\n\t<meta name=\"twitter:label2\" content=\"Tiempo de lectura\" \/>\n\t<meta name=\"twitter:data2\" content=\"6 minutos\" \/>\n<script type=\"application\/ld+json\" class=\"yoast-schema-graph\">{\"@context\":\"https:\\\/\\\/schema.org\",\"@graph\":[{\"@type\":\"Article\",\"@id\":\"https:\\\/\\\/fuentesfidedignas.com.mx\\\/index.php\\\/2026\\\/08\\\/31\\\/estudio-revela-que-en-el-himalaya-comenzo-a-reverdecer-en-zonas-donde-antes-casi-no-crecian-plantas\\\/#article\",\"isPartOf\":{\"@id\":\"https:\\\/\\\/fuentesfidedignas.com.mx\\\/index.php\\\/2026\\\/08\\\/31\\\/estudio-revela-que-en-el-himalaya-comenzo-a-reverdecer-en-zonas-donde-antes-casi-no-crecian-plantas\\\/\"},\"author\":{\"name\":\"El Imparcial\",\"@id\":\"https:\\\/\\\/fuentesfidedignas.com.mx\\\/#\\\/schema\\\/person\\\/ff4db17f8fd9c584e0cfc2a0c436b8a1\"},\"headline\":\"Estudio revela que en El Himalaya comenz\u00f3 a reverdecer en zonas donde antes casi no crec\u00edan plantas\",\"datePublished\":\"2026-08-31T10:37:00+00:00\",\"mainEntityOfPage\":{\"@id\":\"https:\\\/\\\/fuentesfidedignas.com.mx\\\/index.php\\\/2026\\\/08\\\/31\\\/estudio-revela-que-en-el-himalaya-comenzo-a-reverdecer-en-zonas-donde-antes-casi-no-crecian-plantas\\\/\"},\"wordCount\":1385,\"commentCount\":0,\"publisher\":{\"@id\":\"https:\\\/\\\/fuentesfidedignas.com.mx\\\/#organization\"},\"image\":{\"@id\":\"https:\\\/\\\/fuentesfidedignas.com.mx\\\/index.php\\\/2026\\\/08\\\/31\\\/estudio-revela-que-en-el-himalaya-comenzo-a-reverdecer-en-zonas-donde-antes-casi-no-crecian-plantas\\\/#primaryimage\"},\"thumbnailUrl\":\"https:\\\/\\\/fuentesfidedignas.com.mx\\\/wp-content\\\/uploads\\\/2026\\\/08\\\/himalaya.jpg\",\"articleSection\":[\"LAS ASOMBROSAS\"],\"inLanguage\":\"es\",\"potentialAction\":[{\"@type\":\"CommentAction\",\"name\":\"Comment\",\"target\":[\"https:\\\/\\\/fuentesfidedignas.com.mx\\\/index.php\\\/2026\\\/08\\\/31\\\/estudio-revela-que-en-el-himalaya-comenzo-a-reverdecer-en-zonas-donde-antes-casi-no-crecian-plantas\\\/#respond\"]}]},{\"@type\":\"WebPage\",\"@id\":\"https:\\\/\\\/fuentesfidedignas.com.mx\\\/index.php\\\/2026\\\/08\\\/31\\\/estudio-revela-que-en-el-himalaya-comenzo-a-reverdecer-en-zonas-donde-antes-casi-no-crecian-plantas\\\/\",\"url\":\"https:\\\/\\\/fuentesfidedignas.com.mx\\\/index.php\\\/2026\\\/08\\\/31\\\/estudio-revela-que-en-el-himalaya-comenzo-a-reverdecer-en-zonas-donde-antes-casi-no-crecian-plantas\\\/\",\"name\":\"Estudio revela que en El Himalaya comenz\u00f3 a reverdecer en zonas donde antes casi no crec\u00edan plantas - Fuentes Fidedignas\",\"isPartOf\":{\"@id\":\"https:\\\/\\\/fuentesfidedignas.com.mx\\\/#website\"},\"primaryImageOfPage\":{\"@id\":\"https:\\\/\\\/fuentesfidedignas.com.mx\\\/index.php\\\/2026\\\/08\\\/31\\\/estudio-revela-que-en-el-himalaya-comenzo-a-reverdecer-en-zonas-donde-antes-casi-no-crecian-plantas\\\/#primaryimage\"},\"image\":{\"@id\":\"https:\\\/\\\/fuentesfidedignas.com.mx\\\/index.php\\\/2026\\\/08\\\/31\\\/estudio-revela-que-en-el-himalaya-comenzo-a-reverdecer-en-zonas-donde-antes-casi-no-crecian-plantas\\\/#primaryimage\"},\"thumbnailUrl\":\"https:\\\/\\\/fuentesfidedignas.com.mx\\\/wp-content\\\/uploads\\\/2026\\\/08\\\/himalaya.jpg\",\"datePublished\":\"2026-08-31T10:37:00+00:00\",\"breadcrumb\":{\"@id\":\"https:\\\/\\\/fuentesfidedignas.com.mx\\\/index.php\\\/2026\\\/08\\\/31\\\/estudio-revela-que-en-el-himalaya-comenzo-a-reverdecer-en-zonas-donde-antes-casi-no-crecian-plantas\\\/#breadcrumb\"},\"inLanguage\":\"es\",\"potentialAction\":[{\"@type\":\"ReadAction\",\"target\":[\"https:\\\/\\\/fuentesfidedignas.com.mx\\\/index.php\\\/2026\\\/08\\\/31\\\/estudio-revela-que-en-el-himalaya-comenzo-a-reverdecer-en-zonas-donde-antes-casi-no-crecian-plantas\\\/\"]}]},{\"@type\":\"ImageObject\",\"inLanguage\":\"es\",\"@id\":\"https:\\\/\\\/fuentesfidedignas.com.mx\\\/index.php\\\/2026\\\/08\\\/31\\\/estudio-revela-que-en-el-himalaya-comenzo-a-reverdecer-en-zonas-donde-antes-casi-no-crecian-plantas\\\/#primaryimage\",\"url\":\"https:\\\/\\\/fuentesfidedignas.com.mx\\\/wp-content\\\/uploads\\\/2026\\\/08\\\/himalaya.jpg\",\"contentUrl\":\"https:\\\/\\\/fuentesfidedignas.com.mx\\\/wp-content\\\/uploads\\\/2026\\\/08\\\/himalaya.jpg\",\"width\":500,\"height\":333},{\"@type\":\"BreadcrumbList\",\"@id\":\"https:\\\/\\\/fuentesfidedignas.com.mx\\\/index.php\\\/2026\\\/08\\\/31\\\/estudio-revela-que-en-el-himalaya-comenzo-a-reverdecer-en-zonas-donde-antes-casi-no-crecian-plantas\\\/#breadcrumb\",\"itemListElement\":[{\"@type\":\"ListItem\",\"position\":1,\"name\":\"Inicio\",\"item\":\"https:\\\/\\\/fuentesfidedignas.com.mx\\\/\"},{\"@type\":\"ListItem\",\"position\":2,\"name\":\"Estudio revela que en El Himalaya comenz\u00f3 a reverdecer en zonas donde antes casi no crec\u00edan plantas\"}]},{\"@type\":\"WebSite\",\"@id\":\"https:\\\/\\\/fuentesfidedignas.com.mx\\\/#website\",\"url\":\"https:\\\/\\\/fuentesfidedignas.com.mx\\\/\",\"name\":\"Fuentes Fidedignas\",\"description\":\"Otro sitio realizado con WordPress\",\"publisher\":{\"@id\":\"https:\\\/\\\/fuentesfidedignas.com.mx\\\/#organization\"},\"potentialAction\":[{\"@type\":\"SearchAction\",\"target\":{\"@type\":\"EntryPoint\",\"urlTemplate\":\"https:\\\/\\\/fuentesfidedignas.com.mx\\\/?s={search_term_string}\"},\"query-input\":{\"@type\":\"PropertyValueSpecification\",\"valueRequired\":true,\"valueName\":\"search_term_string\"}}],\"inLanguage\":\"es\"},{\"@type\":\"Organization\",\"@id\":\"https:\\\/\\\/fuentesfidedignas.com.mx\\\/#organization\",\"name\":\"Fuentes Fidedignas\",\"url\":\"https:\\\/\\\/fuentesfidedignas.com.mx\\\/\",\"logo\":{\"@type\":\"ImageObject\",\"inLanguage\":\"es\",\"@id\":\"https:\\\/\\\/fuentesfidedignas.com.mx\\\/#\\\/schema\\\/logo\\\/image\\\/\",\"url\":\"https:\\\/\\\/fuentesfidedignas.com.mx\\\/wp-content\\\/uploads\\\/2021\\\/04\\\/logo-retina.png\",\"contentUrl\":\"https:\\\/\\\/fuentesfidedignas.com.mx\\\/wp-content\\\/uploads\\\/2021\\\/04\\\/logo-retina.png\",\"width\":280,\"height\":51,\"caption\":\"Fuentes Fidedignas\"},\"image\":{\"@id\":\"https:\\\/\\\/fuentesfidedignas.com.mx\\\/#\\\/schema\\\/logo\\\/image\\\/\"},\"sameAs\":[\"https:\\\/\\\/www.facebook.com\\\/Fuentes-Fidedignas-368234489921644\",\"https:\\\/\\\/x.com\\\/fidedignas\"]},{\"@type\":\"Person\",\"@id\":\"https:\\\/\\\/fuentesfidedignas.com.mx\\\/#\\\/schema\\\/person\\\/ff4db17f8fd9c584e0cfc2a0c436b8a1\",\"name\":\"El Imparcial\",\"image\":{\"@type\":\"ImageObject\",\"inLanguage\":\"es\",\"@id\":\"https:\\\/\\\/secure.gravatar.com\\\/avatar\\\/accd6807585a75316c237ee783498317be6f66ab34c47c940966f26a3f613161?s=96&d=mm&r=g\",\"url\":\"https:\\\/\\\/secure.gravatar.com\\\/avatar\\\/accd6807585a75316c237ee783498317be6f66ab34c47c940966f26a3f613161?s=96&d=mm&r=g\",\"contentUrl\":\"https:\\\/\\\/secure.gravatar.com\\\/avatar\\\/accd6807585a75316c237ee783498317be6f66ab34c47c940966f26a3f613161?s=96&d=mm&r=g\",\"caption\":\"El Imparcial\"},\"url\":\"https:\\\/\\\/fuentesfidedignas.com.mx\\\/index.php\\\/author\\\/imparcial\\\/\"}]}<\/script>\n<!-- \/ Yoast SEO plugin. -->","yoast_head_json":{"title":"Estudio revela que en El Himalaya comenz\u00f3 a reverdecer en zonas donde antes casi no crec\u00edan plantas - Fuentes Fidedignas","robots":{"index":"index","follow":"follow","max-snippet":"max-snippet:-1","max-image-preview":"max-image-preview:large","max-video-preview":"max-video-preview:-1"},"canonical":"https:\/\/fuentesfidedignas.com.mx\/index.php\/2026\/08\/31\/estudio-revela-que-en-el-himalaya-comenzo-a-reverdecer-en-zonas-donde-antes-casi-no-crecian-plantas\/","og_locale":"es_MX","og_type":"article","og_title":"Estudio revela que en El Himalaya comenz\u00f3 a reverdecer en zonas donde antes casi no crec\u00edan plantas - Fuentes Fidedignas","og_description":"El fen\u00f3meno fue detectado en seis regiones desde Ladakh hasta But\u00e1n y est\u00e1 relacionado con el aumento de temperaturas y los cambios en la cobertura de nieve de las zonas altas El Himalaya est\u00e1 registrando un cambio en sus zonas de mayor altura: plantas que antes ten\u00edan dificultades para desarrollarse est\u00e1n ocupando terrenos cada vez [&hellip;]","og_url":"https:\/\/fuentesfidedignas.com.mx\/index.php\/2026\/08\/31\/estudio-revela-que-en-el-himalaya-comenzo-a-reverdecer-en-zonas-donde-antes-casi-no-crecian-plantas\/","og_site_name":"Fuentes Fidedignas","article_publisher":"https:\/\/www.facebook.com\/Fuentes-Fidedignas-368234489921644","article_published_time":"2026-08-31T10:37:00+00:00","og_image":[{"width":500,"height":333,"url":"https:\/\/fuentesfidedignas.com.mx\/wp-content\/uploads\/2026\/08\/himalaya.jpg","type":"image\/jpeg"}],"author":"El Imparcial","twitter_card":"summary_large_image","twitter_creator":"@fidedignas","twitter_site":"@fidedignas","twitter_misc":{"Escrito por":"El Imparcial","Tiempo de lectura":"6 minutos"},"schema":{"@context":"https:\/\/schema.org","@graph":[{"@type":"Article","@id":"https:\/\/fuentesfidedignas.com.mx\/index.php\/2026\/08\/31\/estudio-revela-que-en-el-himalaya-comenzo-a-reverdecer-en-zonas-donde-antes-casi-no-crecian-plantas\/#article","isPartOf":{"@id":"https:\/\/fuentesfidedignas.com.mx\/index.php\/2026\/08\/31\/estudio-revela-que-en-el-himalaya-comenzo-a-reverdecer-en-zonas-donde-antes-casi-no-crecian-plantas\/"},"author":{"name":"El Imparcial","@id":"https:\/\/fuentesfidedignas.com.mx\/#\/schema\/person\/ff4db17f8fd9c584e0cfc2a0c436b8a1"},"headline":"Estudio revela que en El Himalaya comenz\u00f3 a reverdecer en zonas donde antes casi no crec\u00edan plantas","datePublished":"2026-08-31T10:37:00+00:00","mainEntityOfPage":{"@id":"https:\/\/fuentesfidedignas.com.mx\/index.php\/2026\/08\/31\/estudio-revela-que-en-el-himalaya-comenzo-a-reverdecer-en-zonas-donde-antes-casi-no-crecian-plantas\/"},"wordCount":1385,"commentCount":0,"publisher":{"@id":"https:\/\/fuentesfidedignas.com.mx\/#organization"},"image":{"@id":"https:\/\/fuentesfidedignas.com.mx\/index.php\/2026\/08\/31\/estudio-revela-que-en-el-himalaya-comenzo-a-reverdecer-en-zonas-donde-antes-casi-no-crecian-plantas\/#primaryimage"},"thumbnailUrl":"https:\/\/fuentesfidedignas.com.mx\/wp-content\/uploads\/2026\/08\/himalaya.jpg","articleSection":["LAS ASOMBROSAS"],"inLanguage":"es","potentialAction":[{"@type":"CommentAction","name":"Comment","target":["https:\/\/fuentesfidedignas.com.mx\/index.php\/2026\/08\/31\/estudio-revela-que-en-el-himalaya-comenzo-a-reverdecer-en-zonas-donde-antes-casi-no-crecian-plantas\/#respond"]}]},{"@type":"WebPage","@id":"https:\/\/fuentesfidedignas.com.mx\/index.php\/2026\/08\/31\/estudio-revela-que-en-el-himalaya-comenzo-a-reverdecer-en-zonas-donde-antes-casi-no-crecian-plantas\/","url":"https:\/\/fuentesfidedignas.com.mx\/index.php\/2026\/08\/31\/estudio-revela-que-en-el-himalaya-comenzo-a-reverdecer-en-zonas-donde-antes-casi-no-crecian-plantas\/","name":"Estudio revela que en El Himalaya comenz\u00f3 a reverdecer en zonas donde antes casi no crec\u00edan plantas - Fuentes Fidedignas","isPartOf":{"@id":"https:\/\/fuentesfidedignas.com.mx\/#website"},"primaryImageOfPage":{"@id":"https:\/\/fuentesfidedignas.com.mx\/index.php\/2026\/08\/31\/estudio-revela-que-en-el-himalaya-comenzo-a-reverdecer-en-zonas-donde-antes-casi-no-crecian-plantas\/#primaryimage"},"image":{"@id":"https:\/\/fuentesfidedignas.com.mx\/index.php\/2026\/08\/31\/estudio-revela-que-en-el-himalaya-comenzo-a-reverdecer-en-zonas-donde-antes-casi-no-crecian-plantas\/#primaryimage"},"thumbnailUrl":"https:\/\/fuentesfidedignas.com.mx\/wp-content\/uploads\/2026\/08\/himalaya.jpg","datePublished":"2026-08-31T10:37:00+00:00","breadcrumb":{"@id":"https:\/\/fuentesfidedignas.com.mx\/index.php\/2026\/08\/31\/estudio-revela-que-en-el-himalaya-comenzo-a-reverdecer-en-zonas-donde-antes-casi-no-crecian-plantas\/#breadcrumb"},"inLanguage":"es","potentialAction":[{"@type":"ReadAction","target":["https:\/\/fuentesfidedignas.com.mx\/index.php\/2026\/08\/31\/estudio-revela-que-en-el-himalaya-comenzo-a-reverdecer-en-zonas-donde-antes-casi-no-crecian-plantas\/"]}]},{"@type":"ImageObject","inLanguage":"es","@id":"https:\/\/fuentesfidedignas.com.mx\/index.php\/2026\/08\/31\/estudio-revela-que-en-el-himalaya-comenzo-a-reverdecer-en-zonas-donde-antes-casi-no-crecian-plantas\/#primaryimage","url":"https:\/\/fuentesfidedignas.com.mx\/wp-content\/uploads\/2026\/08\/himalaya.jpg","contentUrl":"https:\/\/fuentesfidedignas.com.mx\/wp-content\/uploads\/2026\/08\/himalaya.jpg","width":500,"height":333},{"@type":"BreadcrumbList","@id":"https:\/\/fuentesfidedignas.com.mx\/index.php\/2026\/08\/31\/estudio-revela-que-en-el-himalaya-comenzo-a-reverdecer-en-zonas-donde-antes-casi-no-crecian-plantas\/#breadcrumb","itemListElement":[{"@type":"ListItem","position":1,"name":"Inicio","item":"https:\/\/fuentesfidedignas.com.mx\/"},{"@type":"ListItem","position":2,"name":"Estudio revela que en El Himalaya comenz\u00f3 a reverdecer en zonas donde antes casi no crec\u00edan plantas"}]},{"@type":"WebSite","@id":"https:\/\/fuentesfidedignas.com.mx\/#website","url":"https:\/\/fuentesfidedignas.com.mx\/","name":"Fuentes Fidedignas","description":"Otro sitio realizado con WordPress","publisher":{"@id":"https:\/\/fuentesfidedignas.com.mx\/#organization"},"potentialAction":[{"@type":"SearchAction","target":{"@type":"EntryPoint","urlTemplate":"https:\/\/fuentesfidedignas.com.mx\/?s={search_term_string}"},"query-input":{"@type":"PropertyValueSpecification","valueRequired":true,"valueName":"search_term_string"}}],"inLanguage":"es"},{"@type":"Organization","@id":"https:\/\/fuentesfidedignas.com.mx\/#organization","name":"Fuentes Fidedignas","url":"https:\/\/fuentesfidedignas.com.mx\/","logo":{"@type":"ImageObject","inLanguage":"es","@id":"https:\/\/fuentesfidedignas.com.mx\/#\/schema\/logo\/image\/","url":"https:\/\/fuentesfidedignas.com.mx\/wp-content\/uploads\/2021\/04\/logo-retina.png","contentUrl":"https:\/\/fuentesfidedignas.com.mx\/wp-content\/uploads\/2021\/04\/logo-retina.png","width":280,"height":51,"caption":"Fuentes Fidedignas"},"image":{"@id":"https:\/\/fuentesfidedignas.com.mx\/#\/schema\/logo\/image\/"},"sameAs":["https:\/\/www.facebook.com\/Fuentes-Fidedignas-368234489921644","https:\/\/x.com\/fidedignas"]},{"@type":"Person","@id":"https:\/\/fuentesfidedignas.com.mx\/#\/schema\/person\/ff4db17f8fd9c584e0cfc2a0c436b8a1","name":"El Imparcial","image":{"@type":"ImageObject","inLanguage":"es","@id":"https:\/\/secure.gravatar.com\/avatar\/accd6807585a75316c237ee783498317be6f66ab34c47c940966f26a3f613161?s=96&d=mm&r=g","url":"https:\/\/secure.gravatar.com\/avatar\/accd6807585a75316c237ee783498317be6f66ab34c47c940966f26a3f613161?s=96&d=mm&r=g","contentUrl":"https:\/\/secure.gravatar.com\/avatar\/accd6807585a75316c237ee783498317be6f66ab34c47c940966f26a3f613161?s=96&d=mm&r=g","caption":"El Imparcial"},"url":"https:\/\/fuentesfidedignas.com.mx\/index.php\/author\/imparcial\/"}]}},"_links":{"self":[{"href":"https:\/\/fuentesfidedignas.com.mx\/index.php\/wp-json\/wp\/v2\/posts\/141236","targetHints":{"allow":["GET"]}}],"collection":[{"href":"https:\/\/fuentesfidedignas.com.mx\/index.php\/wp-json\/wp\/v2\/posts"}],"about":[{"href":"https:\/\/fuentesfidedignas.com.mx\/index.php\/wp-json\/wp\/v2\/types\/post"}],"author":[{"embeddable":true,"href":"https:\/\/fuentesfidedignas.com.mx\/index.php\/wp-json\/wp\/v2\/users\/40"}],"replies":[{"embeddable":true,"href":"https:\/\/fuentesfidedignas.com.mx\/index.php\/wp-json\/wp\/v2\/comments?post=141236"}],"version-history":[{"count":1,"href":"https:\/\/fuentesfidedignas.com.mx\/index.php\/wp-json\/wp\/v2\/posts\/141236\/revisions"}],"predecessor-version":[{"id":141238,"href":"https:\/\/fuentesfidedignas.com.mx\/index.php\/wp-json\/wp\/v2\/posts\/141236\/revisions\/141238"}],"wp:featuredmedia":[{"embeddable":true,"href":"https:\/\/fuentesfidedignas.com.mx\/index.php\/wp-json\/wp\/v2\/media\/141237"}],"wp:attachment":[{"href":"https:\/\/fuentesfidedignas.com.mx\/index.php\/wp-json\/wp\/v2\/media?parent=141236"}],"wp:term":[{"taxonomy":"category","embeddable":true,"href":"https:\/\/fuentesfidedignas.com.mx\/index.php\/wp-json\/wp\/v2\/categories?post=141236"},{"taxonomy":"post_tag","embeddable":true,"href":"https:\/\/fuentesfidedignas.com.mx\/index.php\/wp-json\/wp\/v2\/tags?post=141236"}],"curies":[{"name":"wp","href":"https:\/\/api.w.org\/{rel}","templated":true}]}}