{"id":13951,"date":"2021-10-01T15:22:54","date_gmt":"2021-10-01T22:22:54","guid":{"rendered":"https:\/\/fuentesfidedignas.com.mx\/?p=13951"},"modified":"2021-10-01T15:30:15","modified_gmt":"2021-10-01T22:30:15","slug":"quirino-avizora-una-legislatura-muy-constructiva-para-sinaloa-2","status":"publish","type":"post","link":"https:\/\/fuentesfidedignas.com.mx\/index.php\/2021\/10\/01\/quirino-avizora-una-legislatura-muy-constructiva-para-sinaloa-2\/","title":{"rendered":"Quirino avizora una Legislatura muy constructiva para Sinaloa"},"content":{"rendered":"\n<p><em><strong> El mandatario estatal asisti\u00f3 como invitado a la instalaci\u00f3n formal de la LXIV Legislatura del Congreso del Estado<\/strong><\/em><\/p>\n\n\n\n<p>Culiac\u00e1n, Sin.- Al asistir a la toma de protesta de los miembros de la LXIV Legislatura del Congreso del Estado de Sinaloa, que este viernes primero de octubre entr\u00f3 en funciones, el gobernador Quirino Ordaz Coppel consider\u00f3 que por la capacidad, el talento y experiencia de los nuevos diputados locales, esta Legislatura ser\u00e1 sin lugar a dudas muy constructiva para continuar con el desarrollo de Sinaloa.<\/p>\n\n\n\n<p>El mandatario estatal asisti\u00f3 acompa\u00f1ado por su esposa Rosy Fuentes de Ordaz, como invitado por el Poder Legislativo a la toma de protesta de los diputados entrantes, siendo su primera Mesa Directiva encabezada por el diputado Gene Ren\u00e9 Boj\u00f3rquez Ruiz.<\/p>\n\n\n\n<p>Al salir del recinto parlamentario, el gobernador Quirino Ordaz Coppel fue abordado por los medios de comunicaci\u00f3n para conocer su opini\u00f3n sobre esta nueva Legislatura local.<\/p>\n\n\n\n<p>\u201cSin duda va a ser una Legislatura muy constructiva para el estado; va a seguir siendo un pilar muy importante en todo lo que representa el crecimiento, avance y desarrollo de Sinaloa. A m\u00ed me tocar\u00e1 un solo mes compartir con ellos en la coordinaci\u00f3n entre Poderes, pero yo vislumbro, por el talento, la capacidad, la experiencia que tienen las y los diputados, que va a ser de gran progreso y productivo para Sinaloa\u201d, avizor\u00f3.<\/p>\n\n\n\n<p>Por otra parte, a pregunta expresa sobre lo que queda pendiente en su administraci\u00f3n, que culminar\u00e1 el domingo 31 de octubre, contest\u00f3 que la prioridad ser\u00e1 entregar las obras en proceso y liquidar a proveedores.<\/p>\n\n\n\n<p>\u201cAhorita cerrar bien es lo que queda, entregar las obras que est\u00e1n en proceso, que entregaremos en los pr\u00f3ximos d\u00edas, semanas y formalmente inicia el proceso de entrega-recepci\u00f3n, que eso no es m\u00e1s que un protocolo porque ya estamos muy avanzados, muy caminados en eso\u201d, concluy\u00f3.<\/p>\n\n\n\n<p>El gobernador del estado tambi\u00e9n fue acompa\u00f1ado por el secretario general de Gobierno, Gonzalo G\u00f3mez Flores, y por el subsecretario de Gobierno, Jos\u00e9 Joel Bouci\u00e9guez Liz\u00e1rraga.<\/p>\n","protected":false},"excerpt":{"rendered":"<p>El mandatario estatal asisti\u00f3 como invitado a la instalaci\u00f3n formal de la LXIV Legislatura del Congreso del Estado Culiac\u00e1n, Sin.- Al asistir a la toma de protesta de los miembros de la LXIV Legislatura del Congreso del Estado de Sinaloa, que este viernes primero de octubre entr\u00f3 en funciones, el gobernador Quirino Ordaz Coppel consider\u00f3 [&hellip;]<\/p>\n","protected":false},"author":4,"featured_media":13952,"comment_status":"open","ping_status":"open","sticky":false,"template":"","format":"standard","meta":{"tdm_status":"","tdm_grid_status":"","footnotes":""},"categories":[1],"tags":[],"class_list":{"0":"post-13951","1":"post","2":"type-post","3":"status-publish","4":"format-standard","5":"has-post-thumbnail","7":"category-sin-categoria"},"yoast_head":"<!-- This site is optimized with the Yoast SEO plugin v27.5 - https:\/\/yoast.com\/product\/yoast-seo-wordpress\/ -->\n<title>Quirino avizora una Legislatura muy constructiva para Sinaloa - Fuentes Fidedignas<\/title>\n<meta name=\"robots\" content=\"index, follow, max-snippet:-1, max-image-preview:large, max-video-preview:-1\" \/>\n<link rel=\"canonical\" href=\"https:\/\/fuentesfidedignas.com.mx\/index.php\/2021\/10\/01\/quirino-avizora-una-legislatura-muy-constructiva-para-sinaloa-2\/\" \/>\n<meta property=\"og:locale\" content=\"es_MX\" \/>\n<meta property=\"og:type\" content=\"article\" \/>\n<meta property=\"og:title\" content=\"Quirino avizora una Legislatura muy constructiva para Sinaloa - Fuentes Fidedignas\" \/>\n<meta property=\"og:description\" content=\"El mandatario estatal asisti\u00f3 como invitado a la instalaci\u00f3n formal de la LXIV Legislatura del Congreso del Estado Culiac\u00e1n, Sin.- Al asistir a la toma de protesta de los miembros de la LXIV Legislatura del Congreso del Estado de Sinaloa, que este viernes primero de octubre entr\u00f3 en funciones, el gobernador Quirino Ordaz Coppel consider\u00f3 [&hellip;]\" \/>\n<meta property=\"og:url\" content=\"https:\/\/fuentesfidedignas.com.mx\/index.php\/2021\/10\/01\/quirino-avizora-una-legislatura-muy-constructiva-para-sinaloa-2\/\" \/>\n<meta property=\"og:site_name\" content=\"Fuentes Fidedignas\" \/>\n<meta property=\"article:publisher\" content=\"https:\/\/www.facebook.com\/Fuentes-Fidedignas-368234489921644\" \/>\n<meta property=\"article:published_time\" content=\"2021-10-01T22:22:54+00:00\" \/>\n<meta property=\"article:modified_time\" content=\"2021-10-01T22:30:15+00:00\" \/>\n<meta property=\"og:image\" content=\"https:\/\/fuentesfidedignas.com.mx\/wp-content\/uploads\/2021\/10\/IMG-20211001-WA0024.jpg\" \/>\n\t<meta property=\"og:image:width\" content=\"1024\" \/>\n\t<meta property=\"og:image:height\" content=\"683\" \/>\n\t<meta property=\"og:image:type\" content=\"image\/jpeg\" \/>\n<meta name=\"author\" content=\"Redacci\u00f3n\" \/>\n<meta name=\"twitter:card\" content=\"summary_large_image\" \/>\n<meta name=\"twitter:creator\" content=\"@fidedignas\" \/>\n<meta name=\"twitter:site\" content=\"@fidedignas\" \/>\n<meta name=\"twitter:label1\" content=\"Escrito por\" \/>\n\t<meta name=\"twitter:data1\" content=\"Redacci\u00f3n\" \/>\n\t<meta name=\"twitter:label2\" content=\"Tiempo de lectura\" \/>\n\t<meta name=\"twitter:data2\" content=\"2 minutos\" \/>\n<script type=\"application\/ld+json\" class=\"yoast-schema-graph\">{\"@context\":\"https:\\\/\\\/schema.org\",\"@graph\":[{\"@type\":\"Article\",\"@id\":\"https:\\\/\\\/fuentesfidedignas.com.mx\\\/index.php\\\/2021\\\/10\\\/01\\\/quirino-avizora-una-legislatura-muy-constructiva-para-sinaloa-2\\\/#article\",\"isPartOf\":{\"@id\":\"https:\\\/\\\/fuentesfidedignas.com.mx\\\/index.php\\\/2021\\\/10\\\/01\\\/quirino-avizora-una-legislatura-muy-constructiva-para-sinaloa-2\\\/\"},\"author\":{\"name\":\"Redacci\u00f3n\",\"@id\":\"https:\\\/\\\/fuentesfidedignas.com.mx\\\/#\\\/schema\\\/person\\\/331be9283d37198e2acd5750279085b0\"},\"headline\":\"Quirino avizora una Legislatura muy constructiva para Sinaloa\",\"datePublished\":\"2021-10-01T22:22:54+00:00\",\"dateModified\":\"2021-10-01T22:30:15+00:00\",\"mainEntityOfPage\":{\"@id\":\"https:\\\/\\\/fuentesfidedignas.com.mx\\\/index.php\\\/2021\\\/10\\\/01\\\/quirino-avizora-una-legislatura-muy-constructiva-para-sinaloa-2\\\/\"},\"wordCount\":358,\"commentCount\":0,\"publisher\":{\"@id\":\"https:\\\/\\\/fuentesfidedignas.com.mx\\\/#organization\"},\"image\":{\"@id\":\"https:\\\/\\\/fuentesfidedignas.com.mx\\\/index.php\\\/2021\\\/10\\\/01\\\/quirino-avizora-una-legislatura-muy-constructiva-para-sinaloa-2\\\/#primaryimage\"},\"thumbnailUrl\":\"https:\\\/\\\/fuentesfidedignas.com.mx\\\/wp-content\\\/uploads\\\/2021\\\/10\\\/IMG-20211001-WA0024.jpg\",\"inLanguage\":\"es\",\"potentialAction\":[{\"@type\":\"CommentAction\",\"name\":\"Comment\",\"target\":[\"https:\\\/\\\/fuentesfidedignas.com.mx\\\/index.php\\\/2021\\\/10\\\/01\\\/quirino-avizora-una-legislatura-muy-constructiva-para-sinaloa-2\\\/#respond\"]}]},{\"@type\":\"WebPage\",\"@id\":\"https:\\\/\\\/fuentesfidedignas.com.mx\\\/index.php\\\/2021\\\/10\\\/01\\\/quirino-avizora-una-legislatura-muy-constructiva-para-sinaloa-2\\\/\",\"url\":\"https:\\\/\\\/fuentesfidedignas.com.mx\\\/index.php\\\/2021\\\/10\\\/01\\\/quirino-avizora-una-legislatura-muy-constructiva-para-sinaloa-2\\\/\",\"name\":\"Quirino avizora una Legislatura muy constructiva para Sinaloa - Fuentes Fidedignas\",\"isPartOf\":{\"@id\":\"https:\\\/\\\/fuentesfidedignas.com.mx\\\/#website\"},\"primaryImageOfPage\":{\"@id\":\"https:\\\/\\\/fuentesfidedignas.com.mx\\\/index.php\\\/2021\\\/10\\\/01\\\/quirino-avizora-una-legislatura-muy-constructiva-para-sinaloa-2\\\/#primaryimage\"},\"image\":{\"@id\":\"https:\\\/\\\/fuentesfidedignas.com.mx\\\/index.php\\\/2021\\\/10\\\/01\\\/quirino-avizora-una-legislatura-muy-constructiva-para-sinaloa-2\\\/#primaryimage\"},\"thumbnailUrl\":\"https:\\\/\\\/fuentesfidedignas.com.mx\\\/wp-content\\\/uploads\\\/2021\\\/10\\\/IMG-20211001-WA0024.jpg\",\"datePublished\":\"2021-10-01T22:22:54+00:00\",\"dateModified\":\"2021-10-01T22:30:15+00:00\",\"breadcrumb\":{\"@id\":\"https:\\\/\\\/fuentesfidedignas.com.mx\\\/index.php\\\/2021\\\/10\\\/01\\\/quirino-avizora-una-legislatura-muy-constructiva-para-sinaloa-2\\\/#breadcrumb\"},\"inLanguage\":\"es\",\"potentialAction\":[{\"@type\":\"ReadAction\",\"target\":[\"https:\\\/\\\/fuentesfidedignas.com.mx\\\/index.php\\\/2021\\\/10\\\/01\\\/quirino-avizora-una-legislatura-muy-constructiva-para-sinaloa-2\\\/\"]}]},{\"@type\":\"ImageObject\",\"inLanguage\":\"es\",\"@id\":\"https:\\\/\\\/fuentesfidedignas.com.mx\\\/index.php\\\/2021\\\/10\\\/01\\\/quirino-avizora-una-legislatura-muy-constructiva-para-sinaloa-2\\\/#primaryimage\",\"url\":\"https:\\\/\\\/fuentesfidedignas.com.mx\\\/wp-content\\\/uploads\\\/2021\\\/10\\\/IMG-20211001-WA0024.jpg\",\"contentUrl\":\"https:\\\/\\\/fuentesfidedignas.com.mx\\\/wp-content\\\/uploads\\\/2021\\\/10\\\/IMG-20211001-WA0024.jpg\",\"width\":1024,\"height\":683},{\"@type\":\"BreadcrumbList\",\"@id\":\"https:\\\/\\\/fuentesfidedignas.com.mx\\\/index.php\\\/2021\\\/10\\\/01\\\/quirino-avizora-una-legislatura-muy-constructiva-para-sinaloa-2\\\/#breadcrumb\",\"itemListElement\":[{\"@type\":\"ListItem\",\"position\":1,\"name\":\"Inicio\",\"item\":\"https:\\\/\\\/fuentesfidedignas.com.mx\\\/\"},{\"@type\":\"ListItem\",\"position\":2,\"name\":\"Quirino avizora una Legislatura muy constructiva para Sinaloa\"}]},{\"@type\":\"WebSite\",\"@id\":\"https:\\\/\\\/fuentesfidedignas.com.mx\\\/#website\",\"url\":\"https:\\\/\\\/fuentesfidedignas.com.mx\\\/\",\"name\":\"Fuentes Fidedignas\",\"description\":\"Otro sitio realizado con WordPress\",\"publisher\":{\"@id\":\"https:\\\/\\\/fuentesfidedignas.com.mx\\\/#organization\"},\"potentialAction\":[{\"@type\":\"SearchAction\",\"target\":{\"@type\":\"EntryPoint\",\"urlTemplate\":\"https:\\\/\\\/fuentesfidedignas.com.mx\\\/?s={search_term_string}\"},\"query-input\":{\"@type\":\"PropertyValueSpecification\",\"valueRequired\":true,\"valueName\":\"search_term_string\"}}],\"inLanguage\":\"es\"},{\"@type\":\"Organization\",\"@id\":\"https:\\\/\\\/fuentesfidedignas.com.mx\\\/#organization\",\"name\":\"Fuentes Fidedignas\",\"url\":\"https:\\\/\\\/fuentesfidedignas.com.mx\\\/\",\"logo\":{\"@type\":\"ImageObject\",\"inLanguage\":\"es\",\"@id\":\"https:\\\/\\\/fuentesfidedignas.com.mx\\\/#\\\/schema\\\/logo\\\/image\\\/\",\"url\":\"https:\\\/\\\/fuentesfidedignas.com.mx\\\/wp-content\\\/uploads\\\/2021\\\/04\\\/logo-retina.png\",\"contentUrl\":\"https:\\\/\\\/fuentesfidedignas.com.mx\\\/wp-content\\\/uploads\\\/2021\\\/04\\\/logo-retina.png\",\"width\":280,\"height\":51,\"caption\":\"Fuentes Fidedignas\"},\"image\":{\"@id\":\"https:\\\/\\\/fuentesfidedignas.com.mx\\\/#\\\/schema\\\/logo\\\/image\\\/\"},\"sameAs\":[\"https:\\\/\\\/www.facebook.com\\\/Fuentes-Fidedignas-368234489921644\",\"https:\\\/\\\/x.com\\\/fidedignas\"]},{\"@type\":\"Person\",\"@id\":\"https:\\\/\\\/fuentesfidedignas.com.mx\\\/#\\\/schema\\\/person\\\/331be9283d37198e2acd5750279085b0\",\"name\":\"Redacci\u00f3n\",\"image\":{\"@type\":\"ImageObject\",\"inLanguage\":\"es\",\"@id\":\"https:\\\/\\\/secure.gravatar.com\\\/avatar\\\/f6d8782c11d12b2d4ad3fbb6931aeab5309937a4d6cd2fc9cfaa28a6396a5aec?s=96&d=mm&r=g\",\"url\":\"https:\\\/\\\/secure.gravatar.com\\\/avatar\\\/f6d8782c11d12b2d4ad3fbb6931aeab5309937a4d6cd2fc9cfaa28a6396a5aec?s=96&d=mm&r=g\",\"contentUrl\":\"https:\\\/\\\/secure.gravatar.com\\\/avatar\\\/f6d8782c11d12b2d4ad3fbb6931aeab5309937a4d6cd2fc9cfaa28a6396a5aec?s=96&d=mm&r=g\",\"caption\":\"Redacci\u00f3n\"},\"url\":\"https:\\\/\\\/fuentesfidedignas.com.mx\\\/index.php\\\/author\\\/redaccion\\\/\"}]}<\/script>\n<!-- \/ Yoast SEO plugin. -->","yoast_head_json":{"title":"Quirino avizora una Legislatura muy constructiva para Sinaloa - Fuentes Fidedignas","robots":{"index":"index","follow":"follow","max-snippet":"max-snippet:-1","max-image-preview":"max-image-preview:large","max-video-preview":"max-video-preview:-1"},"canonical":"https:\/\/fuentesfidedignas.com.mx\/index.php\/2021\/10\/01\/quirino-avizora-una-legislatura-muy-constructiva-para-sinaloa-2\/","og_locale":"es_MX","og_type":"article","og_title":"Quirino avizora una Legislatura muy constructiva para Sinaloa - Fuentes Fidedignas","og_description":"El mandatario estatal asisti\u00f3 como invitado a la instalaci\u00f3n formal de la LXIV Legislatura del Congreso del Estado Culiac\u00e1n, Sin.- Al asistir a la toma de protesta de los miembros de la LXIV Legislatura del Congreso del Estado de Sinaloa, que este viernes primero de octubre entr\u00f3 en funciones, el gobernador Quirino Ordaz Coppel consider\u00f3 [&hellip;]","og_url":"https:\/\/fuentesfidedignas.com.mx\/index.php\/2021\/10\/01\/quirino-avizora-una-legislatura-muy-constructiva-para-sinaloa-2\/","og_site_name":"Fuentes Fidedignas","article_publisher":"https:\/\/www.facebook.com\/Fuentes-Fidedignas-368234489921644","article_published_time":"2021-10-01T22:22:54+00:00","article_modified_time":"2021-10-01T22:30:15+00:00","og_image":[{"width":1024,"height":683,"url":"https:\/\/fuentesfidedignas.com.mx\/wp-content\/uploads\/2021\/10\/IMG-20211001-WA0024.jpg","type":"image\/jpeg"}],"author":"Redacci\u00f3n","twitter_card":"summary_large_image","twitter_creator":"@fidedignas","twitter_site":"@fidedignas","twitter_misc":{"Escrito por":"Redacci\u00f3n","Tiempo de lectura":"2 minutos"},"schema":{"@context":"https:\/\/schema.org","@graph":[{"@type":"Article","@id":"https:\/\/fuentesfidedignas.com.mx\/index.php\/2021\/10\/01\/quirino-avizora-una-legislatura-muy-constructiva-para-sinaloa-2\/#article","isPartOf":{"@id":"https:\/\/fuentesfidedignas.com.mx\/index.php\/2021\/10\/01\/quirino-avizora-una-legislatura-muy-constructiva-para-sinaloa-2\/"},"author":{"name":"Redacci\u00f3n","@id":"https:\/\/fuentesfidedignas.com.mx\/#\/schema\/person\/331be9283d37198e2acd5750279085b0"},"headline":"Quirino avizora una Legislatura muy constructiva para Sinaloa","datePublished":"2021-10-01T22:22:54+00:00","dateModified":"2021-10-01T22:30:15+00:00","mainEntityOfPage":{"@id":"https:\/\/fuentesfidedignas.com.mx\/index.php\/2021\/10\/01\/quirino-avizora-una-legislatura-muy-constructiva-para-sinaloa-2\/"},"wordCount":358,"commentCount":0,"publisher":{"@id":"https:\/\/fuentesfidedignas.com.mx\/#organization"},"image":{"@id":"https:\/\/fuentesfidedignas.com.mx\/index.php\/2021\/10\/01\/quirino-avizora-una-legislatura-muy-constructiva-para-sinaloa-2\/#primaryimage"},"thumbnailUrl":"https:\/\/fuentesfidedignas.com.mx\/wp-content\/uploads\/2021\/10\/IMG-20211001-WA0024.jpg","inLanguage":"es","potentialAction":[{"@type":"CommentAction","name":"Comment","target":["https:\/\/fuentesfidedignas.com.mx\/index.php\/2021\/10\/01\/quirino-avizora-una-legislatura-muy-constructiva-para-sinaloa-2\/#respond"]}]},{"@type":"WebPage","@id":"https:\/\/fuentesfidedignas.com.mx\/index.php\/2021\/10\/01\/quirino-avizora-una-legislatura-muy-constructiva-para-sinaloa-2\/","url":"https:\/\/fuentesfidedignas.com.mx\/index.php\/2021\/10\/01\/quirino-avizora-una-legislatura-muy-constructiva-para-sinaloa-2\/","name":"Quirino avizora una Legislatura muy constructiva para Sinaloa - Fuentes Fidedignas","isPartOf":{"@id":"https:\/\/fuentesfidedignas.com.mx\/#website"},"primaryImageOfPage":{"@id":"https:\/\/fuentesfidedignas.com.mx\/index.php\/2021\/10\/01\/quirino-avizora-una-legislatura-muy-constructiva-para-sinaloa-2\/#primaryimage"},"image":{"@id":"https:\/\/fuentesfidedignas.com.mx\/index.php\/2021\/10\/01\/quirino-avizora-una-legislatura-muy-constructiva-para-sinaloa-2\/#primaryimage"},"thumbnailUrl":"https:\/\/fuentesfidedignas.com.mx\/wp-content\/uploads\/2021\/10\/IMG-20211001-WA0024.jpg","datePublished":"2021-10-01T22:22:54+00:00","dateModified":"2021-10-01T22:30:15+00:00","breadcrumb":{"@id":"https:\/\/fuentesfidedignas.com.mx\/index.php\/2021\/10\/01\/quirino-avizora-una-legislatura-muy-constructiva-para-sinaloa-2\/#breadcrumb"},"inLanguage":"es","potentialAction":[{"@type":"ReadAction","target":["https:\/\/fuentesfidedignas.com.mx\/index.php\/2021\/10\/01\/quirino-avizora-una-legislatura-muy-constructiva-para-sinaloa-2\/"]}]},{"@type":"ImageObject","inLanguage":"es","@id":"https:\/\/fuentesfidedignas.com.mx\/index.php\/2021\/10\/01\/quirino-avizora-una-legislatura-muy-constructiva-para-sinaloa-2\/#primaryimage","url":"https:\/\/fuentesfidedignas.com.mx\/wp-content\/uploads\/2021\/10\/IMG-20211001-WA0024.jpg","contentUrl":"https:\/\/fuentesfidedignas.com.mx\/wp-content\/uploads\/2021\/10\/IMG-20211001-WA0024.jpg","width":1024,"height":683},{"@type":"BreadcrumbList","@id":"https:\/\/fuentesfidedignas.com.mx\/index.php\/2021\/10\/01\/quirino-avizora-una-legislatura-muy-constructiva-para-sinaloa-2\/#breadcrumb","itemListElement":[{"@type":"ListItem","position":1,"name":"Inicio","item":"https:\/\/fuentesfidedignas.com.mx\/"},{"@type":"ListItem","position":2,"name":"Quirino avizora una Legislatura muy constructiva para Sinaloa"}]},{"@type":"WebSite","@id":"https:\/\/fuentesfidedignas.com.mx\/#website","url":"https:\/\/fuentesfidedignas.com.mx\/","name":"Fuentes Fidedignas","description":"Otro sitio realizado con WordPress","publisher":{"@id":"https:\/\/fuentesfidedignas.com.mx\/#organization"},"potentialAction":[{"@type":"SearchAction","target":{"@type":"EntryPoint","urlTemplate":"https:\/\/fuentesfidedignas.com.mx\/?s={search_term_string}"},"query-input":{"@type":"PropertyValueSpecification","valueRequired":true,"valueName":"search_term_string"}}],"inLanguage":"es"},{"@type":"Organization","@id":"https:\/\/fuentesfidedignas.com.mx\/#organization","name":"Fuentes Fidedignas","url":"https:\/\/fuentesfidedignas.com.mx\/","logo":{"@type":"ImageObject","inLanguage":"es","@id":"https:\/\/fuentesfidedignas.com.mx\/#\/schema\/logo\/image\/","url":"https:\/\/fuentesfidedignas.com.mx\/wp-content\/uploads\/2021\/04\/logo-retina.png","contentUrl":"https:\/\/fuentesfidedignas.com.mx\/wp-content\/uploads\/2021\/04\/logo-retina.png","width":280,"height":51,"caption":"Fuentes Fidedignas"},"image":{"@id":"https:\/\/fuentesfidedignas.com.mx\/#\/schema\/logo\/image\/"},"sameAs":["https:\/\/www.facebook.com\/Fuentes-Fidedignas-368234489921644","https:\/\/x.com\/fidedignas"]},{"@type":"Person","@id":"https:\/\/fuentesfidedignas.com.mx\/#\/schema\/person\/331be9283d37198e2acd5750279085b0","name":"Redacci\u00f3n","image":{"@type":"ImageObject","inLanguage":"es","@id":"https:\/\/secure.gravatar.com\/avatar\/f6d8782c11d12b2d4ad3fbb6931aeab5309937a4d6cd2fc9cfaa28a6396a5aec?s=96&d=mm&r=g","url":"https:\/\/secure.gravatar.com\/avatar\/f6d8782c11d12b2d4ad3fbb6931aeab5309937a4d6cd2fc9cfaa28a6396a5aec?s=96&d=mm&r=g","contentUrl":"https:\/\/secure.gravatar.com\/avatar\/f6d8782c11d12b2d4ad3fbb6931aeab5309937a4d6cd2fc9cfaa28a6396a5aec?s=96&d=mm&r=g","caption":"Redacci\u00f3n"},"url":"https:\/\/fuentesfidedignas.com.mx\/index.php\/author\/redaccion\/"}]}},"_links":{"self":[{"href":"https:\/\/fuentesfidedignas.com.mx\/index.php\/wp-json\/wp\/v2\/posts\/13951","targetHints":{"allow":["GET"]}}],"collection":[{"href":"https:\/\/fuentesfidedignas.com.mx\/index.php\/wp-json\/wp\/v2\/posts"}],"about":[{"href":"https:\/\/fuentesfidedignas.com.mx\/index.php\/wp-json\/wp\/v2\/types\/post"}],"author":[{"embeddable":true,"href":"https:\/\/fuentesfidedignas.com.mx\/index.php\/wp-json\/wp\/v2\/users\/4"}],"replies":[{"embeddable":true,"href":"https:\/\/fuentesfidedignas.com.mx\/index.php\/wp-json\/wp\/v2\/comments?post=13951"}],"version-history":[{"count":1,"href":"https:\/\/fuentesfidedignas.com.mx\/index.php\/wp-json\/wp\/v2\/posts\/13951\/revisions"}],"predecessor-version":[{"id":13953,"href":"https:\/\/fuentesfidedignas.com.mx\/index.php\/wp-json\/wp\/v2\/posts\/13951\/revisions\/13953"}],"wp:featuredmedia":[{"embeddable":true,"href":"https:\/\/fuentesfidedignas.com.mx\/index.php\/wp-json\/wp\/v2\/media\/13952"}],"wp:attachment":[{"href":"https:\/\/fuentesfidedignas.com.mx\/index.php\/wp-json\/wp\/v2\/media?parent=13951"}],"wp:term":[{"taxonomy":"category","embeddable":true,"href":"https:\/\/fuentesfidedignas.com.mx\/index.php\/wp-json\/wp\/v2\/categories?post=13951"},{"taxonomy":"post_tag","embeddable":true,"href":"https:\/\/fuentesfidedignas.com.mx\/index.php\/wp-json\/wp\/v2\/tags?post=13951"}],"curies":[{"name":"wp","href":"https:\/\/api.w.org\/{rel}","templated":true}]}}