{"id":13753,"date":"2021-09-29T12:15:04","date_gmt":"2021-09-29T19:15:04","guid":{"rendered":"https:\/\/fuentesfidedignas.com.mx\/?p=13753"},"modified":"2021-09-29T12:15:05","modified_gmt":"2021-09-29T19:15:05","slug":"secretaria-de-salud-capacita-a-personal-del-stasac-en-primeros-auxilios","status":"publish","type":"post","link":"https:\/\/fuentesfidedignas.com.mx\/index.php\/2021\/09\/29\/secretaria-de-salud-capacita-a-personal-del-stasac-en-primeros-auxilios\/","title":{"rendered":"Secretar\u00eda de Salud capacita a personal del Stasac en primeros auxilios"},"content":{"rendered":"\n<p><strong><em>En M\u00e9xico la primera causa de muerte se deriva por enfermedades cardio vasculares<\/em><\/strong><\/p>\n\n\n\n<p>Culiac\u00e1n, Sin.- En el marco del D\u00eda Mundial del Coraz\u00f3n, personal de la Secretar\u00eda de Salud inicio la capacitaci\u00f3n a trabajadores del Sindicato de Trabajadores al Servicio del Ayuntamiento de Culiac\u00e1n STASAC, para que cuenten con los conocimientos y puedan otorgar primeros auxilios con RPC a quienes sufran de un paro cardio respiratorio o infarto, pues el contar con esta invaluable informaci\u00f3n puede salvar vidas y evitar da\u00f1os o secuelas en un paciente, inform\u00f3 el Dr. Efr\u00e9n Encinas Torres, Secretario de Salud de Sinaloa.<\/p>\n\n\n\n<p>El Director General de los Servicios de Salud, record\u00f3 que las enfermedades del coraz\u00f3n son la primera causa de muerte en M\u00e9xico y en Sinaloa ocasiona la muerte de alrededor de 2 mil 400 personas al a\u00f1o, es por ello que se constituye como un problema de Salud Publica en nuestro pa\u00eds.<\/p>\n\n\n\n<p>Inform\u00f3 que, de ah\u00ed que en el Estado se han generado iniciativas importantes como el C\u00f3digo Infarto, donde Sinaloa desde junio se incluy\u00f3 al programa de la Organizaci\u00f3n Mundial de la Salud OMS y de la Organizaci\u00f3n Panamericana de la Salud OPS, a trav\u00e9s de la iniciativa HEART, donde la inclusi\u00f3n a ese proyecto implica generar acciones de prevenci\u00f3n en toda la poblaci\u00f3n.<\/p>\n\n\n\n<p>\u201cHacer acciones de capacitaci\u00f3n a la poblaci\u00f3n como es el hecho de ense\u00f1arlo a reanimarse coraz\u00f3n con las manos es trascendente porque eso salva vidas, Sinaloa es un estado privilegiado porque ya cuenta con varias unidades de atenci\u00f3n de hemodinamia, ahorita en Culiac\u00e1n al menos hay cinco en el sector institucional y en el sector privado y as\u00ed en la principales ciudades, Mazatl\u00e1n, Mochis, etc. de tal manera que eso permite ya hacer un protocolo establecido para hacer cateterismo, destapar as arterias con procesos de intervenci\u00f3n cardiol\u00f3gica que hacen muy bien los cardi\u00f3logos\u201d, indic\u00f3.<\/p>\n\n\n\n<p>Por su parte, el Presidente Municipal de Culiac\u00e1n, Jes\u00fas Estrada Ferreiro, denot\u00f3 la importancia de seguir impulsando acciones en la prevenci\u00f3n de las enfermedades cardio vasculares a trav\u00e9s de la buena alimentaci\u00f3n y el ejercicio, pues al llevar una vida y estilo saludable se evitan en gran medida padecer de problemas cardio vasculares.<\/p>\n\n\n\n<p>\u201cNadie sabe o nadie sabemos cu\u00e1ndo vamos a recibir un paro cardio respiratorio o pudi\u00e9ramos pensar que es un infarto y hay persona y especialistas como el Dr. Ba\u00f1os con mucha experiencia que ha colaborado con el sector m\u00e9dico y que de una forma u otra nos puede proporcionar las herramientas y conocimientos para que en la pr\u00e1ctica y en cualquier lugar podamos auxiliar a una persona que sufra un infarto y eso es invaluable, como es invaluable la salud de todos nosotros\u201d, manifest\u00f3.<\/p>\n\n\n\n<p>En el evento tambi\u00e9n estuvieron presentes la Sra. Lupita L\u00f3pez de Estrada, Presidenta del DIF Municipal de Culiac\u00e1n; Lic. Julio Enrique Duarte, Secretario General STASAC; Dra. Zaida Yadira Flores Manjarrez, Secretaria de Salud e Higiene del STASAC; y el Dr. Alberto Ba\u00f1os, Cardi\u00f3logo Especialista, entras autoridades e invitados especiales.<\/p>\n","protected":false},"excerpt":{"rendered":"<p>En M\u00e9xico la primera causa de muerte se deriva por enfermedades cardio vasculares Culiac\u00e1n, Sin.- En el marco del D\u00eda Mundial del Coraz\u00f3n, personal de la Secretar\u00eda de Salud inicio la capacitaci\u00f3n a trabajadores del Sindicato de Trabajadores al Servicio del Ayuntamiento de Culiac\u00e1n STASAC, para que cuenten con los conocimientos y puedan otorgar primeros [&hellip;]<\/p>\n","protected":false},"author":4,"featured_media":13754,"comment_status":"open","ping_status":"open","sticky":false,"template":"","format":"standard","meta":{"tdm_status":"","tdm_grid_status":"","footnotes":""},"categories":[38],"tags":[387,1972,229,1973,162],"class_list":{"0":"post-13753","1":"post","2":"type-post","3":"status-publish","4":"format-standard","5":"has-post-thumbnail","7":"category-noticias-locales","8":"tag-efren-encinas-torres","9":"tag-primeros-auxilios","10":"tag-secretaria-de-salud-de-sinaloa","11":"tag-sindicato-de-trabajadores-al-servicio-del-ayuntamiento-de-culiacan","12":"tag-stasac"},"yoast_head":"<!-- This site is optimized with the Yoast SEO plugin v27.5 - https:\/\/yoast.com\/product\/yoast-seo-wordpress\/ -->\n<title>Secretar\u00eda de Salud capacita a personal del Stasac en primeros auxilios - Fuentes Fidedignas<\/title>\n<meta name=\"robots\" content=\"index, follow, max-snippet:-1, max-image-preview:large, max-video-preview:-1\" \/>\n<link rel=\"canonical\" href=\"https:\/\/fuentesfidedignas.com.mx\/index.php\/2021\/09\/29\/secretaria-de-salud-capacita-a-personal-del-stasac-en-primeros-auxilios\/\" \/>\n<meta property=\"og:locale\" content=\"es_MX\" \/>\n<meta property=\"og:type\" content=\"article\" \/>\n<meta property=\"og:title\" content=\"Secretar\u00eda de Salud capacita a personal del Stasac en primeros auxilios - Fuentes Fidedignas\" \/>\n<meta property=\"og:description\" content=\"En M\u00e9xico la primera causa de muerte se deriva por enfermedades cardio vasculares Culiac\u00e1n, Sin.- En el marco del D\u00eda Mundial del Coraz\u00f3n, personal de la Secretar\u00eda de Salud inicio la capacitaci\u00f3n a trabajadores del Sindicato de Trabajadores al Servicio del Ayuntamiento de Culiac\u00e1n STASAC, para que cuenten con los conocimientos y puedan otorgar primeros [&hellip;]\" \/>\n<meta property=\"og:url\" content=\"https:\/\/fuentesfidedignas.com.mx\/index.php\/2021\/09\/29\/secretaria-de-salud-capacita-a-personal-del-stasac-en-primeros-auxilios\/\" \/>\n<meta property=\"og:site_name\" content=\"Fuentes Fidedignas\" \/>\n<meta property=\"article:publisher\" content=\"https:\/\/www.facebook.com\/Fuentes-Fidedignas-368234489921644\" \/>\n<meta property=\"article:published_time\" content=\"2021-09-29T19:15:04+00:00\" \/>\n<meta property=\"article:modified_time\" content=\"2021-09-29T19:15:05+00:00\" \/>\n<meta property=\"og:image\" content=\"https:\/\/fuentesfidedignas.com.mx\/wp-content\/uploads\/2021\/09\/CAPACITACION-3.jpeg\" \/>\n\t<meta property=\"og:image:width\" content=\"1600\" \/>\n\t<meta property=\"og:image:height\" content=\"1200\" \/>\n\t<meta property=\"og:image:type\" content=\"image\/jpeg\" \/>\n<meta name=\"author\" content=\"Redacci\u00f3n\" \/>\n<meta name=\"twitter:card\" content=\"summary_large_image\" \/>\n<meta name=\"twitter:creator\" content=\"@fidedignas\" \/>\n<meta name=\"twitter:site\" content=\"@fidedignas\" \/>\n<meta name=\"twitter:label1\" content=\"Escrito por\" \/>\n\t<meta name=\"twitter:data1\" content=\"Redacci\u00f3n\" \/>\n\t<meta name=\"twitter:label2\" content=\"Tiempo de lectura\" \/>\n\t<meta name=\"twitter:data2\" content=\"3 minutos\" \/>\n<script type=\"application\/ld+json\" class=\"yoast-schema-graph\">{\"@context\":\"https:\\\/\\\/schema.org\",\"@graph\":[{\"@type\":\"Article\",\"@id\":\"https:\\\/\\\/fuentesfidedignas.com.mx\\\/index.php\\\/2021\\\/09\\\/29\\\/secretaria-de-salud-capacita-a-personal-del-stasac-en-primeros-auxilios\\\/#article\",\"isPartOf\":{\"@id\":\"https:\\\/\\\/fuentesfidedignas.com.mx\\\/index.php\\\/2021\\\/09\\\/29\\\/secretaria-de-salud-capacita-a-personal-del-stasac-en-primeros-auxilios\\\/\"},\"author\":{\"name\":\"Redacci\u00f3n\",\"@id\":\"https:\\\/\\\/fuentesfidedignas.com.mx\\\/#\\\/schema\\\/person\\\/331be9283d37198e2acd5750279085b0\"},\"headline\":\"Secretar\u00eda de Salud capacita a personal del Stasac en primeros auxilios\",\"datePublished\":\"2021-09-29T19:15:04+00:00\",\"dateModified\":\"2021-09-29T19:15:05+00:00\",\"mainEntityOfPage\":{\"@id\":\"https:\\\/\\\/fuentesfidedignas.com.mx\\\/index.php\\\/2021\\\/09\\\/29\\\/secretaria-de-salud-capacita-a-personal-del-stasac-en-primeros-auxilios\\\/\"},\"wordCount\":549,\"commentCount\":0,\"publisher\":{\"@id\":\"https:\\\/\\\/fuentesfidedignas.com.mx\\\/#organization\"},\"image\":{\"@id\":\"https:\\\/\\\/fuentesfidedignas.com.mx\\\/index.php\\\/2021\\\/09\\\/29\\\/secretaria-de-salud-capacita-a-personal-del-stasac-en-primeros-auxilios\\\/#primaryimage\"},\"thumbnailUrl\":\"https:\\\/\\\/fuentesfidedignas.com.mx\\\/wp-content\\\/uploads\\\/2021\\\/09\\\/CAPACITACION-3.jpeg\",\"keywords\":[\"Efr\u00e9n Encinas Torres\",\"Primeros auxilios\",\"Secretar\u00eda de Salud de Sinaloa\",\"Sindicato de Trabajadores al Servicio del Ayuntamiento de Culiac\u00e1n\",\"Stasac\"],\"articleSection\":[\"NOTICIAS LOCALES\"],\"inLanguage\":\"es\",\"potentialAction\":[{\"@type\":\"CommentAction\",\"name\":\"Comment\",\"target\":[\"https:\\\/\\\/fuentesfidedignas.com.mx\\\/index.php\\\/2021\\\/09\\\/29\\\/secretaria-de-salud-capacita-a-personal-del-stasac-en-primeros-auxilios\\\/#respond\"]}]},{\"@type\":\"WebPage\",\"@id\":\"https:\\\/\\\/fuentesfidedignas.com.mx\\\/index.php\\\/2021\\\/09\\\/29\\\/secretaria-de-salud-capacita-a-personal-del-stasac-en-primeros-auxilios\\\/\",\"url\":\"https:\\\/\\\/fuentesfidedignas.com.mx\\\/index.php\\\/2021\\\/09\\\/29\\\/secretaria-de-salud-capacita-a-personal-del-stasac-en-primeros-auxilios\\\/\",\"name\":\"Secretar\u00eda de Salud capacita a personal del Stasac en primeros auxilios - Fuentes Fidedignas\",\"isPartOf\":{\"@id\":\"https:\\\/\\\/fuentesfidedignas.com.mx\\\/#website\"},\"primaryImageOfPage\":{\"@id\":\"https:\\\/\\\/fuentesfidedignas.com.mx\\\/index.php\\\/2021\\\/09\\\/29\\\/secretaria-de-salud-capacita-a-personal-del-stasac-en-primeros-auxilios\\\/#primaryimage\"},\"image\":{\"@id\":\"https:\\\/\\\/fuentesfidedignas.com.mx\\\/index.php\\\/2021\\\/09\\\/29\\\/secretaria-de-salud-capacita-a-personal-del-stasac-en-primeros-auxilios\\\/#primaryimage\"},\"thumbnailUrl\":\"https:\\\/\\\/fuentesfidedignas.com.mx\\\/wp-content\\\/uploads\\\/2021\\\/09\\\/CAPACITACION-3.jpeg\",\"datePublished\":\"2021-09-29T19:15:04+00:00\",\"dateModified\":\"2021-09-29T19:15:05+00:00\",\"breadcrumb\":{\"@id\":\"https:\\\/\\\/fuentesfidedignas.com.mx\\\/index.php\\\/2021\\\/09\\\/29\\\/secretaria-de-salud-capacita-a-personal-del-stasac-en-primeros-auxilios\\\/#breadcrumb\"},\"inLanguage\":\"es\",\"potentialAction\":[{\"@type\":\"ReadAction\",\"target\":[\"https:\\\/\\\/fuentesfidedignas.com.mx\\\/index.php\\\/2021\\\/09\\\/29\\\/secretaria-de-salud-capacita-a-personal-del-stasac-en-primeros-auxilios\\\/\"]}]},{\"@type\":\"ImageObject\",\"inLanguage\":\"es\",\"@id\":\"https:\\\/\\\/fuentesfidedignas.com.mx\\\/index.php\\\/2021\\\/09\\\/29\\\/secretaria-de-salud-capacita-a-personal-del-stasac-en-primeros-auxilios\\\/#primaryimage\",\"url\":\"https:\\\/\\\/fuentesfidedignas.com.mx\\\/wp-content\\\/uploads\\\/2021\\\/09\\\/CAPACITACION-3.jpeg\",\"contentUrl\":\"https:\\\/\\\/fuentesfidedignas.com.mx\\\/wp-content\\\/uploads\\\/2021\\\/09\\\/CAPACITACION-3.jpeg\",\"width\":1600,\"height\":1200},{\"@type\":\"BreadcrumbList\",\"@id\":\"https:\\\/\\\/fuentesfidedignas.com.mx\\\/index.php\\\/2021\\\/09\\\/29\\\/secretaria-de-salud-capacita-a-personal-del-stasac-en-primeros-auxilios\\\/#breadcrumb\",\"itemListElement\":[{\"@type\":\"ListItem\",\"position\":1,\"name\":\"Inicio\",\"item\":\"https:\\\/\\\/fuentesfidedignas.com.mx\\\/\"},{\"@type\":\"ListItem\",\"position\":2,\"name\":\"Secretar\u00eda de Salud capacita a personal del Stasac en primeros auxilios\"}]},{\"@type\":\"WebSite\",\"@id\":\"https:\\\/\\\/fuentesfidedignas.com.mx\\\/#website\",\"url\":\"https:\\\/\\\/fuentesfidedignas.com.mx\\\/\",\"name\":\"Fuentes Fidedignas\",\"description\":\"Otro sitio realizado con WordPress\",\"publisher\":{\"@id\":\"https:\\\/\\\/fuentesfidedignas.com.mx\\\/#organization\"},\"potentialAction\":[{\"@type\":\"SearchAction\",\"target\":{\"@type\":\"EntryPoint\",\"urlTemplate\":\"https:\\\/\\\/fuentesfidedignas.com.mx\\\/?s={search_term_string}\"},\"query-input\":{\"@type\":\"PropertyValueSpecification\",\"valueRequired\":true,\"valueName\":\"search_term_string\"}}],\"inLanguage\":\"es\"},{\"@type\":\"Organization\",\"@id\":\"https:\\\/\\\/fuentesfidedignas.com.mx\\\/#organization\",\"name\":\"Fuentes Fidedignas\",\"url\":\"https:\\\/\\\/fuentesfidedignas.com.mx\\\/\",\"logo\":{\"@type\":\"ImageObject\",\"inLanguage\":\"es\",\"@id\":\"https:\\\/\\\/fuentesfidedignas.com.mx\\\/#\\\/schema\\\/logo\\\/image\\\/\",\"url\":\"https:\\\/\\\/fuentesfidedignas.com.mx\\\/wp-content\\\/uploads\\\/2021\\\/04\\\/logo-retina.png\",\"contentUrl\":\"https:\\\/\\\/fuentesfidedignas.com.mx\\\/wp-content\\\/uploads\\\/2021\\\/04\\\/logo-retina.png\",\"width\":280,\"height\":51,\"caption\":\"Fuentes Fidedignas\"},\"image\":{\"@id\":\"https:\\\/\\\/fuentesfidedignas.com.mx\\\/#\\\/schema\\\/logo\\\/image\\\/\"},\"sameAs\":[\"https:\\\/\\\/www.facebook.com\\\/Fuentes-Fidedignas-368234489921644\",\"https:\\\/\\\/x.com\\\/fidedignas\"]},{\"@type\":\"Person\",\"@id\":\"https:\\\/\\\/fuentesfidedignas.com.mx\\\/#\\\/schema\\\/person\\\/331be9283d37198e2acd5750279085b0\",\"name\":\"Redacci\u00f3n\",\"image\":{\"@type\":\"ImageObject\",\"inLanguage\":\"es\",\"@id\":\"https:\\\/\\\/secure.gravatar.com\\\/avatar\\\/f6d8782c11d12b2d4ad3fbb6931aeab5309937a4d6cd2fc9cfaa28a6396a5aec?s=96&d=mm&r=g\",\"url\":\"https:\\\/\\\/secure.gravatar.com\\\/avatar\\\/f6d8782c11d12b2d4ad3fbb6931aeab5309937a4d6cd2fc9cfaa28a6396a5aec?s=96&d=mm&r=g\",\"contentUrl\":\"https:\\\/\\\/secure.gravatar.com\\\/avatar\\\/f6d8782c11d12b2d4ad3fbb6931aeab5309937a4d6cd2fc9cfaa28a6396a5aec?s=96&d=mm&r=g\",\"caption\":\"Redacci\u00f3n\"},\"url\":\"https:\\\/\\\/fuentesfidedignas.com.mx\\\/index.php\\\/author\\\/redaccion\\\/\"}]}<\/script>\n<!-- \/ Yoast SEO plugin. -->","yoast_head_json":{"title":"Secretar\u00eda de Salud capacita a personal del Stasac en primeros auxilios - Fuentes Fidedignas","robots":{"index":"index","follow":"follow","max-snippet":"max-snippet:-1","max-image-preview":"max-image-preview:large","max-video-preview":"max-video-preview:-1"},"canonical":"https:\/\/fuentesfidedignas.com.mx\/index.php\/2021\/09\/29\/secretaria-de-salud-capacita-a-personal-del-stasac-en-primeros-auxilios\/","og_locale":"es_MX","og_type":"article","og_title":"Secretar\u00eda de Salud capacita a personal del Stasac en primeros auxilios - Fuentes Fidedignas","og_description":"En M\u00e9xico la primera causa de muerte se deriva por enfermedades cardio vasculares Culiac\u00e1n, Sin.- En el marco del D\u00eda Mundial del Coraz\u00f3n, personal de la Secretar\u00eda de Salud inicio la capacitaci\u00f3n a trabajadores del Sindicato de Trabajadores al Servicio del Ayuntamiento de Culiac\u00e1n STASAC, para que cuenten con los conocimientos y puedan otorgar primeros [&hellip;]","og_url":"https:\/\/fuentesfidedignas.com.mx\/index.php\/2021\/09\/29\/secretaria-de-salud-capacita-a-personal-del-stasac-en-primeros-auxilios\/","og_site_name":"Fuentes Fidedignas","article_publisher":"https:\/\/www.facebook.com\/Fuentes-Fidedignas-368234489921644","article_published_time":"2021-09-29T19:15:04+00:00","article_modified_time":"2021-09-29T19:15:05+00:00","og_image":[{"width":1600,"height":1200,"url":"https:\/\/fuentesfidedignas.com.mx\/wp-content\/uploads\/2021\/09\/CAPACITACION-3.jpeg","type":"image\/jpeg"}],"author":"Redacci\u00f3n","twitter_card":"summary_large_image","twitter_creator":"@fidedignas","twitter_site":"@fidedignas","twitter_misc":{"Escrito por":"Redacci\u00f3n","Tiempo de lectura":"3 minutos"},"schema":{"@context":"https:\/\/schema.org","@graph":[{"@type":"Article","@id":"https:\/\/fuentesfidedignas.com.mx\/index.php\/2021\/09\/29\/secretaria-de-salud-capacita-a-personal-del-stasac-en-primeros-auxilios\/#article","isPartOf":{"@id":"https:\/\/fuentesfidedignas.com.mx\/index.php\/2021\/09\/29\/secretaria-de-salud-capacita-a-personal-del-stasac-en-primeros-auxilios\/"},"author":{"name":"Redacci\u00f3n","@id":"https:\/\/fuentesfidedignas.com.mx\/#\/schema\/person\/331be9283d37198e2acd5750279085b0"},"headline":"Secretar\u00eda de Salud capacita a personal del Stasac en primeros auxilios","datePublished":"2021-09-29T19:15:04+00:00","dateModified":"2021-09-29T19:15:05+00:00","mainEntityOfPage":{"@id":"https:\/\/fuentesfidedignas.com.mx\/index.php\/2021\/09\/29\/secretaria-de-salud-capacita-a-personal-del-stasac-en-primeros-auxilios\/"},"wordCount":549,"commentCount":0,"publisher":{"@id":"https:\/\/fuentesfidedignas.com.mx\/#organization"},"image":{"@id":"https:\/\/fuentesfidedignas.com.mx\/index.php\/2021\/09\/29\/secretaria-de-salud-capacita-a-personal-del-stasac-en-primeros-auxilios\/#primaryimage"},"thumbnailUrl":"https:\/\/fuentesfidedignas.com.mx\/wp-content\/uploads\/2021\/09\/CAPACITACION-3.jpeg","keywords":["Efr\u00e9n Encinas Torres","Primeros auxilios","Secretar\u00eda de Salud de Sinaloa","Sindicato de Trabajadores al Servicio del Ayuntamiento de Culiac\u00e1n","Stasac"],"articleSection":["NOTICIAS LOCALES"],"inLanguage":"es","potentialAction":[{"@type":"CommentAction","name":"Comment","target":["https:\/\/fuentesfidedignas.com.mx\/index.php\/2021\/09\/29\/secretaria-de-salud-capacita-a-personal-del-stasac-en-primeros-auxilios\/#respond"]}]},{"@type":"WebPage","@id":"https:\/\/fuentesfidedignas.com.mx\/index.php\/2021\/09\/29\/secretaria-de-salud-capacita-a-personal-del-stasac-en-primeros-auxilios\/","url":"https:\/\/fuentesfidedignas.com.mx\/index.php\/2021\/09\/29\/secretaria-de-salud-capacita-a-personal-del-stasac-en-primeros-auxilios\/","name":"Secretar\u00eda de Salud capacita a personal del Stasac en primeros auxilios - Fuentes Fidedignas","isPartOf":{"@id":"https:\/\/fuentesfidedignas.com.mx\/#website"},"primaryImageOfPage":{"@id":"https:\/\/fuentesfidedignas.com.mx\/index.php\/2021\/09\/29\/secretaria-de-salud-capacita-a-personal-del-stasac-en-primeros-auxilios\/#primaryimage"},"image":{"@id":"https:\/\/fuentesfidedignas.com.mx\/index.php\/2021\/09\/29\/secretaria-de-salud-capacita-a-personal-del-stasac-en-primeros-auxilios\/#primaryimage"},"thumbnailUrl":"https:\/\/fuentesfidedignas.com.mx\/wp-content\/uploads\/2021\/09\/CAPACITACION-3.jpeg","datePublished":"2021-09-29T19:15:04+00:00","dateModified":"2021-09-29T19:15:05+00:00","breadcrumb":{"@id":"https:\/\/fuentesfidedignas.com.mx\/index.php\/2021\/09\/29\/secretaria-de-salud-capacita-a-personal-del-stasac-en-primeros-auxilios\/#breadcrumb"},"inLanguage":"es","potentialAction":[{"@type":"ReadAction","target":["https:\/\/fuentesfidedignas.com.mx\/index.php\/2021\/09\/29\/secretaria-de-salud-capacita-a-personal-del-stasac-en-primeros-auxilios\/"]}]},{"@type":"ImageObject","inLanguage":"es","@id":"https:\/\/fuentesfidedignas.com.mx\/index.php\/2021\/09\/29\/secretaria-de-salud-capacita-a-personal-del-stasac-en-primeros-auxilios\/#primaryimage","url":"https:\/\/fuentesfidedignas.com.mx\/wp-content\/uploads\/2021\/09\/CAPACITACION-3.jpeg","contentUrl":"https:\/\/fuentesfidedignas.com.mx\/wp-content\/uploads\/2021\/09\/CAPACITACION-3.jpeg","width":1600,"height":1200},{"@type":"BreadcrumbList","@id":"https:\/\/fuentesfidedignas.com.mx\/index.php\/2021\/09\/29\/secretaria-de-salud-capacita-a-personal-del-stasac-en-primeros-auxilios\/#breadcrumb","itemListElement":[{"@type":"ListItem","position":1,"name":"Inicio","item":"https:\/\/fuentesfidedignas.com.mx\/"},{"@type":"ListItem","position":2,"name":"Secretar\u00eda de Salud capacita a personal del Stasac en primeros auxilios"}]},{"@type":"WebSite","@id":"https:\/\/fuentesfidedignas.com.mx\/#website","url":"https:\/\/fuentesfidedignas.com.mx\/","name":"Fuentes Fidedignas","description":"Otro sitio realizado con WordPress","publisher":{"@id":"https:\/\/fuentesfidedignas.com.mx\/#organization"},"potentialAction":[{"@type":"SearchAction","target":{"@type":"EntryPoint","urlTemplate":"https:\/\/fuentesfidedignas.com.mx\/?s={search_term_string}"},"query-input":{"@type":"PropertyValueSpecification","valueRequired":true,"valueName":"search_term_string"}}],"inLanguage":"es"},{"@type":"Organization","@id":"https:\/\/fuentesfidedignas.com.mx\/#organization","name":"Fuentes Fidedignas","url":"https:\/\/fuentesfidedignas.com.mx\/","logo":{"@type":"ImageObject","inLanguage":"es","@id":"https:\/\/fuentesfidedignas.com.mx\/#\/schema\/logo\/image\/","url":"https:\/\/fuentesfidedignas.com.mx\/wp-content\/uploads\/2021\/04\/logo-retina.png","contentUrl":"https:\/\/fuentesfidedignas.com.mx\/wp-content\/uploads\/2021\/04\/logo-retina.png","width":280,"height":51,"caption":"Fuentes Fidedignas"},"image":{"@id":"https:\/\/fuentesfidedignas.com.mx\/#\/schema\/logo\/image\/"},"sameAs":["https:\/\/www.facebook.com\/Fuentes-Fidedignas-368234489921644","https:\/\/x.com\/fidedignas"]},{"@type":"Person","@id":"https:\/\/fuentesfidedignas.com.mx\/#\/schema\/person\/331be9283d37198e2acd5750279085b0","name":"Redacci\u00f3n","image":{"@type":"ImageObject","inLanguage":"es","@id":"https:\/\/secure.gravatar.com\/avatar\/f6d8782c11d12b2d4ad3fbb6931aeab5309937a4d6cd2fc9cfaa28a6396a5aec?s=96&d=mm&r=g","url":"https:\/\/secure.gravatar.com\/avatar\/f6d8782c11d12b2d4ad3fbb6931aeab5309937a4d6cd2fc9cfaa28a6396a5aec?s=96&d=mm&r=g","contentUrl":"https:\/\/secure.gravatar.com\/avatar\/f6d8782c11d12b2d4ad3fbb6931aeab5309937a4d6cd2fc9cfaa28a6396a5aec?s=96&d=mm&r=g","caption":"Redacci\u00f3n"},"url":"https:\/\/fuentesfidedignas.com.mx\/index.php\/author\/redaccion\/"}]}},"_links":{"self":[{"href":"https:\/\/fuentesfidedignas.com.mx\/index.php\/wp-json\/wp\/v2\/posts\/13753","targetHints":{"allow":["GET"]}}],"collection":[{"href":"https:\/\/fuentesfidedignas.com.mx\/index.php\/wp-json\/wp\/v2\/posts"}],"about":[{"href":"https:\/\/fuentesfidedignas.com.mx\/index.php\/wp-json\/wp\/v2\/types\/post"}],"author":[{"embeddable":true,"href":"https:\/\/fuentesfidedignas.com.mx\/index.php\/wp-json\/wp\/v2\/users\/4"}],"replies":[{"embeddable":true,"href":"https:\/\/fuentesfidedignas.com.mx\/index.php\/wp-json\/wp\/v2\/comments?post=13753"}],"version-history":[{"count":1,"href":"https:\/\/fuentesfidedignas.com.mx\/index.php\/wp-json\/wp\/v2\/posts\/13753\/revisions"}],"predecessor-version":[{"id":13755,"href":"https:\/\/fuentesfidedignas.com.mx\/index.php\/wp-json\/wp\/v2\/posts\/13753\/revisions\/13755"}],"wp:featuredmedia":[{"embeddable":true,"href":"https:\/\/fuentesfidedignas.com.mx\/index.php\/wp-json\/wp\/v2\/media\/13754"}],"wp:attachment":[{"href":"https:\/\/fuentesfidedignas.com.mx\/index.php\/wp-json\/wp\/v2\/media?parent=13753"}],"wp:term":[{"taxonomy":"category","embeddable":true,"href":"https:\/\/fuentesfidedignas.com.mx\/index.php\/wp-json\/wp\/v2\/categories?post=13753"},{"taxonomy":"post_tag","embeddable":true,"href":"https:\/\/fuentesfidedignas.com.mx\/index.php\/wp-json\/wp\/v2\/tags?post=13753"}],"curies":[{"name":"wp","href":"https:\/\/api.w.org\/{rel}","templated":true}]}}