{"id":13609,"date":"2021-09-27T17:01:50","date_gmt":"2021-09-28T00:01:50","guid":{"rendered":"https:\/\/fuentesfidedignas.com.mx\/?p=13609"},"modified":"2021-09-27T17:01:51","modified_gmt":"2021-09-28T00:01:51","slug":"posible-regreso-presencial-en-ciudad-universitaria-supervisan-instalaciones","status":"publish","type":"post","link":"https:\/\/fuentesfidedignas.com.mx\/index.php\/2021\/09\/27\/posible-regreso-presencial-en-ciudad-universitaria-supervisan-instalaciones\/","title":{"rendered":"Posible regreso presencial en Ciudad Universitaria, supervisan instalaciones"},"content":{"rendered":"\n<p><em><strong>Madue\u00f1a Molina consider\u00f3 que con esta visita a<\/strong> <strong>las unidades acad\u00e9micas se tiene un panorama m\u00e1s claro de las necesidades que presentan y del estado que guardan los espacios<\/strong><\/em><\/p>\n\n\n\n<p>Culiac\u00e1n, Sin.- La fecha para iniciar las clases presenciales se dar\u00e1 a conocer el viernes pr\u00f3ximo, en la reuni\u00f3n que se tendr\u00e1 con el Colegio de Directores.<\/p>\n\n\n\n<p>El Rector de la Universidad Aut\u00f3noma de Sinaloa (UAS), doctor Jes\u00fas Madue\u00f1a Molina, encabez\u00f3 un recorrido de supervisi\u00f3n de las instalaciones y equipamiento en las escuelas y facultades de Ciudad Universitaria ya que, esta semana, se presentar\u00e1 al Colegio de Directores una propuesta para un pr\u00f3ximo regreso presencial a clases.<\/p>\n\n\n\n<p>\u201cEstamos revisando la infraestructura para ver qu\u00e9 necesidades tiene cada escuela de equipamiento, de las instalaciones en ba\u00f1os, de laboratorios, c\u00f3mo est\u00e1n las condiciones de las aulas para tener un diagn\u00f3stico integrado esta semana; est\u00e1 trabajando un Comit\u00e9 que se nombr\u00f3 por parte de la administraci\u00f3n para hacer una propuesta de c\u00f3mo ser\u00e1 el regreso de manera presencial y es lo que estamos haciendo\u201d, detall\u00f3 el Rector.<\/p>\n\n\n\n<p>El dirigente universitario acompa\u00f1ado del Director de Construcci\u00f3n y Mantenimiento, Arq. Jorge P\u00e9rez Rubio y del Director de Bienes e Inventarios, maestro H\u00e9ctor Melesio Cu\u00e9n D\u00edaz, iniciaron el recorrido por la Facultad de Ciencias Qu\u00edmico Biol\u00f3gicas (FCQB) para culminar en la Facultad de Contadur\u00eda y Administraci\u00f3n (FCA).<\/p>\n\n\n\n<p>Madue\u00f1a Molina consider\u00f3 que con esta visita a las unidades acad\u00e9micas se tiene un panorama m\u00e1s claro de las necesidades que presentan y del estado que guardan los espacios, adicionalmente se trabaja en la recuperaci\u00f3n de las \u00e1reas verdes de Ciudad Universitaria que incluye un programa de reforestaci\u00f3n.<\/p>\n\n\n\n<p>\u201cLa idea es recuperar la belleza que ten\u00eda CU pero tambi\u00e9n lo que queremos es que pronto haya por sus pasillos el caminar de los estudiantes y estamos preparando un posible regreso dependiendo de c\u00f3mo estemos en los pr\u00f3ximos d\u00edas, pero ya vamos a hacer un planteamiento preciso para que vaya quedando claro y las escuelas vayan trabajando en torno a eso\u201d, manifest\u00f3.<\/p>\n\n\n\n<p>Por su parte los directores opinaron que la visita del Rector es una clara muestra del acompa\u00f1amiento que tienen por parte de las autoridades universitarias y una oportunidad de que verifique que muchas de las \u00e1reas ya operan de manera presencial con los protocolos de sanidad establecidos.<\/p>\n\n\n\n<p>La directora de la Facultad de Psicolog\u00eda, maestra Nidia L\u00f3pez Leyva, consider\u00f3 que este acercamiento les permite exponer las necesidades que tienen y tambi\u00e9n el trabajo que se realiza en cada unidad acad\u00e9mica, mientras que la directora de la Facultad de Odontolog\u00eda, maestra Maricela Ram\u00edrez \u00c1lvares opin\u00f3 que se sienten tomados en cuenta al poder mostrar las fortalezas y oportunidades de sus planteles y que estas lleguen de manera directa al Rector, quien puede confiar en que se cumplir\u00e1 con un regreso seguro a las aulas cuando se les indique.<\/p>\n","protected":false},"excerpt":{"rendered":"<p>Madue\u00f1a Molina consider\u00f3 que con esta visita a las unidades acad\u00e9micas se tiene un panorama m\u00e1s claro de las necesidades que presentan y del estado que guardan los espacios Culiac\u00e1n, Sin.- La fecha para iniciar las clases presenciales se dar\u00e1 a conocer el viernes pr\u00f3ximo, en la reuni\u00f3n que se tendr\u00e1 con el Colegio de [&hellip;]<\/p>\n","protected":false},"author":4,"featured_media":13610,"comment_status":"open","ping_status":"open","sticky":false,"template":"","format":"standard","meta":{"tdm_status":"","tdm_grid_status":"","footnotes":""},"categories":[37],"tags":[725,81,234],"class_list":{"0":"post-13609","1":"post","2":"type-post","3":"status-publish","4":"format-standard","5":"has-post-thumbnail","7":"category-nota-principal","8":"tag-jesus-maduena-molina","9":"tag-uas","10":"tag-universidad-autonoma-de-sinaloa"},"yoast_head":"<!-- This site is optimized with the Yoast SEO plugin v27.5 - https:\/\/yoast.com\/product\/yoast-seo-wordpress\/ -->\n<title>Posible regreso presencial en Ciudad Universitaria, supervisan instalaciones - Fuentes Fidedignas<\/title>\n<meta name=\"robots\" content=\"index, follow, max-snippet:-1, max-image-preview:large, max-video-preview:-1\" \/>\n<link rel=\"canonical\" href=\"https:\/\/fuentesfidedignas.com.mx\/index.php\/2021\/09\/27\/posible-regreso-presencial-en-ciudad-universitaria-supervisan-instalaciones\/\" \/>\n<meta property=\"og:locale\" content=\"es_MX\" \/>\n<meta property=\"og:type\" content=\"article\" \/>\n<meta property=\"og:title\" content=\"Posible regreso presencial en Ciudad Universitaria, supervisan instalaciones - Fuentes Fidedignas\" \/>\n<meta property=\"og:description\" content=\"Madue\u00f1a Molina consider\u00f3 que con esta visita a las unidades acad\u00e9micas se tiene un panorama m\u00e1s claro de las necesidades que presentan y del estado que guardan los espacios Culiac\u00e1n, Sin.- La fecha para iniciar las clases presenciales se dar\u00e1 a conocer el viernes pr\u00f3ximo, en la reuni\u00f3n que se tendr\u00e1 con el Colegio de [&hellip;]\" \/>\n<meta property=\"og:url\" content=\"https:\/\/fuentesfidedignas.com.mx\/index.php\/2021\/09\/27\/posible-regreso-presencial-en-ciudad-universitaria-supervisan-instalaciones\/\" \/>\n<meta property=\"og:site_name\" content=\"Fuentes Fidedignas\" \/>\n<meta property=\"article:publisher\" content=\"https:\/\/www.facebook.com\/Fuentes-Fidedignas-368234489921644\" \/>\n<meta property=\"article:published_time\" content=\"2021-09-28T00:01:50+00:00\" \/>\n<meta property=\"article:modified_time\" content=\"2021-09-28T00:01:51+00:00\" \/>\n<meta property=\"og:image\" content=\"https:\/\/fuentesfidedignas.com.mx\/wp-content\/uploads\/2021\/09\/Recorrido-CU-2.jpg\" \/>\n\t<meta property=\"og:image:width\" content=\"1280\" \/>\n\t<meta property=\"og:image:height\" content=\"853\" \/>\n\t<meta property=\"og:image:type\" content=\"image\/jpeg\" \/>\n<meta name=\"author\" content=\"Redacci\u00f3n\" \/>\n<meta name=\"twitter:card\" content=\"summary_large_image\" \/>\n<meta name=\"twitter:creator\" content=\"@fidedignas\" \/>\n<meta name=\"twitter:site\" content=\"@fidedignas\" \/>\n<meta name=\"twitter:label1\" content=\"Escrito por\" \/>\n\t<meta name=\"twitter:data1\" content=\"Redacci\u00f3n\" \/>\n\t<meta name=\"twitter:label2\" content=\"Tiempo de lectura\" \/>\n\t<meta name=\"twitter:data2\" content=\"3 minutos\" \/>\n<script type=\"application\/ld+json\" class=\"yoast-schema-graph\">{\"@context\":\"https:\\\/\\\/schema.org\",\"@graph\":[{\"@type\":\"Article\",\"@id\":\"https:\\\/\\\/fuentesfidedignas.com.mx\\\/index.php\\\/2021\\\/09\\\/27\\\/posible-regreso-presencial-en-ciudad-universitaria-supervisan-instalaciones\\\/#article\",\"isPartOf\":{\"@id\":\"https:\\\/\\\/fuentesfidedignas.com.mx\\\/index.php\\\/2021\\\/09\\\/27\\\/posible-regreso-presencial-en-ciudad-universitaria-supervisan-instalaciones\\\/\"},\"author\":{\"name\":\"Redacci\u00f3n\",\"@id\":\"https:\\\/\\\/fuentesfidedignas.com.mx\\\/#\\\/schema\\\/person\\\/331be9283d37198e2acd5750279085b0\"},\"headline\":\"Posible regreso presencial en Ciudad Universitaria, supervisan instalaciones\",\"datePublished\":\"2021-09-28T00:01:50+00:00\",\"dateModified\":\"2021-09-28T00:01:51+00:00\",\"mainEntityOfPage\":{\"@id\":\"https:\\\/\\\/fuentesfidedignas.com.mx\\\/index.php\\\/2021\\\/09\\\/27\\\/posible-regreso-presencial-en-ciudad-universitaria-supervisan-instalaciones\\\/\"},\"wordCount\":521,\"commentCount\":0,\"publisher\":{\"@id\":\"https:\\\/\\\/fuentesfidedignas.com.mx\\\/#organization\"},\"image\":{\"@id\":\"https:\\\/\\\/fuentesfidedignas.com.mx\\\/index.php\\\/2021\\\/09\\\/27\\\/posible-regreso-presencial-en-ciudad-universitaria-supervisan-instalaciones\\\/#primaryimage\"},\"thumbnailUrl\":\"https:\\\/\\\/fuentesfidedignas.com.mx\\\/wp-content\\\/uploads\\\/2021\\\/09\\\/Recorrido-CU-2.jpg\",\"keywords\":[\"Jes\u00fas Madue\u00f1a Molina\",\"UAS\",\"Universidad Aut\u00f3noma de Sinaloa\"],\"articleSection\":[\"NOTA PRINCIPAL\"],\"inLanguage\":\"es\",\"potentialAction\":[{\"@type\":\"CommentAction\",\"name\":\"Comment\",\"target\":[\"https:\\\/\\\/fuentesfidedignas.com.mx\\\/index.php\\\/2021\\\/09\\\/27\\\/posible-regreso-presencial-en-ciudad-universitaria-supervisan-instalaciones\\\/#respond\"]}]},{\"@type\":\"WebPage\",\"@id\":\"https:\\\/\\\/fuentesfidedignas.com.mx\\\/index.php\\\/2021\\\/09\\\/27\\\/posible-regreso-presencial-en-ciudad-universitaria-supervisan-instalaciones\\\/\",\"url\":\"https:\\\/\\\/fuentesfidedignas.com.mx\\\/index.php\\\/2021\\\/09\\\/27\\\/posible-regreso-presencial-en-ciudad-universitaria-supervisan-instalaciones\\\/\",\"name\":\"Posible regreso presencial en Ciudad Universitaria, supervisan instalaciones - Fuentes Fidedignas\",\"isPartOf\":{\"@id\":\"https:\\\/\\\/fuentesfidedignas.com.mx\\\/#website\"},\"primaryImageOfPage\":{\"@id\":\"https:\\\/\\\/fuentesfidedignas.com.mx\\\/index.php\\\/2021\\\/09\\\/27\\\/posible-regreso-presencial-en-ciudad-universitaria-supervisan-instalaciones\\\/#primaryimage\"},\"image\":{\"@id\":\"https:\\\/\\\/fuentesfidedignas.com.mx\\\/index.php\\\/2021\\\/09\\\/27\\\/posible-regreso-presencial-en-ciudad-universitaria-supervisan-instalaciones\\\/#primaryimage\"},\"thumbnailUrl\":\"https:\\\/\\\/fuentesfidedignas.com.mx\\\/wp-content\\\/uploads\\\/2021\\\/09\\\/Recorrido-CU-2.jpg\",\"datePublished\":\"2021-09-28T00:01:50+00:00\",\"dateModified\":\"2021-09-28T00:01:51+00:00\",\"breadcrumb\":{\"@id\":\"https:\\\/\\\/fuentesfidedignas.com.mx\\\/index.php\\\/2021\\\/09\\\/27\\\/posible-regreso-presencial-en-ciudad-universitaria-supervisan-instalaciones\\\/#breadcrumb\"},\"inLanguage\":\"es\",\"potentialAction\":[{\"@type\":\"ReadAction\",\"target\":[\"https:\\\/\\\/fuentesfidedignas.com.mx\\\/index.php\\\/2021\\\/09\\\/27\\\/posible-regreso-presencial-en-ciudad-universitaria-supervisan-instalaciones\\\/\"]}]},{\"@type\":\"ImageObject\",\"inLanguage\":\"es\",\"@id\":\"https:\\\/\\\/fuentesfidedignas.com.mx\\\/index.php\\\/2021\\\/09\\\/27\\\/posible-regreso-presencial-en-ciudad-universitaria-supervisan-instalaciones\\\/#primaryimage\",\"url\":\"https:\\\/\\\/fuentesfidedignas.com.mx\\\/wp-content\\\/uploads\\\/2021\\\/09\\\/Recorrido-CU-2.jpg\",\"contentUrl\":\"https:\\\/\\\/fuentesfidedignas.com.mx\\\/wp-content\\\/uploads\\\/2021\\\/09\\\/Recorrido-CU-2.jpg\",\"width\":1280,\"height\":853},{\"@type\":\"BreadcrumbList\",\"@id\":\"https:\\\/\\\/fuentesfidedignas.com.mx\\\/index.php\\\/2021\\\/09\\\/27\\\/posible-regreso-presencial-en-ciudad-universitaria-supervisan-instalaciones\\\/#breadcrumb\",\"itemListElement\":[{\"@type\":\"ListItem\",\"position\":1,\"name\":\"Inicio\",\"item\":\"https:\\\/\\\/fuentesfidedignas.com.mx\\\/\"},{\"@type\":\"ListItem\",\"position\":2,\"name\":\"Posible regreso presencial en Ciudad Universitaria, supervisan instalaciones\"}]},{\"@type\":\"WebSite\",\"@id\":\"https:\\\/\\\/fuentesfidedignas.com.mx\\\/#website\",\"url\":\"https:\\\/\\\/fuentesfidedignas.com.mx\\\/\",\"name\":\"Fuentes Fidedignas\",\"description\":\"Otro sitio realizado con WordPress\",\"publisher\":{\"@id\":\"https:\\\/\\\/fuentesfidedignas.com.mx\\\/#organization\"},\"potentialAction\":[{\"@type\":\"SearchAction\",\"target\":{\"@type\":\"EntryPoint\",\"urlTemplate\":\"https:\\\/\\\/fuentesfidedignas.com.mx\\\/?s={search_term_string}\"},\"query-input\":{\"@type\":\"PropertyValueSpecification\",\"valueRequired\":true,\"valueName\":\"search_term_string\"}}],\"inLanguage\":\"es\"},{\"@type\":\"Organization\",\"@id\":\"https:\\\/\\\/fuentesfidedignas.com.mx\\\/#organization\",\"name\":\"Fuentes Fidedignas\",\"url\":\"https:\\\/\\\/fuentesfidedignas.com.mx\\\/\",\"logo\":{\"@type\":\"ImageObject\",\"inLanguage\":\"es\",\"@id\":\"https:\\\/\\\/fuentesfidedignas.com.mx\\\/#\\\/schema\\\/logo\\\/image\\\/\",\"url\":\"https:\\\/\\\/fuentesfidedignas.com.mx\\\/wp-content\\\/uploads\\\/2021\\\/04\\\/logo-retina.png\",\"contentUrl\":\"https:\\\/\\\/fuentesfidedignas.com.mx\\\/wp-content\\\/uploads\\\/2021\\\/04\\\/logo-retina.png\",\"width\":280,\"height\":51,\"caption\":\"Fuentes Fidedignas\"},\"image\":{\"@id\":\"https:\\\/\\\/fuentesfidedignas.com.mx\\\/#\\\/schema\\\/logo\\\/image\\\/\"},\"sameAs\":[\"https:\\\/\\\/www.facebook.com\\\/Fuentes-Fidedignas-368234489921644\",\"https:\\\/\\\/x.com\\\/fidedignas\"]},{\"@type\":\"Person\",\"@id\":\"https:\\\/\\\/fuentesfidedignas.com.mx\\\/#\\\/schema\\\/person\\\/331be9283d37198e2acd5750279085b0\",\"name\":\"Redacci\u00f3n\",\"image\":{\"@type\":\"ImageObject\",\"inLanguage\":\"es\",\"@id\":\"https:\\\/\\\/secure.gravatar.com\\\/avatar\\\/f6d8782c11d12b2d4ad3fbb6931aeab5309937a4d6cd2fc9cfaa28a6396a5aec?s=96&d=mm&r=g\",\"url\":\"https:\\\/\\\/secure.gravatar.com\\\/avatar\\\/f6d8782c11d12b2d4ad3fbb6931aeab5309937a4d6cd2fc9cfaa28a6396a5aec?s=96&d=mm&r=g\",\"contentUrl\":\"https:\\\/\\\/secure.gravatar.com\\\/avatar\\\/f6d8782c11d12b2d4ad3fbb6931aeab5309937a4d6cd2fc9cfaa28a6396a5aec?s=96&d=mm&r=g\",\"caption\":\"Redacci\u00f3n\"},\"url\":\"https:\\\/\\\/fuentesfidedignas.com.mx\\\/index.php\\\/author\\\/redaccion\\\/\"}]}<\/script>\n<!-- \/ Yoast SEO plugin. -->","yoast_head_json":{"title":"Posible regreso presencial en Ciudad Universitaria, supervisan instalaciones - Fuentes Fidedignas","robots":{"index":"index","follow":"follow","max-snippet":"max-snippet:-1","max-image-preview":"max-image-preview:large","max-video-preview":"max-video-preview:-1"},"canonical":"https:\/\/fuentesfidedignas.com.mx\/index.php\/2021\/09\/27\/posible-regreso-presencial-en-ciudad-universitaria-supervisan-instalaciones\/","og_locale":"es_MX","og_type":"article","og_title":"Posible regreso presencial en Ciudad Universitaria, supervisan instalaciones - Fuentes Fidedignas","og_description":"Madue\u00f1a Molina consider\u00f3 que con esta visita a las unidades acad\u00e9micas se tiene un panorama m\u00e1s claro de las necesidades que presentan y del estado que guardan los espacios Culiac\u00e1n, Sin.- La fecha para iniciar las clases presenciales se dar\u00e1 a conocer el viernes pr\u00f3ximo, en la reuni\u00f3n que se tendr\u00e1 con el Colegio de [&hellip;]","og_url":"https:\/\/fuentesfidedignas.com.mx\/index.php\/2021\/09\/27\/posible-regreso-presencial-en-ciudad-universitaria-supervisan-instalaciones\/","og_site_name":"Fuentes Fidedignas","article_publisher":"https:\/\/www.facebook.com\/Fuentes-Fidedignas-368234489921644","article_published_time":"2021-09-28T00:01:50+00:00","article_modified_time":"2021-09-28T00:01:51+00:00","og_image":[{"width":1280,"height":853,"url":"https:\/\/fuentesfidedignas.com.mx\/wp-content\/uploads\/2021\/09\/Recorrido-CU-2.jpg","type":"image\/jpeg"}],"author":"Redacci\u00f3n","twitter_card":"summary_large_image","twitter_creator":"@fidedignas","twitter_site":"@fidedignas","twitter_misc":{"Escrito por":"Redacci\u00f3n","Tiempo de lectura":"3 minutos"},"schema":{"@context":"https:\/\/schema.org","@graph":[{"@type":"Article","@id":"https:\/\/fuentesfidedignas.com.mx\/index.php\/2021\/09\/27\/posible-regreso-presencial-en-ciudad-universitaria-supervisan-instalaciones\/#article","isPartOf":{"@id":"https:\/\/fuentesfidedignas.com.mx\/index.php\/2021\/09\/27\/posible-regreso-presencial-en-ciudad-universitaria-supervisan-instalaciones\/"},"author":{"name":"Redacci\u00f3n","@id":"https:\/\/fuentesfidedignas.com.mx\/#\/schema\/person\/331be9283d37198e2acd5750279085b0"},"headline":"Posible regreso presencial en Ciudad Universitaria, supervisan instalaciones","datePublished":"2021-09-28T00:01:50+00:00","dateModified":"2021-09-28T00:01:51+00:00","mainEntityOfPage":{"@id":"https:\/\/fuentesfidedignas.com.mx\/index.php\/2021\/09\/27\/posible-regreso-presencial-en-ciudad-universitaria-supervisan-instalaciones\/"},"wordCount":521,"commentCount":0,"publisher":{"@id":"https:\/\/fuentesfidedignas.com.mx\/#organization"},"image":{"@id":"https:\/\/fuentesfidedignas.com.mx\/index.php\/2021\/09\/27\/posible-regreso-presencial-en-ciudad-universitaria-supervisan-instalaciones\/#primaryimage"},"thumbnailUrl":"https:\/\/fuentesfidedignas.com.mx\/wp-content\/uploads\/2021\/09\/Recorrido-CU-2.jpg","keywords":["Jes\u00fas Madue\u00f1a Molina","UAS","Universidad Aut\u00f3noma de Sinaloa"],"articleSection":["NOTA PRINCIPAL"],"inLanguage":"es","potentialAction":[{"@type":"CommentAction","name":"Comment","target":["https:\/\/fuentesfidedignas.com.mx\/index.php\/2021\/09\/27\/posible-regreso-presencial-en-ciudad-universitaria-supervisan-instalaciones\/#respond"]}]},{"@type":"WebPage","@id":"https:\/\/fuentesfidedignas.com.mx\/index.php\/2021\/09\/27\/posible-regreso-presencial-en-ciudad-universitaria-supervisan-instalaciones\/","url":"https:\/\/fuentesfidedignas.com.mx\/index.php\/2021\/09\/27\/posible-regreso-presencial-en-ciudad-universitaria-supervisan-instalaciones\/","name":"Posible regreso presencial en Ciudad Universitaria, supervisan instalaciones - Fuentes Fidedignas","isPartOf":{"@id":"https:\/\/fuentesfidedignas.com.mx\/#website"},"primaryImageOfPage":{"@id":"https:\/\/fuentesfidedignas.com.mx\/index.php\/2021\/09\/27\/posible-regreso-presencial-en-ciudad-universitaria-supervisan-instalaciones\/#primaryimage"},"image":{"@id":"https:\/\/fuentesfidedignas.com.mx\/index.php\/2021\/09\/27\/posible-regreso-presencial-en-ciudad-universitaria-supervisan-instalaciones\/#primaryimage"},"thumbnailUrl":"https:\/\/fuentesfidedignas.com.mx\/wp-content\/uploads\/2021\/09\/Recorrido-CU-2.jpg","datePublished":"2021-09-28T00:01:50+00:00","dateModified":"2021-09-28T00:01:51+00:00","breadcrumb":{"@id":"https:\/\/fuentesfidedignas.com.mx\/index.php\/2021\/09\/27\/posible-regreso-presencial-en-ciudad-universitaria-supervisan-instalaciones\/#breadcrumb"},"inLanguage":"es","potentialAction":[{"@type":"ReadAction","target":["https:\/\/fuentesfidedignas.com.mx\/index.php\/2021\/09\/27\/posible-regreso-presencial-en-ciudad-universitaria-supervisan-instalaciones\/"]}]},{"@type":"ImageObject","inLanguage":"es","@id":"https:\/\/fuentesfidedignas.com.mx\/index.php\/2021\/09\/27\/posible-regreso-presencial-en-ciudad-universitaria-supervisan-instalaciones\/#primaryimage","url":"https:\/\/fuentesfidedignas.com.mx\/wp-content\/uploads\/2021\/09\/Recorrido-CU-2.jpg","contentUrl":"https:\/\/fuentesfidedignas.com.mx\/wp-content\/uploads\/2021\/09\/Recorrido-CU-2.jpg","width":1280,"height":853},{"@type":"BreadcrumbList","@id":"https:\/\/fuentesfidedignas.com.mx\/index.php\/2021\/09\/27\/posible-regreso-presencial-en-ciudad-universitaria-supervisan-instalaciones\/#breadcrumb","itemListElement":[{"@type":"ListItem","position":1,"name":"Inicio","item":"https:\/\/fuentesfidedignas.com.mx\/"},{"@type":"ListItem","position":2,"name":"Posible regreso presencial en Ciudad Universitaria, supervisan instalaciones"}]},{"@type":"WebSite","@id":"https:\/\/fuentesfidedignas.com.mx\/#website","url":"https:\/\/fuentesfidedignas.com.mx\/","name":"Fuentes Fidedignas","description":"Otro sitio realizado con WordPress","publisher":{"@id":"https:\/\/fuentesfidedignas.com.mx\/#organization"},"potentialAction":[{"@type":"SearchAction","target":{"@type":"EntryPoint","urlTemplate":"https:\/\/fuentesfidedignas.com.mx\/?s={search_term_string}"},"query-input":{"@type":"PropertyValueSpecification","valueRequired":true,"valueName":"search_term_string"}}],"inLanguage":"es"},{"@type":"Organization","@id":"https:\/\/fuentesfidedignas.com.mx\/#organization","name":"Fuentes Fidedignas","url":"https:\/\/fuentesfidedignas.com.mx\/","logo":{"@type":"ImageObject","inLanguage":"es","@id":"https:\/\/fuentesfidedignas.com.mx\/#\/schema\/logo\/image\/","url":"https:\/\/fuentesfidedignas.com.mx\/wp-content\/uploads\/2021\/04\/logo-retina.png","contentUrl":"https:\/\/fuentesfidedignas.com.mx\/wp-content\/uploads\/2021\/04\/logo-retina.png","width":280,"height":51,"caption":"Fuentes Fidedignas"},"image":{"@id":"https:\/\/fuentesfidedignas.com.mx\/#\/schema\/logo\/image\/"},"sameAs":["https:\/\/www.facebook.com\/Fuentes-Fidedignas-368234489921644","https:\/\/x.com\/fidedignas"]},{"@type":"Person","@id":"https:\/\/fuentesfidedignas.com.mx\/#\/schema\/person\/331be9283d37198e2acd5750279085b0","name":"Redacci\u00f3n","image":{"@type":"ImageObject","inLanguage":"es","@id":"https:\/\/secure.gravatar.com\/avatar\/f6d8782c11d12b2d4ad3fbb6931aeab5309937a4d6cd2fc9cfaa28a6396a5aec?s=96&d=mm&r=g","url":"https:\/\/secure.gravatar.com\/avatar\/f6d8782c11d12b2d4ad3fbb6931aeab5309937a4d6cd2fc9cfaa28a6396a5aec?s=96&d=mm&r=g","contentUrl":"https:\/\/secure.gravatar.com\/avatar\/f6d8782c11d12b2d4ad3fbb6931aeab5309937a4d6cd2fc9cfaa28a6396a5aec?s=96&d=mm&r=g","caption":"Redacci\u00f3n"},"url":"https:\/\/fuentesfidedignas.com.mx\/index.php\/author\/redaccion\/"}]}},"_links":{"self":[{"href":"https:\/\/fuentesfidedignas.com.mx\/index.php\/wp-json\/wp\/v2\/posts\/13609","targetHints":{"allow":["GET"]}}],"collection":[{"href":"https:\/\/fuentesfidedignas.com.mx\/index.php\/wp-json\/wp\/v2\/posts"}],"about":[{"href":"https:\/\/fuentesfidedignas.com.mx\/index.php\/wp-json\/wp\/v2\/types\/post"}],"author":[{"embeddable":true,"href":"https:\/\/fuentesfidedignas.com.mx\/index.php\/wp-json\/wp\/v2\/users\/4"}],"replies":[{"embeddable":true,"href":"https:\/\/fuentesfidedignas.com.mx\/index.php\/wp-json\/wp\/v2\/comments?post=13609"}],"version-history":[{"count":1,"href":"https:\/\/fuentesfidedignas.com.mx\/index.php\/wp-json\/wp\/v2\/posts\/13609\/revisions"}],"predecessor-version":[{"id":13611,"href":"https:\/\/fuentesfidedignas.com.mx\/index.php\/wp-json\/wp\/v2\/posts\/13609\/revisions\/13611"}],"wp:featuredmedia":[{"embeddable":true,"href":"https:\/\/fuentesfidedignas.com.mx\/index.php\/wp-json\/wp\/v2\/media\/13610"}],"wp:attachment":[{"href":"https:\/\/fuentesfidedignas.com.mx\/index.php\/wp-json\/wp\/v2\/media?parent=13609"}],"wp:term":[{"taxonomy":"category","embeddable":true,"href":"https:\/\/fuentesfidedignas.com.mx\/index.php\/wp-json\/wp\/v2\/categories?post=13609"},{"taxonomy":"post_tag","embeddable":true,"href":"https:\/\/fuentesfidedignas.com.mx\/index.php\/wp-json\/wp\/v2\/tags?post=13609"}],"curies":[{"name":"wp","href":"https:\/\/api.w.org\/{rel}","templated":true}]}}