{"id":13598,"date":"2021-09-27T16:30:03","date_gmt":"2021-09-27T23:30:03","guid":{"rendered":"https:\/\/fuentesfidedignas.com.mx\/?p=13598"},"modified":"2021-09-27T16:30:04","modified_gmt":"2021-09-27T23:30:04","slug":"sedena-gasta-34-mdp-en-show-por-consumacion-de-la-independencia","status":"publish","type":"post","link":"https:\/\/fuentesfidedignas.com.mx\/index.php\/2021\/09\/27\/sedena-gasta-34-mdp-en-show-por-consumacion-de-la-independencia\/","title":{"rendered":"Sedena gasta 34 mdp en show por Consumaci\u00f3n de la Independencia"},"content":{"rendered":"\n<p><strong><em>Para el show conmemorativo de los 200 a\u00f1os de la Consumaci\u00f3n de la Independencia, la Sedena gast\u00f3 alrededor de 34 mdp.<\/em><\/strong><\/p>\n\n\n\n<p>Ciudad de M\u00e9xico.- Para el show conmemorativo de los 200 a\u00f1os de la Consumaci\u00f3n de la Independencia nacional que se llevar\u00e1 a cabo esta noche en el Z\u00f3calo capitalino con la presencia del presidente Andr\u00e9s Manuel L\u00f3pez Obrador, la Secretar\u00eda de la Defensa Nacional (Sedena) gast\u00f3 34 millones de pesos.<\/p>\n\n\n\n<p>El evento fue otorgado mediante la licitaci\u00f3n p\u00fablica LA-007000999-E821-2021 a la empresa D\u00edgito Multimedia S.A de C.V. para el dise\u00f1o, producci\u00f3n audiovisual multiformato, edici\u00f3n musical, pirotecnia, ejecuci\u00f3n y difusi\u00f3n p\u00fablica de la conmemoraci\u00f3n c\u00edvica.<\/p>\n\n\n\n<p>Digito Multimedia tiene su domicilio fiscal en la calle de Tolstoi 22, colonia Anzures, Alcald\u00eda Miguel Hidalgo, en la Ciudad de M\u00e9xico.<\/p>\n\n\n\n<p>Dicha firma dice poseer experiencia como brindador de servicios multimedia. De acuerdo con el sistema Compranet, esta firma ha dado servicios a la administraci\u00f3n p\u00fablica en los campos de asesor\u00eda, capacitaci\u00f3n, coaching, planeaci\u00f3n, producci\u00f3n y realizaci\u00f3n de eventos<\/p>\n\n\n\n<p>Ha sido contratada para estos fines por la Secretar\u00eda de Comunicaciones y Transportes (SCT) y la Secretar\u00eda de Educaci\u00f3n P\u00fablica (SEP).<\/p>\n\n\n\n<p>De acuerdo con la Sedena, el evento de esta noche tendr\u00e1 una duraci\u00f3n aproximada de 2 horas donde habr\u00e1 una representaci\u00f3n hist\u00f3rica con los siete pasajes hist\u00f3ricos que llevaron a la consumaci\u00f3n de la Independencia.<\/p>\n\n\n\n<p>Se trata del periodo prehisp\u00e1nico al virreinato, el Grito de Independencia, los Sentimientos de la Naci\u00f3n y el ideal de Vicente Guerrero \u201cLa patria es primero\u201d, el Plan de Iguala del 24 de febrero de 1821, los Tratados de C\u00f3rdoba del 24 de agosto de 1821, la entrada triunfal del Ej\u00e9rcito Trigarante el 27 de septiembre de 1821 y la firma del Acta de Independencia el 28 de septiembre de 1821.<\/p>\n\n\n\n<p>Para esto se emplear\u00e1n medios tecnol\u00f3gicos para proyecci\u00f3n de im\u00e1genes en videomapping combinado con iluminaci\u00f3n, rayos l\u00e1ser, audio, video y pirotecnia.<\/p>\n\n\n\n<p>De igual forma habr\u00e1 una incursi\u00f3n de danzantes de la Escuela Nacional de Danza Folcl\u00f3rica del Instituto Nacional de Bellas Artes y Literatura quienes interpretar\u00e1n la Canci\u00f3n Marcial compuesta por Jos\u00e9 Antonio G\u00f3mez en 1824.<\/p>\n\n\n\n<p>Tambi\u00e9n se interpretar\u00e1 la canci\u00f3n \u201cDesde la Ra\u00edz\u201d por el compositor Jaime Flores, acompa\u00f1ado del coro infantil de la Secretar\u00eda de Cultura y el coro y orquesta de la Sedena.<\/p>\n\n\n\n<p>Como parte especial, habr\u00e1 un espect\u00e1culo musical de la delegaci\u00f3n mexicana que se present\u00f3 en el Festival Internacional de Spasskaya Tower 2021 en Mosc\u00fa, Rusia, que est\u00e1 integrado por la banda de m\u00fasica y el ballet folcl\u00f3rico representativo de la Secretar\u00eda de la Defensa Nacional.<\/p>\n","protected":false},"excerpt":{"rendered":"<p>Para el show conmemorativo de los 200 a\u00f1os de la Consumaci\u00f3n de la Independencia, la Sedena gast\u00f3 alrededor de 34 mdp. Ciudad de M\u00e9xico.- Para el show conmemorativo de los 200 a\u00f1os de la Consumaci\u00f3n de la Independencia nacional que se llevar\u00e1 a cabo esta noche en el Z\u00f3calo capitalino con la presencia del presidente [&hellip;]<\/p>\n","protected":false},"author":5,"featured_media":13599,"comment_status":"open","ping_status":"open","sticky":false,"template":"","format":"standard","meta":{"tdm_status":"","tdm_grid_status":"","footnotes":""},"categories":[39],"tags":[1601,797],"class_list":{"0":"post-13598","1":"post","2":"type-post","3":"status-publish","4":"format-standard","5":"has-post-thumbnail","7":"category-noticias-nacionales","8":"tag-secretaria-de-la-defensa-nacional","9":"tag-sedena"},"yoast_head":"<!-- This site is optimized with the Yoast SEO plugin v27.5 - https:\/\/yoast.com\/product\/yoast-seo-wordpress\/ -->\n<title>Sedena gasta 34 mdp en show por Consumaci\u00f3n de la Independencia - Fuentes Fidedignas<\/title>\n<meta name=\"robots\" content=\"index, follow, max-snippet:-1, max-image-preview:large, max-video-preview:-1\" \/>\n<link rel=\"canonical\" href=\"https:\/\/fuentesfidedignas.com.mx\/index.php\/2021\/09\/27\/sedena-gasta-34-mdp-en-show-por-consumacion-de-la-independencia\/\" \/>\n<meta property=\"og:locale\" content=\"es_MX\" \/>\n<meta property=\"og:type\" content=\"article\" \/>\n<meta property=\"og:title\" content=\"Sedena gasta 34 mdp en show por Consumaci\u00f3n de la Independencia - Fuentes Fidedignas\" \/>\n<meta property=\"og:description\" content=\"Para el show conmemorativo de los 200 a\u00f1os de la Consumaci\u00f3n de la Independencia, la Sedena gast\u00f3 alrededor de 34 mdp. Ciudad de M\u00e9xico.- Para el show conmemorativo de los 200 a\u00f1os de la Consumaci\u00f3n de la Independencia nacional que se llevar\u00e1 a cabo esta noche en el Z\u00f3calo capitalino con la presencia del presidente [&hellip;]\" \/>\n<meta property=\"og:url\" content=\"https:\/\/fuentesfidedignas.com.mx\/index.php\/2021\/09\/27\/sedena-gasta-34-mdp-en-show-por-consumacion-de-la-independencia\/\" \/>\n<meta property=\"og:site_name\" content=\"Fuentes Fidedignas\" \/>\n<meta property=\"article:publisher\" content=\"https:\/\/www.facebook.com\/Fuentes-Fidedignas-368234489921644\" \/>\n<meta property=\"article:published_time\" content=\"2021-09-27T23:30:03+00:00\" \/>\n<meta property=\"article:modified_time\" content=\"2021-09-27T23:30:04+00:00\" \/>\n<meta property=\"og:image\" content=\"https:\/\/fuentesfidedignas.com.mx\/wp-content\/uploads\/2021\/09\/sedena-640x360-1.jpg\" \/>\n\t<meta property=\"og:image:width\" content=\"640\" \/>\n\t<meta property=\"og:image:height\" content=\"360\" \/>\n\t<meta property=\"og:image:type\" content=\"image\/jpeg\" \/>\n<meta name=\"author\" content=\"Forbes\" \/>\n<meta name=\"twitter:card\" content=\"summary_large_image\" \/>\n<meta name=\"twitter:creator\" content=\"@fidedignas\" \/>\n<meta name=\"twitter:site\" content=\"@fidedignas\" \/>\n<meta name=\"twitter:label1\" content=\"Escrito por\" \/>\n\t<meta name=\"twitter:data1\" content=\"Forbes\" \/>\n\t<meta name=\"twitter:label2\" content=\"Tiempo de lectura\" \/>\n\t<meta name=\"twitter:data2\" content=\"2 minutos\" \/>\n<script type=\"application\/ld+json\" class=\"yoast-schema-graph\">{\"@context\":\"https:\\\/\\\/schema.org\",\"@graph\":[{\"@type\":\"Article\",\"@id\":\"https:\\\/\\\/fuentesfidedignas.com.mx\\\/index.php\\\/2021\\\/09\\\/27\\\/sedena-gasta-34-mdp-en-show-por-consumacion-de-la-independencia\\\/#article\",\"isPartOf\":{\"@id\":\"https:\\\/\\\/fuentesfidedignas.com.mx\\\/index.php\\\/2021\\\/09\\\/27\\\/sedena-gasta-34-mdp-en-show-por-consumacion-de-la-independencia\\\/\"},\"author\":{\"name\":\"Forbes\",\"@id\":\"https:\\\/\\\/fuentesfidedignas.com.mx\\\/#\\\/schema\\\/person\\\/5623d53fe2e579d825b1679734abcc44\"},\"headline\":\"Sedena gasta 34 mdp en show por Consumaci\u00f3n de la Independencia\",\"datePublished\":\"2021-09-27T23:30:03+00:00\",\"dateModified\":\"2021-09-27T23:30:04+00:00\",\"mainEntityOfPage\":{\"@id\":\"https:\\\/\\\/fuentesfidedignas.com.mx\\\/index.php\\\/2021\\\/09\\\/27\\\/sedena-gasta-34-mdp-en-show-por-consumacion-de-la-independencia\\\/\"},\"wordCount\":486,\"commentCount\":0,\"publisher\":{\"@id\":\"https:\\\/\\\/fuentesfidedignas.com.mx\\\/#organization\"},\"image\":{\"@id\":\"https:\\\/\\\/fuentesfidedignas.com.mx\\\/index.php\\\/2021\\\/09\\\/27\\\/sedena-gasta-34-mdp-en-show-por-consumacion-de-la-independencia\\\/#primaryimage\"},\"thumbnailUrl\":\"https:\\\/\\\/fuentesfidedignas.com.mx\\\/wp-content\\\/uploads\\\/2021\\\/09\\\/sedena-640x360-1.jpg\",\"keywords\":[\"Secretar\u00eda de la Defensa Nacional\",\"Sedena\"],\"articleSection\":[\"NOTICIAS NACIONALES\"],\"inLanguage\":\"es\",\"potentialAction\":[{\"@type\":\"CommentAction\",\"name\":\"Comment\",\"target\":[\"https:\\\/\\\/fuentesfidedignas.com.mx\\\/index.php\\\/2021\\\/09\\\/27\\\/sedena-gasta-34-mdp-en-show-por-consumacion-de-la-independencia\\\/#respond\"]}]},{\"@type\":\"WebPage\",\"@id\":\"https:\\\/\\\/fuentesfidedignas.com.mx\\\/index.php\\\/2021\\\/09\\\/27\\\/sedena-gasta-34-mdp-en-show-por-consumacion-de-la-independencia\\\/\",\"url\":\"https:\\\/\\\/fuentesfidedignas.com.mx\\\/index.php\\\/2021\\\/09\\\/27\\\/sedena-gasta-34-mdp-en-show-por-consumacion-de-la-independencia\\\/\",\"name\":\"Sedena gasta 34 mdp en show por Consumaci\u00f3n de la Independencia - Fuentes Fidedignas\",\"isPartOf\":{\"@id\":\"https:\\\/\\\/fuentesfidedignas.com.mx\\\/#website\"},\"primaryImageOfPage\":{\"@id\":\"https:\\\/\\\/fuentesfidedignas.com.mx\\\/index.php\\\/2021\\\/09\\\/27\\\/sedena-gasta-34-mdp-en-show-por-consumacion-de-la-independencia\\\/#primaryimage\"},\"image\":{\"@id\":\"https:\\\/\\\/fuentesfidedignas.com.mx\\\/index.php\\\/2021\\\/09\\\/27\\\/sedena-gasta-34-mdp-en-show-por-consumacion-de-la-independencia\\\/#primaryimage\"},\"thumbnailUrl\":\"https:\\\/\\\/fuentesfidedignas.com.mx\\\/wp-content\\\/uploads\\\/2021\\\/09\\\/sedena-640x360-1.jpg\",\"datePublished\":\"2021-09-27T23:30:03+00:00\",\"dateModified\":\"2021-09-27T23:30:04+00:00\",\"breadcrumb\":{\"@id\":\"https:\\\/\\\/fuentesfidedignas.com.mx\\\/index.php\\\/2021\\\/09\\\/27\\\/sedena-gasta-34-mdp-en-show-por-consumacion-de-la-independencia\\\/#breadcrumb\"},\"inLanguage\":\"es\",\"potentialAction\":[{\"@type\":\"ReadAction\",\"target\":[\"https:\\\/\\\/fuentesfidedignas.com.mx\\\/index.php\\\/2021\\\/09\\\/27\\\/sedena-gasta-34-mdp-en-show-por-consumacion-de-la-independencia\\\/\"]}]},{\"@type\":\"ImageObject\",\"inLanguage\":\"es\",\"@id\":\"https:\\\/\\\/fuentesfidedignas.com.mx\\\/index.php\\\/2021\\\/09\\\/27\\\/sedena-gasta-34-mdp-en-show-por-consumacion-de-la-independencia\\\/#primaryimage\",\"url\":\"https:\\\/\\\/fuentesfidedignas.com.mx\\\/wp-content\\\/uploads\\\/2021\\\/09\\\/sedena-640x360-1.jpg\",\"contentUrl\":\"https:\\\/\\\/fuentesfidedignas.com.mx\\\/wp-content\\\/uploads\\\/2021\\\/09\\\/sedena-640x360-1.jpg\",\"width\":640,\"height\":360},{\"@type\":\"BreadcrumbList\",\"@id\":\"https:\\\/\\\/fuentesfidedignas.com.mx\\\/index.php\\\/2021\\\/09\\\/27\\\/sedena-gasta-34-mdp-en-show-por-consumacion-de-la-independencia\\\/#breadcrumb\",\"itemListElement\":[{\"@type\":\"ListItem\",\"position\":1,\"name\":\"Inicio\",\"item\":\"https:\\\/\\\/fuentesfidedignas.com.mx\\\/\"},{\"@type\":\"ListItem\",\"position\":2,\"name\":\"Sedena gasta 34 mdp en show por Consumaci\u00f3n de la Independencia\"}]},{\"@type\":\"WebSite\",\"@id\":\"https:\\\/\\\/fuentesfidedignas.com.mx\\\/#website\",\"url\":\"https:\\\/\\\/fuentesfidedignas.com.mx\\\/\",\"name\":\"Fuentes Fidedignas\",\"description\":\"Otro sitio realizado con WordPress\",\"publisher\":{\"@id\":\"https:\\\/\\\/fuentesfidedignas.com.mx\\\/#organization\"},\"potentialAction\":[{\"@type\":\"SearchAction\",\"target\":{\"@type\":\"EntryPoint\",\"urlTemplate\":\"https:\\\/\\\/fuentesfidedignas.com.mx\\\/?s={search_term_string}\"},\"query-input\":{\"@type\":\"PropertyValueSpecification\",\"valueRequired\":true,\"valueName\":\"search_term_string\"}}],\"inLanguage\":\"es\"},{\"@type\":\"Organization\",\"@id\":\"https:\\\/\\\/fuentesfidedignas.com.mx\\\/#organization\",\"name\":\"Fuentes Fidedignas\",\"url\":\"https:\\\/\\\/fuentesfidedignas.com.mx\\\/\",\"logo\":{\"@type\":\"ImageObject\",\"inLanguage\":\"es\",\"@id\":\"https:\\\/\\\/fuentesfidedignas.com.mx\\\/#\\\/schema\\\/logo\\\/image\\\/\",\"url\":\"https:\\\/\\\/fuentesfidedignas.com.mx\\\/wp-content\\\/uploads\\\/2021\\\/04\\\/logo-retina.png\",\"contentUrl\":\"https:\\\/\\\/fuentesfidedignas.com.mx\\\/wp-content\\\/uploads\\\/2021\\\/04\\\/logo-retina.png\",\"width\":280,\"height\":51,\"caption\":\"Fuentes Fidedignas\"},\"image\":{\"@id\":\"https:\\\/\\\/fuentesfidedignas.com.mx\\\/#\\\/schema\\\/logo\\\/image\\\/\"},\"sameAs\":[\"https:\\\/\\\/www.facebook.com\\\/Fuentes-Fidedignas-368234489921644\",\"https:\\\/\\\/x.com\\\/fidedignas\"]},{\"@type\":\"Person\",\"@id\":\"https:\\\/\\\/fuentesfidedignas.com.mx\\\/#\\\/schema\\\/person\\\/5623d53fe2e579d825b1679734abcc44\",\"name\":\"Forbes\",\"image\":{\"@type\":\"ImageObject\",\"inLanguage\":\"es\",\"@id\":\"https:\\\/\\\/secure.gravatar.com\\\/avatar\\\/87ce3dd4e41e60c22a79c758614f01a6bc2469255fc936ec7b15efb9bb5cb66f?s=96&d=mm&r=g\",\"url\":\"https:\\\/\\\/secure.gravatar.com\\\/avatar\\\/87ce3dd4e41e60c22a79c758614f01a6bc2469255fc936ec7b15efb9bb5cb66f?s=96&d=mm&r=g\",\"contentUrl\":\"https:\\\/\\\/secure.gravatar.com\\\/avatar\\\/87ce3dd4e41e60c22a79c758614f01a6bc2469255fc936ec7b15efb9bb5cb66f?s=96&d=mm&r=g\",\"caption\":\"Forbes\"},\"url\":\"https:\\\/\\\/fuentesfidedignas.com.mx\\\/index.php\\\/author\\\/forbes\\\/\"}]}<\/script>\n<!-- \/ Yoast SEO plugin. -->","yoast_head_json":{"title":"Sedena gasta 34 mdp en show por Consumaci\u00f3n de la Independencia - Fuentes Fidedignas","robots":{"index":"index","follow":"follow","max-snippet":"max-snippet:-1","max-image-preview":"max-image-preview:large","max-video-preview":"max-video-preview:-1"},"canonical":"https:\/\/fuentesfidedignas.com.mx\/index.php\/2021\/09\/27\/sedena-gasta-34-mdp-en-show-por-consumacion-de-la-independencia\/","og_locale":"es_MX","og_type":"article","og_title":"Sedena gasta 34 mdp en show por Consumaci\u00f3n de la Independencia - Fuentes Fidedignas","og_description":"Para el show conmemorativo de los 200 a\u00f1os de la Consumaci\u00f3n de la Independencia, la Sedena gast\u00f3 alrededor de 34 mdp. Ciudad de M\u00e9xico.- Para el show conmemorativo de los 200 a\u00f1os de la Consumaci\u00f3n de la Independencia nacional que se llevar\u00e1 a cabo esta noche en el Z\u00f3calo capitalino con la presencia del presidente [&hellip;]","og_url":"https:\/\/fuentesfidedignas.com.mx\/index.php\/2021\/09\/27\/sedena-gasta-34-mdp-en-show-por-consumacion-de-la-independencia\/","og_site_name":"Fuentes Fidedignas","article_publisher":"https:\/\/www.facebook.com\/Fuentes-Fidedignas-368234489921644","article_published_time":"2021-09-27T23:30:03+00:00","article_modified_time":"2021-09-27T23:30:04+00:00","og_image":[{"width":640,"height":360,"url":"https:\/\/fuentesfidedignas.com.mx\/wp-content\/uploads\/2021\/09\/sedena-640x360-1.jpg","type":"image\/jpeg"}],"author":"Forbes","twitter_card":"summary_large_image","twitter_creator":"@fidedignas","twitter_site":"@fidedignas","twitter_misc":{"Escrito por":"Forbes","Tiempo de lectura":"2 minutos"},"schema":{"@context":"https:\/\/schema.org","@graph":[{"@type":"Article","@id":"https:\/\/fuentesfidedignas.com.mx\/index.php\/2021\/09\/27\/sedena-gasta-34-mdp-en-show-por-consumacion-de-la-independencia\/#article","isPartOf":{"@id":"https:\/\/fuentesfidedignas.com.mx\/index.php\/2021\/09\/27\/sedena-gasta-34-mdp-en-show-por-consumacion-de-la-independencia\/"},"author":{"name":"Forbes","@id":"https:\/\/fuentesfidedignas.com.mx\/#\/schema\/person\/5623d53fe2e579d825b1679734abcc44"},"headline":"Sedena gasta 34 mdp en show por Consumaci\u00f3n de la Independencia","datePublished":"2021-09-27T23:30:03+00:00","dateModified":"2021-09-27T23:30:04+00:00","mainEntityOfPage":{"@id":"https:\/\/fuentesfidedignas.com.mx\/index.php\/2021\/09\/27\/sedena-gasta-34-mdp-en-show-por-consumacion-de-la-independencia\/"},"wordCount":486,"commentCount":0,"publisher":{"@id":"https:\/\/fuentesfidedignas.com.mx\/#organization"},"image":{"@id":"https:\/\/fuentesfidedignas.com.mx\/index.php\/2021\/09\/27\/sedena-gasta-34-mdp-en-show-por-consumacion-de-la-independencia\/#primaryimage"},"thumbnailUrl":"https:\/\/fuentesfidedignas.com.mx\/wp-content\/uploads\/2021\/09\/sedena-640x360-1.jpg","keywords":["Secretar\u00eda de la Defensa Nacional","Sedena"],"articleSection":["NOTICIAS NACIONALES"],"inLanguage":"es","potentialAction":[{"@type":"CommentAction","name":"Comment","target":["https:\/\/fuentesfidedignas.com.mx\/index.php\/2021\/09\/27\/sedena-gasta-34-mdp-en-show-por-consumacion-de-la-independencia\/#respond"]}]},{"@type":"WebPage","@id":"https:\/\/fuentesfidedignas.com.mx\/index.php\/2021\/09\/27\/sedena-gasta-34-mdp-en-show-por-consumacion-de-la-independencia\/","url":"https:\/\/fuentesfidedignas.com.mx\/index.php\/2021\/09\/27\/sedena-gasta-34-mdp-en-show-por-consumacion-de-la-independencia\/","name":"Sedena gasta 34 mdp en show por Consumaci\u00f3n de la Independencia - Fuentes Fidedignas","isPartOf":{"@id":"https:\/\/fuentesfidedignas.com.mx\/#website"},"primaryImageOfPage":{"@id":"https:\/\/fuentesfidedignas.com.mx\/index.php\/2021\/09\/27\/sedena-gasta-34-mdp-en-show-por-consumacion-de-la-independencia\/#primaryimage"},"image":{"@id":"https:\/\/fuentesfidedignas.com.mx\/index.php\/2021\/09\/27\/sedena-gasta-34-mdp-en-show-por-consumacion-de-la-independencia\/#primaryimage"},"thumbnailUrl":"https:\/\/fuentesfidedignas.com.mx\/wp-content\/uploads\/2021\/09\/sedena-640x360-1.jpg","datePublished":"2021-09-27T23:30:03+00:00","dateModified":"2021-09-27T23:30:04+00:00","breadcrumb":{"@id":"https:\/\/fuentesfidedignas.com.mx\/index.php\/2021\/09\/27\/sedena-gasta-34-mdp-en-show-por-consumacion-de-la-independencia\/#breadcrumb"},"inLanguage":"es","potentialAction":[{"@type":"ReadAction","target":["https:\/\/fuentesfidedignas.com.mx\/index.php\/2021\/09\/27\/sedena-gasta-34-mdp-en-show-por-consumacion-de-la-independencia\/"]}]},{"@type":"ImageObject","inLanguage":"es","@id":"https:\/\/fuentesfidedignas.com.mx\/index.php\/2021\/09\/27\/sedena-gasta-34-mdp-en-show-por-consumacion-de-la-independencia\/#primaryimage","url":"https:\/\/fuentesfidedignas.com.mx\/wp-content\/uploads\/2021\/09\/sedena-640x360-1.jpg","contentUrl":"https:\/\/fuentesfidedignas.com.mx\/wp-content\/uploads\/2021\/09\/sedena-640x360-1.jpg","width":640,"height":360},{"@type":"BreadcrumbList","@id":"https:\/\/fuentesfidedignas.com.mx\/index.php\/2021\/09\/27\/sedena-gasta-34-mdp-en-show-por-consumacion-de-la-independencia\/#breadcrumb","itemListElement":[{"@type":"ListItem","position":1,"name":"Inicio","item":"https:\/\/fuentesfidedignas.com.mx\/"},{"@type":"ListItem","position":2,"name":"Sedena gasta 34 mdp en show por Consumaci\u00f3n de la Independencia"}]},{"@type":"WebSite","@id":"https:\/\/fuentesfidedignas.com.mx\/#website","url":"https:\/\/fuentesfidedignas.com.mx\/","name":"Fuentes Fidedignas","description":"Otro sitio realizado con WordPress","publisher":{"@id":"https:\/\/fuentesfidedignas.com.mx\/#organization"},"potentialAction":[{"@type":"SearchAction","target":{"@type":"EntryPoint","urlTemplate":"https:\/\/fuentesfidedignas.com.mx\/?s={search_term_string}"},"query-input":{"@type":"PropertyValueSpecification","valueRequired":true,"valueName":"search_term_string"}}],"inLanguage":"es"},{"@type":"Organization","@id":"https:\/\/fuentesfidedignas.com.mx\/#organization","name":"Fuentes Fidedignas","url":"https:\/\/fuentesfidedignas.com.mx\/","logo":{"@type":"ImageObject","inLanguage":"es","@id":"https:\/\/fuentesfidedignas.com.mx\/#\/schema\/logo\/image\/","url":"https:\/\/fuentesfidedignas.com.mx\/wp-content\/uploads\/2021\/04\/logo-retina.png","contentUrl":"https:\/\/fuentesfidedignas.com.mx\/wp-content\/uploads\/2021\/04\/logo-retina.png","width":280,"height":51,"caption":"Fuentes Fidedignas"},"image":{"@id":"https:\/\/fuentesfidedignas.com.mx\/#\/schema\/logo\/image\/"},"sameAs":["https:\/\/www.facebook.com\/Fuentes-Fidedignas-368234489921644","https:\/\/x.com\/fidedignas"]},{"@type":"Person","@id":"https:\/\/fuentesfidedignas.com.mx\/#\/schema\/person\/5623d53fe2e579d825b1679734abcc44","name":"Forbes","image":{"@type":"ImageObject","inLanguage":"es","@id":"https:\/\/secure.gravatar.com\/avatar\/87ce3dd4e41e60c22a79c758614f01a6bc2469255fc936ec7b15efb9bb5cb66f?s=96&d=mm&r=g","url":"https:\/\/secure.gravatar.com\/avatar\/87ce3dd4e41e60c22a79c758614f01a6bc2469255fc936ec7b15efb9bb5cb66f?s=96&d=mm&r=g","contentUrl":"https:\/\/secure.gravatar.com\/avatar\/87ce3dd4e41e60c22a79c758614f01a6bc2469255fc936ec7b15efb9bb5cb66f?s=96&d=mm&r=g","caption":"Forbes"},"url":"https:\/\/fuentesfidedignas.com.mx\/index.php\/author\/forbes\/"}]}},"_links":{"self":[{"href":"https:\/\/fuentesfidedignas.com.mx\/index.php\/wp-json\/wp\/v2\/posts\/13598","targetHints":{"allow":["GET"]}}],"collection":[{"href":"https:\/\/fuentesfidedignas.com.mx\/index.php\/wp-json\/wp\/v2\/posts"}],"about":[{"href":"https:\/\/fuentesfidedignas.com.mx\/index.php\/wp-json\/wp\/v2\/types\/post"}],"author":[{"embeddable":true,"href":"https:\/\/fuentesfidedignas.com.mx\/index.php\/wp-json\/wp\/v2\/users\/5"}],"replies":[{"embeddable":true,"href":"https:\/\/fuentesfidedignas.com.mx\/index.php\/wp-json\/wp\/v2\/comments?post=13598"}],"version-history":[{"count":1,"href":"https:\/\/fuentesfidedignas.com.mx\/index.php\/wp-json\/wp\/v2\/posts\/13598\/revisions"}],"predecessor-version":[{"id":13600,"href":"https:\/\/fuentesfidedignas.com.mx\/index.php\/wp-json\/wp\/v2\/posts\/13598\/revisions\/13600"}],"wp:featuredmedia":[{"embeddable":true,"href":"https:\/\/fuentesfidedignas.com.mx\/index.php\/wp-json\/wp\/v2\/media\/13599"}],"wp:attachment":[{"href":"https:\/\/fuentesfidedignas.com.mx\/index.php\/wp-json\/wp\/v2\/media?parent=13598"}],"wp:term":[{"taxonomy":"category","embeddable":true,"href":"https:\/\/fuentesfidedignas.com.mx\/index.php\/wp-json\/wp\/v2\/categories?post=13598"},{"taxonomy":"post_tag","embeddable":true,"href":"https:\/\/fuentesfidedignas.com.mx\/index.php\/wp-json\/wp\/v2\/tags?post=13598"}],"curies":[{"name":"wp","href":"https:\/\/api.w.org\/{rel}","templated":true}]}}