{"id":1359,"date":"2021-05-07T14:08:42","date_gmt":"2021-05-07T21:08:42","guid":{"rendered":"https:\/\/fuentesfidedignas.com.mx\/?p=1359"},"modified":"2021-05-07T14:08:44","modified_gmt":"2021-05-07T21:08:44","slug":"aseguran-a-siete-civiles-armamento-y-vehiculos-tras-agresion-a-estatales-en-mazatlan","status":"publish","type":"post","link":"https:\/\/fuentesfidedignas.com.mx\/index.php\/2021\/05\/07\/aseguran-a-siete-civiles-armamento-y-vehiculos-tras-agresion-a-estatales-en-mazatlan\/","title":{"rendered":"Aseguran a siete civiles, armamento y veh\u00edculos, tras agresi\u00f3n a estatales en Mazatl\u00e1n"},"content":{"rendered":"\n<p><strong><em>Se realizan sobrevuelos en el municipio, acompa\u00f1ados por operativos terrestres coordinados con los tres \u00f3rdenes de gobierno<\/em><\/strong><\/p>\n\n\n\n<p>Mazatl\u00e1n, Sina.-La Secretar\u00eda de Seguridad P\u00fablica de Sinaloa informa que, se reforzaron los operativos y recorridos en el municipio de Mazatl\u00e1n, esto tras la agresi\u00f3n que sufrieron elementos de la Polic\u00eda Estatal Preventiva (PEP) y que dej\u00f3 como resultado el aseguramiento de personas, armamento, veh\u00edculos, gran cantidad de chalecos t\u00e1cticos, uniformes ap\u00f3crifos y el resguardo de un inmueble.<\/p>\n\n\n\n<p>Durante este d\u00eda se realizan sobrevuelos en el municipio, acompa\u00f1ados por operativos terrestres coordinados con los tres \u00f3rdenes de gobierno.<\/p>\n\n\n\n<p>Fue este jueves cuando un convoy de patrullas oficiales que circulaba por diversas calles del puerto, como parte de un operativo preventivo, observaron una unidad motriz cuyos ocupantes mostraron una actitud evasiva ante la autoridad y se introdujeron a un domicilio. Desde el interior efectuaron disparos a los uniformados quienes a su vez repelieron la agresi\u00f3n.<\/p>\n\n\n\n<p>Cabe se\u00f1alar que derivado del intercambio de disparos no hubo civiles ni polic\u00edas lesionados, sin embargo, en el lugar se logr\u00f3 el aseguramiento de siete personas, as\u00ed como ocho armas largas, entre ellas una ametralladora, cargadores, cartuchos \u00fatiles, dos granadas, uniformes t\u00e1cticos ap\u00f3crifos tanto de la Secretar\u00eda de la Defensa Nacional como de la Secretar\u00eda de Marina Armada de M\u00e9xico.<\/p>\n\n\n\n<p>Asimismo, en el lugar se aseguraron siete unidades motrices, as\u00ed como una cantidad considerable de placas vehiculares que, se presume, eran utilizadas para sobreponerlas, cientos de dosis de presunta droga, adem\u00e1s se asegur\u00f3 el inmueble en menci\u00f3n a espera que un juez libere la orden de cateo.<\/p>\n\n\n\n<p>Lo asegurado fue puesto a disposici\u00f3n de las autoridades competentes a fin de realizar las investigaciones correspondientes.<\/p>\n\n\n\n<figure class=\"wp-block-image size-large\"><img decoding=\"async\" width=\"1024\" height=\"644\" src=\"https:\/\/fuentesfidedignas.com.mx\/wp-content\/uploads\/2021\/05\/ARMAMENTO-MAZATLAN-1024x644.jpeg\" alt=\"\" class=\"wp-image-1360\" srcset=\"https:\/\/fuentesfidedignas.com.mx\/wp-content\/uploads\/2021\/05\/ARMAMENTO-MAZATLAN-1024x644.jpeg 1024w, https:\/\/fuentesfidedignas.com.mx\/wp-content\/uploads\/2021\/05\/ARMAMENTO-MAZATLAN-300x189.jpeg 300w, https:\/\/fuentesfidedignas.com.mx\/wp-content\/uploads\/2021\/05\/ARMAMENTO-MAZATLAN-768x483.jpeg 768w, https:\/\/fuentesfidedignas.com.mx\/wp-content\/uploads\/2021\/05\/ARMAMENTO-MAZATLAN-696x438.jpeg 696w, https:\/\/fuentesfidedignas.com.mx\/wp-content\/uploads\/2021\/05\/ARMAMENTO-MAZATLAN-1068x672.jpeg 1068w, https:\/\/fuentesfidedignas.com.mx\/wp-content\/uploads\/2021\/05\/ARMAMENTO-MAZATLAN-668x420.jpeg 668w, https:\/\/fuentesfidedignas.com.mx\/wp-content\/uploads\/2021\/05\/ARMAMENTO-MAZATLAN.jpeg 1280w\" sizes=\"(max-width: 1024px) 100vw, 1024px\" \/><\/figure>\n\n\n\n<figure class=\"wp-block-image size-large\"><img decoding=\"async\" width=\"1024\" height=\"414\" src=\"https:\/\/fuentesfidedignas.com.mx\/wp-content\/uploads\/2021\/05\/VEHICULOS-MAZATLAN-1024x414.jpeg\" alt=\"\" class=\"wp-image-1362\" srcset=\"https:\/\/fuentesfidedignas.com.mx\/wp-content\/uploads\/2021\/05\/VEHICULOS-MAZATLAN-1024x414.jpeg 1024w, https:\/\/fuentesfidedignas.com.mx\/wp-content\/uploads\/2021\/05\/VEHICULOS-MAZATLAN-300x121.jpeg 300w, https:\/\/fuentesfidedignas.com.mx\/wp-content\/uploads\/2021\/05\/VEHICULOS-MAZATLAN-768x310.jpeg 768w, https:\/\/fuentesfidedignas.com.mx\/wp-content\/uploads\/2021\/05\/VEHICULOS-MAZATLAN-696x281.jpeg 696w, https:\/\/fuentesfidedignas.com.mx\/wp-content\/uploads\/2021\/05\/VEHICULOS-MAZATLAN-1068x431.jpeg 1068w, https:\/\/fuentesfidedignas.com.mx\/wp-content\/uploads\/2021\/05\/VEHICULOS-MAZATLAN-1040x420.jpeg 1040w, https:\/\/fuentesfidedignas.com.mx\/wp-content\/uploads\/2021\/05\/VEHICULOS-MAZATLAN.jpeg 1280w\" sizes=\"(max-width: 1024px) 100vw, 1024px\" \/><\/figure>\n","protected":false},"excerpt":{"rendered":"<p>Se realizan sobrevuelos en el municipio, acompa\u00f1ados por operativos terrestres coordinados con los tres \u00f3rdenes de gobierno Mazatl\u00e1n, Sina.-La Secretar\u00eda de Seguridad P\u00fablica de Sinaloa informa que, se reforzaron los operativos y recorridos en el municipio de Mazatl\u00e1n, esto tras la agresi\u00f3n que sufrieron elementos de la Polic\u00eda Estatal Preventiva (PEP) y que dej\u00f3 como [&hellip;]<\/p>\n","protected":false},"author":4,"featured_media":1361,"comment_status":"open","ping_status":"open","sticky":false,"template":"","format":"standard","meta":{"tdm_status":"","tdm_grid_status":"","footnotes":""},"categories":[37],"tags":[320,186,183],"class_list":{"0":"post-1359","1":"post","2":"type-post","3":"status-publish","4":"format-standard","5":"has-post-thumbnail","7":"category-nota-principal","8":"tag-mazatlan","9":"tag-noticiaslocales","10":"tag-policiaca"},"yoast_head":"<!-- This site is optimized with the Yoast SEO plugin v27.5 - https:\/\/yoast.com\/product\/yoast-seo-wordpress\/ -->\n<title>Aseguran a siete civiles, armamento y veh\u00edculos, tras agresi\u00f3n a estatales en Mazatl\u00e1n - Fuentes Fidedignas<\/title>\n<meta name=\"robots\" content=\"index, follow, max-snippet:-1, max-image-preview:large, max-video-preview:-1\" \/>\n<link rel=\"canonical\" href=\"https:\/\/fuentesfidedignas.com.mx\/index.php\/2021\/05\/07\/aseguran-a-siete-civiles-armamento-y-vehiculos-tras-agresion-a-estatales-en-mazatlan\/\" \/>\n<meta property=\"og:locale\" content=\"es_MX\" \/>\n<meta property=\"og:type\" content=\"article\" \/>\n<meta property=\"og:title\" content=\"Aseguran a siete civiles, armamento y veh\u00edculos, tras agresi\u00f3n a estatales en Mazatl\u00e1n - Fuentes Fidedignas\" \/>\n<meta property=\"og:description\" content=\"Se realizan sobrevuelos en el municipio, acompa\u00f1ados por operativos terrestres coordinados con los tres \u00f3rdenes de gobierno Mazatl\u00e1n, Sina.-La Secretar\u00eda de Seguridad P\u00fablica de Sinaloa informa que, se reforzaron los operativos y recorridos en el municipio de Mazatl\u00e1n, esto tras la agresi\u00f3n que sufrieron elementos de la Polic\u00eda Estatal Preventiva (PEP) y que dej\u00f3 como [&hellip;]\" \/>\n<meta property=\"og:url\" content=\"https:\/\/fuentesfidedignas.com.mx\/index.php\/2021\/05\/07\/aseguran-a-siete-civiles-armamento-y-vehiculos-tras-agresion-a-estatales-en-mazatlan\/\" \/>\n<meta property=\"og:site_name\" content=\"Fuentes Fidedignas\" \/>\n<meta property=\"article:publisher\" content=\"https:\/\/www.facebook.com\/Fuentes-Fidedignas-368234489921644\" \/>\n<meta property=\"article:published_time\" content=\"2021-05-07T21:08:42+00:00\" \/>\n<meta property=\"article:modified_time\" content=\"2021-05-07T21:08:44+00:00\" \/>\n<meta property=\"og:image\" content=\"https:\/\/fuentesfidedignas.com.mx\/wp-content\/uploads\/2021\/05\/ASEGURADOS-MAZATLAN.jpeg\" \/>\n\t<meta property=\"og:image:width\" content=\"1134\" \/>\n\t<meta property=\"og:image:height\" content=\"688\" \/>\n\t<meta property=\"og:image:type\" content=\"image\/jpeg\" \/>\n<meta name=\"author\" content=\"Redacci\u00f3n\" \/>\n<meta name=\"twitter:card\" content=\"summary_large_image\" \/>\n<meta name=\"twitter:creator\" content=\"@fidedignas\" \/>\n<meta name=\"twitter:site\" content=\"@fidedignas\" \/>\n<meta name=\"twitter:label1\" content=\"Escrito por\" \/>\n\t<meta name=\"twitter:data1\" content=\"Redacci\u00f3n\" \/>\n\t<meta name=\"twitter:label2\" content=\"Tiempo de lectura\" \/>\n\t<meta name=\"twitter:data2\" content=\"2 minutos\" \/>\n<script type=\"application\/ld+json\" class=\"yoast-schema-graph\">{\"@context\":\"https:\\\/\\\/schema.org\",\"@graph\":[{\"@type\":\"Article\",\"@id\":\"https:\\\/\\\/fuentesfidedignas.com.mx\\\/index.php\\\/2021\\\/05\\\/07\\\/aseguran-a-siete-civiles-armamento-y-vehiculos-tras-agresion-a-estatales-en-mazatlan\\\/#article\",\"isPartOf\":{\"@id\":\"https:\\\/\\\/fuentesfidedignas.com.mx\\\/index.php\\\/2021\\\/05\\\/07\\\/aseguran-a-siete-civiles-armamento-y-vehiculos-tras-agresion-a-estatales-en-mazatlan\\\/\"},\"author\":{\"name\":\"Redacci\u00f3n\",\"@id\":\"https:\\\/\\\/fuentesfidedignas.com.mx\\\/#\\\/schema\\\/person\\\/331be9283d37198e2acd5750279085b0\"},\"headline\":\"Aseguran a siete civiles, armamento y veh\u00edculos, tras agresi\u00f3n a estatales en Mazatl\u00e1n\",\"datePublished\":\"2021-05-07T21:08:42+00:00\",\"dateModified\":\"2021-05-07T21:08:44+00:00\",\"mainEntityOfPage\":{\"@id\":\"https:\\\/\\\/fuentesfidedignas.com.mx\\\/index.php\\\/2021\\\/05\\\/07\\\/aseguran-a-siete-civiles-armamento-y-vehiculos-tras-agresion-a-estatales-en-mazatlan\\\/\"},\"wordCount\":315,\"commentCount\":0,\"publisher\":{\"@id\":\"https:\\\/\\\/fuentesfidedignas.com.mx\\\/#organization\"},\"image\":{\"@id\":\"https:\\\/\\\/fuentesfidedignas.com.mx\\\/index.php\\\/2021\\\/05\\\/07\\\/aseguran-a-siete-civiles-armamento-y-vehiculos-tras-agresion-a-estatales-en-mazatlan\\\/#primaryimage\"},\"thumbnailUrl\":\"https:\\\/\\\/fuentesfidedignas.com.mx\\\/wp-content\\\/uploads\\\/2021\\\/05\\\/ASEGURADOS-MAZATLAN.jpeg\",\"keywords\":[\"Mazatl\u00e1n\",\"NoticiasLocales\",\"Policiaca\"],\"articleSection\":[\"NOTA PRINCIPAL\"],\"inLanguage\":\"es\",\"potentialAction\":[{\"@type\":\"CommentAction\",\"name\":\"Comment\",\"target\":[\"https:\\\/\\\/fuentesfidedignas.com.mx\\\/index.php\\\/2021\\\/05\\\/07\\\/aseguran-a-siete-civiles-armamento-y-vehiculos-tras-agresion-a-estatales-en-mazatlan\\\/#respond\"]}]},{\"@type\":\"WebPage\",\"@id\":\"https:\\\/\\\/fuentesfidedignas.com.mx\\\/index.php\\\/2021\\\/05\\\/07\\\/aseguran-a-siete-civiles-armamento-y-vehiculos-tras-agresion-a-estatales-en-mazatlan\\\/\",\"url\":\"https:\\\/\\\/fuentesfidedignas.com.mx\\\/index.php\\\/2021\\\/05\\\/07\\\/aseguran-a-siete-civiles-armamento-y-vehiculos-tras-agresion-a-estatales-en-mazatlan\\\/\",\"name\":\"Aseguran a siete civiles, armamento y veh\u00edculos, tras agresi\u00f3n a estatales en Mazatl\u00e1n - Fuentes Fidedignas\",\"isPartOf\":{\"@id\":\"https:\\\/\\\/fuentesfidedignas.com.mx\\\/#website\"},\"primaryImageOfPage\":{\"@id\":\"https:\\\/\\\/fuentesfidedignas.com.mx\\\/index.php\\\/2021\\\/05\\\/07\\\/aseguran-a-siete-civiles-armamento-y-vehiculos-tras-agresion-a-estatales-en-mazatlan\\\/#primaryimage\"},\"image\":{\"@id\":\"https:\\\/\\\/fuentesfidedignas.com.mx\\\/index.php\\\/2021\\\/05\\\/07\\\/aseguran-a-siete-civiles-armamento-y-vehiculos-tras-agresion-a-estatales-en-mazatlan\\\/#primaryimage\"},\"thumbnailUrl\":\"https:\\\/\\\/fuentesfidedignas.com.mx\\\/wp-content\\\/uploads\\\/2021\\\/05\\\/ASEGURADOS-MAZATLAN.jpeg\",\"datePublished\":\"2021-05-07T21:08:42+00:00\",\"dateModified\":\"2021-05-07T21:08:44+00:00\",\"breadcrumb\":{\"@id\":\"https:\\\/\\\/fuentesfidedignas.com.mx\\\/index.php\\\/2021\\\/05\\\/07\\\/aseguran-a-siete-civiles-armamento-y-vehiculos-tras-agresion-a-estatales-en-mazatlan\\\/#breadcrumb\"},\"inLanguage\":\"es\",\"potentialAction\":[{\"@type\":\"ReadAction\",\"target\":[\"https:\\\/\\\/fuentesfidedignas.com.mx\\\/index.php\\\/2021\\\/05\\\/07\\\/aseguran-a-siete-civiles-armamento-y-vehiculos-tras-agresion-a-estatales-en-mazatlan\\\/\"]}]},{\"@type\":\"ImageObject\",\"inLanguage\":\"es\",\"@id\":\"https:\\\/\\\/fuentesfidedignas.com.mx\\\/index.php\\\/2021\\\/05\\\/07\\\/aseguran-a-siete-civiles-armamento-y-vehiculos-tras-agresion-a-estatales-en-mazatlan\\\/#primaryimage\",\"url\":\"https:\\\/\\\/fuentesfidedignas.com.mx\\\/wp-content\\\/uploads\\\/2021\\\/05\\\/ASEGURADOS-MAZATLAN.jpeg\",\"contentUrl\":\"https:\\\/\\\/fuentesfidedignas.com.mx\\\/wp-content\\\/uploads\\\/2021\\\/05\\\/ASEGURADOS-MAZATLAN.jpeg\",\"width\":1134,\"height\":688},{\"@type\":\"BreadcrumbList\",\"@id\":\"https:\\\/\\\/fuentesfidedignas.com.mx\\\/index.php\\\/2021\\\/05\\\/07\\\/aseguran-a-siete-civiles-armamento-y-vehiculos-tras-agresion-a-estatales-en-mazatlan\\\/#breadcrumb\",\"itemListElement\":[{\"@type\":\"ListItem\",\"position\":1,\"name\":\"Inicio\",\"item\":\"https:\\\/\\\/fuentesfidedignas.com.mx\\\/\"},{\"@type\":\"ListItem\",\"position\":2,\"name\":\"Aseguran a siete civiles, armamento y veh\u00edculos, tras agresi\u00f3n a estatales en Mazatl\u00e1n\"}]},{\"@type\":\"WebSite\",\"@id\":\"https:\\\/\\\/fuentesfidedignas.com.mx\\\/#website\",\"url\":\"https:\\\/\\\/fuentesfidedignas.com.mx\\\/\",\"name\":\"Fuentes Fidedignas\",\"description\":\"Otro sitio realizado con WordPress\",\"publisher\":{\"@id\":\"https:\\\/\\\/fuentesfidedignas.com.mx\\\/#organization\"},\"potentialAction\":[{\"@type\":\"SearchAction\",\"target\":{\"@type\":\"EntryPoint\",\"urlTemplate\":\"https:\\\/\\\/fuentesfidedignas.com.mx\\\/?s={search_term_string}\"},\"query-input\":{\"@type\":\"PropertyValueSpecification\",\"valueRequired\":true,\"valueName\":\"search_term_string\"}}],\"inLanguage\":\"es\"},{\"@type\":\"Organization\",\"@id\":\"https:\\\/\\\/fuentesfidedignas.com.mx\\\/#organization\",\"name\":\"Fuentes Fidedignas\",\"url\":\"https:\\\/\\\/fuentesfidedignas.com.mx\\\/\",\"logo\":{\"@type\":\"ImageObject\",\"inLanguage\":\"es\",\"@id\":\"https:\\\/\\\/fuentesfidedignas.com.mx\\\/#\\\/schema\\\/logo\\\/image\\\/\",\"url\":\"https:\\\/\\\/fuentesfidedignas.com.mx\\\/wp-content\\\/uploads\\\/2021\\\/04\\\/logo-retina.png\",\"contentUrl\":\"https:\\\/\\\/fuentesfidedignas.com.mx\\\/wp-content\\\/uploads\\\/2021\\\/04\\\/logo-retina.png\",\"width\":280,\"height\":51,\"caption\":\"Fuentes Fidedignas\"},\"image\":{\"@id\":\"https:\\\/\\\/fuentesfidedignas.com.mx\\\/#\\\/schema\\\/logo\\\/image\\\/\"},\"sameAs\":[\"https:\\\/\\\/www.facebook.com\\\/Fuentes-Fidedignas-368234489921644\",\"https:\\\/\\\/x.com\\\/fidedignas\"]},{\"@type\":\"Person\",\"@id\":\"https:\\\/\\\/fuentesfidedignas.com.mx\\\/#\\\/schema\\\/person\\\/331be9283d37198e2acd5750279085b0\",\"name\":\"Redacci\u00f3n\",\"image\":{\"@type\":\"ImageObject\",\"inLanguage\":\"es\",\"@id\":\"https:\\\/\\\/secure.gravatar.com\\\/avatar\\\/f6d8782c11d12b2d4ad3fbb6931aeab5309937a4d6cd2fc9cfaa28a6396a5aec?s=96&d=mm&r=g\",\"url\":\"https:\\\/\\\/secure.gravatar.com\\\/avatar\\\/f6d8782c11d12b2d4ad3fbb6931aeab5309937a4d6cd2fc9cfaa28a6396a5aec?s=96&d=mm&r=g\",\"contentUrl\":\"https:\\\/\\\/secure.gravatar.com\\\/avatar\\\/f6d8782c11d12b2d4ad3fbb6931aeab5309937a4d6cd2fc9cfaa28a6396a5aec?s=96&d=mm&r=g\",\"caption\":\"Redacci\u00f3n\"},\"url\":\"https:\\\/\\\/fuentesfidedignas.com.mx\\\/index.php\\\/author\\\/redaccion\\\/\"}]}<\/script>\n<!-- \/ Yoast SEO plugin. -->","yoast_head_json":{"title":"Aseguran a siete civiles, armamento y veh\u00edculos, tras agresi\u00f3n a estatales en Mazatl\u00e1n - Fuentes Fidedignas","robots":{"index":"index","follow":"follow","max-snippet":"max-snippet:-1","max-image-preview":"max-image-preview:large","max-video-preview":"max-video-preview:-1"},"canonical":"https:\/\/fuentesfidedignas.com.mx\/index.php\/2021\/05\/07\/aseguran-a-siete-civiles-armamento-y-vehiculos-tras-agresion-a-estatales-en-mazatlan\/","og_locale":"es_MX","og_type":"article","og_title":"Aseguran a siete civiles, armamento y veh\u00edculos, tras agresi\u00f3n a estatales en Mazatl\u00e1n - Fuentes Fidedignas","og_description":"Se realizan sobrevuelos en el municipio, acompa\u00f1ados por operativos terrestres coordinados con los tres \u00f3rdenes de gobierno Mazatl\u00e1n, Sina.-La Secretar\u00eda de Seguridad P\u00fablica de Sinaloa informa que, se reforzaron los operativos y recorridos en el municipio de Mazatl\u00e1n, esto tras la agresi\u00f3n que sufrieron elementos de la Polic\u00eda Estatal Preventiva (PEP) y que dej\u00f3 como [&hellip;]","og_url":"https:\/\/fuentesfidedignas.com.mx\/index.php\/2021\/05\/07\/aseguran-a-siete-civiles-armamento-y-vehiculos-tras-agresion-a-estatales-en-mazatlan\/","og_site_name":"Fuentes Fidedignas","article_publisher":"https:\/\/www.facebook.com\/Fuentes-Fidedignas-368234489921644","article_published_time":"2021-05-07T21:08:42+00:00","article_modified_time":"2021-05-07T21:08:44+00:00","og_image":[{"width":1134,"height":688,"url":"https:\/\/fuentesfidedignas.com.mx\/wp-content\/uploads\/2021\/05\/ASEGURADOS-MAZATLAN.jpeg","type":"image\/jpeg"}],"author":"Redacci\u00f3n","twitter_card":"summary_large_image","twitter_creator":"@fidedignas","twitter_site":"@fidedignas","twitter_misc":{"Escrito por":"Redacci\u00f3n","Tiempo de lectura":"2 minutos"},"schema":{"@context":"https:\/\/schema.org","@graph":[{"@type":"Article","@id":"https:\/\/fuentesfidedignas.com.mx\/index.php\/2021\/05\/07\/aseguran-a-siete-civiles-armamento-y-vehiculos-tras-agresion-a-estatales-en-mazatlan\/#article","isPartOf":{"@id":"https:\/\/fuentesfidedignas.com.mx\/index.php\/2021\/05\/07\/aseguran-a-siete-civiles-armamento-y-vehiculos-tras-agresion-a-estatales-en-mazatlan\/"},"author":{"name":"Redacci\u00f3n","@id":"https:\/\/fuentesfidedignas.com.mx\/#\/schema\/person\/331be9283d37198e2acd5750279085b0"},"headline":"Aseguran a siete civiles, armamento y veh\u00edculos, tras agresi\u00f3n a estatales en Mazatl\u00e1n","datePublished":"2021-05-07T21:08:42+00:00","dateModified":"2021-05-07T21:08:44+00:00","mainEntityOfPage":{"@id":"https:\/\/fuentesfidedignas.com.mx\/index.php\/2021\/05\/07\/aseguran-a-siete-civiles-armamento-y-vehiculos-tras-agresion-a-estatales-en-mazatlan\/"},"wordCount":315,"commentCount":0,"publisher":{"@id":"https:\/\/fuentesfidedignas.com.mx\/#organization"},"image":{"@id":"https:\/\/fuentesfidedignas.com.mx\/index.php\/2021\/05\/07\/aseguran-a-siete-civiles-armamento-y-vehiculos-tras-agresion-a-estatales-en-mazatlan\/#primaryimage"},"thumbnailUrl":"https:\/\/fuentesfidedignas.com.mx\/wp-content\/uploads\/2021\/05\/ASEGURADOS-MAZATLAN.jpeg","keywords":["Mazatl\u00e1n","NoticiasLocales","Policiaca"],"articleSection":["NOTA PRINCIPAL"],"inLanguage":"es","potentialAction":[{"@type":"CommentAction","name":"Comment","target":["https:\/\/fuentesfidedignas.com.mx\/index.php\/2021\/05\/07\/aseguran-a-siete-civiles-armamento-y-vehiculos-tras-agresion-a-estatales-en-mazatlan\/#respond"]}]},{"@type":"WebPage","@id":"https:\/\/fuentesfidedignas.com.mx\/index.php\/2021\/05\/07\/aseguran-a-siete-civiles-armamento-y-vehiculos-tras-agresion-a-estatales-en-mazatlan\/","url":"https:\/\/fuentesfidedignas.com.mx\/index.php\/2021\/05\/07\/aseguran-a-siete-civiles-armamento-y-vehiculos-tras-agresion-a-estatales-en-mazatlan\/","name":"Aseguran a siete civiles, armamento y veh\u00edculos, tras agresi\u00f3n a estatales en Mazatl\u00e1n - Fuentes Fidedignas","isPartOf":{"@id":"https:\/\/fuentesfidedignas.com.mx\/#website"},"primaryImageOfPage":{"@id":"https:\/\/fuentesfidedignas.com.mx\/index.php\/2021\/05\/07\/aseguran-a-siete-civiles-armamento-y-vehiculos-tras-agresion-a-estatales-en-mazatlan\/#primaryimage"},"image":{"@id":"https:\/\/fuentesfidedignas.com.mx\/index.php\/2021\/05\/07\/aseguran-a-siete-civiles-armamento-y-vehiculos-tras-agresion-a-estatales-en-mazatlan\/#primaryimage"},"thumbnailUrl":"https:\/\/fuentesfidedignas.com.mx\/wp-content\/uploads\/2021\/05\/ASEGURADOS-MAZATLAN.jpeg","datePublished":"2021-05-07T21:08:42+00:00","dateModified":"2021-05-07T21:08:44+00:00","breadcrumb":{"@id":"https:\/\/fuentesfidedignas.com.mx\/index.php\/2021\/05\/07\/aseguran-a-siete-civiles-armamento-y-vehiculos-tras-agresion-a-estatales-en-mazatlan\/#breadcrumb"},"inLanguage":"es","potentialAction":[{"@type":"ReadAction","target":["https:\/\/fuentesfidedignas.com.mx\/index.php\/2021\/05\/07\/aseguran-a-siete-civiles-armamento-y-vehiculos-tras-agresion-a-estatales-en-mazatlan\/"]}]},{"@type":"ImageObject","inLanguage":"es","@id":"https:\/\/fuentesfidedignas.com.mx\/index.php\/2021\/05\/07\/aseguran-a-siete-civiles-armamento-y-vehiculos-tras-agresion-a-estatales-en-mazatlan\/#primaryimage","url":"https:\/\/fuentesfidedignas.com.mx\/wp-content\/uploads\/2021\/05\/ASEGURADOS-MAZATLAN.jpeg","contentUrl":"https:\/\/fuentesfidedignas.com.mx\/wp-content\/uploads\/2021\/05\/ASEGURADOS-MAZATLAN.jpeg","width":1134,"height":688},{"@type":"BreadcrumbList","@id":"https:\/\/fuentesfidedignas.com.mx\/index.php\/2021\/05\/07\/aseguran-a-siete-civiles-armamento-y-vehiculos-tras-agresion-a-estatales-en-mazatlan\/#breadcrumb","itemListElement":[{"@type":"ListItem","position":1,"name":"Inicio","item":"https:\/\/fuentesfidedignas.com.mx\/"},{"@type":"ListItem","position":2,"name":"Aseguran a siete civiles, armamento y veh\u00edculos, tras agresi\u00f3n a estatales en Mazatl\u00e1n"}]},{"@type":"WebSite","@id":"https:\/\/fuentesfidedignas.com.mx\/#website","url":"https:\/\/fuentesfidedignas.com.mx\/","name":"Fuentes Fidedignas","description":"Otro sitio realizado con WordPress","publisher":{"@id":"https:\/\/fuentesfidedignas.com.mx\/#organization"},"potentialAction":[{"@type":"SearchAction","target":{"@type":"EntryPoint","urlTemplate":"https:\/\/fuentesfidedignas.com.mx\/?s={search_term_string}"},"query-input":{"@type":"PropertyValueSpecification","valueRequired":true,"valueName":"search_term_string"}}],"inLanguage":"es"},{"@type":"Organization","@id":"https:\/\/fuentesfidedignas.com.mx\/#organization","name":"Fuentes Fidedignas","url":"https:\/\/fuentesfidedignas.com.mx\/","logo":{"@type":"ImageObject","inLanguage":"es","@id":"https:\/\/fuentesfidedignas.com.mx\/#\/schema\/logo\/image\/","url":"https:\/\/fuentesfidedignas.com.mx\/wp-content\/uploads\/2021\/04\/logo-retina.png","contentUrl":"https:\/\/fuentesfidedignas.com.mx\/wp-content\/uploads\/2021\/04\/logo-retina.png","width":280,"height":51,"caption":"Fuentes Fidedignas"},"image":{"@id":"https:\/\/fuentesfidedignas.com.mx\/#\/schema\/logo\/image\/"},"sameAs":["https:\/\/www.facebook.com\/Fuentes-Fidedignas-368234489921644","https:\/\/x.com\/fidedignas"]},{"@type":"Person","@id":"https:\/\/fuentesfidedignas.com.mx\/#\/schema\/person\/331be9283d37198e2acd5750279085b0","name":"Redacci\u00f3n","image":{"@type":"ImageObject","inLanguage":"es","@id":"https:\/\/secure.gravatar.com\/avatar\/f6d8782c11d12b2d4ad3fbb6931aeab5309937a4d6cd2fc9cfaa28a6396a5aec?s=96&d=mm&r=g","url":"https:\/\/secure.gravatar.com\/avatar\/f6d8782c11d12b2d4ad3fbb6931aeab5309937a4d6cd2fc9cfaa28a6396a5aec?s=96&d=mm&r=g","contentUrl":"https:\/\/secure.gravatar.com\/avatar\/f6d8782c11d12b2d4ad3fbb6931aeab5309937a4d6cd2fc9cfaa28a6396a5aec?s=96&d=mm&r=g","caption":"Redacci\u00f3n"},"url":"https:\/\/fuentesfidedignas.com.mx\/index.php\/author\/redaccion\/"}]}},"_links":{"self":[{"href":"https:\/\/fuentesfidedignas.com.mx\/index.php\/wp-json\/wp\/v2\/posts\/1359","targetHints":{"allow":["GET"]}}],"collection":[{"href":"https:\/\/fuentesfidedignas.com.mx\/index.php\/wp-json\/wp\/v2\/posts"}],"about":[{"href":"https:\/\/fuentesfidedignas.com.mx\/index.php\/wp-json\/wp\/v2\/types\/post"}],"author":[{"embeddable":true,"href":"https:\/\/fuentesfidedignas.com.mx\/index.php\/wp-json\/wp\/v2\/users\/4"}],"replies":[{"embeddable":true,"href":"https:\/\/fuentesfidedignas.com.mx\/index.php\/wp-json\/wp\/v2\/comments?post=1359"}],"version-history":[{"count":1,"href":"https:\/\/fuentesfidedignas.com.mx\/index.php\/wp-json\/wp\/v2\/posts\/1359\/revisions"}],"predecessor-version":[{"id":1363,"href":"https:\/\/fuentesfidedignas.com.mx\/index.php\/wp-json\/wp\/v2\/posts\/1359\/revisions\/1363"}],"wp:featuredmedia":[{"embeddable":true,"href":"https:\/\/fuentesfidedignas.com.mx\/index.php\/wp-json\/wp\/v2\/media\/1361"}],"wp:attachment":[{"href":"https:\/\/fuentesfidedignas.com.mx\/index.php\/wp-json\/wp\/v2\/media?parent=1359"}],"wp:term":[{"taxonomy":"category","embeddable":true,"href":"https:\/\/fuentesfidedignas.com.mx\/index.php\/wp-json\/wp\/v2\/categories?post=1359"},{"taxonomy":"post_tag","embeddable":true,"href":"https:\/\/fuentesfidedignas.com.mx\/index.php\/wp-json\/wp\/v2\/tags?post=1359"}],"curies":[{"name":"wp","href":"https:\/\/api.w.org\/{rel}","templated":true}]}}