{"id":13519,"date":"2021-09-26T16:01:28","date_gmt":"2021-09-26T23:01:28","guid":{"rendered":"https:\/\/fuentesfidedignas.com.mx\/?p=13519"},"modified":"2021-09-26T16:01:29","modified_gmt":"2021-09-26T23:01:29","slug":"coepriss-mantiene-alerta-sanitaria-para-prevenir-el-golpe-de-calor-y-las-enfermedades-asociadas-a-las-altas-temperaturas","status":"publish","type":"post","link":"https:\/\/fuentesfidedignas.com.mx\/index.php\/2021\/09\/26\/coepriss-mantiene-alerta-sanitaria-para-prevenir-el-golpe-de-calor-y-las-enfermedades-asociadas-a-las-altas-temperaturas\/","title":{"rendered":"Coepriss mantiene alerta sanitaria para prevenir el \u201cgolpe de calor\u201d y las enfermedades asociadas a las altas temperaturas"},"content":{"rendered":"\n<p><strong><em>Advirti\u00f3 que las altas temperaturas en Sinaloa es un problema de salud p\u00fablica pues en esta entidad se registran temperaturas extremas que se consideran de alto riesgo y que hist\u00f3ricamente han sido mapeadas por Coepriss.<\/em><\/strong> <\/p>\n\n\n\n<p>Culiac\u00e1n, Sin.- Se prev\u00e9 un oto\u00f1o m\u00e1s c\u00e1lido de lo normal tras un verano marcado por una intensa ola de calor por lo que Coepriss mantiene la alerta sanitaria emitida al principio del periodo estival con motivo de las altas temperaturas.<\/p>\n\n\n\n<p>El comisionado Jorge Alan Urbina Vidales exhort\u00f3 a la poblaci\u00f3n a seguir las recomendaciones de salud para prevenir los efectos nocivos de las altas temperaturas y la radiaci\u00f3n solar pues cada a\u00f1o sobre exponerse a los rayos solares no solamente es causa probable de enfermedades sino de defunciones.<\/p>\n\n\n\n<p>Coment\u00f3 que seg\u00fan los reportes meteorol\u00f3gicos se pronostican intervalos de lluvias con temperaturas m\u00e1ximas que oscilar\u00e1n entre 35 y 40 grados Celsius en Sinaloa con calor h\u00famedo, sofocante y un factor de radiaci\u00f3n social muy alto con rayos ultravioleta de 8 puntos de las 12:00 a las 14:00 horas.<\/p>\n\n\n\n<p>\u201cSe trata de un ambiente que puede generar intensa sensaci\u00f3n de incomodidad y malestar, sobre todo cuando las temperaturas registran 30\u00ba o m\u00e1s y al mediod\u00eda existe el peligro de insolaci\u00f3n y golpe de calor\u201d, coment\u00f3.<\/p>\n\n\n\n<p>Apunt\u00f3 que el Mapa de Riesgos Sanitarios de Sinaloa contempla las altas temperaturas que se registran en el verano y el oto\u00f1o porque originan padecimientos gastrointestinales (diarreas), deshidrataci\u00f3n, intoxicaci\u00f3n por alimentos descompuestos, quemaduras por exposici\u00f3n al Sol, insolaci\u00f3n, agotamiento y golpe de calor.<\/p>\n\n\n\n<p>Advirti\u00f3 que las altas temperaturas en Sinaloa es un problema de salud p\u00fablica pues en esta entidad se registran temperaturas extremas que se consideran de alto riesgo y que hist\u00f3ricamente han sido mapeadas por Coepriss.<\/p>\n\n\n\n<p>\u201cEn el periodo 1998-2016 Culiac\u00e1n fue el sexto municipio en M\u00e9xico con m\u00e1s muertes registradas por exposici\u00f3n al calor natural excesivo y Sinaloa es uno de los estados m\u00e1s afectados por el calor a nivel nacional\u201d, apunt\u00f3.<\/p>\n\n\n\n<p>Subray\u00f3 que el clima previsto puede ser perjudicial para la salud si no se toman las debidas precauciones al precisar que una de sus manifestaciones m\u00e1s graves es el \u201cgolpe de calor\u201d por el sobrecalentamiento que sufre el cuerpo.<\/p>\n\n\n\n<p>La Comisi\u00f3n Estatal para la Protecci\u00f3n contra Riesgos Sanitarios de Sinaloa (Coepriss) recomienda poner especial cuidado en la poblaci\u00f3n vulnerable como ni\u00f1os, adultos mayores, mujeres embarazadas, personas con su organismo inmunocomprometido y por supuesto, en las mascotas.<\/p>\n\n\n\n<p>Alan Urbina enfatiz\u00f3 que la prevenci\u00f3n es fundamental por lo que la Coepriss mantiene en marcha la campa\u00f1a para prevenir enfermedades ocasionadas por las altas temperaturas ambientales en Sinaloa.<\/p>\n\n\n\n<p>La recomendaci\u00f3n es mantenerse hidratado, beber mucha agua, usar ropa fresca, utilizar gorras o sombrillas para evitar la exposici\u00f3n directa a la luz solar y evitar la sobre exposici\u00f3n a los rayos del sol entre las 10:00 y las 16:00 horas, especialmente entre las 12:00 y las 14:00 horas seg\u00fan los pron\u00f3sticos actuales.<\/p>\n\n\n\n<p>Explic\u00f3 que el \u201cgolpe de calor\u201d es un cuadro m\u00e9dico grave que se produce cuando la temperatura corporal se eleva por encima de 39.4\u00b0 o 40\u00ba cent\u00edgrados, ya sea por efecto de la condici\u00f3n ambiental o la actividad f\u00edsica vigorosa.<\/p>\n\n\n\n<p>\u201cEs un trastorno en el que el organismo no alcanza a disipar el calor que genera o absorbe, es decir, es incapaz de regular superando la temperatura corporal los 40 \u00b0C, afectando considerablemente al cerebro y posteriormente fallas en otros \u00f3rganos del cuerpo\u201d, dijo.<\/p>\n\n\n\n<p>Explic\u00f3 que algunos s\u00edntomas del \u201cgolpe de calor\u201d son temperatura corporal elevada, alteraci\u00f3n del comportamiento o estado mental, sudoraci\u00f3n, n\u00e1useas y v\u00f3mitos, dolor y pulsaciones en la cabeza, piel enrojecida, y respiraci\u00f3n y frecuencia cardiaca acelerada.<\/p>\n\n\n\n<p>\u201cCuando se presenta se requiere atenci\u00f3n m\u00e9dica de urgencia porque puede causar complicaciones graves o la muerte\u201d, precis\u00f3.<\/p>\n\n\n\n<p>\u201cHay que extremar precauciones y no dejar, por ning\u00fan motivo, a una persona o un animal en un autom\u00f3vil estacionado porque esto puede tener funestas consecuencias\u201d, advirti\u00f3.<\/p>\n\n\n\n<p>Puntualiz\u00f3 que el \u201cgolpe de calor\u201d suele afectar a dos grupos de poblaci\u00f3n, por un lado personas sanas que hacen ejercicio f\u00edsico intenso, y por otro lado, ancianos o enfermos, as\u00ed como a personas que se exponen por tiempos prolongados al calor, es decir alba\u00f1iles, jornaleros y empleados que realizan sus actividades con exposici\u00f3n solar.<\/p>\n\n\n\n<p>Por lo anterior, se\u00f1al\u00f3, se recomienda utilizar abundante agua natural durante el periodo de trabajo, m\u00e1s para las personas que trabajan expuestas al sol, evitando las bebidas azucaradas, refrescos o alcohol. \u201cNo hay que esperar a sentir la sed para suministrar l\u00edquidos y evitar las deshidrataciones\u201d, subray\u00f3.<\/p>\n\n\n\n<p>El comisionado sanitario apunt\u00f3 que si se tiene la sospecha de que una persona sufre \u201cgolpe de calor\u201d se debe intentar reducir su temperatura corporal y buscar con urgencia atenci\u00f3n m\u00e9dica.<\/p>\n\n\n\n<p>\u201cSe debe buscar un lugar sombreado y fresco al cual trasladar al afectado, aligerar la ropa para que el cuerpo se ventile, abanicar o ventilar el lugar para disminuir la temperatura corporal del paciente, mojar al paciente con agua a temperatura ambiente para que lo refresque y se puede colocar un pa\u00f1o mojado en frente, nuca, mu\u00f1ecas, axilas o ingles\u201d, dijo.<\/p>\n\n\n\n<p>\u201cSe debe ofrecer agua para rehidratar. El contraste con un agua excesivamente fr\u00eda puede ser perjudicial, por lo que conviene que est\u00e9 fresca pero no helada\u201d, inform\u00f3.<\/p>\n\n\n\n<p>Jorge Alan Urbina Vidales exhort\u00f3 tambi\u00e9n a prevenir las enfermedades asociadas a las altas temperaturas y el \u201cgolpe de calor\u201d en los animales. \u201cLos animales son seres vivos y tambi\u00e9n sienten los efectos nocivos de las altas temperaturas\u201d, coment\u00f3.<\/p>\n\n\n\n<p>\u201cLos perros, por ejemplo, tienen una temperatura corporal dos grados m\u00e1s alta que en los seres humanos, y el golpe de calor se produce cuando la temperatura alcanza un valor por encima de 42 grados cent\u00edgrados. Un s\u00edntoma de alarma en un animal es cansancio e inmovilidad o puede mostrarse mareado, tropezar y dar pasos en falso\u201d, dijo.<\/p>\n\n\n\n<p>Si se sospecha que la mascota est\u00e1 sufriendo un \u201cgolpe de calor\u201d se debe llevar a un lugar m\u00e1s fresco, arroparlo con una toalla h\u00fameda y darle agua para intentar rehidratarlo mientras se trata de acudir con urgencia al veterinario.<\/p>\n\n\n\n<p>Sostuvo que esto se puede evitar cuidando a los animales de las temperaturas extremas y procurando tener agua fresca disponible para que las mascotas puedan mitigar la sed y si es posible tener un espacio para ayudar a las aves y mantener la diversidad.<\/p>\n","protected":false},"excerpt":{"rendered":"<p>Advirti\u00f3 que las altas temperaturas en Sinaloa es un problema de salud p\u00fablica pues en esta entidad se registran temperaturas extremas que se consideran de alto riesgo y que hist\u00f3ricamente han sido mapeadas por Coepriss. Culiac\u00e1n, Sin.- Se prev\u00e9 un oto\u00f1o m\u00e1s c\u00e1lido de lo normal tras un verano marcado por una intensa ola de [&hellip;]<\/p>\n","protected":false},"author":4,"featured_media":13520,"comment_status":"open","ping_status":"open","sticky":false,"template":"","format":"standard","meta":{"tdm_status":"","tdm_grid_status":"","footnotes":""},"categories":[37],"tags":[440,439,346,347,718],"class_list":{"0":"post-13519","1":"post","2":"type-post","3":"status-publish","4":"format-standard","5":"has-post-thumbnail","7":"category-nota-principal","8":"tag-altas-temperaturas","9":"tag-calor","10":"tag-coepriss","11":"tag-comision-estatal-para-la-proteccion-contra-riesgos-sanitarios-de-sinaloa","12":"tag-jorge-alan-urbina-vidales"},"yoast_head":"<!-- This site is optimized with the Yoast SEO plugin v27.4 - https:\/\/yoast.com\/product\/yoast-seo-wordpress\/ -->\n<title>Coepriss mantiene alerta sanitaria para prevenir el \u201cgolpe de calor\u201d y las enfermedades asociadas a las altas temperaturas - Fuentes Fidedignas<\/title>\n<meta name=\"robots\" content=\"index, follow, max-snippet:-1, max-image-preview:large, max-video-preview:-1\" \/>\n<link rel=\"canonical\" href=\"https:\/\/fuentesfidedignas.com.mx\/index.php\/2021\/09\/26\/coepriss-mantiene-alerta-sanitaria-para-prevenir-el-golpe-de-calor-y-las-enfermedades-asociadas-a-las-altas-temperaturas\/\" \/>\n<meta property=\"og:locale\" content=\"es_MX\" \/>\n<meta property=\"og:type\" content=\"article\" \/>\n<meta property=\"og:title\" content=\"Coepriss mantiene alerta sanitaria para prevenir el \u201cgolpe de calor\u201d y las enfermedades asociadas a las altas temperaturas - Fuentes Fidedignas\" \/>\n<meta property=\"og:description\" content=\"Advirti\u00f3 que las altas temperaturas en Sinaloa es un problema de salud p\u00fablica pues en esta entidad se registran temperaturas extremas que se consideran de alto riesgo y que hist\u00f3ricamente han sido mapeadas por Coepriss. Culiac\u00e1n, Sin.- Se prev\u00e9 un oto\u00f1o m\u00e1s c\u00e1lido de lo normal tras un verano marcado por una intensa ola de [&hellip;]\" \/>\n<meta property=\"og:url\" content=\"https:\/\/fuentesfidedignas.com.mx\/index.php\/2021\/09\/26\/coepriss-mantiene-alerta-sanitaria-para-prevenir-el-golpe-de-calor-y-las-enfermedades-asociadas-a-las-altas-temperaturas\/\" \/>\n<meta property=\"og:site_name\" content=\"Fuentes Fidedignas\" \/>\n<meta property=\"article:publisher\" content=\"https:\/\/www.facebook.com\/Fuentes-Fidedignas-368234489921644\" \/>\n<meta property=\"article:published_time\" content=\"2021-09-26T23:01:28+00:00\" \/>\n<meta property=\"article:modified_time\" content=\"2021-09-26T23:01:29+00:00\" \/>\n<meta property=\"og:image\" content=\"https:\/\/fuentesfidedignas.com.mx\/wp-content\/uploads\/2021\/09\/Coepriss-mantiene-alerta-sanitaria-para-prevenir-el-golpe-de-calor-1.jpg\" \/>\n\t<meta property=\"og:image:width\" content=\"1382\" \/>\n\t<meta property=\"og:image:height\" content=\"925\" \/>\n\t<meta property=\"og:image:type\" content=\"image\/jpeg\" \/>\n<meta name=\"author\" content=\"Redacci\u00f3n\" \/>\n<meta name=\"twitter:card\" content=\"summary_large_image\" \/>\n<meta name=\"twitter:creator\" content=\"@fidedignas\" \/>\n<meta name=\"twitter:site\" content=\"@fidedignas\" \/>\n<meta name=\"twitter:label1\" content=\"Escrito por\" \/>\n\t<meta name=\"twitter:data1\" content=\"Redacci\u00f3n\" \/>\n\t<meta name=\"twitter:label2\" content=\"Tiempo de lectura\" \/>\n\t<meta name=\"twitter:data2\" content=\"5 minutos\" \/>\n<script type=\"application\/ld+json\" class=\"yoast-schema-graph\">{\"@context\":\"https:\\\/\\\/schema.org\",\"@graph\":[{\"@type\":\"Article\",\"@id\":\"https:\\\/\\\/fuentesfidedignas.com.mx\\\/index.php\\\/2021\\\/09\\\/26\\\/coepriss-mantiene-alerta-sanitaria-para-prevenir-el-golpe-de-calor-y-las-enfermedades-asociadas-a-las-altas-temperaturas\\\/#article\",\"isPartOf\":{\"@id\":\"https:\\\/\\\/fuentesfidedignas.com.mx\\\/index.php\\\/2021\\\/09\\\/26\\\/coepriss-mantiene-alerta-sanitaria-para-prevenir-el-golpe-de-calor-y-las-enfermedades-asociadas-a-las-altas-temperaturas\\\/\"},\"author\":{\"name\":\"Redacci\u00f3n\",\"@id\":\"https:\\\/\\\/fuentesfidedignas.com.mx\\\/#\\\/schema\\\/person\\\/331be9283d37198e2acd5750279085b0\"},\"headline\":\"Coepriss mantiene alerta sanitaria para prevenir el \u201cgolpe de calor\u201d y las enfermedades asociadas a las altas temperaturas\",\"datePublished\":\"2021-09-26T23:01:28+00:00\",\"dateModified\":\"2021-09-26T23:01:29+00:00\",\"mainEntityOfPage\":{\"@id\":\"https:\\\/\\\/fuentesfidedignas.com.mx\\\/index.php\\\/2021\\\/09\\\/26\\\/coepriss-mantiene-alerta-sanitaria-para-prevenir-el-golpe-de-calor-y-las-enfermedades-asociadas-a-las-altas-temperaturas\\\/\"},\"wordCount\":1130,\"commentCount\":0,\"publisher\":{\"@id\":\"https:\\\/\\\/fuentesfidedignas.com.mx\\\/#organization\"},\"image\":{\"@id\":\"https:\\\/\\\/fuentesfidedignas.com.mx\\\/index.php\\\/2021\\\/09\\\/26\\\/coepriss-mantiene-alerta-sanitaria-para-prevenir-el-golpe-de-calor-y-las-enfermedades-asociadas-a-las-altas-temperaturas\\\/#primaryimage\"},\"thumbnailUrl\":\"https:\\\/\\\/fuentesfidedignas.com.mx\\\/wp-content\\\/uploads\\\/2021\\\/09\\\/Coepriss-mantiene-alerta-sanitaria-para-prevenir-el-golpe-de-calor-1.jpg\",\"keywords\":[\"altas temperaturas\",\"Calor\",\"Coepriss\",\"Comisi\u00f3n Estatal para la Protecci\u00f3n contra Riesgos Sanitarios de Sinaloa\",\"Jorge Alan Urbina Vidales\"],\"articleSection\":[\"NOTA PRINCIPAL\"],\"inLanguage\":\"es\",\"potentialAction\":[{\"@type\":\"CommentAction\",\"name\":\"Comment\",\"target\":[\"https:\\\/\\\/fuentesfidedignas.com.mx\\\/index.php\\\/2021\\\/09\\\/26\\\/coepriss-mantiene-alerta-sanitaria-para-prevenir-el-golpe-de-calor-y-las-enfermedades-asociadas-a-las-altas-temperaturas\\\/#respond\"]}]},{\"@type\":\"WebPage\",\"@id\":\"https:\\\/\\\/fuentesfidedignas.com.mx\\\/index.php\\\/2021\\\/09\\\/26\\\/coepriss-mantiene-alerta-sanitaria-para-prevenir-el-golpe-de-calor-y-las-enfermedades-asociadas-a-las-altas-temperaturas\\\/\",\"url\":\"https:\\\/\\\/fuentesfidedignas.com.mx\\\/index.php\\\/2021\\\/09\\\/26\\\/coepriss-mantiene-alerta-sanitaria-para-prevenir-el-golpe-de-calor-y-las-enfermedades-asociadas-a-las-altas-temperaturas\\\/\",\"name\":\"Coepriss mantiene alerta sanitaria para prevenir el \u201cgolpe de calor\u201d y las enfermedades asociadas a las altas temperaturas - Fuentes Fidedignas\",\"isPartOf\":{\"@id\":\"https:\\\/\\\/fuentesfidedignas.com.mx\\\/#website\"},\"primaryImageOfPage\":{\"@id\":\"https:\\\/\\\/fuentesfidedignas.com.mx\\\/index.php\\\/2021\\\/09\\\/26\\\/coepriss-mantiene-alerta-sanitaria-para-prevenir-el-golpe-de-calor-y-las-enfermedades-asociadas-a-las-altas-temperaturas\\\/#primaryimage\"},\"image\":{\"@id\":\"https:\\\/\\\/fuentesfidedignas.com.mx\\\/index.php\\\/2021\\\/09\\\/26\\\/coepriss-mantiene-alerta-sanitaria-para-prevenir-el-golpe-de-calor-y-las-enfermedades-asociadas-a-las-altas-temperaturas\\\/#primaryimage\"},\"thumbnailUrl\":\"https:\\\/\\\/fuentesfidedignas.com.mx\\\/wp-content\\\/uploads\\\/2021\\\/09\\\/Coepriss-mantiene-alerta-sanitaria-para-prevenir-el-golpe-de-calor-1.jpg\",\"datePublished\":\"2021-09-26T23:01:28+00:00\",\"dateModified\":\"2021-09-26T23:01:29+00:00\",\"breadcrumb\":{\"@id\":\"https:\\\/\\\/fuentesfidedignas.com.mx\\\/index.php\\\/2021\\\/09\\\/26\\\/coepriss-mantiene-alerta-sanitaria-para-prevenir-el-golpe-de-calor-y-las-enfermedades-asociadas-a-las-altas-temperaturas\\\/#breadcrumb\"},\"inLanguage\":\"es\",\"potentialAction\":[{\"@type\":\"ReadAction\",\"target\":[\"https:\\\/\\\/fuentesfidedignas.com.mx\\\/index.php\\\/2021\\\/09\\\/26\\\/coepriss-mantiene-alerta-sanitaria-para-prevenir-el-golpe-de-calor-y-las-enfermedades-asociadas-a-las-altas-temperaturas\\\/\"]}]},{\"@type\":\"ImageObject\",\"inLanguage\":\"es\",\"@id\":\"https:\\\/\\\/fuentesfidedignas.com.mx\\\/index.php\\\/2021\\\/09\\\/26\\\/coepriss-mantiene-alerta-sanitaria-para-prevenir-el-golpe-de-calor-y-las-enfermedades-asociadas-a-las-altas-temperaturas\\\/#primaryimage\",\"url\":\"https:\\\/\\\/fuentesfidedignas.com.mx\\\/wp-content\\\/uploads\\\/2021\\\/09\\\/Coepriss-mantiene-alerta-sanitaria-para-prevenir-el-golpe-de-calor-1.jpg\",\"contentUrl\":\"https:\\\/\\\/fuentesfidedignas.com.mx\\\/wp-content\\\/uploads\\\/2021\\\/09\\\/Coepriss-mantiene-alerta-sanitaria-para-prevenir-el-golpe-de-calor-1.jpg\",\"width\":1382,\"height\":925},{\"@type\":\"BreadcrumbList\",\"@id\":\"https:\\\/\\\/fuentesfidedignas.com.mx\\\/index.php\\\/2021\\\/09\\\/26\\\/coepriss-mantiene-alerta-sanitaria-para-prevenir-el-golpe-de-calor-y-las-enfermedades-asociadas-a-las-altas-temperaturas\\\/#breadcrumb\",\"itemListElement\":[{\"@type\":\"ListItem\",\"position\":1,\"name\":\"Inicio\",\"item\":\"https:\\\/\\\/fuentesfidedignas.com.mx\\\/\"},{\"@type\":\"ListItem\",\"position\":2,\"name\":\"Coepriss mantiene alerta sanitaria para prevenir el \u201cgolpe de calor\u201d y las enfermedades asociadas a las altas temperaturas\"}]},{\"@type\":\"WebSite\",\"@id\":\"https:\\\/\\\/fuentesfidedignas.com.mx\\\/#website\",\"url\":\"https:\\\/\\\/fuentesfidedignas.com.mx\\\/\",\"name\":\"Fuentes Fidedignas\",\"description\":\"Otro sitio realizado con WordPress\",\"publisher\":{\"@id\":\"https:\\\/\\\/fuentesfidedignas.com.mx\\\/#organization\"},\"potentialAction\":[{\"@type\":\"SearchAction\",\"target\":{\"@type\":\"EntryPoint\",\"urlTemplate\":\"https:\\\/\\\/fuentesfidedignas.com.mx\\\/?s={search_term_string}\"},\"query-input\":{\"@type\":\"PropertyValueSpecification\",\"valueRequired\":true,\"valueName\":\"search_term_string\"}}],\"inLanguage\":\"es\"},{\"@type\":\"Organization\",\"@id\":\"https:\\\/\\\/fuentesfidedignas.com.mx\\\/#organization\",\"name\":\"Fuentes Fidedignas\",\"url\":\"https:\\\/\\\/fuentesfidedignas.com.mx\\\/\",\"logo\":{\"@type\":\"ImageObject\",\"inLanguage\":\"es\",\"@id\":\"https:\\\/\\\/fuentesfidedignas.com.mx\\\/#\\\/schema\\\/logo\\\/image\\\/\",\"url\":\"https:\\\/\\\/fuentesfidedignas.com.mx\\\/wp-content\\\/uploads\\\/2021\\\/04\\\/logo-retina.png\",\"contentUrl\":\"https:\\\/\\\/fuentesfidedignas.com.mx\\\/wp-content\\\/uploads\\\/2021\\\/04\\\/logo-retina.png\",\"width\":280,\"height\":51,\"caption\":\"Fuentes Fidedignas\"},\"image\":{\"@id\":\"https:\\\/\\\/fuentesfidedignas.com.mx\\\/#\\\/schema\\\/logo\\\/image\\\/\"},\"sameAs\":[\"https:\\\/\\\/www.facebook.com\\\/Fuentes-Fidedignas-368234489921644\",\"https:\\\/\\\/x.com\\\/fidedignas\"]},{\"@type\":\"Person\",\"@id\":\"https:\\\/\\\/fuentesfidedignas.com.mx\\\/#\\\/schema\\\/person\\\/331be9283d37198e2acd5750279085b0\",\"name\":\"Redacci\u00f3n\",\"image\":{\"@type\":\"ImageObject\",\"inLanguage\":\"es\",\"@id\":\"https:\\\/\\\/secure.gravatar.com\\\/avatar\\\/f6d8782c11d12b2d4ad3fbb6931aeab5309937a4d6cd2fc9cfaa28a6396a5aec?s=96&d=mm&r=g\",\"url\":\"https:\\\/\\\/secure.gravatar.com\\\/avatar\\\/f6d8782c11d12b2d4ad3fbb6931aeab5309937a4d6cd2fc9cfaa28a6396a5aec?s=96&d=mm&r=g\",\"contentUrl\":\"https:\\\/\\\/secure.gravatar.com\\\/avatar\\\/f6d8782c11d12b2d4ad3fbb6931aeab5309937a4d6cd2fc9cfaa28a6396a5aec?s=96&d=mm&r=g\",\"caption\":\"Redacci\u00f3n\"},\"url\":\"https:\\\/\\\/fuentesfidedignas.com.mx\\\/index.php\\\/author\\\/redaccion\\\/\"}]}<\/script>\n<!-- \/ Yoast SEO plugin. -->","yoast_head_json":{"title":"Coepriss mantiene alerta sanitaria para prevenir el \u201cgolpe de calor\u201d y las enfermedades asociadas a las altas temperaturas - Fuentes Fidedignas","robots":{"index":"index","follow":"follow","max-snippet":"max-snippet:-1","max-image-preview":"max-image-preview:large","max-video-preview":"max-video-preview:-1"},"canonical":"https:\/\/fuentesfidedignas.com.mx\/index.php\/2021\/09\/26\/coepriss-mantiene-alerta-sanitaria-para-prevenir-el-golpe-de-calor-y-las-enfermedades-asociadas-a-las-altas-temperaturas\/","og_locale":"es_MX","og_type":"article","og_title":"Coepriss mantiene alerta sanitaria para prevenir el \u201cgolpe de calor\u201d y las enfermedades asociadas a las altas temperaturas - Fuentes Fidedignas","og_description":"Advirti\u00f3 que las altas temperaturas en Sinaloa es un problema de salud p\u00fablica pues en esta entidad se registran temperaturas extremas que se consideran de alto riesgo y que hist\u00f3ricamente han sido mapeadas por Coepriss. Culiac\u00e1n, Sin.- Se prev\u00e9 un oto\u00f1o m\u00e1s c\u00e1lido de lo normal tras un verano marcado por una intensa ola de [&hellip;]","og_url":"https:\/\/fuentesfidedignas.com.mx\/index.php\/2021\/09\/26\/coepriss-mantiene-alerta-sanitaria-para-prevenir-el-golpe-de-calor-y-las-enfermedades-asociadas-a-las-altas-temperaturas\/","og_site_name":"Fuentes Fidedignas","article_publisher":"https:\/\/www.facebook.com\/Fuentes-Fidedignas-368234489921644","article_published_time":"2021-09-26T23:01:28+00:00","article_modified_time":"2021-09-26T23:01:29+00:00","og_image":[{"width":1382,"height":925,"url":"https:\/\/fuentesfidedignas.com.mx\/wp-content\/uploads\/2021\/09\/Coepriss-mantiene-alerta-sanitaria-para-prevenir-el-golpe-de-calor-1.jpg","type":"image\/jpeg"}],"author":"Redacci\u00f3n","twitter_card":"summary_large_image","twitter_creator":"@fidedignas","twitter_site":"@fidedignas","twitter_misc":{"Escrito por":"Redacci\u00f3n","Tiempo de lectura":"5 minutos"},"schema":{"@context":"https:\/\/schema.org","@graph":[{"@type":"Article","@id":"https:\/\/fuentesfidedignas.com.mx\/index.php\/2021\/09\/26\/coepriss-mantiene-alerta-sanitaria-para-prevenir-el-golpe-de-calor-y-las-enfermedades-asociadas-a-las-altas-temperaturas\/#article","isPartOf":{"@id":"https:\/\/fuentesfidedignas.com.mx\/index.php\/2021\/09\/26\/coepriss-mantiene-alerta-sanitaria-para-prevenir-el-golpe-de-calor-y-las-enfermedades-asociadas-a-las-altas-temperaturas\/"},"author":{"name":"Redacci\u00f3n","@id":"https:\/\/fuentesfidedignas.com.mx\/#\/schema\/person\/331be9283d37198e2acd5750279085b0"},"headline":"Coepriss mantiene alerta sanitaria para prevenir el \u201cgolpe de calor\u201d y las enfermedades asociadas a las altas temperaturas","datePublished":"2021-09-26T23:01:28+00:00","dateModified":"2021-09-26T23:01:29+00:00","mainEntityOfPage":{"@id":"https:\/\/fuentesfidedignas.com.mx\/index.php\/2021\/09\/26\/coepriss-mantiene-alerta-sanitaria-para-prevenir-el-golpe-de-calor-y-las-enfermedades-asociadas-a-las-altas-temperaturas\/"},"wordCount":1130,"commentCount":0,"publisher":{"@id":"https:\/\/fuentesfidedignas.com.mx\/#organization"},"image":{"@id":"https:\/\/fuentesfidedignas.com.mx\/index.php\/2021\/09\/26\/coepriss-mantiene-alerta-sanitaria-para-prevenir-el-golpe-de-calor-y-las-enfermedades-asociadas-a-las-altas-temperaturas\/#primaryimage"},"thumbnailUrl":"https:\/\/fuentesfidedignas.com.mx\/wp-content\/uploads\/2021\/09\/Coepriss-mantiene-alerta-sanitaria-para-prevenir-el-golpe-de-calor-1.jpg","keywords":["altas temperaturas","Calor","Coepriss","Comisi\u00f3n Estatal para la Protecci\u00f3n contra Riesgos Sanitarios de Sinaloa","Jorge Alan Urbina Vidales"],"articleSection":["NOTA PRINCIPAL"],"inLanguage":"es","potentialAction":[{"@type":"CommentAction","name":"Comment","target":["https:\/\/fuentesfidedignas.com.mx\/index.php\/2021\/09\/26\/coepriss-mantiene-alerta-sanitaria-para-prevenir-el-golpe-de-calor-y-las-enfermedades-asociadas-a-las-altas-temperaturas\/#respond"]}]},{"@type":"WebPage","@id":"https:\/\/fuentesfidedignas.com.mx\/index.php\/2021\/09\/26\/coepriss-mantiene-alerta-sanitaria-para-prevenir-el-golpe-de-calor-y-las-enfermedades-asociadas-a-las-altas-temperaturas\/","url":"https:\/\/fuentesfidedignas.com.mx\/index.php\/2021\/09\/26\/coepriss-mantiene-alerta-sanitaria-para-prevenir-el-golpe-de-calor-y-las-enfermedades-asociadas-a-las-altas-temperaturas\/","name":"Coepriss mantiene alerta sanitaria para prevenir el \u201cgolpe de calor\u201d y las enfermedades asociadas a las altas temperaturas - Fuentes Fidedignas","isPartOf":{"@id":"https:\/\/fuentesfidedignas.com.mx\/#website"},"primaryImageOfPage":{"@id":"https:\/\/fuentesfidedignas.com.mx\/index.php\/2021\/09\/26\/coepriss-mantiene-alerta-sanitaria-para-prevenir-el-golpe-de-calor-y-las-enfermedades-asociadas-a-las-altas-temperaturas\/#primaryimage"},"image":{"@id":"https:\/\/fuentesfidedignas.com.mx\/index.php\/2021\/09\/26\/coepriss-mantiene-alerta-sanitaria-para-prevenir-el-golpe-de-calor-y-las-enfermedades-asociadas-a-las-altas-temperaturas\/#primaryimage"},"thumbnailUrl":"https:\/\/fuentesfidedignas.com.mx\/wp-content\/uploads\/2021\/09\/Coepriss-mantiene-alerta-sanitaria-para-prevenir-el-golpe-de-calor-1.jpg","datePublished":"2021-09-26T23:01:28+00:00","dateModified":"2021-09-26T23:01:29+00:00","breadcrumb":{"@id":"https:\/\/fuentesfidedignas.com.mx\/index.php\/2021\/09\/26\/coepriss-mantiene-alerta-sanitaria-para-prevenir-el-golpe-de-calor-y-las-enfermedades-asociadas-a-las-altas-temperaturas\/#breadcrumb"},"inLanguage":"es","potentialAction":[{"@type":"ReadAction","target":["https:\/\/fuentesfidedignas.com.mx\/index.php\/2021\/09\/26\/coepriss-mantiene-alerta-sanitaria-para-prevenir-el-golpe-de-calor-y-las-enfermedades-asociadas-a-las-altas-temperaturas\/"]}]},{"@type":"ImageObject","inLanguage":"es","@id":"https:\/\/fuentesfidedignas.com.mx\/index.php\/2021\/09\/26\/coepriss-mantiene-alerta-sanitaria-para-prevenir-el-golpe-de-calor-y-las-enfermedades-asociadas-a-las-altas-temperaturas\/#primaryimage","url":"https:\/\/fuentesfidedignas.com.mx\/wp-content\/uploads\/2021\/09\/Coepriss-mantiene-alerta-sanitaria-para-prevenir-el-golpe-de-calor-1.jpg","contentUrl":"https:\/\/fuentesfidedignas.com.mx\/wp-content\/uploads\/2021\/09\/Coepriss-mantiene-alerta-sanitaria-para-prevenir-el-golpe-de-calor-1.jpg","width":1382,"height":925},{"@type":"BreadcrumbList","@id":"https:\/\/fuentesfidedignas.com.mx\/index.php\/2021\/09\/26\/coepriss-mantiene-alerta-sanitaria-para-prevenir-el-golpe-de-calor-y-las-enfermedades-asociadas-a-las-altas-temperaturas\/#breadcrumb","itemListElement":[{"@type":"ListItem","position":1,"name":"Inicio","item":"https:\/\/fuentesfidedignas.com.mx\/"},{"@type":"ListItem","position":2,"name":"Coepriss mantiene alerta sanitaria para prevenir el \u201cgolpe de calor\u201d y las enfermedades asociadas a las altas temperaturas"}]},{"@type":"WebSite","@id":"https:\/\/fuentesfidedignas.com.mx\/#website","url":"https:\/\/fuentesfidedignas.com.mx\/","name":"Fuentes Fidedignas","description":"Otro sitio realizado con WordPress","publisher":{"@id":"https:\/\/fuentesfidedignas.com.mx\/#organization"},"potentialAction":[{"@type":"SearchAction","target":{"@type":"EntryPoint","urlTemplate":"https:\/\/fuentesfidedignas.com.mx\/?s={search_term_string}"},"query-input":{"@type":"PropertyValueSpecification","valueRequired":true,"valueName":"search_term_string"}}],"inLanguage":"es"},{"@type":"Organization","@id":"https:\/\/fuentesfidedignas.com.mx\/#organization","name":"Fuentes Fidedignas","url":"https:\/\/fuentesfidedignas.com.mx\/","logo":{"@type":"ImageObject","inLanguage":"es","@id":"https:\/\/fuentesfidedignas.com.mx\/#\/schema\/logo\/image\/","url":"https:\/\/fuentesfidedignas.com.mx\/wp-content\/uploads\/2021\/04\/logo-retina.png","contentUrl":"https:\/\/fuentesfidedignas.com.mx\/wp-content\/uploads\/2021\/04\/logo-retina.png","width":280,"height":51,"caption":"Fuentes Fidedignas"},"image":{"@id":"https:\/\/fuentesfidedignas.com.mx\/#\/schema\/logo\/image\/"},"sameAs":["https:\/\/www.facebook.com\/Fuentes-Fidedignas-368234489921644","https:\/\/x.com\/fidedignas"]},{"@type":"Person","@id":"https:\/\/fuentesfidedignas.com.mx\/#\/schema\/person\/331be9283d37198e2acd5750279085b0","name":"Redacci\u00f3n","image":{"@type":"ImageObject","inLanguage":"es","@id":"https:\/\/secure.gravatar.com\/avatar\/f6d8782c11d12b2d4ad3fbb6931aeab5309937a4d6cd2fc9cfaa28a6396a5aec?s=96&d=mm&r=g","url":"https:\/\/secure.gravatar.com\/avatar\/f6d8782c11d12b2d4ad3fbb6931aeab5309937a4d6cd2fc9cfaa28a6396a5aec?s=96&d=mm&r=g","contentUrl":"https:\/\/secure.gravatar.com\/avatar\/f6d8782c11d12b2d4ad3fbb6931aeab5309937a4d6cd2fc9cfaa28a6396a5aec?s=96&d=mm&r=g","caption":"Redacci\u00f3n"},"url":"https:\/\/fuentesfidedignas.com.mx\/index.php\/author\/redaccion\/"}]}},"_links":{"self":[{"href":"https:\/\/fuentesfidedignas.com.mx\/index.php\/wp-json\/wp\/v2\/posts\/13519","targetHints":{"allow":["GET"]}}],"collection":[{"href":"https:\/\/fuentesfidedignas.com.mx\/index.php\/wp-json\/wp\/v2\/posts"}],"about":[{"href":"https:\/\/fuentesfidedignas.com.mx\/index.php\/wp-json\/wp\/v2\/types\/post"}],"author":[{"embeddable":true,"href":"https:\/\/fuentesfidedignas.com.mx\/index.php\/wp-json\/wp\/v2\/users\/4"}],"replies":[{"embeddable":true,"href":"https:\/\/fuentesfidedignas.com.mx\/index.php\/wp-json\/wp\/v2\/comments?post=13519"}],"version-history":[{"count":1,"href":"https:\/\/fuentesfidedignas.com.mx\/index.php\/wp-json\/wp\/v2\/posts\/13519\/revisions"}],"predecessor-version":[{"id":13521,"href":"https:\/\/fuentesfidedignas.com.mx\/index.php\/wp-json\/wp\/v2\/posts\/13519\/revisions\/13521"}],"wp:featuredmedia":[{"embeddable":true,"href":"https:\/\/fuentesfidedignas.com.mx\/index.php\/wp-json\/wp\/v2\/media\/13520"}],"wp:attachment":[{"href":"https:\/\/fuentesfidedignas.com.mx\/index.php\/wp-json\/wp\/v2\/media?parent=13519"}],"wp:term":[{"taxonomy":"category","embeddable":true,"href":"https:\/\/fuentesfidedignas.com.mx\/index.php\/wp-json\/wp\/v2\/categories?post=13519"},{"taxonomy":"post_tag","embeddable":true,"href":"https:\/\/fuentesfidedignas.com.mx\/index.php\/wp-json\/wp\/v2\/tags?post=13519"}],"curies":[{"name":"wp","href":"https:\/\/api.w.org\/{rel}","templated":true}]}}