{"id":13511,"date":"2021-09-26T14:14:48","date_gmt":"2021-09-26T21:14:48","guid":{"rendered":"https:\/\/fuentesfidedignas.com.mx\/?p=13511"},"modified":"2021-09-26T14:14:49","modified_gmt":"2021-09-26T21:14:49","slug":"socialdemocratas-spd-ganan-por-estrecho-margen-las-elecciones-en-alemania","status":"publish","type":"post","link":"https:\/\/fuentesfidedignas.com.mx\/index.php\/2021\/09\/26\/socialdemocratas-spd-ganan-por-estrecho-margen-las-elecciones-en-alemania\/","title":{"rendered":"Socialdem\u00f3cratas (SPD) ganan por estrecho margen las elecciones en Alemania"},"content":{"rendered":"\n<p><strong><em>Los socialdem\u00f3cratas ganaron por estrecho margen las elecciones del domingo en Alemania, seg\u00fan resultados proyectados<\/em><\/strong><\/p>\n\n\n\n<p>Los socialdem\u00f3cratas ganaron por estrecho margen las elecciones del domingo en Alemania, seg\u00fan resultados proyectados, lo que los coloca en la primera posici\u00f3n para liderar un Ejecutivo por primera vez desde 2005 y poner fin a 16 a\u00f1os de gobierno encabezado por los conservadores bajo el mando de Angela Merkel.<\/p>\n\n\n\n<p>Los socialdem\u00f3cratas de centro izquierda (SPD) van camino de conseguir el 25.5% de los votos, por delante del 24.5% del bloque conservador CDU\/CSU de Merkel, de acuerdo a las proyecciones de la cadena \u200b\u200bARD, pero ambas agrupaciones creen que podr\u00e1n liderar el pr\u00f3ximo gobierno.<\/p>\n\n\n\n<p>El resultado ajustado, que vio al bloque CDU\/CSU caer a m\u00ednimos de posguerra para una elecci\u00f3n federal, significa que se vienen largas conversaciones de coalici\u00f3n antes de que un nuevo gobierno asuma el cargo, probablemente involucrando a los Verdes y al Partido Democr\u00e1tico Libre (FDP).<\/p>\n\n\n\n<p>\u201cEsta ser\u00e1 una larga noche electoral, eso es seguro\u201d, dijo el candidato a canciller de los socialdem\u00f3cratas, Olaf Scholz, a sus partidarios jubilosos. \u201cPero tambi\u00e9n es cierto que muchos pusieron su cruz por el SPD porque quieren que el pr\u00f3ximo canciller de Alemania se llame Olaf Scholz\u201d, a\u00f1adi\u00f3.<\/p>\n\n\n\n<p>Scholz, de 63 a\u00f1os, se convertir\u00eda en el cuarto canciller del SPD de la posguerra despu\u00e9s de Willy Brandt, Helmut Schmidt y Gerhard Schroeder. Ministro de Finanzas en la inc\u00f3moda \u201cgran coalici\u00f3n\u201d gobernante de Merkel, es un exalcalde de Hamburgo, donde nacieron Merkel y Schmidt.<\/p>\n\n\n\n<p>El principal rival de Scholz, el candidato conservador a canciller Armin Laschet, dijo que la elecci\u00f3n fue una carrera \u201ccabeza a cabeza\u201d y se\u00f1al\u00f3 que los conservadores a\u00fan no estaban dispuestos a conceder una derrota.<\/p>\n\n\n\n<p>\u201cNo tenemos un resultado final claro, no hay cifras determinadas\u2026 Haremos todo lo posible para formar un gobierno liderado por los conservadores, porque Alemania necesita una coalici\u00f3n orientada al futuro que modernice nuestro pa\u00eds\u201d, dijo Laschet, de 60 a\u00f1os, a sus moderados partidarios.<\/p>\n\n\n\n<p>La atenci\u00f3n se desplazar\u00e1 ahora a las discusiones informales que anteceder\u00e1n a negociaciones de coalici\u00f3n m\u00e1s formales, que podr\u00edan llevar meses, dejando a Merkel a cargo en un rol provisional.<\/p>\n\n\n\n<p>\u201cTodo esto se tratar\u00e1 de lograr acuerdos entre m\u00faltiples actores, y varias opciones parecen posibles\u201d, dijo Carsten Nickel de la consultora de riesgo pol\u00edtico Teneo. \u201cLas conversaciones podr\u00edan llevar alg\u00fan tiempo\u201d.<\/p>\n\n\n\n<p><strong>CAMBIO DE ERA<\/strong><\/p>\n\n\n\n<p>Merkel planea dimitir despu\u00e9s de las elecciones, lo que convierte la votaci\u00f3n en un evento que cambiar\u00e1 una era y marcar\u00e1 el rumbo futuro de la econom\u00eda m\u00e1s grande de Europa.<\/p>\n\n\n\n<p>La canciller alemana se ha destacado en el escenario europeo casi desde que asumi\u00f3 en 2005, cuando George W. Bush era presidente de Estados Unidos, Jacques Chirac estaba en el Palacio del El\u00edseo en Par\u00eds y Tony Blair era primer ministro brit\u00e1nico.<\/p>\n\n\n\n<p>\u201cEsta ha sido una elecci\u00f3n \u00fanica en una generaci\u00f3n\u201d, dijo la legisladora de los Verdes Katrin Goering-Eckardt.<\/p>\n\n\n\n<p>Despu\u00e9s de una campa\u00f1a electoral centrada en el pa\u00eds, los aliados de Berl\u00edn en Europa y otros lugares podr\u00edan ver pasar meses antes de que el nuevo gobierno alem\u00e1n est\u00e9 dispuesto a involucrarse en asuntos extranjeros.<\/p>\n\n\n\n<p>Una disputa entre Washington y Par\u00eds por un acuerdo para que Australia compre submarinos estadounidenses en lugar de franceses ha puesto a Alemania en una situaci\u00f3n inc\u00f3moda entre sus aliados, pero tambi\u00e9n le da a Berl\u00edn la oportunidad de ayudar a sanar las relaciones y reconsiderar su postura com\u00fan sobre China.<\/p>\n\n\n\n<p>En pol\u00edtica econ\u00f3mica, el presidente franc\u00e9s Emmanuel Macron est\u00e1 ansioso por forjar una pol\u00edtica fiscal europea com\u00fan, que los Verdes apoyan pero que el bloque CDU\/CSU y el FDP rechazan. Los Verdes tambi\u00e9n quieren \u201cuna expansi\u00f3n masiva en energ\u00edas renovables\u201d.<\/p>\n\n\n\n<p>Cualquiera que sea la coalici\u00f3n que termine en el poder, los aliados de Alemania pudieron ver con cierta satisfacci\u00f3n una campa\u00f1a electoral en la que prevaleci\u00f3 el centrismo y en la que el populismo que se ha arraigado en otros pa\u00edses europeos no logr\u00f3 abrirse paso.<\/p>\n\n\n\n<p>Los resultados proyectados por ARD mostraron que el ultraderechista Alternativa para Alemania (AfD) obtendr\u00eda el 10,9%, un resultado peor que hace cuatro a\u00f1os cuando irrumpi\u00f3 en el Parlamento nacional con el 12.6% de los votos.<\/p>\n\n\n\n<p>Todas las agrupaciones dominantes han descartado una coalici\u00f3n con Afd.<\/p>\n","protected":false},"excerpt":{"rendered":"<p>Los socialdem\u00f3cratas ganaron por estrecho margen las elecciones del domingo en Alemania, seg\u00fan resultados proyectados Los socialdem\u00f3cratas ganaron por estrecho margen las elecciones del domingo en Alemania, seg\u00fan resultados proyectados, lo que los coloca en la primera posici\u00f3n para liderar un Ejecutivo por primera vez desde 2005 y poner fin a 16 a\u00f1os de gobierno [&hellip;]<\/p>\n","protected":false},"author":8,"featured_media":13512,"comment_status":"open","ping_status":"open","sticky":false,"template":"","format":"standard","meta":{"tdm_status":"","tdm_grid_status":"","footnotes":""},"categories":[39],"tags":[1860],"class_list":{"0":"post-13511","1":"post","2":"type-post","3":"status-publish","4":"format-standard","5":"has-post-thumbnail","7":"category-noticias-nacionales","8":"tag-alemania"},"yoast_head":"<!-- This site is optimized with the Yoast SEO plugin v27.4 - https:\/\/yoast.com\/product\/yoast-seo-wordpress\/ -->\n<title>Socialdem\u00f3cratas (SPD) ganan por estrecho margen las elecciones en Alemania - Fuentes Fidedignas<\/title>\n<meta name=\"robots\" content=\"index, follow, max-snippet:-1, max-image-preview:large, max-video-preview:-1\" \/>\n<link rel=\"canonical\" href=\"https:\/\/fuentesfidedignas.com.mx\/index.php\/2021\/09\/26\/socialdemocratas-spd-ganan-por-estrecho-margen-las-elecciones-en-alemania\/\" \/>\n<meta property=\"og:locale\" content=\"es_MX\" \/>\n<meta property=\"og:type\" content=\"article\" \/>\n<meta property=\"og:title\" content=\"Socialdem\u00f3cratas (SPD) ganan por estrecho margen las elecciones en Alemania - Fuentes Fidedignas\" \/>\n<meta property=\"og:description\" content=\"Los socialdem\u00f3cratas ganaron por estrecho margen las elecciones del domingo en Alemania, seg\u00fan resultados proyectados Los socialdem\u00f3cratas ganaron por estrecho margen las elecciones del domingo en Alemania, seg\u00fan resultados proyectados, lo que los coloca en la primera posici\u00f3n para liderar un Ejecutivo por primera vez desde 2005 y poner fin a 16 a\u00f1os de gobierno [&hellip;]\" \/>\n<meta property=\"og:url\" content=\"https:\/\/fuentesfidedignas.com.mx\/index.php\/2021\/09\/26\/socialdemocratas-spd-ganan-por-estrecho-margen-las-elecciones-en-alemania\/\" \/>\n<meta property=\"og:site_name\" content=\"Fuentes Fidedignas\" \/>\n<meta property=\"article:publisher\" content=\"https:\/\/www.facebook.com\/Fuentes-Fidedignas-368234489921644\" \/>\n<meta property=\"article:published_time\" content=\"2021-09-26T21:14:48+00:00\" \/>\n<meta property=\"article:modified_time\" content=\"2021-09-26T21:14:49+00:00\" \/>\n<meta property=\"og:image\" content=\"https:\/\/fuentesfidedignas.com.mx\/wp-content\/uploads\/2021\/09\/spd-ganan-por-estrecho-margen-elecciones-en-alemania-1.jpg\" \/>\n\t<meta property=\"og:image:width\" content=\"1280\" \/>\n\t<meta property=\"og:image:height\" content=\"853\" \/>\n\t<meta property=\"og:image:type\" content=\"image\/jpeg\" \/>\n<meta name=\"author\" content=\"Reuters\" \/>\n<meta name=\"twitter:card\" content=\"summary_large_image\" \/>\n<meta name=\"twitter:creator\" content=\"@fidedignas\" \/>\n<meta name=\"twitter:site\" content=\"@fidedignas\" \/>\n<meta name=\"twitter:label1\" content=\"Escrito por\" \/>\n\t<meta name=\"twitter:data1\" content=\"Reuters\" \/>\n\t<meta name=\"twitter:label2\" content=\"Tiempo de lectura\" \/>\n\t<meta name=\"twitter:data2\" content=\"4 minutos\" \/>\n<script type=\"application\/ld+json\" class=\"yoast-schema-graph\">{\"@context\":\"https:\\\/\\\/schema.org\",\"@graph\":[{\"@type\":\"Article\",\"@id\":\"https:\\\/\\\/fuentesfidedignas.com.mx\\\/index.php\\\/2021\\\/09\\\/26\\\/socialdemocratas-spd-ganan-por-estrecho-margen-las-elecciones-en-alemania\\\/#article\",\"isPartOf\":{\"@id\":\"https:\\\/\\\/fuentesfidedignas.com.mx\\\/index.php\\\/2021\\\/09\\\/26\\\/socialdemocratas-spd-ganan-por-estrecho-margen-las-elecciones-en-alemania\\\/\"},\"author\":{\"name\":\"Reuters\",\"@id\":\"https:\\\/\\\/fuentesfidedignas.com.mx\\\/#\\\/schema\\\/person\\\/699c239076aac7aa88ecc3c15c72710f\"},\"headline\":\"Socialdem\u00f3cratas (SPD) ganan por estrecho margen las elecciones en Alemania\",\"datePublished\":\"2021-09-26T21:14:48+00:00\",\"dateModified\":\"2021-09-26T21:14:49+00:00\",\"mainEntityOfPage\":{\"@id\":\"https:\\\/\\\/fuentesfidedignas.com.mx\\\/index.php\\\/2021\\\/09\\\/26\\\/socialdemocratas-spd-ganan-por-estrecho-margen-las-elecciones-en-alemania\\\/\"},\"wordCount\":775,\"commentCount\":0,\"publisher\":{\"@id\":\"https:\\\/\\\/fuentesfidedignas.com.mx\\\/#organization\"},\"image\":{\"@id\":\"https:\\\/\\\/fuentesfidedignas.com.mx\\\/index.php\\\/2021\\\/09\\\/26\\\/socialdemocratas-spd-ganan-por-estrecho-margen-las-elecciones-en-alemania\\\/#primaryimage\"},\"thumbnailUrl\":\"https:\\\/\\\/fuentesfidedignas.com.mx\\\/wp-content\\\/uploads\\\/2021\\\/09\\\/spd-ganan-por-estrecho-margen-elecciones-en-alemania-1.jpg\",\"keywords\":[\"Alemania\"],\"articleSection\":[\"NOTICIAS NACIONALES\"],\"inLanguage\":\"es\",\"potentialAction\":[{\"@type\":\"CommentAction\",\"name\":\"Comment\",\"target\":[\"https:\\\/\\\/fuentesfidedignas.com.mx\\\/index.php\\\/2021\\\/09\\\/26\\\/socialdemocratas-spd-ganan-por-estrecho-margen-las-elecciones-en-alemania\\\/#respond\"]}]},{\"@type\":\"WebPage\",\"@id\":\"https:\\\/\\\/fuentesfidedignas.com.mx\\\/index.php\\\/2021\\\/09\\\/26\\\/socialdemocratas-spd-ganan-por-estrecho-margen-las-elecciones-en-alemania\\\/\",\"url\":\"https:\\\/\\\/fuentesfidedignas.com.mx\\\/index.php\\\/2021\\\/09\\\/26\\\/socialdemocratas-spd-ganan-por-estrecho-margen-las-elecciones-en-alemania\\\/\",\"name\":\"Socialdem\u00f3cratas (SPD) ganan por estrecho margen las elecciones en Alemania - Fuentes Fidedignas\",\"isPartOf\":{\"@id\":\"https:\\\/\\\/fuentesfidedignas.com.mx\\\/#website\"},\"primaryImageOfPage\":{\"@id\":\"https:\\\/\\\/fuentesfidedignas.com.mx\\\/index.php\\\/2021\\\/09\\\/26\\\/socialdemocratas-spd-ganan-por-estrecho-margen-las-elecciones-en-alemania\\\/#primaryimage\"},\"image\":{\"@id\":\"https:\\\/\\\/fuentesfidedignas.com.mx\\\/index.php\\\/2021\\\/09\\\/26\\\/socialdemocratas-spd-ganan-por-estrecho-margen-las-elecciones-en-alemania\\\/#primaryimage\"},\"thumbnailUrl\":\"https:\\\/\\\/fuentesfidedignas.com.mx\\\/wp-content\\\/uploads\\\/2021\\\/09\\\/spd-ganan-por-estrecho-margen-elecciones-en-alemania-1.jpg\",\"datePublished\":\"2021-09-26T21:14:48+00:00\",\"dateModified\":\"2021-09-26T21:14:49+00:00\",\"breadcrumb\":{\"@id\":\"https:\\\/\\\/fuentesfidedignas.com.mx\\\/index.php\\\/2021\\\/09\\\/26\\\/socialdemocratas-spd-ganan-por-estrecho-margen-las-elecciones-en-alemania\\\/#breadcrumb\"},\"inLanguage\":\"es\",\"potentialAction\":[{\"@type\":\"ReadAction\",\"target\":[\"https:\\\/\\\/fuentesfidedignas.com.mx\\\/index.php\\\/2021\\\/09\\\/26\\\/socialdemocratas-spd-ganan-por-estrecho-margen-las-elecciones-en-alemania\\\/\"]}]},{\"@type\":\"ImageObject\",\"inLanguage\":\"es\",\"@id\":\"https:\\\/\\\/fuentesfidedignas.com.mx\\\/index.php\\\/2021\\\/09\\\/26\\\/socialdemocratas-spd-ganan-por-estrecho-margen-las-elecciones-en-alemania\\\/#primaryimage\",\"url\":\"https:\\\/\\\/fuentesfidedignas.com.mx\\\/wp-content\\\/uploads\\\/2021\\\/09\\\/spd-ganan-por-estrecho-margen-elecciones-en-alemania-1.jpg\",\"contentUrl\":\"https:\\\/\\\/fuentesfidedignas.com.mx\\\/wp-content\\\/uploads\\\/2021\\\/09\\\/spd-ganan-por-estrecho-margen-elecciones-en-alemania-1.jpg\",\"width\":1280,\"height\":853},{\"@type\":\"BreadcrumbList\",\"@id\":\"https:\\\/\\\/fuentesfidedignas.com.mx\\\/index.php\\\/2021\\\/09\\\/26\\\/socialdemocratas-spd-ganan-por-estrecho-margen-las-elecciones-en-alemania\\\/#breadcrumb\",\"itemListElement\":[{\"@type\":\"ListItem\",\"position\":1,\"name\":\"Inicio\",\"item\":\"https:\\\/\\\/fuentesfidedignas.com.mx\\\/\"},{\"@type\":\"ListItem\",\"position\":2,\"name\":\"Socialdem\u00f3cratas (SPD) ganan por estrecho margen las elecciones en Alemania\"}]},{\"@type\":\"WebSite\",\"@id\":\"https:\\\/\\\/fuentesfidedignas.com.mx\\\/#website\",\"url\":\"https:\\\/\\\/fuentesfidedignas.com.mx\\\/\",\"name\":\"Fuentes Fidedignas\",\"description\":\"Otro sitio realizado con WordPress\",\"publisher\":{\"@id\":\"https:\\\/\\\/fuentesfidedignas.com.mx\\\/#organization\"},\"potentialAction\":[{\"@type\":\"SearchAction\",\"target\":{\"@type\":\"EntryPoint\",\"urlTemplate\":\"https:\\\/\\\/fuentesfidedignas.com.mx\\\/?s={search_term_string}\"},\"query-input\":{\"@type\":\"PropertyValueSpecification\",\"valueRequired\":true,\"valueName\":\"search_term_string\"}}],\"inLanguage\":\"es\"},{\"@type\":\"Organization\",\"@id\":\"https:\\\/\\\/fuentesfidedignas.com.mx\\\/#organization\",\"name\":\"Fuentes Fidedignas\",\"url\":\"https:\\\/\\\/fuentesfidedignas.com.mx\\\/\",\"logo\":{\"@type\":\"ImageObject\",\"inLanguage\":\"es\",\"@id\":\"https:\\\/\\\/fuentesfidedignas.com.mx\\\/#\\\/schema\\\/logo\\\/image\\\/\",\"url\":\"https:\\\/\\\/fuentesfidedignas.com.mx\\\/wp-content\\\/uploads\\\/2021\\\/04\\\/logo-retina.png\",\"contentUrl\":\"https:\\\/\\\/fuentesfidedignas.com.mx\\\/wp-content\\\/uploads\\\/2021\\\/04\\\/logo-retina.png\",\"width\":280,\"height\":51,\"caption\":\"Fuentes Fidedignas\"},\"image\":{\"@id\":\"https:\\\/\\\/fuentesfidedignas.com.mx\\\/#\\\/schema\\\/logo\\\/image\\\/\"},\"sameAs\":[\"https:\\\/\\\/www.facebook.com\\\/Fuentes-Fidedignas-368234489921644\",\"https:\\\/\\\/x.com\\\/fidedignas\"]},{\"@type\":\"Person\",\"@id\":\"https:\\\/\\\/fuentesfidedignas.com.mx\\\/#\\\/schema\\\/person\\\/699c239076aac7aa88ecc3c15c72710f\",\"name\":\"Reuters\",\"image\":{\"@type\":\"ImageObject\",\"inLanguage\":\"es\",\"@id\":\"https:\\\/\\\/secure.gravatar.com\\\/avatar\\\/06c46a9bb47e91c2e7c5aa85ad0855c43a11fd5a7b8dd6ec0e8fe8e471140a59?s=96&d=mm&r=g\",\"url\":\"https:\\\/\\\/secure.gravatar.com\\\/avatar\\\/06c46a9bb47e91c2e7c5aa85ad0855c43a11fd5a7b8dd6ec0e8fe8e471140a59?s=96&d=mm&r=g\",\"contentUrl\":\"https:\\\/\\\/secure.gravatar.com\\\/avatar\\\/06c46a9bb47e91c2e7c5aa85ad0855c43a11fd5a7b8dd6ec0e8fe8e471140a59?s=96&d=mm&r=g\",\"caption\":\"Reuters\"},\"url\":\"https:\\\/\\\/fuentesfidedignas.com.mx\\\/index.php\\\/author\\\/reuters\\\/\"}]}<\/script>\n<!-- \/ Yoast SEO plugin. -->","yoast_head_json":{"title":"Socialdem\u00f3cratas (SPD) ganan por estrecho margen las elecciones en Alemania - Fuentes Fidedignas","robots":{"index":"index","follow":"follow","max-snippet":"max-snippet:-1","max-image-preview":"max-image-preview:large","max-video-preview":"max-video-preview:-1"},"canonical":"https:\/\/fuentesfidedignas.com.mx\/index.php\/2021\/09\/26\/socialdemocratas-spd-ganan-por-estrecho-margen-las-elecciones-en-alemania\/","og_locale":"es_MX","og_type":"article","og_title":"Socialdem\u00f3cratas (SPD) ganan por estrecho margen las elecciones en Alemania - Fuentes Fidedignas","og_description":"Los socialdem\u00f3cratas ganaron por estrecho margen las elecciones del domingo en Alemania, seg\u00fan resultados proyectados Los socialdem\u00f3cratas ganaron por estrecho margen las elecciones del domingo en Alemania, seg\u00fan resultados proyectados, lo que los coloca en la primera posici\u00f3n para liderar un Ejecutivo por primera vez desde 2005 y poner fin a 16 a\u00f1os de gobierno [&hellip;]","og_url":"https:\/\/fuentesfidedignas.com.mx\/index.php\/2021\/09\/26\/socialdemocratas-spd-ganan-por-estrecho-margen-las-elecciones-en-alemania\/","og_site_name":"Fuentes Fidedignas","article_publisher":"https:\/\/www.facebook.com\/Fuentes-Fidedignas-368234489921644","article_published_time":"2021-09-26T21:14:48+00:00","article_modified_time":"2021-09-26T21:14:49+00:00","og_image":[{"width":1280,"height":853,"url":"https:\/\/fuentesfidedignas.com.mx\/wp-content\/uploads\/2021\/09\/spd-ganan-por-estrecho-margen-elecciones-en-alemania-1.jpg","type":"image\/jpeg"}],"author":"Reuters","twitter_card":"summary_large_image","twitter_creator":"@fidedignas","twitter_site":"@fidedignas","twitter_misc":{"Escrito por":"Reuters","Tiempo de lectura":"4 minutos"},"schema":{"@context":"https:\/\/schema.org","@graph":[{"@type":"Article","@id":"https:\/\/fuentesfidedignas.com.mx\/index.php\/2021\/09\/26\/socialdemocratas-spd-ganan-por-estrecho-margen-las-elecciones-en-alemania\/#article","isPartOf":{"@id":"https:\/\/fuentesfidedignas.com.mx\/index.php\/2021\/09\/26\/socialdemocratas-spd-ganan-por-estrecho-margen-las-elecciones-en-alemania\/"},"author":{"name":"Reuters","@id":"https:\/\/fuentesfidedignas.com.mx\/#\/schema\/person\/699c239076aac7aa88ecc3c15c72710f"},"headline":"Socialdem\u00f3cratas (SPD) ganan por estrecho margen las elecciones en Alemania","datePublished":"2021-09-26T21:14:48+00:00","dateModified":"2021-09-26T21:14:49+00:00","mainEntityOfPage":{"@id":"https:\/\/fuentesfidedignas.com.mx\/index.php\/2021\/09\/26\/socialdemocratas-spd-ganan-por-estrecho-margen-las-elecciones-en-alemania\/"},"wordCount":775,"commentCount":0,"publisher":{"@id":"https:\/\/fuentesfidedignas.com.mx\/#organization"},"image":{"@id":"https:\/\/fuentesfidedignas.com.mx\/index.php\/2021\/09\/26\/socialdemocratas-spd-ganan-por-estrecho-margen-las-elecciones-en-alemania\/#primaryimage"},"thumbnailUrl":"https:\/\/fuentesfidedignas.com.mx\/wp-content\/uploads\/2021\/09\/spd-ganan-por-estrecho-margen-elecciones-en-alemania-1.jpg","keywords":["Alemania"],"articleSection":["NOTICIAS NACIONALES"],"inLanguage":"es","potentialAction":[{"@type":"CommentAction","name":"Comment","target":["https:\/\/fuentesfidedignas.com.mx\/index.php\/2021\/09\/26\/socialdemocratas-spd-ganan-por-estrecho-margen-las-elecciones-en-alemania\/#respond"]}]},{"@type":"WebPage","@id":"https:\/\/fuentesfidedignas.com.mx\/index.php\/2021\/09\/26\/socialdemocratas-spd-ganan-por-estrecho-margen-las-elecciones-en-alemania\/","url":"https:\/\/fuentesfidedignas.com.mx\/index.php\/2021\/09\/26\/socialdemocratas-spd-ganan-por-estrecho-margen-las-elecciones-en-alemania\/","name":"Socialdem\u00f3cratas (SPD) ganan por estrecho margen las elecciones en Alemania - Fuentes Fidedignas","isPartOf":{"@id":"https:\/\/fuentesfidedignas.com.mx\/#website"},"primaryImageOfPage":{"@id":"https:\/\/fuentesfidedignas.com.mx\/index.php\/2021\/09\/26\/socialdemocratas-spd-ganan-por-estrecho-margen-las-elecciones-en-alemania\/#primaryimage"},"image":{"@id":"https:\/\/fuentesfidedignas.com.mx\/index.php\/2021\/09\/26\/socialdemocratas-spd-ganan-por-estrecho-margen-las-elecciones-en-alemania\/#primaryimage"},"thumbnailUrl":"https:\/\/fuentesfidedignas.com.mx\/wp-content\/uploads\/2021\/09\/spd-ganan-por-estrecho-margen-elecciones-en-alemania-1.jpg","datePublished":"2021-09-26T21:14:48+00:00","dateModified":"2021-09-26T21:14:49+00:00","breadcrumb":{"@id":"https:\/\/fuentesfidedignas.com.mx\/index.php\/2021\/09\/26\/socialdemocratas-spd-ganan-por-estrecho-margen-las-elecciones-en-alemania\/#breadcrumb"},"inLanguage":"es","potentialAction":[{"@type":"ReadAction","target":["https:\/\/fuentesfidedignas.com.mx\/index.php\/2021\/09\/26\/socialdemocratas-spd-ganan-por-estrecho-margen-las-elecciones-en-alemania\/"]}]},{"@type":"ImageObject","inLanguage":"es","@id":"https:\/\/fuentesfidedignas.com.mx\/index.php\/2021\/09\/26\/socialdemocratas-spd-ganan-por-estrecho-margen-las-elecciones-en-alemania\/#primaryimage","url":"https:\/\/fuentesfidedignas.com.mx\/wp-content\/uploads\/2021\/09\/spd-ganan-por-estrecho-margen-elecciones-en-alemania-1.jpg","contentUrl":"https:\/\/fuentesfidedignas.com.mx\/wp-content\/uploads\/2021\/09\/spd-ganan-por-estrecho-margen-elecciones-en-alemania-1.jpg","width":1280,"height":853},{"@type":"BreadcrumbList","@id":"https:\/\/fuentesfidedignas.com.mx\/index.php\/2021\/09\/26\/socialdemocratas-spd-ganan-por-estrecho-margen-las-elecciones-en-alemania\/#breadcrumb","itemListElement":[{"@type":"ListItem","position":1,"name":"Inicio","item":"https:\/\/fuentesfidedignas.com.mx\/"},{"@type":"ListItem","position":2,"name":"Socialdem\u00f3cratas (SPD) ganan por estrecho margen las elecciones en Alemania"}]},{"@type":"WebSite","@id":"https:\/\/fuentesfidedignas.com.mx\/#website","url":"https:\/\/fuentesfidedignas.com.mx\/","name":"Fuentes Fidedignas","description":"Otro sitio realizado con WordPress","publisher":{"@id":"https:\/\/fuentesfidedignas.com.mx\/#organization"},"potentialAction":[{"@type":"SearchAction","target":{"@type":"EntryPoint","urlTemplate":"https:\/\/fuentesfidedignas.com.mx\/?s={search_term_string}"},"query-input":{"@type":"PropertyValueSpecification","valueRequired":true,"valueName":"search_term_string"}}],"inLanguage":"es"},{"@type":"Organization","@id":"https:\/\/fuentesfidedignas.com.mx\/#organization","name":"Fuentes Fidedignas","url":"https:\/\/fuentesfidedignas.com.mx\/","logo":{"@type":"ImageObject","inLanguage":"es","@id":"https:\/\/fuentesfidedignas.com.mx\/#\/schema\/logo\/image\/","url":"https:\/\/fuentesfidedignas.com.mx\/wp-content\/uploads\/2021\/04\/logo-retina.png","contentUrl":"https:\/\/fuentesfidedignas.com.mx\/wp-content\/uploads\/2021\/04\/logo-retina.png","width":280,"height":51,"caption":"Fuentes Fidedignas"},"image":{"@id":"https:\/\/fuentesfidedignas.com.mx\/#\/schema\/logo\/image\/"},"sameAs":["https:\/\/www.facebook.com\/Fuentes-Fidedignas-368234489921644","https:\/\/x.com\/fidedignas"]},{"@type":"Person","@id":"https:\/\/fuentesfidedignas.com.mx\/#\/schema\/person\/699c239076aac7aa88ecc3c15c72710f","name":"Reuters","image":{"@type":"ImageObject","inLanguage":"es","@id":"https:\/\/secure.gravatar.com\/avatar\/06c46a9bb47e91c2e7c5aa85ad0855c43a11fd5a7b8dd6ec0e8fe8e471140a59?s=96&d=mm&r=g","url":"https:\/\/secure.gravatar.com\/avatar\/06c46a9bb47e91c2e7c5aa85ad0855c43a11fd5a7b8dd6ec0e8fe8e471140a59?s=96&d=mm&r=g","contentUrl":"https:\/\/secure.gravatar.com\/avatar\/06c46a9bb47e91c2e7c5aa85ad0855c43a11fd5a7b8dd6ec0e8fe8e471140a59?s=96&d=mm&r=g","caption":"Reuters"},"url":"https:\/\/fuentesfidedignas.com.mx\/index.php\/author\/reuters\/"}]}},"_links":{"self":[{"href":"https:\/\/fuentesfidedignas.com.mx\/index.php\/wp-json\/wp\/v2\/posts\/13511","targetHints":{"allow":["GET"]}}],"collection":[{"href":"https:\/\/fuentesfidedignas.com.mx\/index.php\/wp-json\/wp\/v2\/posts"}],"about":[{"href":"https:\/\/fuentesfidedignas.com.mx\/index.php\/wp-json\/wp\/v2\/types\/post"}],"author":[{"embeddable":true,"href":"https:\/\/fuentesfidedignas.com.mx\/index.php\/wp-json\/wp\/v2\/users\/8"}],"replies":[{"embeddable":true,"href":"https:\/\/fuentesfidedignas.com.mx\/index.php\/wp-json\/wp\/v2\/comments?post=13511"}],"version-history":[{"count":1,"href":"https:\/\/fuentesfidedignas.com.mx\/index.php\/wp-json\/wp\/v2\/posts\/13511\/revisions"}],"predecessor-version":[{"id":13513,"href":"https:\/\/fuentesfidedignas.com.mx\/index.php\/wp-json\/wp\/v2\/posts\/13511\/revisions\/13513"}],"wp:featuredmedia":[{"embeddable":true,"href":"https:\/\/fuentesfidedignas.com.mx\/index.php\/wp-json\/wp\/v2\/media\/13512"}],"wp:attachment":[{"href":"https:\/\/fuentesfidedignas.com.mx\/index.php\/wp-json\/wp\/v2\/media?parent=13511"}],"wp:term":[{"taxonomy":"category","embeddable":true,"href":"https:\/\/fuentesfidedignas.com.mx\/index.php\/wp-json\/wp\/v2\/categories?post=13511"},{"taxonomy":"post_tag","embeddable":true,"href":"https:\/\/fuentesfidedignas.com.mx\/index.php\/wp-json\/wp\/v2\/tags?post=13511"}],"curies":[{"name":"wp","href":"https:\/\/api.w.org\/{rel}","templated":true}]}}