{"id":13459,"date":"2021-09-25T17:59:11","date_gmt":"2021-09-26T00:59:11","guid":{"rendered":"https:\/\/fuentesfidedignas.com.mx\/?p=13459"},"modified":"2021-09-25T17:59:12","modified_gmt":"2021-09-26T00:59:12","slug":"fueron-14-los-soldados-mexicanos-detenidos-por-cruzar-la-frontera-con-eu","status":"publish","type":"post","link":"https:\/\/fuentesfidedignas.com.mx\/index.php\/2021\/09\/25\/fueron-14-los-soldados-mexicanos-detenidos-por-cruzar-la-frontera-con-eu\/","title":{"rendered":"Fueron 14 los soldados mexicanos detenidos por cruzar la frontera con EU"},"content":{"rendered":"\n<p><strong>La Patrulla Fronteriza de Estados Unidos confirm\u00f3 que detuvo y desarm\u00f3 a 14 soldados mexicanos que cruzaron de forma ilegal y &#8220;sin darse cuenta&#8221; la garita entre Ciudad Ju\u00e1rez y El Paso, Texas.<\/strong><\/p>\n\n\n\n<p>CIUDAD DE M\u00c9XICO.\u2013 No fueron siete, sino dos veces m\u00e1s: en la madrugada de este s\u00e1bado, 14 soldados mexicanos fueron bajados de los dos veh\u00edculos en que circulaban, detenidos, desarmados, esposados y registrados durante varias horas por agentes de la Patrulla Fronteriza estadunidense (CBP) en el cruce terrestre que separa Ciudad Ju\u00e1rez y El Paso, en Texas.<\/p>\n\n\n\n<p>Aparte, uno de ellos fue retenido y castigado con una sanci\u00f3n civil, pues los agentes aduanales estadunidenses encontraron que el uniformado tra\u00eda un poco de mariguana consigo.<\/p>\n\n\n\n<p>Seg\u00fan la versi\u00f3n de la CBP, que dio a conocer esta tarde la agencia Reuters, los soldados mexicanos \u201cno se dieron cuenta\u201d que hab\u00edan cruzado hacia el territorio estadunidense en dos veh\u00edculos; los agentes aduanales les ordenaron entonces poner sus manos en la cabeza y soltar sus armas de inmediato.<\/p>\n\n\n\n<p>Tras retirarles sus armas, los agentes de la CBP avisaron al Ej\u00e9rcito mexicano, que mand\u00f3 de inmediato algunos oficiales a la garita fronteriza, que durante cerca de dos horas estuvo cerrada. Los militares mexicanos fueron retornados a M\u00e9xico alrededor de las 5 de la madrugada.<\/p>\n\n\n\n<p>Hasta la tarde de este s\u00e1bado, ni la Secretar\u00eda de la Defensa Nacional (Sedena), ni la de Relaciones Exteriores (SRE) hab\u00edan emitido alguna comunicaci\u00f3n oficial respecto al evento, que fue grabado y ampliamente difundido en redes sociales.<\/p>\n","protected":false},"excerpt":{"rendered":"<p>La Patrulla Fronteriza de Estados Unidos confirm\u00f3 que detuvo y desarm\u00f3 a 14 soldados mexicanos que cruzaron de forma ilegal y &#8220;sin darse cuenta&#8221; la garita entre Ciudad Ju\u00e1rez y El Paso, Texas. CIUDAD DE M\u00c9XICO.\u2013 No fueron siete, sino dos veces m\u00e1s: en la madrugada de este s\u00e1bado, 14 soldados mexicanos fueron bajados de [&hellip;]<\/p>\n","protected":false},"author":50,"featured_media":0,"comment_status":"open","ping_status":"open","sticky":false,"template":"","format":"standard","meta":{"tdm_status":"","tdm_grid_status":"","footnotes":""},"categories":[39],"tags":[],"class_list":{"0":"post-13459","1":"post","2":"type-post","3":"status-publish","4":"format-standard","6":"category-noticias-nacionales"},"yoast_head":"<!-- This site is optimized with the Yoast SEO plugin v27.4 - https:\/\/yoast.com\/product\/yoast-seo-wordpress\/ -->\n<title>Fueron 14 los soldados mexicanos detenidos por cruzar la frontera con EU - Fuentes Fidedignas<\/title>\n<meta name=\"robots\" content=\"index, follow, max-snippet:-1, max-image-preview:large, max-video-preview:-1\" \/>\n<link rel=\"canonical\" href=\"https:\/\/fuentesfidedignas.com.mx\/index.php\/2021\/09\/25\/fueron-14-los-soldados-mexicanos-detenidos-por-cruzar-la-frontera-con-eu\/\" \/>\n<meta property=\"og:locale\" content=\"es_MX\" \/>\n<meta property=\"og:type\" content=\"article\" \/>\n<meta property=\"og:title\" content=\"Fueron 14 los soldados mexicanos detenidos por cruzar la frontera con EU - Fuentes Fidedignas\" \/>\n<meta property=\"og:description\" content=\"La Patrulla Fronteriza de Estados Unidos confirm\u00f3 que detuvo y desarm\u00f3 a 14 soldados mexicanos que cruzaron de forma ilegal y &#8220;sin darse cuenta&#8221; la garita entre Ciudad Ju\u00e1rez y El Paso, Texas. CIUDAD DE M\u00c9XICO.\u2013 No fueron siete, sino dos veces m\u00e1s: en la madrugada de este s\u00e1bado, 14 soldados mexicanos fueron bajados de [&hellip;]\" \/>\n<meta property=\"og:url\" content=\"https:\/\/fuentesfidedignas.com.mx\/index.php\/2021\/09\/25\/fueron-14-los-soldados-mexicanos-detenidos-por-cruzar-la-frontera-con-eu\/\" \/>\n<meta property=\"og:site_name\" content=\"Fuentes Fidedignas\" \/>\n<meta property=\"article:publisher\" content=\"https:\/\/www.facebook.com\/Fuentes-Fidedignas-368234489921644\" \/>\n<meta property=\"article:published_time\" content=\"2021-09-26T00:59:11+00:00\" \/>\n<meta property=\"article:modified_time\" content=\"2021-09-26T00:59:12+00:00\" \/>\n<meta property=\"og:image\" content=\"https:\/\/fuentesfidedignas.com.mx\/wp-content\/uploads\/2021\/09\/soldados.jpeg\" \/>\n\t<meta property=\"og:image:width\" content=\"800\" \/>\n\t<meta property=\"og:image:height\" content=\"450\" \/>\n\t<meta property=\"og:image:type\" content=\"image\/jpeg\" \/>\n<meta name=\"author\" content=\"Proceso\" \/>\n<meta name=\"twitter:card\" content=\"summary_large_image\" \/>\n<meta name=\"twitter:creator\" content=\"@fidedignas\" \/>\n<meta name=\"twitter:site\" content=\"@fidedignas\" \/>\n<meta name=\"twitter:label1\" content=\"Escrito por\" \/>\n\t<meta name=\"twitter:data1\" content=\"Proceso\" \/>\n\t<meta name=\"twitter:label2\" content=\"Tiempo de lectura\" \/>\n\t<meta name=\"twitter:data2\" content=\"2 minutos\" \/>\n<script type=\"application\/ld+json\" class=\"yoast-schema-graph\">{\"@context\":\"https:\\\/\\\/schema.org\",\"@graph\":[{\"@type\":\"Article\",\"@id\":\"https:\\\/\\\/fuentesfidedignas.com.mx\\\/index.php\\\/2021\\\/09\\\/25\\\/fueron-14-los-soldados-mexicanos-detenidos-por-cruzar-la-frontera-con-eu\\\/#article\",\"isPartOf\":{\"@id\":\"https:\\\/\\\/fuentesfidedignas.com.mx\\\/index.php\\\/2021\\\/09\\\/25\\\/fueron-14-los-soldados-mexicanos-detenidos-por-cruzar-la-frontera-con-eu\\\/\"},\"author\":{\"name\":\"Proceso\",\"@id\":\"https:\\\/\\\/fuentesfidedignas.com.mx\\\/#\\\/schema\\\/person\\\/eb72247ff123b3ce5e4cadc7f50ae372\"},\"headline\":\"Fueron 14 los soldados mexicanos detenidos por cruzar la frontera con EU\",\"datePublished\":\"2021-09-26T00:59:11+00:00\",\"dateModified\":\"2021-09-26T00:59:12+00:00\",\"mainEntityOfPage\":{\"@id\":\"https:\\\/\\\/fuentesfidedignas.com.mx\\\/index.php\\\/2021\\\/09\\\/25\\\/fueron-14-los-soldados-mexicanos-detenidos-por-cruzar-la-frontera-con-eu\\\/\"},\"wordCount\":275,\"commentCount\":0,\"publisher\":{\"@id\":\"https:\\\/\\\/fuentesfidedignas.com.mx\\\/#organization\"},\"articleSection\":[\"NOTICIAS NACIONALES\"],\"inLanguage\":\"es\",\"potentialAction\":[{\"@type\":\"CommentAction\",\"name\":\"Comment\",\"target\":[\"https:\\\/\\\/fuentesfidedignas.com.mx\\\/index.php\\\/2021\\\/09\\\/25\\\/fueron-14-los-soldados-mexicanos-detenidos-por-cruzar-la-frontera-con-eu\\\/#respond\"]}]},{\"@type\":\"WebPage\",\"@id\":\"https:\\\/\\\/fuentesfidedignas.com.mx\\\/index.php\\\/2021\\\/09\\\/25\\\/fueron-14-los-soldados-mexicanos-detenidos-por-cruzar-la-frontera-con-eu\\\/\",\"url\":\"https:\\\/\\\/fuentesfidedignas.com.mx\\\/index.php\\\/2021\\\/09\\\/25\\\/fueron-14-los-soldados-mexicanos-detenidos-por-cruzar-la-frontera-con-eu\\\/\",\"name\":\"Fueron 14 los soldados mexicanos detenidos por cruzar la frontera con EU - Fuentes Fidedignas\",\"isPartOf\":{\"@id\":\"https:\\\/\\\/fuentesfidedignas.com.mx\\\/#website\"},\"datePublished\":\"2021-09-26T00:59:11+00:00\",\"dateModified\":\"2021-09-26T00:59:12+00:00\",\"breadcrumb\":{\"@id\":\"https:\\\/\\\/fuentesfidedignas.com.mx\\\/index.php\\\/2021\\\/09\\\/25\\\/fueron-14-los-soldados-mexicanos-detenidos-por-cruzar-la-frontera-con-eu\\\/#breadcrumb\"},\"inLanguage\":\"es\",\"potentialAction\":[{\"@type\":\"ReadAction\",\"target\":[\"https:\\\/\\\/fuentesfidedignas.com.mx\\\/index.php\\\/2021\\\/09\\\/25\\\/fueron-14-los-soldados-mexicanos-detenidos-por-cruzar-la-frontera-con-eu\\\/\"]}]},{\"@type\":\"BreadcrumbList\",\"@id\":\"https:\\\/\\\/fuentesfidedignas.com.mx\\\/index.php\\\/2021\\\/09\\\/25\\\/fueron-14-los-soldados-mexicanos-detenidos-por-cruzar-la-frontera-con-eu\\\/#breadcrumb\",\"itemListElement\":[{\"@type\":\"ListItem\",\"position\":1,\"name\":\"Inicio\",\"item\":\"https:\\\/\\\/fuentesfidedignas.com.mx\\\/\"},{\"@type\":\"ListItem\",\"position\":2,\"name\":\"Fueron 14 los soldados mexicanos detenidos por cruzar la frontera con EU\"}]},{\"@type\":\"WebSite\",\"@id\":\"https:\\\/\\\/fuentesfidedignas.com.mx\\\/#website\",\"url\":\"https:\\\/\\\/fuentesfidedignas.com.mx\\\/\",\"name\":\"Fuentes Fidedignas\",\"description\":\"Otro sitio realizado con WordPress\",\"publisher\":{\"@id\":\"https:\\\/\\\/fuentesfidedignas.com.mx\\\/#organization\"},\"potentialAction\":[{\"@type\":\"SearchAction\",\"target\":{\"@type\":\"EntryPoint\",\"urlTemplate\":\"https:\\\/\\\/fuentesfidedignas.com.mx\\\/?s={search_term_string}\"},\"query-input\":{\"@type\":\"PropertyValueSpecification\",\"valueRequired\":true,\"valueName\":\"search_term_string\"}}],\"inLanguage\":\"es\"},{\"@type\":\"Organization\",\"@id\":\"https:\\\/\\\/fuentesfidedignas.com.mx\\\/#organization\",\"name\":\"Fuentes Fidedignas\",\"url\":\"https:\\\/\\\/fuentesfidedignas.com.mx\\\/\",\"logo\":{\"@type\":\"ImageObject\",\"inLanguage\":\"es\",\"@id\":\"https:\\\/\\\/fuentesfidedignas.com.mx\\\/#\\\/schema\\\/logo\\\/image\\\/\",\"url\":\"https:\\\/\\\/fuentesfidedignas.com.mx\\\/wp-content\\\/uploads\\\/2021\\\/04\\\/logo-retina.png\",\"contentUrl\":\"https:\\\/\\\/fuentesfidedignas.com.mx\\\/wp-content\\\/uploads\\\/2021\\\/04\\\/logo-retina.png\",\"width\":280,\"height\":51,\"caption\":\"Fuentes Fidedignas\"},\"image\":{\"@id\":\"https:\\\/\\\/fuentesfidedignas.com.mx\\\/#\\\/schema\\\/logo\\\/image\\\/\"},\"sameAs\":[\"https:\\\/\\\/www.facebook.com\\\/Fuentes-Fidedignas-368234489921644\",\"https:\\\/\\\/x.com\\\/fidedignas\"]},{\"@type\":\"Person\",\"@id\":\"https:\\\/\\\/fuentesfidedignas.com.mx\\\/#\\\/schema\\\/person\\\/eb72247ff123b3ce5e4cadc7f50ae372\",\"name\":\"Proceso\",\"image\":{\"@type\":\"ImageObject\",\"inLanguage\":\"es\",\"@id\":\"https:\\\/\\\/secure.gravatar.com\\\/avatar\\\/0bb01ecb091d50a46122cbe5cc32ffea15a000f83628f1e40458e669d38ff2cd?s=96&d=mm&r=g\",\"url\":\"https:\\\/\\\/secure.gravatar.com\\\/avatar\\\/0bb01ecb091d50a46122cbe5cc32ffea15a000f83628f1e40458e669d38ff2cd?s=96&d=mm&r=g\",\"contentUrl\":\"https:\\\/\\\/secure.gravatar.com\\\/avatar\\\/0bb01ecb091d50a46122cbe5cc32ffea15a000f83628f1e40458e669d38ff2cd?s=96&d=mm&r=g\",\"caption\":\"Proceso\"},\"url\":\"https:\\\/\\\/fuentesfidedignas.com.mx\\\/index.php\\\/author\\\/proceso\\\/\"}]}<\/script>\n<!-- \/ Yoast SEO plugin. -->","yoast_head_json":{"title":"Fueron 14 los soldados mexicanos detenidos por cruzar la frontera con EU - Fuentes Fidedignas","robots":{"index":"index","follow":"follow","max-snippet":"max-snippet:-1","max-image-preview":"max-image-preview:large","max-video-preview":"max-video-preview:-1"},"canonical":"https:\/\/fuentesfidedignas.com.mx\/index.php\/2021\/09\/25\/fueron-14-los-soldados-mexicanos-detenidos-por-cruzar-la-frontera-con-eu\/","og_locale":"es_MX","og_type":"article","og_title":"Fueron 14 los soldados mexicanos detenidos por cruzar la frontera con EU - Fuentes Fidedignas","og_description":"La Patrulla Fronteriza de Estados Unidos confirm\u00f3 que detuvo y desarm\u00f3 a 14 soldados mexicanos que cruzaron de forma ilegal y &#8220;sin darse cuenta&#8221; la garita entre Ciudad Ju\u00e1rez y El Paso, Texas. CIUDAD DE M\u00c9XICO.\u2013 No fueron siete, sino dos veces m\u00e1s: en la madrugada de este s\u00e1bado, 14 soldados mexicanos fueron bajados de [&hellip;]","og_url":"https:\/\/fuentesfidedignas.com.mx\/index.php\/2021\/09\/25\/fueron-14-los-soldados-mexicanos-detenidos-por-cruzar-la-frontera-con-eu\/","og_site_name":"Fuentes Fidedignas","article_publisher":"https:\/\/www.facebook.com\/Fuentes-Fidedignas-368234489921644","article_published_time":"2021-09-26T00:59:11+00:00","article_modified_time":"2021-09-26T00:59:12+00:00","og_image":[{"width":800,"height":450,"url":"https:\/\/fuentesfidedignas.com.mx\/wp-content\/uploads\/2021\/09\/soldados.jpeg","type":"image\/jpeg"}],"author":"Proceso","twitter_card":"summary_large_image","twitter_creator":"@fidedignas","twitter_site":"@fidedignas","twitter_misc":{"Escrito por":"Proceso","Tiempo de lectura":"2 minutos"},"schema":{"@context":"https:\/\/schema.org","@graph":[{"@type":"Article","@id":"https:\/\/fuentesfidedignas.com.mx\/index.php\/2021\/09\/25\/fueron-14-los-soldados-mexicanos-detenidos-por-cruzar-la-frontera-con-eu\/#article","isPartOf":{"@id":"https:\/\/fuentesfidedignas.com.mx\/index.php\/2021\/09\/25\/fueron-14-los-soldados-mexicanos-detenidos-por-cruzar-la-frontera-con-eu\/"},"author":{"name":"Proceso","@id":"https:\/\/fuentesfidedignas.com.mx\/#\/schema\/person\/eb72247ff123b3ce5e4cadc7f50ae372"},"headline":"Fueron 14 los soldados mexicanos detenidos por cruzar la frontera con EU","datePublished":"2021-09-26T00:59:11+00:00","dateModified":"2021-09-26T00:59:12+00:00","mainEntityOfPage":{"@id":"https:\/\/fuentesfidedignas.com.mx\/index.php\/2021\/09\/25\/fueron-14-los-soldados-mexicanos-detenidos-por-cruzar-la-frontera-con-eu\/"},"wordCount":275,"commentCount":0,"publisher":{"@id":"https:\/\/fuentesfidedignas.com.mx\/#organization"},"articleSection":["NOTICIAS NACIONALES"],"inLanguage":"es","potentialAction":[{"@type":"CommentAction","name":"Comment","target":["https:\/\/fuentesfidedignas.com.mx\/index.php\/2021\/09\/25\/fueron-14-los-soldados-mexicanos-detenidos-por-cruzar-la-frontera-con-eu\/#respond"]}]},{"@type":"WebPage","@id":"https:\/\/fuentesfidedignas.com.mx\/index.php\/2021\/09\/25\/fueron-14-los-soldados-mexicanos-detenidos-por-cruzar-la-frontera-con-eu\/","url":"https:\/\/fuentesfidedignas.com.mx\/index.php\/2021\/09\/25\/fueron-14-los-soldados-mexicanos-detenidos-por-cruzar-la-frontera-con-eu\/","name":"Fueron 14 los soldados mexicanos detenidos por cruzar la frontera con EU - Fuentes Fidedignas","isPartOf":{"@id":"https:\/\/fuentesfidedignas.com.mx\/#website"},"datePublished":"2021-09-26T00:59:11+00:00","dateModified":"2021-09-26T00:59:12+00:00","breadcrumb":{"@id":"https:\/\/fuentesfidedignas.com.mx\/index.php\/2021\/09\/25\/fueron-14-los-soldados-mexicanos-detenidos-por-cruzar-la-frontera-con-eu\/#breadcrumb"},"inLanguage":"es","potentialAction":[{"@type":"ReadAction","target":["https:\/\/fuentesfidedignas.com.mx\/index.php\/2021\/09\/25\/fueron-14-los-soldados-mexicanos-detenidos-por-cruzar-la-frontera-con-eu\/"]}]},{"@type":"BreadcrumbList","@id":"https:\/\/fuentesfidedignas.com.mx\/index.php\/2021\/09\/25\/fueron-14-los-soldados-mexicanos-detenidos-por-cruzar-la-frontera-con-eu\/#breadcrumb","itemListElement":[{"@type":"ListItem","position":1,"name":"Inicio","item":"https:\/\/fuentesfidedignas.com.mx\/"},{"@type":"ListItem","position":2,"name":"Fueron 14 los soldados mexicanos detenidos por cruzar la frontera con EU"}]},{"@type":"WebSite","@id":"https:\/\/fuentesfidedignas.com.mx\/#website","url":"https:\/\/fuentesfidedignas.com.mx\/","name":"Fuentes Fidedignas","description":"Otro sitio realizado con WordPress","publisher":{"@id":"https:\/\/fuentesfidedignas.com.mx\/#organization"},"potentialAction":[{"@type":"SearchAction","target":{"@type":"EntryPoint","urlTemplate":"https:\/\/fuentesfidedignas.com.mx\/?s={search_term_string}"},"query-input":{"@type":"PropertyValueSpecification","valueRequired":true,"valueName":"search_term_string"}}],"inLanguage":"es"},{"@type":"Organization","@id":"https:\/\/fuentesfidedignas.com.mx\/#organization","name":"Fuentes Fidedignas","url":"https:\/\/fuentesfidedignas.com.mx\/","logo":{"@type":"ImageObject","inLanguage":"es","@id":"https:\/\/fuentesfidedignas.com.mx\/#\/schema\/logo\/image\/","url":"https:\/\/fuentesfidedignas.com.mx\/wp-content\/uploads\/2021\/04\/logo-retina.png","contentUrl":"https:\/\/fuentesfidedignas.com.mx\/wp-content\/uploads\/2021\/04\/logo-retina.png","width":280,"height":51,"caption":"Fuentes Fidedignas"},"image":{"@id":"https:\/\/fuentesfidedignas.com.mx\/#\/schema\/logo\/image\/"},"sameAs":["https:\/\/www.facebook.com\/Fuentes-Fidedignas-368234489921644","https:\/\/x.com\/fidedignas"]},{"@type":"Person","@id":"https:\/\/fuentesfidedignas.com.mx\/#\/schema\/person\/eb72247ff123b3ce5e4cadc7f50ae372","name":"Proceso","image":{"@type":"ImageObject","inLanguage":"es","@id":"https:\/\/secure.gravatar.com\/avatar\/0bb01ecb091d50a46122cbe5cc32ffea15a000f83628f1e40458e669d38ff2cd?s=96&d=mm&r=g","url":"https:\/\/secure.gravatar.com\/avatar\/0bb01ecb091d50a46122cbe5cc32ffea15a000f83628f1e40458e669d38ff2cd?s=96&d=mm&r=g","contentUrl":"https:\/\/secure.gravatar.com\/avatar\/0bb01ecb091d50a46122cbe5cc32ffea15a000f83628f1e40458e669d38ff2cd?s=96&d=mm&r=g","caption":"Proceso"},"url":"https:\/\/fuentesfidedignas.com.mx\/index.php\/author\/proceso\/"}]}},"_links":{"self":[{"href":"https:\/\/fuentesfidedignas.com.mx\/index.php\/wp-json\/wp\/v2\/posts\/13459","targetHints":{"allow":["GET"]}}],"collection":[{"href":"https:\/\/fuentesfidedignas.com.mx\/index.php\/wp-json\/wp\/v2\/posts"}],"about":[{"href":"https:\/\/fuentesfidedignas.com.mx\/index.php\/wp-json\/wp\/v2\/types\/post"}],"author":[{"embeddable":true,"href":"https:\/\/fuentesfidedignas.com.mx\/index.php\/wp-json\/wp\/v2\/users\/50"}],"replies":[{"embeddable":true,"href":"https:\/\/fuentesfidedignas.com.mx\/index.php\/wp-json\/wp\/v2\/comments?post=13459"}],"version-history":[{"count":1,"href":"https:\/\/fuentesfidedignas.com.mx\/index.php\/wp-json\/wp\/v2\/posts\/13459\/revisions"}],"predecessor-version":[{"id":13461,"href":"https:\/\/fuentesfidedignas.com.mx\/index.php\/wp-json\/wp\/v2\/posts\/13459\/revisions\/13461"}],"wp:attachment":[{"href":"https:\/\/fuentesfidedignas.com.mx\/index.php\/wp-json\/wp\/v2\/media?parent=13459"}],"wp:term":[{"taxonomy":"category","embeddable":true,"href":"https:\/\/fuentesfidedignas.com.mx\/index.php\/wp-json\/wp\/v2\/categories?post=13459"},{"taxonomy":"post_tag","embeddable":true,"href":"https:\/\/fuentesfidedignas.com.mx\/index.php\/wp-json\/wp\/v2\/tags?post=13459"}],"curies":[{"name":"wp","href":"https:\/\/api.w.org\/{rel}","templated":true}]}}