{"id":13326,"date":"2021-09-24T00:19:00","date_gmt":"2021-09-24T07:19:00","guid":{"rendered":"https:\/\/fuentesfidedignas.com.mx\/?p=13326"},"modified":"2021-09-23T18:22:08","modified_gmt":"2021-09-24T01:22:08","slug":"merkel-visita-santuario-de-aves-es-mordida-por-loros-y-foto-se-hace-viral","status":"publish","type":"post","link":"https:\/\/fuentesfidedignas.com.mx\/index.php\/2021\/09\/24\/merkel-visita-santuario-de-aves-es-mordida-por-loros-y-foto-se-hace-viral\/","title":{"rendered":"Merkel visita santuario de aves, es &#8216;mordida&#8217; por loros y foto se hace viral"},"content":{"rendered":"\n<p><strong><em>Desde hace varios a\u00f1os se sabe que la canciller alemana tiene gusto por los loros, as\u00ed le fue cuando unos cuantos se pararon en sus manos.<\/em><\/strong><\/p>\n\n\n\n<p>Angela\u00a0Merkel, la todav\u00eda canciller alemana, visit\u00f3 el\u00a0Marlow Bird Park donde se dej\u00f3 fotografiar\u00a0con varias aves sobre sus brazos y su cabeza\u2026\u00a0hasta que la mordieron.<\/p>\n\n\n\n<p>En una de las im\u00e1genes<strong>\u00a0<\/strong>se puede ver a Merkel reaccionando\u00a0ante las aves que muerden su mano que sostiene peque\u00f1os vasos con alimento.<\/p>\n\n\n\n<figure class=\"wp-block-image\"><img decoding=\"async\" src=\"https:\/\/cdn2.excelsior.com.mx\/media\/styles\/imagen-embed-nota\/public\/inside-the-note\/pictures\/2021\/09\/23\/merkel_visita_santuario_de_aves_es_mordida_de_loros_y_asi_reacciono_b.jpg\" alt=\"\"\/><\/figure>\n\n\n\n<p>De acuerdo con la informaci\u00f3n de agencias como AFP,<strong>&nbsp;Merkel estuvo visitando el famoso<\/strong>&nbsp;parque de aves este jueves durante la tarde.<\/p>\n\n\n\n<p>En las fotos se puede\u00a0ver a Angela Merkel con siete loros multicolores, una de ella sobre su hombro y otras tantas en las manos.<\/p>\n\n\n\n<p>Alemania se prepara este fin de semana para uno de los\u00a0<strong>procesos electorales m\u00e1s <\/strong>fuertes\u00a0en toda su historia moderna, Merkel dejar\u00e1 el poder luego de m\u00e1s de 16 a\u00f1os en el cargo.<\/p>\n","protected":false},"excerpt":{"rendered":"<p>Desde hace varios a\u00f1os se sabe que la canciller alemana tiene gusto por los loros, as\u00ed le fue cuando unos cuantos se pararon en sus manos. Angela\u00a0Merkel, la todav\u00eda canciller alemana, visit\u00f3 el\u00a0Marlow Bird Park donde se dej\u00f3 fotografiar\u00a0con varias aves sobre sus brazos y su cabeza\u2026\u00a0hasta que la mordieron. En una de las im\u00e1genes\u00a0se [&hellip;]<\/p>\n","protected":false},"author":7,"featured_media":13327,"comment_status":"open","ping_status":"open","sticky":false,"template":"","format":"standard","meta":{"tdm_status":"","tdm_grid_status":"","footnotes":""},"categories":[40],"tags":[290,193],"class_list":{"0":"post-13326","1":"post","2":"type-post","3":"status-publish","4":"format-standard","5":"has-post-thumbnail","7":"category-las-asombrosas","8":"tag-asombrosa","9":"tag-viral"},"yoast_head":"<!-- This site is optimized with the Yoast SEO plugin v27.4 - https:\/\/yoast.com\/product\/yoast-seo-wordpress\/ -->\n<title>Merkel visita santuario de aves, es &#039;mordida&#039; por loros y foto se hace viral - Fuentes Fidedignas<\/title>\n<meta name=\"robots\" content=\"index, follow, max-snippet:-1, max-image-preview:large, max-video-preview:-1\" \/>\n<link rel=\"canonical\" href=\"https:\/\/fuentesfidedignas.com.mx\/index.php\/2021\/09\/24\/merkel-visita-santuario-de-aves-es-mordida-por-loros-y-foto-se-hace-viral\/\" \/>\n<meta property=\"og:locale\" content=\"es_MX\" \/>\n<meta property=\"og:type\" content=\"article\" \/>\n<meta property=\"og:title\" content=\"Merkel visita santuario de aves, es &#039;mordida&#039; por loros y foto se hace viral - Fuentes Fidedignas\" \/>\n<meta property=\"og:description\" content=\"Desde hace varios a\u00f1os se sabe que la canciller alemana tiene gusto por los loros, as\u00ed le fue cuando unos cuantos se pararon en sus manos. Angela\u00a0Merkel, la todav\u00eda canciller alemana, visit\u00f3 el\u00a0Marlow Bird Park donde se dej\u00f3 fotografiar\u00a0con varias aves sobre sus brazos y su cabeza\u2026\u00a0hasta que la mordieron. En una de las im\u00e1genes\u00a0se [&hellip;]\" \/>\n<meta property=\"og:url\" content=\"https:\/\/fuentesfidedignas.com.mx\/index.php\/2021\/09\/24\/merkel-visita-santuario-de-aves-es-mordida-por-loros-y-foto-se-hace-viral\/\" \/>\n<meta property=\"og:site_name\" content=\"Fuentes Fidedignas\" \/>\n<meta property=\"article:publisher\" content=\"https:\/\/www.facebook.com\/Fuentes-Fidedignas-368234489921644\" \/>\n<meta property=\"article:published_time\" content=\"2021-09-24T07:19:00+00:00\" \/>\n<meta property=\"og:image\" content=\"https:\/\/fuentesfidedignas.com.mx\/wp-content\/uploads\/2021\/09\/MERKEL_LORO.jpg\" \/>\n\t<meta property=\"og:image:width\" content=\"800\" \/>\n\t<meta property=\"og:image:height\" content=\"600\" \/>\n\t<meta property=\"og:image:type\" content=\"image\/jpeg\" \/>\n<meta name=\"author\" content=\"Exc\u00e9lsior\" \/>\n<meta name=\"twitter:card\" content=\"summary_large_image\" \/>\n<meta name=\"twitter:creator\" content=\"@fidedignas\" \/>\n<meta name=\"twitter:site\" content=\"@fidedignas\" \/>\n<meta name=\"twitter:label1\" content=\"Escrito por\" \/>\n\t<meta name=\"twitter:data1\" content=\"Exc\u00e9lsior\" \/>\n\t<meta name=\"twitter:label2\" content=\"Tiempo de lectura\" \/>\n\t<meta name=\"twitter:data2\" content=\"1 minuto\" \/>\n<script type=\"application\/ld+json\" class=\"yoast-schema-graph\">{\"@context\":\"https:\\\/\\\/schema.org\",\"@graph\":[{\"@type\":\"Article\",\"@id\":\"https:\\\/\\\/fuentesfidedignas.com.mx\\\/index.php\\\/2021\\\/09\\\/24\\\/merkel-visita-santuario-de-aves-es-mordida-por-loros-y-foto-se-hace-viral\\\/#article\",\"isPartOf\":{\"@id\":\"https:\\\/\\\/fuentesfidedignas.com.mx\\\/index.php\\\/2021\\\/09\\\/24\\\/merkel-visita-santuario-de-aves-es-mordida-por-loros-y-foto-se-hace-viral\\\/\"},\"author\":{\"name\":\"Exc\u00e9lsior\",\"@id\":\"https:\\\/\\\/fuentesfidedignas.com.mx\\\/#\\\/schema\\\/person\\\/ec4edd1fbf5efa3e44fce34fe2787780\"},\"headline\":\"Merkel visita santuario de aves, es &#8216;mordida&#8217; por loros y foto se hace viral\",\"datePublished\":\"2021-09-24T07:19:00+00:00\",\"mainEntityOfPage\":{\"@id\":\"https:\\\/\\\/fuentesfidedignas.com.mx\\\/index.php\\\/2021\\\/09\\\/24\\\/merkel-visita-santuario-de-aves-es-mordida-por-loros-y-foto-se-hace-viral\\\/\"},\"wordCount\":181,\"commentCount\":0,\"publisher\":{\"@id\":\"https:\\\/\\\/fuentesfidedignas.com.mx\\\/#organization\"},\"image\":{\"@id\":\"https:\\\/\\\/fuentesfidedignas.com.mx\\\/index.php\\\/2021\\\/09\\\/24\\\/merkel-visita-santuario-de-aves-es-mordida-por-loros-y-foto-se-hace-viral\\\/#primaryimage\"},\"thumbnailUrl\":\"https:\\\/\\\/fuentesfidedignas.com.mx\\\/wp-content\\\/uploads\\\/2021\\\/09\\\/MERKEL_LORO.jpg\",\"keywords\":[\"Asombrosa\",\"Viral\"],\"articleSection\":[\"LAS ASOMBROSAS\"],\"inLanguage\":\"es\",\"potentialAction\":[{\"@type\":\"CommentAction\",\"name\":\"Comment\",\"target\":[\"https:\\\/\\\/fuentesfidedignas.com.mx\\\/index.php\\\/2021\\\/09\\\/24\\\/merkel-visita-santuario-de-aves-es-mordida-por-loros-y-foto-se-hace-viral\\\/#respond\"]}]},{\"@type\":\"WebPage\",\"@id\":\"https:\\\/\\\/fuentesfidedignas.com.mx\\\/index.php\\\/2021\\\/09\\\/24\\\/merkel-visita-santuario-de-aves-es-mordida-por-loros-y-foto-se-hace-viral\\\/\",\"url\":\"https:\\\/\\\/fuentesfidedignas.com.mx\\\/index.php\\\/2021\\\/09\\\/24\\\/merkel-visita-santuario-de-aves-es-mordida-por-loros-y-foto-se-hace-viral\\\/\",\"name\":\"Merkel visita santuario de aves, es 'mordida' por loros y foto se hace viral - Fuentes Fidedignas\",\"isPartOf\":{\"@id\":\"https:\\\/\\\/fuentesfidedignas.com.mx\\\/#website\"},\"primaryImageOfPage\":{\"@id\":\"https:\\\/\\\/fuentesfidedignas.com.mx\\\/index.php\\\/2021\\\/09\\\/24\\\/merkel-visita-santuario-de-aves-es-mordida-por-loros-y-foto-se-hace-viral\\\/#primaryimage\"},\"image\":{\"@id\":\"https:\\\/\\\/fuentesfidedignas.com.mx\\\/index.php\\\/2021\\\/09\\\/24\\\/merkel-visita-santuario-de-aves-es-mordida-por-loros-y-foto-se-hace-viral\\\/#primaryimage\"},\"thumbnailUrl\":\"https:\\\/\\\/fuentesfidedignas.com.mx\\\/wp-content\\\/uploads\\\/2021\\\/09\\\/MERKEL_LORO.jpg\",\"datePublished\":\"2021-09-24T07:19:00+00:00\",\"breadcrumb\":{\"@id\":\"https:\\\/\\\/fuentesfidedignas.com.mx\\\/index.php\\\/2021\\\/09\\\/24\\\/merkel-visita-santuario-de-aves-es-mordida-por-loros-y-foto-se-hace-viral\\\/#breadcrumb\"},\"inLanguage\":\"es\",\"potentialAction\":[{\"@type\":\"ReadAction\",\"target\":[\"https:\\\/\\\/fuentesfidedignas.com.mx\\\/index.php\\\/2021\\\/09\\\/24\\\/merkel-visita-santuario-de-aves-es-mordida-por-loros-y-foto-se-hace-viral\\\/\"]}]},{\"@type\":\"ImageObject\",\"inLanguage\":\"es\",\"@id\":\"https:\\\/\\\/fuentesfidedignas.com.mx\\\/index.php\\\/2021\\\/09\\\/24\\\/merkel-visita-santuario-de-aves-es-mordida-por-loros-y-foto-se-hace-viral\\\/#primaryimage\",\"url\":\"https:\\\/\\\/fuentesfidedignas.com.mx\\\/wp-content\\\/uploads\\\/2021\\\/09\\\/MERKEL_LORO.jpg\",\"contentUrl\":\"https:\\\/\\\/fuentesfidedignas.com.mx\\\/wp-content\\\/uploads\\\/2021\\\/09\\\/MERKEL_LORO.jpg\",\"width\":800,\"height\":600},{\"@type\":\"BreadcrumbList\",\"@id\":\"https:\\\/\\\/fuentesfidedignas.com.mx\\\/index.php\\\/2021\\\/09\\\/24\\\/merkel-visita-santuario-de-aves-es-mordida-por-loros-y-foto-se-hace-viral\\\/#breadcrumb\",\"itemListElement\":[{\"@type\":\"ListItem\",\"position\":1,\"name\":\"Inicio\",\"item\":\"https:\\\/\\\/fuentesfidedignas.com.mx\\\/\"},{\"@type\":\"ListItem\",\"position\":2,\"name\":\"Merkel visita santuario de aves, es &#8216;mordida&#8217; por loros y foto se hace viral\"}]},{\"@type\":\"WebSite\",\"@id\":\"https:\\\/\\\/fuentesfidedignas.com.mx\\\/#website\",\"url\":\"https:\\\/\\\/fuentesfidedignas.com.mx\\\/\",\"name\":\"Fuentes Fidedignas\",\"description\":\"Otro sitio realizado con WordPress\",\"publisher\":{\"@id\":\"https:\\\/\\\/fuentesfidedignas.com.mx\\\/#organization\"},\"potentialAction\":[{\"@type\":\"SearchAction\",\"target\":{\"@type\":\"EntryPoint\",\"urlTemplate\":\"https:\\\/\\\/fuentesfidedignas.com.mx\\\/?s={search_term_string}\"},\"query-input\":{\"@type\":\"PropertyValueSpecification\",\"valueRequired\":true,\"valueName\":\"search_term_string\"}}],\"inLanguage\":\"es\"},{\"@type\":\"Organization\",\"@id\":\"https:\\\/\\\/fuentesfidedignas.com.mx\\\/#organization\",\"name\":\"Fuentes Fidedignas\",\"url\":\"https:\\\/\\\/fuentesfidedignas.com.mx\\\/\",\"logo\":{\"@type\":\"ImageObject\",\"inLanguage\":\"es\",\"@id\":\"https:\\\/\\\/fuentesfidedignas.com.mx\\\/#\\\/schema\\\/logo\\\/image\\\/\",\"url\":\"https:\\\/\\\/fuentesfidedignas.com.mx\\\/wp-content\\\/uploads\\\/2021\\\/04\\\/logo-retina.png\",\"contentUrl\":\"https:\\\/\\\/fuentesfidedignas.com.mx\\\/wp-content\\\/uploads\\\/2021\\\/04\\\/logo-retina.png\",\"width\":280,\"height\":51,\"caption\":\"Fuentes Fidedignas\"},\"image\":{\"@id\":\"https:\\\/\\\/fuentesfidedignas.com.mx\\\/#\\\/schema\\\/logo\\\/image\\\/\"},\"sameAs\":[\"https:\\\/\\\/www.facebook.com\\\/Fuentes-Fidedignas-368234489921644\",\"https:\\\/\\\/x.com\\\/fidedignas\"]},{\"@type\":\"Person\",\"@id\":\"https:\\\/\\\/fuentesfidedignas.com.mx\\\/#\\\/schema\\\/person\\\/ec4edd1fbf5efa3e44fce34fe2787780\",\"name\":\"Exc\u00e9lsior\",\"image\":{\"@type\":\"ImageObject\",\"inLanguage\":\"es\",\"@id\":\"https:\\\/\\\/secure.gravatar.com\\\/avatar\\\/4b7ee9206b48be08447852b3f0814dbc7c0f3b51541b164f1464a2725614020b?s=96&d=mm&r=g\",\"url\":\"https:\\\/\\\/secure.gravatar.com\\\/avatar\\\/4b7ee9206b48be08447852b3f0814dbc7c0f3b51541b164f1464a2725614020b?s=96&d=mm&r=g\",\"contentUrl\":\"https:\\\/\\\/secure.gravatar.com\\\/avatar\\\/4b7ee9206b48be08447852b3f0814dbc7c0f3b51541b164f1464a2725614020b?s=96&d=mm&r=g\",\"caption\":\"Exc\u00e9lsior\"},\"url\":\"https:\\\/\\\/fuentesfidedignas.com.mx\\\/index.php\\\/author\\\/excelsior\\\/\"}]}<\/script>\n<!-- \/ Yoast SEO plugin. -->","yoast_head_json":{"title":"Merkel visita santuario de aves, es 'mordida' por loros y foto se hace viral - Fuentes Fidedignas","robots":{"index":"index","follow":"follow","max-snippet":"max-snippet:-1","max-image-preview":"max-image-preview:large","max-video-preview":"max-video-preview:-1"},"canonical":"https:\/\/fuentesfidedignas.com.mx\/index.php\/2021\/09\/24\/merkel-visita-santuario-de-aves-es-mordida-por-loros-y-foto-se-hace-viral\/","og_locale":"es_MX","og_type":"article","og_title":"Merkel visita santuario de aves, es 'mordida' por loros y foto se hace viral - Fuentes Fidedignas","og_description":"Desde hace varios a\u00f1os se sabe que la canciller alemana tiene gusto por los loros, as\u00ed le fue cuando unos cuantos se pararon en sus manos. Angela\u00a0Merkel, la todav\u00eda canciller alemana, visit\u00f3 el\u00a0Marlow Bird Park donde se dej\u00f3 fotografiar\u00a0con varias aves sobre sus brazos y su cabeza\u2026\u00a0hasta que la mordieron. En una de las im\u00e1genes\u00a0se [&hellip;]","og_url":"https:\/\/fuentesfidedignas.com.mx\/index.php\/2021\/09\/24\/merkel-visita-santuario-de-aves-es-mordida-por-loros-y-foto-se-hace-viral\/","og_site_name":"Fuentes Fidedignas","article_publisher":"https:\/\/www.facebook.com\/Fuentes-Fidedignas-368234489921644","article_published_time":"2021-09-24T07:19:00+00:00","og_image":[{"width":800,"height":600,"url":"https:\/\/fuentesfidedignas.com.mx\/wp-content\/uploads\/2021\/09\/MERKEL_LORO.jpg","type":"image\/jpeg"}],"author":"Exc\u00e9lsior","twitter_card":"summary_large_image","twitter_creator":"@fidedignas","twitter_site":"@fidedignas","twitter_misc":{"Escrito por":"Exc\u00e9lsior","Tiempo de lectura":"1 minuto"},"schema":{"@context":"https:\/\/schema.org","@graph":[{"@type":"Article","@id":"https:\/\/fuentesfidedignas.com.mx\/index.php\/2021\/09\/24\/merkel-visita-santuario-de-aves-es-mordida-por-loros-y-foto-se-hace-viral\/#article","isPartOf":{"@id":"https:\/\/fuentesfidedignas.com.mx\/index.php\/2021\/09\/24\/merkel-visita-santuario-de-aves-es-mordida-por-loros-y-foto-se-hace-viral\/"},"author":{"name":"Exc\u00e9lsior","@id":"https:\/\/fuentesfidedignas.com.mx\/#\/schema\/person\/ec4edd1fbf5efa3e44fce34fe2787780"},"headline":"Merkel visita santuario de aves, es &#8216;mordida&#8217; por loros y foto se hace viral","datePublished":"2021-09-24T07:19:00+00:00","mainEntityOfPage":{"@id":"https:\/\/fuentesfidedignas.com.mx\/index.php\/2021\/09\/24\/merkel-visita-santuario-de-aves-es-mordida-por-loros-y-foto-se-hace-viral\/"},"wordCount":181,"commentCount":0,"publisher":{"@id":"https:\/\/fuentesfidedignas.com.mx\/#organization"},"image":{"@id":"https:\/\/fuentesfidedignas.com.mx\/index.php\/2021\/09\/24\/merkel-visita-santuario-de-aves-es-mordida-por-loros-y-foto-se-hace-viral\/#primaryimage"},"thumbnailUrl":"https:\/\/fuentesfidedignas.com.mx\/wp-content\/uploads\/2021\/09\/MERKEL_LORO.jpg","keywords":["Asombrosa","Viral"],"articleSection":["LAS ASOMBROSAS"],"inLanguage":"es","potentialAction":[{"@type":"CommentAction","name":"Comment","target":["https:\/\/fuentesfidedignas.com.mx\/index.php\/2021\/09\/24\/merkel-visita-santuario-de-aves-es-mordida-por-loros-y-foto-se-hace-viral\/#respond"]}]},{"@type":"WebPage","@id":"https:\/\/fuentesfidedignas.com.mx\/index.php\/2021\/09\/24\/merkel-visita-santuario-de-aves-es-mordida-por-loros-y-foto-se-hace-viral\/","url":"https:\/\/fuentesfidedignas.com.mx\/index.php\/2021\/09\/24\/merkel-visita-santuario-de-aves-es-mordida-por-loros-y-foto-se-hace-viral\/","name":"Merkel visita santuario de aves, es 'mordida' por loros y foto se hace viral - Fuentes Fidedignas","isPartOf":{"@id":"https:\/\/fuentesfidedignas.com.mx\/#website"},"primaryImageOfPage":{"@id":"https:\/\/fuentesfidedignas.com.mx\/index.php\/2021\/09\/24\/merkel-visita-santuario-de-aves-es-mordida-por-loros-y-foto-se-hace-viral\/#primaryimage"},"image":{"@id":"https:\/\/fuentesfidedignas.com.mx\/index.php\/2021\/09\/24\/merkel-visita-santuario-de-aves-es-mordida-por-loros-y-foto-se-hace-viral\/#primaryimage"},"thumbnailUrl":"https:\/\/fuentesfidedignas.com.mx\/wp-content\/uploads\/2021\/09\/MERKEL_LORO.jpg","datePublished":"2021-09-24T07:19:00+00:00","breadcrumb":{"@id":"https:\/\/fuentesfidedignas.com.mx\/index.php\/2021\/09\/24\/merkel-visita-santuario-de-aves-es-mordida-por-loros-y-foto-se-hace-viral\/#breadcrumb"},"inLanguage":"es","potentialAction":[{"@type":"ReadAction","target":["https:\/\/fuentesfidedignas.com.mx\/index.php\/2021\/09\/24\/merkel-visita-santuario-de-aves-es-mordida-por-loros-y-foto-se-hace-viral\/"]}]},{"@type":"ImageObject","inLanguage":"es","@id":"https:\/\/fuentesfidedignas.com.mx\/index.php\/2021\/09\/24\/merkel-visita-santuario-de-aves-es-mordida-por-loros-y-foto-se-hace-viral\/#primaryimage","url":"https:\/\/fuentesfidedignas.com.mx\/wp-content\/uploads\/2021\/09\/MERKEL_LORO.jpg","contentUrl":"https:\/\/fuentesfidedignas.com.mx\/wp-content\/uploads\/2021\/09\/MERKEL_LORO.jpg","width":800,"height":600},{"@type":"BreadcrumbList","@id":"https:\/\/fuentesfidedignas.com.mx\/index.php\/2021\/09\/24\/merkel-visita-santuario-de-aves-es-mordida-por-loros-y-foto-se-hace-viral\/#breadcrumb","itemListElement":[{"@type":"ListItem","position":1,"name":"Inicio","item":"https:\/\/fuentesfidedignas.com.mx\/"},{"@type":"ListItem","position":2,"name":"Merkel visita santuario de aves, es &#8216;mordida&#8217; por loros y foto se hace viral"}]},{"@type":"WebSite","@id":"https:\/\/fuentesfidedignas.com.mx\/#website","url":"https:\/\/fuentesfidedignas.com.mx\/","name":"Fuentes Fidedignas","description":"Otro sitio realizado con WordPress","publisher":{"@id":"https:\/\/fuentesfidedignas.com.mx\/#organization"},"potentialAction":[{"@type":"SearchAction","target":{"@type":"EntryPoint","urlTemplate":"https:\/\/fuentesfidedignas.com.mx\/?s={search_term_string}"},"query-input":{"@type":"PropertyValueSpecification","valueRequired":true,"valueName":"search_term_string"}}],"inLanguage":"es"},{"@type":"Organization","@id":"https:\/\/fuentesfidedignas.com.mx\/#organization","name":"Fuentes Fidedignas","url":"https:\/\/fuentesfidedignas.com.mx\/","logo":{"@type":"ImageObject","inLanguage":"es","@id":"https:\/\/fuentesfidedignas.com.mx\/#\/schema\/logo\/image\/","url":"https:\/\/fuentesfidedignas.com.mx\/wp-content\/uploads\/2021\/04\/logo-retina.png","contentUrl":"https:\/\/fuentesfidedignas.com.mx\/wp-content\/uploads\/2021\/04\/logo-retina.png","width":280,"height":51,"caption":"Fuentes Fidedignas"},"image":{"@id":"https:\/\/fuentesfidedignas.com.mx\/#\/schema\/logo\/image\/"},"sameAs":["https:\/\/www.facebook.com\/Fuentes-Fidedignas-368234489921644","https:\/\/x.com\/fidedignas"]},{"@type":"Person","@id":"https:\/\/fuentesfidedignas.com.mx\/#\/schema\/person\/ec4edd1fbf5efa3e44fce34fe2787780","name":"Exc\u00e9lsior","image":{"@type":"ImageObject","inLanguage":"es","@id":"https:\/\/secure.gravatar.com\/avatar\/4b7ee9206b48be08447852b3f0814dbc7c0f3b51541b164f1464a2725614020b?s=96&d=mm&r=g","url":"https:\/\/secure.gravatar.com\/avatar\/4b7ee9206b48be08447852b3f0814dbc7c0f3b51541b164f1464a2725614020b?s=96&d=mm&r=g","contentUrl":"https:\/\/secure.gravatar.com\/avatar\/4b7ee9206b48be08447852b3f0814dbc7c0f3b51541b164f1464a2725614020b?s=96&d=mm&r=g","caption":"Exc\u00e9lsior"},"url":"https:\/\/fuentesfidedignas.com.mx\/index.php\/author\/excelsior\/"}]}},"_links":{"self":[{"href":"https:\/\/fuentesfidedignas.com.mx\/index.php\/wp-json\/wp\/v2\/posts\/13326","targetHints":{"allow":["GET"]}}],"collection":[{"href":"https:\/\/fuentesfidedignas.com.mx\/index.php\/wp-json\/wp\/v2\/posts"}],"about":[{"href":"https:\/\/fuentesfidedignas.com.mx\/index.php\/wp-json\/wp\/v2\/types\/post"}],"author":[{"embeddable":true,"href":"https:\/\/fuentesfidedignas.com.mx\/index.php\/wp-json\/wp\/v2\/users\/7"}],"replies":[{"embeddable":true,"href":"https:\/\/fuentesfidedignas.com.mx\/index.php\/wp-json\/wp\/v2\/comments?post=13326"}],"version-history":[{"count":1,"href":"https:\/\/fuentesfidedignas.com.mx\/index.php\/wp-json\/wp\/v2\/posts\/13326\/revisions"}],"predecessor-version":[{"id":13328,"href":"https:\/\/fuentesfidedignas.com.mx\/index.php\/wp-json\/wp\/v2\/posts\/13326\/revisions\/13328"}],"wp:featuredmedia":[{"embeddable":true,"href":"https:\/\/fuentesfidedignas.com.mx\/index.php\/wp-json\/wp\/v2\/media\/13327"}],"wp:attachment":[{"href":"https:\/\/fuentesfidedignas.com.mx\/index.php\/wp-json\/wp\/v2\/media?parent=13326"}],"wp:term":[{"taxonomy":"category","embeddable":true,"href":"https:\/\/fuentesfidedignas.com.mx\/index.php\/wp-json\/wp\/v2\/categories?post=13326"},{"taxonomy":"post_tag","embeddable":true,"href":"https:\/\/fuentesfidedignas.com.mx\/index.php\/wp-json\/wp\/v2\/tags?post=13326"}],"curies":[{"name":"wp","href":"https:\/\/api.w.org\/{rel}","templated":true}]}}