{"id":13310,"date":"2021-09-23T15:21:57","date_gmt":"2021-09-23T22:21:57","guid":{"rendered":"https:\/\/fuentesfidedignas.com.mx\/?p=13310"},"modified":"2021-09-23T15:21:58","modified_gmt":"2021-09-23T22:21:58","slug":"se-dispara-en-mexico-el-precio-de-la-tortilla-15-5-es-su-mayor-alza-en-10-anos","status":"publish","type":"post","link":"https:\/\/fuentesfidedignas.com.mx\/index.php\/2021\/09\/23\/se-dispara-en-mexico-el-precio-de-la-tortilla-15-5-es-su-mayor-alza-en-10-anos\/","title":{"rendered":"Se dispara en M\u00e9xico el precio de la tortilla 15.5%, es su mayor alza en 10 a\u00f1os"},"content":{"rendered":"\n<p><strong><em>Significa la octava quincena consecutiva en que el precio de las tortillas sube a tasa de doble d\u00edgito<\/em><\/strong><\/p>\n\n\n\n<p>Ciudad de M\u00e9xico.- Considerado el alimento principal de los mexicanos, pues 98.6% de la poblaci\u00f3n la incluye en su dieta, la tortilla de ma\u00edz contin\u00faa subiendo de precio y estableci\u00f3 una nueva alza r\u00e9cord de casi 10 a\u00f1os.<\/p>\n\n\n\n<p>Cifras del Inegi se\u00f1alan que, en promedio, el precio de las tortillas de ma\u00edz se dispar\u00f3 15.5% en la primera mitad de septiembre de este a\u00f1o frente a la misma quincena de 2020.<\/p>\n\n\n\n<p>Se trata de la mayor alza desde la segunda quincena de febrero de 2012, cuando se registr\u00f3 un incremento de 17%, de acuerdo con el \u00cdndice Nacional de Precios al Consumidor del instituto.<\/p>\n\n\n\n<p>Adem\u00e1s, significa la octava quincena consecutiva en que el precio de las tortillas sube a tasa de doble d\u00edgito.<\/p>\n\n\n\n<p>\u201cPara nosotros si estamos bien en la econom\u00eda se tiene que reflejar en el precio de la tortilla y en el salario m\u00ednimo\u201d, coment\u00f3 el Presidente Andr\u00e9s Manuel L\u00f3pez Obrador el pasado 2 de julio.<\/p>\n\n\n\n<p><strong>EN HERMOSILLO, EL PRECIO M\u00c1S CARO POR KILO DE TORTILLA<\/strong><\/p>\n\n\n\n<p>Las tortillas m\u00e1s caras se pueden encontrar en Hermosillo, Sonora, donde su precio promedio fue de 22.57 pesos por kilo entre el 15 y 21 de septiembre, aunque llegaron a costar hasta 28 pesos, indican datos de la Profeco.<\/p>\n\n\n\n<p>En la Ciudad de M\u00e9xico se vendieron en 14.86 pesos y llegaron a comercializarse hasta en 20 pesos, mientras en Guadalajara, Jalisco, costaron en promedio 16.48 pesos y tambi\u00e9n tocaron un m\u00e1ximo de 20 pesos.<\/p>\n\n\n\n<p>En Monterrey, Nuevo Le\u00f3n, las tortillas se ofrecieron en 17.49 pesos y en algunas zonas costaron 22 pesos, de acuerdo con la Profeco.<\/p>\n\n\n\n<p>Grupo Consultor de Mercados Agr\u00edcolas (GCMA) anticipa un r\u00e9cord en las importaciones de ma\u00edz para este a\u00f1o, con 17.9 millones de toneladas, de las cuales a la fecha se reporta un avance de 11.8 millones (66.3%). De este volumen, 93.3% es de ma\u00edz amarillo, 5.9% de blanco y 0.8% de quebrado.<\/p>\n\n\n\n<p>En los mercados internacionales, el precio del futuro de ma\u00edz amarillo presenta un incremento a 206.6 d\u00f3lares por tonelada, debido a la posibilidad de que Canad\u00e1 incremente sus importaciones de forrajes, tras las malas cosechas de cebada, avena y trigo.<\/p>\n\n\n\n<p>Detr\u00e1s del incremento tambi\u00e9n est\u00e1n los comentarios sobre rendimientos menores a los esperados en algunas zonas de Estados Unidos, como en Illinois, donde se registr\u00f3 una disminuci\u00f3n en las condiciones para cultivar ma\u00edz.<\/p>\n\n\n\n<p>La cosecha de ma\u00edz en la Uni\u00f3n Americana se encuentra por debajo del promedio de los \u00faltimos 5 a\u00f1os, destaca GCMA.<\/p>\n\n\n\n<p><strong>LA CARNE DE RES SUBE 11.6%<\/strong><\/p>\n\n\n\n<p>Clasificado como el tercer c\u00e1rnico m\u00e1s consumido en el pa\u00eds, la carne de res tambi\u00e9n sigue escalando de precio y report\u00f3 la mayor alza de los \u00faltimos seis a\u00f1os.<\/p>\n\n\n\n<p>Datos del Inegi se\u00f1alan que, en promedio, la carne de bovino aument\u00f3 11.6% en la primera mitad de septiembre y fue su incremento m\u00e1s pronunciado desde la segunda quincena de octubre de 2015, cuando se elev\u00f3 a una tasa de 12%.<\/p>\n\n\n\n<p>GCMA atribuye la subida de esta prote\u00edna con los precios internacionales, pues se han incrementado de manera sustancial las importaciones de ganado para engorda y sacrificio con m\u00e1s de 42 mil cabezas compradas entre enero y agosto de este a\u00f1o, m\u00e1s de seis veces el volumen adquirido durante el mismo periodo de 2020.<\/p>\n\n\n\n<p>El a\u00f1o pasado, M\u00e9xico produjo 2.1 millones de toneladas de carne de res, siendo Veracruz, Jalisco y San Luis Potos\u00ed los tres principales generadores de res, por concentrar 31% de la producci\u00f3n nacional durante 2020, indican cifras recabadas por Comecarne.<\/p>\n","protected":false},"excerpt":{"rendered":"<p>Significa la octava quincena consecutiva en que el precio de las tortillas sube a tasa de doble d\u00edgito Ciudad de M\u00e9xico.- Considerado el alimento principal de los mexicanos, pues 98.6% de la poblaci\u00f3n la incluye en su dieta, la tortilla de ma\u00edz contin\u00faa subiendo de precio y estableci\u00f3 una nueva alza r\u00e9cord de casi 10 [&hellip;]<\/p>\n","protected":false},"author":39,"featured_media":13311,"comment_status":"open","ping_status":"open","sticky":false,"template":"","format":"standard","meta":{"tdm_status":"","tdm_grid_status":"","footnotes":""},"categories":[39],"tags":[1153,1154],"class_list":{"0":"post-13310","1":"post","2":"type-post","3":"status-publish","4":"format-standard","5":"has-post-thumbnail","7":"category-noticias-nacionales","8":"tag-precio-de-la-tortilla","9":"tag-tortilla"},"yoast_head":"<!-- This site is optimized with the Yoast SEO plugin v27.5 - https:\/\/yoast.com\/product\/yoast-seo-wordpress\/ -->\n<title>Se dispara en M\u00e9xico el precio de la tortilla 15.5%, es su mayor alza en 10 a\u00f1os - Fuentes Fidedignas<\/title>\n<meta name=\"robots\" content=\"index, follow, max-snippet:-1, max-image-preview:large, max-video-preview:-1\" \/>\n<link rel=\"canonical\" href=\"https:\/\/fuentesfidedignas.com.mx\/index.php\/2021\/09\/23\/se-dispara-en-mexico-el-precio-de-la-tortilla-15-5-es-su-mayor-alza-en-10-anos\/\" \/>\n<meta property=\"og:locale\" content=\"es_MX\" \/>\n<meta property=\"og:type\" content=\"article\" \/>\n<meta property=\"og:title\" content=\"Se dispara en M\u00e9xico el precio de la tortilla 15.5%, es su mayor alza en 10 a\u00f1os - Fuentes Fidedignas\" \/>\n<meta property=\"og:description\" content=\"Significa la octava quincena consecutiva en que el precio de las tortillas sube a tasa de doble d\u00edgito Ciudad de M\u00e9xico.- Considerado el alimento principal de los mexicanos, pues 98.6% de la poblaci\u00f3n la incluye en su dieta, la tortilla de ma\u00edz contin\u00faa subiendo de precio y estableci\u00f3 una nueva alza r\u00e9cord de casi 10 [&hellip;]\" \/>\n<meta property=\"og:url\" content=\"https:\/\/fuentesfidedignas.com.mx\/index.php\/2021\/09\/23\/se-dispara-en-mexico-el-precio-de-la-tortilla-15-5-es-su-mayor-alza-en-10-anos\/\" \/>\n<meta property=\"og:site_name\" content=\"Fuentes Fidedignas\" \/>\n<meta property=\"article:publisher\" content=\"https:\/\/www.facebook.com\/Fuentes-Fidedignas-368234489921644\" \/>\n<meta property=\"article:published_time\" content=\"2021-09-23T22:21:57+00:00\" \/>\n<meta property=\"article:modified_time\" content=\"2021-09-23T22:21:58+00:00\" \/>\n<meta property=\"og:image\" content=\"https:\/\/fuentesfidedignas.com.mx\/wp-content\/uploads\/2021\/09\/TORTILLAS.jpg\" \/>\n\t<meta property=\"og:image:width\" content=\"740\" \/>\n\t<meta property=\"og:image:height\" content=\"431\" \/>\n\t<meta property=\"og:image:type\" content=\"image\/jpeg\" \/>\n<meta name=\"author\" content=\"El Universal\" \/>\n<meta name=\"twitter:card\" content=\"summary_large_image\" \/>\n<meta name=\"twitter:creator\" content=\"@fidedignas\" \/>\n<meta name=\"twitter:site\" content=\"@fidedignas\" \/>\n<meta name=\"twitter:label1\" content=\"Escrito por\" \/>\n\t<meta name=\"twitter:data1\" content=\"El Universal\" \/>\n\t<meta name=\"twitter:label2\" content=\"Tiempo de lectura\" \/>\n\t<meta name=\"twitter:data2\" content=\"3 minutos\" \/>\n<script type=\"application\/ld+json\" class=\"yoast-schema-graph\">{\"@context\":\"https:\\\/\\\/schema.org\",\"@graph\":[{\"@type\":\"Article\",\"@id\":\"https:\\\/\\\/fuentesfidedignas.com.mx\\\/index.php\\\/2021\\\/09\\\/23\\\/se-dispara-en-mexico-el-precio-de-la-tortilla-15-5-es-su-mayor-alza-en-10-anos\\\/#article\",\"isPartOf\":{\"@id\":\"https:\\\/\\\/fuentesfidedignas.com.mx\\\/index.php\\\/2021\\\/09\\\/23\\\/se-dispara-en-mexico-el-precio-de-la-tortilla-15-5-es-su-mayor-alza-en-10-anos\\\/\"},\"author\":{\"name\":\"El Universal\",\"@id\":\"https:\\\/\\\/fuentesfidedignas.com.mx\\\/#\\\/schema\\\/person\\\/fee3882e65fd0510d292c43a346d35d7\"},\"headline\":\"Se dispara en M\u00e9xico el precio de la tortilla 15.5%, es su mayor alza en 10 a\u00f1os\",\"datePublished\":\"2021-09-23T22:21:57+00:00\",\"dateModified\":\"2021-09-23T22:21:58+00:00\",\"mainEntityOfPage\":{\"@id\":\"https:\\\/\\\/fuentesfidedignas.com.mx\\\/index.php\\\/2021\\\/09\\\/23\\\/se-dispara-en-mexico-el-precio-de-la-tortilla-15-5-es-su-mayor-alza-en-10-anos\\\/\"},\"wordCount\":632,\"commentCount\":0,\"publisher\":{\"@id\":\"https:\\\/\\\/fuentesfidedignas.com.mx\\\/#organization\"},\"image\":{\"@id\":\"https:\\\/\\\/fuentesfidedignas.com.mx\\\/index.php\\\/2021\\\/09\\\/23\\\/se-dispara-en-mexico-el-precio-de-la-tortilla-15-5-es-su-mayor-alza-en-10-anos\\\/#primaryimage\"},\"thumbnailUrl\":\"https:\\\/\\\/fuentesfidedignas.com.mx\\\/wp-content\\\/uploads\\\/2021\\\/09\\\/TORTILLAS.jpg\",\"keywords\":[\"Precio de la tortilla\",\"Tortilla\"],\"articleSection\":[\"NOTICIAS NACIONALES\"],\"inLanguage\":\"es\",\"potentialAction\":[{\"@type\":\"CommentAction\",\"name\":\"Comment\",\"target\":[\"https:\\\/\\\/fuentesfidedignas.com.mx\\\/index.php\\\/2021\\\/09\\\/23\\\/se-dispara-en-mexico-el-precio-de-la-tortilla-15-5-es-su-mayor-alza-en-10-anos\\\/#respond\"]}]},{\"@type\":\"WebPage\",\"@id\":\"https:\\\/\\\/fuentesfidedignas.com.mx\\\/index.php\\\/2021\\\/09\\\/23\\\/se-dispara-en-mexico-el-precio-de-la-tortilla-15-5-es-su-mayor-alza-en-10-anos\\\/\",\"url\":\"https:\\\/\\\/fuentesfidedignas.com.mx\\\/index.php\\\/2021\\\/09\\\/23\\\/se-dispara-en-mexico-el-precio-de-la-tortilla-15-5-es-su-mayor-alza-en-10-anos\\\/\",\"name\":\"Se dispara en M\u00e9xico el precio de la tortilla 15.5%, es su mayor alza en 10 a\u00f1os - Fuentes Fidedignas\",\"isPartOf\":{\"@id\":\"https:\\\/\\\/fuentesfidedignas.com.mx\\\/#website\"},\"primaryImageOfPage\":{\"@id\":\"https:\\\/\\\/fuentesfidedignas.com.mx\\\/index.php\\\/2021\\\/09\\\/23\\\/se-dispara-en-mexico-el-precio-de-la-tortilla-15-5-es-su-mayor-alza-en-10-anos\\\/#primaryimage\"},\"image\":{\"@id\":\"https:\\\/\\\/fuentesfidedignas.com.mx\\\/index.php\\\/2021\\\/09\\\/23\\\/se-dispara-en-mexico-el-precio-de-la-tortilla-15-5-es-su-mayor-alza-en-10-anos\\\/#primaryimage\"},\"thumbnailUrl\":\"https:\\\/\\\/fuentesfidedignas.com.mx\\\/wp-content\\\/uploads\\\/2021\\\/09\\\/TORTILLAS.jpg\",\"datePublished\":\"2021-09-23T22:21:57+00:00\",\"dateModified\":\"2021-09-23T22:21:58+00:00\",\"breadcrumb\":{\"@id\":\"https:\\\/\\\/fuentesfidedignas.com.mx\\\/index.php\\\/2021\\\/09\\\/23\\\/se-dispara-en-mexico-el-precio-de-la-tortilla-15-5-es-su-mayor-alza-en-10-anos\\\/#breadcrumb\"},\"inLanguage\":\"es\",\"potentialAction\":[{\"@type\":\"ReadAction\",\"target\":[\"https:\\\/\\\/fuentesfidedignas.com.mx\\\/index.php\\\/2021\\\/09\\\/23\\\/se-dispara-en-mexico-el-precio-de-la-tortilla-15-5-es-su-mayor-alza-en-10-anos\\\/\"]}]},{\"@type\":\"ImageObject\",\"inLanguage\":\"es\",\"@id\":\"https:\\\/\\\/fuentesfidedignas.com.mx\\\/index.php\\\/2021\\\/09\\\/23\\\/se-dispara-en-mexico-el-precio-de-la-tortilla-15-5-es-su-mayor-alza-en-10-anos\\\/#primaryimage\",\"url\":\"https:\\\/\\\/fuentesfidedignas.com.mx\\\/wp-content\\\/uploads\\\/2021\\\/09\\\/TORTILLAS.jpg\",\"contentUrl\":\"https:\\\/\\\/fuentesfidedignas.com.mx\\\/wp-content\\\/uploads\\\/2021\\\/09\\\/TORTILLAS.jpg\",\"width\":740,\"height\":431},{\"@type\":\"BreadcrumbList\",\"@id\":\"https:\\\/\\\/fuentesfidedignas.com.mx\\\/index.php\\\/2021\\\/09\\\/23\\\/se-dispara-en-mexico-el-precio-de-la-tortilla-15-5-es-su-mayor-alza-en-10-anos\\\/#breadcrumb\",\"itemListElement\":[{\"@type\":\"ListItem\",\"position\":1,\"name\":\"Inicio\",\"item\":\"https:\\\/\\\/fuentesfidedignas.com.mx\\\/\"},{\"@type\":\"ListItem\",\"position\":2,\"name\":\"Se dispara en M\u00e9xico el precio de la tortilla 15.5%, es su mayor alza en 10 a\u00f1os\"}]},{\"@type\":\"WebSite\",\"@id\":\"https:\\\/\\\/fuentesfidedignas.com.mx\\\/#website\",\"url\":\"https:\\\/\\\/fuentesfidedignas.com.mx\\\/\",\"name\":\"Fuentes Fidedignas\",\"description\":\"Otro sitio realizado con WordPress\",\"publisher\":{\"@id\":\"https:\\\/\\\/fuentesfidedignas.com.mx\\\/#organization\"},\"potentialAction\":[{\"@type\":\"SearchAction\",\"target\":{\"@type\":\"EntryPoint\",\"urlTemplate\":\"https:\\\/\\\/fuentesfidedignas.com.mx\\\/?s={search_term_string}\"},\"query-input\":{\"@type\":\"PropertyValueSpecification\",\"valueRequired\":true,\"valueName\":\"search_term_string\"}}],\"inLanguage\":\"es\"},{\"@type\":\"Organization\",\"@id\":\"https:\\\/\\\/fuentesfidedignas.com.mx\\\/#organization\",\"name\":\"Fuentes Fidedignas\",\"url\":\"https:\\\/\\\/fuentesfidedignas.com.mx\\\/\",\"logo\":{\"@type\":\"ImageObject\",\"inLanguage\":\"es\",\"@id\":\"https:\\\/\\\/fuentesfidedignas.com.mx\\\/#\\\/schema\\\/logo\\\/image\\\/\",\"url\":\"https:\\\/\\\/fuentesfidedignas.com.mx\\\/wp-content\\\/uploads\\\/2021\\\/04\\\/logo-retina.png\",\"contentUrl\":\"https:\\\/\\\/fuentesfidedignas.com.mx\\\/wp-content\\\/uploads\\\/2021\\\/04\\\/logo-retina.png\",\"width\":280,\"height\":51,\"caption\":\"Fuentes Fidedignas\"},\"image\":{\"@id\":\"https:\\\/\\\/fuentesfidedignas.com.mx\\\/#\\\/schema\\\/logo\\\/image\\\/\"},\"sameAs\":[\"https:\\\/\\\/www.facebook.com\\\/Fuentes-Fidedignas-368234489921644\",\"https:\\\/\\\/x.com\\\/fidedignas\"]},{\"@type\":\"Person\",\"@id\":\"https:\\\/\\\/fuentesfidedignas.com.mx\\\/#\\\/schema\\\/person\\\/fee3882e65fd0510d292c43a346d35d7\",\"name\":\"El Universal\",\"image\":{\"@type\":\"ImageObject\",\"inLanguage\":\"es\",\"@id\":\"https:\\\/\\\/secure.gravatar.com\\\/avatar\\\/1ebc94d82b6c3c081781f73e5b76a0d0c1ac7bf8e57426f18802246eeaa2747c?s=96&d=mm&r=g\",\"url\":\"https:\\\/\\\/secure.gravatar.com\\\/avatar\\\/1ebc94d82b6c3c081781f73e5b76a0d0c1ac7bf8e57426f18802246eeaa2747c?s=96&d=mm&r=g\",\"contentUrl\":\"https:\\\/\\\/secure.gravatar.com\\\/avatar\\\/1ebc94d82b6c3c081781f73e5b76a0d0c1ac7bf8e57426f18802246eeaa2747c?s=96&d=mm&r=g\",\"caption\":\"El Universal\"},\"url\":\"https:\\\/\\\/fuentesfidedignas.com.mx\\\/index.php\\\/author\\\/el-universal\\\/\"}]}<\/script>\n<!-- \/ Yoast SEO plugin. -->","yoast_head_json":{"title":"Se dispara en M\u00e9xico el precio de la tortilla 15.5%, es su mayor alza en 10 a\u00f1os - Fuentes Fidedignas","robots":{"index":"index","follow":"follow","max-snippet":"max-snippet:-1","max-image-preview":"max-image-preview:large","max-video-preview":"max-video-preview:-1"},"canonical":"https:\/\/fuentesfidedignas.com.mx\/index.php\/2021\/09\/23\/se-dispara-en-mexico-el-precio-de-la-tortilla-15-5-es-su-mayor-alza-en-10-anos\/","og_locale":"es_MX","og_type":"article","og_title":"Se dispara en M\u00e9xico el precio de la tortilla 15.5%, es su mayor alza en 10 a\u00f1os - Fuentes Fidedignas","og_description":"Significa la octava quincena consecutiva en que el precio de las tortillas sube a tasa de doble d\u00edgito Ciudad de M\u00e9xico.- Considerado el alimento principal de los mexicanos, pues 98.6% de la poblaci\u00f3n la incluye en su dieta, la tortilla de ma\u00edz contin\u00faa subiendo de precio y estableci\u00f3 una nueva alza r\u00e9cord de casi 10 [&hellip;]","og_url":"https:\/\/fuentesfidedignas.com.mx\/index.php\/2021\/09\/23\/se-dispara-en-mexico-el-precio-de-la-tortilla-15-5-es-su-mayor-alza-en-10-anos\/","og_site_name":"Fuentes Fidedignas","article_publisher":"https:\/\/www.facebook.com\/Fuentes-Fidedignas-368234489921644","article_published_time":"2021-09-23T22:21:57+00:00","article_modified_time":"2021-09-23T22:21:58+00:00","og_image":[{"width":740,"height":431,"url":"https:\/\/fuentesfidedignas.com.mx\/wp-content\/uploads\/2021\/09\/TORTILLAS.jpg","type":"image\/jpeg"}],"author":"El Universal","twitter_card":"summary_large_image","twitter_creator":"@fidedignas","twitter_site":"@fidedignas","twitter_misc":{"Escrito por":"El Universal","Tiempo de lectura":"3 minutos"},"schema":{"@context":"https:\/\/schema.org","@graph":[{"@type":"Article","@id":"https:\/\/fuentesfidedignas.com.mx\/index.php\/2021\/09\/23\/se-dispara-en-mexico-el-precio-de-la-tortilla-15-5-es-su-mayor-alza-en-10-anos\/#article","isPartOf":{"@id":"https:\/\/fuentesfidedignas.com.mx\/index.php\/2021\/09\/23\/se-dispara-en-mexico-el-precio-de-la-tortilla-15-5-es-su-mayor-alza-en-10-anos\/"},"author":{"name":"El Universal","@id":"https:\/\/fuentesfidedignas.com.mx\/#\/schema\/person\/fee3882e65fd0510d292c43a346d35d7"},"headline":"Se dispara en M\u00e9xico el precio de la tortilla 15.5%, es su mayor alza en 10 a\u00f1os","datePublished":"2021-09-23T22:21:57+00:00","dateModified":"2021-09-23T22:21:58+00:00","mainEntityOfPage":{"@id":"https:\/\/fuentesfidedignas.com.mx\/index.php\/2021\/09\/23\/se-dispara-en-mexico-el-precio-de-la-tortilla-15-5-es-su-mayor-alza-en-10-anos\/"},"wordCount":632,"commentCount":0,"publisher":{"@id":"https:\/\/fuentesfidedignas.com.mx\/#organization"},"image":{"@id":"https:\/\/fuentesfidedignas.com.mx\/index.php\/2021\/09\/23\/se-dispara-en-mexico-el-precio-de-la-tortilla-15-5-es-su-mayor-alza-en-10-anos\/#primaryimage"},"thumbnailUrl":"https:\/\/fuentesfidedignas.com.mx\/wp-content\/uploads\/2021\/09\/TORTILLAS.jpg","keywords":["Precio de la tortilla","Tortilla"],"articleSection":["NOTICIAS NACIONALES"],"inLanguage":"es","potentialAction":[{"@type":"CommentAction","name":"Comment","target":["https:\/\/fuentesfidedignas.com.mx\/index.php\/2021\/09\/23\/se-dispara-en-mexico-el-precio-de-la-tortilla-15-5-es-su-mayor-alza-en-10-anos\/#respond"]}]},{"@type":"WebPage","@id":"https:\/\/fuentesfidedignas.com.mx\/index.php\/2021\/09\/23\/se-dispara-en-mexico-el-precio-de-la-tortilla-15-5-es-su-mayor-alza-en-10-anos\/","url":"https:\/\/fuentesfidedignas.com.mx\/index.php\/2021\/09\/23\/se-dispara-en-mexico-el-precio-de-la-tortilla-15-5-es-su-mayor-alza-en-10-anos\/","name":"Se dispara en M\u00e9xico el precio de la tortilla 15.5%, es su mayor alza en 10 a\u00f1os - Fuentes Fidedignas","isPartOf":{"@id":"https:\/\/fuentesfidedignas.com.mx\/#website"},"primaryImageOfPage":{"@id":"https:\/\/fuentesfidedignas.com.mx\/index.php\/2021\/09\/23\/se-dispara-en-mexico-el-precio-de-la-tortilla-15-5-es-su-mayor-alza-en-10-anos\/#primaryimage"},"image":{"@id":"https:\/\/fuentesfidedignas.com.mx\/index.php\/2021\/09\/23\/se-dispara-en-mexico-el-precio-de-la-tortilla-15-5-es-su-mayor-alza-en-10-anos\/#primaryimage"},"thumbnailUrl":"https:\/\/fuentesfidedignas.com.mx\/wp-content\/uploads\/2021\/09\/TORTILLAS.jpg","datePublished":"2021-09-23T22:21:57+00:00","dateModified":"2021-09-23T22:21:58+00:00","breadcrumb":{"@id":"https:\/\/fuentesfidedignas.com.mx\/index.php\/2021\/09\/23\/se-dispara-en-mexico-el-precio-de-la-tortilla-15-5-es-su-mayor-alza-en-10-anos\/#breadcrumb"},"inLanguage":"es","potentialAction":[{"@type":"ReadAction","target":["https:\/\/fuentesfidedignas.com.mx\/index.php\/2021\/09\/23\/se-dispara-en-mexico-el-precio-de-la-tortilla-15-5-es-su-mayor-alza-en-10-anos\/"]}]},{"@type":"ImageObject","inLanguage":"es","@id":"https:\/\/fuentesfidedignas.com.mx\/index.php\/2021\/09\/23\/se-dispara-en-mexico-el-precio-de-la-tortilla-15-5-es-su-mayor-alza-en-10-anos\/#primaryimage","url":"https:\/\/fuentesfidedignas.com.mx\/wp-content\/uploads\/2021\/09\/TORTILLAS.jpg","contentUrl":"https:\/\/fuentesfidedignas.com.mx\/wp-content\/uploads\/2021\/09\/TORTILLAS.jpg","width":740,"height":431},{"@type":"BreadcrumbList","@id":"https:\/\/fuentesfidedignas.com.mx\/index.php\/2021\/09\/23\/se-dispara-en-mexico-el-precio-de-la-tortilla-15-5-es-su-mayor-alza-en-10-anos\/#breadcrumb","itemListElement":[{"@type":"ListItem","position":1,"name":"Inicio","item":"https:\/\/fuentesfidedignas.com.mx\/"},{"@type":"ListItem","position":2,"name":"Se dispara en M\u00e9xico el precio de la tortilla 15.5%, es su mayor alza en 10 a\u00f1os"}]},{"@type":"WebSite","@id":"https:\/\/fuentesfidedignas.com.mx\/#website","url":"https:\/\/fuentesfidedignas.com.mx\/","name":"Fuentes Fidedignas","description":"Otro sitio realizado con WordPress","publisher":{"@id":"https:\/\/fuentesfidedignas.com.mx\/#organization"},"potentialAction":[{"@type":"SearchAction","target":{"@type":"EntryPoint","urlTemplate":"https:\/\/fuentesfidedignas.com.mx\/?s={search_term_string}"},"query-input":{"@type":"PropertyValueSpecification","valueRequired":true,"valueName":"search_term_string"}}],"inLanguage":"es"},{"@type":"Organization","@id":"https:\/\/fuentesfidedignas.com.mx\/#organization","name":"Fuentes Fidedignas","url":"https:\/\/fuentesfidedignas.com.mx\/","logo":{"@type":"ImageObject","inLanguage":"es","@id":"https:\/\/fuentesfidedignas.com.mx\/#\/schema\/logo\/image\/","url":"https:\/\/fuentesfidedignas.com.mx\/wp-content\/uploads\/2021\/04\/logo-retina.png","contentUrl":"https:\/\/fuentesfidedignas.com.mx\/wp-content\/uploads\/2021\/04\/logo-retina.png","width":280,"height":51,"caption":"Fuentes Fidedignas"},"image":{"@id":"https:\/\/fuentesfidedignas.com.mx\/#\/schema\/logo\/image\/"},"sameAs":["https:\/\/www.facebook.com\/Fuentes-Fidedignas-368234489921644","https:\/\/x.com\/fidedignas"]},{"@type":"Person","@id":"https:\/\/fuentesfidedignas.com.mx\/#\/schema\/person\/fee3882e65fd0510d292c43a346d35d7","name":"El Universal","image":{"@type":"ImageObject","inLanguage":"es","@id":"https:\/\/secure.gravatar.com\/avatar\/1ebc94d82b6c3c081781f73e5b76a0d0c1ac7bf8e57426f18802246eeaa2747c?s=96&d=mm&r=g","url":"https:\/\/secure.gravatar.com\/avatar\/1ebc94d82b6c3c081781f73e5b76a0d0c1ac7bf8e57426f18802246eeaa2747c?s=96&d=mm&r=g","contentUrl":"https:\/\/secure.gravatar.com\/avatar\/1ebc94d82b6c3c081781f73e5b76a0d0c1ac7bf8e57426f18802246eeaa2747c?s=96&d=mm&r=g","caption":"El Universal"},"url":"https:\/\/fuentesfidedignas.com.mx\/index.php\/author\/el-universal\/"}]}},"_links":{"self":[{"href":"https:\/\/fuentesfidedignas.com.mx\/index.php\/wp-json\/wp\/v2\/posts\/13310","targetHints":{"allow":["GET"]}}],"collection":[{"href":"https:\/\/fuentesfidedignas.com.mx\/index.php\/wp-json\/wp\/v2\/posts"}],"about":[{"href":"https:\/\/fuentesfidedignas.com.mx\/index.php\/wp-json\/wp\/v2\/types\/post"}],"author":[{"embeddable":true,"href":"https:\/\/fuentesfidedignas.com.mx\/index.php\/wp-json\/wp\/v2\/users\/39"}],"replies":[{"embeddable":true,"href":"https:\/\/fuentesfidedignas.com.mx\/index.php\/wp-json\/wp\/v2\/comments?post=13310"}],"version-history":[{"count":1,"href":"https:\/\/fuentesfidedignas.com.mx\/index.php\/wp-json\/wp\/v2\/posts\/13310\/revisions"}],"predecessor-version":[{"id":13312,"href":"https:\/\/fuentesfidedignas.com.mx\/index.php\/wp-json\/wp\/v2\/posts\/13310\/revisions\/13312"}],"wp:featuredmedia":[{"embeddable":true,"href":"https:\/\/fuentesfidedignas.com.mx\/index.php\/wp-json\/wp\/v2\/media\/13311"}],"wp:attachment":[{"href":"https:\/\/fuentesfidedignas.com.mx\/index.php\/wp-json\/wp\/v2\/media?parent=13310"}],"wp:term":[{"taxonomy":"category","embeddable":true,"href":"https:\/\/fuentesfidedignas.com.mx\/index.php\/wp-json\/wp\/v2\/categories?post=13310"},{"taxonomy":"post_tag","embeddable":true,"href":"https:\/\/fuentesfidedignas.com.mx\/index.php\/wp-json\/wp\/v2\/tags?post=13310"}],"curies":[{"name":"wp","href":"https:\/\/api.w.org\/{rel}","templated":true}]}}