{"id":132716,"date":"2026-05-01T18:01:36","date_gmt":"2026-05-02T01:01:36","guid":{"rendered":"https:\/\/fuentesfidedignas.com.mx\/?p=132716"},"modified":"2026-05-01T18:01:36","modified_gmt":"2026-05-02T01:01:36","slug":"cuido-al-papa-sin-saber-que-por-un-instante-la-seguridad-se-rindio-ante-un-santo","status":"publish","type":"post","link":"https:\/\/fuentesfidedignas.com.mx\/index.php\/2026\/05\/01\/cuido-al-papa-sin-saber-que-por-un-instante-la-seguridad-se-rindio-ante-un-santo\/","title":{"rendered":"Cuid\u00f3 al Papa\u2026 sin saber que, por un instante, la seguridad se rindi\u00f3 ante un santo"},"content":{"rendered":"\n<p class=\"p1\">Coautor: Luis \u00c1ngel Rivera<\/p>\n\n\n\n<p class=\"p1\">Hay encuentros que no se planean. O quiz\u00e1 s\u00ed, pero en un plano donde el tiempo cotidiano no tiene jurisdicci\u00f3n.<\/p>\n\n\n\n<p class=\"p1\">Ocurren cuando la vida \u2014con una precisi\u00f3n casi imperceptible\u2014 coloca a una persona frente a algo que la rebasa.<\/p>\n\n\n\n<p class=\"p1\">Para Ren\u00e9 Gast\u00f3n Andraca Dumit, ese momento tuvo nombre: Juan Pablo II, el Papa que hoy es santo.<\/p>\n\n\n\n<p class=\"p1\">En 1989, Andraca Dumit fue invitado por el arquitecto Pedro Cerisola y Weber a integrarse al equipo de seguridad de Aerom\u00e9xico.<\/p>\n\n\n\n<p class=\"p1\">No era un encargo menor. La responsabilidad exig\u00eda disciplina absoluta, precisi\u00f3n y una cualidad indispensable: la invisibilidad emocional.<\/p>\n\n\n\n<p class=\"p1\">En 1990, el Papa visit\u00f3 M\u00e9xico en mayo y, para el equipo de seguridad a\u00e9rea, la misi\u00f3n consist\u00eda en custodiar cada traslado, cada llegada y cada despegue.<\/p>\n\n\n\n<p class=\"p1\">En tierra, la vigilancia reca\u00eda en las autoridades federales, pero, en cuanto el pont\u00edfice llegaba al aeropuerto, abordaba el avi\u00f3n acondicionado \u2014un McDonnell Douglas MD-88\u2014 ubicado en el Hangar Presidencial.<\/p>\n\n\n\n<p class=\"p1\">Durante ese tiempo, Andraca no fue un espectador, sino una presencia constante: siempre cerca, siempre atento.<\/p>\n\n\n\n<p class=\"p1\">Estuvo conviviendo con el Santo Padre, a su llegada y a su salida a los diferentes estados de la Rep\u00fablica, pero sin permitirse cruzar la l\u00ednea que separa el deber de la emoci\u00f3n.<\/p>\n\n\n\n<p class=\"p1\">Mientras tanto, en los hangares de Aerom\u00e9xico se preparaba el DC-10-30 que llevar\u00eda al Papa de regreso a Roma.<\/p>\n\n\n\n<p class=\"p1\">El cierre de aquella visita ocurri\u00f3 el domingo 13 de mayo, justo en el noveno aniversario del atentado al que sobrevivi\u00f3 en 1981, cuando en la Plaza de San Pedro, en el Vaticano, le dispar\u00f3 el turco Mehmet Ali A\u011fca.<\/p>\n\n\n\n<p class=\"p1\">Por eso, con Andraca Dumit atento a su seguridad en el Aeropuerto Internacional de la Ciudad de M\u00e9xico, el Papa Juan Pablo II pronunci\u00f3 en su discurso:<\/p>\n\n\n\n<p class=\"p1\">\u2014No puedo olvidar que hoy es 13 de mayo, fiesta de la Virgen de F\u00e1tima, fecha muy significativa para m\u00ed por haber sentido de manera particular, tal d\u00eda como hoy hace nueve a\u00f1os, la protecci\u00f3n maternal de Mar\u00eda. Por eso, en esta hora radiante de una ma\u00f1ana dominical, mis pensamientos y mis plegarias van hacia el santuario de Nuestra Se\u00f1ora de Guadalupe, para pedirle que me siga acompa\u00f1ando siempre en mi camino como Peregrino de la Evangelizaci\u00f3n y para que Ella, como Primera Evangelizadora de Am\u00e9rica Latina, ayude a la Iglesia, que est\u00e1 en este continente de la esperanza, a realizar la irrenunciable tarea de la nueva evangelizaci\u00f3n que deseamos, y que ya ha comenzado con ocasi\u00f3n del V Centenario de la llegada del Mensaje de Jes\u00fas a estas tierras.<\/p>\n\n\n\n<p class=\"p1\">Se hab\u00eda planeado un sobrevuelo simb\u00f3lico sobre la Ciudad de M\u00e9xico para que la gente, con espejos, reflejara la luz del sol como un \u00faltimo saludo, despidiendo a Su Santidad; pero, desafortunadamente, el cielo nublado apag\u00f3 la escena antes de que ocurriera.<\/p>\n\n\n\n<p class=\"p1\">El avi\u00f3n DC-10-30 traz\u00f3, aun as\u00ed, una vuelta sobre la Ciudad de M\u00e9xico y emprendi\u00f3 el regreso en ese hist\u00f3rico viaje apost\u00f3lico.<\/p>\n\n\n\n<p class=\"p1\">La primera escala fue en Curazao, una isla neerlandesa del Caribe con un aeropuerto sin grandes estructuras, sin pasillos telesc\u00f3picos, apenas escalinatas abiertas al calor y al mar.<\/p>\n\n\n\n<p class=\"p1\">En esa isla sin polic\u00edas, Andraca Dumit se tuvo que quedar resguardando la aeronave.<\/p>\n\n\n\n<p class=\"p1\">Ah\u00ed, en esa sencillez casi desprovista de ceremonia, ocurri\u00f3 lo esencial: al bajar del avi\u00f3n, Juan Pablo II cumpli\u00f3 con su tradici\u00f3n de besar el suelo de la isla y fue transportado en un veh\u00edculo parcialmente abierto, saludando a los fieles que lo vitoreaban.<\/p>\n\n\n\n<p class=\"p1\">Con cantos e im\u00e1genes de la Virgen de F\u00e1tima, m\u00e1s de veinte mil personas acudieron a la misa a cielo abierto que ofici\u00f3 el Papa en un estadio.<\/p>\n\n\n\n<p class=\"p1\">Durante su visita a Curazao, que dur\u00f3 aproximadamente siete horas, pronunci\u00f3 un mensaje dirigido a los j\u00f3venes, realiz\u00f3 un acto de encomienda a la Virgen de F\u00e1tima \u2014coincidiendo con el noveno aniversario del atentado en su contra\u2014 y ofreci\u00f3 un discurso en el palacio de gobierno.<\/p>\n\n\n\n<p class=\"p1\">Ese mismo domingo por la noche emprender\u00eda su viaje hacia el Vaticano.<\/p>\n\n\n\n<p class=\"p1\">Tras la ardua jornada pastoral, el Papa regres\u00f3 visiblemente agotado al avi\u00f3n, donde lo esperaba Andraca Dumit.<\/p>\n\n\n\n<p class=\"p1\">Cuando comenz\u00f3 a subir lentamente por la escalinata, el desgaste f\u00edsico era evidente.<\/p>\n\n\n\n<p class=\"p1\">Andraca hizo lo que sab\u00eda hacer: actuar.<\/p>\n\n\n\n<p class=\"p1\">Inmediatamente se acerc\u00f3 al Santo Padre y lo tom\u00f3 del brazo para asistirlo, con la precisi\u00f3n de quien ha repetido mil veces un gesto sin dejar espacio a la duda.<\/p>\n\n\n\n<p class=\"p1\">Pero, en ese acto casi autom\u00e1tico, surgi\u00f3 una pregunta:<\/p>\n\n\n\n<p class=\"p1\">\u2014\u00bfC\u00f3mo se siente, Su Santidad?<\/p>\n\n\n\n<p class=\"p1\">Su cuerpo, ligeramente encorvado, dictaba un ritmo fatigado, como si cargara un saco invisible de recuerdos demasiado pesados.<\/p>\n\n\n\n<p class=\"p1\">Al detenerse un instante para recobrar el aire, su rostro revelaba un semblante de agotamiento antiguo.<\/p>\n\n\n\n<p class=\"p1\">Se dej\u00f3 asistir por Andraca, quien lo ayud\u00f3 a subir para entregarlo a su gente.<\/p>\n\n\n\n<p class=\"p1\">No hubo solemnidad en la respuesta.<\/p>\n\n\n\n<p class=\"p1\">No hubo distancia.<\/p>\n\n\n\n<p class=\"p1\">Solo la verdad breve de un hombre exhausto que, con voz tr\u00e9mula, solt\u00f3 la respuesta de alguien que ya no pelea contra el tiempo, sino que simplemente lo sobrelleva.<\/p>\n\n\n\n<p class=\"p1\">\u2014\u00a1Muy cansado!<\/p>\n\n\n\n<p class=\"p1\">Y en esa humanidad desnuda, algo se diluy\u00f3 suavemente en el andamiaje profesional que Andraca hab\u00eda construido durante a\u00f1os.<\/p>\n\n\n\n<p class=\"p1\">Andraca Dumit sinti\u00f3 la profunda fatiga del Papa, quien caminaba con una lentitud que no era pausa, sino el peso acumulado de los a\u00f1os.<\/p>\n\n\n\n<p class=\"p1\">De vuelta en el aire, rumbo a Roma, todo regres\u00f3 a su lugar: la rutina, los protocolos, la vigilancia minuciosa de rostros y credenciales.<\/p>\n\n\n\n<p class=\"p1\">La seguridad no admite distracciones; exige memoria, control y anticipaci\u00f3n.<\/p>\n\n\n\n<p class=\"p1\">Todo parec\u00eda transcurrir dentro del orden previsto hasta que, poco antes del aterrizaje en Roma, una sobrecargo se acerc\u00f3 a Andraca Dumit, quien se encontraba en la secci\u00f3n trasera de la aeronave.<\/p>\n\n\n\n<p class=\"p1\">La azafata llevaba un mensaje inesperado:<\/p>\n\n\n\n<p class=\"p1\">\u2014El Papa lo est\u00e1 llamando.<\/p>\n\n\n\n<p class=\"p1\">No era una orden.<\/p>\n\n\n\n<p class=\"p1\">No era parte del protocolo.<\/p>\n\n\n\n<p class=\"p1\">Era, simplemente, un llamado.<\/p>\n\n\n\n<p class=\"p1\">Andraca se puso de pie de inmediato y se lav\u00f3 la cara.<\/p>\n\n\n\n<p class=\"p1\">Al acudir, el jefe de seguridad del Papa le indic\u00f3 cu\u00e1l era el protocolo para acercarse a Juan Pablo II.<\/p>\n\n\n\n<p class=\"p1\">Andraca avanz\u00f3 siguiendo las indicaciones: arrodillarse, besar el anillo de San Pedro, sentarse a su izquierda.<\/p>\n\n\n\n<p class=\"p1\">Cada movimiento exacto, medido, aprendido.<\/p>\n\n\n\n<p class=\"p1\">Pero entonces ocurri\u00f3 lo que no estaba escrito en ning\u00fan manual: el Papa le tom\u00f3 la mano.<\/p>\n\n\n\n<p class=\"p1\">\u2014\u00bfEres cat\u00f3lico?<\/p>\n\n\n\n<p class=\"p1\">\u2014S\u00ed.<\/p>\n\n\n\n<p class=\"p1\">\u2014\u00bfPor qu\u00e9 nunca te acercaste a pedirme mi bendici\u00f3n?<\/p>\n\n\n\n<p class=\"p1\">\u2014Porque estoy para cuidarlo.<\/p>\n\n\n\n<p class=\"p1\">En esa respuesta no hab\u00eda c\u00e1lculo, solo verdad.<\/p>\n\n\n\n<p class=\"p1\">Y quiz\u00e1 por eso bast\u00f3.<\/p>\n\n\n\n<p class=\"p1\">Porque el pont\u00edfice no respondi\u00f3 con palabras, sino con un gesto: lo bendijo.<\/p>\n\n\n\n<p class=\"p1\">Andraca Dumit sinti\u00f3 una sensaci\u00f3n indescriptible de gratitud profunda y paz.<\/p>\n\n\n\n<p class=\"p1\">Hab\u00eda recibido la bendici\u00f3n del Papa, no desde la distancia de la investidura, sino desde la cercan\u00eda de ese contacto directo, humano, silencioso.<\/p>\n\n\n\n<p class=\"p1\">A\u00f1os despu\u00e9s, Andraca sigue buscando las palabras para nombrar lo que sinti\u00f3.<\/p>\n\n\n\n<p class=\"p1\">No las encuentra.<\/p>\n\n\n\n<p class=\"p1\">Dice que no hay lenguaje para describir esta experiencia divina.<\/p>\n\n\n\n<p class=\"p1\">Habla de una paz que no irrumpe, sino que se posa; de una serenidad que no exige, pero transforma.<\/p>\n\n\n\n<p class=\"p1\">No lo recuerda como un episodio extraordinario en t\u00e9rminos hist\u00f3ricos, sino como una certeza \u00edntima que permanece.<\/p>\n\n\n\n<p class=\"p1\">Su vida continu\u00f3 en el \u00e1mbito de la seguridad, enfrentando situaciones donde no hay espacio para lo simb\u00f3lico: protocolos activados en segundos, puertas que se cierran, decisiones que no admiten error.<\/p>\n\n\n\n<p class=\"p1\">Nunca perdi\u00f3 a un beb\u00e9 bajo su resguardo en los llamados \u201cc\u00f3digos rosa\u201d del IMSS, con el Grupo de Seguridad Privada Pryse de M\u00e9xico, donde labora, y eso, para \u00e9l, es una de las mayores pruebas de su vocaci\u00f3n.<\/p>\n\n\n\n<p class=\"p1\">Pero, entre todos los episodios que ha vivido, hay uno que permanece intacto, suspendido fuera del tiempo.<\/p>\n\n\n\n<p class=\"p1\">Muchos vieron a Juan Pablo II.<\/p>\n\n\n\n<p class=\"p1\">Muchos recibieron su bendici\u00f3n.<\/p>\n\n\n\n<p class=\"p1\">Pocos pueden decir que \u00e9l los llam\u00f3, que los tom\u00f3 de la mano y que, por un instante, desarm\u00f3 toda barrera interior al encontrarse con un ser que irradiaba paz y tranquilidad: un Papa que ahora es santo.<\/p>\n\n\n\n<p class=\"p1\">A veces, Andraca bromea: dice que todo lo que toca con su mano derecha se santifica.<\/p>\n\n\n\n<p class=\"p1\">Pero, detr\u00e1s de la broma, hay algo m\u00e1s hondo, m\u00e1s dif\u00edcil de decir sin que pierda su fuerza.<\/p>\n\n\n\n<p class=\"p1\">Porque, durante unos segundos, un hombre entrenado para prever riesgos, para controlar cada variable, qued\u00f3 completamente expuesto.<\/p>\n\n\n\n<p class=\"p1\">No al peligro.<\/p>\n\n\n\n<p class=\"p1\">A la trascendencia.<\/p>\n\n\n\n<p class=\"p1\">Y esa \u2014como aprendi\u00f3 en aquel vuelo\u2014 no se anticipa.<\/p>\n\n\n\n<p class=\"p2\">Solo se vive.<\/p>\n","protected":false},"excerpt":{"rendered":"<p>Coautor: Luis \u00c1ngel Rivera Hay encuentros que no se planean. O quiz\u00e1 s\u00ed, pero en un plano donde el tiempo cotidiano no tiene jurisdicci\u00f3n. Ocurren cuando la vida \u2014con una precisi\u00f3n casi imperceptible\u2014 coloca a una persona frente a algo que la rebasa. Para Ren\u00e9 Gast\u00f3n Andraca Dumit, ese momento tuvo nombre: Juan Pablo II, [&hellip;]<\/p>\n","protected":false},"author":157,"featured_media":132715,"comment_status":"closed","ping_status":"open","sticky":false,"template":"","format":"standard","meta":{"tdm_status":"","tdm_grid_status":"","footnotes":""},"categories":[3093],"tags":[],"class_list":{"0":"post-132716","1":"post","2":"type-post","3":"status-publish","4":"format-standard","5":"has-post-thumbnail","7":"category-el-iconoclasta"},"yoast_head":"<!-- This site is optimized with the Yoast SEO plugin v27.5 - https:\/\/yoast.com\/product\/yoast-seo-wordpress\/ -->\n<title>Cuid\u00f3 al Papa\u2026 sin saber que, por un instante, la seguridad se rindi\u00f3 ante un santo - Fuentes Fidedignas<\/title>\n<meta name=\"robots\" content=\"index, follow, max-snippet:-1, max-image-preview:large, max-video-preview:-1\" \/>\n<link rel=\"canonical\" href=\"https:\/\/fuentesfidedignas.com.mx\/index.php\/2026\/05\/01\/cuido-al-papa-sin-saber-que-por-un-instante-la-seguridad-se-rindio-ante-un-santo\/\" \/>\n<meta property=\"og:locale\" content=\"es_MX\" \/>\n<meta property=\"og:type\" content=\"article\" \/>\n<meta property=\"og:title\" content=\"Cuid\u00f3 al Papa\u2026 sin saber que, por un instante, la seguridad se rindi\u00f3 ante un santo - Fuentes Fidedignas\" \/>\n<meta property=\"og:description\" content=\"Coautor: Luis \u00c1ngel Rivera Hay encuentros que no se planean. O quiz\u00e1 s\u00ed, pero en un plano donde el tiempo cotidiano no tiene jurisdicci\u00f3n. Ocurren cuando la vida \u2014con una precisi\u00f3n casi imperceptible\u2014 coloca a una persona frente a algo que la rebasa. Para Ren\u00e9 Gast\u00f3n Andraca Dumit, ese momento tuvo nombre: Juan Pablo II, [&hellip;]\" \/>\n<meta property=\"og:url\" content=\"https:\/\/fuentesfidedignas.com.mx\/index.php\/2026\/05\/01\/cuido-al-papa-sin-saber-que-por-un-instante-la-seguridad-se-rindio-ante-un-santo\/\" \/>\n<meta property=\"og:site_name\" content=\"Fuentes Fidedignas\" \/>\n<meta property=\"article:publisher\" content=\"https:\/\/www.facebook.com\/Fuentes-Fidedignas-368234489921644\" \/>\n<meta property=\"article:author\" content=\"https:\/\/www.facebook.com\/licmiguelalonsoriverabojorquez\/\" \/>\n<meta property=\"article:published_time\" content=\"2026-05-02T01:01:36+00:00\" \/>\n<meta property=\"og:image\" content=\"https:\/\/fuentesfidedignas.com.mx\/wp-content\/uploads\/2026\/05\/13947f10-b03b-4cab-b8c0-5351c17e0205.jpeg\" \/>\n\t<meta property=\"og:image:width\" content=\"1600\" \/>\n\t<meta property=\"og:image:height\" content=\"918\" \/>\n\t<meta property=\"og:image:type\" content=\"image\/jpeg\" \/>\n<meta name=\"author\" content=\"Miguel Alonso Rivera Boj\u00f3rquez\" \/>\n<meta name=\"twitter:card\" content=\"summary_large_image\" \/>\n<meta name=\"twitter:creator\" content=\"@https:\/\/twitter.com\/Miguel_A_Rivera\" \/>\n<meta name=\"twitter:site\" content=\"@fidedignas\" \/>\n<meta name=\"twitter:label1\" content=\"Escrito por\" \/>\n\t<meta name=\"twitter:data1\" content=\"Miguel Alonso Rivera Boj\u00f3rquez\" \/>\n\t<meta name=\"twitter:label2\" content=\"Tiempo de lectura\" \/>\n\t<meta name=\"twitter:data2\" content=\"7 minutos\" \/>\n<script type=\"application\/ld+json\" class=\"yoast-schema-graph\">{\"@context\":\"https:\\\/\\\/schema.org\",\"@graph\":[{\"@type\":\"Article\",\"@id\":\"https:\\\/\\\/fuentesfidedignas.com.mx\\\/index.php\\\/2026\\\/05\\\/01\\\/cuido-al-papa-sin-saber-que-por-un-instante-la-seguridad-se-rindio-ante-un-santo\\\/#article\",\"isPartOf\":{\"@id\":\"https:\\\/\\\/fuentesfidedignas.com.mx\\\/index.php\\\/2026\\\/05\\\/01\\\/cuido-al-papa-sin-saber-que-por-un-instante-la-seguridad-se-rindio-ante-un-santo\\\/\"},\"author\":{\"name\":\"Miguel Alonso Rivera Boj\u00f3rquez\",\"@id\":\"https:\\\/\\\/fuentesfidedignas.com.mx\\\/#\\\/schema\\\/person\\\/095dfdd37aa8185778b70f6dfceb617b\"},\"headline\":\"Cuid\u00f3 al Papa\u2026 sin saber que, por un instante, la seguridad se rindi\u00f3 ante un santo\",\"datePublished\":\"2026-05-02T01:01:36+00:00\",\"mainEntityOfPage\":{\"@id\":\"https:\\\/\\\/fuentesfidedignas.com.mx\\\/index.php\\\/2026\\\/05\\\/01\\\/cuido-al-papa-sin-saber-que-por-un-instante-la-seguridad-se-rindio-ante-un-santo\\\/\"},\"wordCount\":1474,\"publisher\":{\"@id\":\"https:\\\/\\\/fuentesfidedignas.com.mx\\\/#organization\"},\"image\":{\"@id\":\"https:\\\/\\\/fuentesfidedignas.com.mx\\\/index.php\\\/2026\\\/05\\\/01\\\/cuido-al-papa-sin-saber-que-por-un-instante-la-seguridad-se-rindio-ante-un-santo\\\/#primaryimage\"},\"thumbnailUrl\":\"https:\\\/\\\/fuentesfidedignas.com.mx\\\/wp-content\\\/uploads\\\/2026\\\/05\\\/13947f10-b03b-4cab-b8c0-5351c17e0205.jpeg\",\"articleSection\":[\"El iconoclasta\"],\"inLanguage\":\"es\"},{\"@type\":\"WebPage\",\"@id\":\"https:\\\/\\\/fuentesfidedignas.com.mx\\\/index.php\\\/2026\\\/05\\\/01\\\/cuido-al-papa-sin-saber-que-por-un-instante-la-seguridad-se-rindio-ante-un-santo\\\/\",\"url\":\"https:\\\/\\\/fuentesfidedignas.com.mx\\\/index.php\\\/2026\\\/05\\\/01\\\/cuido-al-papa-sin-saber-que-por-un-instante-la-seguridad-se-rindio-ante-un-santo\\\/\",\"name\":\"Cuid\u00f3 al Papa\u2026 sin saber que, por un instante, la seguridad se rindi\u00f3 ante un santo - Fuentes Fidedignas\",\"isPartOf\":{\"@id\":\"https:\\\/\\\/fuentesfidedignas.com.mx\\\/#website\"},\"primaryImageOfPage\":{\"@id\":\"https:\\\/\\\/fuentesfidedignas.com.mx\\\/index.php\\\/2026\\\/05\\\/01\\\/cuido-al-papa-sin-saber-que-por-un-instante-la-seguridad-se-rindio-ante-un-santo\\\/#primaryimage\"},\"image\":{\"@id\":\"https:\\\/\\\/fuentesfidedignas.com.mx\\\/index.php\\\/2026\\\/05\\\/01\\\/cuido-al-papa-sin-saber-que-por-un-instante-la-seguridad-se-rindio-ante-un-santo\\\/#primaryimage\"},\"thumbnailUrl\":\"https:\\\/\\\/fuentesfidedignas.com.mx\\\/wp-content\\\/uploads\\\/2026\\\/05\\\/13947f10-b03b-4cab-b8c0-5351c17e0205.jpeg\",\"datePublished\":\"2026-05-02T01:01:36+00:00\",\"breadcrumb\":{\"@id\":\"https:\\\/\\\/fuentesfidedignas.com.mx\\\/index.php\\\/2026\\\/05\\\/01\\\/cuido-al-papa-sin-saber-que-por-un-instante-la-seguridad-se-rindio-ante-un-santo\\\/#breadcrumb\"},\"inLanguage\":\"es\",\"potentialAction\":[{\"@type\":\"ReadAction\",\"target\":[\"https:\\\/\\\/fuentesfidedignas.com.mx\\\/index.php\\\/2026\\\/05\\\/01\\\/cuido-al-papa-sin-saber-que-por-un-instante-la-seguridad-se-rindio-ante-un-santo\\\/\"]}]},{\"@type\":\"ImageObject\",\"inLanguage\":\"es\",\"@id\":\"https:\\\/\\\/fuentesfidedignas.com.mx\\\/index.php\\\/2026\\\/05\\\/01\\\/cuido-al-papa-sin-saber-que-por-un-instante-la-seguridad-se-rindio-ante-un-santo\\\/#primaryimage\",\"url\":\"https:\\\/\\\/fuentesfidedignas.com.mx\\\/wp-content\\\/uploads\\\/2026\\\/05\\\/13947f10-b03b-4cab-b8c0-5351c17e0205.jpeg\",\"contentUrl\":\"https:\\\/\\\/fuentesfidedignas.com.mx\\\/wp-content\\\/uploads\\\/2026\\\/05\\\/13947f10-b03b-4cab-b8c0-5351c17e0205.jpeg\",\"width\":1600,\"height\":918},{\"@type\":\"BreadcrumbList\",\"@id\":\"https:\\\/\\\/fuentesfidedignas.com.mx\\\/index.php\\\/2026\\\/05\\\/01\\\/cuido-al-papa-sin-saber-que-por-un-instante-la-seguridad-se-rindio-ante-un-santo\\\/#breadcrumb\",\"itemListElement\":[{\"@type\":\"ListItem\",\"position\":1,\"name\":\"Inicio\",\"item\":\"https:\\\/\\\/fuentesfidedignas.com.mx\\\/\"},{\"@type\":\"ListItem\",\"position\":2,\"name\":\"Cuid\u00f3 al Papa\u2026 sin saber que, por un instante, la seguridad se rindi\u00f3 ante un santo\"}]},{\"@type\":\"WebSite\",\"@id\":\"https:\\\/\\\/fuentesfidedignas.com.mx\\\/#website\",\"url\":\"https:\\\/\\\/fuentesfidedignas.com.mx\\\/\",\"name\":\"Fuentes Fidedignas\",\"description\":\"Otro sitio realizado con WordPress\",\"publisher\":{\"@id\":\"https:\\\/\\\/fuentesfidedignas.com.mx\\\/#organization\"},\"potentialAction\":[{\"@type\":\"SearchAction\",\"target\":{\"@type\":\"EntryPoint\",\"urlTemplate\":\"https:\\\/\\\/fuentesfidedignas.com.mx\\\/?s={search_term_string}\"},\"query-input\":{\"@type\":\"PropertyValueSpecification\",\"valueRequired\":true,\"valueName\":\"search_term_string\"}}],\"inLanguage\":\"es\"},{\"@type\":\"Organization\",\"@id\":\"https:\\\/\\\/fuentesfidedignas.com.mx\\\/#organization\",\"name\":\"Fuentes Fidedignas\",\"url\":\"https:\\\/\\\/fuentesfidedignas.com.mx\\\/\",\"logo\":{\"@type\":\"ImageObject\",\"inLanguage\":\"es\",\"@id\":\"https:\\\/\\\/fuentesfidedignas.com.mx\\\/#\\\/schema\\\/logo\\\/image\\\/\",\"url\":\"https:\\\/\\\/fuentesfidedignas.com.mx\\\/wp-content\\\/uploads\\\/2021\\\/04\\\/logo-retina.png\",\"contentUrl\":\"https:\\\/\\\/fuentesfidedignas.com.mx\\\/wp-content\\\/uploads\\\/2021\\\/04\\\/logo-retina.png\",\"width\":280,\"height\":51,\"caption\":\"Fuentes Fidedignas\"},\"image\":{\"@id\":\"https:\\\/\\\/fuentesfidedignas.com.mx\\\/#\\\/schema\\\/logo\\\/image\\\/\"},\"sameAs\":[\"https:\\\/\\\/www.facebook.com\\\/Fuentes-Fidedignas-368234489921644\",\"https:\\\/\\\/x.com\\\/fidedignas\"]},{\"@type\":\"Person\",\"@id\":\"https:\\\/\\\/fuentesfidedignas.com.mx\\\/#\\\/schema\\\/person\\\/095dfdd37aa8185778b70f6dfceb617b\",\"name\":\"Miguel Alonso Rivera Boj\u00f3rquez\",\"image\":{\"@type\":\"ImageObject\",\"inLanguage\":\"es\",\"@id\":\"https:\\\/\\\/secure.gravatar.com\\\/avatar\\\/bef5d27436917080a19bc816535d8292d13c8271f955a4cccf933064ff1c2862?s=96&d=mm&r=g\",\"url\":\"https:\\\/\\\/secure.gravatar.com\\\/avatar\\\/bef5d27436917080a19bc816535d8292d13c8271f955a4cccf933064ff1c2862?s=96&d=mm&r=g\",\"contentUrl\":\"https:\\\/\\\/secure.gravatar.com\\\/avatar\\\/bef5d27436917080a19bc816535d8292d13c8271f955a4cccf933064ff1c2862?s=96&d=mm&r=g\",\"caption\":\"Miguel Alonso Rivera Boj\u00f3rquez\"},\"description\":\"Con una trayectoria de tres d\u00e9cadas, Miguel Alonso Rivera Boj\u00f3rquez (Culiac\u00e1n, 1968) es un reconocido periodista de prensa, radio y televisi\u00f3n, labor por la cual ha recibido importantes premios. Es licenciado en periodismo y licenciado en psicolog\u00eda. Ha sido titular de comunicaci\u00f3n en diversas secretar\u00edas y dependencias gubernamentales, colaborador de medios locales e internacionales y miembro de asociaciones de escritores, periodistas, historiadores y agrupaciones relacionadas con la salud. Entre los galardones recibidos figuran Premio Sinaloa de Periodismo en Cr\u00f3nica Deportiva \u201cGustavo D. Ca\u00f1edo\u201d (1995), Premio \u201cEl Payo del Rosario\u201d en Reportaje, Universidad Aut\u00f3noma de Sinaloa (1998), Premio Sinaloa de Periodismo \u201cJos\u00e9 Cayetano Valad\u00e9s\u201d, G\u00e9nero Reportaje (1999), Premio Ciudadano Sinaloa de Periodismo en Cr\u00f3nica Deportiva (2001), Premio \u201cEl Payo del Rosario\u201d, Cr\u00f3nica Deportiva, Universidad Aut\u00f3noma de Sinaloa (2002), seis premios de periodismo en el Certamen Estatal de Periodismo del Peri\u00f3dico Noroeste: dos veces en el g\u00e9nero de reportaje, dos en cr\u00f3nica social, cr\u00f3nica cultural y cr\u00f3nica deportiva (1997-2000), Galard\u00f3n al M\u00e9rito en Periodismo otorgado por el Comit\u00e9 Ciudadano Culiac\u00e1n para la Cultura y las Artes Populares (2018) y reconocimiento especial por trayectoria otorgado por la Asociaci\u00f3n de Periodistas de Sinaloa (2023).\",\"sameAs\":[\"https:\\\/\\\/www.facebook.com\\\/licmiguelalonsoriverabojorquez\\\/\",\"https:\\\/\\\/www.instagram.com\\\/miguelalonsoriverabojorquez\\\/\",\"https:\\\/\\\/x.com\\\/https:\\\/\\\/twitter.com\\\/Miguel_A_Rivera\",\"https:\\\/\\\/www.youtube.com\\\/@miguelalonsoriverabojorquez\"],\"url\":\"https:\\\/\\\/fuentesfidedignas.com.mx\\\/index.php\\\/author\\\/miguelalonso\\\/\"}]}<\/script>\n<!-- \/ Yoast SEO plugin. -->","yoast_head_json":{"title":"Cuid\u00f3 al Papa\u2026 sin saber que, por un instante, la seguridad se rindi\u00f3 ante un santo - Fuentes Fidedignas","robots":{"index":"index","follow":"follow","max-snippet":"max-snippet:-1","max-image-preview":"max-image-preview:large","max-video-preview":"max-video-preview:-1"},"canonical":"https:\/\/fuentesfidedignas.com.mx\/index.php\/2026\/05\/01\/cuido-al-papa-sin-saber-que-por-un-instante-la-seguridad-se-rindio-ante-un-santo\/","og_locale":"es_MX","og_type":"article","og_title":"Cuid\u00f3 al Papa\u2026 sin saber que, por un instante, la seguridad se rindi\u00f3 ante un santo - Fuentes Fidedignas","og_description":"Coautor: Luis \u00c1ngel Rivera Hay encuentros que no se planean. O quiz\u00e1 s\u00ed, pero en un plano donde el tiempo cotidiano no tiene jurisdicci\u00f3n. Ocurren cuando la vida \u2014con una precisi\u00f3n casi imperceptible\u2014 coloca a una persona frente a algo que la rebasa. Para Ren\u00e9 Gast\u00f3n Andraca Dumit, ese momento tuvo nombre: Juan Pablo II, [&hellip;]","og_url":"https:\/\/fuentesfidedignas.com.mx\/index.php\/2026\/05\/01\/cuido-al-papa-sin-saber-que-por-un-instante-la-seguridad-se-rindio-ante-un-santo\/","og_site_name":"Fuentes Fidedignas","article_publisher":"https:\/\/www.facebook.com\/Fuentes-Fidedignas-368234489921644","article_author":"https:\/\/www.facebook.com\/licmiguelalonsoriverabojorquez\/","article_published_time":"2026-05-02T01:01:36+00:00","og_image":[{"width":1600,"height":918,"url":"https:\/\/fuentesfidedignas.com.mx\/wp-content\/uploads\/2026\/05\/13947f10-b03b-4cab-b8c0-5351c17e0205.jpeg","type":"image\/jpeg"}],"author":"Miguel Alonso Rivera Boj\u00f3rquez","twitter_card":"summary_large_image","twitter_creator":"@https:\/\/twitter.com\/Miguel_A_Rivera","twitter_site":"@fidedignas","twitter_misc":{"Escrito por":"Miguel Alonso Rivera Boj\u00f3rquez","Tiempo de lectura":"7 minutos"},"schema":{"@context":"https:\/\/schema.org","@graph":[{"@type":"Article","@id":"https:\/\/fuentesfidedignas.com.mx\/index.php\/2026\/05\/01\/cuido-al-papa-sin-saber-que-por-un-instante-la-seguridad-se-rindio-ante-un-santo\/#article","isPartOf":{"@id":"https:\/\/fuentesfidedignas.com.mx\/index.php\/2026\/05\/01\/cuido-al-papa-sin-saber-que-por-un-instante-la-seguridad-se-rindio-ante-un-santo\/"},"author":{"name":"Miguel Alonso Rivera Boj\u00f3rquez","@id":"https:\/\/fuentesfidedignas.com.mx\/#\/schema\/person\/095dfdd37aa8185778b70f6dfceb617b"},"headline":"Cuid\u00f3 al Papa\u2026 sin saber que, por un instante, la seguridad se rindi\u00f3 ante un santo","datePublished":"2026-05-02T01:01:36+00:00","mainEntityOfPage":{"@id":"https:\/\/fuentesfidedignas.com.mx\/index.php\/2026\/05\/01\/cuido-al-papa-sin-saber-que-por-un-instante-la-seguridad-se-rindio-ante-un-santo\/"},"wordCount":1474,"publisher":{"@id":"https:\/\/fuentesfidedignas.com.mx\/#organization"},"image":{"@id":"https:\/\/fuentesfidedignas.com.mx\/index.php\/2026\/05\/01\/cuido-al-papa-sin-saber-que-por-un-instante-la-seguridad-se-rindio-ante-un-santo\/#primaryimage"},"thumbnailUrl":"https:\/\/fuentesfidedignas.com.mx\/wp-content\/uploads\/2026\/05\/13947f10-b03b-4cab-b8c0-5351c17e0205.jpeg","articleSection":["El iconoclasta"],"inLanguage":"es"},{"@type":"WebPage","@id":"https:\/\/fuentesfidedignas.com.mx\/index.php\/2026\/05\/01\/cuido-al-papa-sin-saber-que-por-un-instante-la-seguridad-se-rindio-ante-un-santo\/","url":"https:\/\/fuentesfidedignas.com.mx\/index.php\/2026\/05\/01\/cuido-al-papa-sin-saber-que-por-un-instante-la-seguridad-se-rindio-ante-un-santo\/","name":"Cuid\u00f3 al Papa\u2026 sin saber que, por un instante, la seguridad se rindi\u00f3 ante un santo - Fuentes Fidedignas","isPartOf":{"@id":"https:\/\/fuentesfidedignas.com.mx\/#website"},"primaryImageOfPage":{"@id":"https:\/\/fuentesfidedignas.com.mx\/index.php\/2026\/05\/01\/cuido-al-papa-sin-saber-que-por-un-instante-la-seguridad-se-rindio-ante-un-santo\/#primaryimage"},"image":{"@id":"https:\/\/fuentesfidedignas.com.mx\/index.php\/2026\/05\/01\/cuido-al-papa-sin-saber-que-por-un-instante-la-seguridad-se-rindio-ante-un-santo\/#primaryimage"},"thumbnailUrl":"https:\/\/fuentesfidedignas.com.mx\/wp-content\/uploads\/2026\/05\/13947f10-b03b-4cab-b8c0-5351c17e0205.jpeg","datePublished":"2026-05-02T01:01:36+00:00","breadcrumb":{"@id":"https:\/\/fuentesfidedignas.com.mx\/index.php\/2026\/05\/01\/cuido-al-papa-sin-saber-que-por-un-instante-la-seguridad-se-rindio-ante-un-santo\/#breadcrumb"},"inLanguage":"es","potentialAction":[{"@type":"ReadAction","target":["https:\/\/fuentesfidedignas.com.mx\/index.php\/2026\/05\/01\/cuido-al-papa-sin-saber-que-por-un-instante-la-seguridad-se-rindio-ante-un-santo\/"]}]},{"@type":"ImageObject","inLanguage":"es","@id":"https:\/\/fuentesfidedignas.com.mx\/index.php\/2026\/05\/01\/cuido-al-papa-sin-saber-que-por-un-instante-la-seguridad-se-rindio-ante-un-santo\/#primaryimage","url":"https:\/\/fuentesfidedignas.com.mx\/wp-content\/uploads\/2026\/05\/13947f10-b03b-4cab-b8c0-5351c17e0205.jpeg","contentUrl":"https:\/\/fuentesfidedignas.com.mx\/wp-content\/uploads\/2026\/05\/13947f10-b03b-4cab-b8c0-5351c17e0205.jpeg","width":1600,"height":918},{"@type":"BreadcrumbList","@id":"https:\/\/fuentesfidedignas.com.mx\/index.php\/2026\/05\/01\/cuido-al-papa-sin-saber-que-por-un-instante-la-seguridad-se-rindio-ante-un-santo\/#breadcrumb","itemListElement":[{"@type":"ListItem","position":1,"name":"Inicio","item":"https:\/\/fuentesfidedignas.com.mx\/"},{"@type":"ListItem","position":2,"name":"Cuid\u00f3 al Papa\u2026 sin saber que, por un instante, la seguridad se rindi\u00f3 ante un santo"}]},{"@type":"WebSite","@id":"https:\/\/fuentesfidedignas.com.mx\/#website","url":"https:\/\/fuentesfidedignas.com.mx\/","name":"Fuentes Fidedignas","description":"Otro sitio realizado con WordPress","publisher":{"@id":"https:\/\/fuentesfidedignas.com.mx\/#organization"},"potentialAction":[{"@type":"SearchAction","target":{"@type":"EntryPoint","urlTemplate":"https:\/\/fuentesfidedignas.com.mx\/?s={search_term_string}"},"query-input":{"@type":"PropertyValueSpecification","valueRequired":true,"valueName":"search_term_string"}}],"inLanguage":"es"},{"@type":"Organization","@id":"https:\/\/fuentesfidedignas.com.mx\/#organization","name":"Fuentes Fidedignas","url":"https:\/\/fuentesfidedignas.com.mx\/","logo":{"@type":"ImageObject","inLanguage":"es","@id":"https:\/\/fuentesfidedignas.com.mx\/#\/schema\/logo\/image\/","url":"https:\/\/fuentesfidedignas.com.mx\/wp-content\/uploads\/2021\/04\/logo-retina.png","contentUrl":"https:\/\/fuentesfidedignas.com.mx\/wp-content\/uploads\/2021\/04\/logo-retina.png","width":280,"height":51,"caption":"Fuentes Fidedignas"},"image":{"@id":"https:\/\/fuentesfidedignas.com.mx\/#\/schema\/logo\/image\/"},"sameAs":["https:\/\/www.facebook.com\/Fuentes-Fidedignas-368234489921644","https:\/\/x.com\/fidedignas"]},{"@type":"Person","@id":"https:\/\/fuentesfidedignas.com.mx\/#\/schema\/person\/095dfdd37aa8185778b70f6dfceb617b","name":"Miguel Alonso Rivera Boj\u00f3rquez","image":{"@type":"ImageObject","inLanguage":"es","@id":"https:\/\/secure.gravatar.com\/avatar\/bef5d27436917080a19bc816535d8292d13c8271f955a4cccf933064ff1c2862?s=96&d=mm&r=g","url":"https:\/\/secure.gravatar.com\/avatar\/bef5d27436917080a19bc816535d8292d13c8271f955a4cccf933064ff1c2862?s=96&d=mm&r=g","contentUrl":"https:\/\/secure.gravatar.com\/avatar\/bef5d27436917080a19bc816535d8292d13c8271f955a4cccf933064ff1c2862?s=96&d=mm&r=g","caption":"Miguel Alonso Rivera Boj\u00f3rquez"},"description":"Con una trayectoria de tres d\u00e9cadas, Miguel Alonso Rivera Boj\u00f3rquez (Culiac\u00e1n, 1968) es un reconocido periodista de prensa, radio y televisi\u00f3n, labor por la cual ha recibido importantes premios. Es licenciado en periodismo y licenciado en psicolog\u00eda. Ha sido titular de comunicaci\u00f3n en diversas secretar\u00edas y dependencias gubernamentales, colaborador de medios locales e internacionales y miembro de asociaciones de escritores, periodistas, historiadores y agrupaciones relacionadas con la salud. Entre los galardones recibidos figuran Premio Sinaloa de Periodismo en Cr\u00f3nica Deportiva \u201cGustavo D. Ca\u00f1edo\u201d (1995), Premio \u201cEl Payo del Rosario\u201d en Reportaje, Universidad Aut\u00f3noma de Sinaloa (1998), Premio Sinaloa de Periodismo \u201cJos\u00e9 Cayetano Valad\u00e9s\u201d, G\u00e9nero Reportaje (1999), Premio Ciudadano Sinaloa de Periodismo en Cr\u00f3nica Deportiva (2001), Premio \u201cEl Payo del Rosario\u201d, Cr\u00f3nica Deportiva, Universidad Aut\u00f3noma de Sinaloa (2002), seis premios de periodismo en el Certamen Estatal de Periodismo del Peri\u00f3dico Noroeste: dos veces en el g\u00e9nero de reportaje, dos en cr\u00f3nica social, cr\u00f3nica cultural y cr\u00f3nica deportiva (1997-2000), Galard\u00f3n al M\u00e9rito en Periodismo otorgado por el Comit\u00e9 Ciudadano Culiac\u00e1n para la Cultura y las Artes Populares (2018) y reconocimiento especial por trayectoria otorgado por la Asociaci\u00f3n de Periodistas de Sinaloa (2023).","sameAs":["https:\/\/www.facebook.com\/licmiguelalonsoriverabojorquez\/","https:\/\/www.instagram.com\/miguelalonsoriverabojorquez\/","https:\/\/x.com\/https:\/\/twitter.com\/Miguel_A_Rivera","https:\/\/www.youtube.com\/@miguelalonsoriverabojorquez"],"url":"https:\/\/fuentesfidedignas.com.mx\/index.php\/author\/miguelalonso\/"}]}},"_links":{"self":[{"href":"https:\/\/fuentesfidedignas.com.mx\/index.php\/wp-json\/wp\/v2\/posts\/132716","targetHints":{"allow":["GET"]}}],"collection":[{"href":"https:\/\/fuentesfidedignas.com.mx\/index.php\/wp-json\/wp\/v2\/posts"}],"about":[{"href":"https:\/\/fuentesfidedignas.com.mx\/index.php\/wp-json\/wp\/v2\/types\/post"}],"author":[{"embeddable":true,"href":"https:\/\/fuentesfidedignas.com.mx\/index.php\/wp-json\/wp\/v2\/users\/157"}],"replies":[{"embeddable":true,"href":"https:\/\/fuentesfidedignas.com.mx\/index.php\/wp-json\/wp\/v2\/comments?post=132716"}],"version-history":[{"count":1,"href":"https:\/\/fuentesfidedignas.com.mx\/index.php\/wp-json\/wp\/v2\/posts\/132716\/revisions"}],"predecessor-version":[{"id":132717,"href":"https:\/\/fuentesfidedignas.com.mx\/index.php\/wp-json\/wp\/v2\/posts\/132716\/revisions\/132717"}],"wp:featuredmedia":[{"embeddable":true,"href":"https:\/\/fuentesfidedignas.com.mx\/index.php\/wp-json\/wp\/v2\/media\/132715"}],"wp:attachment":[{"href":"https:\/\/fuentesfidedignas.com.mx\/index.php\/wp-json\/wp\/v2\/media?parent=132716"}],"wp:term":[{"taxonomy":"category","embeddable":true,"href":"https:\/\/fuentesfidedignas.com.mx\/index.php\/wp-json\/wp\/v2\/categories?post=132716"},{"taxonomy":"post_tag","embeddable":true,"href":"https:\/\/fuentesfidedignas.com.mx\/index.php\/wp-json\/wp\/v2\/tags?post=132716"}],"curies":[{"name":"wp","href":"https:\/\/api.w.org\/{rel}","templated":true}]}}