{"id":132713,"date":"2026-05-01T17:56:06","date_gmt":"2026-05-02T00:56:06","guid":{"rendered":"https:\/\/fuentesfidedignas.com.mx\/?p=132713"},"modified":"2026-05-01T17:56:06","modified_gmt":"2026-05-02T00:56:06","slug":"cae-el-pio-en-los-mochis-hijo-de-el-balta-y-socio-del-mayo-zambada","status":"publish","type":"post","link":"https:\/\/fuentesfidedignas.com.mx\/index.php\/2026\/05\/01\/cae-el-pio-en-los-mochis-hijo-de-el-balta-y-socio-del-mayo-zambada\/","title":{"rendered":"Cae \u201cEl P\u00edo\u201d en Los Mochis; hijo de &#8220;El Balta\u201d y socio del Mayo Zambada"},"content":{"rendered":"\n<p>Este viernes 1 de mayo se dio a conocer la detenci\u00f3n de<strong>&nbsp;Jos\u00e9 Porfirio \u2018N\u2019&nbsp;<\/strong>efectuada por elementos de la&nbsp;<strong>Guardia Nacional<\/strong>&nbsp;y la&nbsp;<strong>Secretar\u00eda de Seguridad y Protecci\u00f3n Ciudadana<\/strong>&nbsp;en Los Mochis, Sinaloa, por lo que ha sido trasladado a las instalaciones de la&nbsp;<strong>Fiscal\u00eda General de la Rep\u00fablica.<\/strong><\/p>\n\n\n\n<p>Seg\u00fan el&nbsp;<strong>Registro Nacional de Detenciones<\/strong>&nbsp;fue capturado a las 10:15 del pasado jueves 30 de abril en una taquer\u00eda ubicada en la carretera&nbsp;<strong>Los Mochis-Topolobampo&nbsp;<\/strong>y el&nbsp;<strong>bulevar Macario Gaxiola<\/strong>, en el municipio de&nbsp;<strong>Ahome<\/strong>, perteneciente al estado de Sinaloa.<\/p>\n\n\n\n<figure class=\"wp-block-image\"><img decoding=\"async\" src=\"https:\/\/heraldodemexico.com.mx\/u\/fotografias\/m\/2026\/5\/1\/f768x1-1279139_1279266_5050.png\" alt=\"\"\/><\/figure>\n\n\n\n<h2 class=\"wp-block-heading\">\u00bfQui\u00e9n es Jos\u00e9 Porfirio \u2018N\u2019?<\/h2>\n\n\n\n<p>Cabe destacar que&nbsp;<strong>Jos\u00e9 Porfirio \u2018N\u2019<\/strong>&nbsp;es hijo de&nbsp;<strong>Baltazar D\u00edaz Vega<\/strong>, quien es se\u00f1alado como narcotraficante en la d\u00e9cada de los ochenta, quien falleci\u00f3 en marzo de 1988 durante una balacera registrada en la&nbsp;<strong>Ciudad de M\u00e9xico<\/strong>. Su detenci\u00f3n fue efectuada por elementos de la&nbsp;<strong>Guardia Nacional y la Secretar\u00eda de Seguridad y Protecci\u00f3n Ciudadana<\/strong>&nbsp;en Los Mochis, Sinaloa.<\/p>\n","protected":false},"excerpt":{"rendered":"<p>Este viernes 1 de mayo se dio a conocer la detenci\u00f3n de&nbsp;Jos\u00e9 Porfirio \u2018N\u2019&nbsp;efectuada por elementos de la&nbsp;Guardia Nacional&nbsp;y la&nbsp;Secretar\u00eda de Seguridad y Protecci\u00f3n Ciudadana&nbsp;en Los Mochis, Sinaloa, por lo que ha sido trasladado a las instalaciones de la&nbsp;Fiscal\u00eda General de la Rep\u00fablica. Seg\u00fan el&nbsp;Registro Nacional de Detenciones&nbsp;fue capturado a las 10:15 del pasado jueves [&hellip;]<\/p>\n","protected":false},"author":37,"featured_media":132712,"comment_status":"closed","ping_status":"open","sticky":false,"template":"","format":"standard","meta":{"tdm_status":"","tdm_grid_status":"","footnotes":""},"categories":[39],"tags":[],"class_list":{"0":"post-132713","1":"post","2":"type-post","3":"status-publish","4":"format-standard","5":"has-post-thumbnail","7":"category-noticias-nacionales"},"yoast_head":"<!-- This site is optimized with the Yoast SEO plugin v27.5 - https:\/\/yoast.com\/product\/yoast-seo-wordpress\/ -->\n<title>Cae \u201cEl P\u00edo\u201d en Los Mochis; hijo de &quot;El Balta\u201d y socio del Mayo Zambada - Fuentes Fidedignas<\/title>\n<meta name=\"robots\" content=\"index, follow, max-snippet:-1, max-image-preview:large, max-video-preview:-1\" \/>\n<link rel=\"canonical\" href=\"https:\/\/fuentesfidedignas.com.mx\/index.php\/2026\/05\/01\/cae-el-pio-en-los-mochis-hijo-de-el-balta-y-socio-del-mayo-zambada\/\" \/>\n<meta property=\"og:locale\" content=\"es_MX\" \/>\n<meta property=\"og:type\" content=\"article\" \/>\n<meta property=\"og:title\" content=\"Cae \u201cEl P\u00edo\u201d en Los Mochis; hijo de &quot;El Balta\u201d y socio del Mayo Zambada - Fuentes Fidedignas\" \/>\n<meta property=\"og:description\" content=\"Este viernes 1 de mayo se dio a conocer la detenci\u00f3n de&nbsp;Jos\u00e9 Porfirio \u2018N\u2019&nbsp;efectuada por elementos de la&nbsp;Guardia Nacional&nbsp;y la&nbsp;Secretar\u00eda de Seguridad y Protecci\u00f3n Ciudadana&nbsp;en Los Mochis, Sinaloa, por lo que ha sido trasladado a las instalaciones de la&nbsp;Fiscal\u00eda General de la Rep\u00fablica. Seg\u00fan el&nbsp;Registro Nacional de Detenciones&nbsp;fue capturado a las 10:15 del pasado jueves [&hellip;]\" \/>\n<meta property=\"og:url\" content=\"https:\/\/fuentesfidedignas.com.mx\/index.php\/2026\/05\/01\/cae-el-pio-en-los-mochis-hijo-de-el-balta-y-socio-del-mayo-zambada\/\" \/>\n<meta property=\"og:site_name\" content=\"Fuentes Fidedignas\" \/>\n<meta property=\"article:publisher\" content=\"https:\/\/www.facebook.com\/Fuentes-Fidedignas-368234489921644\" \/>\n<meta property=\"article:published_time\" content=\"2026-05-02T00:56:06+00:00\" \/>\n<meta property=\"og:image\" content=\"https:\/\/fuentesfidedignas.com.mx\/wp-content\/uploads\/2026\/05\/img_8350.png\" \/>\n\t<meta property=\"og:image:width\" content=\"425\" \/>\n\t<meta property=\"og:image:height\" content=\"230\" \/>\n\t<meta property=\"og:image:type\" content=\"image\/png\" \/>\n<meta name=\"author\" content=\"Heraldo de M\u00e9xico\" \/>\n<meta name=\"twitter:card\" content=\"summary_large_image\" \/>\n<meta name=\"twitter:creator\" content=\"@fidedignas\" \/>\n<meta name=\"twitter:site\" content=\"@fidedignas\" \/>\n<meta name=\"twitter:label1\" content=\"Escrito por\" \/>\n\t<meta name=\"twitter:data1\" content=\"Heraldo de M\u00e9xico\" \/>\n\t<meta name=\"twitter:label2\" content=\"Tiempo de lectura\" \/>\n\t<meta name=\"twitter:data2\" content=\"1 minuto\" \/>\n<script type=\"application\/ld+json\" class=\"yoast-schema-graph\">{\"@context\":\"https:\\\/\\\/schema.org\",\"@graph\":[{\"@type\":\"Article\",\"@id\":\"https:\\\/\\\/fuentesfidedignas.com.mx\\\/index.php\\\/2026\\\/05\\\/01\\\/cae-el-pio-en-los-mochis-hijo-de-el-balta-y-socio-del-mayo-zambada\\\/#article\",\"isPartOf\":{\"@id\":\"https:\\\/\\\/fuentesfidedignas.com.mx\\\/index.php\\\/2026\\\/05\\\/01\\\/cae-el-pio-en-los-mochis-hijo-de-el-balta-y-socio-del-mayo-zambada\\\/\"},\"author\":{\"name\":\"Heraldo de M\u00e9xico\",\"@id\":\"https:\\\/\\\/fuentesfidedignas.com.mx\\\/#\\\/schema\\\/person\\\/1c75a595e538894333ebe35c2bf6e23a\"},\"headline\":\"Cae \u201cEl P\u00edo\u201d en Los Mochis; hijo de &#8220;El Balta\u201d y socio del Mayo Zambada\",\"datePublished\":\"2026-05-02T00:56:06+00:00\",\"mainEntityOfPage\":{\"@id\":\"https:\\\/\\\/fuentesfidedignas.com.mx\\\/index.php\\\/2026\\\/05\\\/01\\\/cae-el-pio-en-los-mochis-hijo-de-el-balta-y-socio-del-mayo-zambada\\\/\"},\"wordCount\":202,\"publisher\":{\"@id\":\"https:\\\/\\\/fuentesfidedignas.com.mx\\\/#organization\"},\"image\":{\"@id\":\"https:\\\/\\\/fuentesfidedignas.com.mx\\\/index.php\\\/2026\\\/05\\\/01\\\/cae-el-pio-en-los-mochis-hijo-de-el-balta-y-socio-del-mayo-zambada\\\/#primaryimage\"},\"thumbnailUrl\":\"https:\\\/\\\/fuentesfidedignas.com.mx\\\/wp-content\\\/uploads\\\/2026\\\/05\\\/img_8350.png\",\"articleSection\":[\"NOTICIAS NACIONALES\"],\"inLanguage\":\"es\"},{\"@type\":\"WebPage\",\"@id\":\"https:\\\/\\\/fuentesfidedignas.com.mx\\\/index.php\\\/2026\\\/05\\\/01\\\/cae-el-pio-en-los-mochis-hijo-de-el-balta-y-socio-del-mayo-zambada\\\/\",\"url\":\"https:\\\/\\\/fuentesfidedignas.com.mx\\\/index.php\\\/2026\\\/05\\\/01\\\/cae-el-pio-en-los-mochis-hijo-de-el-balta-y-socio-del-mayo-zambada\\\/\",\"name\":\"Cae \u201cEl P\u00edo\u201d en Los Mochis; hijo de \\\"El Balta\u201d y socio del Mayo Zambada - Fuentes Fidedignas\",\"isPartOf\":{\"@id\":\"https:\\\/\\\/fuentesfidedignas.com.mx\\\/#website\"},\"primaryImageOfPage\":{\"@id\":\"https:\\\/\\\/fuentesfidedignas.com.mx\\\/index.php\\\/2026\\\/05\\\/01\\\/cae-el-pio-en-los-mochis-hijo-de-el-balta-y-socio-del-mayo-zambada\\\/#primaryimage\"},\"image\":{\"@id\":\"https:\\\/\\\/fuentesfidedignas.com.mx\\\/index.php\\\/2026\\\/05\\\/01\\\/cae-el-pio-en-los-mochis-hijo-de-el-balta-y-socio-del-mayo-zambada\\\/#primaryimage\"},\"thumbnailUrl\":\"https:\\\/\\\/fuentesfidedignas.com.mx\\\/wp-content\\\/uploads\\\/2026\\\/05\\\/img_8350.png\",\"datePublished\":\"2026-05-02T00:56:06+00:00\",\"breadcrumb\":{\"@id\":\"https:\\\/\\\/fuentesfidedignas.com.mx\\\/index.php\\\/2026\\\/05\\\/01\\\/cae-el-pio-en-los-mochis-hijo-de-el-balta-y-socio-del-mayo-zambada\\\/#breadcrumb\"},\"inLanguage\":\"es\",\"potentialAction\":[{\"@type\":\"ReadAction\",\"target\":[\"https:\\\/\\\/fuentesfidedignas.com.mx\\\/index.php\\\/2026\\\/05\\\/01\\\/cae-el-pio-en-los-mochis-hijo-de-el-balta-y-socio-del-mayo-zambada\\\/\"]}]},{\"@type\":\"ImageObject\",\"inLanguage\":\"es\",\"@id\":\"https:\\\/\\\/fuentesfidedignas.com.mx\\\/index.php\\\/2026\\\/05\\\/01\\\/cae-el-pio-en-los-mochis-hijo-de-el-balta-y-socio-del-mayo-zambada\\\/#primaryimage\",\"url\":\"https:\\\/\\\/fuentesfidedignas.com.mx\\\/wp-content\\\/uploads\\\/2026\\\/05\\\/img_8350.png\",\"contentUrl\":\"https:\\\/\\\/fuentesfidedignas.com.mx\\\/wp-content\\\/uploads\\\/2026\\\/05\\\/img_8350.png\",\"width\":425,\"height\":230},{\"@type\":\"BreadcrumbList\",\"@id\":\"https:\\\/\\\/fuentesfidedignas.com.mx\\\/index.php\\\/2026\\\/05\\\/01\\\/cae-el-pio-en-los-mochis-hijo-de-el-balta-y-socio-del-mayo-zambada\\\/#breadcrumb\",\"itemListElement\":[{\"@type\":\"ListItem\",\"position\":1,\"name\":\"Inicio\",\"item\":\"https:\\\/\\\/fuentesfidedignas.com.mx\\\/\"},{\"@type\":\"ListItem\",\"position\":2,\"name\":\"Cae \u201cEl P\u00edo\u201d en Los Mochis; hijo de &#8220;El Balta\u201d y socio del Mayo Zambada\"}]},{\"@type\":\"WebSite\",\"@id\":\"https:\\\/\\\/fuentesfidedignas.com.mx\\\/#website\",\"url\":\"https:\\\/\\\/fuentesfidedignas.com.mx\\\/\",\"name\":\"Fuentes Fidedignas\",\"description\":\"Otro sitio realizado con WordPress\",\"publisher\":{\"@id\":\"https:\\\/\\\/fuentesfidedignas.com.mx\\\/#organization\"},\"potentialAction\":[{\"@type\":\"SearchAction\",\"target\":{\"@type\":\"EntryPoint\",\"urlTemplate\":\"https:\\\/\\\/fuentesfidedignas.com.mx\\\/?s={search_term_string}\"},\"query-input\":{\"@type\":\"PropertyValueSpecification\",\"valueRequired\":true,\"valueName\":\"search_term_string\"}}],\"inLanguage\":\"es\"},{\"@type\":\"Organization\",\"@id\":\"https:\\\/\\\/fuentesfidedignas.com.mx\\\/#organization\",\"name\":\"Fuentes Fidedignas\",\"url\":\"https:\\\/\\\/fuentesfidedignas.com.mx\\\/\",\"logo\":{\"@type\":\"ImageObject\",\"inLanguage\":\"es\",\"@id\":\"https:\\\/\\\/fuentesfidedignas.com.mx\\\/#\\\/schema\\\/logo\\\/image\\\/\",\"url\":\"https:\\\/\\\/fuentesfidedignas.com.mx\\\/wp-content\\\/uploads\\\/2021\\\/04\\\/logo-retina.png\",\"contentUrl\":\"https:\\\/\\\/fuentesfidedignas.com.mx\\\/wp-content\\\/uploads\\\/2021\\\/04\\\/logo-retina.png\",\"width\":280,\"height\":51,\"caption\":\"Fuentes Fidedignas\"},\"image\":{\"@id\":\"https:\\\/\\\/fuentesfidedignas.com.mx\\\/#\\\/schema\\\/logo\\\/image\\\/\"},\"sameAs\":[\"https:\\\/\\\/www.facebook.com\\\/Fuentes-Fidedignas-368234489921644\",\"https:\\\/\\\/x.com\\\/fidedignas\"]},{\"@type\":\"Person\",\"@id\":\"https:\\\/\\\/fuentesfidedignas.com.mx\\\/#\\\/schema\\\/person\\\/1c75a595e538894333ebe35c2bf6e23a\",\"name\":\"Heraldo de M\u00e9xico\",\"image\":{\"@type\":\"ImageObject\",\"inLanguage\":\"es\",\"@id\":\"https:\\\/\\\/secure.gravatar.com\\\/avatar\\\/6a6c40de68e5cf2d8aac15267bd2dad2b9fdeb309dac7c5a7c2bb87ed5b81cb6?s=96&d=mm&r=g\",\"url\":\"https:\\\/\\\/secure.gravatar.com\\\/avatar\\\/6a6c40de68e5cf2d8aac15267bd2dad2b9fdeb309dac7c5a7c2bb87ed5b81cb6?s=96&d=mm&r=g\",\"contentUrl\":\"https:\\\/\\\/secure.gravatar.com\\\/avatar\\\/6a6c40de68e5cf2d8aac15267bd2dad2b9fdeb309dac7c5a7c2bb87ed5b81cb6?s=96&d=mm&r=g\",\"caption\":\"Heraldo de M\u00e9xico\"},\"url\":\"https:\\\/\\\/fuentesfidedignas.com.mx\\\/index.php\\\/author\\\/heraldo\\\/\"}]}<\/script>\n<!-- \/ Yoast SEO plugin. -->","yoast_head_json":{"title":"Cae \u201cEl P\u00edo\u201d en Los Mochis; hijo de \"El Balta\u201d y socio del Mayo Zambada - Fuentes Fidedignas","robots":{"index":"index","follow":"follow","max-snippet":"max-snippet:-1","max-image-preview":"max-image-preview:large","max-video-preview":"max-video-preview:-1"},"canonical":"https:\/\/fuentesfidedignas.com.mx\/index.php\/2026\/05\/01\/cae-el-pio-en-los-mochis-hijo-de-el-balta-y-socio-del-mayo-zambada\/","og_locale":"es_MX","og_type":"article","og_title":"Cae \u201cEl P\u00edo\u201d en Los Mochis; hijo de \"El Balta\u201d y socio del Mayo Zambada - Fuentes Fidedignas","og_description":"Este viernes 1 de mayo se dio a conocer la detenci\u00f3n de&nbsp;Jos\u00e9 Porfirio \u2018N\u2019&nbsp;efectuada por elementos de la&nbsp;Guardia Nacional&nbsp;y la&nbsp;Secretar\u00eda de Seguridad y Protecci\u00f3n Ciudadana&nbsp;en Los Mochis, Sinaloa, por lo que ha sido trasladado a las instalaciones de la&nbsp;Fiscal\u00eda General de la Rep\u00fablica. Seg\u00fan el&nbsp;Registro Nacional de Detenciones&nbsp;fue capturado a las 10:15 del pasado jueves [&hellip;]","og_url":"https:\/\/fuentesfidedignas.com.mx\/index.php\/2026\/05\/01\/cae-el-pio-en-los-mochis-hijo-de-el-balta-y-socio-del-mayo-zambada\/","og_site_name":"Fuentes Fidedignas","article_publisher":"https:\/\/www.facebook.com\/Fuentes-Fidedignas-368234489921644","article_published_time":"2026-05-02T00:56:06+00:00","og_image":[{"width":425,"height":230,"url":"https:\/\/fuentesfidedignas.com.mx\/wp-content\/uploads\/2026\/05\/img_8350.png","type":"image\/png"}],"author":"Heraldo de M\u00e9xico","twitter_card":"summary_large_image","twitter_creator":"@fidedignas","twitter_site":"@fidedignas","twitter_misc":{"Escrito por":"Heraldo de M\u00e9xico","Tiempo de lectura":"1 minuto"},"schema":{"@context":"https:\/\/schema.org","@graph":[{"@type":"Article","@id":"https:\/\/fuentesfidedignas.com.mx\/index.php\/2026\/05\/01\/cae-el-pio-en-los-mochis-hijo-de-el-balta-y-socio-del-mayo-zambada\/#article","isPartOf":{"@id":"https:\/\/fuentesfidedignas.com.mx\/index.php\/2026\/05\/01\/cae-el-pio-en-los-mochis-hijo-de-el-balta-y-socio-del-mayo-zambada\/"},"author":{"name":"Heraldo de M\u00e9xico","@id":"https:\/\/fuentesfidedignas.com.mx\/#\/schema\/person\/1c75a595e538894333ebe35c2bf6e23a"},"headline":"Cae \u201cEl P\u00edo\u201d en Los Mochis; hijo de &#8220;El Balta\u201d y socio del Mayo Zambada","datePublished":"2026-05-02T00:56:06+00:00","mainEntityOfPage":{"@id":"https:\/\/fuentesfidedignas.com.mx\/index.php\/2026\/05\/01\/cae-el-pio-en-los-mochis-hijo-de-el-balta-y-socio-del-mayo-zambada\/"},"wordCount":202,"publisher":{"@id":"https:\/\/fuentesfidedignas.com.mx\/#organization"},"image":{"@id":"https:\/\/fuentesfidedignas.com.mx\/index.php\/2026\/05\/01\/cae-el-pio-en-los-mochis-hijo-de-el-balta-y-socio-del-mayo-zambada\/#primaryimage"},"thumbnailUrl":"https:\/\/fuentesfidedignas.com.mx\/wp-content\/uploads\/2026\/05\/img_8350.png","articleSection":["NOTICIAS NACIONALES"],"inLanguage":"es"},{"@type":"WebPage","@id":"https:\/\/fuentesfidedignas.com.mx\/index.php\/2026\/05\/01\/cae-el-pio-en-los-mochis-hijo-de-el-balta-y-socio-del-mayo-zambada\/","url":"https:\/\/fuentesfidedignas.com.mx\/index.php\/2026\/05\/01\/cae-el-pio-en-los-mochis-hijo-de-el-balta-y-socio-del-mayo-zambada\/","name":"Cae \u201cEl P\u00edo\u201d en Los Mochis; hijo de \"El Balta\u201d y socio del Mayo Zambada - Fuentes Fidedignas","isPartOf":{"@id":"https:\/\/fuentesfidedignas.com.mx\/#website"},"primaryImageOfPage":{"@id":"https:\/\/fuentesfidedignas.com.mx\/index.php\/2026\/05\/01\/cae-el-pio-en-los-mochis-hijo-de-el-balta-y-socio-del-mayo-zambada\/#primaryimage"},"image":{"@id":"https:\/\/fuentesfidedignas.com.mx\/index.php\/2026\/05\/01\/cae-el-pio-en-los-mochis-hijo-de-el-balta-y-socio-del-mayo-zambada\/#primaryimage"},"thumbnailUrl":"https:\/\/fuentesfidedignas.com.mx\/wp-content\/uploads\/2026\/05\/img_8350.png","datePublished":"2026-05-02T00:56:06+00:00","breadcrumb":{"@id":"https:\/\/fuentesfidedignas.com.mx\/index.php\/2026\/05\/01\/cae-el-pio-en-los-mochis-hijo-de-el-balta-y-socio-del-mayo-zambada\/#breadcrumb"},"inLanguage":"es","potentialAction":[{"@type":"ReadAction","target":["https:\/\/fuentesfidedignas.com.mx\/index.php\/2026\/05\/01\/cae-el-pio-en-los-mochis-hijo-de-el-balta-y-socio-del-mayo-zambada\/"]}]},{"@type":"ImageObject","inLanguage":"es","@id":"https:\/\/fuentesfidedignas.com.mx\/index.php\/2026\/05\/01\/cae-el-pio-en-los-mochis-hijo-de-el-balta-y-socio-del-mayo-zambada\/#primaryimage","url":"https:\/\/fuentesfidedignas.com.mx\/wp-content\/uploads\/2026\/05\/img_8350.png","contentUrl":"https:\/\/fuentesfidedignas.com.mx\/wp-content\/uploads\/2026\/05\/img_8350.png","width":425,"height":230},{"@type":"BreadcrumbList","@id":"https:\/\/fuentesfidedignas.com.mx\/index.php\/2026\/05\/01\/cae-el-pio-en-los-mochis-hijo-de-el-balta-y-socio-del-mayo-zambada\/#breadcrumb","itemListElement":[{"@type":"ListItem","position":1,"name":"Inicio","item":"https:\/\/fuentesfidedignas.com.mx\/"},{"@type":"ListItem","position":2,"name":"Cae \u201cEl P\u00edo\u201d en Los Mochis; hijo de &#8220;El Balta\u201d y socio del Mayo Zambada"}]},{"@type":"WebSite","@id":"https:\/\/fuentesfidedignas.com.mx\/#website","url":"https:\/\/fuentesfidedignas.com.mx\/","name":"Fuentes Fidedignas","description":"Otro sitio realizado con WordPress","publisher":{"@id":"https:\/\/fuentesfidedignas.com.mx\/#organization"},"potentialAction":[{"@type":"SearchAction","target":{"@type":"EntryPoint","urlTemplate":"https:\/\/fuentesfidedignas.com.mx\/?s={search_term_string}"},"query-input":{"@type":"PropertyValueSpecification","valueRequired":true,"valueName":"search_term_string"}}],"inLanguage":"es"},{"@type":"Organization","@id":"https:\/\/fuentesfidedignas.com.mx\/#organization","name":"Fuentes Fidedignas","url":"https:\/\/fuentesfidedignas.com.mx\/","logo":{"@type":"ImageObject","inLanguage":"es","@id":"https:\/\/fuentesfidedignas.com.mx\/#\/schema\/logo\/image\/","url":"https:\/\/fuentesfidedignas.com.mx\/wp-content\/uploads\/2021\/04\/logo-retina.png","contentUrl":"https:\/\/fuentesfidedignas.com.mx\/wp-content\/uploads\/2021\/04\/logo-retina.png","width":280,"height":51,"caption":"Fuentes Fidedignas"},"image":{"@id":"https:\/\/fuentesfidedignas.com.mx\/#\/schema\/logo\/image\/"},"sameAs":["https:\/\/www.facebook.com\/Fuentes-Fidedignas-368234489921644","https:\/\/x.com\/fidedignas"]},{"@type":"Person","@id":"https:\/\/fuentesfidedignas.com.mx\/#\/schema\/person\/1c75a595e538894333ebe35c2bf6e23a","name":"Heraldo de M\u00e9xico","image":{"@type":"ImageObject","inLanguage":"es","@id":"https:\/\/secure.gravatar.com\/avatar\/6a6c40de68e5cf2d8aac15267bd2dad2b9fdeb309dac7c5a7c2bb87ed5b81cb6?s=96&d=mm&r=g","url":"https:\/\/secure.gravatar.com\/avatar\/6a6c40de68e5cf2d8aac15267bd2dad2b9fdeb309dac7c5a7c2bb87ed5b81cb6?s=96&d=mm&r=g","contentUrl":"https:\/\/secure.gravatar.com\/avatar\/6a6c40de68e5cf2d8aac15267bd2dad2b9fdeb309dac7c5a7c2bb87ed5b81cb6?s=96&d=mm&r=g","caption":"Heraldo de M\u00e9xico"},"url":"https:\/\/fuentesfidedignas.com.mx\/index.php\/author\/heraldo\/"}]}},"_links":{"self":[{"href":"https:\/\/fuentesfidedignas.com.mx\/index.php\/wp-json\/wp\/v2\/posts\/132713","targetHints":{"allow":["GET"]}}],"collection":[{"href":"https:\/\/fuentesfidedignas.com.mx\/index.php\/wp-json\/wp\/v2\/posts"}],"about":[{"href":"https:\/\/fuentesfidedignas.com.mx\/index.php\/wp-json\/wp\/v2\/types\/post"}],"author":[{"embeddable":true,"href":"https:\/\/fuentesfidedignas.com.mx\/index.php\/wp-json\/wp\/v2\/users\/37"}],"replies":[{"embeddable":true,"href":"https:\/\/fuentesfidedignas.com.mx\/index.php\/wp-json\/wp\/v2\/comments?post=132713"}],"version-history":[{"count":1,"href":"https:\/\/fuentesfidedignas.com.mx\/index.php\/wp-json\/wp\/v2\/posts\/132713\/revisions"}],"predecessor-version":[{"id":132714,"href":"https:\/\/fuentesfidedignas.com.mx\/index.php\/wp-json\/wp\/v2\/posts\/132713\/revisions\/132714"}],"wp:featuredmedia":[{"embeddable":true,"href":"https:\/\/fuentesfidedignas.com.mx\/index.php\/wp-json\/wp\/v2\/media\/132712"}],"wp:attachment":[{"href":"https:\/\/fuentesfidedignas.com.mx\/index.php\/wp-json\/wp\/v2\/media?parent=132713"}],"wp:term":[{"taxonomy":"category","embeddable":true,"href":"https:\/\/fuentesfidedignas.com.mx\/index.php\/wp-json\/wp\/v2\/categories?post=132713"},{"taxonomy":"post_tag","embeddable":true,"href":"https:\/\/fuentesfidedignas.com.mx\/index.php\/wp-json\/wp\/v2\/tags?post=132713"}],"curies":[{"name":"wp","href":"https:\/\/api.w.org\/{rel}","templated":true}]}}