{"id":132710,"date":"2026-05-01T17:42:11","date_gmt":"2026-05-02T00:42:11","guid":{"rendered":"https:\/\/fuentesfidedignas.com.mx\/?p=132710"},"modified":"2026-05-01T17:42:11","modified_gmt":"2026-05-02T00:42:11","slug":"sinaloa-cierra-con-bronce-en-tiro-con-arco-de-la-olimpiada-nacional-conade","status":"publish","type":"post","link":"https:\/\/fuentesfidedignas.com.mx\/index.php\/2026\/05\/01\/sinaloa-cierra-con-bronce-en-tiro-con-arco-de-la-olimpiada-nacional-conade\/","title":{"rendered":"Sinaloa cierra con bronce en tiro con arco de la Olimpiada Nacional CONADE"},"content":{"rendered":"\n<p><\/p>\n\n\n\n<p>APIZACO, Tlaxcala._ La delegaci\u00f3n sinaloense puso punto final a su participaci\u00f3n en el tiro con arco de la Olimpiada Nacional CONADE 2026 con una medalla de bronce, cortes\u00eda de Rafael Aguilar en la modalidad de recurvo varonil Sub 18, dentro de la eliminatoria individual a 60 metros.<\/p>\n\n\n\n<p>El arquero sinaloense logr\u00f3 avanzar hasta la ronda de semifinales en su b\u00fasqueda por el oro, donde cay\u00f3 ante Jalisco en un duelo de alto nivel. Posteriormente, mostr\u00f3 su car\u00e1cter competitivo al imponerse al representante de Tamaulipas para asegurar el tercer lugar y subir al podio.<\/p>\n\n\n\n<p>Aguilar cerr\u00f3 su participaci\u00f3n con una destacada cosecha de dos medallas de plata y una de bronce en esta edici\u00f3n, sum\u00e1ndose al bronce obtenido en 2025, reflejando as\u00ed su crecimiento y consolidaci\u00f3n dentro de la disciplina a nivel nacional.<\/p>\n\n\n\n<p>Por su parte, Alison Juliet Romero Parra tambi\u00e9n firm\u00f3 una actuaci\u00f3n sobresaliente al avanzar hasta la ronda de semifinales en la categor\u00eda recurvo Sub 18 femenil. Aunque no logr\u00f3 concretar la medalla al caer en la disputa por el tercer lugar, su desempe\u00f1o se coloca como uno de los resultados m\u00e1s relevantes para Sinaloa en el cierre del tiro con arco.<\/p>\n\n\n\n<p>Con este resultado, Sinaloa culmin\u00f3 su participaci\u00f3n en tiro con arco dentro de la Olimpiada Nacional CONADE 2026 con un total de tres medallas de plata y una de bronce, reflejando el avance competitivo y el trabajo constante de sus atletas y entrenadores.<\/p>\n\n\n\n<p>Estos resultados se suman al esfuerzo colectivo del equipo sinaloense, que durante la competencia acumul\u00f3 experiencia en pruebas individuales, por equipos y mixtos, consolidando el trabajo t\u00e9cnico y formativo que se impulsa en la entidad.<\/p>\n\n\n\n<p>Con el respaldo del Gobierno del Estado, encabezado por el doctor Rub\u00e9n Rocha Moya, a trav\u00e9s del Instituto Sinaloense de Cultura F\u00edsica y el Deporte, Sinaloa contin\u00faa fortaleciendo sus bases en el tiro con arco, proyectando a sus atletas hacia nuevos retos en el \u00e1mbito nacional e internacional.<\/p>\n","protected":false},"excerpt":{"rendered":"<p>APIZACO, Tlaxcala._ La delegaci\u00f3n sinaloense puso punto final a su participaci\u00f3n en el tiro con arco de la Olimpiada Nacional CONADE 2026 con una medalla de bronce, cortes\u00eda de Rafael Aguilar en la modalidad de recurvo varonil Sub 18, dentro de la eliminatoria individual a 60 metros. El arquero sinaloense logr\u00f3 avanzar hasta la ronda [&hellip;]<\/p>\n","protected":false},"author":4,"featured_media":132709,"comment_status":"closed","ping_status":"open","sticky":false,"template":"","format":"standard","meta":{"tdm_status":"","tdm_grid_status":"","footnotes":""},"categories":[38],"tags":[],"class_list":{"0":"post-132710","1":"post","2":"type-post","3":"status-publish","4":"format-standard","5":"has-post-thumbnail","7":"category-noticias-locales"},"yoast_head":"<!-- This site is optimized with the Yoast SEO plugin v27.5 - https:\/\/yoast.com\/product\/yoast-seo-wordpress\/ -->\n<title>Sinaloa cierra con bronce en tiro con arco de la Olimpiada Nacional CONADE - Fuentes Fidedignas<\/title>\n<meta name=\"robots\" content=\"index, follow, max-snippet:-1, max-image-preview:large, max-video-preview:-1\" \/>\n<link rel=\"canonical\" href=\"https:\/\/fuentesfidedignas.com.mx\/index.php\/2026\/05\/01\/sinaloa-cierra-con-bronce-en-tiro-con-arco-de-la-olimpiada-nacional-conade\/\" \/>\n<meta property=\"og:locale\" content=\"es_MX\" \/>\n<meta property=\"og:type\" content=\"article\" \/>\n<meta property=\"og:title\" content=\"Sinaloa cierra con bronce en tiro con arco de la Olimpiada Nacional CONADE - Fuentes Fidedignas\" \/>\n<meta property=\"og:description\" content=\"APIZACO, Tlaxcala._ La delegaci\u00f3n sinaloense puso punto final a su participaci\u00f3n en el tiro con arco de la Olimpiada Nacional CONADE 2026 con una medalla de bronce, cortes\u00eda de Rafael Aguilar en la modalidad de recurvo varonil Sub 18, dentro de la eliminatoria individual a 60 metros. El arquero sinaloense logr\u00f3 avanzar hasta la ronda [&hellip;]\" \/>\n<meta property=\"og:url\" content=\"https:\/\/fuentesfidedignas.com.mx\/index.php\/2026\/05\/01\/sinaloa-cierra-con-bronce-en-tiro-con-arco-de-la-olimpiada-nacional-conade\/\" \/>\n<meta property=\"og:site_name\" content=\"Fuentes Fidedignas\" \/>\n<meta property=\"article:publisher\" content=\"https:\/\/www.facebook.com\/Fuentes-Fidedignas-368234489921644\" \/>\n<meta property=\"article:published_time\" content=\"2026-05-02T00:42:11+00:00\" \/>\n<meta property=\"og:image\" content=\"https:\/\/fuentesfidedignas.com.mx\/wp-content\/uploads\/2026\/05\/img_8348.jpeg\" \/>\n\t<meta property=\"og:image:width\" content=\"1170\" \/>\n\t<meta property=\"og:image:height\" content=\"809\" \/>\n\t<meta property=\"og:image:type\" content=\"image\/jpeg\" \/>\n<meta name=\"author\" content=\"Redacci\u00f3n\" \/>\n<meta name=\"twitter:card\" content=\"summary_large_image\" \/>\n<meta name=\"twitter:creator\" content=\"@fidedignas\" \/>\n<meta name=\"twitter:site\" content=\"@fidedignas\" \/>\n<meta name=\"twitter:label1\" content=\"Escrito por\" \/>\n\t<meta name=\"twitter:data1\" content=\"Redacci\u00f3n\" \/>\n\t<meta name=\"twitter:label2\" content=\"Tiempo de lectura\" \/>\n\t<meta name=\"twitter:data2\" content=\"2 minutos\" \/>\n<script type=\"application\/ld+json\" class=\"yoast-schema-graph\">{\"@context\":\"https:\\\/\\\/schema.org\",\"@graph\":[{\"@type\":\"Article\",\"@id\":\"https:\\\/\\\/fuentesfidedignas.com.mx\\\/index.php\\\/2026\\\/05\\\/01\\\/sinaloa-cierra-con-bronce-en-tiro-con-arco-de-la-olimpiada-nacional-conade\\\/#article\",\"isPartOf\":{\"@id\":\"https:\\\/\\\/fuentesfidedignas.com.mx\\\/index.php\\\/2026\\\/05\\\/01\\\/sinaloa-cierra-con-bronce-en-tiro-con-arco-de-la-olimpiada-nacional-conade\\\/\"},\"author\":{\"name\":\"Redacci\u00f3n\",\"@id\":\"https:\\\/\\\/fuentesfidedignas.com.mx\\\/#\\\/schema\\\/person\\\/331be9283d37198e2acd5750279085b0\"},\"headline\":\"Sinaloa cierra con bronce en tiro con arco de la Olimpiada Nacional CONADE\",\"datePublished\":\"2026-05-02T00:42:11+00:00\",\"mainEntityOfPage\":{\"@id\":\"https:\\\/\\\/fuentesfidedignas.com.mx\\\/index.php\\\/2026\\\/05\\\/01\\\/sinaloa-cierra-con-bronce-en-tiro-con-arco-de-la-olimpiada-nacional-conade\\\/\"},\"wordCount\":346,\"publisher\":{\"@id\":\"https:\\\/\\\/fuentesfidedignas.com.mx\\\/#organization\"},\"image\":{\"@id\":\"https:\\\/\\\/fuentesfidedignas.com.mx\\\/index.php\\\/2026\\\/05\\\/01\\\/sinaloa-cierra-con-bronce-en-tiro-con-arco-de-la-olimpiada-nacional-conade\\\/#primaryimage\"},\"thumbnailUrl\":\"https:\\\/\\\/fuentesfidedignas.com.mx\\\/wp-content\\\/uploads\\\/2026\\\/05\\\/img_8348.jpeg\",\"articleSection\":[\"NOTICIAS LOCALES\"],\"inLanguage\":\"es\"},{\"@type\":\"WebPage\",\"@id\":\"https:\\\/\\\/fuentesfidedignas.com.mx\\\/index.php\\\/2026\\\/05\\\/01\\\/sinaloa-cierra-con-bronce-en-tiro-con-arco-de-la-olimpiada-nacional-conade\\\/\",\"url\":\"https:\\\/\\\/fuentesfidedignas.com.mx\\\/index.php\\\/2026\\\/05\\\/01\\\/sinaloa-cierra-con-bronce-en-tiro-con-arco-de-la-olimpiada-nacional-conade\\\/\",\"name\":\"Sinaloa cierra con bronce en tiro con arco de la Olimpiada Nacional CONADE - Fuentes Fidedignas\",\"isPartOf\":{\"@id\":\"https:\\\/\\\/fuentesfidedignas.com.mx\\\/#website\"},\"primaryImageOfPage\":{\"@id\":\"https:\\\/\\\/fuentesfidedignas.com.mx\\\/index.php\\\/2026\\\/05\\\/01\\\/sinaloa-cierra-con-bronce-en-tiro-con-arco-de-la-olimpiada-nacional-conade\\\/#primaryimage\"},\"image\":{\"@id\":\"https:\\\/\\\/fuentesfidedignas.com.mx\\\/index.php\\\/2026\\\/05\\\/01\\\/sinaloa-cierra-con-bronce-en-tiro-con-arco-de-la-olimpiada-nacional-conade\\\/#primaryimage\"},\"thumbnailUrl\":\"https:\\\/\\\/fuentesfidedignas.com.mx\\\/wp-content\\\/uploads\\\/2026\\\/05\\\/img_8348.jpeg\",\"datePublished\":\"2026-05-02T00:42:11+00:00\",\"breadcrumb\":{\"@id\":\"https:\\\/\\\/fuentesfidedignas.com.mx\\\/index.php\\\/2026\\\/05\\\/01\\\/sinaloa-cierra-con-bronce-en-tiro-con-arco-de-la-olimpiada-nacional-conade\\\/#breadcrumb\"},\"inLanguage\":\"es\",\"potentialAction\":[{\"@type\":\"ReadAction\",\"target\":[\"https:\\\/\\\/fuentesfidedignas.com.mx\\\/index.php\\\/2026\\\/05\\\/01\\\/sinaloa-cierra-con-bronce-en-tiro-con-arco-de-la-olimpiada-nacional-conade\\\/\"]}]},{\"@type\":\"ImageObject\",\"inLanguage\":\"es\",\"@id\":\"https:\\\/\\\/fuentesfidedignas.com.mx\\\/index.php\\\/2026\\\/05\\\/01\\\/sinaloa-cierra-con-bronce-en-tiro-con-arco-de-la-olimpiada-nacional-conade\\\/#primaryimage\",\"url\":\"https:\\\/\\\/fuentesfidedignas.com.mx\\\/wp-content\\\/uploads\\\/2026\\\/05\\\/img_8348.jpeg\",\"contentUrl\":\"https:\\\/\\\/fuentesfidedignas.com.mx\\\/wp-content\\\/uploads\\\/2026\\\/05\\\/img_8348.jpeg\",\"width\":1170,\"height\":809},{\"@type\":\"BreadcrumbList\",\"@id\":\"https:\\\/\\\/fuentesfidedignas.com.mx\\\/index.php\\\/2026\\\/05\\\/01\\\/sinaloa-cierra-con-bronce-en-tiro-con-arco-de-la-olimpiada-nacional-conade\\\/#breadcrumb\",\"itemListElement\":[{\"@type\":\"ListItem\",\"position\":1,\"name\":\"Inicio\",\"item\":\"https:\\\/\\\/fuentesfidedignas.com.mx\\\/\"},{\"@type\":\"ListItem\",\"position\":2,\"name\":\"Sinaloa cierra con bronce en tiro con arco de la Olimpiada Nacional CONADE\"}]},{\"@type\":\"WebSite\",\"@id\":\"https:\\\/\\\/fuentesfidedignas.com.mx\\\/#website\",\"url\":\"https:\\\/\\\/fuentesfidedignas.com.mx\\\/\",\"name\":\"Fuentes Fidedignas\",\"description\":\"Otro sitio realizado con WordPress\",\"publisher\":{\"@id\":\"https:\\\/\\\/fuentesfidedignas.com.mx\\\/#organization\"},\"potentialAction\":[{\"@type\":\"SearchAction\",\"target\":{\"@type\":\"EntryPoint\",\"urlTemplate\":\"https:\\\/\\\/fuentesfidedignas.com.mx\\\/?s={search_term_string}\"},\"query-input\":{\"@type\":\"PropertyValueSpecification\",\"valueRequired\":true,\"valueName\":\"search_term_string\"}}],\"inLanguage\":\"es\"},{\"@type\":\"Organization\",\"@id\":\"https:\\\/\\\/fuentesfidedignas.com.mx\\\/#organization\",\"name\":\"Fuentes Fidedignas\",\"url\":\"https:\\\/\\\/fuentesfidedignas.com.mx\\\/\",\"logo\":{\"@type\":\"ImageObject\",\"inLanguage\":\"es\",\"@id\":\"https:\\\/\\\/fuentesfidedignas.com.mx\\\/#\\\/schema\\\/logo\\\/image\\\/\",\"url\":\"https:\\\/\\\/fuentesfidedignas.com.mx\\\/wp-content\\\/uploads\\\/2021\\\/04\\\/logo-retina.png\",\"contentUrl\":\"https:\\\/\\\/fuentesfidedignas.com.mx\\\/wp-content\\\/uploads\\\/2021\\\/04\\\/logo-retina.png\",\"width\":280,\"height\":51,\"caption\":\"Fuentes Fidedignas\"},\"image\":{\"@id\":\"https:\\\/\\\/fuentesfidedignas.com.mx\\\/#\\\/schema\\\/logo\\\/image\\\/\"},\"sameAs\":[\"https:\\\/\\\/www.facebook.com\\\/Fuentes-Fidedignas-368234489921644\",\"https:\\\/\\\/x.com\\\/fidedignas\"]},{\"@type\":\"Person\",\"@id\":\"https:\\\/\\\/fuentesfidedignas.com.mx\\\/#\\\/schema\\\/person\\\/331be9283d37198e2acd5750279085b0\",\"name\":\"Redacci\u00f3n\",\"image\":{\"@type\":\"ImageObject\",\"inLanguage\":\"es\",\"@id\":\"https:\\\/\\\/secure.gravatar.com\\\/avatar\\\/f6d8782c11d12b2d4ad3fbb6931aeab5309937a4d6cd2fc9cfaa28a6396a5aec?s=96&d=mm&r=g\",\"url\":\"https:\\\/\\\/secure.gravatar.com\\\/avatar\\\/f6d8782c11d12b2d4ad3fbb6931aeab5309937a4d6cd2fc9cfaa28a6396a5aec?s=96&d=mm&r=g\",\"contentUrl\":\"https:\\\/\\\/secure.gravatar.com\\\/avatar\\\/f6d8782c11d12b2d4ad3fbb6931aeab5309937a4d6cd2fc9cfaa28a6396a5aec?s=96&d=mm&r=g\",\"caption\":\"Redacci\u00f3n\"},\"url\":\"https:\\\/\\\/fuentesfidedignas.com.mx\\\/index.php\\\/author\\\/redaccion\\\/\"}]}<\/script>\n<!-- \/ Yoast SEO plugin. -->","yoast_head_json":{"title":"Sinaloa cierra con bronce en tiro con arco de la Olimpiada Nacional CONADE - Fuentes Fidedignas","robots":{"index":"index","follow":"follow","max-snippet":"max-snippet:-1","max-image-preview":"max-image-preview:large","max-video-preview":"max-video-preview:-1"},"canonical":"https:\/\/fuentesfidedignas.com.mx\/index.php\/2026\/05\/01\/sinaloa-cierra-con-bronce-en-tiro-con-arco-de-la-olimpiada-nacional-conade\/","og_locale":"es_MX","og_type":"article","og_title":"Sinaloa cierra con bronce en tiro con arco de la Olimpiada Nacional CONADE - Fuentes Fidedignas","og_description":"APIZACO, Tlaxcala._ La delegaci\u00f3n sinaloense puso punto final a su participaci\u00f3n en el tiro con arco de la Olimpiada Nacional CONADE 2026 con una medalla de bronce, cortes\u00eda de Rafael Aguilar en la modalidad de recurvo varonil Sub 18, dentro de la eliminatoria individual a 60 metros. El arquero sinaloense logr\u00f3 avanzar hasta la ronda [&hellip;]","og_url":"https:\/\/fuentesfidedignas.com.mx\/index.php\/2026\/05\/01\/sinaloa-cierra-con-bronce-en-tiro-con-arco-de-la-olimpiada-nacional-conade\/","og_site_name":"Fuentes Fidedignas","article_publisher":"https:\/\/www.facebook.com\/Fuentes-Fidedignas-368234489921644","article_published_time":"2026-05-02T00:42:11+00:00","og_image":[{"width":1170,"height":809,"url":"https:\/\/fuentesfidedignas.com.mx\/wp-content\/uploads\/2026\/05\/img_8348.jpeg","type":"image\/jpeg"}],"author":"Redacci\u00f3n","twitter_card":"summary_large_image","twitter_creator":"@fidedignas","twitter_site":"@fidedignas","twitter_misc":{"Escrito por":"Redacci\u00f3n","Tiempo de lectura":"2 minutos"},"schema":{"@context":"https:\/\/schema.org","@graph":[{"@type":"Article","@id":"https:\/\/fuentesfidedignas.com.mx\/index.php\/2026\/05\/01\/sinaloa-cierra-con-bronce-en-tiro-con-arco-de-la-olimpiada-nacional-conade\/#article","isPartOf":{"@id":"https:\/\/fuentesfidedignas.com.mx\/index.php\/2026\/05\/01\/sinaloa-cierra-con-bronce-en-tiro-con-arco-de-la-olimpiada-nacional-conade\/"},"author":{"name":"Redacci\u00f3n","@id":"https:\/\/fuentesfidedignas.com.mx\/#\/schema\/person\/331be9283d37198e2acd5750279085b0"},"headline":"Sinaloa cierra con bronce en tiro con arco de la Olimpiada Nacional CONADE","datePublished":"2026-05-02T00:42:11+00:00","mainEntityOfPage":{"@id":"https:\/\/fuentesfidedignas.com.mx\/index.php\/2026\/05\/01\/sinaloa-cierra-con-bronce-en-tiro-con-arco-de-la-olimpiada-nacional-conade\/"},"wordCount":346,"publisher":{"@id":"https:\/\/fuentesfidedignas.com.mx\/#organization"},"image":{"@id":"https:\/\/fuentesfidedignas.com.mx\/index.php\/2026\/05\/01\/sinaloa-cierra-con-bronce-en-tiro-con-arco-de-la-olimpiada-nacional-conade\/#primaryimage"},"thumbnailUrl":"https:\/\/fuentesfidedignas.com.mx\/wp-content\/uploads\/2026\/05\/img_8348.jpeg","articleSection":["NOTICIAS LOCALES"],"inLanguage":"es"},{"@type":"WebPage","@id":"https:\/\/fuentesfidedignas.com.mx\/index.php\/2026\/05\/01\/sinaloa-cierra-con-bronce-en-tiro-con-arco-de-la-olimpiada-nacional-conade\/","url":"https:\/\/fuentesfidedignas.com.mx\/index.php\/2026\/05\/01\/sinaloa-cierra-con-bronce-en-tiro-con-arco-de-la-olimpiada-nacional-conade\/","name":"Sinaloa cierra con bronce en tiro con arco de la Olimpiada Nacional CONADE - Fuentes Fidedignas","isPartOf":{"@id":"https:\/\/fuentesfidedignas.com.mx\/#website"},"primaryImageOfPage":{"@id":"https:\/\/fuentesfidedignas.com.mx\/index.php\/2026\/05\/01\/sinaloa-cierra-con-bronce-en-tiro-con-arco-de-la-olimpiada-nacional-conade\/#primaryimage"},"image":{"@id":"https:\/\/fuentesfidedignas.com.mx\/index.php\/2026\/05\/01\/sinaloa-cierra-con-bronce-en-tiro-con-arco-de-la-olimpiada-nacional-conade\/#primaryimage"},"thumbnailUrl":"https:\/\/fuentesfidedignas.com.mx\/wp-content\/uploads\/2026\/05\/img_8348.jpeg","datePublished":"2026-05-02T00:42:11+00:00","breadcrumb":{"@id":"https:\/\/fuentesfidedignas.com.mx\/index.php\/2026\/05\/01\/sinaloa-cierra-con-bronce-en-tiro-con-arco-de-la-olimpiada-nacional-conade\/#breadcrumb"},"inLanguage":"es","potentialAction":[{"@type":"ReadAction","target":["https:\/\/fuentesfidedignas.com.mx\/index.php\/2026\/05\/01\/sinaloa-cierra-con-bronce-en-tiro-con-arco-de-la-olimpiada-nacional-conade\/"]}]},{"@type":"ImageObject","inLanguage":"es","@id":"https:\/\/fuentesfidedignas.com.mx\/index.php\/2026\/05\/01\/sinaloa-cierra-con-bronce-en-tiro-con-arco-de-la-olimpiada-nacional-conade\/#primaryimage","url":"https:\/\/fuentesfidedignas.com.mx\/wp-content\/uploads\/2026\/05\/img_8348.jpeg","contentUrl":"https:\/\/fuentesfidedignas.com.mx\/wp-content\/uploads\/2026\/05\/img_8348.jpeg","width":1170,"height":809},{"@type":"BreadcrumbList","@id":"https:\/\/fuentesfidedignas.com.mx\/index.php\/2026\/05\/01\/sinaloa-cierra-con-bronce-en-tiro-con-arco-de-la-olimpiada-nacional-conade\/#breadcrumb","itemListElement":[{"@type":"ListItem","position":1,"name":"Inicio","item":"https:\/\/fuentesfidedignas.com.mx\/"},{"@type":"ListItem","position":2,"name":"Sinaloa cierra con bronce en tiro con arco de la Olimpiada Nacional CONADE"}]},{"@type":"WebSite","@id":"https:\/\/fuentesfidedignas.com.mx\/#website","url":"https:\/\/fuentesfidedignas.com.mx\/","name":"Fuentes Fidedignas","description":"Otro sitio realizado con WordPress","publisher":{"@id":"https:\/\/fuentesfidedignas.com.mx\/#organization"},"potentialAction":[{"@type":"SearchAction","target":{"@type":"EntryPoint","urlTemplate":"https:\/\/fuentesfidedignas.com.mx\/?s={search_term_string}"},"query-input":{"@type":"PropertyValueSpecification","valueRequired":true,"valueName":"search_term_string"}}],"inLanguage":"es"},{"@type":"Organization","@id":"https:\/\/fuentesfidedignas.com.mx\/#organization","name":"Fuentes Fidedignas","url":"https:\/\/fuentesfidedignas.com.mx\/","logo":{"@type":"ImageObject","inLanguage":"es","@id":"https:\/\/fuentesfidedignas.com.mx\/#\/schema\/logo\/image\/","url":"https:\/\/fuentesfidedignas.com.mx\/wp-content\/uploads\/2021\/04\/logo-retina.png","contentUrl":"https:\/\/fuentesfidedignas.com.mx\/wp-content\/uploads\/2021\/04\/logo-retina.png","width":280,"height":51,"caption":"Fuentes Fidedignas"},"image":{"@id":"https:\/\/fuentesfidedignas.com.mx\/#\/schema\/logo\/image\/"},"sameAs":["https:\/\/www.facebook.com\/Fuentes-Fidedignas-368234489921644","https:\/\/x.com\/fidedignas"]},{"@type":"Person","@id":"https:\/\/fuentesfidedignas.com.mx\/#\/schema\/person\/331be9283d37198e2acd5750279085b0","name":"Redacci\u00f3n","image":{"@type":"ImageObject","inLanguage":"es","@id":"https:\/\/secure.gravatar.com\/avatar\/f6d8782c11d12b2d4ad3fbb6931aeab5309937a4d6cd2fc9cfaa28a6396a5aec?s=96&d=mm&r=g","url":"https:\/\/secure.gravatar.com\/avatar\/f6d8782c11d12b2d4ad3fbb6931aeab5309937a4d6cd2fc9cfaa28a6396a5aec?s=96&d=mm&r=g","contentUrl":"https:\/\/secure.gravatar.com\/avatar\/f6d8782c11d12b2d4ad3fbb6931aeab5309937a4d6cd2fc9cfaa28a6396a5aec?s=96&d=mm&r=g","caption":"Redacci\u00f3n"},"url":"https:\/\/fuentesfidedignas.com.mx\/index.php\/author\/redaccion\/"}]}},"_links":{"self":[{"href":"https:\/\/fuentesfidedignas.com.mx\/index.php\/wp-json\/wp\/v2\/posts\/132710","targetHints":{"allow":["GET"]}}],"collection":[{"href":"https:\/\/fuentesfidedignas.com.mx\/index.php\/wp-json\/wp\/v2\/posts"}],"about":[{"href":"https:\/\/fuentesfidedignas.com.mx\/index.php\/wp-json\/wp\/v2\/types\/post"}],"author":[{"embeddable":true,"href":"https:\/\/fuentesfidedignas.com.mx\/index.php\/wp-json\/wp\/v2\/users\/4"}],"replies":[{"embeddable":true,"href":"https:\/\/fuentesfidedignas.com.mx\/index.php\/wp-json\/wp\/v2\/comments?post=132710"}],"version-history":[{"count":1,"href":"https:\/\/fuentesfidedignas.com.mx\/index.php\/wp-json\/wp\/v2\/posts\/132710\/revisions"}],"predecessor-version":[{"id":132711,"href":"https:\/\/fuentesfidedignas.com.mx\/index.php\/wp-json\/wp\/v2\/posts\/132710\/revisions\/132711"}],"wp:featuredmedia":[{"embeddable":true,"href":"https:\/\/fuentesfidedignas.com.mx\/index.php\/wp-json\/wp\/v2\/media\/132709"}],"wp:attachment":[{"href":"https:\/\/fuentesfidedignas.com.mx\/index.php\/wp-json\/wp\/v2\/media?parent=132710"}],"wp:term":[{"taxonomy":"category","embeddable":true,"href":"https:\/\/fuentesfidedignas.com.mx\/index.php\/wp-json\/wp\/v2\/categories?post=132710"},{"taxonomy":"post_tag","embeddable":true,"href":"https:\/\/fuentesfidedignas.com.mx\/index.php\/wp-json\/wp\/v2\/tags?post=132710"}],"curies":[{"name":"wp","href":"https:\/\/api.w.org\/{rel}","templated":true}]}}