{"id":132700,"date":"2026-05-01T14:57:48","date_gmt":"2026-05-01T21:57:48","guid":{"rendered":"https:\/\/fuentesfidedignas.com.mx\/?p=132700"},"modified":"2026-05-01T14:57:48","modified_gmt":"2026-05-01T21:57:48","slug":"urgen-planeacion-y-apoyo-federal-para-evitar-crisis-agricola-recurrente","status":"publish","type":"post","link":"https:\/\/fuentesfidedignas.com.mx\/index.php\/2026\/05\/01\/urgen-planeacion-y-apoyo-federal-para-evitar-crisis-agricola-recurrente\/","title":{"rendered":"Urgen planeaci\u00f3n y apoyo federal para evitar crisis agr\u00edcola recurrente"},"content":{"rendered":"\n<p><\/p>\n\n\n\n<p><strong><em>Diputada Irma Moreno advierte carga financiera injusta para Sinaloa en comercializaci\u00f3n de granos<\/em><\/strong><\/p>\n\n\n\n<p>La diputada del PRI, Irma Guadalupe Moreno Ovalle, presidenta de la Comisi\u00f3n de Asuntos Agropecuarios del Congreso del Estado, advirti\u00f3 que es urgente establecer una planeaci\u00f3n integral para el campo sinaloense, a fin de evitar que cada ciclo agr\u00edcola cierre con crisis para los productores.<\/p>\n\n\n\n<p>Se\u00f1al\u00f3 que uno de los principales problemas ha sido la desaparici\u00f3n de instituciones clave para el sector, como la Financiera Rural y los esquemas de comercializaci\u00f3n que anteriormente daban certidumbre a los agricultores. Consider\u00f3 que esta falta de estructura ha dejado a los productores en condiciones de vulnerabilidad, dependiendo de soluciones improvisadas.<\/p>\n\n\n\n<p>Moreno Ovalle critic\u00f3 que el Gobierno de Sinaloa tenga que asumir una carga estimada en 1,400 millones de pesos para atender la comercializaci\u00f3n de granos, una responsabilidad que, afirm\u00f3, corresponde a la Federaci\u00f3n. Indic\u00f3 que esta situaci\u00f3n resulta a\u00fan m\u00e1s compleja en un contexto de crisis econ\u00f3mica y de seguridad en la entidad, lo que limita la capacidad estatal para atender otras necesidades.<\/p>\n\n\n\n<p>La legisladora reconoci\u00f3 que los recientes acuerdos en materia de precios representan un alivio temporal, pero advirti\u00f3 que no resuelven de fondo el problema. Explic\u00f3 que los esquemas actuales, como el tope de apoyo por hasta 10 toneladas por hect\u00e1rea, dejan fuera a productores con mayores rendimientos y reducen la rentabilidad en general.<\/p>\n\n\n\n<p>Asimismo, alert\u00f3 que factores como sequ\u00edas, heladas y el aumento de temperaturas han impactado la productividad, lo que podr\u00eda derivar en parcelas que ya no se siembren por falta de rentabilidad. A\u00f1adi\u00f3 que muchos productores enfrentar\u00e1n deudas tras este ciclo agr\u00edcola.<\/p>\n\n\n\n<p>Moreno Ovalle hizo un llamado a legisladores federales sinaloenses a gestionar recursos etiquetados en el presupuesto para la comercializaci\u00f3n de granos b\u00e1sicos, al insistir en que el desarrollo del campo es clave para la econom\u00eda estatal.<\/p>\n\n\n\n<p>Finalmente, se\u00f1al\u00f3 que se mantendr\u00e1n vigilantes para que los apoyos anunciados se entreguen en tiempo y forma, ante antecedentes de retrasos en pagos de ciclos anteriores, lo que ha generado desconfianza entre los productores.<\/p>\n","protected":false},"excerpt":{"rendered":"<p>Diputada Irma Moreno advierte carga financiera injusta para Sinaloa en comercializaci\u00f3n de granos La diputada del PRI, Irma Guadalupe Moreno Ovalle, presidenta de la Comisi\u00f3n de Asuntos Agropecuarios del Congreso del Estado, advirti\u00f3 que es urgente establecer una planeaci\u00f3n integral para el campo sinaloense, a fin de evitar que cada ciclo agr\u00edcola cierre con crisis [&hellip;]<\/p>\n","protected":false},"author":4,"featured_media":123559,"comment_status":"closed","ping_status":"open","sticky":false,"template":"","format":"standard","meta":{"tdm_status":"","tdm_grid_status":"","footnotes":""},"categories":[38],"tags":[],"class_list":{"0":"post-132700","1":"post","2":"type-post","3":"status-publish","4":"format-standard","5":"has-post-thumbnail","7":"category-noticias-locales"},"yoast_head":"<!-- This site is optimized with the Yoast SEO plugin v27.5 - https:\/\/yoast.com\/product\/yoast-seo-wordpress\/ -->\n<title>Urgen planeaci\u00f3n y apoyo federal para evitar crisis agr\u00edcola recurrente - Fuentes Fidedignas<\/title>\n<meta name=\"robots\" content=\"index, follow, max-snippet:-1, max-image-preview:large, max-video-preview:-1\" \/>\n<link rel=\"canonical\" href=\"https:\/\/fuentesfidedignas.com.mx\/index.php\/2026\/05\/01\/urgen-planeacion-y-apoyo-federal-para-evitar-crisis-agricola-recurrente\/\" \/>\n<meta property=\"og:locale\" content=\"es_MX\" \/>\n<meta property=\"og:type\" content=\"article\" \/>\n<meta property=\"og:title\" content=\"Urgen planeaci\u00f3n y apoyo federal para evitar crisis agr\u00edcola recurrente - Fuentes Fidedignas\" \/>\n<meta property=\"og:description\" content=\"Diputada Irma Moreno advierte carga financiera injusta para Sinaloa en comercializaci\u00f3n de granos La diputada del PRI, Irma Guadalupe Moreno Ovalle, presidenta de la Comisi\u00f3n de Asuntos Agropecuarios del Congreso del Estado, advirti\u00f3 que es urgente establecer una planeaci\u00f3n integral para el campo sinaloense, a fin de evitar que cada ciclo agr\u00edcola cierre con crisis [&hellip;]\" \/>\n<meta property=\"og:url\" content=\"https:\/\/fuentesfidedignas.com.mx\/index.php\/2026\/05\/01\/urgen-planeacion-y-apoyo-federal-para-evitar-crisis-agricola-recurrente\/\" \/>\n<meta property=\"og:site_name\" content=\"Fuentes Fidedignas\" \/>\n<meta property=\"article:publisher\" content=\"https:\/\/www.facebook.com\/Fuentes-Fidedignas-368234489921644\" \/>\n<meta property=\"article:published_time\" content=\"2026-05-01T21:57:48+00:00\" \/>\n<meta property=\"og:image\" content=\"https:\/\/fuentesfidedignas.com.mx\/wp-content\/uploads\/2025\/12\/maiz_grano.jpeg\" \/>\n\t<meta property=\"og:image:width\" content=\"500\" \/>\n\t<meta property=\"og:image:height\" content=\"333\" \/>\n\t<meta property=\"og:image:type\" content=\"image\/jpeg\" \/>\n<meta name=\"author\" content=\"Redacci\u00f3n\" \/>\n<meta name=\"twitter:card\" content=\"summary_large_image\" \/>\n<meta name=\"twitter:creator\" content=\"@fidedignas\" \/>\n<meta name=\"twitter:site\" content=\"@fidedignas\" \/>\n<meta name=\"twitter:label1\" content=\"Escrito por\" \/>\n\t<meta name=\"twitter:data1\" content=\"Redacci\u00f3n\" \/>\n\t<meta name=\"twitter:label2\" content=\"Tiempo de lectura\" \/>\n\t<meta name=\"twitter:data2\" content=\"2 minutos\" \/>\n<script type=\"application\/ld+json\" class=\"yoast-schema-graph\">{\"@context\":\"https:\\\/\\\/schema.org\",\"@graph\":[{\"@type\":\"Article\",\"@id\":\"https:\\\/\\\/fuentesfidedignas.com.mx\\\/index.php\\\/2026\\\/05\\\/01\\\/urgen-planeacion-y-apoyo-federal-para-evitar-crisis-agricola-recurrente\\\/#article\",\"isPartOf\":{\"@id\":\"https:\\\/\\\/fuentesfidedignas.com.mx\\\/index.php\\\/2026\\\/05\\\/01\\\/urgen-planeacion-y-apoyo-federal-para-evitar-crisis-agricola-recurrente\\\/\"},\"author\":{\"name\":\"Redacci\u00f3n\",\"@id\":\"https:\\\/\\\/fuentesfidedignas.com.mx\\\/#\\\/schema\\\/person\\\/331be9283d37198e2acd5750279085b0\"},\"headline\":\"Urgen planeaci\u00f3n y apoyo federal para evitar crisis agr\u00edcola recurrente\",\"datePublished\":\"2026-05-01T21:57:48+00:00\",\"mainEntityOfPage\":{\"@id\":\"https:\\\/\\\/fuentesfidedignas.com.mx\\\/index.php\\\/2026\\\/05\\\/01\\\/urgen-planeacion-y-apoyo-federal-para-evitar-crisis-agricola-recurrente\\\/\"},\"wordCount\":371,\"publisher\":{\"@id\":\"https:\\\/\\\/fuentesfidedignas.com.mx\\\/#organization\"},\"image\":{\"@id\":\"https:\\\/\\\/fuentesfidedignas.com.mx\\\/index.php\\\/2026\\\/05\\\/01\\\/urgen-planeacion-y-apoyo-federal-para-evitar-crisis-agricola-recurrente\\\/#primaryimage\"},\"thumbnailUrl\":\"https:\\\/\\\/fuentesfidedignas.com.mx\\\/wp-content\\\/uploads\\\/2025\\\/12\\\/maiz_grano.jpeg\",\"articleSection\":[\"NOTICIAS LOCALES\"],\"inLanguage\":\"es\"},{\"@type\":\"WebPage\",\"@id\":\"https:\\\/\\\/fuentesfidedignas.com.mx\\\/index.php\\\/2026\\\/05\\\/01\\\/urgen-planeacion-y-apoyo-federal-para-evitar-crisis-agricola-recurrente\\\/\",\"url\":\"https:\\\/\\\/fuentesfidedignas.com.mx\\\/index.php\\\/2026\\\/05\\\/01\\\/urgen-planeacion-y-apoyo-federal-para-evitar-crisis-agricola-recurrente\\\/\",\"name\":\"Urgen planeaci\u00f3n y apoyo federal para evitar crisis agr\u00edcola recurrente - Fuentes Fidedignas\",\"isPartOf\":{\"@id\":\"https:\\\/\\\/fuentesfidedignas.com.mx\\\/#website\"},\"primaryImageOfPage\":{\"@id\":\"https:\\\/\\\/fuentesfidedignas.com.mx\\\/index.php\\\/2026\\\/05\\\/01\\\/urgen-planeacion-y-apoyo-federal-para-evitar-crisis-agricola-recurrente\\\/#primaryimage\"},\"image\":{\"@id\":\"https:\\\/\\\/fuentesfidedignas.com.mx\\\/index.php\\\/2026\\\/05\\\/01\\\/urgen-planeacion-y-apoyo-federal-para-evitar-crisis-agricola-recurrente\\\/#primaryimage\"},\"thumbnailUrl\":\"https:\\\/\\\/fuentesfidedignas.com.mx\\\/wp-content\\\/uploads\\\/2025\\\/12\\\/maiz_grano.jpeg\",\"datePublished\":\"2026-05-01T21:57:48+00:00\",\"breadcrumb\":{\"@id\":\"https:\\\/\\\/fuentesfidedignas.com.mx\\\/index.php\\\/2026\\\/05\\\/01\\\/urgen-planeacion-y-apoyo-federal-para-evitar-crisis-agricola-recurrente\\\/#breadcrumb\"},\"inLanguage\":\"es\",\"potentialAction\":[{\"@type\":\"ReadAction\",\"target\":[\"https:\\\/\\\/fuentesfidedignas.com.mx\\\/index.php\\\/2026\\\/05\\\/01\\\/urgen-planeacion-y-apoyo-federal-para-evitar-crisis-agricola-recurrente\\\/\"]}]},{\"@type\":\"ImageObject\",\"inLanguage\":\"es\",\"@id\":\"https:\\\/\\\/fuentesfidedignas.com.mx\\\/index.php\\\/2026\\\/05\\\/01\\\/urgen-planeacion-y-apoyo-federal-para-evitar-crisis-agricola-recurrente\\\/#primaryimage\",\"url\":\"https:\\\/\\\/fuentesfidedignas.com.mx\\\/wp-content\\\/uploads\\\/2025\\\/12\\\/maiz_grano.jpeg\",\"contentUrl\":\"https:\\\/\\\/fuentesfidedignas.com.mx\\\/wp-content\\\/uploads\\\/2025\\\/12\\\/maiz_grano.jpeg\",\"width\":500,\"height\":333},{\"@type\":\"BreadcrumbList\",\"@id\":\"https:\\\/\\\/fuentesfidedignas.com.mx\\\/index.php\\\/2026\\\/05\\\/01\\\/urgen-planeacion-y-apoyo-federal-para-evitar-crisis-agricola-recurrente\\\/#breadcrumb\",\"itemListElement\":[{\"@type\":\"ListItem\",\"position\":1,\"name\":\"Inicio\",\"item\":\"https:\\\/\\\/fuentesfidedignas.com.mx\\\/\"},{\"@type\":\"ListItem\",\"position\":2,\"name\":\"Urgen planeaci\u00f3n y apoyo federal para evitar crisis agr\u00edcola recurrente\"}]},{\"@type\":\"WebSite\",\"@id\":\"https:\\\/\\\/fuentesfidedignas.com.mx\\\/#website\",\"url\":\"https:\\\/\\\/fuentesfidedignas.com.mx\\\/\",\"name\":\"Fuentes Fidedignas\",\"description\":\"Otro sitio realizado con WordPress\",\"publisher\":{\"@id\":\"https:\\\/\\\/fuentesfidedignas.com.mx\\\/#organization\"},\"potentialAction\":[{\"@type\":\"SearchAction\",\"target\":{\"@type\":\"EntryPoint\",\"urlTemplate\":\"https:\\\/\\\/fuentesfidedignas.com.mx\\\/?s={search_term_string}\"},\"query-input\":{\"@type\":\"PropertyValueSpecification\",\"valueRequired\":true,\"valueName\":\"search_term_string\"}}],\"inLanguage\":\"es\"},{\"@type\":\"Organization\",\"@id\":\"https:\\\/\\\/fuentesfidedignas.com.mx\\\/#organization\",\"name\":\"Fuentes Fidedignas\",\"url\":\"https:\\\/\\\/fuentesfidedignas.com.mx\\\/\",\"logo\":{\"@type\":\"ImageObject\",\"inLanguage\":\"es\",\"@id\":\"https:\\\/\\\/fuentesfidedignas.com.mx\\\/#\\\/schema\\\/logo\\\/image\\\/\",\"url\":\"https:\\\/\\\/fuentesfidedignas.com.mx\\\/wp-content\\\/uploads\\\/2021\\\/04\\\/logo-retina.png\",\"contentUrl\":\"https:\\\/\\\/fuentesfidedignas.com.mx\\\/wp-content\\\/uploads\\\/2021\\\/04\\\/logo-retina.png\",\"width\":280,\"height\":51,\"caption\":\"Fuentes Fidedignas\"},\"image\":{\"@id\":\"https:\\\/\\\/fuentesfidedignas.com.mx\\\/#\\\/schema\\\/logo\\\/image\\\/\"},\"sameAs\":[\"https:\\\/\\\/www.facebook.com\\\/Fuentes-Fidedignas-368234489921644\",\"https:\\\/\\\/x.com\\\/fidedignas\"]},{\"@type\":\"Person\",\"@id\":\"https:\\\/\\\/fuentesfidedignas.com.mx\\\/#\\\/schema\\\/person\\\/331be9283d37198e2acd5750279085b0\",\"name\":\"Redacci\u00f3n\",\"image\":{\"@type\":\"ImageObject\",\"inLanguage\":\"es\",\"@id\":\"https:\\\/\\\/secure.gravatar.com\\\/avatar\\\/f6d8782c11d12b2d4ad3fbb6931aeab5309937a4d6cd2fc9cfaa28a6396a5aec?s=96&d=mm&r=g\",\"url\":\"https:\\\/\\\/secure.gravatar.com\\\/avatar\\\/f6d8782c11d12b2d4ad3fbb6931aeab5309937a4d6cd2fc9cfaa28a6396a5aec?s=96&d=mm&r=g\",\"contentUrl\":\"https:\\\/\\\/secure.gravatar.com\\\/avatar\\\/f6d8782c11d12b2d4ad3fbb6931aeab5309937a4d6cd2fc9cfaa28a6396a5aec?s=96&d=mm&r=g\",\"caption\":\"Redacci\u00f3n\"},\"url\":\"https:\\\/\\\/fuentesfidedignas.com.mx\\\/index.php\\\/author\\\/redaccion\\\/\"}]}<\/script>\n<!-- \/ Yoast SEO plugin. -->","yoast_head_json":{"title":"Urgen planeaci\u00f3n y apoyo federal para evitar crisis agr\u00edcola recurrente - Fuentes Fidedignas","robots":{"index":"index","follow":"follow","max-snippet":"max-snippet:-1","max-image-preview":"max-image-preview:large","max-video-preview":"max-video-preview:-1"},"canonical":"https:\/\/fuentesfidedignas.com.mx\/index.php\/2026\/05\/01\/urgen-planeacion-y-apoyo-federal-para-evitar-crisis-agricola-recurrente\/","og_locale":"es_MX","og_type":"article","og_title":"Urgen planeaci\u00f3n y apoyo federal para evitar crisis agr\u00edcola recurrente - Fuentes Fidedignas","og_description":"Diputada Irma Moreno advierte carga financiera injusta para Sinaloa en comercializaci\u00f3n de granos La diputada del PRI, Irma Guadalupe Moreno Ovalle, presidenta de la Comisi\u00f3n de Asuntos Agropecuarios del Congreso del Estado, advirti\u00f3 que es urgente establecer una planeaci\u00f3n integral para el campo sinaloense, a fin de evitar que cada ciclo agr\u00edcola cierre con crisis [&hellip;]","og_url":"https:\/\/fuentesfidedignas.com.mx\/index.php\/2026\/05\/01\/urgen-planeacion-y-apoyo-federal-para-evitar-crisis-agricola-recurrente\/","og_site_name":"Fuentes Fidedignas","article_publisher":"https:\/\/www.facebook.com\/Fuentes-Fidedignas-368234489921644","article_published_time":"2026-05-01T21:57:48+00:00","og_image":[{"width":500,"height":333,"url":"https:\/\/fuentesfidedignas.com.mx\/wp-content\/uploads\/2025\/12\/maiz_grano.jpeg","type":"image\/jpeg"}],"author":"Redacci\u00f3n","twitter_card":"summary_large_image","twitter_creator":"@fidedignas","twitter_site":"@fidedignas","twitter_misc":{"Escrito por":"Redacci\u00f3n","Tiempo de lectura":"2 minutos"},"schema":{"@context":"https:\/\/schema.org","@graph":[{"@type":"Article","@id":"https:\/\/fuentesfidedignas.com.mx\/index.php\/2026\/05\/01\/urgen-planeacion-y-apoyo-federal-para-evitar-crisis-agricola-recurrente\/#article","isPartOf":{"@id":"https:\/\/fuentesfidedignas.com.mx\/index.php\/2026\/05\/01\/urgen-planeacion-y-apoyo-federal-para-evitar-crisis-agricola-recurrente\/"},"author":{"name":"Redacci\u00f3n","@id":"https:\/\/fuentesfidedignas.com.mx\/#\/schema\/person\/331be9283d37198e2acd5750279085b0"},"headline":"Urgen planeaci\u00f3n y apoyo federal para evitar crisis agr\u00edcola recurrente","datePublished":"2026-05-01T21:57:48+00:00","mainEntityOfPage":{"@id":"https:\/\/fuentesfidedignas.com.mx\/index.php\/2026\/05\/01\/urgen-planeacion-y-apoyo-federal-para-evitar-crisis-agricola-recurrente\/"},"wordCount":371,"publisher":{"@id":"https:\/\/fuentesfidedignas.com.mx\/#organization"},"image":{"@id":"https:\/\/fuentesfidedignas.com.mx\/index.php\/2026\/05\/01\/urgen-planeacion-y-apoyo-federal-para-evitar-crisis-agricola-recurrente\/#primaryimage"},"thumbnailUrl":"https:\/\/fuentesfidedignas.com.mx\/wp-content\/uploads\/2025\/12\/maiz_grano.jpeg","articleSection":["NOTICIAS LOCALES"],"inLanguage":"es"},{"@type":"WebPage","@id":"https:\/\/fuentesfidedignas.com.mx\/index.php\/2026\/05\/01\/urgen-planeacion-y-apoyo-federal-para-evitar-crisis-agricola-recurrente\/","url":"https:\/\/fuentesfidedignas.com.mx\/index.php\/2026\/05\/01\/urgen-planeacion-y-apoyo-federal-para-evitar-crisis-agricola-recurrente\/","name":"Urgen planeaci\u00f3n y apoyo federal para evitar crisis agr\u00edcola recurrente - Fuentes Fidedignas","isPartOf":{"@id":"https:\/\/fuentesfidedignas.com.mx\/#website"},"primaryImageOfPage":{"@id":"https:\/\/fuentesfidedignas.com.mx\/index.php\/2026\/05\/01\/urgen-planeacion-y-apoyo-federal-para-evitar-crisis-agricola-recurrente\/#primaryimage"},"image":{"@id":"https:\/\/fuentesfidedignas.com.mx\/index.php\/2026\/05\/01\/urgen-planeacion-y-apoyo-federal-para-evitar-crisis-agricola-recurrente\/#primaryimage"},"thumbnailUrl":"https:\/\/fuentesfidedignas.com.mx\/wp-content\/uploads\/2025\/12\/maiz_grano.jpeg","datePublished":"2026-05-01T21:57:48+00:00","breadcrumb":{"@id":"https:\/\/fuentesfidedignas.com.mx\/index.php\/2026\/05\/01\/urgen-planeacion-y-apoyo-federal-para-evitar-crisis-agricola-recurrente\/#breadcrumb"},"inLanguage":"es","potentialAction":[{"@type":"ReadAction","target":["https:\/\/fuentesfidedignas.com.mx\/index.php\/2026\/05\/01\/urgen-planeacion-y-apoyo-federal-para-evitar-crisis-agricola-recurrente\/"]}]},{"@type":"ImageObject","inLanguage":"es","@id":"https:\/\/fuentesfidedignas.com.mx\/index.php\/2026\/05\/01\/urgen-planeacion-y-apoyo-federal-para-evitar-crisis-agricola-recurrente\/#primaryimage","url":"https:\/\/fuentesfidedignas.com.mx\/wp-content\/uploads\/2025\/12\/maiz_grano.jpeg","contentUrl":"https:\/\/fuentesfidedignas.com.mx\/wp-content\/uploads\/2025\/12\/maiz_grano.jpeg","width":500,"height":333},{"@type":"BreadcrumbList","@id":"https:\/\/fuentesfidedignas.com.mx\/index.php\/2026\/05\/01\/urgen-planeacion-y-apoyo-federal-para-evitar-crisis-agricola-recurrente\/#breadcrumb","itemListElement":[{"@type":"ListItem","position":1,"name":"Inicio","item":"https:\/\/fuentesfidedignas.com.mx\/"},{"@type":"ListItem","position":2,"name":"Urgen planeaci\u00f3n y apoyo federal para evitar crisis agr\u00edcola recurrente"}]},{"@type":"WebSite","@id":"https:\/\/fuentesfidedignas.com.mx\/#website","url":"https:\/\/fuentesfidedignas.com.mx\/","name":"Fuentes Fidedignas","description":"Otro sitio realizado con WordPress","publisher":{"@id":"https:\/\/fuentesfidedignas.com.mx\/#organization"},"potentialAction":[{"@type":"SearchAction","target":{"@type":"EntryPoint","urlTemplate":"https:\/\/fuentesfidedignas.com.mx\/?s={search_term_string}"},"query-input":{"@type":"PropertyValueSpecification","valueRequired":true,"valueName":"search_term_string"}}],"inLanguage":"es"},{"@type":"Organization","@id":"https:\/\/fuentesfidedignas.com.mx\/#organization","name":"Fuentes Fidedignas","url":"https:\/\/fuentesfidedignas.com.mx\/","logo":{"@type":"ImageObject","inLanguage":"es","@id":"https:\/\/fuentesfidedignas.com.mx\/#\/schema\/logo\/image\/","url":"https:\/\/fuentesfidedignas.com.mx\/wp-content\/uploads\/2021\/04\/logo-retina.png","contentUrl":"https:\/\/fuentesfidedignas.com.mx\/wp-content\/uploads\/2021\/04\/logo-retina.png","width":280,"height":51,"caption":"Fuentes Fidedignas"},"image":{"@id":"https:\/\/fuentesfidedignas.com.mx\/#\/schema\/logo\/image\/"},"sameAs":["https:\/\/www.facebook.com\/Fuentes-Fidedignas-368234489921644","https:\/\/x.com\/fidedignas"]},{"@type":"Person","@id":"https:\/\/fuentesfidedignas.com.mx\/#\/schema\/person\/331be9283d37198e2acd5750279085b0","name":"Redacci\u00f3n","image":{"@type":"ImageObject","inLanguage":"es","@id":"https:\/\/secure.gravatar.com\/avatar\/f6d8782c11d12b2d4ad3fbb6931aeab5309937a4d6cd2fc9cfaa28a6396a5aec?s=96&d=mm&r=g","url":"https:\/\/secure.gravatar.com\/avatar\/f6d8782c11d12b2d4ad3fbb6931aeab5309937a4d6cd2fc9cfaa28a6396a5aec?s=96&d=mm&r=g","contentUrl":"https:\/\/secure.gravatar.com\/avatar\/f6d8782c11d12b2d4ad3fbb6931aeab5309937a4d6cd2fc9cfaa28a6396a5aec?s=96&d=mm&r=g","caption":"Redacci\u00f3n"},"url":"https:\/\/fuentesfidedignas.com.mx\/index.php\/author\/redaccion\/"}]}},"_links":{"self":[{"href":"https:\/\/fuentesfidedignas.com.mx\/index.php\/wp-json\/wp\/v2\/posts\/132700","targetHints":{"allow":["GET"]}}],"collection":[{"href":"https:\/\/fuentesfidedignas.com.mx\/index.php\/wp-json\/wp\/v2\/posts"}],"about":[{"href":"https:\/\/fuentesfidedignas.com.mx\/index.php\/wp-json\/wp\/v2\/types\/post"}],"author":[{"embeddable":true,"href":"https:\/\/fuentesfidedignas.com.mx\/index.php\/wp-json\/wp\/v2\/users\/4"}],"replies":[{"embeddable":true,"href":"https:\/\/fuentesfidedignas.com.mx\/index.php\/wp-json\/wp\/v2\/comments?post=132700"}],"version-history":[{"count":1,"href":"https:\/\/fuentesfidedignas.com.mx\/index.php\/wp-json\/wp\/v2\/posts\/132700\/revisions"}],"predecessor-version":[{"id":132701,"href":"https:\/\/fuentesfidedignas.com.mx\/index.php\/wp-json\/wp\/v2\/posts\/132700\/revisions\/132701"}],"wp:featuredmedia":[{"embeddable":true,"href":"https:\/\/fuentesfidedignas.com.mx\/index.php\/wp-json\/wp\/v2\/media\/123559"}],"wp:attachment":[{"href":"https:\/\/fuentesfidedignas.com.mx\/index.php\/wp-json\/wp\/v2\/media?parent=132700"}],"wp:term":[{"taxonomy":"category","embeddable":true,"href":"https:\/\/fuentesfidedignas.com.mx\/index.php\/wp-json\/wp\/v2\/categories?post=132700"},{"taxonomy":"post_tag","embeddable":true,"href":"https:\/\/fuentesfidedignas.com.mx\/index.php\/wp-json\/wp\/v2\/tags?post=132700"}],"curies":[{"name":"wp","href":"https:\/\/api.w.org\/{rel}","templated":true}]}}