{"id":132697,"date":"2026-05-01T14:52:35","date_gmt":"2026-05-01T21:52:35","guid":{"rendered":"https:\/\/fuentesfidedignas.com.mx\/?p=132697"},"modified":"2026-05-01T17:33:03","modified_gmt":"2026-05-02T00:33:03","slug":"fgr-afirma-que-no-hay-evidencia-para-detencion-de-politicos-solicitada-por-eu","status":"publish","type":"post","link":"https:\/\/fuentesfidedignas.com.mx\/index.php\/2026\/05\/01\/fgr-afirma-que-no-hay-evidencia-para-detencion-de-politicos-solicitada-por-eu\/","title":{"rendered":"FGR no detendr\u00e1 a Rocha: \u201cno hay evidencia\u201d, se solicitar\u00e1n m\u00e1s pruebas a EU"},"content":{"rendered":"\n<p><strong><em><br \/>La Fiscal\u00eda General de la Rep\u00fablica solicitar\u00e1 m\u00e1s pruebas a Estados Unidos para tomar una determinaci\u00f3n sobre el caso<\/em><\/strong><\/p>\n\n\n\n<p>La Fiscal\u00eda General de la Rep\u00fablica solicitar\u00e1 a la canciller\u00eda mexicana que haga una solicitud formal al Departamento de Justicia de EEUU para que env\u00ede pruebas, argumentos, documentos e informes necesarios, para analizarlos y fijar un posicionamiento de car\u00e1cter institucional sobre las acusaciones contra 10 ciudadanos mexicanos.<\/p>\n\n\n\n<p>Por el momento, dijo Ra\u00fal Jim\u00e9nez V\u00e1zquez, titular de la Fiscal\u00eda Especializada de Control Competencial de la FGR, en una conferencia difundida por la propia FGR, \u201cno hay referencia, motivo, fundamento ni evidencia que nos permita apreciar el porqu\u00e9 de la urgencia de la detenci\u00f3n provisional solicitada\u201d.<\/p>\n\n\n\n<p>El funcionario federal destac\u00f3 que \u201cno existen pruebas en la solicitud que acrediten la comisi\u00f3n de alg\u00fan delito y la difusi\u00f3n publica de la informaci\u00f3n pone en riesgo el debido proceso\u201d.<\/p>\n\n\n\n<p>Por tal motivo, abund\u00f3, el pronunciamiento que emita la FGR se circunscribir\u00e1 \u00fanica y exclusivamente al pedimento de la medida cautelar, y que el pedimento de esta detenci\u00f3n provisional fue examinado por el \u00e1rea de asuntos internacionales con estricto apego a la normatividad, derivada del Tratado Bilateral de Extradici\u00f3n con EEUU.<\/p>\n\n\n\n<p>Si el gobierno de Estados Unidos inicia posteriormente el procedimiento formal de extradici\u00f3n internacional, M\u00e9xico se apegar\u00e1 estrictamente a las reglas previstas para este prop\u00f3sito, tanto en el tratado bilateral de extradici\u00f3n como en la normatividad de la Ley de Extradici\u00f3n Internacional, destac\u00f3.<\/p>\n\n\n\n<p>Jim\u00e9nez V\u00e1zquez reiter\u00f3 que paralelamente, la FGR realiza investigaciones en torno a los hechos referidos en t\u00e9rminos de la legislaci\u00f3n vigente en nuestro pa\u00eds.<\/p>\n","protected":false},"excerpt":{"rendered":"<p>La Fiscal\u00eda General de la Rep\u00fablica solicitar\u00e1 m\u00e1s pruebas a Estados Unidos para tomar una determinaci\u00f3n sobre el caso La Fiscal\u00eda General de la Rep\u00fablica solicitar\u00e1 a la canciller\u00eda mexicana que haga una solicitud formal al Departamento de Justicia de EEUU para que env\u00ede pruebas, argumentos, documentos e informes necesarios, para analizarlos y fijar un [&hellip;]<\/p>\n","protected":false},"author":57,"featured_media":132696,"comment_status":"closed","ping_status":"open","sticky":false,"template":"","format":"standard","meta":{"tdm_status":"","tdm_grid_status":"","footnotes":""},"categories":[37],"tags":[],"class_list":{"0":"post-132697","1":"post","2":"type-post","3":"status-publish","4":"format-standard","5":"has-post-thumbnail","7":"category-nota-principal"},"yoast_head":"<!-- This site is optimized with the Yoast SEO plugin v27.5 - https:\/\/yoast.com\/product\/yoast-seo-wordpress\/ -->\n<title>FGR no detendr\u00e1 a Rocha: \u201cno hay evidencia\u201d, se solicitar\u00e1n m\u00e1s pruebas a EU - Fuentes Fidedignas<\/title>\n<meta name=\"robots\" content=\"index, follow, max-snippet:-1, max-image-preview:large, max-video-preview:-1\" \/>\n<link rel=\"canonical\" href=\"https:\/\/fuentesfidedignas.com.mx\/index.php\/2026\/05\/01\/fgr-afirma-que-no-hay-evidencia-para-detencion-de-politicos-solicitada-por-eu\/\" \/>\n<meta property=\"og:locale\" content=\"es_MX\" \/>\n<meta property=\"og:type\" content=\"article\" \/>\n<meta property=\"og:title\" content=\"FGR no detendr\u00e1 a Rocha: \u201cno hay evidencia\u201d, se solicitar\u00e1n m\u00e1s pruebas a EU - Fuentes Fidedignas\" \/>\n<meta property=\"og:description\" content=\"La Fiscal\u00eda General de la Rep\u00fablica solicitar\u00e1 m\u00e1s pruebas a Estados Unidos para tomar una determinaci\u00f3n sobre el caso La Fiscal\u00eda General de la Rep\u00fablica solicitar\u00e1 a la canciller\u00eda mexicana que haga una solicitud formal al Departamento de Justicia de EEUU para que env\u00ede pruebas, argumentos, documentos e informes necesarios, para analizarlos y fijar un [&hellip;]\" \/>\n<meta property=\"og:url\" content=\"https:\/\/fuentesfidedignas.com.mx\/index.php\/2026\/05\/01\/fgr-afirma-que-no-hay-evidencia-para-detencion-de-politicos-solicitada-por-eu\/\" \/>\n<meta property=\"og:site_name\" content=\"Fuentes Fidedignas\" \/>\n<meta property=\"article:publisher\" content=\"https:\/\/www.facebook.com\/Fuentes-Fidedignas-368234489921644\" \/>\n<meta property=\"article:published_time\" content=\"2026-05-01T21:52:35+00:00\" \/>\n<meta property=\"article:modified_time\" content=\"2026-05-02T00:33:03+00:00\" \/>\n<meta property=\"og:image\" content=\"https:\/\/fuentesfidedignas.com.mx\/wp-content\/uploads\/2026\/05\/img_8345.png\" \/>\n\t<meta property=\"og:image:width\" content=\"320\" \/>\n\t<meta property=\"og:image:height\" content=\"320\" \/>\n\t<meta property=\"og:image:type\" content=\"image\/png\" \/>\n<meta name=\"author\" content=\"Informador\" \/>\n<meta name=\"twitter:card\" content=\"summary_large_image\" \/>\n<meta name=\"twitter:creator\" content=\"@fidedignas\" \/>\n<meta name=\"twitter:site\" content=\"@fidedignas\" \/>\n<meta name=\"twitter:label1\" content=\"Escrito por\" \/>\n\t<meta name=\"twitter:data1\" content=\"Informador\" \/>\n\t<meta name=\"twitter:label2\" content=\"Tiempo de lectura\" \/>\n\t<meta name=\"twitter:data2\" content=\"1 minuto\" \/>\n<script type=\"application\/ld+json\" class=\"yoast-schema-graph\">{\"@context\":\"https:\\\/\\\/schema.org\",\"@graph\":[{\"@type\":\"Article\",\"@id\":\"https:\\\/\\\/fuentesfidedignas.com.mx\\\/index.php\\\/2026\\\/05\\\/01\\\/fgr-afirma-que-no-hay-evidencia-para-detencion-de-politicos-solicitada-por-eu\\\/#article\",\"isPartOf\":{\"@id\":\"https:\\\/\\\/fuentesfidedignas.com.mx\\\/index.php\\\/2026\\\/05\\\/01\\\/fgr-afirma-que-no-hay-evidencia-para-detencion-de-politicos-solicitada-por-eu\\\/\"},\"author\":{\"name\":\"Informador\",\"@id\":\"https:\\\/\\\/fuentesfidedignas.com.mx\\\/#\\\/schema\\\/person\\\/e8086b60a53aa35cbcec560401d45e4f\"},\"headline\":\"FGR no detendr\u00e1 a Rocha: \u201cno hay evidencia\u201d, se solicitar\u00e1n m\u00e1s pruebas a EU\",\"datePublished\":\"2026-05-01T21:52:35+00:00\",\"dateModified\":\"2026-05-02T00:33:03+00:00\",\"mainEntityOfPage\":{\"@id\":\"https:\\\/\\\/fuentesfidedignas.com.mx\\\/index.php\\\/2026\\\/05\\\/01\\\/fgr-afirma-que-no-hay-evidencia-para-detencion-de-politicos-solicitada-por-eu\\\/\"},\"wordCount\":307,\"publisher\":{\"@id\":\"https:\\\/\\\/fuentesfidedignas.com.mx\\\/#organization\"},\"image\":{\"@id\":\"https:\\\/\\\/fuentesfidedignas.com.mx\\\/index.php\\\/2026\\\/05\\\/01\\\/fgr-afirma-que-no-hay-evidencia-para-detencion-de-politicos-solicitada-por-eu\\\/#primaryimage\"},\"thumbnailUrl\":\"https:\\\/\\\/fuentesfidedignas.com.mx\\\/wp-content\\\/uploads\\\/2026\\\/05\\\/img_8345.png\",\"articleSection\":[\"NOTA PRINCIPAL\"],\"inLanguage\":\"es\"},{\"@type\":\"WebPage\",\"@id\":\"https:\\\/\\\/fuentesfidedignas.com.mx\\\/index.php\\\/2026\\\/05\\\/01\\\/fgr-afirma-que-no-hay-evidencia-para-detencion-de-politicos-solicitada-por-eu\\\/\",\"url\":\"https:\\\/\\\/fuentesfidedignas.com.mx\\\/index.php\\\/2026\\\/05\\\/01\\\/fgr-afirma-que-no-hay-evidencia-para-detencion-de-politicos-solicitada-por-eu\\\/\",\"name\":\"FGR no detendr\u00e1 a Rocha: \u201cno hay evidencia\u201d, se solicitar\u00e1n m\u00e1s pruebas a EU - Fuentes Fidedignas\",\"isPartOf\":{\"@id\":\"https:\\\/\\\/fuentesfidedignas.com.mx\\\/#website\"},\"primaryImageOfPage\":{\"@id\":\"https:\\\/\\\/fuentesfidedignas.com.mx\\\/index.php\\\/2026\\\/05\\\/01\\\/fgr-afirma-que-no-hay-evidencia-para-detencion-de-politicos-solicitada-por-eu\\\/#primaryimage\"},\"image\":{\"@id\":\"https:\\\/\\\/fuentesfidedignas.com.mx\\\/index.php\\\/2026\\\/05\\\/01\\\/fgr-afirma-que-no-hay-evidencia-para-detencion-de-politicos-solicitada-por-eu\\\/#primaryimage\"},\"thumbnailUrl\":\"https:\\\/\\\/fuentesfidedignas.com.mx\\\/wp-content\\\/uploads\\\/2026\\\/05\\\/img_8345.png\",\"datePublished\":\"2026-05-01T21:52:35+00:00\",\"dateModified\":\"2026-05-02T00:33:03+00:00\",\"breadcrumb\":{\"@id\":\"https:\\\/\\\/fuentesfidedignas.com.mx\\\/index.php\\\/2026\\\/05\\\/01\\\/fgr-afirma-que-no-hay-evidencia-para-detencion-de-politicos-solicitada-por-eu\\\/#breadcrumb\"},\"inLanguage\":\"es\",\"potentialAction\":[{\"@type\":\"ReadAction\",\"target\":[\"https:\\\/\\\/fuentesfidedignas.com.mx\\\/index.php\\\/2026\\\/05\\\/01\\\/fgr-afirma-que-no-hay-evidencia-para-detencion-de-politicos-solicitada-por-eu\\\/\"]}]},{\"@type\":\"ImageObject\",\"inLanguage\":\"es\",\"@id\":\"https:\\\/\\\/fuentesfidedignas.com.mx\\\/index.php\\\/2026\\\/05\\\/01\\\/fgr-afirma-que-no-hay-evidencia-para-detencion-de-politicos-solicitada-por-eu\\\/#primaryimage\",\"url\":\"https:\\\/\\\/fuentesfidedignas.com.mx\\\/wp-content\\\/uploads\\\/2026\\\/05\\\/img_8345.png\",\"contentUrl\":\"https:\\\/\\\/fuentesfidedignas.com.mx\\\/wp-content\\\/uploads\\\/2026\\\/05\\\/img_8345.png\",\"width\":320,\"height\":320},{\"@type\":\"BreadcrumbList\",\"@id\":\"https:\\\/\\\/fuentesfidedignas.com.mx\\\/index.php\\\/2026\\\/05\\\/01\\\/fgr-afirma-que-no-hay-evidencia-para-detencion-de-politicos-solicitada-por-eu\\\/#breadcrumb\",\"itemListElement\":[{\"@type\":\"ListItem\",\"position\":1,\"name\":\"Inicio\",\"item\":\"https:\\\/\\\/fuentesfidedignas.com.mx\\\/\"},{\"@type\":\"ListItem\",\"position\":2,\"name\":\"FGR no detendr\u00e1 a Rocha: \u201cno hay evidencia\u201d, se solicitar\u00e1n m\u00e1s pruebas a EU\"}]},{\"@type\":\"WebSite\",\"@id\":\"https:\\\/\\\/fuentesfidedignas.com.mx\\\/#website\",\"url\":\"https:\\\/\\\/fuentesfidedignas.com.mx\\\/\",\"name\":\"Fuentes Fidedignas\",\"description\":\"Otro sitio realizado con WordPress\",\"publisher\":{\"@id\":\"https:\\\/\\\/fuentesfidedignas.com.mx\\\/#organization\"},\"potentialAction\":[{\"@type\":\"SearchAction\",\"target\":{\"@type\":\"EntryPoint\",\"urlTemplate\":\"https:\\\/\\\/fuentesfidedignas.com.mx\\\/?s={search_term_string}\"},\"query-input\":{\"@type\":\"PropertyValueSpecification\",\"valueRequired\":true,\"valueName\":\"search_term_string\"}}],\"inLanguage\":\"es\"},{\"@type\":\"Organization\",\"@id\":\"https:\\\/\\\/fuentesfidedignas.com.mx\\\/#organization\",\"name\":\"Fuentes Fidedignas\",\"url\":\"https:\\\/\\\/fuentesfidedignas.com.mx\\\/\",\"logo\":{\"@type\":\"ImageObject\",\"inLanguage\":\"es\",\"@id\":\"https:\\\/\\\/fuentesfidedignas.com.mx\\\/#\\\/schema\\\/logo\\\/image\\\/\",\"url\":\"https:\\\/\\\/fuentesfidedignas.com.mx\\\/wp-content\\\/uploads\\\/2021\\\/04\\\/logo-retina.png\",\"contentUrl\":\"https:\\\/\\\/fuentesfidedignas.com.mx\\\/wp-content\\\/uploads\\\/2021\\\/04\\\/logo-retina.png\",\"width\":280,\"height\":51,\"caption\":\"Fuentes Fidedignas\"},\"image\":{\"@id\":\"https:\\\/\\\/fuentesfidedignas.com.mx\\\/#\\\/schema\\\/logo\\\/image\\\/\"},\"sameAs\":[\"https:\\\/\\\/www.facebook.com\\\/Fuentes-Fidedignas-368234489921644\",\"https:\\\/\\\/x.com\\\/fidedignas\"]},{\"@type\":\"Person\",\"@id\":\"https:\\\/\\\/fuentesfidedignas.com.mx\\\/#\\\/schema\\\/person\\\/e8086b60a53aa35cbcec560401d45e4f\",\"name\":\"Informador\",\"image\":{\"@type\":\"ImageObject\",\"inLanguage\":\"es\",\"@id\":\"https:\\\/\\\/secure.gravatar.com\\\/avatar\\\/5edeacb7d70fb8525dce3f53a2fb61c6e731826a7db7ae0fe142f08846968b35?s=96&d=mm&r=g\",\"url\":\"https:\\\/\\\/secure.gravatar.com\\\/avatar\\\/5edeacb7d70fb8525dce3f53a2fb61c6e731826a7db7ae0fe142f08846968b35?s=96&d=mm&r=g\",\"contentUrl\":\"https:\\\/\\\/secure.gravatar.com\\\/avatar\\\/5edeacb7d70fb8525dce3f53a2fb61c6e731826a7db7ae0fe142f08846968b35?s=96&d=mm&r=g\",\"caption\":\"Informador\"},\"url\":\"https:\\\/\\\/fuentesfidedignas.com.mx\\\/index.php\\\/author\\\/informador\\\/\"}]}<\/script>\n<!-- \/ Yoast SEO plugin. -->","yoast_head_json":{"title":"FGR no detendr\u00e1 a Rocha: \u201cno hay evidencia\u201d, se solicitar\u00e1n m\u00e1s pruebas a EU - Fuentes Fidedignas","robots":{"index":"index","follow":"follow","max-snippet":"max-snippet:-1","max-image-preview":"max-image-preview:large","max-video-preview":"max-video-preview:-1"},"canonical":"https:\/\/fuentesfidedignas.com.mx\/index.php\/2026\/05\/01\/fgr-afirma-que-no-hay-evidencia-para-detencion-de-politicos-solicitada-por-eu\/","og_locale":"es_MX","og_type":"article","og_title":"FGR no detendr\u00e1 a Rocha: \u201cno hay evidencia\u201d, se solicitar\u00e1n m\u00e1s pruebas a EU - Fuentes Fidedignas","og_description":"La Fiscal\u00eda General de la Rep\u00fablica solicitar\u00e1 m\u00e1s pruebas a Estados Unidos para tomar una determinaci\u00f3n sobre el caso La Fiscal\u00eda General de la Rep\u00fablica solicitar\u00e1 a la canciller\u00eda mexicana que haga una solicitud formal al Departamento de Justicia de EEUU para que env\u00ede pruebas, argumentos, documentos e informes necesarios, para analizarlos y fijar un [&hellip;]","og_url":"https:\/\/fuentesfidedignas.com.mx\/index.php\/2026\/05\/01\/fgr-afirma-que-no-hay-evidencia-para-detencion-de-politicos-solicitada-por-eu\/","og_site_name":"Fuentes Fidedignas","article_publisher":"https:\/\/www.facebook.com\/Fuentes-Fidedignas-368234489921644","article_published_time":"2026-05-01T21:52:35+00:00","article_modified_time":"2026-05-02T00:33:03+00:00","og_image":[{"width":320,"height":320,"url":"https:\/\/fuentesfidedignas.com.mx\/wp-content\/uploads\/2026\/05\/img_8345.png","type":"image\/png"}],"author":"Informador","twitter_card":"summary_large_image","twitter_creator":"@fidedignas","twitter_site":"@fidedignas","twitter_misc":{"Escrito por":"Informador","Tiempo de lectura":"1 minuto"},"schema":{"@context":"https:\/\/schema.org","@graph":[{"@type":"Article","@id":"https:\/\/fuentesfidedignas.com.mx\/index.php\/2026\/05\/01\/fgr-afirma-que-no-hay-evidencia-para-detencion-de-politicos-solicitada-por-eu\/#article","isPartOf":{"@id":"https:\/\/fuentesfidedignas.com.mx\/index.php\/2026\/05\/01\/fgr-afirma-que-no-hay-evidencia-para-detencion-de-politicos-solicitada-por-eu\/"},"author":{"name":"Informador","@id":"https:\/\/fuentesfidedignas.com.mx\/#\/schema\/person\/e8086b60a53aa35cbcec560401d45e4f"},"headline":"FGR no detendr\u00e1 a Rocha: \u201cno hay evidencia\u201d, se solicitar\u00e1n m\u00e1s pruebas a EU","datePublished":"2026-05-01T21:52:35+00:00","dateModified":"2026-05-02T00:33:03+00:00","mainEntityOfPage":{"@id":"https:\/\/fuentesfidedignas.com.mx\/index.php\/2026\/05\/01\/fgr-afirma-que-no-hay-evidencia-para-detencion-de-politicos-solicitada-por-eu\/"},"wordCount":307,"publisher":{"@id":"https:\/\/fuentesfidedignas.com.mx\/#organization"},"image":{"@id":"https:\/\/fuentesfidedignas.com.mx\/index.php\/2026\/05\/01\/fgr-afirma-que-no-hay-evidencia-para-detencion-de-politicos-solicitada-por-eu\/#primaryimage"},"thumbnailUrl":"https:\/\/fuentesfidedignas.com.mx\/wp-content\/uploads\/2026\/05\/img_8345.png","articleSection":["NOTA PRINCIPAL"],"inLanguage":"es"},{"@type":"WebPage","@id":"https:\/\/fuentesfidedignas.com.mx\/index.php\/2026\/05\/01\/fgr-afirma-que-no-hay-evidencia-para-detencion-de-politicos-solicitada-por-eu\/","url":"https:\/\/fuentesfidedignas.com.mx\/index.php\/2026\/05\/01\/fgr-afirma-que-no-hay-evidencia-para-detencion-de-politicos-solicitada-por-eu\/","name":"FGR no detendr\u00e1 a Rocha: \u201cno hay evidencia\u201d, se solicitar\u00e1n m\u00e1s pruebas a EU - Fuentes Fidedignas","isPartOf":{"@id":"https:\/\/fuentesfidedignas.com.mx\/#website"},"primaryImageOfPage":{"@id":"https:\/\/fuentesfidedignas.com.mx\/index.php\/2026\/05\/01\/fgr-afirma-que-no-hay-evidencia-para-detencion-de-politicos-solicitada-por-eu\/#primaryimage"},"image":{"@id":"https:\/\/fuentesfidedignas.com.mx\/index.php\/2026\/05\/01\/fgr-afirma-que-no-hay-evidencia-para-detencion-de-politicos-solicitada-por-eu\/#primaryimage"},"thumbnailUrl":"https:\/\/fuentesfidedignas.com.mx\/wp-content\/uploads\/2026\/05\/img_8345.png","datePublished":"2026-05-01T21:52:35+00:00","dateModified":"2026-05-02T00:33:03+00:00","breadcrumb":{"@id":"https:\/\/fuentesfidedignas.com.mx\/index.php\/2026\/05\/01\/fgr-afirma-que-no-hay-evidencia-para-detencion-de-politicos-solicitada-por-eu\/#breadcrumb"},"inLanguage":"es","potentialAction":[{"@type":"ReadAction","target":["https:\/\/fuentesfidedignas.com.mx\/index.php\/2026\/05\/01\/fgr-afirma-que-no-hay-evidencia-para-detencion-de-politicos-solicitada-por-eu\/"]}]},{"@type":"ImageObject","inLanguage":"es","@id":"https:\/\/fuentesfidedignas.com.mx\/index.php\/2026\/05\/01\/fgr-afirma-que-no-hay-evidencia-para-detencion-de-politicos-solicitada-por-eu\/#primaryimage","url":"https:\/\/fuentesfidedignas.com.mx\/wp-content\/uploads\/2026\/05\/img_8345.png","contentUrl":"https:\/\/fuentesfidedignas.com.mx\/wp-content\/uploads\/2026\/05\/img_8345.png","width":320,"height":320},{"@type":"BreadcrumbList","@id":"https:\/\/fuentesfidedignas.com.mx\/index.php\/2026\/05\/01\/fgr-afirma-que-no-hay-evidencia-para-detencion-de-politicos-solicitada-por-eu\/#breadcrumb","itemListElement":[{"@type":"ListItem","position":1,"name":"Inicio","item":"https:\/\/fuentesfidedignas.com.mx\/"},{"@type":"ListItem","position":2,"name":"FGR no detendr\u00e1 a Rocha: \u201cno hay evidencia\u201d, se solicitar\u00e1n m\u00e1s pruebas a EU"}]},{"@type":"WebSite","@id":"https:\/\/fuentesfidedignas.com.mx\/#website","url":"https:\/\/fuentesfidedignas.com.mx\/","name":"Fuentes Fidedignas","description":"Otro sitio realizado con WordPress","publisher":{"@id":"https:\/\/fuentesfidedignas.com.mx\/#organization"},"potentialAction":[{"@type":"SearchAction","target":{"@type":"EntryPoint","urlTemplate":"https:\/\/fuentesfidedignas.com.mx\/?s={search_term_string}"},"query-input":{"@type":"PropertyValueSpecification","valueRequired":true,"valueName":"search_term_string"}}],"inLanguage":"es"},{"@type":"Organization","@id":"https:\/\/fuentesfidedignas.com.mx\/#organization","name":"Fuentes Fidedignas","url":"https:\/\/fuentesfidedignas.com.mx\/","logo":{"@type":"ImageObject","inLanguage":"es","@id":"https:\/\/fuentesfidedignas.com.mx\/#\/schema\/logo\/image\/","url":"https:\/\/fuentesfidedignas.com.mx\/wp-content\/uploads\/2021\/04\/logo-retina.png","contentUrl":"https:\/\/fuentesfidedignas.com.mx\/wp-content\/uploads\/2021\/04\/logo-retina.png","width":280,"height":51,"caption":"Fuentes Fidedignas"},"image":{"@id":"https:\/\/fuentesfidedignas.com.mx\/#\/schema\/logo\/image\/"},"sameAs":["https:\/\/www.facebook.com\/Fuentes-Fidedignas-368234489921644","https:\/\/x.com\/fidedignas"]},{"@type":"Person","@id":"https:\/\/fuentesfidedignas.com.mx\/#\/schema\/person\/e8086b60a53aa35cbcec560401d45e4f","name":"Informador","image":{"@type":"ImageObject","inLanguage":"es","@id":"https:\/\/secure.gravatar.com\/avatar\/5edeacb7d70fb8525dce3f53a2fb61c6e731826a7db7ae0fe142f08846968b35?s=96&d=mm&r=g","url":"https:\/\/secure.gravatar.com\/avatar\/5edeacb7d70fb8525dce3f53a2fb61c6e731826a7db7ae0fe142f08846968b35?s=96&d=mm&r=g","contentUrl":"https:\/\/secure.gravatar.com\/avatar\/5edeacb7d70fb8525dce3f53a2fb61c6e731826a7db7ae0fe142f08846968b35?s=96&d=mm&r=g","caption":"Informador"},"url":"https:\/\/fuentesfidedignas.com.mx\/index.php\/author\/informador\/"}]}},"_links":{"self":[{"href":"https:\/\/fuentesfidedignas.com.mx\/index.php\/wp-json\/wp\/v2\/posts\/132697","targetHints":{"allow":["GET"]}}],"collection":[{"href":"https:\/\/fuentesfidedignas.com.mx\/index.php\/wp-json\/wp\/v2\/posts"}],"about":[{"href":"https:\/\/fuentesfidedignas.com.mx\/index.php\/wp-json\/wp\/v2\/types\/post"}],"author":[{"embeddable":true,"href":"https:\/\/fuentesfidedignas.com.mx\/index.php\/wp-json\/wp\/v2\/users\/57"}],"replies":[{"embeddable":true,"href":"https:\/\/fuentesfidedignas.com.mx\/index.php\/wp-json\/wp\/v2\/comments?post=132697"}],"version-history":[{"count":4,"href":"https:\/\/fuentesfidedignas.com.mx\/index.php\/wp-json\/wp\/v2\/posts\/132697\/revisions"}],"predecessor-version":[{"id":132703,"href":"https:\/\/fuentesfidedignas.com.mx\/index.php\/wp-json\/wp\/v2\/posts\/132697\/revisions\/132703"}],"wp:featuredmedia":[{"embeddable":true,"href":"https:\/\/fuentesfidedignas.com.mx\/index.php\/wp-json\/wp\/v2\/media\/132696"}],"wp:attachment":[{"href":"https:\/\/fuentesfidedignas.com.mx\/index.php\/wp-json\/wp\/v2\/media?parent=132697"}],"wp:term":[{"taxonomy":"category","embeddable":true,"href":"https:\/\/fuentesfidedignas.com.mx\/index.php\/wp-json\/wp\/v2\/categories?post=132697"},{"taxonomy":"post_tag","embeddable":true,"href":"https:\/\/fuentesfidedignas.com.mx\/index.php\/wp-json\/wp\/v2\/tags?post=132697"}],"curies":[{"name":"wp","href":"https:\/\/api.w.org\/{rel}","templated":true}]}}