{"id":132693,"date":"2026-05-01T12:00:30","date_gmt":"2026-05-01T19:00:30","guid":{"rendered":"https:\/\/fuentesfidedignas.com.mx\/?p=132693"},"modified":"2026-05-01T12:05:58","modified_gmt":"2026-05-01T19:05:58","slug":"acuerdan-gobierno-de-sinaloa-y-stase-aumento-salarial-historico-del-10-por-ciento","status":"publish","type":"post","link":"https:\/\/fuentesfidedignas.com.mx\/index.php\/2026\/05\/01\/acuerdan-gobierno-de-sinaloa-y-stase-aumento-salarial-historico-del-10-por-ciento\/","title":{"rendered":"Acuerdan Gobierno de Sinaloa y STASE aumento salarial hist\u00f3rico del 10 por ciento"},"content":{"rendered":"\n<p><\/p>\n\n\n\n<p><\/p>\n\n\n\n<ul class=\"wp-block-list\">\n<li><em>El gobernador Rocha siempre ha respaldado a los trabajadores estatales, le reconocemos su apoyo: Michel Ben\u00edtez<\/em><\/li>\n<\/ul>\n\n\n\n<p>Culiac\u00e1n, Sinaloa.- El Gobierno de Sinaloa y el Sindicato de Trabajadores al Servicio del Estado acordaron este d\u00eda un aumento salarial del 10 por ciento, adem\u00e1s de mejoras en otras prestaciones.<\/p>\n\n\n\n<p>Este viernes se reunieron el gobernador Rub\u00e9n Rocha Moya y el secretario general del Stase, Michel Ben\u00edtez Uriarte, y en un di\u00e1logo abierto cerraron las negociaciones del pliego petitorio 2026 alcanzando acuerdos de mejoras econ\u00f3micas para los trabajadores.<\/p>\n\n\n\n<p>\u201cCon \u00e9l se han conseguido los mejores aumentos salariales, y esta vez se logr\u00f3 un aumento hist\u00f3rico del 10 por ciento\u201d, dijo el l\u00edder sindical, quien destac\u00f3 la total disposici\u00f3n del Poder Ejecutivo en las negociaciones.<\/p>\n\n\n\n<p>Detall\u00f3 que adem\u00e1s del aumento al sueldo base, se consiguieron mejoras en varias prestaciones y otros logros para la clase trabajadora.<\/p>\n\n\n\n<p>Agradeci\u00f3 y reconoci\u00f3 la total disposici\u00f3n y respaldo del gobernador Rub\u00e9n Rocha Moya con los trabajadores estatales.<\/p>\n\n\n\n<p>\u201cLa relaci\u00f3n con el gobernador siempre ha sido muy buena, siempre ha estado ocupado de los trabajadores y sus necesidades, le reiteramos nuestro reconocimiento\u201d, enfatiz\u00f3 Ben\u00edtez Uriarte.<\/p>\n\n\n\n<p>Por su parte, el subsecretario de Administraci\u00f3n, Carlos C\u00e9sar Castro Garc\u00eda, tambi\u00e9n reiter\u00f3 el total respaldo del Gobierno de Sinaloa a la base trabajadora, y dijo que el gobernador Rocha seguir\u00e1 apoy\u00e1ndolos.<\/p>\n\n\n\n<p>\u201cDa gusto escuchar el agradecimiento que tienen con el gobernador porque ha sido el que m\u00e1s los ha apoyado, siempre con un trato cordial y con buenas relaciones\u201d, indic\u00f3 el funcionario estatal.<\/p>\n","protected":false},"excerpt":{"rendered":"<p>Culiac\u00e1n, Sinaloa.- El Gobierno de Sinaloa y el Sindicato de Trabajadores al Servicio del Estado acordaron este d\u00eda un aumento salarial del 10 por ciento, adem\u00e1s de mejoras en otras prestaciones. Este viernes se reunieron el gobernador Rub\u00e9n Rocha Moya y el secretario general del Stase, Michel Ben\u00edtez Uriarte, y en un di\u00e1logo abierto cerraron [&hellip;]<\/p>\n","protected":false},"author":4,"featured_media":132692,"comment_status":"closed","ping_status":"open","sticky":false,"template":"","format":"standard","meta":{"tdm_status":"","tdm_grid_status":"","footnotes":""},"categories":[38],"tags":[],"class_list":{"0":"post-132693","1":"post","2":"type-post","3":"status-publish","4":"format-standard","5":"has-post-thumbnail","7":"category-noticias-locales"},"yoast_head":"<!-- This site is optimized with the Yoast SEO plugin v27.5 - https:\/\/yoast.com\/product\/yoast-seo-wordpress\/ -->\n<title>Acuerdan Gobierno de Sinaloa y STASE aumento salarial hist\u00f3rico del 10 por ciento - Fuentes Fidedignas<\/title>\n<meta name=\"robots\" content=\"index, follow, max-snippet:-1, max-image-preview:large, max-video-preview:-1\" \/>\n<link rel=\"canonical\" href=\"https:\/\/fuentesfidedignas.com.mx\/index.php\/2026\/05\/01\/acuerdan-gobierno-de-sinaloa-y-stase-aumento-salarial-historico-del-10-por-ciento\/\" \/>\n<meta property=\"og:locale\" content=\"es_MX\" \/>\n<meta property=\"og:type\" content=\"article\" \/>\n<meta property=\"og:title\" content=\"Acuerdan Gobierno de Sinaloa y STASE aumento salarial hist\u00f3rico del 10 por ciento - Fuentes Fidedignas\" \/>\n<meta property=\"og:description\" content=\"Culiac\u00e1n, Sinaloa.- El Gobierno de Sinaloa y el Sindicato de Trabajadores al Servicio del Estado acordaron este d\u00eda un aumento salarial del 10 por ciento, adem\u00e1s de mejoras en otras prestaciones. Este viernes se reunieron el gobernador Rub\u00e9n Rocha Moya y el secretario general del Stase, Michel Ben\u00edtez Uriarte, y en un di\u00e1logo abierto cerraron [&hellip;]\" \/>\n<meta property=\"og:url\" content=\"https:\/\/fuentesfidedignas.com.mx\/index.php\/2026\/05\/01\/acuerdan-gobierno-de-sinaloa-y-stase-aumento-salarial-historico-del-10-por-ciento\/\" \/>\n<meta property=\"og:site_name\" content=\"Fuentes Fidedignas\" \/>\n<meta property=\"article:publisher\" content=\"https:\/\/www.facebook.com\/Fuentes-Fidedignas-368234489921644\" \/>\n<meta property=\"article:published_time\" content=\"2026-05-01T19:00:30+00:00\" \/>\n<meta property=\"article:modified_time\" content=\"2026-05-01T19:05:58+00:00\" \/>\n<meta property=\"og:image\" content=\"https:\/\/fuentesfidedignas.com.mx\/wp-content\/uploads\/2026\/05\/972e968b-300c-4e61-aa82-75504f9531cf.jpeg\" \/>\n\t<meta property=\"og:image:width\" content=\"1280\" \/>\n\t<meta property=\"og:image:height\" content=\"854\" \/>\n\t<meta property=\"og:image:type\" content=\"image\/jpeg\" \/>\n<meta name=\"author\" content=\"Redacci\u00f3n\" \/>\n<meta name=\"twitter:card\" content=\"summary_large_image\" \/>\n<meta name=\"twitter:creator\" content=\"@fidedignas\" \/>\n<meta name=\"twitter:site\" content=\"@fidedignas\" \/>\n<meta name=\"twitter:label1\" content=\"Escrito por\" \/>\n\t<meta name=\"twitter:data1\" content=\"Redacci\u00f3n\" \/>\n\t<meta name=\"twitter:label2\" content=\"Tiempo de lectura\" \/>\n\t<meta name=\"twitter:data2\" content=\"1 minuto\" \/>\n<script type=\"application\/ld+json\" class=\"yoast-schema-graph\">{\"@context\":\"https:\\\/\\\/schema.org\",\"@graph\":[{\"@type\":\"Article\",\"@id\":\"https:\\\/\\\/fuentesfidedignas.com.mx\\\/index.php\\\/2026\\\/05\\\/01\\\/acuerdan-gobierno-de-sinaloa-y-stase-aumento-salarial-historico-del-10-por-ciento\\\/#article\",\"isPartOf\":{\"@id\":\"https:\\\/\\\/fuentesfidedignas.com.mx\\\/index.php\\\/2026\\\/05\\\/01\\\/acuerdan-gobierno-de-sinaloa-y-stase-aumento-salarial-historico-del-10-por-ciento\\\/\"},\"author\":{\"name\":\"Redacci\u00f3n\",\"@id\":\"https:\\\/\\\/fuentesfidedignas.com.mx\\\/#\\\/schema\\\/person\\\/331be9283d37198e2acd5750279085b0\"},\"headline\":\"Acuerdan Gobierno de Sinaloa y STASE aumento salarial hist\u00f3rico del 10 por ciento\",\"datePublished\":\"2026-05-01T19:00:30+00:00\",\"dateModified\":\"2026-05-01T19:05:58+00:00\",\"mainEntityOfPage\":{\"@id\":\"https:\\\/\\\/fuentesfidedignas.com.mx\\\/index.php\\\/2026\\\/05\\\/01\\\/acuerdan-gobierno-de-sinaloa-y-stase-aumento-salarial-historico-del-10-por-ciento\\\/\"},\"wordCount\":283,\"publisher\":{\"@id\":\"https:\\\/\\\/fuentesfidedignas.com.mx\\\/#organization\"},\"image\":{\"@id\":\"https:\\\/\\\/fuentesfidedignas.com.mx\\\/index.php\\\/2026\\\/05\\\/01\\\/acuerdan-gobierno-de-sinaloa-y-stase-aumento-salarial-historico-del-10-por-ciento\\\/#primaryimage\"},\"thumbnailUrl\":\"https:\\\/\\\/fuentesfidedignas.com.mx\\\/wp-content\\\/uploads\\\/2026\\\/05\\\/972e968b-300c-4e61-aa82-75504f9531cf.jpeg\",\"articleSection\":[\"NOTICIAS LOCALES\"],\"inLanguage\":\"es\"},{\"@type\":\"WebPage\",\"@id\":\"https:\\\/\\\/fuentesfidedignas.com.mx\\\/index.php\\\/2026\\\/05\\\/01\\\/acuerdan-gobierno-de-sinaloa-y-stase-aumento-salarial-historico-del-10-por-ciento\\\/\",\"url\":\"https:\\\/\\\/fuentesfidedignas.com.mx\\\/index.php\\\/2026\\\/05\\\/01\\\/acuerdan-gobierno-de-sinaloa-y-stase-aumento-salarial-historico-del-10-por-ciento\\\/\",\"name\":\"Acuerdan Gobierno de Sinaloa y STASE aumento salarial hist\u00f3rico del 10 por ciento - Fuentes Fidedignas\",\"isPartOf\":{\"@id\":\"https:\\\/\\\/fuentesfidedignas.com.mx\\\/#website\"},\"primaryImageOfPage\":{\"@id\":\"https:\\\/\\\/fuentesfidedignas.com.mx\\\/index.php\\\/2026\\\/05\\\/01\\\/acuerdan-gobierno-de-sinaloa-y-stase-aumento-salarial-historico-del-10-por-ciento\\\/#primaryimage\"},\"image\":{\"@id\":\"https:\\\/\\\/fuentesfidedignas.com.mx\\\/index.php\\\/2026\\\/05\\\/01\\\/acuerdan-gobierno-de-sinaloa-y-stase-aumento-salarial-historico-del-10-por-ciento\\\/#primaryimage\"},\"thumbnailUrl\":\"https:\\\/\\\/fuentesfidedignas.com.mx\\\/wp-content\\\/uploads\\\/2026\\\/05\\\/972e968b-300c-4e61-aa82-75504f9531cf.jpeg\",\"datePublished\":\"2026-05-01T19:00:30+00:00\",\"dateModified\":\"2026-05-01T19:05:58+00:00\",\"breadcrumb\":{\"@id\":\"https:\\\/\\\/fuentesfidedignas.com.mx\\\/index.php\\\/2026\\\/05\\\/01\\\/acuerdan-gobierno-de-sinaloa-y-stase-aumento-salarial-historico-del-10-por-ciento\\\/#breadcrumb\"},\"inLanguage\":\"es\",\"potentialAction\":[{\"@type\":\"ReadAction\",\"target\":[\"https:\\\/\\\/fuentesfidedignas.com.mx\\\/index.php\\\/2026\\\/05\\\/01\\\/acuerdan-gobierno-de-sinaloa-y-stase-aumento-salarial-historico-del-10-por-ciento\\\/\"]}]},{\"@type\":\"ImageObject\",\"inLanguage\":\"es\",\"@id\":\"https:\\\/\\\/fuentesfidedignas.com.mx\\\/index.php\\\/2026\\\/05\\\/01\\\/acuerdan-gobierno-de-sinaloa-y-stase-aumento-salarial-historico-del-10-por-ciento\\\/#primaryimage\",\"url\":\"https:\\\/\\\/fuentesfidedignas.com.mx\\\/wp-content\\\/uploads\\\/2026\\\/05\\\/972e968b-300c-4e61-aa82-75504f9531cf.jpeg\",\"contentUrl\":\"https:\\\/\\\/fuentesfidedignas.com.mx\\\/wp-content\\\/uploads\\\/2026\\\/05\\\/972e968b-300c-4e61-aa82-75504f9531cf.jpeg\",\"width\":1280,\"height\":854},{\"@type\":\"BreadcrumbList\",\"@id\":\"https:\\\/\\\/fuentesfidedignas.com.mx\\\/index.php\\\/2026\\\/05\\\/01\\\/acuerdan-gobierno-de-sinaloa-y-stase-aumento-salarial-historico-del-10-por-ciento\\\/#breadcrumb\",\"itemListElement\":[{\"@type\":\"ListItem\",\"position\":1,\"name\":\"Inicio\",\"item\":\"https:\\\/\\\/fuentesfidedignas.com.mx\\\/\"},{\"@type\":\"ListItem\",\"position\":2,\"name\":\"Acuerdan Gobierno de Sinaloa y STASE aumento salarial hist\u00f3rico del 10 por ciento\"}]},{\"@type\":\"WebSite\",\"@id\":\"https:\\\/\\\/fuentesfidedignas.com.mx\\\/#website\",\"url\":\"https:\\\/\\\/fuentesfidedignas.com.mx\\\/\",\"name\":\"Fuentes Fidedignas\",\"description\":\"Otro sitio realizado con WordPress\",\"publisher\":{\"@id\":\"https:\\\/\\\/fuentesfidedignas.com.mx\\\/#organization\"},\"potentialAction\":[{\"@type\":\"SearchAction\",\"target\":{\"@type\":\"EntryPoint\",\"urlTemplate\":\"https:\\\/\\\/fuentesfidedignas.com.mx\\\/?s={search_term_string}\"},\"query-input\":{\"@type\":\"PropertyValueSpecification\",\"valueRequired\":true,\"valueName\":\"search_term_string\"}}],\"inLanguage\":\"es\"},{\"@type\":\"Organization\",\"@id\":\"https:\\\/\\\/fuentesfidedignas.com.mx\\\/#organization\",\"name\":\"Fuentes Fidedignas\",\"url\":\"https:\\\/\\\/fuentesfidedignas.com.mx\\\/\",\"logo\":{\"@type\":\"ImageObject\",\"inLanguage\":\"es\",\"@id\":\"https:\\\/\\\/fuentesfidedignas.com.mx\\\/#\\\/schema\\\/logo\\\/image\\\/\",\"url\":\"https:\\\/\\\/fuentesfidedignas.com.mx\\\/wp-content\\\/uploads\\\/2021\\\/04\\\/logo-retina.png\",\"contentUrl\":\"https:\\\/\\\/fuentesfidedignas.com.mx\\\/wp-content\\\/uploads\\\/2021\\\/04\\\/logo-retina.png\",\"width\":280,\"height\":51,\"caption\":\"Fuentes Fidedignas\"},\"image\":{\"@id\":\"https:\\\/\\\/fuentesfidedignas.com.mx\\\/#\\\/schema\\\/logo\\\/image\\\/\"},\"sameAs\":[\"https:\\\/\\\/www.facebook.com\\\/Fuentes-Fidedignas-368234489921644\",\"https:\\\/\\\/x.com\\\/fidedignas\"]},{\"@type\":\"Person\",\"@id\":\"https:\\\/\\\/fuentesfidedignas.com.mx\\\/#\\\/schema\\\/person\\\/331be9283d37198e2acd5750279085b0\",\"name\":\"Redacci\u00f3n\",\"image\":{\"@type\":\"ImageObject\",\"inLanguage\":\"es\",\"@id\":\"https:\\\/\\\/secure.gravatar.com\\\/avatar\\\/f6d8782c11d12b2d4ad3fbb6931aeab5309937a4d6cd2fc9cfaa28a6396a5aec?s=96&d=mm&r=g\",\"url\":\"https:\\\/\\\/secure.gravatar.com\\\/avatar\\\/f6d8782c11d12b2d4ad3fbb6931aeab5309937a4d6cd2fc9cfaa28a6396a5aec?s=96&d=mm&r=g\",\"contentUrl\":\"https:\\\/\\\/secure.gravatar.com\\\/avatar\\\/f6d8782c11d12b2d4ad3fbb6931aeab5309937a4d6cd2fc9cfaa28a6396a5aec?s=96&d=mm&r=g\",\"caption\":\"Redacci\u00f3n\"},\"url\":\"https:\\\/\\\/fuentesfidedignas.com.mx\\\/index.php\\\/author\\\/redaccion\\\/\"}]}<\/script>\n<!-- \/ Yoast SEO plugin. -->","yoast_head_json":{"title":"Acuerdan Gobierno de Sinaloa y STASE aumento salarial hist\u00f3rico del 10 por ciento - Fuentes Fidedignas","robots":{"index":"index","follow":"follow","max-snippet":"max-snippet:-1","max-image-preview":"max-image-preview:large","max-video-preview":"max-video-preview:-1"},"canonical":"https:\/\/fuentesfidedignas.com.mx\/index.php\/2026\/05\/01\/acuerdan-gobierno-de-sinaloa-y-stase-aumento-salarial-historico-del-10-por-ciento\/","og_locale":"es_MX","og_type":"article","og_title":"Acuerdan Gobierno de Sinaloa y STASE aumento salarial hist\u00f3rico del 10 por ciento - Fuentes Fidedignas","og_description":"Culiac\u00e1n, Sinaloa.- El Gobierno de Sinaloa y el Sindicato de Trabajadores al Servicio del Estado acordaron este d\u00eda un aumento salarial del 10 por ciento, adem\u00e1s de mejoras en otras prestaciones. Este viernes se reunieron el gobernador Rub\u00e9n Rocha Moya y el secretario general del Stase, Michel Ben\u00edtez Uriarte, y en un di\u00e1logo abierto cerraron [&hellip;]","og_url":"https:\/\/fuentesfidedignas.com.mx\/index.php\/2026\/05\/01\/acuerdan-gobierno-de-sinaloa-y-stase-aumento-salarial-historico-del-10-por-ciento\/","og_site_name":"Fuentes Fidedignas","article_publisher":"https:\/\/www.facebook.com\/Fuentes-Fidedignas-368234489921644","article_published_time":"2026-05-01T19:00:30+00:00","article_modified_time":"2026-05-01T19:05:58+00:00","og_image":[{"width":1280,"height":854,"url":"https:\/\/fuentesfidedignas.com.mx\/wp-content\/uploads\/2026\/05\/972e968b-300c-4e61-aa82-75504f9531cf.jpeg","type":"image\/jpeg"}],"author":"Redacci\u00f3n","twitter_card":"summary_large_image","twitter_creator":"@fidedignas","twitter_site":"@fidedignas","twitter_misc":{"Escrito por":"Redacci\u00f3n","Tiempo de lectura":"1 minuto"},"schema":{"@context":"https:\/\/schema.org","@graph":[{"@type":"Article","@id":"https:\/\/fuentesfidedignas.com.mx\/index.php\/2026\/05\/01\/acuerdan-gobierno-de-sinaloa-y-stase-aumento-salarial-historico-del-10-por-ciento\/#article","isPartOf":{"@id":"https:\/\/fuentesfidedignas.com.mx\/index.php\/2026\/05\/01\/acuerdan-gobierno-de-sinaloa-y-stase-aumento-salarial-historico-del-10-por-ciento\/"},"author":{"name":"Redacci\u00f3n","@id":"https:\/\/fuentesfidedignas.com.mx\/#\/schema\/person\/331be9283d37198e2acd5750279085b0"},"headline":"Acuerdan Gobierno de Sinaloa y STASE aumento salarial hist\u00f3rico del 10 por ciento","datePublished":"2026-05-01T19:00:30+00:00","dateModified":"2026-05-01T19:05:58+00:00","mainEntityOfPage":{"@id":"https:\/\/fuentesfidedignas.com.mx\/index.php\/2026\/05\/01\/acuerdan-gobierno-de-sinaloa-y-stase-aumento-salarial-historico-del-10-por-ciento\/"},"wordCount":283,"publisher":{"@id":"https:\/\/fuentesfidedignas.com.mx\/#organization"},"image":{"@id":"https:\/\/fuentesfidedignas.com.mx\/index.php\/2026\/05\/01\/acuerdan-gobierno-de-sinaloa-y-stase-aumento-salarial-historico-del-10-por-ciento\/#primaryimage"},"thumbnailUrl":"https:\/\/fuentesfidedignas.com.mx\/wp-content\/uploads\/2026\/05\/972e968b-300c-4e61-aa82-75504f9531cf.jpeg","articleSection":["NOTICIAS LOCALES"],"inLanguage":"es"},{"@type":"WebPage","@id":"https:\/\/fuentesfidedignas.com.mx\/index.php\/2026\/05\/01\/acuerdan-gobierno-de-sinaloa-y-stase-aumento-salarial-historico-del-10-por-ciento\/","url":"https:\/\/fuentesfidedignas.com.mx\/index.php\/2026\/05\/01\/acuerdan-gobierno-de-sinaloa-y-stase-aumento-salarial-historico-del-10-por-ciento\/","name":"Acuerdan Gobierno de Sinaloa y STASE aumento salarial hist\u00f3rico del 10 por ciento - Fuentes Fidedignas","isPartOf":{"@id":"https:\/\/fuentesfidedignas.com.mx\/#website"},"primaryImageOfPage":{"@id":"https:\/\/fuentesfidedignas.com.mx\/index.php\/2026\/05\/01\/acuerdan-gobierno-de-sinaloa-y-stase-aumento-salarial-historico-del-10-por-ciento\/#primaryimage"},"image":{"@id":"https:\/\/fuentesfidedignas.com.mx\/index.php\/2026\/05\/01\/acuerdan-gobierno-de-sinaloa-y-stase-aumento-salarial-historico-del-10-por-ciento\/#primaryimage"},"thumbnailUrl":"https:\/\/fuentesfidedignas.com.mx\/wp-content\/uploads\/2026\/05\/972e968b-300c-4e61-aa82-75504f9531cf.jpeg","datePublished":"2026-05-01T19:00:30+00:00","dateModified":"2026-05-01T19:05:58+00:00","breadcrumb":{"@id":"https:\/\/fuentesfidedignas.com.mx\/index.php\/2026\/05\/01\/acuerdan-gobierno-de-sinaloa-y-stase-aumento-salarial-historico-del-10-por-ciento\/#breadcrumb"},"inLanguage":"es","potentialAction":[{"@type":"ReadAction","target":["https:\/\/fuentesfidedignas.com.mx\/index.php\/2026\/05\/01\/acuerdan-gobierno-de-sinaloa-y-stase-aumento-salarial-historico-del-10-por-ciento\/"]}]},{"@type":"ImageObject","inLanguage":"es","@id":"https:\/\/fuentesfidedignas.com.mx\/index.php\/2026\/05\/01\/acuerdan-gobierno-de-sinaloa-y-stase-aumento-salarial-historico-del-10-por-ciento\/#primaryimage","url":"https:\/\/fuentesfidedignas.com.mx\/wp-content\/uploads\/2026\/05\/972e968b-300c-4e61-aa82-75504f9531cf.jpeg","contentUrl":"https:\/\/fuentesfidedignas.com.mx\/wp-content\/uploads\/2026\/05\/972e968b-300c-4e61-aa82-75504f9531cf.jpeg","width":1280,"height":854},{"@type":"BreadcrumbList","@id":"https:\/\/fuentesfidedignas.com.mx\/index.php\/2026\/05\/01\/acuerdan-gobierno-de-sinaloa-y-stase-aumento-salarial-historico-del-10-por-ciento\/#breadcrumb","itemListElement":[{"@type":"ListItem","position":1,"name":"Inicio","item":"https:\/\/fuentesfidedignas.com.mx\/"},{"@type":"ListItem","position":2,"name":"Acuerdan Gobierno de Sinaloa y STASE aumento salarial hist\u00f3rico del 10 por ciento"}]},{"@type":"WebSite","@id":"https:\/\/fuentesfidedignas.com.mx\/#website","url":"https:\/\/fuentesfidedignas.com.mx\/","name":"Fuentes Fidedignas","description":"Otro sitio realizado con WordPress","publisher":{"@id":"https:\/\/fuentesfidedignas.com.mx\/#organization"},"potentialAction":[{"@type":"SearchAction","target":{"@type":"EntryPoint","urlTemplate":"https:\/\/fuentesfidedignas.com.mx\/?s={search_term_string}"},"query-input":{"@type":"PropertyValueSpecification","valueRequired":true,"valueName":"search_term_string"}}],"inLanguage":"es"},{"@type":"Organization","@id":"https:\/\/fuentesfidedignas.com.mx\/#organization","name":"Fuentes Fidedignas","url":"https:\/\/fuentesfidedignas.com.mx\/","logo":{"@type":"ImageObject","inLanguage":"es","@id":"https:\/\/fuentesfidedignas.com.mx\/#\/schema\/logo\/image\/","url":"https:\/\/fuentesfidedignas.com.mx\/wp-content\/uploads\/2021\/04\/logo-retina.png","contentUrl":"https:\/\/fuentesfidedignas.com.mx\/wp-content\/uploads\/2021\/04\/logo-retina.png","width":280,"height":51,"caption":"Fuentes Fidedignas"},"image":{"@id":"https:\/\/fuentesfidedignas.com.mx\/#\/schema\/logo\/image\/"},"sameAs":["https:\/\/www.facebook.com\/Fuentes-Fidedignas-368234489921644","https:\/\/x.com\/fidedignas"]},{"@type":"Person","@id":"https:\/\/fuentesfidedignas.com.mx\/#\/schema\/person\/331be9283d37198e2acd5750279085b0","name":"Redacci\u00f3n","image":{"@type":"ImageObject","inLanguage":"es","@id":"https:\/\/secure.gravatar.com\/avatar\/f6d8782c11d12b2d4ad3fbb6931aeab5309937a4d6cd2fc9cfaa28a6396a5aec?s=96&d=mm&r=g","url":"https:\/\/secure.gravatar.com\/avatar\/f6d8782c11d12b2d4ad3fbb6931aeab5309937a4d6cd2fc9cfaa28a6396a5aec?s=96&d=mm&r=g","contentUrl":"https:\/\/secure.gravatar.com\/avatar\/f6d8782c11d12b2d4ad3fbb6931aeab5309937a4d6cd2fc9cfaa28a6396a5aec?s=96&d=mm&r=g","caption":"Redacci\u00f3n"},"url":"https:\/\/fuentesfidedignas.com.mx\/index.php\/author\/redaccion\/"}]}},"_links":{"self":[{"href":"https:\/\/fuentesfidedignas.com.mx\/index.php\/wp-json\/wp\/v2\/posts\/132693","targetHints":{"allow":["GET"]}}],"collection":[{"href":"https:\/\/fuentesfidedignas.com.mx\/index.php\/wp-json\/wp\/v2\/posts"}],"about":[{"href":"https:\/\/fuentesfidedignas.com.mx\/index.php\/wp-json\/wp\/v2\/types\/post"}],"author":[{"embeddable":true,"href":"https:\/\/fuentesfidedignas.com.mx\/index.php\/wp-json\/wp\/v2\/users\/4"}],"replies":[{"embeddable":true,"href":"https:\/\/fuentesfidedignas.com.mx\/index.php\/wp-json\/wp\/v2\/comments?post=132693"}],"version-history":[{"count":2,"href":"https:\/\/fuentesfidedignas.com.mx\/index.php\/wp-json\/wp\/v2\/posts\/132693\/revisions"}],"predecessor-version":[{"id":132695,"href":"https:\/\/fuentesfidedignas.com.mx\/index.php\/wp-json\/wp\/v2\/posts\/132693\/revisions\/132695"}],"wp:featuredmedia":[{"embeddable":true,"href":"https:\/\/fuentesfidedignas.com.mx\/index.php\/wp-json\/wp\/v2\/media\/132692"}],"wp:attachment":[{"href":"https:\/\/fuentesfidedignas.com.mx\/index.php\/wp-json\/wp\/v2\/media?parent=132693"}],"wp:term":[{"taxonomy":"category","embeddable":true,"href":"https:\/\/fuentesfidedignas.com.mx\/index.php\/wp-json\/wp\/v2\/categories?post=132693"},{"taxonomy":"post_tag","embeddable":true,"href":"https:\/\/fuentesfidedignas.com.mx\/index.php\/wp-json\/wp\/v2\/tags?post=132693"}],"curies":[{"name":"wp","href":"https:\/\/api.w.org\/{rel}","templated":true}]}}