{"id":132686,"date":"2026-05-01T11:52:12","date_gmt":"2026-05-01T18:52:12","guid":{"rendered":"https:\/\/fuentesfidedignas.com.mx\/?p=132686"},"modified":"2026-05-01T12:04:17","modified_gmt":"2026-05-01T19:04:17","slug":"movimiento-ciudadano-se-deslinda-de-richard-millan-tras-respaldar-al-gobernador-de-sinaloa","status":"publish","type":"post","link":"https:\/\/fuentesfidedignas.com.mx\/index.php\/2026\/05\/01\/movimiento-ciudadano-se-deslinda-de-richard-millan-tras-respaldar-al-gobernador-de-sinaloa\/","title":{"rendered":"Movimiento Ciudadano se deslinda de Richard Mill\u00e1n tras respaldar a Rocha"},"content":{"rendered":"\n<p><em>Culiac\u00e1n, Sinaloa.<\/em>\u2014 Tras el documento emitido el d\u00eda de ayer, en el que aparece el respaldo del alcalde de Elota, Richard Mill\u00e1n, quien expres\u00f3 p\u00fablicamente su apoyo al gobernador del estado, en una decisi\u00f3n personal ajena a este instituto pol\u00edtico, el partido Movimiento Ciudadano en Sinaloa se deslinda de manera categ\u00f3rica de dichas declaraciones.<\/p>\n\n\n\n<p>El partido subraya que dicho posicionamiento no fue consultado ni autorizado por los \u00f3rganos de direcci\u00f3n y no representa, bajo ninguna circunstancia, la postura, principios ni agenda de Movimiento Ciudadano.<\/p>\n\n\n\n<p>Asimismo, se se\u00f1ala que Richard Mill\u00e1n no es militante ni forma parte del partido. Su participaci\u00f3n como candidato ciudadano en el pasado respondi\u00f3 a un ejercicio de apertura, sin que ello implique representaci\u00f3n pol\u00edtica permanente del Movimiento.<\/p>\n\n\n\n<p>En este contexto, Movimiento Ciudadano fija una postura clara: cualquier eventual participaci\u00f3n electoral de Richard Mill\u00e1n en futuros procesos no ser\u00e1 avalada por los \u00f3rganos de direcci\u00f3n del partido.<\/p>\n\n\n\n<p>Con esta determinaci\u00f3n, Movimiento Ciudadano reafirma su compromiso con la congruencia pol\u00edtica, la claridad frente a la ciudadan\u00eda y la defensa de un proyecto que se construye con responsabilidad y apego a sus principios.<\/p>\n\n\n\n<p>El partido continuar\u00e1 trabajando por un Sinaloa con verdad y justicia.<\/p>\n\n\n\n<figure class=\"wp-block-image size-large\"><img decoding=\"async\" width=\"796\" height=\"1024\" src=\"https:\/\/fuentesfidedignas.com.mx\/wp-content\/uploads\/2026\/05\/img_8323-796x1024.jpeg\" alt=\"\" class=\"wp-image-132688\" srcset=\"https:\/\/fuentesfidedignas.com.mx\/wp-content\/uploads\/2026\/05\/img_8323-796x1024.jpeg 796w, https:\/\/fuentesfidedignas.com.mx\/wp-content\/uploads\/2026\/05\/img_8323-233x300.jpeg 233w, https:\/\/fuentesfidedignas.com.mx\/wp-content\/uploads\/2026\/05\/img_8323-768x989.jpeg 768w, https:\/\/fuentesfidedignas.com.mx\/wp-content\/uploads\/2026\/05\/img_8323-326x420.jpeg 326w, https:\/\/fuentesfidedignas.com.mx\/wp-content\/uploads\/2026\/05\/img_8323-653x840.jpeg 653w, https:\/\/fuentesfidedignas.com.mx\/wp-content\/uploads\/2026\/05\/img_8323-300x386.jpeg 300w, https:\/\/fuentesfidedignas.com.mx\/wp-content\/uploads\/2026\/05\/img_8323-600x772.jpeg 600w, https:\/\/fuentesfidedignas.com.mx\/wp-content\/uploads\/2026\/05\/img_8323-696x896.jpeg 696w, https:\/\/fuentesfidedignas.com.mx\/wp-content\/uploads\/2026\/05\/img_8323-1068x1375.jpeg 1068w, https:\/\/fuentesfidedignas.com.mx\/wp-content\/uploads\/2026\/05\/img_8323.jpeg 1170w\" sizes=\"(max-width: 796px) 100vw, 796px\" \/><\/figure>\n","protected":false},"excerpt":{"rendered":"<p>Culiac\u00e1n, Sinaloa.\u2014 Tras el documento emitido el d\u00eda de ayer, en el que aparece el respaldo del alcalde de Elota, Richard Mill\u00e1n, quien expres\u00f3 p\u00fablicamente su apoyo al gobernador del estado, en una decisi\u00f3n personal ajena a este instituto pol\u00edtico, el partido Movimiento Ciudadano en Sinaloa se deslinda de manera categ\u00f3rica de dichas declaraciones. El [&hellip;]<\/p>\n","protected":false},"author":4,"featured_media":132685,"comment_status":"closed","ping_status":"open","sticky":false,"template":"","format":"standard","meta":{"tdm_status":"","tdm_grid_status":"","footnotes":""},"categories":[37],"tags":[],"class_list":{"0":"post-132686","1":"post","2":"type-post","3":"status-publish","4":"format-standard","5":"has-post-thumbnail","7":"category-nota-principal"},"yoast_head":"<!-- This site is optimized with the Yoast SEO plugin v27.5 - https:\/\/yoast.com\/product\/yoast-seo-wordpress\/ -->\n<title>Movimiento Ciudadano se deslinda de Richard Mill\u00e1n tras respaldar a Rocha - Fuentes Fidedignas<\/title>\n<meta name=\"robots\" content=\"index, follow, max-snippet:-1, max-image-preview:large, max-video-preview:-1\" \/>\n<link rel=\"canonical\" href=\"https:\/\/fuentesfidedignas.com.mx\/index.php\/2026\/05\/01\/movimiento-ciudadano-se-deslinda-de-richard-millan-tras-respaldar-al-gobernador-de-sinaloa\/\" \/>\n<meta property=\"og:locale\" content=\"es_MX\" \/>\n<meta property=\"og:type\" content=\"article\" \/>\n<meta property=\"og:title\" content=\"Movimiento Ciudadano se deslinda de Richard Mill\u00e1n tras respaldar a Rocha - Fuentes Fidedignas\" \/>\n<meta property=\"og:description\" content=\"Culiac\u00e1n, Sinaloa.\u2014 Tras el documento emitido el d\u00eda de ayer, en el que aparece el respaldo del alcalde de Elota, Richard Mill\u00e1n, quien expres\u00f3 p\u00fablicamente su apoyo al gobernador del estado, en una decisi\u00f3n personal ajena a este instituto pol\u00edtico, el partido Movimiento Ciudadano en Sinaloa se deslinda de manera categ\u00f3rica de dichas declaraciones. El [&hellip;]\" \/>\n<meta property=\"og:url\" content=\"https:\/\/fuentesfidedignas.com.mx\/index.php\/2026\/05\/01\/movimiento-ciudadano-se-deslinda-de-richard-millan-tras-respaldar-al-gobernador-de-sinaloa\/\" \/>\n<meta property=\"og:site_name\" content=\"Fuentes Fidedignas\" \/>\n<meta property=\"article:publisher\" content=\"https:\/\/www.facebook.com\/Fuentes-Fidedignas-368234489921644\" \/>\n<meta property=\"article:published_time\" content=\"2026-05-01T18:52:12+00:00\" \/>\n<meta property=\"article:modified_time\" content=\"2026-05-01T19:04:17+00:00\" \/>\n<meta property=\"og:image\" content=\"https:\/\/fuentesfidedignas.com.mx\/wp-content\/uploads\/2026\/05\/img_8326.jpeg\" \/>\n\t<meta property=\"og:image:width\" content=\"1170\" \/>\n\t<meta property=\"og:image:height\" content=\"845\" \/>\n\t<meta property=\"og:image:type\" content=\"image\/jpeg\" \/>\n<meta name=\"author\" content=\"Redacci\u00f3n\" \/>\n<meta name=\"twitter:card\" content=\"summary_large_image\" \/>\n<meta name=\"twitter:creator\" content=\"@fidedignas\" \/>\n<meta name=\"twitter:site\" content=\"@fidedignas\" \/>\n<meta name=\"twitter:label1\" content=\"Escrito por\" \/>\n\t<meta name=\"twitter:data1\" content=\"Redacci\u00f3n\" \/>\n\t<meta name=\"twitter:label2\" content=\"Tiempo de lectura\" \/>\n\t<meta name=\"twitter:data2\" content=\"1 minuto\" \/>\n<script type=\"application\/ld+json\" class=\"yoast-schema-graph\">{\"@context\":\"https:\\\/\\\/schema.org\",\"@graph\":[{\"@type\":\"Article\",\"@id\":\"https:\\\/\\\/fuentesfidedignas.com.mx\\\/index.php\\\/2026\\\/05\\\/01\\\/movimiento-ciudadano-se-deslinda-de-richard-millan-tras-respaldar-al-gobernador-de-sinaloa\\\/#article\",\"isPartOf\":{\"@id\":\"https:\\\/\\\/fuentesfidedignas.com.mx\\\/index.php\\\/2026\\\/05\\\/01\\\/movimiento-ciudadano-se-deslinda-de-richard-millan-tras-respaldar-al-gobernador-de-sinaloa\\\/\"},\"author\":{\"name\":\"Redacci\u00f3n\",\"@id\":\"https:\\\/\\\/fuentesfidedignas.com.mx\\\/#\\\/schema\\\/person\\\/331be9283d37198e2acd5750279085b0\"},\"headline\":\"Movimiento Ciudadano se deslinda de Richard Mill\u00e1n tras respaldar a Rocha\",\"datePublished\":\"2026-05-01T18:52:12+00:00\",\"dateModified\":\"2026-05-01T19:04:17+00:00\",\"mainEntityOfPage\":{\"@id\":\"https:\\\/\\\/fuentesfidedignas.com.mx\\\/index.php\\\/2026\\\/05\\\/01\\\/movimiento-ciudadano-se-deslinda-de-richard-millan-tras-respaldar-al-gobernador-de-sinaloa\\\/\"},\"wordCount\":226,\"publisher\":{\"@id\":\"https:\\\/\\\/fuentesfidedignas.com.mx\\\/#organization\"},\"image\":{\"@id\":\"https:\\\/\\\/fuentesfidedignas.com.mx\\\/index.php\\\/2026\\\/05\\\/01\\\/movimiento-ciudadano-se-deslinda-de-richard-millan-tras-respaldar-al-gobernador-de-sinaloa\\\/#primaryimage\"},\"thumbnailUrl\":\"https:\\\/\\\/fuentesfidedignas.com.mx\\\/wp-content\\\/uploads\\\/2026\\\/05\\\/img_8326.jpeg\",\"articleSection\":[\"NOTA PRINCIPAL\"],\"inLanguage\":\"es\"},{\"@type\":\"WebPage\",\"@id\":\"https:\\\/\\\/fuentesfidedignas.com.mx\\\/index.php\\\/2026\\\/05\\\/01\\\/movimiento-ciudadano-se-deslinda-de-richard-millan-tras-respaldar-al-gobernador-de-sinaloa\\\/\",\"url\":\"https:\\\/\\\/fuentesfidedignas.com.mx\\\/index.php\\\/2026\\\/05\\\/01\\\/movimiento-ciudadano-se-deslinda-de-richard-millan-tras-respaldar-al-gobernador-de-sinaloa\\\/\",\"name\":\"Movimiento Ciudadano se deslinda de Richard Mill\u00e1n tras respaldar a Rocha - Fuentes Fidedignas\",\"isPartOf\":{\"@id\":\"https:\\\/\\\/fuentesfidedignas.com.mx\\\/#website\"},\"primaryImageOfPage\":{\"@id\":\"https:\\\/\\\/fuentesfidedignas.com.mx\\\/index.php\\\/2026\\\/05\\\/01\\\/movimiento-ciudadano-se-deslinda-de-richard-millan-tras-respaldar-al-gobernador-de-sinaloa\\\/#primaryimage\"},\"image\":{\"@id\":\"https:\\\/\\\/fuentesfidedignas.com.mx\\\/index.php\\\/2026\\\/05\\\/01\\\/movimiento-ciudadano-se-deslinda-de-richard-millan-tras-respaldar-al-gobernador-de-sinaloa\\\/#primaryimage\"},\"thumbnailUrl\":\"https:\\\/\\\/fuentesfidedignas.com.mx\\\/wp-content\\\/uploads\\\/2026\\\/05\\\/img_8326.jpeg\",\"datePublished\":\"2026-05-01T18:52:12+00:00\",\"dateModified\":\"2026-05-01T19:04:17+00:00\",\"breadcrumb\":{\"@id\":\"https:\\\/\\\/fuentesfidedignas.com.mx\\\/index.php\\\/2026\\\/05\\\/01\\\/movimiento-ciudadano-se-deslinda-de-richard-millan-tras-respaldar-al-gobernador-de-sinaloa\\\/#breadcrumb\"},\"inLanguage\":\"es\",\"potentialAction\":[{\"@type\":\"ReadAction\",\"target\":[\"https:\\\/\\\/fuentesfidedignas.com.mx\\\/index.php\\\/2026\\\/05\\\/01\\\/movimiento-ciudadano-se-deslinda-de-richard-millan-tras-respaldar-al-gobernador-de-sinaloa\\\/\"]}]},{\"@type\":\"ImageObject\",\"inLanguage\":\"es\",\"@id\":\"https:\\\/\\\/fuentesfidedignas.com.mx\\\/index.php\\\/2026\\\/05\\\/01\\\/movimiento-ciudadano-se-deslinda-de-richard-millan-tras-respaldar-al-gobernador-de-sinaloa\\\/#primaryimage\",\"url\":\"https:\\\/\\\/fuentesfidedignas.com.mx\\\/wp-content\\\/uploads\\\/2026\\\/05\\\/img_8326.jpeg\",\"contentUrl\":\"https:\\\/\\\/fuentesfidedignas.com.mx\\\/wp-content\\\/uploads\\\/2026\\\/05\\\/img_8326.jpeg\",\"width\":1170,\"height\":845},{\"@type\":\"BreadcrumbList\",\"@id\":\"https:\\\/\\\/fuentesfidedignas.com.mx\\\/index.php\\\/2026\\\/05\\\/01\\\/movimiento-ciudadano-se-deslinda-de-richard-millan-tras-respaldar-al-gobernador-de-sinaloa\\\/#breadcrumb\",\"itemListElement\":[{\"@type\":\"ListItem\",\"position\":1,\"name\":\"Inicio\",\"item\":\"https:\\\/\\\/fuentesfidedignas.com.mx\\\/\"},{\"@type\":\"ListItem\",\"position\":2,\"name\":\"Movimiento Ciudadano se deslinda de Richard Mill\u00e1n tras respaldar a Rocha\"}]},{\"@type\":\"WebSite\",\"@id\":\"https:\\\/\\\/fuentesfidedignas.com.mx\\\/#website\",\"url\":\"https:\\\/\\\/fuentesfidedignas.com.mx\\\/\",\"name\":\"Fuentes Fidedignas\",\"description\":\"Otro sitio realizado con WordPress\",\"publisher\":{\"@id\":\"https:\\\/\\\/fuentesfidedignas.com.mx\\\/#organization\"},\"potentialAction\":[{\"@type\":\"SearchAction\",\"target\":{\"@type\":\"EntryPoint\",\"urlTemplate\":\"https:\\\/\\\/fuentesfidedignas.com.mx\\\/?s={search_term_string}\"},\"query-input\":{\"@type\":\"PropertyValueSpecification\",\"valueRequired\":true,\"valueName\":\"search_term_string\"}}],\"inLanguage\":\"es\"},{\"@type\":\"Organization\",\"@id\":\"https:\\\/\\\/fuentesfidedignas.com.mx\\\/#organization\",\"name\":\"Fuentes Fidedignas\",\"url\":\"https:\\\/\\\/fuentesfidedignas.com.mx\\\/\",\"logo\":{\"@type\":\"ImageObject\",\"inLanguage\":\"es\",\"@id\":\"https:\\\/\\\/fuentesfidedignas.com.mx\\\/#\\\/schema\\\/logo\\\/image\\\/\",\"url\":\"https:\\\/\\\/fuentesfidedignas.com.mx\\\/wp-content\\\/uploads\\\/2021\\\/04\\\/logo-retina.png\",\"contentUrl\":\"https:\\\/\\\/fuentesfidedignas.com.mx\\\/wp-content\\\/uploads\\\/2021\\\/04\\\/logo-retina.png\",\"width\":280,\"height\":51,\"caption\":\"Fuentes Fidedignas\"},\"image\":{\"@id\":\"https:\\\/\\\/fuentesfidedignas.com.mx\\\/#\\\/schema\\\/logo\\\/image\\\/\"},\"sameAs\":[\"https:\\\/\\\/www.facebook.com\\\/Fuentes-Fidedignas-368234489921644\",\"https:\\\/\\\/x.com\\\/fidedignas\"]},{\"@type\":\"Person\",\"@id\":\"https:\\\/\\\/fuentesfidedignas.com.mx\\\/#\\\/schema\\\/person\\\/331be9283d37198e2acd5750279085b0\",\"name\":\"Redacci\u00f3n\",\"image\":{\"@type\":\"ImageObject\",\"inLanguage\":\"es\",\"@id\":\"https:\\\/\\\/secure.gravatar.com\\\/avatar\\\/f6d8782c11d12b2d4ad3fbb6931aeab5309937a4d6cd2fc9cfaa28a6396a5aec?s=96&d=mm&r=g\",\"url\":\"https:\\\/\\\/secure.gravatar.com\\\/avatar\\\/f6d8782c11d12b2d4ad3fbb6931aeab5309937a4d6cd2fc9cfaa28a6396a5aec?s=96&d=mm&r=g\",\"contentUrl\":\"https:\\\/\\\/secure.gravatar.com\\\/avatar\\\/f6d8782c11d12b2d4ad3fbb6931aeab5309937a4d6cd2fc9cfaa28a6396a5aec?s=96&d=mm&r=g\",\"caption\":\"Redacci\u00f3n\"},\"url\":\"https:\\\/\\\/fuentesfidedignas.com.mx\\\/index.php\\\/author\\\/redaccion\\\/\"}]}<\/script>\n<!-- \/ Yoast SEO plugin. -->","yoast_head_json":{"title":"Movimiento Ciudadano se deslinda de Richard Mill\u00e1n tras respaldar a Rocha - Fuentes Fidedignas","robots":{"index":"index","follow":"follow","max-snippet":"max-snippet:-1","max-image-preview":"max-image-preview:large","max-video-preview":"max-video-preview:-1"},"canonical":"https:\/\/fuentesfidedignas.com.mx\/index.php\/2026\/05\/01\/movimiento-ciudadano-se-deslinda-de-richard-millan-tras-respaldar-al-gobernador-de-sinaloa\/","og_locale":"es_MX","og_type":"article","og_title":"Movimiento Ciudadano se deslinda de Richard Mill\u00e1n tras respaldar a Rocha - Fuentes Fidedignas","og_description":"Culiac\u00e1n, Sinaloa.\u2014 Tras el documento emitido el d\u00eda de ayer, en el que aparece el respaldo del alcalde de Elota, Richard Mill\u00e1n, quien expres\u00f3 p\u00fablicamente su apoyo al gobernador del estado, en una decisi\u00f3n personal ajena a este instituto pol\u00edtico, el partido Movimiento Ciudadano en Sinaloa se deslinda de manera categ\u00f3rica de dichas declaraciones. El [&hellip;]","og_url":"https:\/\/fuentesfidedignas.com.mx\/index.php\/2026\/05\/01\/movimiento-ciudadano-se-deslinda-de-richard-millan-tras-respaldar-al-gobernador-de-sinaloa\/","og_site_name":"Fuentes Fidedignas","article_publisher":"https:\/\/www.facebook.com\/Fuentes-Fidedignas-368234489921644","article_published_time":"2026-05-01T18:52:12+00:00","article_modified_time":"2026-05-01T19:04:17+00:00","og_image":[{"width":1170,"height":845,"url":"https:\/\/fuentesfidedignas.com.mx\/wp-content\/uploads\/2026\/05\/img_8326.jpeg","type":"image\/jpeg"}],"author":"Redacci\u00f3n","twitter_card":"summary_large_image","twitter_creator":"@fidedignas","twitter_site":"@fidedignas","twitter_misc":{"Escrito por":"Redacci\u00f3n","Tiempo de lectura":"1 minuto"},"schema":{"@context":"https:\/\/schema.org","@graph":[{"@type":"Article","@id":"https:\/\/fuentesfidedignas.com.mx\/index.php\/2026\/05\/01\/movimiento-ciudadano-se-deslinda-de-richard-millan-tras-respaldar-al-gobernador-de-sinaloa\/#article","isPartOf":{"@id":"https:\/\/fuentesfidedignas.com.mx\/index.php\/2026\/05\/01\/movimiento-ciudadano-se-deslinda-de-richard-millan-tras-respaldar-al-gobernador-de-sinaloa\/"},"author":{"name":"Redacci\u00f3n","@id":"https:\/\/fuentesfidedignas.com.mx\/#\/schema\/person\/331be9283d37198e2acd5750279085b0"},"headline":"Movimiento Ciudadano se deslinda de Richard Mill\u00e1n tras respaldar a Rocha","datePublished":"2026-05-01T18:52:12+00:00","dateModified":"2026-05-01T19:04:17+00:00","mainEntityOfPage":{"@id":"https:\/\/fuentesfidedignas.com.mx\/index.php\/2026\/05\/01\/movimiento-ciudadano-se-deslinda-de-richard-millan-tras-respaldar-al-gobernador-de-sinaloa\/"},"wordCount":226,"publisher":{"@id":"https:\/\/fuentesfidedignas.com.mx\/#organization"},"image":{"@id":"https:\/\/fuentesfidedignas.com.mx\/index.php\/2026\/05\/01\/movimiento-ciudadano-se-deslinda-de-richard-millan-tras-respaldar-al-gobernador-de-sinaloa\/#primaryimage"},"thumbnailUrl":"https:\/\/fuentesfidedignas.com.mx\/wp-content\/uploads\/2026\/05\/img_8326.jpeg","articleSection":["NOTA PRINCIPAL"],"inLanguage":"es"},{"@type":"WebPage","@id":"https:\/\/fuentesfidedignas.com.mx\/index.php\/2026\/05\/01\/movimiento-ciudadano-se-deslinda-de-richard-millan-tras-respaldar-al-gobernador-de-sinaloa\/","url":"https:\/\/fuentesfidedignas.com.mx\/index.php\/2026\/05\/01\/movimiento-ciudadano-se-deslinda-de-richard-millan-tras-respaldar-al-gobernador-de-sinaloa\/","name":"Movimiento Ciudadano se deslinda de Richard Mill\u00e1n tras respaldar a Rocha - Fuentes Fidedignas","isPartOf":{"@id":"https:\/\/fuentesfidedignas.com.mx\/#website"},"primaryImageOfPage":{"@id":"https:\/\/fuentesfidedignas.com.mx\/index.php\/2026\/05\/01\/movimiento-ciudadano-se-deslinda-de-richard-millan-tras-respaldar-al-gobernador-de-sinaloa\/#primaryimage"},"image":{"@id":"https:\/\/fuentesfidedignas.com.mx\/index.php\/2026\/05\/01\/movimiento-ciudadano-se-deslinda-de-richard-millan-tras-respaldar-al-gobernador-de-sinaloa\/#primaryimage"},"thumbnailUrl":"https:\/\/fuentesfidedignas.com.mx\/wp-content\/uploads\/2026\/05\/img_8326.jpeg","datePublished":"2026-05-01T18:52:12+00:00","dateModified":"2026-05-01T19:04:17+00:00","breadcrumb":{"@id":"https:\/\/fuentesfidedignas.com.mx\/index.php\/2026\/05\/01\/movimiento-ciudadano-se-deslinda-de-richard-millan-tras-respaldar-al-gobernador-de-sinaloa\/#breadcrumb"},"inLanguage":"es","potentialAction":[{"@type":"ReadAction","target":["https:\/\/fuentesfidedignas.com.mx\/index.php\/2026\/05\/01\/movimiento-ciudadano-se-deslinda-de-richard-millan-tras-respaldar-al-gobernador-de-sinaloa\/"]}]},{"@type":"ImageObject","inLanguage":"es","@id":"https:\/\/fuentesfidedignas.com.mx\/index.php\/2026\/05\/01\/movimiento-ciudadano-se-deslinda-de-richard-millan-tras-respaldar-al-gobernador-de-sinaloa\/#primaryimage","url":"https:\/\/fuentesfidedignas.com.mx\/wp-content\/uploads\/2026\/05\/img_8326.jpeg","contentUrl":"https:\/\/fuentesfidedignas.com.mx\/wp-content\/uploads\/2026\/05\/img_8326.jpeg","width":1170,"height":845},{"@type":"BreadcrumbList","@id":"https:\/\/fuentesfidedignas.com.mx\/index.php\/2026\/05\/01\/movimiento-ciudadano-se-deslinda-de-richard-millan-tras-respaldar-al-gobernador-de-sinaloa\/#breadcrumb","itemListElement":[{"@type":"ListItem","position":1,"name":"Inicio","item":"https:\/\/fuentesfidedignas.com.mx\/"},{"@type":"ListItem","position":2,"name":"Movimiento Ciudadano se deslinda de Richard Mill\u00e1n tras respaldar a Rocha"}]},{"@type":"WebSite","@id":"https:\/\/fuentesfidedignas.com.mx\/#website","url":"https:\/\/fuentesfidedignas.com.mx\/","name":"Fuentes Fidedignas","description":"Otro sitio realizado con WordPress","publisher":{"@id":"https:\/\/fuentesfidedignas.com.mx\/#organization"},"potentialAction":[{"@type":"SearchAction","target":{"@type":"EntryPoint","urlTemplate":"https:\/\/fuentesfidedignas.com.mx\/?s={search_term_string}"},"query-input":{"@type":"PropertyValueSpecification","valueRequired":true,"valueName":"search_term_string"}}],"inLanguage":"es"},{"@type":"Organization","@id":"https:\/\/fuentesfidedignas.com.mx\/#organization","name":"Fuentes Fidedignas","url":"https:\/\/fuentesfidedignas.com.mx\/","logo":{"@type":"ImageObject","inLanguage":"es","@id":"https:\/\/fuentesfidedignas.com.mx\/#\/schema\/logo\/image\/","url":"https:\/\/fuentesfidedignas.com.mx\/wp-content\/uploads\/2021\/04\/logo-retina.png","contentUrl":"https:\/\/fuentesfidedignas.com.mx\/wp-content\/uploads\/2021\/04\/logo-retina.png","width":280,"height":51,"caption":"Fuentes Fidedignas"},"image":{"@id":"https:\/\/fuentesfidedignas.com.mx\/#\/schema\/logo\/image\/"},"sameAs":["https:\/\/www.facebook.com\/Fuentes-Fidedignas-368234489921644","https:\/\/x.com\/fidedignas"]},{"@type":"Person","@id":"https:\/\/fuentesfidedignas.com.mx\/#\/schema\/person\/331be9283d37198e2acd5750279085b0","name":"Redacci\u00f3n","image":{"@type":"ImageObject","inLanguage":"es","@id":"https:\/\/secure.gravatar.com\/avatar\/f6d8782c11d12b2d4ad3fbb6931aeab5309937a4d6cd2fc9cfaa28a6396a5aec?s=96&d=mm&r=g","url":"https:\/\/secure.gravatar.com\/avatar\/f6d8782c11d12b2d4ad3fbb6931aeab5309937a4d6cd2fc9cfaa28a6396a5aec?s=96&d=mm&r=g","contentUrl":"https:\/\/secure.gravatar.com\/avatar\/f6d8782c11d12b2d4ad3fbb6931aeab5309937a4d6cd2fc9cfaa28a6396a5aec?s=96&d=mm&r=g","caption":"Redacci\u00f3n"},"url":"https:\/\/fuentesfidedignas.com.mx\/index.php\/author\/redaccion\/"}]}},"_links":{"self":[{"href":"https:\/\/fuentesfidedignas.com.mx\/index.php\/wp-json\/wp\/v2\/posts\/132686","targetHints":{"allow":["GET"]}}],"collection":[{"href":"https:\/\/fuentesfidedignas.com.mx\/index.php\/wp-json\/wp\/v2\/posts"}],"about":[{"href":"https:\/\/fuentesfidedignas.com.mx\/index.php\/wp-json\/wp\/v2\/types\/post"}],"author":[{"embeddable":true,"href":"https:\/\/fuentesfidedignas.com.mx\/index.php\/wp-json\/wp\/v2\/users\/4"}],"replies":[{"embeddable":true,"href":"https:\/\/fuentesfidedignas.com.mx\/index.php\/wp-json\/wp\/v2\/comments?post=132686"}],"version-history":[{"count":4,"href":"https:\/\/fuentesfidedignas.com.mx\/index.php\/wp-json\/wp\/v2\/posts\/132686\/revisions"}],"predecessor-version":[{"id":132691,"href":"https:\/\/fuentesfidedignas.com.mx\/index.php\/wp-json\/wp\/v2\/posts\/132686\/revisions\/132691"}],"wp:featuredmedia":[{"embeddable":true,"href":"https:\/\/fuentesfidedignas.com.mx\/index.php\/wp-json\/wp\/v2\/media\/132685"}],"wp:attachment":[{"href":"https:\/\/fuentesfidedignas.com.mx\/index.php\/wp-json\/wp\/v2\/media?parent=132686"}],"wp:term":[{"taxonomy":"category","embeddable":true,"href":"https:\/\/fuentesfidedignas.com.mx\/index.php\/wp-json\/wp\/v2\/categories?post=132686"},{"taxonomy":"post_tag","embeddable":true,"href":"https:\/\/fuentesfidedignas.com.mx\/index.php\/wp-json\/wp\/v2\/tags?post=132686"}],"curies":[{"name":"wp","href":"https:\/\/api.w.org\/{rel}","templated":true}]}}