{"id":132683,"date":"2026-05-01T10:36:07","date_gmt":"2026-05-01T17:36:07","guid":{"rendered":"https:\/\/fuentesfidedignas.com.mx\/?p=132683"},"modified":"2026-05-01T12:03:52","modified_gmt":"2026-05-01T19:03:52","slug":"movimiento-ciudadano-solicita-quitar-el-fuero-a-ruben-rocha-y-gamez-mendivil","status":"publish","type":"post","link":"https:\/\/fuentesfidedignas.com.mx\/index.php\/2026\/05\/01\/movimiento-ciudadano-solicita-quitar-el-fuero-a-ruben-rocha-y-gamez-mendivil\/","title":{"rendered":"Movimiento Ciudadano solicita quitar el fuero a Rub\u00e9n Rocha y G\u00e1mez Mendivil"},"content":{"rendered":"\n<p><\/p>\n\n\n\n<p><strong><em>El&nbsp;exlegislador Jorge \u00c1lvarez M\u00e1ynez inform\u00f3 de la petici\u00f3n, que tambi\u00e9n incluye al&nbsp;alcalde de Culiac\u00e1n,&nbsp;Juan de Dios G\u00e1mez&nbsp;Medina<\/em><\/strong><\/p>\n\n\n\n<p>Movimiento Ciudadano present\u00f3 ayer jueves en la C\u00e1mara de Diputados una solicitud para que se le inicie un proceso de desafuero al gobernador de Sinaloa, Rub\u00e9n Rocha Moya, y del alcalde de Culiac\u00e1n, Juan de Dios G\u00e1mez Medina.<\/p>\n\n\n\n<p>La gesti\u00f3n fue informada por el coordinador nacional de MC, el exlegislador Jorge \u00c1lvarez M\u00e1ynez, a trav\u00e9s de sus redes sociales.<\/p>\n\n\n\n<p>La solicitud fue recibida en la sede de la Secretar\u00eda General de la C\u00e1mara de Diputados, seg\u00fan se observa en el documento que el dirigente partidista comparti\u00f3 en su cuenta de X.<\/p>\n\n\n\n<p>La solicitud tambi\u00e9n est\u00e1 firmada por el diputado de la bancada naranja Gibr\u00e1n Ram\u00edrez Reyes, quien se ha caracterizado por denunciar desde el inicio de la legislatura, en septiembre de 2024, la impunidad que rodea el asesinato de H\u00e9ctor Melesio Cu\u00e9, diputado electo del PRI.<\/p>\n\n\n\n<p>\u201cLo m\u00ednimo que pueden hacer los funcionarios de Sinaloa que han sido formalmente acusados por las autoridades norteamericanas es enfrentar este proceso sin fuero\u201d,expuso \u00c1lvarez M\u00e1ynez.<\/p>\n\n\n\n<p>\u201cPor eso, el diputado Gibr\u00e1n Ram\u00edrez y un servidor hemos solicitado el d\u00eda de hoy que se d\u00e9 inicio al proceso de desafuero\u201d, afirm\u00f3 el dirigente partidista.<\/p>\n\n\n\n<p>Tambi\u00e9n en redes sociales, el representante estatal de MC, Sergio Pio Esquer, inform\u00f3 de la solicitud de desafuero bajo el argumento de que Sinaloa no puede seguir bajo el gobierno de personas que deben rendir cuentas ante la justicia. <\/p>\n\n\n\n<p><\/p>\n","protected":false},"excerpt":{"rendered":"<p>El&nbsp;exlegislador Jorge \u00c1lvarez M\u00e1ynez inform\u00f3 de la petici\u00f3n, que tambi\u00e9n incluye al&nbsp;alcalde de Culiac\u00e1n,&nbsp;Juan de Dios G\u00e1mez&nbsp;Medina Movimiento Ciudadano present\u00f3 ayer jueves en la C\u00e1mara de Diputados una solicitud para que se le inicie un proceso de desafuero al gobernador de Sinaloa, Rub\u00e9n Rocha Moya, y del alcalde de Culiac\u00e1n, Juan de Dios G\u00e1mez Medina. [&hellip;]<\/p>\n","protected":false},"author":4,"featured_media":132682,"comment_status":"closed","ping_status":"open","sticky":false,"template":"","format":"standard","meta":{"tdm_status":"","tdm_grid_status":"","footnotes":""},"categories":[39],"tags":[],"class_list":{"0":"post-132683","1":"post","2":"type-post","3":"status-publish","4":"format-standard","5":"has-post-thumbnail","7":"category-noticias-nacionales"},"yoast_head":"<!-- This site is optimized with the Yoast SEO plugin v27.5 - https:\/\/yoast.com\/product\/yoast-seo-wordpress\/ -->\n<title>Movimiento Ciudadano solicita quitar el fuero a Rub\u00e9n Rocha y G\u00e1mez Mendivil - Fuentes Fidedignas<\/title>\n<meta name=\"robots\" content=\"index, follow, max-snippet:-1, max-image-preview:large, max-video-preview:-1\" \/>\n<link rel=\"canonical\" href=\"https:\/\/fuentesfidedignas.com.mx\/index.php\/2026\/05\/01\/movimiento-ciudadano-solicita-quitar-el-fuero-a-ruben-rocha-y-gamez-mendivil\/\" \/>\n<meta property=\"og:locale\" content=\"es_MX\" \/>\n<meta property=\"og:type\" content=\"article\" \/>\n<meta property=\"og:title\" content=\"Movimiento Ciudadano solicita quitar el fuero a Rub\u00e9n Rocha y G\u00e1mez Mendivil - Fuentes Fidedignas\" \/>\n<meta property=\"og:description\" content=\"El&nbsp;exlegislador Jorge \u00c1lvarez M\u00e1ynez inform\u00f3 de la petici\u00f3n, que tambi\u00e9n incluye al&nbsp;alcalde de Culiac\u00e1n,&nbsp;Juan de Dios G\u00e1mez&nbsp;Medina Movimiento Ciudadano present\u00f3 ayer jueves en la C\u00e1mara de Diputados una solicitud para que se le inicie un proceso de desafuero al gobernador de Sinaloa, Rub\u00e9n Rocha Moya, y del alcalde de Culiac\u00e1n, Juan de Dios G\u00e1mez Medina. [&hellip;]\" \/>\n<meta property=\"og:url\" content=\"https:\/\/fuentesfidedignas.com.mx\/index.php\/2026\/05\/01\/movimiento-ciudadano-solicita-quitar-el-fuero-a-ruben-rocha-y-gamez-mendivil\/\" \/>\n<meta property=\"og:site_name\" content=\"Fuentes Fidedignas\" \/>\n<meta property=\"article:publisher\" content=\"https:\/\/www.facebook.com\/Fuentes-Fidedignas-368234489921644\" \/>\n<meta property=\"article:published_time\" content=\"2026-05-01T17:36:07+00:00\" \/>\n<meta property=\"article:modified_time\" content=\"2026-05-01T19:03:52+00:00\" \/>\n<meta property=\"og:image\" content=\"https:\/\/fuentesfidedignas.com.mx\/wp-content\/uploads\/2026\/05\/img_8319.jpeg\" \/>\n\t<meta property=\"og:image:width\" content=\"783\" \/>\n\t<meta property=\"og:image:height\" content=\"391\" \/>\n\t<meta property=\"og:image:type\" content=\"image\/jpeg\" \/>\n<meta name=\"author\" content=\"Redacci\u00f3n\" \/>\n<meta name=\"twitter:card\" content=\"summary_large_image\" \/>\n<meta name=\"twitter:creator\" content=\"@fidedignas\" \/>\n<meta name=\"twitter:site\" content=\"@fidedignas\" \/>\n<meta name=\"twitter:label1\" content=\"Escrito por\" \/>\n\t<meta name=\"twitter:data1\" content=\"Redacci\u00f3n\" \/>\n\t<meta name=\"twitter:label2\" content=\"Tiempo de lectura\" \/>\n\t<meta name=\"twitter:data2\" content=\"1 minuto\" \/>\n<script type=\"application\/ld+json\" class=\"yoast-schema-graph\">{\"@context\":\"https:\\\/\\\/schema.org\",\"@graph\":[{\"@type\":\"Article\",\"@id\":\"https:\\\/\\\/fuentesfidedignas.com.mx\\\/index.php\\\/2026\\\/05\\\/01\\\/movimiento-ciudadano-solicita-quitar-el-fuero-a-ruben-rocha-y-gamez-mendivil\\\/#article\",\"isPartOf\":{\"@id\":\"https:\\\/\\\/fuentesfidedignas.com.mx\\\/index.php\\\/2026\\\/05\\\/01\\\/movimiento-ciudadano-solicita-quitar-el-fuero-a-ruben-rocha-y-gamez-mendivil\\\/\"},\"author\":{\"name\":\"Redacci\u00f3n\",\"@id\":\"https:\\\/\\\/fuentesfidedignas.com.mx\\\/#\\\/schema\\\/person\\\/331be9283d37198e2acd5750279085b0\"},\"headline\":\"Movimiento Ciudadano solicita quitar el fuero a Rub\u00e9n Rocha y G\u00e1mez Mendivil\",\"datePublished\":\"2026-05-01T17:36:07+00:00\",\"dateModified\":\"2026-05-01T19:03:52+00:00\",\"mainEntityOfPage\":{\"@id\":\"https:\\\/\\\/fuentesfidedignas.com.mx\\\/index.php\\\/2026\\\/05\\\/01\\\/movimiento-ciudadano-solicita-quitar-el-fuero-a-ruben-rocha-y-gamez-mendivil\\\/\"},\"wordCount\":292,\"publisher\":{\"@id\":\"https:\\\/\\\/fuentesfidedignas.com.mx\\\/#organization\"},\"image\":{\"@id\":\"https:\\\/\\\/fuentesfidedignas.com.mx\\\/index.php\\\/2026\\\/05\\\/01\\\/movimiento-ciudadano-solicita-quitar-el-fuero-a-ruben-rocha-y-gamez-mendivil\\\/#primaryimage\"},\"thumbnailUrl\":\"https:\\\/\\\/fuentesfidedignas.com.mx\\\/wp-content\\\/uploads\\\/2026\\\/05\\\/img_8319.jpeg\",\"articleSection\":[\"NOTICIAS NACIONALES\"],\"inLanguage\":\"es\"},{\"@type\":\"WebPage\",\"@id\":\"https:\\\/\\\/fuentesfidedignas.com.mx\\\/index.php\\\/2026\\\/05\\\/01\\\/movimiento-ciudadano-solicita-quitar-el-fuero-a-ruben-rocha-y-gamez-mendivil\\\/\",\"url\":\"https:\\\/\\\/fuentesfidedignas.com.mx\\\/index.php\\\/2026\\\/05\\\/01\\\/movimiento-ciudadano-solicita-quitar-el-fuero-a-ruben-rocha-y-gamez-mendivil\\\/\",\"name\":\"Movimiento Ciudadano solicita quitar el fuero a Rub\u00e9n Rocha y G\u00e1mez Mendivil - Fuentes Fidedignas\",\"isPartOf\":{\"@id\":\"https:\\\/\\\/fuentesfidedignas.com.mx\\\/#website\"},\"primaryImageOfPage\":{\"@id\":\"https:\\\/\\\/fuentesfidedignas.com.mx\\\/index.php\\\/2026\\\/05\\\/01\\\/movimiento-ciudadano-solicita-quitar-el-fuero-a-ruben-rocha-y-gamez-mendivil\\\/#primaryimage\"},\"image\":{\"@id\":\"https:\\\/\\\/fuentesfidedignas.com.mx\\\/index.php\\\/2026\\\/05\\\/01\\\/movimiento-ciudadano-solicita-quitar-el-fuero-a-ruben-rocha-y-gamez-mendivil\\\/#primaryimage\"},\"thumbnailUrl\":\"https:\\\/\\\/fuentesfidedignas.com.mx\\\/wp-content\\\/uploads\\\/2026\\\/05\\\/img_8319.jpeg\",\"datePublished\":\"2026-05-01T17:36:07+00:00\",\"dateModified\":\"2026-05-01T19:03:52+00:00\",\"breadcrumb\":{\"@id\":\"https:\\\/\\\/fuentesfidedignas.com.mx\\\/index.php\\\/2026\\\/05\\\/01\\\/movimiento-ciudadano-solicita-quitar-el-fuero-a-ruben-rocha-y-gamez-mendivil\\\/#breadcrumb\"},\"inLanguage\":\"es\",\"potentialAction\":[{\"@type\":\"ReadAction\",\"target\":[\"https:\\\/\\\/fuentesfidedignas.com.mx\\\/index.php\\\/2026\\\/05\\\/01\\\/movimiento-ciudadano-solicita-quitar-el-fuero-a-ruben-rocha-y-gamez-mendivil\\\/\"]}]},{\"@type\":\"ImageObject\",\"inLanguage\":\"es\",\"@id\":\"https:\\\/\\\/fuentesfidedignas.com.mx\\\/index.php\\\/2026\\\/05\\\/01\\\/movimiento-ciudadano-solicita-quitar-el-fuero-a-ruben-rocha-y-gamez-mendivil\\\/#primaryimage\",\"url\":\"https:\\\/\\\/fuentesfidedignas.com.mx\\\/wp-content\\\/uploads\\\/2026\\\/05\\\/img_8319.jpeg\",\"contentUrl\":\"https:\\\/\\\/fuentesfidedignas.com.mx\\\/wp-content\\\/uploads\\\/2026\\\/05\\\/img_8319.jpeg\",\"width\":783,\"height\":391},{\"@type\":\"BreadcrumbList\",\"@id\":\"https:\\\/\\\/fuentesfidedignas.com.mx\\\/index.php\\\/2026\\\/05\\\/01\\\/movimiento-ciudadano-solicita-quitar-el-fuero-a-ruben-rocha-y-gamez-mendivil\\\/#breadcrumb\",\"itemListElement\":[{\"@type\":\"ListItem\",\"position\":1,\"name\":\"Inicio\",\"item\":\"https:\\\/\\\/fuentesfidedignas.com.mx\\\/\"},{\"@type\":\"ListItem\",\"position\":2,\"name\":\"Movimiento Ciudadano solicita quitar el fuero a Rub\u00e9n Rocha y G\u00e1mez Mendivil\"}]},{\"@type\":\"WebSite\",\"@id\":\"https:\\\/\\\/fuentesfidedignas.com.mx\\\/#website\",\"url\":\"https:\\\/\\\/fuentesfidedignas.com.mx\\\/\",\"name\":\"Fuentes Fidedignas\",\"description\":\"Otro sitio realizado con WordPress\",\"publisher\":{\"@id\":\"https:\\\/\\\/fuentesfidedignas.com.mx\\\/#organization\"},\"potentialAction\":[{\"@type\":\"SearchAction\",\"target\":{\"@type\":\"EntryPoint\",\"urlTemplate\":\"https:\\\/\\\/fuentesfidedignas.com.mx\\\/?s={search_term_string}\"},\"query-input\":{\"@type\":\"PropertyValueSpecification\",\"valueRequired\":true,\"valueName\":\"search_term_string\"}}],\"inLanguage\":\"es\"},{\"@type\":\"Organization\",\"@id\":\"https:\\\/\\\/fuentesfidedignas.com.mx\\\/#organization\",\"name\":\"Fuentes Fidedignas\",\"url\":\"https:\\\/\\\/fuentesfidedignas.com.mx\\\/\",\"logo\":{\"@type\":\"ImageObject\",\"inLanguage\":\"es\",\"@id\":\"https:\\\/\\\/fuentesfidedignas.com.mx\\\/#\\\/schema\\\/logo\\\/image\\\/\",\"url\":\"https:\\\/\\\/fuentesfidedignas.com.mx\\\/wp-content\\\/uploads\\\/2021\\\/04\\\/logo-retina.png\",\"contentUrl\":\"https:\\\/\\\/fuentesfidedignas.com.mx\\\/wp-content\\\/uploads\\\/2021\\\/04\\\/logo-retina.png\",\"width\":280,\"height\":51,\"caption\":\"Fuentes Fidedignas\"},\"image\":{\"@id\":\"https:\\\/\\\/fuentesfidedignas.com.mx\\\/#\\\/schema\\\/logo\\\/image\\\/\"},\"sameAs\":[\"https:\\\/\\\/www.facebook.com\\\/Fuentes-Fidedignas-368234489921644\",\"https:\\\/\\\/x.com\\\/fidedignas\"]},{\"@type\":\"Person\",\"@id\":\"https:\\\/\\\/fuentesfidedignas.com.mx\\\/#\\\/schema\\\/person\\\/331be9283d37198e2acd5750279085b0\",\"name\":\"Redacci\u00f3n\",\"image\":{\"@type\":\"ImageObject\",\"inLanguage\":\"es\",\"@id\":\"https:\\\/\\\/secure.gravatar.com\\\/avatar\\\/f6d8782c11d12b2d4ad3fbb6931aeab5309937a4d6cd2fc9cfaa28a6396a5aec?s=96&d=mm&r=g\",\"url\":\"https:\\\/\\\/secure.gravatar.com\\\/avatar\\\/f6d8782c11d12b2d4ad3fbb6931aeab5309937a4d6cd2fc9cfaa28a6396a5aec?s=96&d=mm&r=g\",\"contentUrl\":\"https:\\\/\\\/secure.gravatar.com\\\/avatar\\\/f6d8782c11d12b2d4ad3fbb6931aeab5309937a4d6cd2fc9cfaa28a6396a5aec?s=96&d=mm&r=g\",\"caption\":\"Redacci\u00f3n\"},\"url\":\"https:\\\/\\\/fuentesfidedignas.com.mx\\\/index.php\\\/author\\\/redaccion\\\/\"}]}<\/script>\n<!-- \/ Yoast SEO plugin. -->","yoast_head_json":{"title":"Movimiento Ciudadano solicita quitar el fuero a Rub\u00e9n Rocha y G\u00e1mez Mendivil - Fuentes Fidedignas","robots":{"index":"index","follow":"follow","max-snippet":"max-snippet:-1","max-image-preview":"max-image-preview:large","max-video-preview":"max-video-preview:-1"},"canonical":"https:\/\/fuentesfidedignas.com.mx\/index.php\/2026\/05\/01\/movimiento-ciudadano-solicita-quitar-el-fuero-a-ruben-rocha-y-gamez-mendivil\/","og_locale":"es_MX","og_type":"article","og_title":"Movimiento Ciudadano solicita quitar el fuero a Rub\u00e9n Rocha y G\u00e1mez Mendivil - Fuentes Fidedignas","og_description":"El&nbsp;exlegislador Jorge \u00c1lvarez M\u00e1ynez inform\u00f3 de la petici\u00f3n, que tambi\u00e9n incluye al&nbsp;alcalde de Culiac\u00e1n,&nbsp;Juan de Dios G\u00e1mez&nbsp;Medina Movimiento Ciudadano present\u00f3 ayer jueves en la C\u00e1mara de Diputados una solicitud para que se le inicie un proceso de desafuero al gobernador de Sinaloa, Rub\u00e9n Rocha Moya, y del alcalde de Culiac\u00e1n, Juan de Dios G\u00e1mez Medina. [&hellip;]","og_url":"https:\/\/fuentesfidedignas.com.mx\/index.php\/2026\/05\/01\/movimiento-ciudadano-solicita-quitar-el-fuero-a-ruben-rocha-y-gamez-mendivil\/","og_site_name":"Fuentes Fidedignas","article_publisher":"https:\/\/www.facebook.com\/Fuentes-Fidedignas-368234489921644","article_published_time":"2026-05-01T17:36:07+00:00","article_modified_time":"2026-05-01T19:03:52+00:00","og_image":[{"width":783,"height":391,"url":"https:\/\/fuentesfidedignas.com.mx\/wp-content\/uploads\/2026\/05\/img_8319.jpeg","type":"image\/jpeg"}],"author":"Redacci\u00f3n","twitter_card":"summary_large_image","twitter_creator":"@fidedignas","twitter_site":"@fidedignas","twitter_misc":{"Escrito por":"Redacci\u00f3n","Tiempo de lectura":"1 minuto"},"schema":{"@context":"https:\/\/schema.org","@graph":[{"@type":"Article","@id":"https:\/\/fuentesfidedignas.com.mx\/index.php\/2026\/05\/01\/movimiento-ciudadano-solicita-quitar-el-fuero-a-ruben-rocha-y-gamez-mendivil\/#article","isPartOf":{"@id":"https:\/\/fuentesfidedignas.com.mx\/index.php\/2026\/05\/01\/movimiento-ciudadano-solicita-quitar-el-fuero-a-ruben-rocha-y-gamez-mendivil\/"},"author":{"name":"Redacci\u00f3n","@id":"https:\/\/fuentesfidedignas.com.mx\/#\/schema\/person\/331be9283d37198e2acd5750279085b0"},"headline":"Movimiento Ciudadano solicita quitar el fuero a Rub\u00e9n Rocha y G\u00e1mez Mendivil","datePublished":"2026-05-01T17:36:07+00:00","dateModified":"2026-05-01T19:03:52+00:00","mainEntityOfPage":{"@id":"https:\/\/fuentesfidedignas.com.mx\/index.php\/2026\/05\/01\/movimiento-ciudadano-solicita-quitar-el-fuero-a-ruben-rocha-y-gamez-mendivil\/"},"wordCount":292,"publisher":{"@id":"https:\/\/fuentesfidedignas.com.mx\/#organization"},"image":{"@id":"https:\/\/fuentesfidedignas.com.mx\/index.php\/2026\/05\/01\/movimiento-ciudadano-solicita-quitar-el-fuero-a-ruben-rocha-y-gamez-mendivil\/#primaryimage"},"thumbnailUrl":"https:\/\/fuentesfidedignas.com.mx\/wp-content\/uploads\/2026\/05\/img_8319.jpeg","articleSection":["NOTICIAS NACIONALES"],"inLanguage":"es"},{"@type":"WebPage","@id":"https:\/\/fuentesfidedignas.com.mx\/index.php\/2026\/05\/01\/movimiento-ciudadano-solicita-quitar-el-fuero-a-ruben-rocha-y-gamez-mendivil\/","url":"https:\/\/fuentesfidedignas.com.mx\/index.php\/2026\/05\/01\/movimiento-ciudadano-solicita-quitar-el-fuero-a-ruben-rocha-y-gamez-mendivil\/","name":"Movimiento Ciudadano solicita quitar el fuero a Rub\u00e9n Rocha y G\u00e1mez Mendivil - Fuentes Fidedignas","isPartOf":{"@id":"https:\/\/fuentesfidedignas.com.mx\/#website"},"primaryImageOfPage":{"@id":"https:\/\/fuentesfidedignas.com.mx\/index.php\/2026\/05\/01\/movimiento-ciudadano-solicita-quitar-el-fuero-a-ruben-rocha-y-gamez-mendivil\/#primaryimage"},"image":{"@id":"https:\/\/fuentesfidedignas.com.mx\/index.php\/2026\/05\/01\/movimiento-ciudadano-solicita-quitar-el-fuero-a-ruben-rocha-y-gamez-mendivil\/#primaryimage"},"thumbnailUrl":"https:\/\/fuentesfidedignas.com.mx\/wp-content\/uploads\/2026\/05\/img_8319.jpeg","datePublished":"2026-05-01T17:36:07+00:00","dateModified":"2026-05-01T19:03:52+00:00","breadcrumb":{"@id":"https:\/\/fuentesfidedignas.com.mx\/index.php\/2026\/05\/01\/movimiento-ciudadano-solicita-quitar-el-fuero-a-ruben-rocha-y-gamez-mendivil\/#breadcrumb"},"inLanguage":"es","potentialAction":[{"@type":"ReadAction","target":["https:\/\/fuentesfidedignas.com.mx\/index.php\/2026\/05\/01\/movimiento-ciudadano-solicita-quitar-el-fuero-a-ruben-rocha-y-gamez-mendivil\/"]}]},{"@type":"ImageObject","inLanguage":"es","@id":"https:\/\/fuentesfidedignas.com.mx\/index.php\/2026\/05\/01\/movimiento-ciudadano-solicita-quitar-el-fuero-a-ruben-rocha-y-gamez-mendivil\/#primaryimage","url":"https:\/\/fuentesfidedignas.com.mx\/wp-content\/uploads\/2026\/05\/img_8319.jpeg","contentUrl":"https:\/\/fuentesfidedignas.com.mx\/wp-content\/uploads\/2026\/05\/img_8319.jpeg","width":783,"height":391},{"@type":"BreadcrumbList","@id":"https:\/\/fuentesfidedignas.com.mx\/index.php\/2026\/05\/01\/movimiento-ciudadano-solicita-quitar-el-fuero-a-ruben-rocha-y-gamez-mendivil\/#breadcrumb","itemListElement":[{"@type":"ListItem","position":1,"name":"Inicio","item":"https:\/\/fuentesfidedignas.com.mx\/"},{"@type":"ListItem","position":2,"name":"Movimiento Ciudadano solicita quitar el fuero a Rub\u00e9n Rocha y G\u00e1mez Mendivil"}]},{"@type":"WebSite","@id":"https:\/\/fuentesfidedignas.com.mx\/#website","url":"https:\/\/fuentesfidedignas.com.mx\/","name":"Fuentes Fidedignas","description":"Otro sitio realizado con WordPress","publisher":{"@id":"https:\/\/fuentesfidedignas.com.mx\/#organization"},"potentialAction":[{"@type":"SearchAction","target":{"@type":"EntryPoint","urlTemplate":"https:\/\/fuentesfidedignas.com.mx\/?s={search_term_string}"},"query-input":{"@type":"PropertyValueSpecification","valueRequired":true,"valueName":"search_term_string"}}],"inLanguage":"es"},{"@type":"Organization","@id":"https:\/\/fuentesfidedignas.com.mx\/#organization","name":"Fuentes Fidedignas","url":"https:\/\/fuentesfidedignas.com.mx\/","logo":{"@type":"ImageObject","inLanguage":"es","@id":"https:\/\/fuentesfidedignas.com.mx\/#\/schema\/logo\/image\/","url":"https:\/\/fuentesfidedignas.com.mx\/wp-content\/uploads\/2021\/04\/logo-retina.png","contentUrl":"https:\/\/fuentesfidedignas.com.mx\/wp-content\/uploads\/2021\/04\/logo-retina.png","width":280,"height":51,"caption":"Fuentes Fidedignas"},"image":{"@id":"https:\/\/fuentesfidedignas.com.mx\/#\/schema\/logo\/image\/"},"sameAs":["https:\/\/www.facebook.com\/Fuentes-Fidedignas-368234489921644","https:\/\/x.com\/fidedignas"]},{"@type":"Person","@id":"https:\/\/fuentesfidedignas.com.mx\/#\/schema\/person\/331be9283d37198e2acd5750279085b0","name":"Redacci\u00f3n","image":{"@type":"ImageObject","inLanguage":"es","@id":"https:\/\/secure.gravatar.com\/avatar\/f6d8782c11d12b2d4ad3fbb6931aeab5309937a4d6cd2fc9cfaa28a6396a5aec?s=96&d=mm&r=g","url":"https:\/\/secure.gravatar.com\/avatar\/f6d8782c11d12b2d4ad3fbb6931aeab5309937a4d6cd2fc9cfaa28a6396a5aec?s=96&d=mm&r=g","contentUrl":"https:\/\/secure.gravatar.com\/avatar\/f6d8782c11d12b2d4ad3fbb6931aeab5309937a4d6cd2fc9cfaa28a6396a5aec?s=96&d=mm&r=g","caption":"Redacci\u00f3n"},"url":"https:\/\/fuentesfidedignas.com.mx\/index.php\/author\/redaccion\/"}]}},"_links":{"self":[{"href":"https:\/\/fuentesfidedignas.com.mx\/index.php\/wp-json\/wp\/v2\/posts\/132683","targetHints":{"allow":["GET"]}}],"collection":[{"href":"https:\/\/fuentesfidedignas.com.mx\/index.php\/wp-json\/wp\/v2\/posts"}],"about":[{"href":"https:\/\/fuentesfidedignas.com.mx\/index.php\/wp-json\/wp\/v2\/types\/post"}],"author":[{"embeddable":true,"href":"https:\/\/fuentesfidedignas.com.mx\/index.php\/wp-json\/wp\/v2\/users\/4"}],"replies":[{"embeddable":true,"href":"https:\/\/fuentesfidedignas.com.mx\/index.php\/wp-json\/wp\/v2\/comments?post=132683"}],"version-history":[{"count":1,"href":"https:\/\/fuentesfidedignas.com.mx\/index.php\/wp-json\/wp\/v2\/posts\/132683\/revisions"}],"predecessor-version":[{"id":132684,"href":"https:\/\/fuentesfidedignas.com.mx\/index.php\/wp-json\/wp\/v2\/posts\/132683\/revisions\/132684"}],"wp:featuredmedia":[{"embeddable":true,"href":"https:\/\/fuentesfidedignas.com.mx\/index.php\/wp-json\/wp\/v2\/media\/132682"}],"wp:attachment":[{"href":"https:\/\/fuentesfidedignas.com.mx\/index.php\/wp-json\/wp\/v2\/media?parent=132683"}],"wp:term":[{"taxonomy":"category","embeddable":true,"href":"https:\/\/fuentesfidedignas.com.mx\/index.php\/wp-json\/wp\/v2\/categories?post=132683"},{"taxonomy":"post_tag","embeddable":true,"href":"https:\/\/fuentesfidedignas.com.mx\/index.php\/wp-json\/wp\/v2\/tags?post=132683"}],"curies":[{"name":"wp","href":"https:\/\/api.w.org\/{rel}","templated":true}]}}