{"id":132680,"date":"2026-05-01T08:10:00","date_gmt":"2026-05-01T15:10:00","guid":{"rendered":"https:\/\/fuentesfidedignas.com.mx\/?p=132680"},"modified":"2026-05-01T10:10:29","modified_gmt":"2026-05-01T17:10:29","slug":"sindicatos-piden-que-aguinaldo-y-horas-extras-queden-exentas-de-impuestos","status":"publish","type":"post","link":"https:\/\/fuentesfidedignas.com.mx\/index.php\/2026\/05\/01\/sindicatos-piden-que-aguinaldo-y-horas-extras-queden-exentas-de-impuestos\/","title":{"rendered":"Sindicatos piden que aguinaldo y horas extras queden exentas de impuestos"},"content":{"rendered":"\n<p><br><strong><em>El objetivo de la reforma fiscal ser\u00eda proteger las prestaciones de los trabajadores con el fin de quitar impuestos al aguinaldo y horas extras.<\/em><\/strong><\/p>\n\n\n\n<p>La secretaria general de la Confederaci\u00f3n Aut\u00f3noma de Trabajadores de M\u00e9xico, Mar\u00eda de Jes\u00fas Rodr\u00edguez V\u00e1zquez, pidi\u00f3 este viernes 1 de mayo que la reciente reforma sobre la reducci\u00f3n de la jornada laboral sea acompa\u00f1ada por una reforma fiscal que beneficie directamente a los trabajadores, al permitirles percibir mayores ingresos netos.<\/p>\n\n\n\n<p>Durante su intervenci\u00f3n en la conferencia \u2018ma\u00f1anera\u2019, en el marco de la conmemoraci\u00f3n del D\u00eda del Trabajo, la dirigente sindical reconoci\u00f3 los avances alcanzados, pero subray\u00f3 la necesidad de complementar estas medidas con cambios en materia tributaria.<\/p>\n\n\n\n<p class=\"c-paragraph\">\u201cSe\u00f1ora presidenta, respetuosamente, le queremos pedir que esta gran reforma que hubo venga aparejada con&nbsp;<a href=\"https:\/\/www.elfinanciero.com.mx\/economia\/2025\/11\/09\/por-que-es-necesaria-una-reforma-fiscal-ventajas-y-desventajas-para-el-crecimiento-de-la-economia-en-mexico\/\" target=\"_blank\" rel=\"noreferrer noopener\">otra gran reforma que es la fiscal<\/a>&nbsp;para que los&nbsp;<strong>trabajadores de M\u00e9xico<\/strong>&nbsp;puedan ver reflejado su salario de manera m\u00e1s directa en sus bolsillos\u201d, expres\u00f3.<\/p>\n\n\n\n<p class=\"c-paragraph\">Rodr\u00edguez V\u00e1zquez plante\u00f3 que ciertos ingresos laborales queden exentos de impuestos para mejorar el poder adquisitivo.<\/p>\n\n\n\n<h2 class=\"wp-block-heading b-article-body__h2\">\u2018Trabajadores agradecer\u00e1n reforma fiscal que cuide sus prestaciones\u2019<\/h2>\n\n\n\n<p class=\"c-paragraph\">\u201cPara esto, ojal\u00e1 prestaciones como&nbsp;<a href=\"https:\/\/www.elfinanciero.com.mx\/mis-finanzas\/2026\/02\/08\/te-quedaste-hasta-tarde-asi-se-calcula-el-pago-de-las-horas-extra-en-mexico-segun-profedet\/\" target=\"_blank\" rel=\"noreferrer noopener\">horas extras<\/a>, como&nbsp;<a href=\"https:\/\/www.elfinanciero.com.mx\/economia\/2025\/10\/23\/el-sat-cobrara-impuestos-al-aguinaldo-en-2026-pero-no-es-un-cobro-nuevo\/\" target=\"_blank\" rel=\"noreferrer noopener\">aguinaldo<\/a>&nbsp;como el&nbsp;<strong>PTU&nbsp;<\/strong>(<a href=\"https:\/\/www.elfinanciero.com.mx\/mis-finanzas\/2026\/03\/27\/reparto-de-utilidades-2026-cuando-se-pagan-y-como-calcular\/\" target=\"_blank\" rel=\"noreferrer noopener\">Participaci\u00f3n de los Trabajadores en las Utilidades<\/a>), puedan quedar exentas de estos impuestos y cr\u00e9ame que los trabajadores se lo van a agradecer infinitamente\u201d, agreg\u00f3 Mar\u00eda de Jes\u00fas Rodr\u00edguez.&nbsp;<\/p>\n\n\n\n<p class=\"c-paragraph\">En su mensaje, tambi\u00e9n agradeci\u00f3 la aprobaci\u00f3n de la reducci\u00f3n de la jornada laboral, destac\u00e1ndola como un cambio relevante.<\/p>\n","protected":false},"excerpt":{"rendered":"<p>El objetivo de la reforma fiscal ser\u00eda proteger las prestaciones de los trabajadores con el fin de quitar impuestos al aguinaldo y horas extras. La secretaria general de la Confederaci\u00f3n Aut\u00f3noma de Trabajadores de M\u00e9xico, Mar\u00eda de Jes\u00fas Rodr\u00edguez V\u00e1zquez, pidi\u00f3 este viernes 1 de mayo que la reciente reforma sobre la reducci\u00f3n de la [&hellip;]<\/p>\n","protected":false},"author":21,"featured_media":132679,"comment_status":"closed","ping_status":"open","sticky":false,"template":"","format":"standard","meta":{"tdm_status":"","tdm_grid_status":"","footnotes":""},"categories":[39],"tags":[],"class_list":{"0":"post-132680","1":"post","2":"type-post","3":"status-publish","4":"format-standard","5":"has-post-thumbnail","7":"category-noticias-nacionales"},"yoast_head":"<!-- This site is optimized with the Yoast SEO plugin v27.5 - https:\/\/yoast.com\/product\/yoast-seo-wordpress\/ -->\n<title>Sindicatos piden que aguinaldo y horas extras queden exentas de impuestos - Fuentes Fidedignas<\/title>\n<meta name=\"robots\" content=\"index, follow, max-snippet:-1, max-image-preview:large, max-video-preview:-1\" \/>\n<link rel=\"canonical\" href=\"https:\/\/fuentesfidedignas.com.mx\/index.php\/2026\/05\/01\/sindicatos-piden-que-aguinaldo-y-horas-extras-queden-exentas-de-impuestos\/\" \/>\n<meta property=\"og:locale\" content=\"es_MX\" \/>\n<meta property=\"og:type\" content=\"article\" \/>\n<meta property=\"og:title\" content=\"Sindicatos piden que aguinaldo y horas extras queden exentas de impuestos - Fuentes Fidedignas\" \/>\n<meta property=\"og:description\" content=\"El objetivo de la reforma fiscal ser\u00eda proteger las prestaciones de los trabajadores con el fin de quitar impuestos al aguinaldo y horas extras. La secretaria general de la Confederaci\u00f3n Aut\u00f3noma de Trabajadores de M\u00e9xico, Mar\u00eda de Jes\u00fas Rodr\u00edguez V\u00e1zquez, pidi\u00f3 este viernes 1 de mayo que la reciente reforma sobre la reducci\u00f3n de la [&hellip;]\" \/>\n<meta property=\"og:url\" content=\"https:\/\/fuentesfidedignas.com.mx\/index.php\/2026\/05\/01\/sindicatos-piden-que-aguinaldo-y-horas-extras-queden-exentas-de-impuestos\/\" \/>\n<meta property=\"og:site_name\" content=\"Fuentes Fidedignas\" \/>\n<meta property=\"article:publisher\" content=\"https:\/\/www.facebook.com\/Fuentes-Fidedignas-368234489921644\" \/>\n<meta property=\"article:published_time\" content=\"2026-05-01T15:10:00+00:00\" \/>\n<meta property=\"article:modified_time\" content=\"2026-05-01T17:10:29+00:00\" \/>\n<meta property=\"og:image\" content=\"https:\/\/fuentesfidedignas.com.mx\/wp-content\/uploads\/2026\/05\/img_8316.jpeg\" \/>\n\t<meta property=\"og:image:width\" content=\"600\" \/>\n\t<meta property=\"og:image:height\" content=\"337\" \/>\n\t<meta property=\"og:image:type\" content=\"image\/jpeg\" \/>\n<meta name=\"author\" content=\"El Financiero\" \/>\n<meta name=\"twitter:card\" content=\"summary_large_image\" \/>\n<meta name=\"twitter:creator\" content=\"@fidedignas\" \/>\n<meta name=\"twitter:site\" content=\"@fidedignas\" \/>\n<meta name=\"twitter:label1\" content=\"Escrito por\" \/>\n\t<meta name=\"twitter:data1\" content=\"El Financiero\" \/>\n\t<meta name=\"twitter:label2\" content=\"Tiempo de lectura\" \/>\n\t<meta name=\"twitter:data2\" content=\"1 minuto\" \/>\n<script type=\"application\/ld+json\" class=\"yoast-schema-graph\">{\"@context\":\"https:\\\/\\\/schema.org\",\"@graph\":[{\"@type\":\"Article\",\"@id\":\"https:\\\/\\\/fuentesfidedignas.com.mx\\\/index.php\\\/2026\\\/05\\\/01\\\/sindicatos-piden-que-aguinaldo-y-horas-extras-queden-exentas-de-impuestos\\\/#article\",\"isPartOf\":{\"@id\":\"https:\\\/\\\/fuentesfidedignas.com.mx\\\/index.php\\\/2026\\\/05\\\/01\\\/sindicatos-piden-que-aguinaldo-y-horas-extras-queden-exentas-de-impuestos\\\/\"},\"author\":{\"name\":\"El Financiero\",\"@id\":\"https:\\\/\\\/fuentesfidedignas.com.mx\\\/#\\\/schema\\\/person\\\/494f7e0dce8dfaaec5b64f16615b78e9\"},\"headline\":\"Sindicatos piden que aguinaldo y horas extras queden exentas de impuestos\",\"datePublished\":\"2026-05-01T15:10:00+00:00\",\"dateModified\":\"2026-05-01T17:10:29+00:00\",\"mainEntityOfPage\":{\"@id\":\"https:\\\/\\\/fuentesfidedignas.com.mx\\\/index.php\\\/2026\\\/05\\\/01\\\/sindicatos-piden-que-aguinaldo-y-horas-extras-queden-exentas-de-impuestos\\\/\"},\"wordCount\":286,\"publisher\":{\"@id\":\"https:\\\/\\\/fuentesfidedignas.com.mx\\\/#organization\"},\"image\":{\"@id\":\"https:\\\/\\\/fuentesfidedignas.com.mx\\\/index.php\\\/2026\\\/05\\\/01\\\/sindicatos-piden-que-aguinaldo-y-horas-extras-queden-exentas-de-impuestos\\\/#primaryimage\"},\"thumbnailUrl\":\"https:\\\/\\\/fuentesfidedignas.com.mx\\\/wp-content\\\/uploads\\\/2026\\\/05\\\/img_8316.jpeg\",\"articleSection\":[\"NOTICIAS NACIONALES\"],\"inLanguage\":\"es\"},{\"@type\":\"WebPage\",\"@id\":\"https:\\\/\\\/fuentesfidedignas.com.mx\\\/index.php\\\/2026\\\/05\\\/01\\\/sindicatos-piden-que-aguinaldo-y-horas-extras-queden-exentas-de-impuestos\\\/\",\"url\":\"https:\\\/\\\/fuentesfidedignas.com.mx\\\/index.php\\\/2026\\\/05\\\/01\\\/sindicatos-piden-que-aguinaldo-y-horas-extras-queden-exentas-de-impuestos\\\/\",\"name\":\"Sindicatos piden que aguinaldo y horas extras queden exentas de impuestos - Fuentes Fidedignas\",\"isPartOf\":{\"@id\":\"https:\\\/\\\/fuentesfidedignas.com.mx\\\/#website\"},\"primaryImageOfPage\":{\"@id\":\"https:\\\/\\\/fuentesfidedignas.com.mx\\\/index.php\\\/2026\\\/05\\\/01\\\/sindicatos-piden-que-aguinaldo-y-horas-extras-queden-exentas-de-impuestos\\\/#primaryimage\"},\"image\":{\"@id\":\"https:\\\/\\\/fuentesfidedignas.com.mx\\\/index.php\\\/2026\\\/05\\\/01\\\/sindicatos-piden-que-aguinaldo-y-horas-extras-queden-exentas-de-impuestos\\\/#primaryimage\"},\"thumbnailUrl\":\"https:\\\/\\\/fuentesfidedignas.com.mx\\\/wp-content\\\/uploads\\\/2026\\\/05\\\/img_8316.jpeg\",\"datePublished\":\"2026-05-01T15:10:00+00:00\",\"dateModified\":\"2026-05-01T17:10:29+00:00\",\"breadcrumb\":{\"@id\":\"https:\\\/\\\/fuentesfidedignas.com.mx\\\/index.php\\\/2026\\\/05\\\/01\\\/sindicatos-piden-que-aguinaldo-y-horas-extras-queden-exentas-de-impuestos\\\/#breadcrumb\"},\"inLanguage\":\"es\",\"potentialAction\":[{\"@type\":\"ReadAction\",\"target\":[\"https:\\\/\\\/fuentesfidedignas.com.mx\\\/index.php\\\/2026\\\/05\\\/01\\\/sindicatos-piden-que-aguinaldo-y-horas-extras-queden-exentas-de-impuestos\\\/\"]}]},{\"@type\":\"ImageObject\",\"inLanguage\":\"es\",\"@id\":\"https:\\\/\\\/fuentesfidedignas.com.mx\\\/index.php\\\/2026\\\/05\\\/01\\\/sindicatos-piden-que-aguinaldo-y-horas-extras-queden-exentas-de-impuestos\\\/#primaryimage\",\"url\":\"https:\\\/\\\/fuentesfidedignas.com.mx\\\/wp-content\\\/uploads\\\/2026\\\/05\\\/img_8316.jpeg\",\"contentUrl\":\"https:\\\/\\\/fuentesfidedignas.com.mx\\\/wp-content\\\/uploads\\\/2026\\\/05\\\/img_8316.jpeg\",\"width\":600,\"height\":337},{\"@type\":\"BreadcrumbList\",\"@id\":\"https:\\\/\\\/fuentesfidedignas.com.mx\\\/index.php\\\/2026\\\/05\\\/01\\\/sindicatos-piden-que-aguinaldo-y-horas-extras-queden-exentas-de-impuestos\\\/#breadcrumb\",\"itemListElement\":[{\"@type\":\"ListItem\",\"position\":1,\"name\":\"Inicio\",\"item\":\"https:\\\/\\\/fuentesfidedignas.com.mx\\\/\"},{\"@type\":\"ListItem\",\"position\":2,\"name\":\"Sindicatos piden que aguinaldo y horas extras queden exentas de impuestos\"}]},{\"@type\":\"WebSite\",\"@id\":\"https:\\\/\\\/fuentesfidedignas.com.mx\\\/#website\",\"url\":\"https:\\\/\\\/fuentesfidedignas.com.mx\\\/\",\"name\":\"Fuentes Fidedignas\",\"description\":\"Otro sitio realizado con WordPress\",\"publisher\":{\"@id\":\"https:\\\/\\\/fuentesfidedignas.com.mx\\\/#organization\"},\"potentialAction\":[{\"@type\":\"SearchAction\",\"target\":{\"@type\":\"EntryPoint\",\"urlTemplate\":\"https:\\\/\\\/fuentesfidedignas.com.mx\\\/?s={search_term_string}\"},\"query-input\":{\"@type\":\"PropertyValueSpecification\",\"valueRequired\":true,\"valueName\":\"search_term_string\"}}],\"inLanguage\":\"es\"},{\"@type\":\"Organization\",\"@id\":\"https:\\\/\\\/fuentesfidedignas.com.mx\\\/#organization\",\"name\":\"Fuentes Fidedignas\",\"url\":\"https:\\\/\\\/fuentesfidedignas.com.mx\\\/\",\"logo\":{\"@type\":\"ImageObject\",\"inLanguage\":\"es\",\"@id\":\"https:\\\/\\\/fuentesfidedignas.com.mx\\\/#\\\/schema\\\/logo\\\/image\\\/\",\"url\":\"https:\\\/\\\/fuentesfidedignas.com.mx\\\/wp-content\\\/uploads\\\/2021\\\/04\\\/logo-retina.png\",\"contentUrl\":\"https:\\\/\\\/fuentesfidedignas.com.mx\\\/wp-content\\\/uploads\\\/2021\\\/04\\\/logo-retina.png\",\"width\":280,\"height\":51,\"caption\":\"Fuentes Fidedignas\"},\"image\":{\"@id\":\"https:\\\/\\\/fuentesfidedignas.com.mx\\\/#\\\/schema\\\/logo\\\/image\\\/\"},\"sameAs\":[\"https:\\\/\\\/www.facebook.com\\\/Fuentes-Fidedignas-368234489921644\",\"https:\\\/\\\/x.com\\\/fidedignas\"]},{\"@type\":\"Person\",\"@id\":\"https:\\\/\\\/fuentesfidedignas.com.mx\\\/#\\\/schema\\\/person\\\/494f7e0dce8dfaaec5b64f16615b78e9\",\"name\":\"El Financiero\",\"image\":{\"@type\":\"ImageObject\",\"inLanguage\":\"es\",\"@id\":\"https:\\\/\\\/secure.gravatar.com\\\/avatar\\\/88c0f3f2079389318ef8dd35c22cb997212aa89646e357ba59b318db26ed91a9?s=96&d=mm&r=g\",\"url\":\"https:\\\/\\\/secure.gravatar.com\\\/avatar\\\/88c0f3f2079389318ef8dd35c22cb997212aa89646e357ba59b318db26ed91a9?s=96&d=mm&r=g\",\"contentUrl\":\"https:\\\/\\\/secure.gravatar.com\\\/avatar\\\/88c0f3f2079389318ef8dd35c22cb997212aa89646e357ba59b318db26ed91a9?s=96&d=mm&r=g\",\"caption\":\"El Financiero\"},\"url\":\"https:\\\/\\\/fuentesfidedignas.com.mx\\\/index.php\\\/author\\\/financiero\\\/\"}]}<\/script>\n<!-- \/ Yoast SEO plugin. -->","yoast_head_json":{"title":"Sindicatos piden que aguinaldo y horas extras queden exentas de impuestos - Fuentes Fidedignas","robots":{"index":"index","follow":"follow","max-snippet":"max-snippet:-1","max-image-preview":"max-image-preview:large","max-video-preview":"max-video-preview:-1"},"canonical":"https:\/\/fuentesfidedignas.com.mx\/index.php\/2026\/05\/01\/sindicatos-piden-que-aguinaldo-y-horas-extras-queden-exentas-de-impuestos\/","og_locale":"es_MX","og_type":"article","og_title":"Sindicatos piden que aguinaldo y horas extras queden exentas de impuestos - Fuentes Fidedignas","og_description":"El objetivo de la reforma fiscal ser\u00eda proteger las prestaciones de los trabajadores con el fin de quitar impuestos al aguinaldo y horas extras. La secretaria general de la Confederaci\u00f3n Aut\u00f3noma de Trabajadores de M\u00e9xico, Mar\u00eda de Jes\u00fas Rodr\u00edguez V\u00e1zquez, pidi\u00f3 este viernes 1 de mayo que la reciente reforma sobre la reducci\u00f3n de la [&hellip;]","og_url":"https:\/\/fuentesfidedignas.com.mx\/index.php\/2026\/05\/01\/sindicatos-piden-que-aguinaldo-y-horas-extras-queden-exentas-de-impuestos\/","og_site_name":"Fuentes Fidedignas","article_publisher":"https:\/\/www.facebook.com\/Fuentes-Fidedignas-368234489921644","article_published_time":"2026-05-01T15:10:00+00:00","article_modified_time":"2026-05-01T17:10:29+00:00","og_image":[{"width":600,"height":337,"url":"https:\/\/fuentesfidedignas.com.mx\/wp-content\/uploads\/2026\/05\/img_8316.jpeg","type":"image\/jpeg"}],"author":"El Financiero","twitter_card":"summary_large_image","twitter_creator":"@fidedignas","twitter_site":"@fidedignas","twitter_misc":{"Escrito por":"El Financiero","Tiempo de lectura":"1 minuto"},"schema":{"@context":"https:\/\/schema.org","@graph":[{"@type":"Article","@id":"https:\/\/fuentesfidedignas.com.mx\/index.php\/2026\/05\/01\/sindicatos-piden-que-aguinaldo-y-horas-extras-queden-exentas-de-impuestos\/#article","isPartOf":{"@id":"https:\/\/fuentesfidedignas.com.mx\/index.php\/2026\/05\/01\/sindicatos-piden-que-aguinaldo-y-horas-extras-queden-exentas-de-impuestos\/"},"author":{"name":"El Financiero","@id":"https:\/\/fuentesfidedignas.com.mx\/#\/schema\/person\/494f7e0dce8dfaaec5b64f16615b78e9"},"headline":"Sindicatos piden que aguinaldo y horas extras queden exentas de impuestos","datePublished":"2026-05-01T15:10:00+00:00","dateModified":"2026-05-01T17:10:29+00:00","mainEntityOfPage":{"@id":"https:\/\/fuentesfidedignas.com.mx\/index.php\/2026\/05\/01\/sindicatos-piden-que-aguinaldo-y-horas-extras-queden-exentas-de-impuestos\/"},"wordCount":286,"publisher":{"@id":"https:\/\/fuentesfidedignas.com.mx\/#organization"},"image":{"@id":"https:\/\/fuentesfidedignas.com.mx\/index.php\/2026\/05\/01\/sindicatos-piden-que-aguinaldo-y-horas-extras-queden-exentas-de-impuestos\/#primaryimage"},"thumbnailUrl":"https:\/\/fuentesfidedignas.com.mx\/wp-content\/uploads\/2026\/05\/img_8316.jpeg","articleSection":["NOTICIAS NACIONALES"],"inLanguage":"es"},{"@type":"WebPage","@id":"https:\/\/fuentesfidedignas.com.mx\/index.php\/2026\/05\/01\/sindicatos-piden-que-aguinaldo-y-horas-extras-queden-exentas-de-impuestos\/","url":"https:\/\/fuentesfidedignas.com.mx\/index.php\/2026\/05\/01\/sindicatos-piden-que-aguinaldo-y-horas-extras-queden-exentas-de-impuestos\/","name":"Sindicatos piden que aguinaldo y horas extras queden exentas de impuestos - Fuentes Fidedignas","isPartOf":{"@id":"https:\/\/fuentesfidedignas.com.mx\/#website"},"primaryImageOfPage":{"@id":"https:\/\/fuentesfidedignas.com.mx\/index.php\/2026\/05\/01\/sindicatos-piden-que-aguinaldo-y-horas-extras-queden-exentas-de-impuestos\/#primaryimage"},"image":{"@id":"https:\/\/fuentesfidedignas.com.mx\/index.php\/2026\/05\/01\/sindicatos-piden-que-aguinaldo-y-horas-extras-queden-exentas-de-impuestos\/#primaryimage"},"thumbnailUrl":"https:\/\/fuentesfidedignas.com.mx\/wp-content\/uploads\/2026\/05\/img_8316.jpeg","datePublished":"2026-05-01T15:10:00+00:00","dateModified":"2026-05-01T17:10:29+00:00","breadcrumb":{"@id":"https:\/\/fuentesfidedignas.com.mx\/index.php\/2026\/05\/01\/sindicatos-piden-que-aguinaldo-y-horas-extras-queden-exentas-de-impuestos\/#breadcrumb"},"inLanguage":"es","potentialAction":[{"@type":"ReadAction","target":["https:\/\/fuentesfidedignas.com.mx\/index.php\/2026\/05\/01\/sindicatos-piden-que-aguinaldo-y-horas-extras-queden-exentas-de-impuestos\/"]}]},{"@type":"ImageObject","inLanguage":"es","@id":"https:\/\/fuentesfidedignas.com.mx\/index.php\/2026\/05\/01\/sindicatos-piden-que-aguinaldo-y-horas-extras-queden-exentas-de-impuestos\/#primaryimage","url":"https:\/\/fuentesfidedignas.com.mx\/wp-content\/uploads\/2026\/05\/img_8316.jpeg","contentUrl":"https:\/\/fuentesfidedignas.com.mx\/wp-content\/uploads\/2026\/05\/img_8316.jpeg","width":600,"height":337},{"@type":"BreadcrumbList","@id":"https:\/\/fuentesfidedignas.com.mx\/index.php\/2026\/05\/01\/sindicatos-piden-que-aguinaldo-y-horas-extras-queden-exentas-de-impuestos\/#breadcrumb","itemListElement":[{"@type":"ListItem","position":1,"name":"Inicio","item":"https:\/\/fuentesfidedignas.com.mx\/"},{"@type":"ListItem","position":2,"name":"Sindicatos piden que aguinaldo y horas extras queden exentas de impuestos"}]},{"@type":"WebSite","@id":"https:\/\/fuentesfidedignas.com.mx\/#website","url":"https:\/\/fuentesfidedignas.com.mx\/","name":"Fuentes Fidedignas","description":"Otro sitio realizado con WordPress","publisher":{"@id":"https:\/\/fuentesfidedignas.com.mx\/#organization"},"potentialAction":[{"@type":"SearchAction","target":{"@type":"EntryPoint","urlTemplate":"https:\/\/fuentesfidedignas.com.mx\/?s={search_term_string}"},"query-input":{"@type":"PropertyValueSpecification","valueRequired":true,"valueName":"search_term_string"}}],"inLanguage":"es"},{"@type":"Organization","@id":"https:\/\/fuentesfidedignas.com.mx\/#organization","name":"Fuentes Fidedignas","url":"https:\/\/fuentesfidedignas.com.mx\/","logo":{"@type":"ImageObject","inLanguage":"es","@id":"https:\/\/fuentesfidedignas.com.mx\/#\/schema\/logo\/image\/","url":"https:\/\/fuentesfidedignas.com.mx\/wp-content\/uploads\/2021\/04\/logo-retina.png","contentUrl":"https:\/\/fuentesfidedignas.com.mx\/wp-content\/uploads\/2021\/04\/logo-retina.png","width":280,"height":51,"caption":"Fuentes Fidedignas"},"image":{"@id":"https:\/\/fuentesfidedignas.com.mx\/#\/schema\/logo\/image\/"},"sameAs":["https:\/\/www.facebook.com\/Fuentes-Fidedignas-368234489921644","https:\/\/x.com\/fidedignas"]},{"@type":"Person","@id":"https:\/\/fuentesfidedignas.com.mx\/#\/schema\/person\/494f7e0dce8dfaaec5b64f16615b78e9","name":"El Financiero","image":{"@type":"ImageObject","inLanguage":"es","@id":"https:\/\/secure.gravatar.com\/avatar\/88c0f3f2079389318ef8dd35c22cb997212aa89646e357ba59b318db26ed91a9?s=96&d=mm&r=g","url":"https:\/\/secure.gravatar.com\/avatar\/88c0f3f2079389318ef8dd35c22cb997212aa89646e357ba59b318db26ed91a9?s=96&d=mm&r=g","contentUrl":"https:\/\/secure.gravatar.com\/avatar\/88c0f3f2079389318ef8dd35c22cb997212aa89646e357ba59b318db26ed91a9?s=96&d=mm&r=g","caption":"El Financiero"},"url":"https:\/\/fuentesfidedignas.com.mx\/index.php\/author\/financiero\/"}]}},"_links":{"self":[{"href":"https:\/\/fuentesfidedignas.com.mx\/index.php\/wp-json\/wp\/v2\/posts\/132680","targetHints":{"allow":["GET"]}}],"collection":[{"href":"https:\/\/fuentesfidedignas.com.mx\/index.php\/wp-json\/wp\/v2\/posts"}],"about":[{"href":"https:\/\/fuentesfidedignas.com.mx\/index.php\/wp-json\/wp\/v2\/types\/post"}],"author":[{"embeddable":true,"href":"https:\/\/fuentesfidedignas.com.mx\/index.php\/wp-json\/wp\/v2\/users\/21"}],"replies":[{"embeddable":true,"href":"https:\/\/fuentesfidedignas.com.mx\/index.php\/wp-json\/wp\/v2\/comments?post=132680"}],"version-history":[{"count":1,"href":"https:\/\/fuentesfidedignas.com.mx\/index.php\/wp-json\/wp\/v2\/posts\/132680\/revisions"}],"predecessor-version":[{"id":132681,"href":"https:\/\/fuentesfidedignas.com.mx\/index.php\/wp-json\/wp\/v2\/posts\/132680\/revisions\/132681"}],"wp:featuredmedia":[{"embeddable":true,"href":"https:\/\/fuentesfidedignas.com.mx\/index.php\/wp-json\/wp\/v2\/media\/132679"}],"wp:attachment":[{"href":"https:\/\/fuentesfidedignas.com.mx\/index.php\/wp-json\/wp\/v2\/media?parent=132680"}],"wp:term":[{"taxonomy":"category","embeddable":true,"href":"https:\/\/fuentesfidedignas.com.mx\/index.php\/wp-json\/wp\/v2\/categories?post=132680"},{"taxonomy":"post_tag","embeddable":true,"href":"https:\/\/fuentesfidedignas.com.mx\/index.php\/wp-json\/wp\/v2\/tags?post=132680"}],"curies":[{"name":"wp","href":"https:\/\/api.w.org\/{rel}","templated":true}]}}