{"id":132674,"date":"2026-05-01T09:54:23","date_gmt":"2026-05-01T16:54:23","guid":{"rendered":"https:\/\/fuentesfidedignas.com.mx\/?p=132674"},"modified":"2026-05-01T09:54:23","modified_gmt":"2026-05-01T16:54:23","slug":"sheinbaum-niega-estar-entre-la-espada-y-la-pared-por-casos-chihuahua-y-rocha-moya","status":"publish","type":"post","link":"https:\/\/fuentesfidedignas.com.mx\/index.php\/2026\/05\/01\/sheinbaum-niega-estar-entre-la-espada-y-la-pared-por-casos-chihuahua-y-rocha-moya\/","title":{"rendered":"Sheinbaum niega estar entre la espada y la pared por Casos Chihuahua y Rocha Moya"},"content":{"rendered":"\n<p>La presidenta Claudia Sheinbaum Pardo dej\u00f3 en claro que es falso que se encuentre \u201centre la espada y la pared\u201d por los casos de los agentes estadounidenses en Chihuahua y la acusaci\u00f3n de Estados Unidos al gobernador de Sinaloa, Rub\u00e9n Rocha Moya.<\/p>\n\n\n\n<p>En la conferencia matutina del viernes 1 de mayo de 2026, Sheinbaum Pardo asegur\u00f3 que en M\u00e9xico deciden los mexicanos.<\/p>\n\n\n\n<blockquote class=\"wp-block-quote is-layout-flow wp-block-quote-is-layout-flow\">\n<p>\u201cEstuve viendo algunas publicaciones ayer y el d\u00eda de hoy, est\u00e1n poniendo a la presidenta entre la espada y la pared. Falso\u201d, expuso<strong>.&nbsp;<\/strong><\/p>\n<\/blockquote>\n\n\n\n<p>\u201cEn M\u00e9xico decidimos los mexicanos, para empezar.Nosotros siempre vamos a trabajar con la verdad, la justicia y la defensa de la soberan\u00eda; en el caso Chihuahua, en el caso Sinaloa y en cualquier otro caso\u201d, puntualiz\u00f3.<\/p>\n\n\n\n<p>La mandataria mexicana argument\u00f3 que su Gobierno trabaja por la seguridad de los mexicanos, y que con Estados Unidos hay coorperaci\u00f3n y coordinaci\u00f3n.<\/p>\n\n\n\n<p>\u201cCon Estados Unidos cooperamos, nos coordinamos, lo he dicho muchas veces: nunca nos vamos a subordinar. Es un asunto de dignidad, \u00bfde qui\u00e9n? Del pueblo de M\u00e9xico y de la Naci\u00f3n\u201d, dijo.<\/p>\n\n\n\n<p>Sheinbaum Pardo enfatiz\u00f3 que se siente s\u00f3lida, fuerte y segura, adem\u00e1s de que recalc\u00f3 que la soberan\u00eda del pa\u00eds no se negocia ante nadie.<\/p>\n\n\n\n<p>\u201cEl Caso Chihuahua lo lleva la Fiscal\u00eda (FGR), el Caso Sinaloa lo lleva la Fiscal\u00eda. Hay instancias institucionales en las que creemos que est\u00e1n llevando estos casos y ellos tienen que informar\u201d, se\u00f1al\u00f3.<\/p>\n\n\n\n<blockquote class=\"wp-block-quote is-layout-flow wp-block-quote-is-layout-flow\">\n<p>\u201cPero la presidenta est\u00e1 fuerte, est\u00e1 s\u00f3lida y muy segura por una sola raz\u00f3n: nunca nos vamos a separar del pueblo de M\u00e9xico y siempre vamos a defender la soberan\u00eda por encima de todo\u201d, lanz\u00f3.<\/p>\n<\/blockquote>\n\n\n\n<p>Y lo tenemos muy claro y estoy tranquila, sin ning\u00fan problema, por una cosa: es tiempo de la defensa de los principios, y hay un principio que se llama soberan\u00eda, y esa no se negocia\u201d, agreg\u00f3.<\/p>\n\n\n\n<p><\/p>\n","protected":false},"excerpt":{"rendered":"<p>La presidenta Claudia Sheinbaum Pardo dej\u00f3 en claro que es falso que se encuentre \u201centre la espada y la pared\u201d por los casos de los agentes estadounidenses en Chihuahua y la acusaci\u00f3n de Estados Unidos al gobernador de Sinaloa, Rub\u00e9n Rocha Moya. En la conferencia matutina del viernes 1 de mayo de 2026, Sheinbaum Pardo [&hellip;]<\/p>\n","protected":false},"author":47,"featured_media":132673,"comment_status":"closed","ping_status":"open","sticky":false,"template":"","format":"standard","meta":{"tdm_status":"","tdm_grid_status":"","footnotes":""},"categories":[39],"tags":[],"class_list":{"0":"post-132674","1":"post","2":"type-post","3":"status-publish","4":"format-standard","5":"has-post-thumbnail","7":"category-noticias-nacionales"},"yoast_head":"<!-- This site is optimized with the Yoast SEO plugin v27.5 - https:\/\/yoast.com\/product\/yoast-seo-wordpress\/ -->\n<title>Sheinbaum niega estar entre la espada y la pared por Casos Chihuahua y Rocha Moya - Fuentes Fidedignas<\/title>\n<meta name=\"robots\" content=\"index, follow, max-snippet:-1, max-image-preview:large, max-video-preview:-1\" \/>\n<link rel=\"canonical\" href=\"https:\/\/fuentesfidedignas.com.mx\/index.php\/2026\/05\/01\/sheinbaum-niega-estar-entre-la-espada-y-la-pared-por-casos-chihuahua-y-rocha-moya\/\" \/>\n<meta property=\"og:locale\" content=\"es_MX\" \/>\n<meta property=\"og:type\" content=\"article\" \/>\n<meta property=\"og:title\" content=\"Sheinbaum niega estar entre la espada y la pared por Casos Chihuahua y Rocha Moya - Fuentes Fidedignas\" \/>\n<meta property=\"og:description\" content=\"La presidenta Claudia Sheinbaum Pardo dej\u00f3 en claro que es falso que se encuentre \u201centre la espada y la pared\u201d por los casos de los agentes estadounidenses en Chihuahua y la acusaci\u00f3n de Estados Unidos al gobernador de Sinaloa, Rub\u00e9n Rocha Moya. En la conferencia matutina del viernes 1 de mayo de 2026, Sheinbaum Pardo [&hellip;]\" \/>\n<meta property=\"og:url\" content=\"https:\/\/fuentesfidedignas.com.mx\/index.php\/2026\/05\/01\/sheinbaum-niega-estar-entre-la-espada-y-la-pared-por-casos-chihuahua-y-rocha-moya\/\" \/>\n<meta property=\"og:site_name\" content=\"Fuentes Fidedignas\" \/>\n<meta property=\"article:publisher\" content=\"https:\/\/www.facebook.com\/Fuentes-Fidedignas-368234489921644\" \/>\n<meta property=\"article:published_time\" content=\"2026-05-01T16:54:23+00:00\" \/>\n<meta property=\"og:image\" content=\"https:\/\/fuentesfidedignas.com.mx\/wp-content\/uploads\/2026\/05\/img_8309.jpeg\" \/>\n\t<meta property=\"og:image:width\" content=\"1536\" \/>\n\t<meta property=\"og:image:height\" content=\"1024\" \/>\n\t<meta property=\"og:image:type\" content=\"image\/jpeg\" \/>\n<meta name=\"author\" content=\"L\u00f3pez D\u00f3riga\" \/>\n<meta name=\"twitter:card\" content=\"summary_large_image\" \/>\n<meta name=\"twitter:creator\" content=\"@fidedignas\" \/>\n<meta name=\"twitter:site\" content=\"@fidedignas\" \/>\n<meta name=\"twitter:label1\" content=\"Escrito por\" \/>\n\t<meta name=\"twitter:data1\" content=\"L\u00f3pez D\u00f3riga\" \/>\n\t<meta name=\"twitter:label2\" content=\"Tiempo de lectura\" \/>\n\t<meta name=\"twitter:data2\" content=\"2 minutos\" \/>\n<script type=\"application\/ld+json\" class=\"yoast-schema-graph\">{\"@context\":\"https:\\\/\\\/schema.org\",\"@graph\":[{\"@type\":\"Article\",\"@id\":\"https:\\\/\\\/fuentesfidedignas.com.mx\\\/index.php\\\/2026\\\/05\\\/01\\\/sheinbaum-niega-estar-entre-la-espada-y-la-pared-por-casos-chihuahua-y-rocha-moya\\\/#article\",\"isPartOf\":{\"@id\":\"https:\\\/\\\/fuentesfidedignas.com.mx\\\/index.php\\\/2026\\\/05\\\/01\\\/sheinbaum-niega-estar-entre-la-espada-y-la-pared-por-casos-chihuahua-y-rocha-moya\\\/\"},\"author\":{\"name\":\"L\u00f3pez D\u00f3riga\",\"@id\":\"https:\\\/\\\/fuentesfidedignas.com.mx\\\/#\\\/schema\\\/person\\\/67d852f0557c8509146a4b9ddebd543a\"},\"headline\":\"Sheinbaum niega estar entre la espada y la pared por Casos Chihuahua y Rocha Moya\",\"datePublished\":\"2026-05-01T16:54:23+00:00\",\"mainEntityOfPage\":{\"@id\":\"https:\\\/\\\/fuentesfidedignas.com.mx\\\/index.php\\\/2026\\\/05\\\/01\\\/sheinbaum-niega-estar-entre-la-espada-y-la-pared-por-casos-chihuahua-y-rocha-moya\\\/\"},\"wordCount\":345,\"publisher\":{\"@id\":\"https:\\\/\\\/fuentesfidedignas.com.mx\\\/#organization\"},\"image\":{\"@id\":\"https:\\\/\\\/fuentesfidedignas.com.mx\\\/index.php\\\/2026\\\/05\\\/01\\\/sheinbaum-niega-estar-entre-la-espada-y-la-pared-por-casos-chihuahua-y-rocha-moya\\\/#primaryimage\"},\"thumbnailUrl\":\"https:\\\/\\\/fuentesfidedignas.com.mx\\\/wp-content\\\/uploads\\\/2026\\\/05\\\/img_8309.jpeg\",\"articleSection\":[\"NOTICIAS NACIONALES\"],\"inLanguage\":\"es\"},{\"@type\":\"WebPage\",\"@id\":\"https:\\\/\\\/fuentesfidedignas.com.mx\\\/index.php\\\/2026\\\/05\\\/01\\\/sheinbaum-niega-estar-entre-la-espada-y-la-pared-por-casos-chihuahua-y-rocha-moya\\\/\",\"url\":\"https:\\\/\\\/fuentesfidedignas.com.mx\\\/index.php\\\/2026\\\/05\\\/01\\\/sheinbaum-niega-estar-entre-la-espada-y-la-pared-por-casos-chihuahua-y-rocha-moya\\\/\",\"name\":\"Sheinbaum niega estar entre la espada y la pared por Casos Chihuahua y Rocha Moya - Fuentes Fidedignas\",\"isPartOf\":{\"@id\":\"https:\\\/\\\/fuentesfidedignas.com.mx\\\/#website\"},\"primaryImageOfPage\":{\"@id\":\"https:\\\/\\\/fuentesfidedignas.com.mx\\\/index.php\\\/2026\\\/05\\\/01\\\/sheinbaum-niega-estar-entre-la-espada-y-la-pared-por-casos-chihuahua-y-rocha-moya\\\/#primaryimage\"},\"image\":{\"@id\":\"https:\\\/\\\/fuentesfidedignas.com.mx\\\/index.php\\\/2026\\\/05\\\/01\\\/sheinbaum-niega-estar-entre-la-espada-y-la-pared-por-casos-chihuahua-y-rocha-moya\\\/#primaryimage\"},\"thumbnailUrl\":\"https:\\\/\\\/fuentesfidedignas.com.mx\\\/wp-content\\\/uploads\\\/2026\\\/05\\\/img_8309.jpeg\",\"datePublished\":\"2026-05-01T16:54:23+00:00\",\"breadcrumb\":{\"@id\":\"https:\\\/\\\/fuentesfidedignas.com.mx\\\/index.php\\\/2026\\\/05\\\/01\\\/sheinbaum-niega-estar-entre-la-espada-y-la-pared-por-casos-chihuahua-y-rocha-moya\\\/#breadcrumb\"},\"inLanguage\":\"es\",\"potentialAction\":[{\"@type\":\"ReadAction\",\"target\":[\"https:\\\/\\\/fuentesfidedignas.com.mx\\\/index.php\\\/2026\\\/05\\\/01\\\/sheinbaum-niega-estar-entre-la-espada-y-la-pared-por-casos-chihuahua-y-rocha-moya\\\/\"]}]},{\"@type\":\"ImageObject\",\"inLanguage\":\"es\",\"@id\":\"https:\\\/\\\/fuentesfidedignas.com.mx\\\/index.php\\\/2026\\\/05\\\/01\\\/sheinbaum-niega-estar-entre-la-espada-y-la-pared-por-casos-chihuahua-y-rocha-moya\\\/#primaryimage\",\"url\":\"https:\\\/\\\/fuentesfidedignas.com.mx\\\/wp-content\\\/uploads\\\/2026\\\/05\\\/img_8309.jpeg\",\"contentUrl\":\"https:\\\/\\\/fuentesfidedignas.com.mx\\\/wp-content\\\/uploads\\\/2026\\\/05\\\/img_8309.jpeg\",\"width\":1536,\"height\":1024},{\"@type\":\"BreadcrumbList\",\"@id\":\"https:\\\/\\\/fuentesfidedignas.com.mx\\\/index.php\\\/2026\\\/05\\\/01\\\/sheinbaum-niega-estar-entre-la-espada-y-la-pared-por-casos-chihuahua-y-rocha-moya\\\/#breadcrumb\",\"itemListElement\":[{\"@type\":\"ListItem\",\"position\":1,\"name\":\"Inicio\",\"item\":\"https:\\\/\\\/fuentesfidedignas.com.mx\\\/\"},{\"@type\":\"ListItem\",\"position\":2,\"name\":\"Sheinbaum niega estar entre la espada y la pared por Casos Chihuahua y Rocha Moya\"}]},{\"@type\":\"WebSite\",\"@id\":\"https:\\\/\\\/fuentesfidedignas.com.mx\\\/#website\",\"url\":\"https:\\\/\\\/fuentesfidedignas.com.mx\\\/\",\"name\":\"Fuentes Fidedignas\",\"description\":\"Otro sitio realizado con WordPress\",\"publisher\":{\"@id\":\"https:\\\/\\\/fuentesfidedignas.com.mx\\\/#organization\"},\"potentialAction\":[{\"@type\":\"SearchAction\",\"target\":{\"@type\":\"EntryPoint\",\"urlTemplate\":\"https:\\\/\\\/fuentesfidedignas.com.mx\\\/?s={search_term_string}\"},\"query-input\":{\"@type\":\"PropertyValueSpecification\",\"valueRequired\":true,\"valueName\":\"search_term_string\"}}],\"inLanguage\":\"es\"},{\"@type\":\"Organization\",\"@id\":\"https:\\\/\\\/fuentesfidedignas.com.mx\\\/#organization\",\"name\":\"Fuentes Fidedignas\",\"url\":\"https:\\\/\\\/fuentesfidedignas.com.mx\\\/\",\"logo\":{\"@type\":\"ImageObject\",\"inLanguage\":\"es\",\"@id\":\"https:\\\/\\\/fuentesfidedignas.com.mx\\\/#\\\/schema\\\/logo\\\/image\\\/\",\"url\":\"https:\\\/\\\/fuentesfidedignas.com.mx\\\/wp-content\\\/uploads\\\/2021\\\/04\\\/logo-retina.png\",\"contentUrl\":\"https:\\\/\\\/fuentesfidedignas.com.mx\\\/wp-content\\\/uploads\\\/2021\\\/04\\\/logo-retina.png\",\"width\":280,\"height\":51,\"caption\":\"Fuentes Fidedignas\"},\"image\":{\"@id\":\"https:\\\/\\\/fuentesfidedignas.com.mx\\\/#\\\/schema\\\/logo\\\/image\\\/\"},\"sameAs\":[\"https:\\\/\\\/www.facebook.com\\\/Fuentes-Fidedignas-368234489921644\",\"https:\\\/\\\/x.com\\\/fidedignas\"]},{\"@type\":\"Person\",\"@id\":\"https:\\\/\\\/fuentesfidedignas.com.mx\\\/#\\\/schema\\\/person\\\/67d852f0557c8509146a4b9ddebd543a\",\"name\":\"L\u00f3pez D\u00f3riga\",\"image\":{\"@type\":\"ImageObject\",\"inLanguage\":\"es\",\"@id\":\"https:\\\/\\\/secure.gravatar.com\\\/avatar\\\/e525b06574ca18b33cded59dfe5778d6c823b9513154eff47da551b0551bdd1e?s=96&d=mm&r=g\",\"url\":\"https:\\\/\\\/secure.gravatar.com\\\/avatar\\\/e525b06574ca18b33cded59dfe5778d6c823b9513154eff47da551b0551bdd1e?s=96&d=mm&r=g\",\"contentUrl\":\"https:\\\/\\\/secure.gravatar.com\\\/avatar\\\/e525b06574ca18b33cded59dfe5778d6c823b9513154eff47da551b0551bdd1e?s=96&d=mm&r=g\",\"caption\":\"L\u00f3pez D\u00f3riga\"},\"url\":\"https:\\\/\\\/fuentesfidedignas.com.mx\\\/index.php\\\/author\\\/doriga\\\/\"}]}<\/script>\n<!-- \/ Yoast SEO plugin. -->","yoast_head_json":{"title":"Sheinbaum niega estar entre la espada y la pared por Casos Chihuahua y Rocha Moya - Fuentes Fidedignas","robots":{"index":"index","follow":"follow","max-snippet":"max-snippet:-1","max-image-preview":"max-image-preview:large","max-video-preview":"max-video-preview:-1"},"canonical":"https:\/\/fuentesfidedignas.com.mx\/index.php\/2026\/05\/01\/sheinbaum-niega-estar-entre-la-espada-y-la-pared-por-casos-chihuahua-y-rocha-moya\/","og_locale":"es_MX","og_type":"article","og_title":"Sheinbaum niega estar entre la espada y la pared por Casos Chihuahua y Rocha Moya - Fuentes Fidedignas","og_description":"La presidenta Claudia Sheinbaum Pardo dej\u00f3 en claro que es falso que se encuentre \u201centre la espada y la pared\u201d por los casos de los agentes estadounidenses en Chihuahua y la acusaci\u00f3n de Estados Unidos al gobernador de Sinaloa, Rub\u00e9n Rocha Moya. En la conferencia matutina del viernes 1 de mayo de 2026, Sheinbaum Pardo [&hellip;]","og_url":"https:\/\/fuentesfidedignas.com.mx\/index.php\/2026\/05\/01\/sheinbaum-niega-estar-entre-la-espada-y-la-pared-por-casos-chihuahua-y-rocha-moya\/","og_site_name":"Fuentes Fidedignas","article_publisher":"https:\/\/www.facebook.com\/Fuentes-Fidedignas-368234489921644","article_published_time":"2026-05-01T16:54:23+00:00","og_image":[{"width":1536,"height":1024,"url":"https:\/\/fuentesfidedignas.com.mx\/wp-content\/uploads\/2026\/05\/img_8309.jpeg","type":"image\/jpeg"}],"author":"L\u00f3pez D\u00f3riga","twitter_card":"summary_large_image","twitter_creator":"@fidedignas","twitter_site":"@fidedignas","twitter_misc":{"Escrito por":"L\u00f3pez D\u00f3riga","Tiempo de lectura":"2 minutos"},"schema":{"@context":"https:\/\/schema.org","@graph":[{"@type":"Article","@id":"https:\/\/fuentesfidedignas.com.mx\/index.php\/2026\/05\/01\/sheinbaum-niega-estar-entre-la-espada-y-la-pared-por-casos-chihuahua-y-rocha-moya\/#article","isPartOf":{"@id":"https:\/\/fuentesfidedignas.com.mx\/index.php\/2026\/05\/01\/sheinbaum-niega-estar-entre-la-espada-y-la-pared-por-casos-chihuahua-y-rocha-moya\/"},"author":{"name":"L\u00f3pez D\u00f3riga","@id":"https:\/\/fuentesfidedignas.com.mx\/#\/schema\/person\/67d852f0557c8509146a4b9ddebd543a"},"headline":"Sheinbaum niega estar entre la espada y la pared por Casos Chihuahua y Rocha Moya","datePublished":"2026-05-01T16:54:23+00:00","mainEntityOfPage":{"@id":"https:\/\/fuentesfidedignas.com.mx\/index.php\/2026\/05\/01\/sheinbaum-niega-estar-entre-la-espada-y-la-pared-por-casos-chihuahua-y-rocha-moya\/"},"wordCount":345,"publisher":{"@id":"https:\/\/fuentesfidedignas.com.mx\/#organization"},"image":{"@id":"https:\/\/fuentesfidedignas.com.mx\/index.php\/2026\/05\/01\/sheinbaum-niega-estar-entre-la-espada-y-la-pared-por-casos-chihuahua-y-rocha-moya\/#primaryimage"},"thumbnailUrl":"https:\/\/fuentesfidedignas.com.mx\/wp-content\/uploads\/2026\/05\/img_8309.jpeg","articleSection":["NOTICIAS NACIONALES"],"inLanguage":"es"},{"@type":"WebPage","@id":"https:\/\/fuentesfidedignas.com.mx\/index.php\/2026\/05\/01\/sheinbaum-niega-estar-entre-la-espada-y-la-pared-por-casos-chihuahua-y-rocha-moya\/","url":"https:\/\/fuentesfidedignas.com.mx\/index.php\/2026\/05\/01\/sheinbaum-niega-estar-entre-la-espada-y-la-pared-por-casos-chihuahua-y-rocha-moya\/","name":"Sheinbaum niega estar entre la espada y la pared por Casos Chihuahua y Rocha Moya - Fuentes Fidedignas","isPartOf":{"@id":"https:\/\/fuentesfidedignas.com.mx\/#website"},"primaryImageOfPage":{"@id":"https:\/\/fuentesfidedignas.com.mx\/index.php\/2026\/05\/01\/sheinbaum-niega-estar-entre-la-espada-y-la-pared-por-casos-chihuahua-y-rocha-moya\/#primaryimage"},"image":{"@id":"https:\/\/fuentesfidedignas.com.mx\/index.php\/2026\/05\/01\/sheinbaum-niega-estar-entre-la-espada-y-la-pared-por-casos-chihuahua-y-rocha-moya\/#primaryimage"},"thumbnailUrl":"https:\/\/fuentesfidedignas.com.mx\/wp-content\/uploads\/2026\/05\/img_8309.jpeg","datePublished":"2026-05-01T16:54:23+00:00","breadcrumb":{"@id":"https:\/\/fuentesfidedignas.com.mx\/index.php\/2026\/05\/01\/sheinbaum-niega-estar-entre-la-espada-y-la-pared-por-casos-chihuahua-y-rocha-moya\/#breadcrumb"},"inLanguage":"es","potentialAction":[{"@type":"ReadAction","target":["https:\/\/fuentesfidedignas.com.mx\/index.php\/2026\/05\/01\/sheinbaum-niega-estar-entre-la-espada-y-la-pared-por-casos-chihuahua-y-rocha-moya\/"]}]},{"@type":"ImageObject","inLanguage":"es","@id":"https:\/\/fuentesfidedignas.com.mx\/index.php\/2026\/05\/01\/sheinbaum-niega-estar-entre-la-espada-y-la-pared-por-casos-chihuahua-y-rocha-moya\/#primaryimage","url":"https:\/\/fuentesfidedignas.com.mx\/wp-content\/uploads\/2026\/05\/img_8309.jpeg","contentUrl":"https:\/\/fuentesfidedignas.com.mx\/wp-content\/uploads\/2026\/05\/img_8309.jpeg","width":1536,"height":1024},{"@type":"BreadcrumbList","@id":"https:\/\/fuentesfidedignas.com.mx\/index.php\/2026\/05\/01\/sheinbaum-niega-estar-entre-la-espada-y-la-pared-por-casos-chihuahua-y-rocha-moya\/#breadcrumb","itemListElement":[{"@type":"ListItem","position":1,"name":"Inicio","item":"https:\/\/fuentesfidedignas.com.mx\/"},{"@type":"ListItem","position":2,"name":"Sheinbaum niega estar entre la espada y la pared por Casos Chihuahua y Rocha Moya"}]},{"@type":"WebSite","@id":"https:\/\/fuentesfidedignas.com.mx\/#website","url":"https:\/\/fuentesfidedignas.com.mx\/","name":"Fuentes Fidedignas","description":"Otro sitio realizado con WordPress","publisher":{"@id":"https:\/\/fuentesfidedignas.com.mx\/#organization"},"potentialAction":[{"@type":"SearchAction","target":{"@type":"EntryPoint","urlTemplate":"https:\/\/fuentesfidedignas.com.mx\/?s={search_term_string}"},"query-input":{"@type":"PropertyValueSpecification","valueRequired":true,"valueName":"search_term_string"}}],"inLanguage":"es"},{"@type":"Organization","@id":"https:\/\/fuentesfidedignas.com.mx\/#organization","name":"Fuentes Fidedignas","url":"https:\/\/fuentesfidedignas.com.mx\/","logo":{"@type":"ImageObject","inLanguage":"es","@id":"https:\/\/fuentesfidedignas.com.mx\/#\/schema\/logo\/image\/","url":"https:\/\/fuentesfidedignas.com.mx\/wp-content\/uploads\/2021\/04\/logo-retina.png","contentUrl":"https:\/\/fuentesfidedignas.com.mx\/wp-content\/uploads\/2021\/04\/logo-retina.png","width":280,"height":51,"caption":"Fuentes Fidedignas"},"image":{"@id":"https:\/\/fuentesfidedignas.com.mx\/#\/schema\/logo\/image\/"},"sameAs":["https:\/\/www.facebook.com\/Fuentes-Fidedignas-368234489921644","https:\/\/x.com\/fidedignas"]},{"@type":"Person","@id":"https:\/\/fuentesfidedignas.com.mx\/#\/schema\/person\/67d852f0557c8509146a4b9ddebd543a","name":"L\u00f3pez D\u00f3riga","image":{"@type":"ImageObject","inLanguage":"es","@id":"https:\/\/secure.gravatar.com\/avatar\/e525b06574ca18b33cded59dfe5778d6c823b9513154eff47da551b0551bdd1e?s=96&d=mm&r=g","url":"https:\/\/secure.gravatar.com\/avatar\/e525b06574ca18b33cded59dfe5778d6c823b9513154eff47da551b0551bdd1e?s=96&d=mm&r=g","contentUrl":"https:\/\/secure.gravatar.com\/avatar\/e525b06574ca18b33cded59dfe5778d6c823b9513154eff47da551b0551bdd1e?s=96&d=mm&r=g","caption":"L\u00f3pez D\u00f3riga"},"url":"https:\/\/fuentesfidedignas.com.mx\/index.php\/author\/doriga\/"}]}},"_links":{"self":[{"href":"https:\/\/fuentesfidedignas.com.mx\/index.php\/wp-json\/wp\/v2\/posts\/132674","targetHints":{"allow":["GET"]}}],"collection":[{"href":"https:\/\/fuentesfidedignas.com.mx\/index.php\/wp-json\/wp\/v2\/posts"}],"about":[{"href":"https:\/\/fuentesfidedignas.com.mx\/index.php\/wp-json\/wp\/v2\/types\/post"}],"author":[{"embeddable":true,"href":"https:\/\/fuentesfidedignas.com.mx\/index.php\/wp-json\/wp\/v2\/users\/47"}],"replies":[{"embeddable":true,"href":"https:\/\/fuentesfidedignas.com.mx\/index.php\/wp-json\/wp\/v2\/comments?post=132674"}],"version-history":[{"count":1,"href":"https:\/\/fuentesfidedignas.com.mx\/index.php\/wp-json\/wp\/v2\/posts\/132674\/revisions"}],"predecessor-version":[{"id":132675,"href":"https:\/\/fuentesfidedignas.com.mx\/index.php\/wp-json\/wp\/v2\/posts\/132674\/revisions\/132675"}],"wp:featuredmedia":[{"embeddable":true,"href":"https:\/\/fuentesfidedignas.com.mx\/index.php\/wp-json\/wp\/v2\/media\/132673"}],"wp:attachment":[{"href":"https:\/\/fuentesfidedignas.com.mx\/index.php\/wp-json\/wp\/v2\/media?parent=132674"}],"wp:term":[{"taxonomy":"category","embeddable":true,"href":"https:\/\/fuentesfidedignas.com.mx\/index.php\/wp-json\/wp\/v2\/categories?post=132674"},{"taxonomy":"post_tag","embeddable":true,"href":"https:\/\/fuentesfidedignas.com.mx\/index.php\/wp-json\/wp\/v2\/tags?post=132674"}],"curies":[{"name":"wp","href":"https:\/\/api.w.org\/{rel}","templated":true}]}}