{"id":132671,"date":"2026-05-01T09:03:13","date_gmt":"2026-05-01T16:03:13","guid":{"rendered":"https:\/\/fuentesfidedignas.com.mx\/?p=132671"},"modified":"2026-05-01T09:03:13","modified_gmt":"2026-05-01T16:03:13","slug":"hoy-inicia-subsidio-de-verano-a-la-energia-electrica-en-sinaloa","status":"publish","type":"post","link":"https:\/\/fuentesfidedignas.com.mx\/index.php\/2026\/05\/01\/hoy-inicia-subsidio-de-verano-a-la-energia-electrica-en-sinaloa\/","title":{"rendered":"Hoy inicia subsidio de verano a la energ\u00eda el\u00e9ctrica en Sinaloa"},"content":{"rendered":"\n<p class=\"p1\">Culiac\u00e1n, Sinaloa.\u2013 A partir de este jueves entr\u00f3 en vigor el subsidio de verano a las tarifas de energ\u00eda el\u00e9ctrica en Sinaloa, un esquema que busca mitigar el impacto econ\u00f3mico del alto consumo de luz durante la temporada de calor.<\/p>\n\n\n\n<p class=\"p1\">El apoyo, que se aplica a trav\u00e9s de la Comisi\u00f3n Federal de Electricidad (CFE), estar\u00e1 vigente hasta el pr\u00f3ximo 31 de octubre y beneficiar\u00e1 a usuarios del servicio dom\u00e9stico en todo el estado, sin necesidad de realizar tr\u00e1mites adicionales.<\/p>\n\n\n\n<p class=\"p1\">Durante este periodo se activa la tarifa 1F, considerada la m\u00e1s baja dentro del esquema dom\u00e9stico en zonas de temperaturas extremas, lo que permite ampliar el rango de consumo subsidiado antes de que se eleven los costos en el recibo.<\/p>\n\n\n\n<p class=\"p1\">Autoridades estatales han se\u00f1alado que este mecanismo forma parte de los acuerdos anuales para apoyar a las familias sinaloenses ante el incremento en el uso de aparatos de enfriamiento como aires acondicionados y ventiladores, derivado de las altas temperaturas que se registran en la regi\u00f3n.<\/p>\n\n\n\n<p class=\"p1\">Se estima que el subsidio alcanzar\u00e1 a cientos de miles de hogares en Sinaloa, aunque se mantiene el llamado a la poblaci\u00f3n a hacer un uso responsable de la energ\u00eda el\u00e9ctrica, ya que el beneficio no implica consumo ilimitado. En caso de rebasar los niveles establecidos, el costo del servicio puede incrementarse de manera considerable.<\/p>\n\n\n\n<p class=\"p2\">Cabe se\u00f1alar que la aplicaci\u00f3n del subsidio puede variar en cada usuario dependiendo del ciclo de facturaci\u00f3n de su medidor, por lo que el ajuste en el recibo podr\u00eda reflejarse de manera gradual en las siguientes semanas.<\/p>\n","protected":false},"excerpt":{"rendered":"<p>Culiac\u00e1n, Sinaloa.\u2013 A partir de este jueves entr\u00f3 en vigor el subsidio de verano a las tarifas de energ\u00eda el\u00e9ctrica en Sinaloa, un esquema que busca mitigar el impacto econ\u00f3mico del alto consumo de luz durante la temporada de calor. El apoyo, que se aplica a trav\u00e9s de la Comisi\u00f3n Federal de Electricidad (CFE), estar\u00e1 [&hellip;]<\/p>\n","protected":false},"author":4,"featured_media":119321,"comment_status":"closed","ping_status":"open","sticky":false,"template":"","format":"standard","meta":{"tdm_status":"","tdm_grid_status":"","footnotes":""},"categories":[37],"tags":[],"class_list":{"0":"post-132671","1":"post","2":"type-post","3":"status-publish","4":"format-standard","5":"has-post-thumbnail","7":"category-nota-principal"},"yoast_head":"<!-- This site is optimized with the Yoast SEO plugin v27.5 - https:\/\/yoast.com\/product\/yoast-seo-wordpress\/ -->\n<title>Hoy inicia subsidio de verano a la energ\u00eda el\u00e9ctrica en Sinaloa - Fuentes Fidedignas<\/title>\n<meta name=\"robots\" content=\"index, follow, max-snippet:-1, max-image-preview:large, max-video-preview:-1\" \/>\n<link rel=\"canonical\" href=\"https:\/\/fuentesfidedignas.com.mx\/index.php\/2026\/05\/01\/hoy-inicia-subsidio-de-verano-a-la-energia-electrica-en-sinaloa\/\" \/>\n<meta property=\"og:locale\" content=\"es_MX\" \/>\n<meta property=\"og:type\" content=\"article\" \/>\n<meta property=\"og:title\" content=\"Hoy inicia subsidio de verano a la energ\u00eda el\u00e9ctrica en Sinaloa - Fuentes Fidedignas\" \/>\n<meta property=\"og:description\" content=\"Culiac\u00e1n, Sinaloa.\u2013 A partir de este jueves entr\u00f3 en vigor el subsidio de verano a las tarifas de energ\u00eda el\u00e9ctrica en Sinaloa, un esquema que busca mitigar el impacto econ\u00f3mico del alto consumo de luz durante la temporada de calor. El apoyo, que se aplica a trav\u00e9s de la Comisi\u00f3n Federal de Electricidad (CFE), estar\u00e1 [&hellip;]\" \/>\n<meta property=\"og:url\" content=\"https:\/\/fuentesfidedignas.com.mx\/index.php\/2026\/05\/01\/hoy-inicia-subsidio-de-verano-a-la-energia-electrica-en-sinaloa\/\" \/>\n<meta property=\"og:site_name\" content=\"Fuentes Fidedignas\" \/>\n<meta property=\"article:publisher\" content=\"https:\/\/www.facebook.com\/Fuentes-Fidedignas-368234489921644\" \/>\n<meta property=\"article:published_time\" content=\"2026-05-01T16:03:13+00:00\" \/>\n<meta property=\"og:image\" content=\"https:\/\/fuentesfidedignas.com.mx\/wp-content\/uploads\/2025\/10\/medidor_luz_cfe.jpg\" \/>\n\t<meta property=\"og:image:width\" content=\"500\" \/>\n\t<meta property=\"og:image:height\" content=\"342\" \/>\n\t<meta property=\"og:image:type\" content=\"image\/jpeg\" \/>\n<meta name=\"author\" content=\"Redacci\u00f3n\" \/>\n<meta name=\"twitter:card\" content=\"summary_large_image\" \/>\n<meta name=\"twitter:creator\" content=\"@fidedignas\" \/>\n<meta name=\"twitter:site\" content=\"@fidedignas\" \/>\n<meta name=\"twitter:label1\" content=\"Escrito por\" \/>\n\t<meta name=\"twitter:data1\" content=\"Redacci\u00f3n\" \/>\n\t<meta name=\"twitter:label2\" content=\"Tiempo de lectura\" \/>\n\t<meta name=\"twitter:data2\" content=\"1 minuto\" \/>\n<script type=\"application\/ld+json\" class=\"yoast-schema-graph\">{\"@context\":\"https:\\\/\\\/schema.org\",\"@graph\":[{\"@type\":\"Article\",\"@id\":\"https:\\\/\\\/fuentesfidedignas.com.mx\\\/index.php\\\/2026\\\/05\\\/01\\\/hoy-inicia-subsidio-de-verano-a-la-energia-electrica-en-sinaloa\\\/#article\",\"isPartOf\":{\"@id\":\"https:\\\/\\\/fuentesfidedignas.com.mx\\\/index.php\\\/2026\\\/05\\\/01\\\/hoy-inicia-subsidio-de-verano-a-la-energia-electrica-en-sinaloa\\\/\"},\"author\":{\"name\":\"Redacci\u00f3n\",\"@id\":\"https:\\\/\\\/fuentesfidedignas.com.mx\\\/#\\\/schema\\\/person\\\/331be9283d37198e2acd5750279085b0\"},\"headline\":\"Hoy inicia subsidio de verano a la energ\u00eda el\u00e9ctrica en Sinaloa\",\"datePublished\":\"2026-05-01T16:03:13+00:00\",\"mainEntityOfPage\":{\"@id\":\"https:\\\/\\\/fuentesfidedignas.com.mx\\\/index.php\\\/2026\\\/05\\\/01\\\/hoy-inicia-subsidio-de-verano-a-la-energia-electrica-en-sinaloa\\\/\"},\"wordCount\":288,\"publisher\":{\"@id\":\"https:\\\/\\\/fuentesfidedignas.com.mx\\\/#organization\"},\"image\":{\"@id\":\"https:\\\/\\\/fuentesfidedignas.com.mx\\\/index.php\\\/2026\\\/05\\\/01\\\/hoy-inicia-subsidio-de-verano-a-la-energia-electrica-en-sinaloa\\\/#primaryimage\"},\"thumbnailUrl\":\"https:\\\/\\\/fuentesfidedignas.com.mx\\\/wp-content\\\/uploads\\\/2025\\\/10\\\/medidor_luz_cfe.jpg\",\"articleSection\":[\"NOTA PRINCIPAL\"],\"inLanguage\":\"es\"},{\"@type\":\"WebPage\",\"@id\":\"https:\\\/\\\/fuentesfidedignas.com.mx\\\/index.php\\\/2026\\\/05\\\/01\\\/hoy-inicia-subsidio-de-verano-a-la-energia-electrica-en-sinaloa\\\/\",\"url\":\"https:\\\/\\\/fuentesfidedignas.com.mx\\\/index.php\\\/2026\\\/05\\\/01\\\/hoy-inicia-subsidio-de-verano-a-la-energia-electrica-en-sinaloa\\\/\",\"name\":\"Hoy inicia subsidio de verano a la energ\u00eda el\u00e9ctrica en Sinaloa - Fuentes Fidedignas\",\"isPartOf\":{\"@id\":\"https:\\\/\\\/fuentesfidedignas.com.mx\\\/#website\"},\"primaryImageOfPage\":{\"@id\":\"https:\\\/\\\/fuentesfidedignas.com.mx\\\/index.php\\\/2026\\\/05\\\/01\\\/hoy-inicia-subsidio-de-verano-a-la-energia-electrica-en-sinaloa\\\/#primaryimage\"},\"image\":{\"@id\":\"https:\\\/\\\/fuentesfidedignas.com.mx\\\/index.php\\\/2026\\\/05\\\/01\\\/hoy-inicia-subsidio-de-verano-a-la-energia-electrica-en-sinaloa\\\/#primaryimage\"},\"thumbnailUrl\":\"https:\\\/\\\/fuentesfidedignas.com.mx\\\/wp-content\\\/uploads\\\/2025\\\/10\\\/medidor_luz_cfe.jpg\",\"datePublished\":\"2026-05-01T16:03:13+00:00\",\"breadcrumb\":{\"@id\":\"https:\\\/\\\/fuentesfidedignas.com.mx\\\/index.php\\\/2026\\\/05\\\/01\\\/hoy-inicia-subsidio-de-verano-a-la-energia-electrica-en-sinaloa\\\/#breadcrumb\"},\"inLanguage\":\"es\",\"potentialAction\":[{\"@type\":\"ReadAction\",\"target\":[\"https:\\\/\\\/fuentesfidedignas.com.mx\\\/index.php\\\/2026\\\/05\\\/01\\\/hoy-inicia-subsidio-de-verano-a-la-energia-electrica-en-sinaloa\\\/\"]}]},{\"@type\":\"ImageObject\",\"inLanguage\":\"es\",\"@id\":\"https:\\\/\\\/fuentesfidedignas.com.mx\\\/index.php\\\/2026\\\/05\\\/01\\\/hoy-inicia-subsidio-de-verano-a-la-energia-electrica-en-sinaloa\\\/#primaryimage\",\"url\":\"https:\\\/\\\/fuentesfidedignas.com.mx\\\/wp-content\\\/uploads\\\/2025\\\/10\\\/medidor_luz_cfe.jpg\",\"contentUrl\":\"https:\\\/\\\/fuentesfidedignas.com.mx\\\/wp-content\\\/uploads\\\/2025\\\/10\\\/medidor_luz_cfe.jpg\",\"width\":500,\"height\":342},{\"@type\":\"BreadcrumbList\",\"@id\":\"https:\\\/\\\/fuentesfidedignas.com.mx\\\/index.php\\\/2026\\\/05\\\/01\\\/hoy-inicia-subsidio-de-verano-a-la-energia-electrica-en-sinaloa\\\/#breadcrumb\",\"itemListElement\":[{\"@type\":\"ListItem\",\"position\":1,\"name\":\"Inicio\",\"item\":\"https:\\\/\\\/fuentesfidedignas.com.mx\\\/\"},{\"@type\":\"ListItem\",\"position\":2,\"name\":\"Hoy inicia subsidio de verano a la energ\u00eda el\u00e9ctrica en Sinaloa\"}]},{\"@type\":\"WebSite\",\"@id\":\"https:\\\/\\\/fuentesfidedignas.com.mx\\\/#website\",\"url\":\"https:\\\/\\\/fuentesfidedignas.com.mx\\\/\",\"name\":\"Fuentes Fidedignas\",\"description\":\"Otro sitio realizado con WordPress\",\"publisher\":{\"@id\":\"https:\\\/\\\/fuentesfidedignas.com.mx\\\/#organization\"},\"potentialAction\":[{\"@type\":\"SearchAction\",\"target\":{\"@type\":\"EntryPoint\",\"urlTemplate\":\"https:\\\/\\\/fuentesfidedignas.com.mx\\\/?s={search_term_string}\"},\"query-input\":{\"@type\":\"PropertyValueSpecification\",\"valueRequired\":true,\"valueName\":\"search_term_string\"}}],\"inLanguage\":\"es\"},{\"@type\":\"Organization\",\"@id\":\"https:\\\/\\\/fuentesfidedignas.com.mx\\\/#organization\",\"name\":\"Fuentes Fidedignas\",\"url\":\"https:\\\/\\\/fuentesfidedignas.com.mx\\\/\",\"logo\":{\"@type\":\"ImageObject\",\"inLanguage\":\"es\",\"@id\":\"https:\\\/\\\/fuentesfidedignas.com.mx\\\/#\\\/schema\\\/logo\\\/image\\\/\",\"url\":\"https:\\\/\\\/fuentesfidedignas.com.mx\\\/wp-content\\\/uploads\\\/2021\\\/04\\\/logo-retina.png\",\"contentUrl\":\"https:\\\/\\\/fuentesfidedignas.com.mx\\\/wp-content\\\/uploads\\\/2021\\\/04\\\/logo-retina.png\",\"width\":280,\"height\":51,\"caption\":\"Fuentes Fidedignas\"},\"image\":{\"@id\":\"https:\\\/\\\/fuentesfidedignas.com.mx\\\/#\\\/schema\\\/logo\\\/image\\\/\"},\"sameAs\":[\"https:\\\/\\\/www.facebook.com\\\/Fuentes-Fidedignas-368234489921644\",\"https:\\\/\\\/x.com\\\/fidedignas\"]},{\"@type\":\"Person\",\"@id\":\"https:\\\/\\\/fuentesfidedignas.com.mx\\\/#\\\/schema\\\/person\\\/331be9283d37198e2acd5750279085b0\",\"name\":\"Redacci\u00f3n\",\"image\":{\"@type\":\"ImageObject\",\"inLanguage\":\"es\",\"@id\":\"https:\\\/\\\/secure.gravatar.com\\\/avatar\\\/f6d8782c11d12b2d4ad3fbb6931aeab5309937a4d6cd2fc9cfaa28a6396a5aec?s=96&d=mm&r=g\",\"url\":\"https:\\\/\\\/secure.gravatar.com\\\/avatar\\\/f6d8782c11d12b2d4ad3fbb6931aeab5309937a4d6cd2fc9cfaa28a6396a5aec?s=96&d=mm&r=g\",\"contentUrl\":\"https:\\\/\\\/secure.gravatar.com\\\/avatar\\\/f6d8782c11d12b2d4ad3fbb6931aeab5309937a4d6cd2fc9cfaa28a6396a5aec?s=96&d=mm&r=g\",\"caption\":\"Redacci\u00f3n\"},\"url\":\"https:\\\/\\\/fuentesfidedignas.com.mx\\\/index.php\\\/author\\\/redaccion\\\/\"}]}<\/script>\n<!-- \/ Yoast SEO plugin. -->","yoast_head_json":{"title":"Hoy inicia subsidio de verano a la energ\u00eda el\u00e9ctrica en Sinaloa - Fuentes Fidedignas","robots":{"index":"index","follow":"follow","max-snippet":"max-snippet:-1","max-image-preview":"max-image-preview:large","max-video-preview":"max-video-preview:-1"},"canonical":"https:\/\/fuentesfidedignas.com.mx\/index.php\/2026\/05\/01\/hoy-inicia-subsidio-de-verano-a-la-energia-electrica-en-sinaloa\/","og_locale":"es_MX","og_type":"article","og_title":"Hoy inicia subsidio de verano a la energ\u00eda el\u00e9ctrica en Sinaloa - Fuentes Fidedignas","og_description":"Culiac\u00e1n, Sinaloa.\u2013 A partir de este jueves entr\u00f3 en vigor el subsidio de verano a las tarifas de energ\u00eda el\u00e9ctrica en Sinaloa, un esquema que busca mitigar el impacto econ\u00f3mico del alto consumo de luz durante la temporada de calor. El apoyo, que se aplica a trav\u00e9s de la Comisi\u00f3n Federal de Electricidad (CFE), estar\u00e1 [&hellip;]","og_url":"https:\/\/fuentesfidedignas.com.mx\/index.php\/2026\/05\/01\/hoy-inicia-subsidio-de-verano-a-la-energia-electrica-en-sinaloa\/","og_site_name":"Fuentes Fidedignas","article_publisher":"https:\/\/www.facebook.com\/Fuentes-Fidedignas-368234489921644","article_published_time":"2026-05-01T16:03:13+00:00","og_image":[{"width":500,"height":342,"url":"https:\/\/fuentesfidedignas.com.mx\/wp-content\/uploads\/2025\/10\/medidor_luz_cfe.jpg","type":"image\/jpeg"}],"author":"Redacci\u00f3n","twitter_card":"summary_large_image","twitter_creator":"@fidedignas","twitter_site":"@fidedignas","twitter_misc":{"Escrito por":"Redacci\u00f3n","Tiempo de lectura":"1 minuto"},"schema":{"@context":"https:\/\/schema.org","@graph":[{"@type":"Article","@id":"https:\/\/fuentesfidedignas.com.mx\/index.php\/2026\/05\/01\/hoy-inicia-subsidio-de-verano-a-la-energia-electrica-en-sinaloa\/#article","isPartOf":{"@id":"https:\/\/fuentesfidedignas.com.mx\/index.php\/2026\/05\/01\/hoy-inicia-subsidio-de-verano-a-la-energia-electrica-en-sinaloa\/"},"author":{"name":"Redacci\u00f3n","@id":"https:\/\/fuentesfidedignas.com.mx\/#\/schema\/person\/331be9283d37198e2acd5750279085b0"},"headline":"Hoy inicia subsidio de verano a la energ\u00eda el\u00e9ctrica en Sinaloa","datePublished":"2026-05-01T16:03:13+00:00","mainEntityOfPage":{"@id":"https:\/\/fuentesfidedignas.com.mx\/index.php\/2026\/05\/01\/hoy-inicia-subsidio-de-verano-a-la-energia-electrica-en-sinaloa\/"},"wordCount":288,"publisher":{"@id":"https:\/\/fuentesfidedignas.com.mx\/#organization"},"image":{"@id":"https:\/\/fuentesfidedignas.com.mx\/index.php\/2026\/05\/01\/hoy-inicia-subsidio-de-verano-a-la-energia-electrica-en-sinaloa\/#primaryimage"},"thumbnailUrl":"https:\/\/fuentesfidedignas.com.mx\/wp-content\/uploads\/2025\/10\/medidor_luz_cfe.jpg","articleSection":["NOTA PRINCIPAL"],"inLanguage":"es"},{"@type":"WebPage","@id":"https:\/\/fuentesfidedignas.com.mx\/index.php\/2026\/05\/01\/hoy-inicia-subsidio-de-verano-a-la-energia-electrica-en-sinaloa\/","url":"https:\/\/fuentesfidedignas.com.mx\/index.php\/2026\/05\/01\/hoy-inicia-subsidio-de-verano-a-la-energia-electrica-en-sinaloa\/","name":"Hoy inicia subsidio de verano a la energ\u00eda el\u00e9ctrica en Sinaloa - Fuentes Fidedignas","isPartOf":{"@id":"https:\/\/fuentesfidedignas.com.mx\/#website"},"primaryImageOfPage":{"@id":"https:\/\/fuentesfidedignas.com.mx\/index.php\/2026\/05\/01\/hoy-inicia-subsidio-de-verano-a-la-energia-electrica-en-sinaloa\/#primaryimage"},"image":{"@id":"https:\/\/fuentesfidedignas.com.mx\/index.php\/2026\/05\/01\/hoy-inicia-subsidio-de-verano-a-la-energia-electrica-en-sinaloa\/#primaryimage"},"thumbnailUrl":"https:\/\/fuentesfidedignas.com.mx\/wp-content\/uploads\/2025\/10\/medidor_luz_cfe.jpg","datePublished":"2026-05-01T16:03:13+00:00","breadcrumb":{"@id":"https:\/\/fuentesfidedignas.com.mx\/index.php\/2026\/05\/01\/hoy-inicia-subsidio-de-verano-a-la-energia-electrica-en-sinaloa\/#breadcrumb"},"inLanguage":"es","potentialAction":[{"@type":"ReadAction","target":["https:\/\/fuentesfidedignas.com.mx\/index.php\/2026\/05\/01\/hoy-inicia-subsidio-de-verano-a-la-energia-electrica-en-sinaloa\/"]}]},{"@type":"ImageObject","inLanguage":"es","@id":"https:\/\/fuentesfidedignas.com.mx\/index.php\/2026\/05\/01\/hoy-inicia-subsidio-de-verano-a-la-energia-electrica-en-sinaloa\/#primaryimage","url":"https:\/\/fuentesfidedignas.com.mx\/wp-content\/uploads\/2025\/10\/medidor_luz_cfe.jpg","contentUrl":"https:\/\/fuentesfidedignas.com.mx\/wp-content\/uploads\/2025\/10\/medidor_luz_cfe.jpg","width":500,"height":342},{"@type":"BreadcrumbList","@id":"https:\/\/fuentesfidedignas.com.mx\/index.php\/2026\/05\/01\/hoy-inicia-subsidio-de-verano-a-la-energia-electrica-en-sinaloa\/#breadcrumb","itemListElement":[{"@type":"ListItem","position":1,"name":"Inicio","item":"https:\/\/fuentesfidedignas.com.mx\/"},{"@type":"ListItem","position":2,"name":"Hoy inicia subsidio de verano a la energ\u00eda el\u00e9ctrica en Sinaloa"}]},{"@type":"WebSite","@id":"https:\/\/fuentesfidedignas.com.mx\/#website","url":"https:\/\/fuentesfidedignas.com.mx\/","name":"Fuentes Fidedignas","description":"Otro sitio realizado con WordPress","publisher":{"@id":"https:\/\/fuentesfidedignas.com.mx\/#organization"},"potentialAction":[{"@type":"SearchAction","target":{"@type":"EntryPoint","urlTemplate":"https:\/\/fuentesfidedignas.com.mx\/?s={search_term_string}"},"query-input":{"@type":"PropertyValueSpecification","valueRequired":true,"valueName":"search_term_string"}}],"inLanguage":"es"},{"@type":"Organization","@id":"https:\/\/fuentesfidedignas.com.mx\/#organization","name":"Fuentes Fidedignas","url":"https:\/\/fuentesfidedignas.com.mx\/","logo":{"@type":"ImageObject","inLanguage":"es","@id":"https:\/\/fuentesfidedignas.com.mx\/#\/schema\/logo\/image\/","url":"https:\/\/fuentesfidedignas.com.mx\/wp-content\/uploads\/2021\/04\/logo-retina.png","contentUrl":"https:\/\/fuentesfidedignas.com.mx\/wp-content\/uploads\/2021\/04\/logo-retina.png","width":280,"height":51,"caption":"Fuentes Fidedignas"},"image":{"@id":"https:\/\/fuentesfidedignas.com.mx\/#\/schema\/logo\/image\/"},"sameAs":["https:\/\/www.facebook.com\/Fuentes-Fidedignas-368234489921644","https:\/\/x.com\/fidedignas"]},{"@type":"Person","@id":"https:\/\/fuentesfidedignas.com.mx\/#\/schema\/person\/331be9283d37198e2acd5750279085b0","name":"Redacci\u00f3n","image":{"@type":"ImageObject","inLanguage":"es","@id":"https:\/\/secure.gravatar.com\/avatar\/f6d8782c11d12b2d4ad3fbb6931aeab5309937a4d6cd2fc9cfaa28a6396a5aec?s=96&d=mm&r=g","url":"https:\/\/secure.gravatar.com\/avatar\/f6d8782c11d12b2d4ad3fbb6931aeab5309937a4d6cd2fc9cfaa28a6396a5aec?s=96&d=mm&r=g","contentUrl":"https:\/\/secure.gravatar.com\/avatar\/f6d8782c11d12b2d4ad3fbb6931aeab5309937a4d6cd2fc9cfaa28a6396a5aec?s=96&d=mm&r=g","caption":"Redacci\u00f3n"},"url":"https:\/\/fuentesfidedignas.com.mx\/index.php\/author\/redaccion\/"}]}},"_links":{"self":[{"href":"https:\/\/fuentesfidedignas.com.mx\/index.php\/wp-json\/wp\/v2\/posts\/132671","targetHints":{"allow":["GET"]}}],"collection":[{"href":"https:\/\/fuentesfidedignas.com.mx\/index.php\/wp-json\/wp\/v2\/posts"}],"about":[{"href":"https:\/\/fuentesfidedignas.com.mx\/index.php\/wp-json\/wp\/v2\/types\/post"}],"author":[{"embeddable":true,"href":"https:\/\/fuentesfidedignas.com.mx\/index.php\/wp-json\/wp\/v2\/users\/4"}],"replies":[{"embeddable":true,"href":"https:\/\/fuentesfidedignas.com.mx\/index.php\/wp-json\/wp\/v2\/comments?post=132671"}],"version-history":[{"count":1,"href":"https:\/\/fuentesfidedignas.com.mx\/index.php\/wp-json\/wp\/v2\/posts\/132671\/revisions"}],"predecessor-version":[{"id":132672,"href":"https:\/\/fuentesfidedignas.com.mx\/index.php\/wp-json\/wp\/v2\/posts\/132671\/revisions\/132672"}],"wp:featuredmedia":[{"embeddable":true,"href":"https:\/\/fuentesfidedignas.com.mx\/index.php\/wp-json\/wp\/v2\/media\/119321"}],"wp:attachment":[{"href":"https:\/\/fuentesfidedignas.com.mx\/index.php\/wp-json\/wp\/v2\/media?parent=132671"}],"wp:term":[{"taxonomy":"category","embeddable":true,"href":"https:\/\/fuentesfidedignas.com.mx\/index.php\/wp-json\/wp\/v2\/categories?post=132671"},{"taxonomy":"post_tag","embeddable":true,"href":"https:\/\/fuentesfidedignas.com.mx\/index.php\/wp-json\/wp\/v2\/tags?post=132671"}],"curies":[{"name":"wp","href":"https:\/\/api.w.org\/{rel}","templated":true}]}}