{"id":132666,"date":"2026-05-01T08:27:03","date_gmt":"2026-05-01T15:27:03","guid":{"rendered":"https:\/\/fuentesfidedignas.com.mx\/?p=132666"},"modified":"2026-05-01T08:49:19","modified_gmt":"2026-05-01T15:49:19","slug":"uas-reafirma-su-compromiso-social-al-ser-sede-del-sorteo-del-mundialito-culiacan-2026","status":"publish","type":"post","link":"https:\/\/fuentesfidedignas.com.mx\/index.php\/2026\/05\/01\/uas-reafirma-su-compromiso-social-al-ser-sede-del-sorteo-del-mundialito-culiacan-2026\/","title":{"rendered":"UAS reafirma su compromiso social al ser sede del sorteo del Mundialito Culiac\u00e1n 2026"},"content":{"rendered":"\n<p><\/p>\n\n\n\n<p>La Universidad Aut\u00f3noma de Sinaloa (UAS) se reafirma como un actor preponderante en la construcci\u00f3n del presente y futuro del estado al apoyar eventos que unen a la sociedad a trav\u00e9s de valores positivos, expres\u00f3 el secretario acad\u00e9mico universitario de la instituci\u00f3n, Sergio Mario Arredondo Salas, durante la ceremonia de sorteo del Mundialito Culiac\u00e1n 2026.<\/p>\n\n\n\n<p>La m\u00e1xima casa de estudios fue sede de este evento que reuni\u00f3 a decenas de ni\u00f1os y ni\u00f1as, marcando as\u00ed el inicio del torneo deportivo infantil organizado por el Ayuntamiento de Culiac\u00e1n. En este certamen, 48 equipos de diversas colonias competir\u00e1n bajo un formato tipo Copa del Mundo a partir del 17 de mayo.<\/p>\n\n\n\n<p>En este espacio, Arredondo Salas enfatiz\u00f3 que el rector, doctor Jes\u00fas Madue\u00f1a Molina, ha establecido como directriz institucional el sumar esfuerzos y brindar todas las facilidades para el desarrollo acad\u00e9mico y deportivo en pro de la sociedad. Muestra de ello es este apoyo conjunto, derivado del convenio de colaboraci\u00f3n vigente con el ayuntamiento municipal.<\/p>\n\n\n\n<p>\u201cCuando uno apoya la agenda deportiva en la ni\u00f1ez, siembra una semilla potente e importante que habr\u00e1 de germinar positivamente en una mejor sociedad. Por eso, la instrucci\u00f3n del doctor Madue\u00f1a es agotar todos los esfuerzos y facilidades para hacer posible estas agendas. Una sociedad que atiende a sus ni\u00f1os es una sociedad con presente y futuro, y la Universidad Aut\u00f3noma de Sinaloa jam\u00e1s ser\u00e1 ajena a ello\u201d, manifest\u00f3 el funcionario universitario.<\/p>\n\n\n\n<p>Por su parte, el presidente municipal de Culiac\u00e1n, Juan de Dios G\u00e1mez Mend\u00edvil, agradeci\u00f3 a la UAS por ser una instituci\u00f3n aliada en la realizaci\u00f3n de eventos que permiten construir una agenda en beneficio de las familias culiacanenses.<\/p>\n\n\n\n<p>Durante el evento, desarrollado en el Auditorio de la Autonom\u00eda Universitaria bajo un ambiente de fiesta futbol\u00edstica, se llev\u00f3 a cabo la presentaci\u00f3n de \u201cCB07\u201d, mascota oficial del torneo. Adem\u00e1s, los equipos participantes conocieron al pa\u00eds que representar\u00e1n y a la empresa que los patrocinar\u00e1 durante el desarrollo del Mundialito Culiac\u00e1n 2026.<\/p>\n","protected":false},"excerpt":{"rendered":"<p>La Universidad Aut\u00f3noma de Sinaloa (UAS) se reafirma como un actor preponderante en la construcci\u00f3n del presente y futuro del estado al apoyar eventos que unen a la sociedad a trav\u00e9s de valores positivos, expres\u00f3 el secretario acad\u00e9mico universitario de la instituci\u00f3n, Sergio Mario Arredondo Salas, durante la ceremonia de sorteo del Mundialito Culiac\u00e1n 2026. [&hellip;]<\/p>\n","protected":false},"author":4,"featured_media":132665,"comment_status":"closed","ping_status":"open","sticky":false,"template":"","format":"standard","meta":{"tdm_status":"","tdm_grid_status":"","footnotes":""},"categories":[37],"tags":[],"class_list":{"0":"post-132666","1":"post","2":"type-post","3":"status-publish","4":"format-standard","5":"has-post-thumbnail","7":"category-nota-principal"},"yoast_head":"<!-- This site is optimized with the Yoast SEO plugin v27.5 - https:\/\/yoast.com\/product\/yoast-seo-wordpress\/ -->\n<title>UAS reafirma su compromiso social al ser sede del sorteo del Mundialito Culiac\u00e1n 2026 - Fuentes Fidedignas<\/title>\n<meta name=\"robots\" content=\"index, follow, max-snippet:-1, max-image-preview:large, max-video-preview:-1\" \/>\n<link rel=\"canonical\" href=\"https:\/\/fuentesfidedignas.com.mx\/index.php\/2026\/05\/01\/uas-reafirma-su-compromiso-social-al-ser-sede-del-sorteo-del-mundialito-culiacan-2026\/\" \/>\n<meta property=\"og:locale\" content=\"es_MX\" \/>\n<meta property=\"og:type\" content=\"article\" \/>\n<meta property=\"og:title\" content=\"UAS reafirma su compromiso social al ser sede del sorteo del Mundialito Culiac\u00e1n 2026 - Fuentes Fidedignas\" \/>\n<meta property=\"og:description\" content=\"La Universidad Aut\u00f3noma de Sinaloa (UAS) se reafirma como un actor preponderante en la construcci\u00f3n del presente y futuro del estado al apoyar eventos que unen a la sociedad a trav\u00e9s de valores positivos, expres\u00f3 el secretario acad\u00e9mico universitario de la instituci\u00f3n, Sergio Mario Arredondo Salas, durante la ceremonia de sorteo del Mundialito Culiac\u00e1n 2026. [&hellip;]\" \/>\n<meta property=\"og:url\" content=\"https:\/\/fuentesfidedignas.com.mx\/index.php\/2026\/05\/01\/uas-reafirma-su-compromiso-social-al-ser-sede-del-sorteo-del-mundialito-culiacan-2026\/\" \/>\n<meta property=\"og:site_name\" content=\"Fuentes Fidedignas\" \/>\n<meta property=\"article:publisher\" content=\"https:\/\/www.facebook.com\/Fuentes-Fidedignas-368234489921644\" \/>\n<meta property=\"article:published_time\" content=\"2026-05-01T15:27:03+00:00\" \/>\n<meta property=\"article:modified_time\" content=\"2026-05-01T15:49:19+00:00\" \/>\n<meta property=\"og:image\" content=\"https:\/\/fuentesfidedignas.com.mx\/wp-content\/uploads\/2026\/05\/img_8304.jpeg\" \/>\n\t<meta property=\"og:image:width\" content=\"1600\" \/>\n\t<meta property=\"og:image:height\" content=\"1067\" \/>\n\t<meta property=\"og:image:type\" content=\"image\/jpeg\" \/>\n<meta name=\"author\" content=\"Redacci\u00f3n\" \/>\n<meta name=\"twitter:card\" content=\"summary_large_image\" \/>\n<meta name=\"twitter:creator\" content=\"@fidedignas\" \/>\n<meta name=\"twitter:site\" content=\"@fidedignas\" \/>\n<meta name=\"twitter:label1\" content=\"Escrito por\" \/>\n\t<meta name=\"twitter:data1\" content=\"Redacci\u00f3n\" \/>\n\t<meta name=\"twitter:label2\" content=\"Tiempo de lectura\" \/>\n\t<meta name=\"twitter:data2\" content=\"2 minutos\" \/>\n<script type=\"application\/ld+json\" class=\"yoast-schema-graph\">{\"@context\":\"https:\\\/\\\/schema.org\",\"@graph\":[{\"@type\":\"Article\",\"@id\":\"https:\\\/\\\/fuentesfidedignas.com.mx\\\/index.php\\\/2026\\\/05\\\/01\\\/uas-reafirma-su-compromiso-social-al-ser-sede-del-sorteo-del-mundialito-culiacan-2026\\\/#article\",\"isPartOf\":{\"@id\":\"https:\\\/\\\/fuentesfidedignas.com.mx\\\/index.php\\\/2026\\\/05\\\/01\\\/uas-reafirma-su-compromiso-social-al-ser-sede-del-sorteo-del-mundialito-culiacan-2026\\\/\"},\"author\":{\"name\":\"Redacci\u00f3n\",\"@id\":\"https:\\\/\\\/fuentesfidedignas.com.mx\\\/#\\\/schema\\\/person\\\/331be9283d37198e2acd5750279085b0\"},\"headline\":\"UAS reafirma su compromiso social al ser sede del sorteo del Mundialito Culiac\u00e1n 2026\",\"datePublished\":\"2026-05-01T15:27:03+00:00\",\"dateModified\":\"2026-05-01T15:49:19+00:00\",\"mainEntityOfPage\":{\"@id\":\"https:\\\/\\\/fuentesfidedignas.com.mx\\\/index.php\\\/2026\\\/05\\\/01\\\/uas-reafirma-su-compromiso-social-al-ser-sede-del-sorteo-del-mundialito-culiacan-2026\\\/\"},\"wordCount\":368,\"publisher\":{\"@id\":\"https:\\\/\\\/fuentesfidedignas.com.mx\\\/#organization\"},\"image\":{\"@id\":\"https:\\\/\\\/fuentesfidedignas.com.mx\\\/index.php\\\/2026\\\/05\\\/01\\\/uas-reafirma-su-compromiso-social-al-ser-sede-del-sorteo-del-mundialito-culiacan-2026\\\/#primaryimage\"},\"thumbnailUrl\":\"https:\\\/\\\/fuentesfidedignas.com.mx\\\/wp-content\\\/uploads\\\/2026\\\/05\\\/img_8304.jpeg\",\"articleSection\":[\"NOTA PRINCIPAL\"],\"inLanguage\":\"es\"},{\"@type\":\"WebPage\",\"@id\":\"https:\\\/\\\/fuentesfidedignas.com.mx\\\/index.php\\\/2026\\\/05\\\/01\\\/uas-reafirma-su-compromiso-social-al-ser-sede-del-sorteo-del-mundialito-culiacan-2026\\\/\",\"url\":\"https:\\\/\\\/fuentesfidedignas.com.mx\\\/index.php\\\/2026\\\/05\\\/01\\\/uas-reafirma-su-compromiso-social-al-ser-sede-del-sorteo-del-mundialito-culiacan-2026\\\/\",\"name\":\"UAS reafirma su compromiso social al ser sede del sorteo del Mundialito Culiac\u00e1n 2026 - Fuentes Fidedignas\",\"isPartOf\":{\"@id\":\"https:\\\/\\\/fuentesfidedignas.com.mx\\\/#website\"},\"primaryImageOfPage\":{\"@id\":\"https:\\\/\\\/fuentesfidedignas.com.mx\\\/index.php\\\/2026\\\/05\\\/01\\\/uas-reafirma-su-compromiso-social-al-ser-sede-del-sorteo-del-mundialito-culiacan-2026\\\/#primaryimage\"},\"image\":{\"@id\":\"https:\\\/\\\/fuentesfidedignas.com.mx\\\/index.php\\\/2026\\\/05\\\/01\\\/uas-reafirma-su-compromiso-social-al-ser-sede-del-sorteo-del-mundialito-culiacan-2026\\\/#primaryimage\"},\"thumbnailUrl\":\"https:\\\/\\\/fuentesfidedignas.com.mx\\\/wp-content\\\/uploads\\\/2026\\\/05\\\/img_8304.jpeg\",\"datePublished\":\"2026-05-01T15:27:03+00:00\",\"dateModified\":\"2026-05-01T15:49:19+00:00\",\"breadcrumb\":{\"@id\":\"https:\\\/\\\/fuentesfidedignas.com.mx\\\/index.php\\\/2026\\\/05\\\/01\\\/uas-reafirma-su-compromiso-social-al-ser-sede-del-sorteo-del-mundialito-culiacan-2026\\\/#breadcrumb\"},\"inLanguage\":\"es\",\"potentialAction\":[{\"@type\":\"ReadAction\",\"target\":[\"https:\\\/\\\/fuentesfidedignas.com.mx\\\/index.php\\\/2026\\\/05\\\/01\\\/uas-reafirma-su-compromiso-social-al-ser-sede-del-sorteo-del-mundialito-culiacan-2026\\\/\"]}]},{\"@type\":\"ImageObject\",\"inLanguage\":\"es\",\"@id\":\"https:\\\/\\\/fuentesfidedignas.com.mx\\\/index.php\\\/2026\\\/05\\\/01\\\/uas-reafirma-su-compromiso-social-al-ser-sede-del-sorteo-del-mundialito-culiacan-2026\\\/#primaryimage\",\"url\":\"https:\\\/\\\/fuentesfidedignas.com.mx\\\/wp-content\\\/uploads\\\/2026\\\/05\\\/img_8304.jpeg\",\"contentUrl\":\"https:\\\/\\\/fuentesfidedignas.com.mx\\\/wp-content\\\/uploads\\\/2026\\\/05\\\/img_8304.jpeg\",\"width\":1600,\"height\":1067},{\"@type\":\"BreadcrumbList\",\"@id\":\"https:\\\/\\\/fuentesfidedignas.com.mx\\\/index.php\\\/2026\\\/05\\\/01\\\/uas-reafirma-su-compromiso-social-al-ser-sede-del-sorteo-del-mundialito-culiacan-2026\\\/#breadcrumb\",\"itemListElement\":[{\"@type\":\"ListItem\",\"position\":1,\"name\":\"Inicio\",\"item\":\"https:\\\/\\\/fuentesfidedignas.com.mx\\\/\"},{\"@type\":\"ListItem\",\"position\":2,\"name\":\"UAS reafirma su compromiso social al ser sede del sorteo del Mundialito Culiac\u00e1n 2026\"}]},{\"@type\":\"WebSite\",\"@id\":\"https:\\\/\\\/fuentesfidedignas.com.mx\\\/#website\",\"url\":\"https:\\\/\\\/fuentesfidedignas.com.mx\\\/\",\"name\":\"Fuentes Fidedignas\",\"description\":\"Otro sitio realizado con WordPress\",\"publisher\":{\"@id\":\"https:\\\/\\\/fuentesfidedignas.com.mx\\\/#organization\"},\"potentialAction\":[{\"@type\":\"SearchAction\",\"target\":{\"@type\":\"EntryPoint\",\"urlTemplate\":\"https:\\\/\\\/fuentesfidedignas.com.mx\\\/?s={search_term_string}\"},\"query-input\":{\"@type\":\"PropertyValueSpecification\",\"valueRequired\":true,\"valueName\":\"search_term_string\"}}],\"inLanguage\":\"es\"},{\"@type\":\"Organization\",\"@id\":\"https:\\\/\\\/fuentesfidedignas.com.mx\\\/#organization\",\"name\":\"Fuentes Fidedignas\",\"url\":\"https:\\\/\\\/fuentesfidedignas.com.mx\\\/\",\"logo\":{\"@type\":\"ImageObject\",\"inLanguage\":\"es\",\"@id\":\"https:\\\/\\\/fuentesfidedignas.com.mx\\\/#\\\/schema\\\/logo\\\/image\\\/\",\"url\":\"https:\\\/\\\/fuentesfidedignas.com.mx\\\/wp-content\\\/uploads\\\/2021\\\/04\\\/logo-retina.png\",\"contentUrl\":\"https:\\\/\\\/fuentesfidedignas.com.mx\\\/wp-content\\\/uploads\\\/2021\\\/04\\\/logo-retina.png\",\"width\":280,\"height\":51,\"caption\":\"Fuentes Fidedignas\"},\"image\":{\"@id\":\"https:\\\/\\\/fuentesfidedignas.com.mx\\\/#\\\/schema\\\/logo\\\/image\\\/\"},\"sameAs\":[\"https:\\\/\\\/www.facebook.com\\\/Fuentes-Fidedignas-368234489921644\",\"https:\\\/\\\/x.com\\\/fidedignas\"]},{\"@type\":\"Person\",\"@id\":\"https:\\\/\\\/fuentesfidedignas.com.mx\\\/#\\\/schema\\\/person\\\/331be9283d37198e2acd5750279085b0\",\"name\":\"Redacci\u00f3n\",\"image\":{\"@type\":\"ImageObject\",\"inLanguage\":\"es\",\"@id\":\"https:\\\/\\\/secure.gravatar.com\\\/avatar\\\/f6d8782c11d12b2d4ad3fbb6931aeab5309937a4d6cd2fc9cfaa28a6396a5aec?s=96&d=mm&r=g\",\"url\":\"https:\\\/\\\/secure.gravatar.com\\\/avatar\\\/f6d8782c11d12b2d4ad3fbb6931aeab5309937a4d6cd2fc9cfaa28a6396a5aec?s=96&d=mm&r=g\",\"contentUrl\":\"https:\\\/\\\/secure.gravatar.com\\\/avatar\\\/f6d8782c11d12b2d4ad3fbb6931aeab5309937a4d6cd2fc9cfaa28a6396a5aec?s=96&d=mm&r=g\",\"caption\":\"Redacci\u00f3n\"},\"url\":\"https:\\\/\\\/fuentesfidedignas.com.mx\\\/index.php\\\/author\\\/redaccion\\\/\"}]}<\/script>\n<!-- \/ Yoast SEO plugin. -->","yoast_head_json":{"title":"UAS reafirma su compromiso social al ser sede del sorteo del Mundialito Culiac\u00e1n 2026 - Fuentes Fidedignas","robots":{"index":"index","follow":"follow","max-snippet":"max-snippet:-1","max-image-preview":"max-image-preview:large","max-video-preview":"max-video-preview:-1"},"canonical":"https:\/\/fuentesfidedignas.com.mx\/index.php\/2026\/05\/01\/uas-reafirma-su-compromiso-social-al-ser-sede-del-sorteo-del-mundialito-culiacan-2026\/","og_locale":"es_MX","og_type":"article","og_title":"UAS reafirma su compromiso social al ser sede del sorteo del Mundialito Culiac\u00e1n 2026 - Fuentes Fidedignas","og_description":"La Universidad Aut\u00f3noma de Sinaloa (UAS) se reafirma como un actor preponderante en la construcci\u00f3n del presente y futuro del estado al apoyar eventos que unen a la sociedad a trav\u00e9s de valores positivos, expres\u00f3 el secretario acad\u00e9mico universitario de la instituci\u00f3n, Sergio Mario Arredondo Salas, durante la ceremonia de sorteo del Mundialito Culiac\u00e1n 2026. [&hellip;]","og_url":"https:\/\/fuentesfidedignas.com.mx\/index.php\/2026\/05\/01\/uas-reafirma-su-compromiso-social-al-ser-sede-del-sorteo-del-mundialito-culiacan-2026\/","og_site_name":"Fuentes Fidedignas","article_publisher":"https:\/\/www.facebook.com\/Fuentes-Fidedignas-368234489921644","article_published_time":"2026-05-01T15:27:03+00:00","article_modified_time":"2026-05-01T15:49:19+00:00","og_image":[{"width":1600,"height":1067,"url":"https:\/\/fuentesfidedignas.com.mx\/wp-content\/uploads\/2026\/05\/img_8304.jpeg","type":"image\/jpeg"}],"author":"Redacci\u00f3n","twitter_card":"summary_large_image","twitter_creator":"@fidedignas","twitter_site":"@fidedignas","twitter_misc":{"Escrito por":"Redacci\u00f3n","Tiempo de lectura":"2 minutos"},"schema":{"@context":"https:\/\/schema.org","@graph":[{"@type":"Article","@id":"https:\/\/fuentesfidedignas.com.mx\/index.php\/2026\/05\/01\/uas-reafirma-su-compromiso-social-al-ser-sede-del-sorteo-del-mundialito-culiacan-2026\/#article","isPartOf":{"@id":"https:\/\/fuentesfidedignas.com.mx\/index.php\/2026\/05\/01\/uas-reafirma-su-compromiso-social-al-ser-sede-del-sorteo-del-mundialito-culiacan-2026\/"},"author":{"name":"Redacci\u00f3n","@id":"https:\/\/fuentesfidedignas.com.mx\/#\/schema\/person\/331be9283d37198e2acd5750279085b0"},"headline":"UAS reafirma su compromiso social al ser sede del sorteo del Mundialito Culiac\u00e1n 2026","datePublished":"2026-05-01T15:27:03+00:00","dateModified":"2026-05-01T15:49:19+00:00","mainEntityOfPage":{"@id":"https:\/\/fuentesfidedignas.com.mx\/index.php\/2026\/05\/01\/uas-reafirma-su-compromiso-social-al-ser-sede-del-sorteo-del-mundialito-culiacan-2026\/"},"wordCount":368,"publisher":{"@id":"https:\/\/fuentesfidedignas.com.mx\/#organization"},"image":{"@id":"https:\/\/fuentesfidedignas.com.mx\/index.php\/2026\/05\/01\/uas-reafirma-su-compromiso-social-al-ser-sede-del-sorteo-del-mundialito-culiacan-2026\/#primaryimage"},"thumbnailUrl":"https:\/\/fuentesfidedignas.com.mx\/wp-content\/uploads\/2026\/05\/img_8304.jpeg","articleSection":["NOTA PRINCIPAL"],"inLanguage":"es"},{"@type":"WebPage","@id":"https:\/\/fuentesfidedignas.com.mx\/index.php\/2026\/05\/01\/uas-reafirma-su-compromiso-social-al-ser-sede-del-sorteo-del-mundialito-culiacan-2026\/","url":"https:\/\/fuentesfidedignas.com.mx\/index.php\/2026\/05\/01\/uas-reafirma-su-compromiso-social-al-ser-sede-del-sorteo-del-mundialito-culiacan-2026\/","name":"UAS reafirma su compromiso social al ser sede del sorteo del Mundialito Culiac\u00e1n 2026 - Fuentes Fidedignas","isPartOf":{"@id":"https:\/\/fuentesfidedignas.com.mx\/#website"},"primaryImageOfPage":{"@id":"https:\/\/fuentesfidedignas.com.mx\/index.php\/2026\/05\/01\/uas-reafirma-su-compromiso-social-al-ser-sede-del-sorteo-del-mundialito-culiacan-2026\/#primaryimage"},"image":{"@id":"https:\/\/fuentesfidedignas.com.mx\/index.php\/2026\/05\/01\/uas-reafirma-su-compromiso-social-al-ser-sede-del-sorteo-del-mundialito-culiacan-2026\/#primaryimage"},"thumbnailUrl":"https:\/\/fuentesfidedignas.com.mx\/wp-content\/uploads\/2026\/05\/img_8304.jpeg","datePublished":"2026-05-01T15:27:03+00:00","dateModified":"2026-05-01T15:49:19+00:00","breadcrumb":{"@id":"https:\/\/fuentesfidedignas.com.mx\/index.php\/2026\/05\/01\/uas-reafirma-su-compromiso-social-al-ser-sede-del-sorteo-del-mundialito-culiacan-2026\/#breadcrumb"},"inLanguage":"es","potentialAction":[{"@type":"ReadAction","target":["https:\/\/fuentesfidedignas.com.mx\/index.php\/2026\/05\/01\/uas-reafirma-su-compromiso-social-al-ser-sede-del-sorteo-del-mundialito-culiacan-2026\/"]}]},{"@type":"ImageObject","inLanguage":"es","@id":"https:\/\/fuentesfidedignas.com.mx\/index.php\/2026\/05\/01\/uas-reafirma-su-compromiso-social-al-ser-sede-del-sorteo-del-mundialito-culiacan-2026\/#primaryimage","url":"https:\/\/fuentesfidedignas.com.mx\/wp-content\/uploads\/2026\/05\/img_8304.jpeg","contentUrl":"https:\/\/fuentesfidedignas.com.mx\/wp-content\/uploads\/2026\/05\/img_8304.jpeg","width":1600,"height":1067},{"@type":"BreadcrumbList","@id":"https:\/\/fuentesfidedignas.com.mx\/index.php\/2026\/05\/01\/uas-reafirma-su-compromiso-social-al-ser-sede-del-sorteo-del-mundialito-culiacan-2026\/#breadcrumb","itemListElement":[{"@type":"ListItem","position":1,"name":"Inicio","item":"https:\/\/fuentesfidedignas.com.mx\/"},{"@type":"ListItem","position":2,"name":"UAS reafirma su compromiso social al ser sede del sorteo del Mundialito Culiac\u00e1n 2026"}]},{"@type":"WebSite","@id":"https:\/\/fuentesfidedignas.com.mx\/#website","url":"https:\/\/fuentesfidedignas.com.mx\/","name":"Fuentes Fidedignas","description":"Otro sitio realizado con WordPress","publisher":{"@id":"https:\/\/fuentesfidedignas.com.mx\/#organization"},"potentialAction":[{"@type":"SearchAction","target":{"@type":"EntryPoint","urlTemplate":"https:\/\/fuentesfidedignas.com.mx\/?s={search_term_string}"},"query-input":{"@type":"PropertyValueSpecification","valueRequired":true,"valueName":"search_term_string"}}],"inLanguage":"es"},{"@type":"Organization","@id":"https:\/\/fuentesfidedignas.com.mx\/#organization","name":"Fuentes Fidedignas","url":"https:\/\/fuentesfidedignas.com.mx\/","logo":{"@type":"ImageObject","inLanguage":"es","@id":"https:\/\/fuentesfidedignas.com.mx\/#\/schema\/logo\/image\/","url":"https:\/\/fuentesfidedignas.com.mx\/wp-content\/uploads\/2021\/04\/logo-retina.png","contentUrl":"https:\/\/fuentesfidedignas.com.mx\/wp-content\/uploads\/2021\/04\/logo-retina.png","width":280,"height":51,"caption":"Fuentes Fidedignas"},"image":{"@id":"https:\/\/fuentesfidedignas.com.mx\/#\/schema\/logo\/image\/"},"sameAs":["https:\/\/www.facebook.com\/Fuentes-Fidedignas-368234489921644","https:\/\/x.com\/fidedignas"]},{"@type":"Person","@id":"https:\/\/fuentesfidedignas.com.mx\/#\/schema\/person\/331be9283d37198e2acd5750279085b0","name":"Redacci\u00f3n","image":{"@type":"ImageObject","inLanguage":"es","@id":"https:\/\/secure.gravatar.com\/avatar\/f6d8782c11d12b2d4ad3fbb6931aeab5309937a4d6cd2fc9cfaa28a6396a5aec?s=96&d=mm&r=g","url":"https:\/\/secure.gravatar.com\/avatar\/f6d8782c11d12b2d4ad3fbb6931aeab5309937a4d6cd2fc9cfaa28a6396a5aec?s=96&d=mm&r=g","contentUrl":"https:\/\/secure.gravatar.com\/avatar\/f6d8782c11d12b2d4ad3fbb6931aeab5309937a4d6cd2fc9cfaa28a6396a5aec?s=96&d=mm&r=g","caption":"Redacci\u00f3n"},"url":"https:\/\/fuentesfidedignas.com.mx\/index.php\/author\/redaccion\/"}]}},"_links":{"self":[{"href":"https:\/\/fuentesfidedignas.com.mx\/index.php\/wp-json\/wp\/v2\/posts\/132666","targetHints":{"allow":["GET"]}}],"collection":[{"href":"https:\/\/fuentesfidedignas.com.mx\/index.php\/wp-json\/wp\/v2\/posts"}],"about":[{"href":"https:\/\/fuentesfidedignas.com.mx\/index.php\/wp-json\/wp\/v2\/types\/post"}],"author":[{"embeddable":true,"href":"https:\/\/fuentesfidedignas.com.mx\/index.php\/wp-json\/wp\/v2\/users\/4"}],"replies":[{"embeddable":true,"href":"https:\/\/fuentesfidedignas.com.mx\/index.php\/wp-json\/wp\/v2\/comments?post=132666"}],"version-history":[{"count":1,"href":"https:\/\/fuentesfidedignas.com.mx\/index.php\/wp-json\/wp\/v2\/posts\/132666\/revisions"}],"predecessor-version":[{"id":132667,"href":"https:\/\/fuentesfidedignas.com.mx\/index.php\/wp-json\/wp\/v2\/posts\/132666\/revisions\/132667"}],"wp:featuredmedia":[{"embeddable":true,"href":"https:\/\/fuentesfidedignas.com.mx\/index.php\/wp-json\/wp\/v2\/media\/132665"}],"wp:attachment":[{"href":"https:\/\/fuentesfidedignas.com.mx\/index.php\/wp-json\/wp\/v2\/media?parent=132666"}],"wp:term":[{"taxonomy":"category","embeddable":true,"href":"https:\/\/fuentesfidedignas.com.mx\/index.php\/wp-json\/wp\/v2\/categories?post=132666"},{"taxonomy":"post_tag","embeddable":true,"href":"https:\/\/fuentesfidedignas.com.mx\/index.php\/wp-json\/wp\/v2\/tags?post=132666"}],"curies":[{"name":"wp","href":"https:\/\/api.w.org\/{rel}","templated":true}]}}