{"id":132663,"date":"2026-05-01T08:20:24","date_gmt":"2026-05-01T15:20:24","guid":{"rendered":"https:\/\/fuentesfidedignas.com.mx\/?p=132663"},"modified":"2026-05-01T08:20:24","modified_gmt":"2026-05-01T15:20:24","slug":"jueves-violento-sumaron-nueve-personas-asesinadas-en-sinaloa","status":"publish","type":"post","link":"https:\/\/fuentesfidedignas.com.mx\/index.php\/2026\/05\/01\/jueves-violento-sumaron-nueve-personas-asesinadas-en-sinaloa\/","title":{"rendered":"Jueves violento: sumaron nueve personas asesinadas en Sinaloa"},"content":{"rendered":"\n<p><em>FGE informa de los hechos delictivos registrados el jueves 30 de abril de 2026<\/em><\/p>\n\n\n\n<p>Culiac\u00e1n, Sinaloa. \u2013 La Fiscal\u00eda General del Estado de Sinaloa informa que el jueves 30 de abril se registraron <em>siete<\/em> carpetas de investigaci\u00f3n por el delito de homicidio doloso, debido a la localizaci\u00f3n <em>nueve<\/em> personas sin vida.<\/p>\n\n\n\n<p>En Culiac\u00e1n, una persona fue localizada en la colonia Santa Rosa; dos personas, en el residencial Brisas; una persona del sexo femenino y una del sexo masculino, en la colonia 8 de Febrero; y una m\u00e1s, en la carretera Culiacancito\u2013Bacurim\u00ed.<\/p>\n\n\n\n<p>Tambi\u00e9n en Culiac\u00e1n una persona falleci\u00f3 en un hospital luego de recibir atenci\u00f3n m\u00e9dica a ra\u00edz de hechos ocurridos en la colonia Sinaloa; otra persona falleci\u00f3 tras resultar herida por hechos registrados en la colonia Rep\u00fablica Mexicana; y una m\u00e1s fue localizada en la colonia L\u00e1zaro C\u00e1rdenas.<\/p>\n\n\n\n<p>En el municipio de Elota, se localiz\u00f3 una osamenta en la autopista, tramo Mazatl\u00e1n\u2013Culiac\u00e1n, en el municipio de Elota, as\u00ed como de restos \u00f3seos en un camino de terracer\u00eda que conduce a una acu\u00edcola.<\/p>\n\n\n\n<p>En la Unidad Especializada en Robo de Veh\u00edculo Regi\u00f3n Centro, se registraron <em>siete<\/em> denuncias.<\/p>\n\n\n\n<p>En la Fiscal\u00eda Especializada en Desaparici\u00f3n Forzada de Personas se registraron <em>dos<\/em> denuncias en la Regi\u00f3n Centro, por el delito de Privaci\u00f3n de la Libertad Personal.<\/p>\n\n\n\n<p>La Fiscal\u00eda General del Estado de Sinaloa reitera su compromiso de mantener informada a la sociedad con datos oficiales que provienen de las denuncias que se formalizan ante las Unidades y Agencias del Ministerio P\u00fablico.<\/p>\n","protected":false},"excerpt":{"rendered":"<p>FGE informa de los hechos delictivos registrados el jueves 30 de abril de 2026 Culiac\u00e1n, Sinaloa. \u2013 La Fiscal\u00eda General del Estado de Sinaloa informa que el jueves 30 de abril se registraron siete carpetas de investigaci\u00f3n por el delito de homicidio doloso, debido a la localizaci\u00f3n nueve personas sin vida. En Culiac\u00e1n, una persona [&hellip;]<\/p>\n","protected":false},"author":4,"featured_media":113057,"comment_status":"closed","ping_status":"open","sticky":false,"template":"","format":"standard","meta":{"tdm_status":"","tdm_grid_status":"","footnotes":""},"categories":[37],"tags":[],"class_list":{"0":"post-132663","1":"post","2":"type-post","3":"status-publish","4":"format-standard","5":"has-post-thumbnail","7":"category-nota-principal"},"yoast_head":"<!-- This site is optimized with the Yoast SEO plugin v27.5 - https:\/\/yoast.com\/product\/yoast-seo-wordpress\/ -->\n<title>Jueves violento: sumaron nueve personas asesinadas en Sinaloa - Fuentes Fidedignas<\/title>\n<meta name=\"robots\" content=\"index, follow, max-snippet:-1, max-image-preview:large, max-video-preview:-1\" \/>\n<link rel=\"canonical\" href=\"https:\/\/fuentesfidedignas.com.mx\/index.php\/2026\/05\/01\/jueves-violento-sumaron-nueve-personas-asesinadas-en-sinaloa\/\" \/>\n<meta property=\"og:locale\" content=\"es_MX\" \/>\n<meta property=\"og:type\" content=\"article\" \/>\n<meta property=\"og:title\" content=\"Jueves violento: sumaron nueve personas asesinadas en Sinaloa - Fuentes Fidedignas\" \/>\n<meta property=\"og:description\" content=\"FGE informa de los hechos delictivos registrados el jueves 30 de abril de 2026 Culiac\u00e1n, Sinaloa. \u2013 La Fiscal\u00eda General del Estado de Sinaloa informa que el jueves 30 de abril se registraron siete carpetas de investigaci\u00f3n por el delito de homicidio doloso, debido a la localizaci\u00f3n nueve personas sin vida. En Culiac\u00e1n, una persona [&hellip;]\" \/>\n<meta property=\"og:url\" content=\"https:\/\/fuentesfidedignas.com.mx\/index.php\/2026\/05\/01\/jueves-violento-sumaron-nueve-personas-asesinadas-en-sinaloa\/\" \/>\n<meta property=\"og:site_name\" content=\"Fuentes Fidedignas\" \/>\n<meta property=\"article:publisher\" content=\"https:\/\/www.facebook.com\/Fuentes-Fidedignas-368234489921644\" \/>\n<meta property=\"article:published_time\" content=\"2026-05-01T15:20:24+00:00\" \/>\n<meta property=\"og:image\" content=\"https:\/\/fuentesfidedignas.com.mx\/wp-content\/uploads\/2025\/07\/policia-tema.jpg\" \/>\n\t<meta property=\"og:image:width\" content=\"1170\" \/>\n\t<meta property=\"og:image:height\" content=\"831\" \/>\n\t<meta property=\"og:image:type\" content=\"image\/jpeg\" \/>\n<meta name=\"author\" content=\"Redacci\u00f3n\" \/>\n<meta name=\"twitter:card\" content=\"summary_large_image\" \/>\n<meta name=\"twitter:creator\" content=\"@fidedignas\" \/>\n<meta name=\"twitter:site\" content=\"@fidedignas\" \/>\n<meta name=\"twitter:label1\" content=\"Escrito por\" \/>\n\t<meta name=\"twitter:data1\" content=\"Redacci\u00f3n\" \/>\n\t<meta name=\"twitter:label2\" content=\"Tiempo de lectura\" \/>\n\t<meta name=\"twitter:data2\" content=\"1 minuto\" \/>\n<script type=\"application\/ld+json\" class=\"yoast-schema-graph\">{\"@context\":\"https:\\\/\\\/schema.org\",\"@graph\":[{\"@type\":\"Article\",\"@id\":\"https:\\\/\\\/fuentesfidedignas.com.mx\\\/index.php\\\/2026\\\/05\\\/01\\\/jueves-violento-sumaron-nueve-personas-asesinadas-en-sinaloa\\\/#article\",\"isPartOf\":{\"@id\":\"https:\\\/\\\/fuentesfidedignas.com.mx\\\/index.php\\\/2026\\\/05\\\/01\\\/jueves-violento-sumaron-nueve-personas-asesinadas-en-sinaloa\\\/\"},\"author\":{\"name\":\"Redacci\u00f3n\",\"@id\":\"https:\\\/\\\/fuentesfidedignas.com.mx\\\/#\\\/schema\\\/person\\\/331be9283d37198e2acd5750279085b0\"},\"headline\":\"Jueves violento: sumaron nueve personas asesinadas en Sinaloa\",\"datePublished\":\"2026-05-01T15:20:24+00:00\",\"mainEntityOfPage\":{\"@id\":\"https:\\\/\\\/fuentesfidedignas.com.mx\\\/index.php\\\/2026\\\/05\\\/01\\\/jueves-violento-sumaron-nueve-personas-asesinadas-en-sinaloa\\\/\"},\"wordCount\":279,\"publisher\":{\"@id\":\"https:\\\/\\\/fuentesfidedignas.com.mx\\\/#organization\"},\"image\":{\"@id\":\"https:\\\/\\\/fuentesfidedignas.com.mx\\\/index.php\\\/2026\\\/05\\\/01\\\/jueves-violento-sumaron-nueve-personas-asesinadas-en-sinaloa\\\/#primaryimage\"},\"thumbnailUrl\":\"https:\\\/\\\/fuentesfidedignas.com.mx\\\/wp-content\\\/uploads\\\/2025\\\/07\\\/policia-tema.jpg\",\"articleSection\":[\"NOTA PRINCIPAL\"],\"inLanguage\":\"es\"},{\"@type\":\"WebPage\",\"@id\":\"https:\\\/\\\/fuentesfidedignas.com.mx\\\/index.php\\\/2026\\\/05\\\/01\\\/jueves-violento-sumaron-nueve-personas-asesinadas-en-sinaloa\\\/\",\"url\":\"https:\\\/\\\/fuentesfidedignas.com.mx\\\/index.php\\\/2026\\\/05\\\/01\\\/jueves-violento-sumaron-nueve-personas-asesinadas-en-sinaloa\\\/\",\"name\":\"Jueves violento: sumaron nueve personas asesinadas en Sinaloa - Fuentes Fidedignas\",\"isPartOf\":{\"@id\":\"https:\\\/\\\/fuentesfidedignas.com.mx\\\/#website\"},\"primaryImageOfPage\":{\"@id\":\"https:\\\/\\\/fuentesfidedignas.com.mx\\\/index.php\\\/2026\\\/05\\\/01\\\/jueves-violento-sumaron-nueve-personas-asesinadas-en-sinaloa\\\/#primaryimage\"},\"image\":{\"@id\":\"https:\\\/\\\/fuentesfidedignas.com.mx\\\/index.php\\\/2026\\\/05\\\/01\\\/jueves-violento-sumaron-nueve-personas-asesinadas-en-sinaloa\\\/#primaryimage\"},\"thumbnailUrl\":\"https:\\\/\\\/fuentesfidedignas.com.mx\\\/wp-content\\\/uploads\\\/2025\\\/07\\\/policia-tema.jpg\",\"datePublished\":\"2026-05-01T15:20:24+00:00\",\"breadcrumb\":{\"@id\":\"https:\\\/\\\/fuentesfidedignas.com.mx\\\/index.php\\\/2026\\\/05\\\/01\\\/jueves-violento-sumaron-nueve-personas-asesinadas-en-sinaloa\\\/#breadcrumb\"},\"inLanguage\":\"es\",\"potentialAction\":[{\"@type\":\"ReadAction\",\"target\":[\"https:\\\/\\\/fuentesfidedignas.com.mx\\\/index.php\\\/2026\\\/05\\\/01\\\/jueves-violento-sumaron-nueve-personas-asesinadas-en-sinaloa\\\/\"]}]},{\"@type\":\"ImageObject\",\"inLanguage\":\"es\",\"@id\":\"https:\\\/\\\/fuentesfidedignas.com.mx\\\/index.php\\\/2026\\\/05\\\/01\\\/jueves-violento-sumaron-nueve-personas-asesinadas-en-sinaloa\\\/#primaryimage\",\"url\":\"https:\\\/\\\/fuentesfidedignas.com.mx\\\/wp-content\\\/uploads\\\/2025\\\/07\\\/policia-tema.jpg\",\"contentUrl\":\"https:\\\/\\\/fuentesfidedignas.com.mx\\\/wp-content\\\/uploads\\\/2025\\\/07\\\/policia-tema.jpg\",\"width\":1170,\"height\":831},{\"@type\":\"BreadcrumbList\",\"@id\":\"https:\\\/\\\/fuentesfidedignas.com.mx\\\/index.php\\\/2026\\\/05\\\/01\\\/jueves-violento-sumaron-nueve-personas-asesinadas-en-sinaloa\\\/#breadcrumb\",\"itemListElement\":[{\"@type\":\"ListItem\",\"position\":1,\"name\":\"Inicio\",\"item\":\"https:\\\/\\\/fuentesfidedignas.com.mx\\\/\"},{\"@type\":\"ListItem\",\"position\":2,\"name\":\"Jueves violento: sumaron nueve personas asesinadas en Sinaloa\"}]},{\"@type\":\"WebSite\",\"@id\":\"https:\\\/\\\/fuentesfidedignas.com.mx\\\/#website\",\"url\":\"https:\\\/\\\/fuentesfidedignas.com.mx\\\/\",\"name\":\"Fuentes Fidedignas\",\"description\":\"Otro sitio realizado con WordPress\",\"publisher\":{\"@id\":\"https:\\\/\\\/fuentesfidedignas.com.mx\\\/#organization\"},\"potentialAction\":[{\"@type\":\"SearchAction\",\"target\":{\"@type\":\"EntryPoint\",\"urlTemplate\":\"https:\\\/\\\/fuentesfidedignas.com.mx\\\/?s={search_term_string}\"},\"query-input\":{\"@type\":\"PropertyValueSpecification\",\"valueRequired\":true,\"valueName\":\"search_term_string\"}}],\"inLanguage\":\"es\"},{\"@type\":\"Organization\",\"@id\":\"https:\\\/\\\/fuentesfidedignas.com.mx\\\/#organization\",\"name\":\"Fuentes Fidedignas\",\"url\":\"https:\\\/\\\/fuentesfidedignas.com.mx\\\/\",\"logo\":{\"@type\":\"ImageObject\",\"inLanguage\":\"es\",\"@id\":\"https:\\\/\\\/fuentesfidedignas.com.mx\\\/#\\\/schema\\\/logo\\\/image\\\/\",\"url\":\"https:\\\/\\\/fuentesfidedignas.com.mx\\\/wp-content\\\/uploads\\\/2021\\\/04\\\/logo-retina.png\",\"contentUrl\":\"https:\\\/\\\/fuentesfidedignas.com.mx\\\/wp-content\\\/uploads\\\/2021\\\/04\\\/logo-retina.png\",\"width\":280,\"height\":51,\"caption\":\"Fuentes Fidedignas\"},\"image\":{\"@id\":\"https:\\\/\\\/fuentesfidedignas.com.mx\\\/#\\\/schema\\\/logo\\\/image\\\/\"},\"sameAs\":[\"https:\\\/\\\/www.facebook.com\\\/Fuentes-Fidedignas-368234489921644\",\"https:\\\/\\\/x.com\\\/fidedignas\"]},{\"@type\":\"Person\",\"@id\":\"https:\\\/\\\/fuentesfidedignas.com.mx\\\/#\\\/schema\\\/person\\\/331be9283d37198e2acd5750279085b0\",\"name\":\"Redacci\u00f3n\",\"image\":{\"@type\":\"ImageObject\",\"inLanguage\":\"es\",\"@id\":\"https:\\\/\\\/secure.gravatar.com\\\/avatar\\\/f6d8782c11d12b2d4ad3fbb6931aeab5309937a4d6cd2fc9cfaa28a6396a5aec?s=96&d=mm&r=g\",\"url\":\"https:\\\/\\\/secure.gravatar.com\\\/avatar\\\/f6d8782c11d12b2d4ad3fbb6931aeab5309937a4d6cd2fc9cfaa28a6396a5aec?s=96&d=mm&r=g\",\"contentUrl\":\"https:\\\/\\\/secure.gravatar.com\\\/avatar\\\/f6d8782c11d12b2d4ad3fbb6931aeab5309937a4d6cd2fc9cfaa28a6396a5aec?s=96&d=mm&r=g\",\"caption\":\"Redacci\u00f3n\"},\"url\":\"https:\\\/\\\/fuentesfidedignas.com.mx\\\/index.php\\\/author\\\/redaccion\\\/\"}]}<\/script>\n<!-- \/ Yoast SEO plugin. -->","yoast_head_json":{"title":"Jueves violento: sumaron nueve personas asesinadas en Sinaloa - Fuentes Fidedignas","robots":{"index":"index","follow":"follow","max-snippet":"max-snippet:-1","max-image-preview":"max-image-preview:large","max-video-preview":"max-video-preview:-1"},"canonical":"https:\/\/fuentesfidedignas.com.mx\/index.php\/2026\/05\/01\/jueves-violento-sumaron-nueve-personas-asesinadas-en-sinaloa\/","og_locale":"es_MX","og_type":"article","og_title":"Jueves violento: sumaron nueve personas asesinadas en Sinaloa - Fuentes Fidedignas","og_description":"FGE informa de los hechos delictivos registrados el jueves 30 de abril de 2026 Culiac\u00e1n, Sinaloa. \u2013 La Fiscal\u00eda General del Estado de Sinaloa informa que el jueves 30 de abril se registraron siete carpetas de investigaci\u00f3n por el delito de homicidio doloso, debido a la localizaci\u00f3n nueve personas sin vida. En Culiac\u00e1n, una persona [&hellip;]","og_url":"https:\/\/fuentesfidedignas.com.mx\/index.php\/2026\/05\/01\/jueves-violento-sumaron-nueve-personas-asesinadas-en-sinaloa\/","og_site_name":"Fuentes Fidedignas","article_publisher":"https:\/\/www.facebook.com\/Fuentes-Fidedignas-368234489921644","article_published_time":"2026-05-01T15:20:24+00:00","og_image":[{"width":1170,"height":831,"url":"https:\/\/fuentesfidedignas.com.mx\/wp-content\/uploads\/2025\/07\/policia-tema.jpg","type":"image\/jpeg"}],"author":"Redacci\u00f3n","twitter_card":"summary_large_image","twitter_creator":"@fidedignas","twitter_site":"@fidedignas","twitter_misc":{"Escrito por":"Redacci\u00f3n","Tiempo de lectura":"1 minuto"},"schema":{"@context":"https:\/\/schema.org","@graph":[{"@type":"Article","@id":"https:\/\/fuentesfidedignas.com.mx\/index.php\/2026\/05\/01\/jueves-violento-sumaron-nueve-personas-asesinadas-en-sinaloa\/#article","isPartOf":{"@id":"https:\/\/fuentesfidedignas.com.mx\/index.php\/2026\/05\/01\/jueves-violento-sumaron-nueve-personas-asesinadas-en-sinaloa\/"},"author":{"name":"Redacci\u00f3n","@id":"https:\/\/fuentesfidedignas.com.mx\/#\/schema\/person\/331be9283d37198e2acd5750279085b0"},"headline":"Jueves violento: sumaron nueve personas asesinadas en Sinaloa","datePublished":"2026-05-01T15:20:24+00:00","mainEntityOfPage":{"@id":"https:\/\/fuentesfidedignas.com.mx\/index.php\/2026\/05\/01\/jueves-violento-sumaron-nueve-personas-asesinadas-en-sinaloa\/"},"wordCount":279,"publisher":{"@id":"https:\/\/fuentesfidedignas.com.mx\/#organization"},"image":{"@id":"https:\/\/fuentesfidedignas.com.mx\/index.php\/2026\/05\/01\/jueves-violento-sumaron-nueve-personas-asesinadas-en-sinaloa\/#primaryimage"},"thumbnailUrl":"https:\/\/fuentesfidedignas.com.mx\/wp-content\/uploads\/2025\/07\/policia-tema.jpg","articleSection":["NOTA PRINCIPAL"],"inLanguage":"es"},{"@type":"WebPage","@id":"https:\/\/fuentesfidedignas.com.mx\/index.php\/2026\/05\/01\/jueves-violento-sumaron-nueve-personas-asesinadas-en-sinaloa\/","url":"https:\/\/fuentesfidedignas.com.mx\/index.php\/2026\/05\/01\/jueves-violento-sumaron-nueve-personas-asesinadas-en-sinaloa\/","name":"Jueves violento: sumaron nueve personas asesinadas en Sinaloa - Fuentes Fidedignas","isPartOf":{"@id":"https:\/\/fuentesfidedignas.com.mx\/#website"},"primaryImageOfPage":{"@id":"https:\/\/fuentesfidedignas.com.mx\/index.php\/2026\/05\/01\/jueves-violento-sumaron-nueve-personas-asesinadas-en-sinaloa\/#primaryimage"},"image":{"@id":"https:\/\/fuentesfidedignas.com.mx\/index.php\/2026\/05\/01\/jueves-violento-sumaron-nueve-personas-asesinadas-en-sinaloa\/#primaryimage"},"thumbnailUrl":"https:\/\/fuentesfidedignas.com.mx\/wp-content\/uploads\/2025\/07\/policia-tema.jpg","datePublished":"2026-05-01T15:20:24+00:00","breadcrumb":{"@id":"https:\/\/fuentesfidedignas.com.mx\/index.php\/2026\/05\/01\/jueves-violento-sumaron-nueve-personas-asesinadas-en-sinaloa\/#breadcrumb"},"inLanguage":"es","potentialAction":[{"@type":"ReadAction","target":["https:\/\/fuentesfidedignas.com.mx\/index.php\/2026\/05\/01\/jueves-violento-sumaron-nueve-personas-asesinadas-en-sinaloa\/"]}]},{"@type":"ImageObject","inLanguage":"es","@id":"https:\/\/fuentesfidedignas.com.mx\/index.php\/2026\/05\/01\/jueves-violento-sumaron-nueve-personas-asesinadas-en-sinaloa\/#primaryimage","url":"https:\/\/fuentesfidedignas.com.mx\/wp-content\/uploads\/2025\/07\/policia-tema.jpg","contentUrl":"https:\/\/fuentesfidedignas.com.mx\/wp-content\/uploads\/2025\/07\/policia-tema.jpg","width":1170,"height":831},{"@type":"BreadcrumbList","@id":"https:\/\/fuentesfidedignas.com.mx\/index.php\/2026\/05\/01\/jueves-violento-sumaron-nueve-personas-asesinadas-en-sinaloa\/#breadcrumb","itemListElement":[{"@type":"ListItem","position":1,"name":"Inicio","item":"https:\/\/fuentesfidedignas.com.mx\/"},{"@type":"ListItem","position":2,"name":"Jueves violento: sumaron nueve personas asesinadas en Sinaloa"}]},{"@type":"WebSite","@id":"https:\/\/fuentesfidedignas.com.mx\/#website","url":"https:\/\/fuentesfidedignas.com.mx\/","name":"Fuentes Fidedignas","description":"Otro sitio realizado con WordPress","publisher":{"@id":"https:\/\/fuentesfidedignas.com.mx\/#organization"},"potentialAction":[{"@type":"SearchAction","target":{"@type":"EntryPoint","urlTemplate":"https:\/\/fuentesfidedignas.com.mx\/?s={search_term_string}"},"query-input":{"@type":"PropertyValueSpecification","valueRequired":true,"valueName":"search_term_string"}}],"inLanguage":"es"},{"@type":"Organization","@id":"https:\/\/fuentesfidedignas.com.mx\/#organization","name":"Fuentes Fidedignas","url":"https:\/\/fuentesfidedignas.com.mx\/","logo":{"@type":"ImageObject","inLanguage":"es","@id":"https:\/\/fuentesfidedignas.com.mx\/#\/schema\/logo\/image\/","url":"https:\/\/fuentesfidedignas.com.mx\/wp-content\/uploads\/2021\/04\/logo-retina.png","contentUrl":"https:\/\/fuentesfidedignas.com.mx\/wp-content\/uploads\/2021\/04\/logo-retina.png","width":280,"height":51,"caption":"Fuentes Fidedignas"},"image":{"@id":"https:\/\/fuentesfidedignas.com.mx\/#\/schema\/logo\/image\/"},"sameAs":["https:\/\/www.facebook.com\/Fuentes-Fidedignas-368234489921644","https:\/\/x.com\/fidedignas"]},{"@type":"Person","@id":"https:\/\/fuentesfidedignas.com.mx\/#\/schema\/person\/331be9283d37198e2acd5750279085b0","name":"Redacci\u00f3n","image":{"@type":"ImageObject","inLanguage":"es","@id":"https:\/\/secure.gravatar.com\/avatar\/f6d8782c11d12b2d4ad3fbb6931aeab5309937a4d6cd2fc9cfaa28a6396a5aec?s=96&d=mm&r=g","url":"https:\/\/secure.gravatar.com\/avatar\/f6d8782c11d12b2d4ad3fbb6931aeab5309937a4d6cd2fc9cfaa28a6396a5aec?s=96&d=mm&r=g","contentUrl":"https:\/\/secure.gravatar.com\/avatar\/f6d8782c11d12b2d4ad3fbb6931aeab5309937a4d6cd2fc9cfaa28a6396a5aec?s=96&d=mm&r=g","caption":"Redacci\u00f3n"},"url":"https:\/\/fuentesfidedignas.com.mx\/index.php\/author\/redaccion\/"}]}},"_links":{"self":[{"href":"https:\/\/fuentesfidedignas.com.mx\/index.php\/wp-json\/wp\/v2\/posts\/132663","targetHints":{"allow":["GET"]}}],"collection":[{"href":"https:\/\/fuentesfidedignas.com.mx\/index.php\/wp-json\/wp\/v2\/posts"}],"about":[{"href":"https:\/\/fuentesfidedignas.com.mx\/index.php\/wp-json\/wp\/v2\/types\/post"}],"author":[{"embeddable":true,"href":"https:\/\/fuentesfidedignas.com.mx\/index.php\/wp-json\/wp\/v2\/users\/4"}],"replies":[{"embeddable":true,"href":"https:\/\/fuentesfidedignas.com.mx\/index.php\/wp-json\/wp\/v2\/comments?post=132663"}],"version-history":[{"count":1,"href":"https:\/\/fuentesfidedignas.com.mx\/index.php\/wp-json\/wp\/v2\/posts\/132663\/revisions"}],"predecessor-version":[{"id":132664,"href":"https:\/\/fuentesfidedignas.com.mx\/index.php\/wp-json\/wp\/v2\/posts\/132663\/revisions\/132664"}],"wp:featuredmedia":[{"embeddable":true,"href":"https:\/\/fuentesfidedignas.com.mx\/index.php\/wp-json\/wp\/v2\/media\/113057"}],"wp:attachment":[{"href":"https:\/\/fuentesfidedignas.com.mx\/index.php\/wp-json\/wp\/v2\/media?parent=132663"}],"wp:term":[{"taxonomy":"category","embeddable":true,"href":"https:\/\/fuentesfidedignas.com.mx\/index.php\/wp-json\/wp\/v2\/categories?post=132663"},{"taxonomy":"post_tag","embeddable":true,"href":"https:\/\/fuentesfidedignas.com.mx\/index.php\/wp-json\/wp\/v2\/tags?post=132663"}],"curies":[{"name":"wp","href":"https:\/\/api.w.org\/{rel}","templated":true}]}}