{"id":132654,"date":"2026-04-30T21:39:36","date_gmt":"2026-05-01T04:39:36","guid":{"rendered":"https:\/\/fuentesfidedignas.com.mx\/?p=132654"},"modified":"2026-04-30T21:39:41","modified_gmt":"2026-05-01T04:39:41","slug":"concluye-con-exito-jornada-electoral-en-la-uas-para-la-renovacion-de-41-direcciones-academicas-para-el-periodo-2026-2030","status":"publish","type":"post","link":"https:\/\/fuentesfidedignas.com.mx\/index.php\/2026\/04\/30\/concluye-con-exito-jornada-electoral-en-la-uas-para-la-renovacion-de-41-direcciones-academicas-para-el-periodo-2026-2030\/","title":{"rendered":"Concluye con \u00e9xito jornada electoral en la UAS para la renovaci\u00f3n de 41 direcciones acad\u00e9micas para el periodo 2026-2030"},"content":{"rendered":"\n<p>Se concreta con \u00e9xito un proceso in\u00e9dito en la Universidad Aut\u00f3noma de Sinaloa (UAS) tras la jornada de votaci\u00f3n para elegir a los titulares de las direcciones de unidades acad\u00e9micas para el periodo 2026\u20132030. El ejercicio se desarroll\u00f3 en un ambiente de participaci\u00f3n, civilidad y orden, apegado a la normatividad institucional en las 41 unidades convocadas.<\/p>\n\n\n\n<p>As\u00ed lo dio a conocer la presidenta de la Comisi\u00f3n de Elecciones y Consultas del H. Consejo Universitario, la maestra Dania Lizzette F\u00e9lix Herrera, quien calific\u00f3 la jornada como hist\u00f3rica, al tratarse de un ejercicio de voto directo que no se realizaba desde hace casi dos d\u00e9cadas.<\/p>\n\n\n\n<p>\u201cCreo que se est\u00e1 viviendo una jornada hist\u00f3rica en la Universidad Aut\u00f3noma de Sinaloa con este proceso de elecci\u00f3n en 41 unidades acad\u00e9micas\u201d, detall\u00f3.<\/p>\n\n\n\n<p>Destac\u00f3 que la participaci\u00f3n fue copiosa en todas las regiones, reflejando el inter\u00e9s de estudiantes, docentes y trabajadores por ejercer su derecho al voto bajo este nuevo esquema democr\u00e1tico. Precis\u00f3 que el ejercicio inici\u00f3 puntualmente a las 8:00 de la ma\u00f1ana con la instalaci\u00f3n de urnas, bajo la supervisi\u00f3n de la Comisi\u00f3n para garantizar condiciones de orden desde el arranque.<\/p>\n\n\n\n<p>\u201cMonitoreamos que todas las urnas estuvieran instaladas en las unidades regionales; contamos con actas de instalaci\u00f3n que confirman que todo comenz\u00f3 a desarrollarse con organizaci\u00f3n y calma\u201d, anunci\u00f3.<\/p>\n\n\n\n<p>F\u00e9lix Herrera refiri\u00f3 que, durante el proceso, se dio seguimiento permanente a la operaci\u00f3n en las distintas sedes, atendiendo oportunamente cualquier situaci\u00f3n sin afectar el curso de la jornada. Argument\u00f3 que participaron delegados previamente capacitados para garantizar el correcto desarrollo del proceso, responsables de la recepci\u00f3n de votantes, el registro y el conteo de sufragios en coordinaci\u00f3n constante con la Comisi\u00f3n.<\/p>\n\n\n\n<p>Asimismo, expres\u00f3 que el ejercicio c\u00edvico se rigi\u00f3 por los principios de voto libre, secreto y directo, contando con mecanismos de atenci\u00f3n a inconformidades y un periodo de impugnaciones, lo que fortaleci\u00f3 la certeza y legalidad del proceso.<\/p>\n\n\n\n<p>\u201cHubo un periodo de impugnaciones y atenci\u00f3n a trav\u00e9s de correos electr\u00f3nicos, v\u00eda telef\u00f3nica e incluso personal; todas las inconformidades se han atendido\u201d, ratific\u00f3.<\/p>\n\n\n\n<p>Inform\u00f3 que la votaci\u00f3n se llev\u00f3 a cabo en:<\/p>\n\n\n\n<p>\u2022 9 unidades acad\u00e9micas en la zona norte.<\/p>\n\n\n\n<p>\u2022 4 en la centro-norte.<\/p>\n\n\n\n<p>\u2022 19 en la zona centro.<\/p>\n\n\n\n<p>\u2022 9 en la zona sur.<\/p>\n\n\n\n<p>Adem\u00e1s, el proceso garantiz\u00f3 la equidad de g\u00e9nero con una distribuci\u00f3n de 21 espacios para hombres y 20 para mujeres. Tras el cierre de las urnas, inici\u00f3 el conteo de votos cuyos resultados preliminares ya se publican en espacios visibles dentro de las facultades.<\/p>\n\n\n\n<p>Finalmente, inform\u00f3 que los resultados oficiales se dar\u00e1n a conocer el pr\u00f3ximo 7 de mayo en sesi\u00f3n ordinaria del H. Consejo Universitario, mientras que la toma de protesta de los electos se realizar\u00e1 el 15 de junio, conforme a lo establecido en la Ley Org\u00e1nica.<\/p>\n\n\n\n<p>Cabe recordar que este proceso de elecci\u00f3n de titulares de las direcciones de unidades acad\u00e9micas para el periodo 2026\u20132030, dio inicio el pasado 13 de abril, cuando la convocatoria fue lanzada y socializada en los distintos canales oficiales de la Universidad Aut\u00f3noma de Sinaloa, adem\u00e1s de estar impresa en todas y cada una de las unidades acad\u00e9micas que participar\u00e1n en dicho proceso.<\/p>\n\n\n\n<p>El 20 de abril se dio la jornada de registro de las y los aspirantes, para tener las entrevistas privadas el d\u00eda 24 con la Comisi\u00f3n de Elecciones y Consultas; el d\u00eda 27 se llevaron a cabo las comparecencias p\u00fablicas y los d\u00edas 28 y 29 se dio a las y los candidatos una etapa de difusi\u00f3n de propuestas en las unidades acad\u00e9micas, para culminar este 30 de abril con la votaci\u00f3n.<\/p>\n","protected":false},"excerpt":{"rendered":"<p>Se concreta con \u00e9xito un proceso in\u00e9dito en la Universidad Aut\u00f3noma de Sinaloa (UAS) tras la jornada de votaci\u00f3n para elegir a los titulares de las direcciones de unidades acad\u00e9micas para el periodo 2026\u20132030. El ejercicio se desarroll\u00f3 en un ambiente de participaci\u00f3n, civilidad y orden, apegado a la normatividad institucional en las 41 unidades [&hellip;]<\/p>\n","protected":false},"author":4,"featured_media":132655,"comment_status":"open","ping_status":"open","sticky":false,"template":"","format":"standard","meta":{"tdm_status":"","tdm_grid_status":"","footnotes":""},"categories":[38],"tags":[],"class_list":{"0":"post-132654","1":"post","2":"type-post","3":"status-publish","4":"format-standard","5":"has-post-thumbnail","7":"category-noticias-locales"},"yoast_head":"<!-- This site is optimized with the Yoast SEO plugin v27.5 - https:\/\/yoast.com\/product\/yoast-seo-wordpress\/ -->\n<title>Concluye con \u00e9xito jornada electoral en la UAS para la renovaci\u00f3n de 41 direcciones acad\u00e9micas para el periodo 2026-2030 - Fuentes Fidedignas<\/title>\n<meta name=\"robots\" content=\"index, follow, max-snippet:-1, max-image-preview:large, max-video-preview:-1\" \/>\n<link rel=\"canonical\" href=\"https:\/\/fuentesfidedignas.com.mx\/index.php\/2026\/04\/30\/concluye-con-exito-jornada-electoral-en-la-uas-para-la-renovacion-de-41-direcciones-academicas-para-el-periodo-2026-2030\/\" \/>\n<meta property=\"og:locale\" content=\"es_MX\" \/>\n<meta property=\"og:type\" content=\"article\" \/>\n<meta property=\"og:title\" content=\"Concluye con \u00e9xito jornada electoral en la UAS para la renovaci\u00f3n de 41 direcciones acad\u00e9micas para el periodo 2026-2030 - Fuentes Fidedignas\" \/>\n<meta property=\"og:description\" content=\"Se concreta con \u00e9xito un proceso in\u00e9dito en la Universidad Aut\u00f3noma de Sinaloa (UAS) tras la jornada de votaci\u00f3n para elegir a los titulares de las direcciones de unidades acad\u00e9micas para el periodo 2026\u20132030. El ejercicio se desarroll\u00f3 en un ambiente de participaci\u00f3n, civilidad y orden, apegado a la normatividad institucional en las 41 unidades [&hellip;]\" \/>\n<meta property=\"og:url\" content=\"https:\/\/fuentesfidedignas.com.mx\/index.php\/2026\/04\/30\/concluye-con-exito-jornada-electoral-en-la-uas-para-la-renovacion-de-41-direcciones-academicas-para-el-periodo-2026-2030\/\" \/>\n<meta property=\"og:site_name\" content=\"Fuentes Fidedignas\" \/>\n<meta property=\"article:publisher\" content=\"https:\/\/www.facebook.com\/Fuentes-Fidedignas-368234489921644\" \/>\n<meta property=\"article:published_time\" content=\"2026-05-01T04:39:36+00:00\" \/>\n<meta property=\"article:modified_time\" content=\"2026-05-01T04:39:41+00:00\" \/>\n<meta property=\"og:image\" content=\"https:\/\/fuentesfidedignas.com.mx\/wp-content\/uploads\/2026\/04\/jornadaelectoraluas-2026.jpg\" \/>\n\t<meta property=\"og:image:width\" content=\"1600\" \/>\n\t<meta property=\"og:image:height\" content=\"1065\" \/>\n\t<meta property=\"og:image:type\" content=\"image\/jpeg\" \/>\n<meta name=\"author\" content=\"Redacci\u00f3n\" \/>\n<meta name=\"twitter:card\" content=\"summary_large_image\" \/>\n<meta name=\"twitter:creator\" content=\"@fidedignas\" \/>\n<meta name=\"twitter:site\" content=\"@fidedignas\" \/>\n<meta name=\"twitter:label1\" content=\"Escrito por\" \/>\n\t<meta name=\"twitter:data1\" content=\"Redacci\u00f3n\" \/>\n\t<meta name=\"twitter:label2\" content=\"Tiempo de lectura\" \/>\n\t<meta name=\"twitter:data2\" content=\"3 minutos\" \/>\n<script type=\"application\/ld+json\" class=\"yoast-schema-graph\">{\"@context\":\"https:\\\/\\\/schema.org\",\"@graph\":[{\"@type\":\"Article\",\"@id\":\"https:\\\/\\\/fuentesfidedignas.com.mx\\\/index.php\\\/2026\\\/04\\\/30\\\/concluye-con-exito-jornada-electoral-en-la-uas-para-la-renovacion-de-41-direcciones-academicas-para-el-periodo-2026-2030\\\/#article\",\"isPartOf\":{\"@id\":\"https:\\\/\\\/fuentesfidedignas.com.mx\\\/index.php\\\/2026\\\/04\\\/30\\\/concluye-con-exito-jornada-electoral-en-la-uas-para-la-renovacion-de-41-direcciones-academicas-para-el-periodo-2026-2030\\\/\"},\"author\":{\"name\":\"Redacci\u00f3n\",\"@id\":\"https:\\\/\\\/fuentesfidedignas.com.mx\\\/#\\\/schema\\\/person\\\/331be9283d37198e2acd5750279085b0\"},\"headline\":\"Concluye con \u00e9xito jornada electoral en la UAS para la renovaci\u00f3n de 41 direcciones acad\u00e9micas para el periodo 2026-2030\",\"datePublished\":\"2026-05-01T04:39:36+00:00\",\"dateModified\":\"2026-05-01T04:39:41+00:00\",\"mainEntityOfPage\":{\"@id\":\"https:\\\/\\\/fuentesfidedignas.com.mx\\\/index.php\\\/2026\\\/04\\\/30\\\/concluye-con-exito-jornada-electoral-en-la-uas-para-la-renovacion-de-41-direcciones-academicas-para-el-periodo-2026-2030\\\/\"},\"wordCount\":649,\"commentCount\":0,\"publisher\":{\"@id\":\"https:\\\/\\\/fuentesfidedignas.com.mx\\\/#organization\"},\"image\":{\"@id\":\"https:\\\/\\\/fuentesfidedignas.com.mx\\\/index.php\\\/2026\\\/04\\\/30\\\/concluye-con-exito-jornada-electoral-en-la-uas-para-la-renovacion-de-41-direcciones-academicas-para-el-periodo-2026-2030\\\/#primaryimage\"},\"thumbnailUrl\":\"https:\\\/\\\/fuentesfidedignas.com.mx\\\/wp-content\\\/uploads\\\/2026\\\/04\\\/jornadaelectoraluas-2026.jpg\",\"articleSection\":[\"NOTICIAS LOCALES\"],\"inLanguage\":\"es\",\"potentialAction\":[{\"@type\":\"CommentAction\",\"name\":\"Comment\",\"target\":[\"https:\\\/\\\/fuentesfidedignas.com.mx\\\/index.php\\\/2026\\\/04\\\/30\\\/concluye-con-exito-jornada-electoral-en-la-uas-para-la-renovacion-de-41-direcciones-academicas-para-el-periodo-2026-2030\\\/#respond\"]}]},{\"@type\":\"WebPage\",\"@id\":\"https:\\\/\\\/fuentesfidedignas.com.mx\\\/index.php\\\/2026\\\/04\\\/30\\\/concluye-con-exito-jornada-electoral-en-la-uas-para-la-renovacion-de-41-direcciones-academicas-para-el-periodo-2026-2030\\\/\",\"url\":\"https:\\\/\\\/fuentesfidedignas.com.mx\\\/index.php\\\/2026\\\/04\\\/30\\\/concluye-con-exito-jornada-electoral-en-la-uas-para-la-renovacion-de-41-direcciones-academicas-para-el-periodo-2026-2030\\\/\",\"name\":\"Concluye con \u00e9xito jornada electoral en la UAS para la renovaci\u00f3n de 41 direcciones acad\u00e9micas para el periodo 2026-2030 - Fuentes Fidedignas\",\"isPartOf\":{\"@id\":\"https:\\\/\\\/fuentesfidedignas.com.mx\\\/#website\"},\"primaryImageOfPage\":{\"@id\":\"https:\\\/\\\/fuentesfidedignas.com.mx\\\/index.php\\\/2026\\\/04\\\/30\\\/concluye-con-exito-jornada-electoral-en-la-uas-para-la-renovacion-de-41-direcciones-academicas-para-el-periodo-2026-2030\\\/#primaryimage\"},\"image\":{\"@id\":\"https:\\\/\\\/fuentesfidedignas.com.mx\\\/index.php\\\/2026\\\/04\\\/30\\\/concluye-con-exito-jornada-electoral-en-la-uas-para-la-renovacion-de-41-direcciones-academicas-para-el-periodo-2026-2030\\\/#primaryimage\"},\"thumbnailUrl\":\"https:\\\/\\\/fuentesfidedignas.com.mx\\\/wp-content\\\/uploads\\\/2026\\\/04\\\/jornadaelectoraluas-2026.jpg\",\"datePublished\":\"2026-05-01T04:39:36+00:00\",\"dateModified\":\"2026-05-01T04:39:41+00:00\",\"breadcrumb\":{\"@id\":\"https:\\\/\\\/fuentesfidedignas.com.mx\\\/index.php\\\/2026\\\/04\\\/30\\\/concluye-con-exito-jornada-electoral-en-la-uas-para-la-renovacion-de-41-direcciones-academicas-para-el-periodo-2026-2030\\\/#breadcrumb\"},\"inLanguage\":\"es\",\"potentialAction\":[{\"@type\":\"ReadAction\",\"target\":[\"https:\\\/\\\/fuentesfidedignas.com.mx\\\/index.php\\\/2026\\\/04\\\/30\\\/concluye-con-exito-jornada-electoral-en-la-uas-para-la-renovacion-de-41-direcciones-academicas-para-el-periodo-2026-2030\\\/\"]}]},{\"@type\":\"ImageObject\",\"inLanguage\":\"es\",\"@id\":\"https:\\\/\\\/fuentesfidedignas.com.mx\\\/index.php\\\/2026\\\/04\\\/30\\\/concluye-con-exito-jornada-electoral-en-la-uas-para-la-renovacion-de-41-direcciones-academicas-para-el-periodo-2026-2030\\\/#primaryimage\",\"url\":\"https:\\\/\\\/fuentesfidedignas.com.mx\\\/wp-content\\\/uploads\\\/2026\\\/04\\\/jornadaelectoraluas-2026.jpg\",\"contentUrl\":\"https:\\\/\\\/fuentesfidedignas.com.mx\\\/wp-content\\\/uploads\\\/2026\\\/04\\\/jornadaelectoraluas-2026.jpg\",\"width\":1600,\"height\":1065},{\"@type\":\"BreadcrumbList\",\"@id\":\"https:\\\/\\\/fuentesfidedignas.com.mx\\\/index.php\\\/2026\\\/04\\\/30\\\/concluye-con-exito-jornada-electoral-en-la-uas-para-la-renovacion-de-41-direcciones-academicas-para-el-periodo-2026-2030\\\/#breadcrumb\",\"itemListElement\":[{\"@type\":\"ListItem\",\"position\":1,\"name\":\"Inicio\",\"item\":\"https:\\\/\\\/fuentesfidedignas.com.mx\\\/\"},{\"@type\":\"ListItem\",\"position\":2,\"name\":\"Concluye con \u00e9xito jornada electoral en la UAS para la renovaci\u00f3n de 41 direcciones acad\u00e9micas para el periodo 2026-2030\"}]},{\"@type\":\"WebSite\",\"@id\":\"https:\\\/\\\/fuentesfidedignas.com.mx\\\/#website\",\"url\":\"https:\\\/\\\/fuentesfidedignas.com.mx\\\/\",\"name\":\"Fuentes Fidedignas\",\"description\":\"Otro sitio realizado con WordPress\",\"publisher\":{\"@id\":\"https:\\\/\\\/fuentesfidedignas.com.mx\\\/#organization\"},\"potentialAction\":[{\"@type\":\"SearchAction\",\"target\":{\"@type\":\"EntryPoint\",\"urlTemplate\":\"https:\\\/\\\/fuentesfidedignas.com.mx\\\/?s={search_term_string}\"},\"query-input\":{\"@type\":\"PropertyValueSpecification\",\"valueRequired\":true,\"valueName\":\"search_term_string\"}}],\"inLanguage\":\"es\"},{\"@type\":\"Organization\",\"@id\":\"https:\\\/\\\/fuentesfidedignas.com.mx\\\/#organization\",\"name\":\"Fuentes Fidedignas\",\"url\":\"https:\\\/\\\/fuentesfidedignas.com.mx\\\/\",\"logo\":{\"@type\":\"ImageObject\",\"inLanguage\":\"es\",\"@id\":\"https:\\\/\\\/fuentesfidedignas.com.mx\\\/#\\\/schema\\\/logo\\\/image\\\/\",\"url\":\"https:\\\/\\\/fuentesfidedignas.com.mx\\\/wp-content\\\/uploads\\\/2021\\\/04\\\/logo-retina.png\",\"contentUrl\":\"https:\\\/\\\/fuentesfidedignas.com.mx\\\/wp-content\\\/uploads\\\/2021\\\/04\\\/logo-retina.png\",\"width\":280,\"height\":51,\"caption\":\"Fuentes Fidedignas\"},\"image\":{\"@id\":\"https:\\\/\\\/fuentesfidedignas.com.mx\\\/#\\\/schema\\\/logo\\\/image\\\/\"},\"sameAs\":[\"https:\\\/\\\/www.facebook.com\\\/Fuentes-Fidedignas-368234489921644\",\"https:\\\/\\\/x.com\\\/fidedignas\"]},{\"@type\":\"Person\",\"@id\":\"https:\\\/\\\/fuentesfidedignas.com.mx\\\/#\\\/schema\\\/person\\\/331be9283d37198e2acd5750279085b0\",\"name\":\"Redacci\u00f3n\",\"image\":{\"@type\":\"ImageObject\",\"inLanguage\":\"es\",\"@id\":\"https:\\\/\\\/secure.gravatar.com\\\/avatar\\\/f6d8782c11d12b2d4ad3fbb6931aeab5309937a4d6cd2fc9cfaa28a6396a5aec?s=96&d=mm&r=g\",\"url\":\"https:\\\/\\\/secure.gravatar.com\\\/avatar\\\/f6d8782c11d12b2d4ad3fbb6931aeab5309937a4d6cd2fc9cfaa28a6396a5aec?s=96&d=mm&r=g\",\"contentUrl\":\"https:\\\/\\\/secure.gravatar.com\\\/avatar\\\/f6d8782c11d12b2d4ad3fbb6931aeab5309937a4d6cd2fc9cfaa28a6396a5aec?s=96&d=mm&r=g\",\"caption\":\"Redacci\u00f3n\"},\"url\":\"https:\\\/\\\/fuentesfidedignas.com.mx\\\/index.php\\\/author\\\/redaccion\\\/\"}]}<\/script>\n<!-- \/ Yoast SEO plugin. -->","yoast_head_json":{"title":"Concluye con \u00e9xito jornada electoral en la UAS para la renovaci\u00f3n de 41 direcciones acad\u00e9micas para el periodo 2026-2030 - Fuentes Fidedignas","robots":{"index":"index","follow":"follow","max-snippet":"max-snippet:-1","max-image-preview":"max-image-preview:large","max-video-preview":"max-video-preview:-1"},"canonical":"https:\/\/fuentesfidedignas.com.mx\/index.php\/2026\/04\/30\/concluye-con-exito-jornada-electoral-en-la-uas-para-la-renovacion-de-41-direcciones-academicas-para-el-periodo-2026-2030\/","og_locale":"es_MX","og_type":"article","og_title":"Concluye con \u00e9xito jornada electoral en la UAS para la renovaci\u00f3n de 41 direcciones acad\u00e9micas para el periodo 2026-2030 - Fuentes Fidedignas","og_description":"Se concreta con \u00e9xito un proceso in\u00e9dito en la Universidad Aut\u00f3noma de Sinaloa (UAS) tras la jornada de votaci\u00f3n para elegir a los titulares de las direcciones de unidades acad\u00e9micas para el periodo 2026\u20132030. El ejercicio se desarroll\u00f3 en un ambiente de participaci\u00f3n, civilidad y orden, apegado a la normatividad institucional en las 41 unidades [&hellip;]","og_url":"https:\/\/fuentesfidedignas.com.mx\/index.php\/2026\/04\/30\/concluye-con-exito-jornada-electoral-en-la-uas-para-la-renovacion-de-41-direcciones-academicas-para-el-periodo-2026-2030\/","og_site_name":"Fuentes Fidedignas","article_publisher":"https:\/\/www.facebook.com\/Fuentes-Fidedignas-368234489921644","article_published_time":"2026-05-01T04:39:36+00:00","article_modified_time":"2026-05-01T04:39:41+00:00","og_image":[{"width":1600,"height":1065,"url":"https:\/\/fuentesfidedignas.com.mx\/wp-content\/uploads\/2026\/04\/jornadaelectoraluas-2026.jpg","type":"image\/jpeg"}],"author":"Redacci\u00f3n","twitter_card":"summary_large_image","twitter_creator":"@fidedignas","twitter_site":"@fidedignas","twitter_misc":{"Escrito por":"Redacci\u00f3n","Tiempo de lectura":"3 minutos"},"schema":{"@context":"https:\/\/schema.org","@graph":[{"@type":"Article","@id":"https:\/\/fuentesfidedignas.com.mx\/index.php\/2026\/04\/30\/concluye-con-exito-jornada-electoral-en-la-uas-para-la-renovacion-de-41-direcciones-academicas-para-el-periodo-2026-2030\/#article","isPartOf":{"@id":"https:\/\/fuentesfidedignas.com.mx\/index.php\/2026\/04\/30\/concluye-con-exito-jornada-electoral-en-la-uas-para-la-renovacion-de-41-direcciones-academicas-para-el-periodo-2026-2030\/"},"author":{"name":"Redacci\u00f3n","@id":"https:\/\/fuentesfidedignas.com.mx\/#\/schema\/person\/331be9283d37198e2acd5750279085b0"},"headline":"Concluye con \u00e9xito jornada electoral en la UAS para la renovaci\u00f3n de 41 direcciones acad\u00e9micas para el periodo 2026-2030","datePublished":"2026-05-01T04:39:36+00:00","dateModified":"2026-05-01T04:39:41+00:00","mainEntityOfPage":{"@id":"https:\/\/fuentesfidedignas.com.mx\/index.php\/2026\/04\/30\/concluye-con-exito-jornada-electoral-en-la-uas-para-la-renovacion-de-41-direcciones-academicas-para-el-periodo-2026-2030\/"},"wordCount":649,"commentCount":0,"publisher":{"@id":"https:\/\/fuentesfidedignas.com.mx\/#organization"},"image":{"@id":"https:\/\/fuentesfidedignas.com.mx\/index.php\/2026\/04\/30\/concluye-con-exito-jornada-electoral-en-la-uas-para-la-renovacion-de-41-direcciones-academicas-para-el-periodo-2026-2030\/#primaryimage"},"thumbnailUrl":"https:\/\/fuentesfidedignas.com.mx\/wp-content\/uploads\/2026\/04\/jornadaelectoraluas-2026.jpg","articleSection":["NOTICIAS LOCALES"],"inLanguage":"es","potentialAction":[{"@type":"CommentAction","name":"Comment","target":["https:\/\/fuentesfidedignas.com.mx\/index.php\/2026\/04\/30\/concluye-con-exito-jornada-electoral-en-la-uas-para-la-renovacion-de-41-direcciones-academicas-para-el-periodo-2026-2030\/#respond"]}]},{"@type":"WebPage","@id":"https:\/\/fuentesfidedignas.com.mx\/index.php\/2026\/04\/30\/concluye-con-exito-jornada-electoral-en-la-uas-para-la-renovacion-de-41-direcciones-academicas-para-el-periodo-2026-2030\/","url":"https:\/\/fuentesfidedignas.com.mx\/index.php\/2026\/04\/30\/concluye-con-exito-jornada-electoral-en-la-uas-para-la-renovacion-de-41-direcciones-academicas-para-el-periodo-2026-2030\/","name":"Concluye con \u00e9xito jornada electoral en la UAS para la renovaci\u00f3n de 41 direcciones acad\u00e9micas para el periodo 2026-2030 - Fuentes Fidedignas","isPartOf":{"@id":"https:\/\/fuentesfidedignas.com.mx\/#website"},"primaryImageOfPage":{"@id":"https:\/\/fuentesfidedignas.com.mx\/index.php\/2026\/04\/30\/concluye-con-exito-jornada-electoral-en-la-uas-para-la-renovacion-de-41-direcciones-academicas-para-el-periodo-2026-2030\/#primaryimage"},"image":{"@id":"https:\/\/fuentesfidedignas.com.mx\/index.php\/2026\/04\/30\/concluye-con-exito-jornada-electoral-en-la-uas-para-la-renovacion-de-41-direcciones-academicas-para-el-periodo-2026-2030\/#primaryimage"},"thumbnailUrl":"https:\/\/fuentesfidedignas.com.mx\/wp-content\/uploads\/2026\/04\/jornadaelectoraluas-2026.jpg","datePublished":"2026-05-01T04:39:36+00:00","dateModified":"2026-05-01T04:39:41+00:00","breadcrumb":{"@id":"https:\/\/fuentesfidedignas.com.mx\/index.php\/2026\/04\/30\/concluye-con-exito-jornada-electoral-en-la-uas-para-la-renovacion-de-41-direcciones-academicas-para-el-periodo-2026-2030\/#breadcrumb"},"inLanguage":"es","potentialAction":[{"@type":"ReadAction","target":["https:\/\/fuentesfidedignas.com.mx\/index.php\/2026\/04\/30\/concluye-con-exito-jornada-electoral-en-la-uas-para-la-renovacion-de-41-direcciones-academicas-para-el-periodo-2026-2030\/"]}]},{"@type":"ImageObject","inLanguage":"es","@id":"https:\/\/fuentesfidedignas.com.mx\/index.php\/2026\/04\/30\/concluye-con-exito-jornada-electoral-en-la-uas-para-la-renovacion-de-41-direcciones-academicas-para-el-periodo-2026-2030\/#primaryimage","url":"https:\/\/fuentesfidedignas.com.mx\/wp-content\/uploads\/2026\/04\/jornadaelectoraluas-2026.jpg","contentUrl":"https:\/\/fuentesfidedignas.com.mx\/wp-content\/uploads\/2026\/04\/jornadaelectoraluas-2026.jpg","width":1600,"height":1065},{"@type":"BreadcrumbList","@id":"https:\/\/fuentesfidedignas.com.mx\/index.php\/2026\/04\/30\/concluye-con-exito-jornada-electoral-en-la-uas-para-la-renovacion-de-41-direcciones-academicas-para-el-periodo-2026-2030\/#breadcrumb","itemListElement":[{"@type":"ListItem","position":1,"name":"Inicio","item":"https:\/\/fuentesfidedignas.com.mx\/"},{"@type":"ListItem","position":2,"name":"Concluye con \u00e9xito jornada electoral en la UAS para la renovaci\u00f3n de 41 direcciones acad\u00e9micas para el periodo 2026-2030"}]},{"@type":"WebSite","@id":"https:\/\/fuentesfidedignas.com.mx\/#website","url":"https:\/\/fuentesfidedignas.com.mx\/","name":"Fuentes Fidedignas","description":"Otro sitio realizado con WordPress","publisher":{"@id":"https:\/\/fuentesfidedignas.com.mx\/#organization"},"potentialAction":[{"@type":"SearchAction","target":{"@type":"EntryPoint","urlTemplate":"https:\/\/fuentesfidedignas.com.mx\/?s={search_term_string}"},"query-input":{"@type":"PropertyValueSpecification","valueRequired":true,"valueName":"search_term_string"}}],"inLanguage":"es"},{"@type":"Organization","@id":"https:\/\/fuentesfidedignas.com.mx\/#organization","name":"Fuentes Fidedignas","url":"https:\/\/fuentesfidedignas.com.mx\/","logo":{"@type":"ImageObject","inLanguage":"es","@id":"https:\/\/fuentesfidedignas.com.mx\/#\/schema\/logo\/image\/","url":"https:\/\/fuentesfidedignas.com.mx\/wp-content\/uploads\/2021\/04\/logo-retina.png","contentUrl":"https:\/\/fuentesfidedignas.com.mx\/wp-content\/uploads\/2021\/04\/logo-retina.png","width":280,"height":51,"caption":"Fuentes Fidedignas"},"image":{"@id":"https:\/\/fuentesfidedignas.com.mx\/#\/schema\/logo\/image\/"},"sameAs":["https:\/\/www.facebook.com\/Fuentes-Fidedignas-368234489921644","https:\/\/x.com\/fidedignas"]},{"@type":"Person","@id":"https:\/\/fuentesfidedignas.com.mx\/#\/schema\/person\/331be9283d37198e2acd5750279085b0","name":"Redacci\u00f3n","image":{"@type":"ImageObject","inLanguage":"es","@id":"https:\/\/secure.gravatar.com\/avatar\/f6d8782c11d12b2d4ad3fbb6931aeab5309937a4d6cd2fc9cfaa28a6396a5aec?s=96&d=mm&r=g","url":"https:\/\/secure.gravatar.com\/avatar\/f6d8782c11d12b2d4ad3fbb6931aeab5309937a4d6cd2fc9cfaa28a6396a5aec?s=96&d=mm&r=g","contentUrl":"https:\/\/secure.gravatar.com\/avatar\/f6d8782c11d12b2d4ad3fbb6931aeab5309937a4d6cd2fc9cfaa28a6396a5aec?s=96&d=mm&r=g","caption":"Redacci\u00f3n"},"url":"https:\/\/fuentesfidedignas.com.mx\/index.php\/author\/redaccion\/"}]}},"_links":{"self":[{"href":"https:\/\/fuentesfidedignas.com.mx\/index.php\/wp-json\/wp\/v2\/posts\/132654","targetHints":{"allow":["GET"]}}],"collection":[{"href":"https:\/\/fuentesfidedignas.com.mx\/index.php\/wp-json\/wp\/v2\/posts"}],"about":[{"href":"https:\/\/fuentesfidedignas.com.mx\/index.php\/wp-json\/wp\/v2\/types\/post"}],"author":[{"embeddable":true,"href":"https:\/\/fuentesfidedignas.com.mx\/index.php\/wp-json\/wp\/v2\/users\/4"}],"replies":[{"embeddable":true,"href":"https:\/\/fuentesfidedignas.com.mx\/index.php\/wp-json\/wp\/v2\/comments?post=132654"}],"version-history":[{"count":1,"href":"https:\/\/fuentesfidedignas.com.mx\/index.php\/wp-json\/wp\/v2\/posts\/132654\/revisions"}],"predecessor-version":[{"id":132656,"href":"https:\/\/fuentesfidedignas.com.mx\/index.php\/wp-json\/wp\/v2\/posts\/132654\/revisions\/132656"}],"wp:featuredmedia":[{"embeddable":true,"href":"https:\/\/fuentesfidedignas.com.mx\/index.php\/wp-json\/wp\/v2\/media\/132655"}],"wp:attachment":[{"href":"https:\/\/fuentesfidedignas.com.mx\/index.php\/wp-json\/wp\/v2\/media?parent=132654"}],"wp:term":[{"taxonomy":"category","embeddable":true,"href":"https:\/\/fuentesfidedignas.com.mx\/index.php\/wp-json\/wp\/v2\/categories?post=132654"},{"taxonomy":"post_tag","embeddable":true,"href":"https:\/\/fuentesfidedignas.com.mx\/index.php\/wp-json\/wp\/v2\/tags?post=132654"}],"curies":[{"name":"wp","href":"https:\/\/api.w.org\/{rel}","templated":true}]}}