{"id":132644,"date":"2026-04-30T18:13:22","date_gmt":"2026-05-01T01:13:22","guid":{"rendered":"https:\/\/fuentesfidedignas.com.mx\/?p=132644"},"modified":"2026-04-30T18:13:22","modified_gmt":"2026-05-01T01:13:22","slug":"vinculan-a-proceso-a-presunto-homicida-de-ricardo-misael","status":"publish","type":"post","link":"https:\/\/fuentesfidedignas.com.mx\/index.php\/2026\/04\/30\/vinculan-a-proceso-a-presunto-homicida-de-ricardo-misael\/","title":{"rendered":"Vinculan a proceso a presunto homicida de Ricardo Misael"},"content":{"rendered":"\n<p><em>Obtiene FGE Sinaloa vinculaci\u00f3n a proceso contra probable responsable de homicidio calificado en Culiac\u00e1n<\/em><\/p>\n\n\n\n<p>Culiac\u00e1n, Sinaloa.\u2013 La Fiscal\u00eda General del Estado de Sinaloa, a trav\u00e9s de la Unidad Especializada en Homicidio Doloso de la Regi\u00f3n Centro, obtuvo la vinculaci\u00f3n a proceso en contra de Jes\u00fas Abraham \u201cN\u201d, por su probable responsabilidad en el delito de homicidio calificado.<\/p>\n\n\n\n<p>Los hechos que integran la carpeta de investigaci\u00f3n ocurrieron el pasado 11 de febrero, en Culiac\u00e1n, sobre la carretera que comunica el fraccionamiento Los \u00c1ngeles con la sindicatura de Imala, donde la v\u00edctima, un menor de edad, result\u00f3 herido por disparos de arma de fuego y posteriormente perdi\u00f3 la vida.<\/p>\n\n\n\n<p>Durante la audiencia, la jueza determin\u00f3 la vinculaci\u00f3n a proceso de Jes\u00fas Abraham \u201cN\u201d por el delito de homicidio calificado, por haberse cometido dolosamente en contra de una persona menor de 18 a\u00f1os de edad, e impuso la medida cautelar de prisi\u00f3n preventiva y se fij\u00f3 un plazo de cuatro meses para el cierre de la investigaci\u00f3n complementaria.<\/p>\n\n\n\n<p><\/p>\n","protected":false},"excerpt":{"rendered":"<p>Obtiene FGE Sinaloa vinculaci\u00f3n a proceso contra probable responsable de homicidio calificado en Culiac\u00e1n Culiac\u00e1n, Sinaloa.\u2013 La Fiscal\u00eda General del Estado de Sinaloa, a trav\u00e9s de la Unidad Especializada en Homicidio Doloso de la Regi\u00f3n Centro, obtuvo la vinculaci\u00f3n a proceso en contra de Jes\u00fas Abraham \u201cN\u201d, por su probable responsabilidad en el delito de [&hellip;]<\/p>\n","protected":false},"author":4,"featured_media":132470,"comment_status":"closed","ping_status":"open","sticky":false,"template":"","format":"standard","meta":{"tdm_status":"","tdm_grid_status":"","footnotes":""},"categories":[37],"tags":[],"class_list":{"0":"post-132644","1":"post","2":"type-post","3":"status-publish","4":"format-standard","5":"has-post-thumbnail","7":"category-nota-principal"},"yoast_head":"<!-- This site is optimized with the Yoast SEO plugin v27.5 - https:\/\/yoast.com\/product\/yoast-seo-wordpress\/ -->\n<title>Vinculan a proceso a presunto homicida de Ricardo Misael - Fuentes Fidedignas<\/title>\n<meta name=\"robots\" content=\"index, follow, max-snippet:-1, max-image-preview:large, max-video-preview:-1\" \/>\n<link rel=\"canonical\" href=\"https:\/\/fuentesfidedignas.com.mx\/index.php\/2026\/04\/30\/vinculan-a-proceso-a-presunto-homicida-de-ricardo-misael\/\" \/>\n<meta property=\"og:locale\" content=\"es_MX\" \/>\n<meta property=\"og:type\" content=\"article\" \/>\n<meta property=\"og:title\" content=\"Vinculan a proceso a presunto homicida de Ricardo Misael - Fuentes Fidedignas\" \/>\n<meta property=\"og:description\" content=\"Obtiene FGE Sinaloa vinculaci\u00f3n a proceso contra probable responsable de homicidio calificado en Culiac\u00e1n Culiac\u00e1n, Sinaloa.\u2013 La Fiscal\u00eda General del Estado de Sinaloa, a trav\u00e9s de la Unidad Especializada en Homicidio Doloso de la Regi\u00f3n Centro, obtuvo la vinculaci\u00f3n a proceso en contra de Jes\u00fas Abraham \u201cN\u201d, por su probable responsabilidad en el delito de [&hellip;]\" \/>\n<meta property=\"og:url\" content=\"https:\/\/fuentesfidedignas.com.mx\/index.php\/2026\/04\/30\/vinculan-a-proceso-a-presunto-homicida-de-ricardo-misael\/\" \/>\n<meta property=\"og:site_name\" content=\"Fuentes Fidedignas\" \/>\n<meta property=\"article:publisher\" content=\"https:\/\/www.facebook.com\/Fuentes-Fidedignas-368234489921644\" \/>\n<meta property=\"article:published_time\" content=\"2026-05-01T01:13:22+00:00\" \/>\n<meta property=\"og:image\" content=\"https:\/\/fuentesfidedignas.com.mx\/wp-content\/uploads\/2026\/04\/img_8047.jpeg\" \/>\n\t<meta property=\"og:image:width\" content=\"737\" \/>\n\t<meta property=\"og:image:height\" content=\"416\" \/>\n\t<meta property=\"og:image:type\" content=\"image\/jpeg\" \/>\n<meta name=\"author\" content=\"Redacci\u00f3n\" \/>\n<meta name=\"twitter:card\" content=\"summary_large_image\" \/>\n<meta name=\"twitter:creator\" content=\"@fidedignas\" \/>\n<meta name=\"twitter:site\" content=\"@fidedignas\" \/>\n<meta name=\"twitter:label1\" content=\"Escrito por\" \/>\n\t<meta name=\"twitter:data1\" content=\"Redacci\u00f3n\" \/>\n\t<meta name=\"twitter:label2\" content=\"Tiempo de lectura\" \/>\n\t<meta name=\"twitter:data2\" content=\"1 minuto\" \/>\n<script type=\"application\/ld+json\" class=\"yoast-schema-graph\">{\"@context\":\"https:\\\/\\\/schema.org\",\"@graph\":[{\"@type\":\"Article\",\"@id\":\"https:\\\/\\\/fuentesfidedignas.com.mx\\\/index.php\\\/2026\\\/04\\\/30\\\/vinculan-a-proceso-a-presunto-homicida-de-ricardo-misael\\\/#article\",\"isPartOf\":{\"@id\":\"https:\\\/\\\/fuentesfidedignas.com.mx\\\/index.php\\\/2026\\\/04\\\/30\\\/vinculan-a-proceso-a-presunto-homicida-de-ricardo-misael\\\/\"},\"author\":{\"name\":\"Redacci\u00f3n\",\"@id\":\"https:\\\/\\\/fuentesfidedignas.com.mx\\\/#\\\/schema\\\/person\\\/331be9283d37198e2acd5750279085b0\"},\"headline\":\"Vinculan a proceso a presunto homicida de Ricardo Misael\",\"datePublished\":\"2026-05-01T01:13:22+00:00\",\"mainEntityOfPage\":{\"@id\":\"https:\\\/\\\/fuentesfidedignas.com.mx\\\/index.php\\\/2026\\\/04\\\/30\\\/vinculan-a-proceso-a-presunto-homicida-de-ricardo-misael\\\/\"},\"wordCount\":188,\"publisher\":{\"@id\":\"https:\\\/\\\/fuentesfidedignas.com.mx\\\/#organization\"},\"image\":{\"@id\":\"https:\\\/\\\/fuentesfidedignas.com.mx\\\/index.php\\\/2026\\\/04\\\/30\\\/vinculan-a-proceso-a-presunto-homicida-de-ricardo-misael\\\/#primaryimage\"},\"thumbnailUrl\":\"https:\\\/\\\/fuentesfidedignas.com.mx\\\/wp-content\\\/uploads\\\/2026\\\/04\\\/img_8047.jpeg\",\"articleSection\":[\"NOTA PRINCIPAL\"],\"inLanguage\":\"es\"},{\"@type\":\"WebPage\",\"@id\":\"https:\\\/\\\/fuentesfidedignas.com.mx\\\/index.php\\\/2026\\\/04\\\/30\\\/vinculan-a-proceso-a-presunto-homicida-de-ricardo-misael\\\/\",\"url\":\"https:\\\/\\\/fuentesfidedignas.com.mx\\\/index.php\\\/2026\\\/04\\\/30\\\/vinculan-a-proceso-a-presunto-homicida-de-ricardo-misael\\\/\",\"name\":\"Vinculan a proceso a presunto homicida de Ricardo Misael - Fuentes Fidedignas\",\"isPartOf\":{\"@id\":\"https:\\\/\\\/fuentesfidedignas.com.mx\\\/#website\"},\"primaryImageOfPage\":{\"@id\":\"https:\\\/\\\/fuentesfidedignas.com.mx\\\/index.php\\\/2026\\\/04\\\/30\\\/vinculan-a-proceso-a-presunto-homicida-de-ricardo-misael\\\/#primaryimage\"},\"image\":{\"@id\":\"https:\\\/\\\/fuentesfidedignas.com.mx\\\/index.php\\\/2026\\\/04\\\/30\\\/vinculan-a-proceso-a-presunto-homicida-de-ricardo-misael\\\/#primaryimage\"},\"thumbnailUrl\":\"https:\\\/\\\/fuentesfidedignas.com.mx\\\/wp-content\\\/uploads\\\/2026\\\/04\\\/img_8047.jpeg\",\"datePublished\":\"2026-05-01T01:13:22+00:00\",\"breadcrumb\":{\"@id\":\"https:\\\/\\\/fuentesfidedignas.com.mx\\\/index.php\\\/2026\\\/04\\\/30\\\/vinculan-a-proceso-a-presunto-homicida-de-ricardo-misael\\\/#breadcrumb\"},\"inLanguage\":\"es\",\"potentialAction\":[{\"@type\":\"ReadAction\",\"target\":[\"https:\\\/\\\/fuentesfidedignas.com.mx\\\/index.php\\\/2026\\\/04\\\/30\\\/vinculan-a-proceso-a-presunto-homicida-de-ricardo-misael\\\/\"]}]},{\"@type\":\"ImageObject\",\"inLanguage\":\"es\",\"@id\":\"https:\\\/\\\/fuentesfidedignas.com.mx\\\/index.php\\\/2026\\\/04\\\/30\\\/vinculan-a-proceso-a-presunto-homicida-de-ricardo-misael\\\/#primaryimage\",\"url\":\"https:\\\/\\\/fuentesfidedignas.com.mx\\\/wp-content\\\/uploads\\\/2026\\\/04\\\/img_8047.jpeg\",\"contentUrl\":\"https:\\\/\\\/fuentesfidedignas.com.mx\\\/wp-content\\\/uploads\\\/2026\\\/04\\\/img_8047.jpeg\",\"width\":737,\"height\":416},{\"@type\":\"BreadcrumbList\",\"@id\":\"https:\\\/\\\/fuentesfidedignas.com.mx\\\/index.php\\\/2026\\\/04\\\/30\\\/vinculan-a-proceso-a-presunto-homicida-de-ricardo-misael\\\/#breadcrumb\",\"itemListElement\":[{\"@type\":\"ListItem\",\"position\":1,\"name\":\"Inicio\",\"item\":\"https:\\\/\\\/fuentesfidedignas.com.mx\\\/\"},{\"@type\":\"ListItem\",\"position\":2,\"name\":\"Vinculan a proceso a presunto homicida de Ricardo Misael\"}]},{\"@type\":\"WebSite\",\"@id\":\"https:\\\/\\\/fuentesfidedignas.com.mx\\\/#website\",\"url\":\"https:\\\/\\\/fuentesfidedignas.com.mx\\\/\",\"name\":\"Fuentes Fidedignas\",\"description\":\"Otro sitio realizado con WordPress\",\"publisher\":{\"@id\":\"https:\\\/\\\/fuentesfidedignas.com.mx\\\/#organization\"},\"potentialAction\":[{\"@type\":\"SearchAction\",\"target\":{\"@type\":\"EntryPoint\",\"urlTemplate\":\"https:\\\/\\\/fuentesfidedignas.com.mx\\\/?s={search_term_string}\"},\"query-input\":{\"@type\":\"PropertyValueSpecification\",\"valueRequired\":true,\"valueName\":\"search_term_string\"}}],\"inLanguage\":\"es\"},{\"@type\":\"Organization\",\"@id\":\"https:\\\/\\\/fuentesfidedignas.com.mx\\\/#organization\",\"name\":\"Fuentes Fidedignas\",\"url\":\"https:\\\/\\\/fuentesfidedignas.com.mx\\\/\",\"logo\":{\"@type\":\"ImageObject\",\"inLanguage\":\"es\",\"@id\":\"https:\\\/\\\/fuentesfidedignas.com.mx\\\/#\\\/schema\\\/logo\\\/image\\\/\",\"url\":\"https:\\\/\\\/fuentesfidedignas.com.mx\\\/wp-content\\\/uploads\\\/2021\\\/04\\\/logo-retina.png\",\"contentUrl\":\"https:\\\/\\\/fuentesfidedignas.com.mx\\\/wp-content\\\/uploads\\\/2021\\\/04\\\/logo-retina.png\",\"width\":280,\"height\":51,\"caption\":\"Fuentes Fidedignas\"},\"image\":{\"@id\":\"https:\\\/\\\/fuentesfidedignas.com.mx\\\/#\\\/schema\\\/logo\\\/image\\\/\"},\"sameAs\":[\"https:\\\/\\\/www.facebook.com\\\/Fuentes-Fidedignas-368234489921644\",\"https:\\\/\\\/x.com\\\/fidedignas\"]},{\"@type\":\"Person\",\"@id\":\"https:\\\/\\\/fuentesfidedignas.com.mx\\\/#\\\/schema\\\/person\\\/331be9283d37198e2acd5750279085b0\",\"name\":\"Redacci\u00f3n\",\"image\":{\"@type\":\"ImageObject\",\"inLanguage\":\"es\",\"@id\":\"https:\\\/\\\/secure.gravatar.com\\\/avatar\\\/f6d8782c11d12b2d4ad3fbb6931aeab5309937a4d6cd2fc9cfaa28a6396a5aec?s=96&d=mm&r=g\",\"url\":\"https:\\\/\\\/secure.gravatar.com\\\/avatar\\\/f6d8782c11d12b2d4ad3fbb6931aeab5309937a4d6cd2fc9cfaa28a6396a5aec?s=96&d=mm&r=g\",\"contentUrl\":\"https:\\\/\\\/secure.gravatar.com\\\/avatar\\\/f6d8782c11d12b2d4ad3fbb6931aeab5309937a4d6cd2fc9cfaa28a6396a5aec?s=96&d=mm&r=g\",\"caption\":\"Redacci\u00f3n\"},\"url\":\"https:\\\/\\\/fuentesfidedignas.com.mx\\\/index.php\\\/author\\\/redaccion\\\/\"}]}<\/script>\n<!-- \/ Yoast SEO plugin. -->","yoast_head_json":{"title":"Vinculan a proceso a presunto homicida de Ricardo Misael - Fuentes Fidedignas","robots":{"index":"index","follow":"follow","max-snippet":"max-snippet:-1","max-image-preview":"max-image-preview:large","max-video-preview":"max-video-preview:-1"},"canonical":"https:\/\/fuentesfidedignas.com.mx\/index.php\/2026\/04\/30\/vinculan-a-proceso-a-presunto-homicida-de-ricardo-misael\/","og_locale":"es_MX","og_type":"article","og_title":"Vinculan a proceso a presunto homicida de Ricardo Misael - Fuentes Fidedignas","og_description":"Obtiene FGE Sinaloa vinculaci\u00f3n a proceso contra probable responsable de homicidio calificado en Culiac\u00e1n Culiac\u00e1n, Sinaloa.\u2013 La Fiscal\u00eda General del Estado de Sinaloa, a trav\u00e9s de la Unidad Especializada en Homicidio Doloso de la Regi\u00f3n Centro, obtuvo la vinculaci\u00f3n a proceso en contra de Jes\u00fas Abraham \u201cN\u201d, por su probable responsabilidad en el delito de [&hellip;]","og_url":"https:\/\/fuentesfidedignas.com.mx\/index.php\/2026\/04\/30\/vinculan-a-proceso-a-presunto-homicida-de-ricardo-misael\/","og_site_name":"Fuentes Fidedignas","article_publisher":"https:\/\/www.facebook.com\/Fuentes-Fidedignas-368234489921644","article_published_time":"2026-05-01T01:13:22+00:00","og_image":[{"width":737,"height":416,"url":"https:\/\/fuentesfidedignas.com.mx\/wp-content\/uploads\/2026\/04\/img_8047.jpeg","type":"image\/jpeg"}],"author":"Redacci\u00f3n","twitter_card":"summary_large_image","twitter_creator":"@fidedignas","twitter_site":"@fidedignas","twitter_misc":{"Escrito por":"Redacci\u00f3n","Tiempo de lectura":"1 minuto"},"schema":{"@context":"https:\/\/schema.org","@graph":[{"@type":"Article","@id":"https:\/\/fuentesfidedignas.com.mx\/index.php\/2026\/04\/30\/vinculan-a-proceso-a-presunto-homicida-de-ricardo-misael\/#article","isPartOf":{"@id":"https:\/\/fuentesfidedignas.com.mx\/index.php\/2026\/04\/30\/vinculan-a-proceso-a-presunto-homicida-de-ricardo-misael\/"},"author":{"name":"Redacci\u00f3n","@id":"https:\/\/fuentesfidedignas.com.mx\/#\/schema\/person\/331be9283d37198e2acd5750279085b0"},"headline":"Vinculan a proceso a presunto homicida de Ricardo Misael","datePublished":"2026-05-01T01:13:22+00:00","mainEntityOfPage":{"@id":"https:\/\/fuentesfidedignas.com.mx\/index.php\/2026\/04\/30\/vinculan-a-proceso-a-presunto-homicida-de-ricardo-misael\/"},"wordCount":188,"publisher":{"@id":"https:\/\/fuentesfidedignas.com.mx\/#organization"},"image":{"@id":"https:\/\/fuentesfidedignas.com.mx\/index.php\/2026\/04\/30\/vinculan-a-proceso-a-presunto-homicida-de-ricardo-misael\/#primaryimage"},"thumbnailUrl":"https:\/\/fuentesfidedignas.com.mx\/wp-content\/uploads\/2026\/04\/img_8047.jpeg","articleSection":["NOTA PRINCIPAL"],"inLanguage":"es"},{"@type":"WebPage","@id":"https:\/\/fuentesfidedignas.com.mx\/index.php\/2026\/04\/30\/vinculan-a-proceso-a-presunto-homicida-de-ricardo-misael\/","url":"https:\/\/fuentesfidedignas.com.mx\/index.php\/2026\/04\/30\/vinculan-a-proceso-a-presunto-homicida-de-ricardo-misael\/","name":"Vinculan a proceso a presunto homicida de Ricardo Misael - Fuentes Fidedignas","isPartOf":{"@id":"https:\/\/fuentesfidedignas.com.mx\/#website"},"primaryImageOfPage":{"@id":"https:\/\/fuentesfidedignas.com.mx\/index.php\/2026\/04\/30\/vinculan-a-proceso-a-presunto-homicida-de-ricardo-misael\/#primaryimage"},"image":{"@id":"https:\/\/fuentesfidedignas.com.mx\/index.php\/2026\/04\/30\/vinculan-a-proceso-a-presunto-homicida-de-ricardo-misael\/#primaryimage"},"thumbnailUrl":"https:\/\/fuentesfidedignas.com.mx\/wp-content\/uploads\/2026\/04\/img_8047.jpeg","datePublished":"2026-05-01T01:13:22+00:00","breadcrumb":{"@id":"https:\/\/fuentesfidedignas.com.mx\/index.php\/2026\/04\/30\/vinculan-a-proceso-a-presunto-homicida-de-ricardo-misael\/#breadcrumb"},"inLanguage":"es","potentialAction":[{"@type":"ReadAction","target":["https:\/\/fuentesfidedignas.com.mx\/index.php\/2026\/04\/30\/vinculan-a-proceso-a-presunto-homicida-de-ricardo-misael\/"]}]},{"@type":"ImageObject","inLanguage":"es","@id":"https:\/\/fuentesfidedignas.com.mx\/index.php\/2026\/04\/30\/vinculan-a-proceso-a-presunto-homicida-de-ricardo-misael\/#primaryimage","url":"https:\/\/fuentesfidedignas.com.mx\/wp-content\/uploads\/2026\/04\/img_8047.jpeg","contentUrl":"https:\/\/fuentesfidedignas.com.mx\/wp-content\/uploads\/2026\/04\/img_8047.jpeg","width":737,"height":416},{"@type":"BreadcrumbList","@id":"https:\/\/fuentesfidedignas.com.mx\/index.php\/2026\/04\/30\/vinculan-a-proceso-a-presunto-homicida-de-ricardo-misael\/#breadcrumb","itemListElement":[{"@type":"ListItem","position":1,"name":"Inicio","item":"https:\/\/fuentesfidedignas.com.mx\/"},{"@type":"ListItem","position":2,"name":"Vinculan a proceso a presunto homicida de Ricardo Misael"}]},{"@type":"WebSite","@id":"https:\/\/fuentesfidedignas.com.mx\/#website","url":"https:\/\/fuentesfidedignas.com.mx\/","name":"Fuentes Fidedignas","description":"Otro sitio realizado con WordPress","publisher":{"@id":"https:\/\/fuentesfidedignas.com.mx\/#organization"},"potentialAction":[{"@type":"SearchAction","target":{"@type":"EntryPoint","urlTemplate":"https:\/\/fuentesfidedignas.com.mx\/?s={search_term_string}"},"query-input":{"@type":"PropertyValueSpecification","valueRequired":true,"valueName":"search_term_string"}}],"inLanguage":"es"},{"@type":"Organization","@id":"https:\/\/fuentesfidedignas.com.mx\/#organization","name":"Fuentes Fidedignas","url":"https:\/\/fuentesfidedignas.com.mx\/","logo":{"@type":"ImageObject","inLanguage":"es","@id":"https:\/\/fuentesfidedignas.com.mx\/#\/schema\/logo\/image\/","url":"https:\/\/fuentesfidedignas.com.mx\/wp-content\/uploads\/2021\/04\/logo-retina.png","contentUrl":"https:\/\/fuentesfidedignas.com.mx\/wp-content\/uploads\/2021\/04\/logo-retina.png","width":280,"height":51,"caption":"Fuentes Fidedignas"},"image":{"@id":"https:\/\/fuentesfidedignas.com.mx\/#\/schema\/logo\/image\/"},"sameAs":["https:\/\/www.facebook.com\/Fuentes-Fidedignas-368234489921644","https:\/\/x.com\/fidedignas"]},{"@type":"Person","@id":"https:\/\/fuentesfidedignas.com.mx\/#\/schema\/person\/331be9283d37198e2acd5750279085b0","name":"Redacci\u00f3n","image":{"@type":"ImageObject","inLanguage":"es","@id":"https:\/\/secure.gravatar.com\/avatar\/f6d8782c11d12b2d4ad3fbb6931aeab5309937a4d6cd2fc9cfaa28a6396a5aec?s=96&d=mm&r=g","url":"https:\/\/secure.gravatar.com\/avatar\/f6d8782c11d12b2d4ad3fbb6931aeab5309937a4d6cd2fc9cfaa28a6396a5aec?s=96&d=mm&r=g","contentUrl":"https:\/\/secure.gravatar.com\/avatar\/f6d8782c11d12b2d4ad3fbb6931aeab5309937a4d6cd2fc9cfaa28a6396a5aec?s=96&d=mm&r=g","caption":"Redacci\u00f3n"},"url":"https:\/\/fuentesfidedignas.com.mx\/index.php\/author\/redaccion\/"}]}},"_links":{"self":[{"href":"https:\/\/fuentesfidedignas.com.mx\/index.php\/wp-json\/wp\/v2\/posts\/132644","targetHints":{"allow":["GET"]}}],"collection":[{"href":"https:\/\/fuentesfidedignas.com.mx\/index.php\/wp-json\/wp\/v2\/posts"}],"about":[{"href":"https:\/\/fuentesfidedignas.com.mx\/index.php\/wp-json\/wp\/v2\/types\/post"}],"author":[{"embeddable":true,"href":"https:\/\/fuentesfidedignas.com.mx\/index.php\/wp-json\/wp\/v2\/users\/4"}],"replies":[{"embeddable":true,"href":"https:\/\/fuentesfidedignas.com.mx\/index.php\/wp-json\/wp\/v2\/comments?post=132644"}],"version-history":[{"count":1,"href":"https:\/\/fuentesfidedignas.com.mx\/index.php\/wp-json\/wp\/v2\/posts\/132644\/revisions"}],"predecessor-version":[{"id":132645,"href":"https:\/\/fuentesfidedignas.com.mx\/index.php\/wp-json\/wp\/v2\/posts\/132644\/revisions\/132645"}],"wp:featuredmedia":[{"embeddable":true,"href":"https:\/\/fuentesfidedignas.com.mx\/index.php\/wp-json\/wp\/v2\/media\/132470"}],"wp:attachment":[{"href":"https:\/\/fuentesfidedignas.com.mx\/index.php\/wp-json\/wp\/v2\/media?parent=132644"}],"wp:term":[{"taxonomy":"category","embeddable":true,"href":"https:\/\/fuentesfidedignas.com.mx\/index.php\/wp-json\/wp\/v2\/categories?post=132644"},{"taxonomy":"post_tag","embeddable":true,"href":"https:\/\/fuentesfidedignas.com.mx\/index.php\/wp-json\/wp\/v2\/tags?post=132644"}],"curies":[{"name":"wp","href":"https:\/\/api.w.org\/{rel}","templated":true}]}}