{"id":132635,"date":"2026-04-30T16:44:28","date_gmt":"2026-04-30T23:44:28","guid":{"rendered":"https:\/\/fuentesfidedignas.com.mx\/?p=132635"},"modified":"2026-04-30T16:44:28","modified_gmt":"2026-04-30T23:44:28","slug":"elecciones-judiciales-del-2027-mas-de-150-organizaciones-mexicanas-piden-posponerlas","status":"publish","type":"post","link":"https:\/\/fuentesfidedignas.com.mx\/index.php\/2026\/04\/30\/elecciones-judiciales-del-2027-mas-de-150-organizaciones-mexicanas-piden-posponerlas\/","title":{"rendered":"Elecciones judiciales del 2027: M\u00e1s de 150 organizaciones mexicanas piden posponerlas"},"content":{"rendered":"\n<p>M\u00e1s de 150 organizaciones y actores pol\u00edticos en M\u00e9xico lanzaron este jueves un llamado urgente para aplazar la elecci\u00f3n judicial de 2027 y redise\u00f1ar el modelo, tras las fallas detectadas en la primera votaci\u00f3n de 2025.<\/p>\n\n\n\n<p>En una carta dirigida a autoridades legislativas y electorales, los firmantes advirtieron que el dise\u00f1o actual del proceso no garantiza la idoneidad de los perfiles ni la calidad de la justicia, y alerta<\/p>\n\n\n\n<p>El posicionamiento, respaldado por especialistas, academia y organizaciones civiles, plante\u00f3 que la elecci\u00f3n judicial no debe coincidir con procesos pol\u00edticos, como las elecciones ordinarias de 2027, donde se elegir\u00e1n diversos puestos legislativos y ejecutivos.<\/p>\n\n\n\n<p>En concreto, advirtieron que esto podr\u00eda introducir din\u00e1micas partidistas, clientelares o de movilizaci\u00f3n que vulneren la independencia del Poder Judicial.<\/p>\n\n\n\n<p class=\"c-paragraph\">\u201cLa elecci\u00f3n de personas juzgadoras, en su dise\u00f1o actual, plantea riesgos relevantes y no es suficiente por s\u00ed sola para garantizar la legitimidad del sistema de justicia\u201d, subrayaron los firmantes.<\/p>\n\n\n\n<h2 class=\"wp-block-heading b-article-body__h2\">\u00bfPor qu\u00e9 se oponen a las elecciones judiciales de 2027?<\/h2>\n\n\n\n<p class=\"c-paragraph\">Entre los principales se\u00f1alamientos est\u00e1 la falta de filtros t\u00e9cnicos en las candidaturas, lo que abre la puerta a aspirantes sin suficiente experiencia, adem\u00e1s de problemas operativos detectados en 2025, como boletas complejas, informaci\u00f3n limitada para el electorado y criterios dispares en la evaluaci\u00f3n de candidatos.<\/p>\n","protected":false},"excerpt":{"rendered":"<p>M\u00e1s de 150 organizaciones y actores pol\u00edticos en M\u00e9xico lanzaron este jueves un llamado urgente para aplazar la elecci\u00f3n judicial de 2027 y redise\u00f1ar el modelo, tras las fallas detectadas en la primera votaci\u00f3n de 2025. En una carta dirigida a autoridades legislativas y electorales, los firmantes advirtieron que el dise\u00f1o actual del proceso no [&hellip;]<\/p>\n","protected":false},"author":22,"featured_media":132634,"comment_status":"closed","ping_status":"open","sticky":false,"template":"","format":"standard","meta":{"tdm_status":"","tdm_grid_status":"","footnotes":""},"categories":[39],"tags":[],"class_list":{"0":"post-132635","1":"post","2":"type-post","3":"status-publish","4":"format-standard","5":"has-post-thumbnail","7":"category-noticias-nacionales"},"yoast_head":"<!-- This site is optimized with the Yoast SEO plugin v27.5 - https:\/\/yoast.com\/product\/yoast-seo-wordpress\/ -->\n<title>Elecciones judiciales del 2027: M\u00e1s de 150 organizaciones mexicanas piden posponerlas - Fuentes Fidedignas<\/title>\n<meta name=\"robots\" content=\"index, follow, max-snippet:-1, max-image-preview:large, max-video-preview:-1\" \/>\n<link rel=\"canonical\" href=\"https:\/\/fuentesfidedignas.com.mx\/index.php\/2026\/04\/30\/elecciones-judiciales-del-2027-mas-de-150-organizaciones-mexicanas-piden-posponerlas\/\" \/>\n<meta property=\"og:locale\" content=\"es_MX\" \/>\n<meta property=\"og:type\" content=\"article\" \/>\n<meta property=\"og:title\" content=\"Elecciones judiciales del 2027: M\u00e1s de 150 organizaciones mexicanas piden posponerlas - Fuentes Fidedignas\" \/>\n<meta property=\"og:description\" content=\"M\u00e1s de 150 organizaciones y actores pol\u00edticos en M\u00e9xico lanzaron este jueves un llamado urgente para aplazar la elecci\u00f3n judicial de 2027 y redise\u00f1ar el modelo, tras las fallas detectadas en la primera votaci\u00f3n de 2025. En una carta dirigida a autoridades legislativas y electorales, los firmantes advirtieron que el dise\u00f1o actual del proceso no [&hellip;]\" \/>\n<meta property=\"og:url\" content=\"https:\/\/fuentesfidedignas.com.mx\/index.php\/2026\/04\/30\/elecciones-judiciales-del-2027-mas-de-150-organizaciones-mexicanas-piden-posponerlas\/\" \/>\n<meta property=\"og:site_name\" content=\"Fuentes Fidedignas\" \/>\n<meta property=\"article:publisher\" content=\"https:\/\/www.facebook.com\/Fuentes-Fidedignas-368234489921644\" \/>\n<meta property=\"article:published_time\" content=\"2026-04-30T23:44:28+00:00\" \/>\n<meta property=\"og:image\" content=\"https:\/\/fuentesfidedignas.com.mx\/wp-content\/uploads\/2026\/04\/img_8273.jpeg\" \/>\n\t<meta property=\"og:image:width\" content=\"600\" \/>\n\t<meta property=\"og:image:height\" content=\"337\" \/>\n\t<meta property=\"og:image:type\" content=\"image\/jpeg\" \/>\n<meta name=\"author\" content=\"EFE\" \/>\n<meta name=\"twitter:card\" content=\"summary_large_image\" \/>\n<meta name=\"twitter:creator\" content=\"@fidedignas\" \/>\n<meta name=\"twitter:site\" content=\"@fidedignas\" \/>\n<meta name=\"twitter:label1\" content=\"Escrito por\" \/>\n\t<meta name=\"twitter:data1\" content=\"EFE\" \/>\n\t<meta name=\"twitter:label2\" content=\"Tiempo de lectura\" \/>\n\t<meta name=\"twitter:data2\" content=\"1 minuto\" \/>\n<script type=\"application\/ld+json\" class=\"yoast-schema-graph\">{\"@context\":\"https:\\\/\\\/schema.org\",\"@graph\":[{\"@type\":\"Article\",\"@id\":\"https:\\\/\\\/fuentesfidedignas.com.mx\\\/index.php\\\/2026\\\/04\\\/30\\\/elecciones-judiciales-del-2027-mas-de-150-organizaciones-mexicanas-piden-posponerlas\\\/#article\",\"isPartOf\":{\"@id\":\"https:\\\/\\\/fuentesfidedignas.com.mx\\\/index.php\\\/2026\\\/04\\\/30\\\/elecciones-judiciales-del-2027-mas-de-150-organizaciones-mexicanas-piden-posponerlas\\\/\"},\"author\":{\"name\":\"EFE\",\"@id\":\"https:\\\/\\\/fuentesfidedignas.com.mx\\\/#\\\/schema\\\/person\\\/0d44615087b5a626d5d3f13afe31ac41\"},\"headline\":\"Elecciones judiciales del 2027: M\u00e1s de 150 organizaciones mexicanas piden posponerlas\",\"datePublished\":\"2026-04-30T23:44:28+00:00\",\"mainEntityOfPage\":{\"@id\":\"https:\\\/\\\/fuentesfidedignas.com.mx\\\/index.php\\\/2026\\\/04\\\/30\\\/elecciones-judiciales-del-2027-mas-de-150-organizaciones-mexicanas-piden-posponerlas\\\/\"},\"wordCount\":233,\"publisher\":{\"@id\":\"https:\\\/\\\/fuentesfidedignas.com.mx\\\/#organization\"},\"image\":{\"@id\":\"https:\\\/\\\/fuentesfidedignas.com.mx\\\/index.php\\\/2026\\\/04\\\/30\\\/elecciones-judiciales-del-2027-mas-de-150-organizaciones-mexicanas-piden-posponerlas\\\/#primaryimage\"},\"thumbnailUrl\":\"https:\\\/\\\/fuentesfidedignas.com.mx\\\/wp-content\\\/uploads\\\/2026\\\/04\\\/img_8273.jpeg\",\"articleSection\":[\"NOTICIAS NACIONALES\"],\"inLanguage\":\"es\"},{\"@type\":\"WebPage\",\"@id\":\"https:\\\/\\\/fuentesfidedignas.com.mx\\\/index.php\\\/2026\\\/04\\\/30\\\/elecciones-judiciales-del-2027-mas-de-150-organizaciones-mexicanas-piden-posponerlas\\\/\",\"url\":\"https:\\\/\\\/fuentesfidedignas.com.mx\\\/index.php\\\/2026\\\/04\\\/30\\\/elecciones-judiciales-del-2027-mas-de-150-organizaciones-mexicanas-piden-posponerlas\\\/\",\"name\":\"Elecciones judiciales del 2027: M\u00e1s de 150 organizaciones mexicanas piden posponerlas - Fuentes Fidedignas\",\"isPartOf\":{\"@id\":\"https:\\\/\\\/fuentesfidedignas.com.mx\\\/#website\"},\"primaryImageOfPage\":{\"@id\":\"https:\\\/\\\/fuentesfidedignas.com.mx\\\/index.php\\\/2026\\\/04\\\/30\\\/elecciones-judiciales-del-2027-mas-de-150-organizaciones-mexicanas-piden-posponerlas\\\/#primaryimage\"},\"image\":{\"@id\":\"https:\\\/\\\/fuentesfidedignas.com.mx\\\/index.php\\\/2026\\\/04\\\/30\\\/elecciones-judiciales-del-2027-mas-de-150-organizaciones-mexicanas-piden-posponerlas\\\/#primaryimage\"},\"thumbnailUrl\":\"https:\\\/\\\/fuentesfidedignas.com.mx\\\/wp-content\\\/uploads\\\/2026\\\/04\\\/img_8273.jpeg\",\"datePublished\":\"2026-04-30T23:44:28+00:00\",\"breadcrumb\":{\"@id\":\"https:\\\/\\\/fuentesfidedignas.com.mx\\\/index.php\\\/2026\\\/04\\\/30\\\/elecciones-judiciales-del-2027-mas-de-150-organizaciones-mexicanas-piden-posponerlas\\\/#breadcrumb\"},\"inLanguage\":\"es\",\"potentialAction\":[{\"@type\":\"ReadAction\",\"target\":[\"https:\\\/\\\/fuentesfidedignas.com.mx\\\/index.php\\\/2026\\\/04\\\/30\\\/elecciones-judiciales-del-2027-mas-de-150-organizaciones-mexicanas-piden-posponerlas\\\/\"]}]},{\"@type\":\"ImageObject\",\"inLanguage\":\"es\",\"@id\":\"https:\\\/\\\/fuentesfidedignas.com.mx\\\/index.php\\\/2026\\\/04\\\/30\\\/elecciones-judiciales-del-2027-mas-de-150-organizaciones-mexicanas-piden-posponerlas\\\/#primaryimage\",\"url\":\"https:\\\/\\\/fuentesfidedignas.com.mx\\\/wp-content\\\/uploads\\\/2026\\\/04\\\/img_8273.jpeg\",\"contentUrl\":\"https:\\\/\\\/fuentesfidedignas.com.mx\\\/wp-content\\\/uploads\\\/2026\\\/04\\\/img_8273.jpeg\",\"width\":600,\"height\":337},{\"@type\":\"BreadcrumbList\",\"@id\":\"https:\\\/\\\/fuentesfidedignas.com.mx\\\/index.php\\\/2026\\\/04\\\/30\\\/elecciones-judiciales-del-2027-mas-de-150-organizaciones-mexicanas-piden-posponerlas\\\/#breadcrumb\",\"itemListElement\":[{\"@type\":\"ListItem\",\"position\":1,\"name\":\"Inicio\",\"item\":\"https:\\\/\\\/fuentesfidedignas.com.mx\\\/\"},{\"@type\":\"ListItem\",\"position\":2,\"name\":\"Elecciones judiciales del 2027: M\u00e1s de 150 organizaciones mexicanas piden posponerlas\"}]},{\"@type\":\"WebSite\",\"@id\":\"https:\\\/\\\/fuentesfidedignas.com.mx\\\/#website\",\"url\":\"https:\\\/\\\/fuentesfidedignas.com.mx\\\/\",\"name\":\"Fuentes Fidedignas\",\"description\":\"Otro sitio realizado con WordPress\",\"publisher\":{\"@id\":\"https:\\\/\\\/fuentesfidedignas.com.mx\\\/#organization\"},\"potentialAction\":[{\"@type\":\"SearchAction\",\"target\":{\"@type\":\"EntryPoint\",\"urlTemplate\":\"https:\\\/\\\/fuentesfidedignas.com.mx\\\/?s={search_term_string}\"},\"query-input\":{\"@type\":\"PropertyValueSpecification\",\"valueRequired\":true,\"valueName\":\"search_term_string\"}}],\"inLanguage\":\"es\"},{\"@type\":\"Organization\",\"@id\":\"https:\\\/\\\/fuentesfidedignas.com.mx\\\/#organization\",\"name\":\"Fuentes Fidedignas\",\"url\":\"https:\\\/\\\/fuentesfidedignas.com.mx\\\/\",\"logo\":{\"@type\":\"ImageObject\",\"inLanguage\":\"es\",\"@id\":\"https:\\\/\\\/fuentesfidedignas.com.mx\\\/#\\\/schema\\\/logo\\\/image\\\/\",\"url\":\"https:\\\/\\\/fuentesfidedignas.com.mx\\\/wp-content\\\/uploads\\\/2021\\\/04\\\/logo-retina.png\",\"contentUrl\":\"https:\\\/\\\/fuentesfidedignas.com.mx\\\/wp-content\\\/uploads\\\/2021\\\/04\\\/logo-retina.png\",\"width\":280,\"height\":51,\"caption\":\"Fuentes Fidedignas\"},\"image\":{\"@id\":\"https:\\\/\\\/fuentesfidedignas.com.mx\\\/#\\\/schema\\\/logo\\\/image\\\/\"},\"sameAs\":[\"https:\\\/\\\/www.facebook.com\\\/Fuentes-Fidedignas-368234489921644\",\"https:\\\/\\\/x.com\\\/fidedignas\"]},{\"@type\":\"Person\",\"@id\":\"https:\\\/\\\/fuentesfidedignas.com.mx\\\/#\\\/schema\\\/person\\\/0d44615087b5a626d5d3f13afe31ac41\",\"name\":\"EFE\",\"image\":{\"@type\":\"ImageObject\",\"inLanguage\":\"es\",\"@id\":\"https:\\\/\\\/secure.gravatar.com\\\/avatar\\\/7048c2d9b569d9bed55bb53ad23821e6e047aa66338fb6ea9868627bbb9f54e8?s=96&d=mm&r=g\",\"url\":\"https:\\\/\\\/secure.gravatar.com\\\/avatar\\\/7048c2d9b569d9bed55bb53ad23821e6e047aa66338fb6ea9868627bbb9f54e8?s=96&d=mm&r=g\",\"contentUrl\":\"https:\\\/\\\/secure.gravatar.com\\\/avatar\\\/7048c2d9b569d9bed55bb53ad23821e6e047aa66338fb6ea9868627bbb9f54e8?s=96&d=mm&r=g\",\"caption\":\"EFE\"},\"url\":\"https:\\\/\\\/fuentesfidedignas.com.mx\\\/index.php\\\/author\\\/efe\\\/\"}]}<\/script>\n<!-- \/ Yoast SEO plugin. -->","yoast_head_json":{"title":"Elecciones judiciales del 2027: M\u00e1s de 150 organizaciones mexicanas piden posponerlas - Fuentes Fidedignas","robots":{"index":"index","follow":"follow","max-snippet":"max-snippet:-1","max-image-preview":"max-image-preview:large","max-video-preview":"max-video-preview:-1"},"canonical":"https:\/\/fuentesfidedignas.com.mx\/index.php\/2026\/04\/30\/elecciones-judiciales-del-2027-mas-de-150-organizaciones-mexicanas-piden-posponerlas\/","og_locale":"es_MX","og_type":"article","og_title":"Elecciones judiciales del 2027: M\u00e1s de 150 organizaciones mexicanas piden posponerlas - Fuentes Fidedignas","og_description":"M\u00e1s de 150 organizaciones y actores pol\u00edticos en M\u00e9xico lanzaron este jueves un llamado urgente para aplazar la elecci\u00f3n judicial de 2027 y redise\u00f1ar el modelo, tras las fallas detectadas en la primera votaci\u00f3n de 2025. En una carta dirigida a autoridades legislativas y electorales, los firmantes advirtieron que el dise\u00f1o actual del proceso no [&hellip;]","og_url":"https:\/\/fuentesfidedignas.com.mx\/index.php\/2026\/04\/30\/elecciones-judiciales-del-2027-mas-de-150-organizaciones-mexicanas-piden-posponerlas\/","og_site_name":"Fuentes Fidedignas","article_publisher":"https:\/\/www.facebook.com\/Fuentes-Fidedignas-368234489921644","article_published_time":"2026-04-30T23:44:28+00:00","og_image":[{"width":600,"height":337,"url":"https:\/\/fuentesfidedignas.com.mx\/wp-content\/uploads\/2026\/04\/img_8273.jpeg","type":"image\/jpeg"}],"author":"EFE","twitter_card":"summary_large_image","twitter_creator":"@fidedignas","twitter_site":"@fidedignas","twitter_misc":{"Escrito por":"EFE","Tiempo de lectura":"1 minuto"},"schema":{"@context":"https:\/\/schema.org","@graph":[{"@type":"Article","@id":"https:\/\/fuentesfidedignas.com.mx\/index.php\/2026\/04\/30\/elecciones-judiciales-del-2027-mas-de-150-organizaciones-mexicanas-piden-posponerlas\/#article","isPartOf":{"@id":"https:\/\/fuentesfidedignas.com.mx\/index.php\/2026\/04\/30\/elecciones-judiciales-del-2027-mas-de-150-organizaciones-mexicanas-piden-posponerlas\/"},"author":{"name":"EFE","@id":"https:\/\/fuentesfidedignas.com.mx\/#\/schema\/person\/0d44615087b5a626d5d3f13afe31ac41"},"headline":"Elecciones judiciales del 2027: M\u00e1s de 150 organizaciones mexicanas piden posponerlas","datePublished":"2026-04-30T23:44:28+00:00","mainEntityOfPage":{"@id":"https:\/\/fuentesfidedignas.com.mx\/index.php\/2026\/04\/30\/elecciones-judiciales-del-2027-mas-de-150-organizaciones-mexicanas-piden-posponerlas\/"},"wordCount":233,"publisher":{"@id":"https:\/\/fuentesfidedignas.com.mx\/#organization"},"image":{"@id":"https:\/\/fuentesfidedignas.com.mx\/index.php\/2026\/04\/30\/elecciones-judiciales-del-2027-mas-de-150-organizaciones-mexicanas-piden-posponerlas\/#primaryimage"},"thumbnailUrl":"https:\/\/fuentesfidedignas.com.mx\/wp-content\/uploads\/2026\/04\/img_8273.jpeg","articleSection":["NOTICIAS NACIONALES"],"inLanguage":"es"},{"@type":"WebPage","@id":"https:\/\/fuentesfidedignas.com.mx\/index.php\/2026\/04\/30\/elecciones-judiciales-del-2027-mas-de-150-organizaciones-mexicanas-piden-posponerlas\/","url":"https:\/\/fuentesfidedignas.com.mx\/index.php\/2026\/04\/30\/elecciones-judiciales-del-2027-mas-de-150-organizaciones-mexicanas-piden-posponerlas\/","name":"Elecciones judiciales del 2027: M\u00e1s de 150 organizaciones mexicanas piden posponerlas - Fuentes Fidedignas","isPartOf":{"@id":"https:\/\/fuentesfidedignas.com.mx\/#website"},"primaryImageOfPage":{"@id":"https:\/\/fuentesfidedignas.com.mx\/index.php\/2026\/04\/30\/elecciones-judiciales-del-2027-mas-de-150-organizaciones-mexicanas-piden-posponerlas\/#primaryimage"},"image":{"@id":"https:\/\/fuentesfidedignas.com.mx\/index.php\/2026\/04\/30\/elecciones-judiciales-del-2027-mas-de-150-organizaciones-mexicanas-piden-posponerlas\/#primaryimage"},"thumbnailUrl":"https:\/\/fuentesfidedignas.com.mx\/wp-content\/uploads\/2026\/04\/img_8273.jpeg","datePublished":"2026-04-30T23:44:28+00:00","breadcrumb":{"@id":"https:\/\/fuentesfidedignas.com.mx\/index.php\/2026\/04\/30\/elecciones-judiciales-del-2027-mas-de-150-organizaciones-mexicanas-piden-posponerlas\/#breadcrumb"},"inLanguage":"es","potentialAction":[{"@type":"ReadAction","target":["https:\/\/fuentesfidedignas.com.mx\/index.php\/2026\/04\/30\/elecciones-judiciales-del-2027-mas-de-150-organizaciones-mexicanas-piden-posponerlas\/"]}]},{"@type":"ImageObject","inLanguage":"es","@id":"https:\/\/fuentesfidedignas.com.mx\/index.php\/2026\/04\/30\/elecciones-judiciales-del-2027-mas-de-150-organizaciones-mexicanas-piden-posponerlas\/#primaryimage","url":"https:\/\/fuentesfidedignas.com.mx\/wp-content\/uploads\/2026\/04\/img_8273.jpeg","contentUrl":"https:\/\/fuentesfidedignas.com.mx\/wp-content\/uploads\/2026\/04\/img_8273.jpeg","width":600,"height":337},{"@type":"BreadcrumbList","@id":"https:\/\/fuentesfidedignas.com.mx\/index.php\/2026\/04\/30\/elecciones-judiciales-del-2027-mas-de-150-organizaciones-mexicanas-piden-posponerlas\/#breadcrumb","itemListElement":[{"@type":"ListItem","position":1,"name":"Inicio","item":"https:\/\/fuentesfidedignas.com.mx\/"},{"@type":"ListItem","position":2,"name":"Elecciones judiciales del 2027: M\u00e1s de 150 organizaciones mexicanas piden posponerlas"}]},{"@type":"WebSite","@id":"https:\/\/fuentesfidedignas.com.mx\/#website","url":"https:\/\/fuentesfidedignas.com.mx\/","name":"Fuentes Fidedignas","description":"Otro sitio realizado con WordPress","publisher":{"@id":"https:\/\/fuentesfidedignas.com.mx\/#organization"},"potentialAction":[{"@type":"SearchAction","target":{"@type":"EntryPoint","urlTemplate":"https:\/\/fuentesfidedignas.com.mx\/?s={search_term_string}"},"query-input":{"@type":"PropertyValueSpecification","valueRequired":true,"valueName":"search_term_string"}}],"inLanguage":"es"},{"@type":"Organization","@id":"https:\/\/fuentesfidedignas.com.mx\/#organization","name":"Fuentes Fidedignas","url":"https:\/\/fuentesfidedignas.com.mx\/","logo":{"@type":"ImageObject","inLanguage":"es","@id":"https:\/\/fuentesfidedignas.com.mx\/#\/schema\/logo\/image\/","url":"https:\/\/fuentesfidedignas.com.mx\/wp-content\/uploads\/2021\/04\/logo-retina.png","contentUrl":"https:\/\/fuentesfidedignas.com.mx\/wp-content\/uploads\/2021\/04\/logo-retina.png","width":280,"height":51,"caption":"Fuentes Fidedignas"},"image":{"@id":"https:\/\/fuentesfidedignas.com.mx\/#\/schema\/logo\/image\/"},"sameAs":["https:\/\/www.facebook.com\/Fuentes-Fidedignas-368234489921644","https:\/\/x.com\/fidedignas"]},{"@type":"Person","@id":"https:\/\/fuentesfidedignas.com.mx\/#\/schema\/person\/0d44615087b5a626d5d3f13afe31ac41","name":"EFE","image":{"@type":"ImageObject","inLanguage":"es","@id":"https:\/\/secure.gravatar.com\/avatar\/7048c2d9b569d9bed55bb53ad23821e6e047aa66338fb6ea9868627bbb9f54e8?s=96&d=mm&r=g","url":"https:\/\/secure.gravatar.com\/avatar\/7048c2d9b569d9bed55bb53ad23821e6e047aa66338fb6ea9868627bbb9f54e8?s=96&d=mm&r=g","contentUrl":"https:\/\/secure.gravatar.com\/avatar\/7048c2d9b569d9bed55bb53ad23821e6e047aa66338fb6ea9868627bbb9f54e8?s=96&d=mm&r=g","caption":"EFE"},"url":"https:\/\/fuentesfidedignas.com.mx\/index.php\/author\/efe\/"}]}},"_links":{"self":[{"href":"https:\/\/fuentesfidedignas.com.mx\/index.php\/wp-json\/wp\/v2\/posts\/132635","targetHints":{"allow":["GET"]}}],"collection":[{"href":"https:\/\/fuentesfidedignas.com.mx\/index.php\/wp-json\/wp\/v2\/posts"}],"about":[{"href":"https:\/\/fuentesfidedignas.com.mx\/index.php\/wp-json\/wp\/v2\/types\/post"}],"author":[{"embeddable":true,"href":"https:\/\/fuentesfidedignas.com.mx\/index.php\/wp-json\/wp\/v2\/users\/22"}],"replies":[{"embeddable":true,"href":"https:\/\/fuentesfidedignas.com.mx\/index.php\/wp-json\/wp\/v2\/comments?post=132635"}],"version-history":[{"count":1,"href":"https:\/\/fuentesfidedignas.com.mx\/index.php\/wp-json\/wp\/v2\/posts\/132635\/revisions"}],"predecessor-version":[{"id":132636,"href":"https:\/\/fuentesfidedignas.com.mx\/index.php\/wp-json\/wp\/v2\/posts\/132635\/revisions\/132636"}],"wp:featuredmedia":[{"embeddable":true,"href":"https:\/\/fuentesfidedignas.com.mx\/index.php\/wp-json\/wp\/v2\/media\/132634"}],"wp:attachment":[{"href":"https:\/\/fuentesfidedignas.com.mx\/index.php\/wp-json\/wp\/v2\/media?parent=132635"}],"wp:term":[{"taxonomy":"category","embeddable":true,"href":"https:\/\/fuentesfidedignas.com.mx\/index.php\/wp-json\/wp\/v2\/categories?post=132635"},{"taxonomy":"post_tag","embeddable":true,"href":"https:\/\/fuentesfidedignas.com.mx\/index.php\/wp-json\/wp\/v2\/tags?post=132635"}],"curies":[{"name":"wp","href":"https:\/\/api.w.org\/{rel}","templated":true}]}}