{"id":132632,"date":"2026-04-30T14:48:00","date_gmt":"2026-04-30T21:48:00","guid":{"rendered":"https:\/\/fuentesfidedignas.com.mx\/?p=132632"},"modified":"2026-04-30T14:48:00","modified_gmt":"2026-04-30T21:48:00","slug":"rocha-destaca-la-defensa-de-la-soberania-de-mexico-por-parte-de-la-presidenta-sheinbaum","status":"publish","type":"post","link":"https:\/\/fuentesfidedignas.com.mx\/index.php\/2026\/04\/30\/rocha-destaca-la-defensa-de-la-soberania-de-mexico-por-parte-de-la-presidenta-sheinbaum\/","title":{"rendered":"Rocha destaca la defensa de la soberan\u00eda de M\u00e9xico por parte de la presidenta Sheinbaum"},"content":{"rendered":"\n<p><em>El mandatario estatal dijo que la postura que emiti\u00f3 esta ma\u00f1ana la presidenta, es la de una Jefa de Estado ante se\u00f1alamientos provenientes del extranjero<\/em><\/p>\n\n\n\n<p>Navolato, Sinaloa.- El gobernador Rub\u00e9n Rocha Moya afirm\u00f3 que el posicionamiento fijado por la presidenta Claudia Sheinbaum debe leerse en una sola dimensi\u00f3n: la defensa de la soberan\u00eda de M\u00e9xico frente a se\u00f1alamientos provenientes del extranjero.<\/p>\n\n\n\n<p>Entrevistado por medios de comunicaci\u00f3n durante una gira de trabajo por el municipio de Navolato, el gobernador Rocha dijo estar tranquilo y trabajando, y tambi\u00e9n agradeci\u00f3 el respaldo que le han expresado las presidentas y presidentes municipales de Sinaloa, as\u00ed como muchas personas a t\u00edtulo personal.<\/p>\n\n\n\n<p>\u201cEn realidad, la presidenta no hace respaldos personales, la presidenta lucha por la soberan\u00eda de M\u00e9xico, y la soberan\u00eda de M\u00e9xico la componemos todo el pueblo. Lo que ahora hizo, m\u00e1s que respaldos personales a alguien, lo que hizo es defender la soberan\u00eda de nuestro pa\u00eds\u201d, respondi\u00f3 al mandatario al pedirle su opini\u00f3n respecto al posicionamiento que hizo la presidenta Sheinbaum esta ma\u00f1ana desde Palacio Nacional.<\/p>\n\n\n\n<p>El mandatario sinaloense calific\u00f3 estos se\u00f1alamientos emitidos por las autoridades de Justicia de Estados Unidos como sorprendentes, porque de su parte no hay absolutamente nada que temer, pues el que nada teme nada tiene que pagar, precis\u00f3.<\/p>\n\n\n\n<p>\u201cVamos a hacer todo lo que marca la ley, no adelantemos v\u00edsperas, no hay nada que temer, no le temo a nada, yo siento ser una persona limpia completamente y no tengo temor de nada\u201d, reiter\u00f3.<\/p>\n\n\n\n<p>Rocha Moya agradeci\u00f3 al apoyo recibido por las y los presidentes municipales, que se hizo p\u00fablico por medio de un desplegado, y tambi\u00e9n extendi\u00f3 su agradecimiento a las personas que a t\u00edtulo personal se lo han expresado.<\/p>\n\n\n\n<p>En cuanto al posicionamiento de la presidenta Sheinbaum, destac\u00f3 que se trata de una postura de Estadista, como Jefa de Estado en defensa de la soberan\u00eda de M\u00e9xico.<\/p>\n\n\n\n<p>\u201cYo aprecio mucho y por supuesto me parece todo muy bien, el posicionamiento que tuvo la presidenta, para no hablar de cosas en particular, su posicionamiento lo hizo como una Jefa de Estado, la presidenta es una estadista, es una mujer que atiende las cosas del Estado, y en este caso la cosa m\u00e1s importante es defender la soberan\u00eda, m\u00e1s que defender a fulano o mengano\u201d, concluy\u00f3.<\/p>\n\n\n\n<p><\/p>\n","protected":false},"excerpt":{"rendered":"<p>El mandatario estatal dijo que la postura que emiti\u00f3 esta ma\u00f1ana la presidenta, es la de una Jefa de Estado ante se\u00f1alamientos provenientes del extranjero Navolato, Sinaloa.- El gobernador Rub\u00e9n Rocha Moya afirm\u00f3 que el posicionamiento fijado por la presidenta Claudia Sheinbaum debe leerse en una sola dimensi\u00f3n: la defensa de la soberan\u00eda de M\u00e9xico [&hellip;]<\/p>\n","protected":false},"author":4,"featured_media":132631,"comment_status":"closed","ping_status":"open","sticky":false,"template":"","format":"standard","meta":{"tdm_status":"","tdm_grid_status":"","footnotes":""},"categories":[37],"tags":[],"class_list":{"0":"post-132632","1":"post","2":"type-post","3":"status-publish","4":"format-standard","5":"has-post-thumbnail","7":"category-nota-principal"},"yoast_head":"<!-- This site is optimized with the Yoast SEO plugin v27.5 - https:\/\/yoast.com\/product\/yoast-seo-wordpress\/ -->\n<title>Rocha destaca la defensa de la soberan\u00eda de M\u00e9xico por parte de la presidenta Sheinbaum - Fuentes Fidedignas<\/title>\n<meta name=\"robots\" content=\"index, follow, max-snippet:-1, max-image-preview:large, max-video-preview:-1\" \/>\n<link rel=\"canonical\" href=\"https:\/\/fuentesfidedignas.com.mx\/index.php\/2026\/04\/30\/rocha-destaca-la-defensa-de-la-soberania-de-mexico-por-parte-de-la-presidenta-sheinbaum\/\" \/>\n<meta property=\"og:locale\" content=\"es_MX\" \/>\n<meta property=\"og:type\" content=\"article\" \/>\n<meta property=\"og:title\" content=\"Rocha destaca la defensa de la soberan\u00eda de M\u00e9xico por parte de la presidenta Sheinbaum - Fuentes Fidedignas\" \/>\n<meta property=\"og:description\" content=\"El mandatario estatal dijo que la postura que emiti\u00f3 esta ma\u00f1ana la presidenta, es la de una Jefa de Estado ante se\u00f1alamientos provenientes del extranjero Navolato, Sinaloa.- El gobernador Rub\u00e9n Rocha Moya afirm\u00f3 que el posicionamiento fijado por la presidenta Claudia Sheinbaum debe leerse en una sola dimensi\u00f3n: la defensa de la soberan\u00eda de M\u00e9xico [&hellip;]\" \/>\n<meta property=\"og:url\" content=\"https:\/\/fuentesfidedignas.com.mx\/index.php\/2026\/04\/30\/rocha-destaca-la-defensa-de-la-soberania-de-mexico-por-parte-de-la-presidenta-sheinbaum\/\" \/>\n<meta property=\"og:site_name\" content=\"Fuentes Fidedignas\" \/>\n<meta property=\"article:publisher\" content=\"https:\/\/www.facebook.com\/Fuentes-Fidedignas-368234489921644\" \/>\n<meta property=\"article:published_time\" content=\"2026-04-30T21:48:00+00:00\" \/>\n<meta property=\"og:image\" content=\"https:\/\/fuentesfidedignas.com.mx\/wp-content\/uploads\/2026\/04\/f7c2e4bc-428a-49ec-8fd1-fe6fea73326a.jpeg\" \/>\n\t<meta property=\"og:image:width\" content=\"1920\" \/>\n\t<meta property=\"og:image:height\" content=\"1280\" \/>\n\t<meta property=\"og:image:type\" content=\"image\/jpeg\" \/>\n<meta name=\"author\" content=\"Redacci\u00f3n\" \/>\n<meta name=\"twitter:card\" content=\"summary_large_image\" \/>\n<meta name=\"twitter:creator\" content=\"@fidedignas\" \/>\n<meta name=\"twitter:site\" content=\"@fidedignas\" \/>\n<meta name=\"twitter:label1\" content=\"Escrito por\" \/>\n\t<meta name=\"twitter:data1\" content=\"Redacci\u00f3n\" \/>\n\t<meta name=\"twitter:label2\" content=\"Tiempo de lectura\" \/>\n\t<meta name=\"twitter:data2\" content=\"2 minutos\" \/>\n<script type=\"application\/ld+json\" class=\"yoast-schema-graph\">{\"@context\":\"https:\\\/\\\/schema.org\",\"@graph\":[{\"@type\":\"Article\",\"@id\":\"https:\\\/\\\/fuentesfidedignas.com.mx\\\/index.php\\\/2026\\\/04\\\/30\\\/rocha-destaca-la-defensa-de-la-soberania-de-mexico-por-parte-de-la-presidenta-sheinbaum\\\/#article\",\"isPartOf\":{\"@id\":\"https:\\\/\\\/fuentesfidedignas.com.mx\\\/index.php\\\/2026\\\/04\\\/30\\\/rocha-destaca-la-defensa-de-la-soberania-de-mexico-por-parte-de-la-presidenta-sheinbaum\\\/\"},\"author\":{\"name\":\"Redacci\u00f3n\",\"@id\":\"https:\\\/\\\/fuentesfidedignas.com.mx\\\/#\\\/schema\\\/person\\\/331be9283d37198e2acd5750279085b0\"},\"headline\":\"Rocha destaca la defensa de la soberan\u00eda de M\u00e9xico por parte de la presidenta Sheinbaum\",\"datePublished\":\"2026-04-30T21:48:00+00:00\",\"mainEntityOfPage\":{\"@id\":\"https:\\\/\\\/fuentesfidedignas.com.mx\\\/index.php\\\/2026\\\/04\\\/30\\\/rocha-destaca-la-defensa-de-la-soberania-de-mexico-por-parte-de-la-presidenta-sheinbaum\\\/\"},\"wordCount\":425,\"publisher\":{\"@id\":\"https:\\\/\\\/fuentesfidedignas.com.mx\\\/#organization\"},\"image\":{\"@id\":\"https:\\\/\\\/fuentesfidedignas.com.mx\\\/index.php\\\/2026\\\/04\\\/30\\\/rocha-destaca-la-defensa-de-la-soberania-de-mexico-por-parte-de-la-presidenta-sheinbaum\\\/#primaryimage\"},\"thumbnailUrl\":\"https:\\\/\\\/fuentesfidedignas.com.mx\\\/wp-content\\\/uploads\\\/2026\\\/04\\\/f7c2e4bc-428a-49ec-8fd1-fe6fea73326a.jpeg\",\"articleSection\":[\"NOTA PRINCIPAL\"],\"inLanguage\":\"es\"},{\"@type\":\"WebPage\",\"@id\":\"https:\\\/\\\/fuentesfidedignas.com.mx\\\/index.php\\\/2026\\\/04\\\/30\\\/rocha-destaca-la-defensa-de-la-soberania-de-mexico-por-parte-de-la-presidenta-sheinbaum\\\/\",\"url\":\"https:\\\/\\\/fuentesfidedignas.com.mx\\\/index.php\\\/2026\\\/04\\\/30\\\/rocha-destaca-la-defensa-de-la-soberania-de-mexico-por-parte-de-la-presidenta-sheinbaum\\\/\",\"name\":\"Rocha destaca la defensa de la soberan\u00eda de M\u00e9xico por parte de la presidenta Sheinbaum - Fuentes Fidedignas\",\"isPartOf\":{\"@id\":\"https:\\\/\\\/fuentesfidedignas.com.mx\\\/#website\"},\"primaryImageOfPage\":{\"@id\":\"https:\\\/\\\/fuentesfidedignas.com.mx\\\/index.php\\\/2026\\\/04\\\/30\\\/rocha-destaca-la-defensa-de-la-soberania-de-mexico-por-parte-de-la-presidenta-sheinbaum\\\/#primaryimage\"},\"image\":{\"@id\":\"https:\\\/\\\/fuentesfidedignas.com.mx\\\/index.php\\\/2026\\\/04\\\/30\\\/rocha-destaca-la-defensa-de-la-soberania-de-mexico-por-parte-de-la-presidenta-sheinbaum\\\/#primaryimage\"},\"thumbnailUrl\":\"https:\\\/\\\/fuentesfidedignas.com.mx\\\/wp-content\\\/uploads\\\/2026\\\/04\\\/f7c2e4bc-428a-49ec-8fd1-fe6fea73326a.jpeg\",\"datePublished\":\"2026-04-30T21:48:00+00:00\",\"breadcrumb\":{\"@id\":\"https:\\\/\\\/fuentesfidedignas.com.mx\\\/index.php\\\/2026\\\/04\\\/30\\\/rocha-destaca-la-defensa-de-la-soberania-de-mexico-por-parte-de-la-presidenta-sheinbaum\\\/#breadcrumb\"},\"inLanguage\":\"es\",\"potentialAction\":[{\"@type\":\"ReadAction\",\"target\":[\"https:\\\/\\\/fuentesfidedignas.com.mx\\\/index.php\\\/2026\\\/04\\\/30\\\/rocha-destaca-la-defensa-de-la-soberania-de-mexico-por-parte-de-la-presidenta-sheinbaum\\\/\"]}]},{\"@type\":\"ImageObject\",\"inLanguage\":\"es\",\"@id\":\"https:\\\/\\\/fuentesfidedignas.com.mx\\\/index.php\\\/2026\\\/04\\\/30\\\/rocha-destaca-la-defensa-de-la-soberania-de-mexico-por-parte-de-la-presidenta-sheinbaum\\\/#primaryimage\",\"url\":\"https:\\\/\\\/fuentesfidedignas.com.mx\\\/wp-content\\\/uploads\\\/2026\\\/04\\\/f7c2e4bc-428a-49ec-8fd1-fe6fea73326a.jpeg\",\"contentUrl\":\"https:\\\/\\\/fuentesfidedignas.com.mx\\\/wp-content\\\/uploads\\\/2026\\\/04\\\/f7c2e4bc-428a-49ec-8fd1-fe6fea73326a.jpeg\",\"width\":1920,\"height\":1280},{\"@type\":\"BreadcrumbList\",\"@id\":\"https:\\\/\\\/fuentesfidedignas.com.mx\\\/index.php\\\/2026\\\/04\\\/30\\\/rocha-destaca-la-defensa-de-la-soberania-de-mexico-por-parte-de-la-presidenta-sheinbaum\\\/#breadcrumb\",\"itemListElement\":[{\"@type\":\"ListItem\",\"position\":1,\"name\":\"Inicio\",\"item\":\"https:\\\/\\\/fuentesfidedignas.com.mx\\\/\"},{\"@type\":\"ListItem\",\"position\":2,\"name\":\"Rocha destaca la defensa de la soberan\u00eda de M\u00e9xico por parte de la presidenta Sheinbaum\"}]},{\"@type\":\"WebSite\",\"@id\":\"https:\\\/\\\/fuentesfidedignas.com.mx\\\/#website\",\"url\":\"https:\\\/\\\/fuentesfidedignas.com.mx\\\/\",\"name\":\"Fuentes Fidedignas\",\"description\":\"Otro sitio realizado con WordPress\",\"publisher\":{\"@id\":\"https:\\\/\\\/fuentesfidedignas.com.mx\\\/#organization\"},\"potentialAction\":[{\"@type\":\"SearchAction\",\"target\":{\"@type\":\"EntryPoint\",\"urlTemplate\":\"https:\\\/\\\/fuentesfidedignas.com.mx\\\/?s={search_term_string}\"},\"query-input\":{\"@type\":\"PropertyValueSpecification\",\"valueRequired\":true,\"valueName\":\"search_term_string\"}}],\"inLanguage\":\"es\"},{\"@type\":\"Organization\",\"@id\":\"https:\\\/\\\/fuentesfidedignas.com.mx\\\/#organization\",\"name\":\"Fuentes Fidedignas\",\"url\":\"https:\\\/\\\/fuentesfidedignas.com.mx\\\/\",\"logo\":{\"@type\":\"ImageObject\",\"inLanguage\":\"es\",\"@id\":\"https:\\\/\\\/fuentesfidedignas.com.mx\\\/#\\\/schema\\\/logo\\\/image\\\/\",\"url\":\"https:\\\/\\\/fuentesfidedignas.com.mx\\\/wp-content\\\/uploads\\\/2021\\\/04\\\/logo-retina.png\",\"contentUrl\":\"https:\\\/\\\/fuentesfidedignas.com.mx\\\/wp-content\\\/uploads\\\/2021\\\/04\\\/logo-retina.png\",\"width\":280,\"height\":51,\"caption\":\"Fuentes Fidedignas\"},\"image\":{\"@id\":\"https:\\\/\\\/fuentesfidedignas.com.mx\\\/#\\\/schema\\\/logo\\\/image\\\/\"},\"sameAs\":[\"https:\\\/\\\/www.facebook.com\\\/Fuentes-Fidedignas-368234489921644\",\"https:\\\/\\\/x.com\\\/fidedignas\"]},{\"@type\":\"Person\",\"@id\":\"https:\\\/\\\/fuentesfidedignas.com.mx\\\/#\\\/schema\\\/person\\\/331be9283d37198e2acd5750279085b0\",\"name\":\"Redacci\u00f3n\",\"image\":{\"@type\":\"ImageObject\",\"inLanguage\":\"es\",\"@id\":\"https:\\\/\\\/secure.gravatar.com\\\/avatar\\\/f6d8782c11d12b2d4ad3fbb6931aeab5309937a4d6cd2fc9cfaa28a6396a5aec?s=96&d=mm&r=g\",\"url\":\"https:\\\/\\\/secure.gravatar.com\\\/avatar\\\/f6d8782c11d12b2d4ad3fbb6931aeab5309937a4d6cd2fc9cfaa28a6396a5aec?s=96&d=mm&r=g\",\"contentUrl\":\"https:\\\/\\\/secure.gravatar.com\\\/avatar\\\/f6d8782c11d12b2d4ad3fbb6931aeab5309937a4d6cd2fc9cfaa28a6396a5aec?s=96&d=mm&r=g\",\"caption\":\"Redacci\u00f3n\"},\"url\":\"https:\\\/\\\/fuentesfidedignas.com.mx\\\/index.php\\\/author\\\/redaccion\\\/\"}]}<\/script>\n<!-- \/ Yoast SEO plugin. -->","yoast_head_json":{"title":"Rocha destaca la defensa de la soberan\u00eda de M\u00e9xico por parte de la presidenta Sheinbaum - Fuentes Fidedignas","robots":{"index":"index","follow":"follow","max-snippet":"max-snippet:-1","max-image-preview":"max-image-preview:large","max-video-preview":"max-video-preview:-1"},"canonical":"https:\/\/fuentesfidedignas.com.mx\/index.php\/2026\/04\/30\/rocha-destaca-la-defensa-de-la-soberania-de-mexico-por-parte-de-la-presidenta-sheinbaum\/","og_locale":"es_MX","og_type":"article","og_title":"Rocha destaca la defensa de la soberan\u00eda de M\u00e9xico por parte de la presidenta Sheinbaum - Fuentes Fidedignas","og_description":"El mandatario estatal dijo que la postura que emiti\u00f3 esta ma\u00f1ana la presidenta, es la de una Jefa de Estado ante se\u00f1alamientos provenientes del extranjero Navolato, Sinaloa.- El gobernador Rub\u00e9n Rocha Moya afirm\u00f3 que el posicionamiento fijado por la presidenta Claudia Sheinbaum debe leerse en una sola dimensi\u00f3n: la defensa de la soberan\u00eda de M\u00e9xico [&hellip;]","og_url":"https:\/\/fuentesfidedignas.com.mx\/index.php\/2026\/04\/30\/rocha-destaca-la-defensa-de-la-soberania-de-mexico-por-parte-de-la-presidenta-sheinbaum\/","og_site_name":"Fuentes Fidedignas","article_publisher":"https:\/\/www.facebook.com\/Fuentes-Fidedignas-368234489921644","article_published_time":"2026-04-30T21:48:00+00:00","og_image":[{"width":1920,"height":1280,"url":"https:\/\/fuentesfidedignas.com.mx\/wp-content\/uploads\/2026\/04\/f7c2e4bc-428a-49ec-8fd1-fe6fea73326a.jpeg","type":"image\/jpeg"}],"author":"Redacci\u00f3n","twitter_card":"summary_large_image","twitter_creator":"@fidedignas","twitter_site":"@fidedignas","twitter_misc":{"Escrito por":"Redacci\u00f3n","Tiempo de lectura":"2 minutos"},"schema":{"@context":"https:\/\/schema.org","@graph":[{"@type":"Article","@id":"https:\/\/fuentesfidedignas.com.mx\/index.php\/2026\/04\/30\/rocha-destaca-la-defensa-de-la-soberania-de-mexico-por-parte-de-la-presidenta-sheinbaum\/#article","isPartOf":{"@id":"https:\/\/fuentesfidedignas.com.mx\/index.php\/2026\/04\/30\/rocha-destaca-la-defensa-de-la-soberania-de-mexico-por-parte-de-la-presidenta-sheinbaum\/"},"author":{"name":"Redacci\u00f3n","@id":"https:\/\/fuentesfidedignas.com.mx\/#\/schema\/person\/331be9283d37198e2acd5750279085b0"},"headline":"Rocha destaca la defensa de la soberan\u00eda de M\u00e9xico por parte de la presidenta Sheinbaum","datePublished":"2026-04-30T21:48:00+00:00","mainEntityOfPage":{"@id":"https:\/\/fuentesfidedignas.com.mx\/index.php\/2026\/04\/30\/rocha-destaca-la-defensa-de-la-soberania-de-mexico-por-parte-de-la-presidenta-sheinbaum\/"},"wordCount":425,"publisher":{"@id":"https:\/\/fuentesfidedignas.com.mx\/#organization"},"image":{"@id":"https:\/\/fuentesfidedignas.com.mx\/index.php\/2026\/04\/30\/rocha-destaca-la-defensa-de-la-soberania-de-mexico-por-parte-de-la-presidenta-sheinbaum\/#primaryimage"},"thumbnailUrl":"https:\/\/fuentesfidedignas.com.mx\/wp-content\/uploads\/2026\/04\/f7c2e4bc-428a-49ec-8fd1-fe6fea73326a.jpeg","articleSection":["NOTA PRINCIPAL"],"inLanguage":"es"},{"@type":"WebPage","@id":"https:\/\/fuentesfidedignas.com.mx\/index.php\/2026\/04\/30\/rocha-destaca-la-defensa-de-la-soberania-de-mexico-por-parte-de-la-presidenta-sheinbaum\/","url":"https:\/\/fuentesfidedignas.com.mx\/index.php\/2026\/04\/30\/rocha-destaca-la-defensa-de-la-soberania-de-mexico-por-parte-de-la-presidenta-sheinbaum\/","name":"Rocha destaca la defensa de la soberan\u00eda de M\u00e9xico por parte de la presidenta Sheinbaum - Fuentes Fidedignas","isPartOf":{"@id":"https:\/\/fuentesfidedignas.com.mx\/#website"},"primaryImageOfPage":{"@id":"https:\/\/fuentesfidedignas.com.mx\/index.php\/2026\/04\/30\/rocha-destaca-la-defensa-de-la-soberania-de-mexico-por-parte-de-la-presidenta-sheinbaum\/#primaryimage"},"image":{"@id":"https:\/\/fuentesfidedignas.com.mx\/index.php\/2026\/04\/30\/rocha-destaca-la-defensa-de-la-soberania-de-mexico-por-parte-de-la-presidenta-sheinbaum\/#primaryimage"},"thumbnailUrl":"https:\/\/fuentesfidedignas.com.mx\/wp-content\/uploads\/2026\/04\/f7c2e4bc-428a-49ec-8fd1-fe6fea73326a.jpeg","datePublished":"2026-04-30T21:48:00+00:00","breadcrumb":{"@id":"https:\/\/fuentesfidedignas.com.mx\/index.php\/2026\/04\/30\/rocha-destaca-la-defensa-de-la-soberania-de-mexico-por-parte-de-la-presidenta-sheinbaum\/#breadcrumb"},"inLanguage":"es","potentialAction":[{"@type":"ReadAction","target":["https:\/\/fuentesfidedignas.com.mx\/index.php\/2026\/04\/30\/rocha-destaca-la-defensa-de-la-soberania-de-mexico-por-parte-de-la-presidenta-sheinbaum\/"]}]},{"@type":"ImageObject","inLanguage":"es","@id":"https:\/\/fuentesfidedignas.com.mx\/index.php\/2026\/04\/30\/rocha-destaca-la-defensa-de-la-soberania-de-mexico-por-parte-de-la-presidenta-sheinbaum\/#primaryimage","url":"https:\/\/fuentesfidedignas.com.mx\/wp-content\/uploads\/2026\/04\/f7c2e4bc-428a-49ec-8fd1-fe6fea73326a.jpeg","contentUrl":"https:\/\/fuentesfidedignas.com.mx\/wp-content\/uploads\/2026\/04\/f7c2e4bc-428a-49ec-8fd1-fe6fea73326a.jpeg","width":1920,"height":1280},{"@type":"BreadcrumbList","@id":"https:\/\/fuentesfidedignas.com.mx\/index.php\/2026\/04\/30\/rocha-destaca-la-defensa-de-la-soberania-de-mexico-por-parte-de-la-presidenta-sheinbaum\/#breadcrumb","itemListElement":[{"@type":"ListItem","position":1,"name":"Inicio","item":"https:\/\/fuentesfidedignas.com.mx\/"},{"@type":"ListItem","position":2,"name":"Rocha destaca la defensa de la soberan\u00eda de M\u00e9xico por parte de la presidenta Sheinbaum"}]},{"@type":"WebSite","@id":"https:\/\/fuentesfidedignas.com.mx\/#website","url":"https:\/\/fuentesfidedignas.com.mx\/","name":"Fuentes Fidedignas","description":"Otro sitio realizado con WordPress","publisher":{"@id":"https:\/\/fuentesfidedignas.com.mx\/#organization"},"potentialAction":[{"@type":"SearchAction","target":{"@type":"EntryPoint","urlTemplate":"https:\/\/fuentesfidedignas.com.mx\/?s={search_term_string}"},"query-input":{"@type":"PropertyValueSpecification","valueRequired":true,"valueName":"search_term_string"}}],"inLanguage":"es"},{"@type":"Organization","@id":"https:\/\/fuentesfidedignas.com.mx\/#organization","name":"Fuentes Fidedignas","url":"https:\/\/fuentesfidedignas.com.mx\/","logo":{"@type":"ImageObject","inLanguage":"es","@id":"https:\/\/fuentesfidedignas.com.mx\/#\/schema\/logo\/image\/","url":"https:\/\/fuentesfidedignas.com.mx\/wp-content\/uploads\/2021\/04\/logo-retina.png","contentUrl":"https:\/\/fuentesfidedignas.com.mx\/wp-content\/uploads\/2021\/04\/logo-retina.png","width":280,"height":51,"caption":"Fuentes Fidedignas"},"image":{"@id":"https:\/\/fuentesfidedignas.com.mx\/#\/schema\/logo\/image\/"},"sameAs":["https:\/\/www.facebook.com\/Fuentes-Fidedignas-368234489921644","https:\/\/x.com\/fidedignas"]},{"@type":"Person","@id":"https:\/\/fuentesfidedignas.com.mx\/#\/schema\/person\/331be9283d37198e2acd5750279085b0","name":"Redacci\u00f3n","image":{"@type":"ImageObject","inLanguage":"es","@id":"https:\/\/secure.gravatar.com\/avatar\/f6d8782c11d12b2d4ad3fbb6931aeab5309937a4d6cd2fc9cfaa28a6396a5aec?s=96&d=mm&r=g","url":"https:\/\/secure.gravatar.com\/avatar\/f6d8782c11d12b2d4ad3fbb6931aeab5309937a4d6cd2fc9cfaa28a6396a5aec?s=96&d=mm&r=g","contentUrl":"https:\/\/secure.gravatar.com\/avatar\/f6d8782c11d12b2d4ad3fbb6931aeab5309937a4d6cd2fc9cfaa28a6396a5aec?s=96&d=mm&r=g","caption":"Redacci\u00f3n"},"url":"https:\/\/fuentesfidedignas.com.mx\/index.php\/author\/redaccion\/"}]}},"_links":{"self":[{"href":"https:\/\/fuentesfidedignas.com.mx\/index.php\/wp-json\/wp\/v2\/posts\/132632","targetHints":{"allow":["GET"]}}],"collection":[{"href":"https:\/\/fuentesfidedignas.com.mx\/index.php\/wp-json\/wp\/v2\/posts"}],"about":[{"href":"https:\/\/fuentesfidedignas.com.mx\/index.php\/wp-json\/wp\/v2\/types\/post"}],"author":[{"embeddable":true,"href":"https:\/\/fuentesfidedignas.com.mx\/index.php\/wp-json\/wp\/v2\/users\/4"}],"replies":[{"embeddable":true,"href":"https:\/\/fuentesfidedignas.com.mx\/index.php\/wp-json\/wp\/v2\/comments?post=132632"}],"version-history":[{"count":1,"href":"https:\/\/fuentesfidedignas.com.mx\/index.php\/wp-json\/wp\/v2\/posts\/132632\/revisions"}],"predecessor-version":[{"id":132633,"href":"https:\/\/fuentesfidedignas.com.mx\/index.php\/wp-json\/wp\/v2\/posts\/132632\/revisions\/132633"}],"wp:featuredmedia":[{"embeddable":true,"href":"https:\/\/fuentesfidedignas.com.mx\/index.php\/wp-json\/wp\/v2\/media\/132631"}],"wp:attachment":[{"href":"https:\/\/fuentesfidedignas.com.mx\/index.php\/wp-json\/wp\/v2\/media?parent=132632"}],"wp:term":[{"taxonomy":"category","embeddable":true,"href":"https:\/\/fuentesfidedignas.com.mx\/index.php\/wp-json\/wp\/v2\/categories?post=132632"},{"taxonomy":"post_tag","embeddable":true,"href":"https:\/\/fuentesfidedignas.com.mx\/index.php\/wp-json\/wp\/v2\/tags?post=132632"}],"curies":[{"name":"wp","href":"https:\/\/api.w.org\/{rel}","templated":true}]}}