{"id":132610,"date":"2026-04-30T11:12:27","date_gmt":"2026-04-30T18:12:27","guid":{"rendered":"https:\/\/fuentesfidedignas.com.mx\/?p=132610"},"modified":"2026-04-30T11:12:32","modified_gmt":"2026-04-30T18:12:32","slug":"cumplimenta-fge-orden-de-reaprehension-contra-probable-responsable-de-secuestro","status":"publish","type":"post","link":"https:\/\/fuentesfidedignas.com.mx\/index.php\/2026\/04\/30\/cumplimenta-fge-orden-de-reaprehension-contra-probable-responsable-de-secuestro\/","title":{"rendered":"Cumplimenta FGE orden de reaprehensi\u00f3n contra probable responsable de secuestro"},"content":{"rendered":"\n<p><strong><em>La orden de reaprehensi\u00f3n fue ejecutada por elementos de la UEA, en coordinaci\u00f3n con la Agencia de Investigaci\u00f3n Criminal de la Fiscal\u00eda General del Estado de Nayarit.<\/em><\/strong><\/p>\n\n\n\n<p>Mazatl\u00e1n, Sin.- La Fiscal\u00eda General del Estado de Sinaloa, a trav\u00e9s de la Unidad Especializada Antisecuestros (UEA) de la Zona Sur, cumpliment\u00f3 una orden de reaprehensi\u00f3n en contra de Mart\u00edn \u201cN\u201d, de 57 a\u00f1os de edad, por su probable responsabilidad en el delito de secuestro agravado.<\/p>\n\n\n\n<p>De acuerdo con la carpeta de investigaci\u00f3n, los hechos ocurrieron el 18 de febrero de 2000, cuando la v\u00edctima fue interceptada por personas armadas y encapuchadas, quienes la obligaron a trasladarse a una zona despoblada, donde fue privada de su libertad. Posteriormente, se exigi\u00f3 el pago de un rescate a cambio de su liberaci\u00f3n, el cual fue entregado, logrando as\u00ed que la v\u00edctima fuera liberada.<\/p>\n\n\n\n<p>La orden de reaprehensi\u00f3n fue ejecutada por elementos de la UEA, en coordinaci\u00f3n con la Agencia de Investigaci\u00f3n Criminal de la Fiscal\u00eda General del Estado de Nayarit.<\/p>\n\n\n\n<p>Tras su reaprehensi\u00f3n, Mart\u00edn \u201cN\u201d fue puesto a disposici\u00f3n del Juez Cuarto de Primera Instancia de Ejecuci\u00f3n del Distrito Judicial de Mazatl\u00e1n, autoridad que dar\u00e1 seguimiento a su situaci\u00f3n jur\u00eddica.<\/p>\n","protected":false},"excerpt":{"rendered":"<p>La orden de reaprehensi\u00f3n fue ejecutada por elementos de la UEA, en coordinaci\u00f3n con la Agencia de Investigaci\u00f3n Criminal de la Fiscal\u00eda General del Estado de Nayarit. Mazatl\u00e1n, Sin.- La Fiscal\u00eda General del Estado de Sinaloa, a trav\u00e9s de la Unidad Especializada Antisecuestros (UEA) de la Zona Sur, cumpliment\u00f3 una orden de reaprehensi\u00f3n en contra [&hellip;]<\/p>\n","protected":false},"author":4,"featured_media":132611,"comment_status":"open","ping_status":"open","sticky":false,"template":"","format":"standard","meta":{"tdm_status":"","tdm_grid_status":"","footnotes":""},"categories":[38],"tags":[],"class_list":{"0":"post-132610","1":"post","2":"type-post","3":"status-publish","4":"format-standard","5":"has-post-thumbnail","7":"category-noticias-locales"},"yoast_head":"<!-- This site is optimized with the Yoast SEO plugin v27.5 - https:\/\/yoast.com\/product\/yoast-seo-wordpress\/ -->\n<title>Cumplimenta FGE orden de reaprehensi\u00f3n contra probable responsable de secuestro - Fuentes Fidedignas<\/title>\n<meta name=\"robots\" content=\"index, follow, max-snippet:-1, max-image-preview:large, max-video-preview:-1\" \/>\n<link rel=\"canonical\" href=\"https:\/\/fuentesfidedignas.com.mx\/index.php\/2026\/04\/30\/cumplimenta-fge-orden-de-reaprehension-contra-probable-responsable-de-secuestro\/\" \/>\n<meta property=\"og:locale\" content=\"es_MX\" \/>\n<meta property=\"og:type\" content=\"article\" \/>\n<meta property=\"og:title\" content=\"Cumplimenta FGE orden de reaprehensi\u00f3n contra probable responsable de secuestro - Fuentes Fidedignas\" \/>\n<meta property=\"og:description\" content=\"La orden de reaprehensi\u00f3n fue ejecutada por elementos de la UEA, en coordinaci\u00f3n con la Agencia de Investigaci\u00f3n Criminal de la Fiscal\u00eda General del Estado de Nayarit. Mazatl\u00e1n, Sin.- La Fiscal\u00eda General del Estado de Sinaloa, a trav\u00e9s de la Unidad Especializada Antisecuestros (UEA) de la Zona Sur, cumpliment\u00f3 una orden de reaprehensi\u00f3n en contra [&hellip;]\" \/>\n<meta property=\"og:url\" content=\"https:\/\/fuentesfidedignas.com.mx\/index.php\/2026\/04\/30\/cumplimenta-fge-orden-de-reaprehension-contra-probable-responsable-de-secuestro\/\" \/>\n<meta property=\"og:site_name\" content=\"Fuentes Fidedignas\" \/>\n<meta property=\"article:publisher\" content=\"https:\/\/www.facebook.com\/Fuentes-Fidedignas-368234489921644\" \/>\n<meta property=\"article:published_time\" content=\"2026-04-30T18:12:27+00:00\" \/>\n<meta property=\"article:modified_time\" content=\"2026-04-30T18:12:32+00:00\" \/>\n<meta property=\"og:image\" content=\"https:\/\/fuentesfidedignas.com.mx\/wp-content\/uploads\/2026\/04\/WhatsApp-Image-2026-04-30-at-11.05.58-AM.jpeg\" \/>\n\t<meta property=\"og:image:width\" content=\"500\" \/>\n\t<meta property=\"og:image:height\" content=\"473\" \/>\n\t<meta property=\"og:image:type\" content=\"image\/jpeg\" \/>\n<meta name=\"author\" content=\"Redacci\u00f3n\" \/>\n<meta name=\"twitter:card\" content=\"summary_large_image\" \/>\n<meta name=\"twitter:creator\" content=\"@fidedignas\" \/>\n<meta name=\"twitter:site\" content=\"@fidedignas\" \/>\n<meta name=\"twitter:label1\" content=\"Escrito por\" \/>\n\t<meta name=\"twitter:data1\" content=\"Redacci\u00f3n\" \/>\n\t<meta name=\"twitter:label2\" content=\"Tiempo de lectura\" \/>\n\t<meta name=\"twitter:data2\" content=\"2 minutos\" \/>\n<script type=\"application\/ld+json\" class=\"yoast-schema-graph\">{\"@context\":\"https:\\\/\\\/schema.org\",\"@graph\":[{\"@type\":\"Article\",\"@id\":\"https:\\\/\\\/fuentesfidedignas.com.mx\\\/index.php\\\/2026\\\/04\\\/30\\\/cumplimenta-fge-orden-de-reaprehension-contra-probable-responsable-de-secuestro\\\/#article\",\"isPartOf\":{\"@id\":\"https:\\\/\\\/fuentesfidedignas.com.mx\\\/index.php\\\/2026\\\/04\\\/30\\\/cumplimenta-fge-orden-de-reaprehension-contra-probable-responsable-de-secuestro\\\/\"},\"author\":{\"name\":\"Redacci\u00f3n\",\"@id\":\"https:\\\/\\\/fuentesfidedignas.com.mx\\\/#\\\/schema\\\/person\\\/331be9283d37198e2acd5750279085b0\"},\"headline\":\"Cumplimenta FGE orden de reaprehensi\u00f3n contra probable responsable de secuestro\",\"datePublished\":\"2026-04-30T18:12:27+00:00\",\"dateModified\":\"2026-04-30T18:12:32+00:00\",\"mainEntityOfPage\":{\"@id\":\"https:\\\/\\\/fuentesfidedignas.com.mx\\\/index.php\\\/2026\\\/04\\\/30\\\/cumplimenta-fge-orden-de-reaprehension-contra-probable-responsable-de-secuestro\\\/\"},\"wordCount\":229,\"commentCount\":0,\"publisher\":{\"@id\":\"https:\\\/\\\/fuentesfidedignas.com.mx\\\/#organization\"},\"image\":{\"@id\":\"https:\\\/\\\/fuentesfidedignas.com.mx\\\/index.php\\\/2026\\\/04\\\/30\\\/cumplimenta-fge-orden-de-reaprehension-contra-probable-responsable-de-secuestro\\\/#primaryimage\"},\"thumbnailUrl\":\"https:\\\/\\\/fuentesfidedignas.com.mx\\\/wp-content\\\/uploads\\\/2026\\\/04\\\/WhatsApp-Image-2026-04-30-at-11.05.58-AM.jpeg\",\"articleSection\":[\"NOTICIAS LOCALES\"],\"inLanguage\":\"es\",\"potentialAction\":[{\"@type\":\"CommentAction\",\"name\":\"Comment\",\"target\":[\"https:\\\/\\\/fuentesfidedignas.com.mx\\\/index.php\\\/2026\\\/04\\\/30\\\/cumplimenta-fge-orden-de-reaprehension-contra-probable-responsable-de-secuestro\\\/#respond\"]}]},{\"@type\":\"WebPage\",\"@id\":\"https:\\\/\\\/fuentesfidedignas.com.mx\\\/index.php\\\/2026\\\/04\\\/30\\\/cumplimenta-fge-orden-de-reaprehension-contra-probable-responsable-de-secuestro\\\/\",\"url\":\"https:\\\/\\\/fuentesfidedignas.com.mx\\\/index.php\\\/2026\\\/04\\\/30\\\/cumplimenta-fge-orden-de-reaprehension-contra-probable-responsable-de-secuestro\\\/\",\"name\":\"Cumplimenta FGE orden de reaprehensi\u00f3n contra probable responsable de secuestro - Fuentes Fidedignas\",\"isPartOf\":{\"@id\":\"https:\\\/\\\/fuentesfidedignas.com.mx\\\/#website\"},\"primaryImageOfPage\":{\"@id\":\"https:\\\/\\\/fuentesfidedignas.com.mx\\\/index.php\\\/2026\\\/04\\\/30\\\/cumplimenta-fge-orden-de-reaprehension-contra-probable-responsable-de-secuestro\\\/#primaryimage\"},\"image\":{\"@id\":\"https:\\\/\\\/fuentesfidedignas.com.mx\\\/index.php\\\/2026\\\/04\\\/30\\\/cumplimenta-fge-orden-de-reaprehension-contra-probable-responsable-de-secuestro\\\/#primaryimage\"},\"thumbnailUrl\":\"https:\\\/\\\/fuentesfidedignas.com.mx\\\/wp-content\\\/uploads\\\/2026\\\/04\\\/WhatsApp-Image-2026-04-30-at-11.05.58-AM.jpeg\",\"datePublished\":\"2026-04-30T18:12:27+00:00\",\"dateModified\":\"2026-04-30T18:12:32+00:00\",\"breadcrumb\":{\"@id\":\"https:\\\/\\\/fuentesfidedignas.com.mx\\\/index.php\\\/2026\\\/04\\\/30\\\/cumplimenta-fge-orden-de-reaprehension-contra-probable-responsable-de-secuestro\\\/#breadcrumb\"},\"inLanguage\":\"es\",\"potentialAction\":[{\"@type\":\"ReadAction\",\"target\":[\"https:\\\/\\\/fuentesfidedignas.com.mx\\\/index.php\\\/2026\\\/04\\\/30\\\/cumplimenta-fge-orden-de-reaprehension-contra-probable-responsable-de-secuestro\\\/\"]}]},{\"@type\":\"ImageObject\",\"inLanguage\":\"es\",\"@id\":\"https:\\\/\\\/fuentesfidedignas.com.mx\\\/index.php\\\/2026\\\/04\\\/30\\\/cumplimenta-fge-orden-de-reaprehension-contra-probable-responsable-de-secuestro\\\/#primaryimage\",\"url\":\"https:\\\/\\\/fuentesfidedignas.com.mx\\\/wp-content\\\/uploads\\\/2026\\\/04\\\/WhatsApp-Image-2026-04-30-at-11.05.58-AM.jpeg\",\"contentUrl\":\"https:\\\/\\\/fuentesfidedignas.com.mx\\\/wp-content\\\/uploads\\\/2026\\\/04\\\/WhatsApp-Image-2026-04-30-at-11.05.58-AM.jpeg\",\"width\":500,\"height\":473},{\"@type\":\"BreadcrumbList\",\"@id\":\"https:\\\/\\\/fuentesfidedignas.com.mx\\\/index.php\\\/2026\\\/04\\\/30\\\/cumplimenta-fge-orden-de-reaprehension-contra-probable-responsable-de-secuestro\\\/#breadcrumb\",\"itemListElement\":[{\"@type\":\"ListItem\",\"position\":1,\"name\":\"Inicio\",\"item\":\"https:\\\/\\\/fuentesfidedignas.com.mx\\\/\"},{\"@type\":\"ListItem\",\"position\":2,\"name\":\"Cumplimenta FGE orden de reaprehensi\u00f3n contra probable responsable de secuestro\"}]},{\"@type\":\"WebSite\",\"@id\":\"https:\\\/\\\/fuentesfidedignas.com.mx\\\/#website\",\"url\":\"https:\\\/\\\/fuentesfidedignas.com.mx\\\/\",\"name\":\"Fuentes Fidedignas\",\"description\":\"Otro sitio realizado con WordPress\",\"publisher\":{\"@id\":\"https:\\\/\\\/fuentesfidedignas.com.mx\\\/#organization\"},\"potentialAction\":[{\"@type\":\"SearchAction\",\"target\":{\"@type\":\"EntryPoint\",\"urlTemplate\":\"https:\\\/\\\/fuentesfidedignas.com.mx\\\/?s={search_term_string}\"},\"query-input\":{\"@type\":\"PropertyValueSpecification\",\"valueRequired\":true,\"valueName\":\"search_term_string\"}}],\"inLanguage\":\"es\"},{\"@type\":\"Organization\",\"@id\":\"https:\\\/\\\/fuentesfidedignas.com.mx\\\/#organization\",\"name\":\"Fuentes Fidedignas\",\"url\":\"https:\\\/\\\/fuentesfidedignas.com.mx\\\/\",\"logo\":{\"@type\":\"ImageObject\",\"inLanguage\":\"es\",\"@id\":\"https:\\\/\\\/fuentesfidedignas.com.mx\\\/#\\\/schema\\\/logo\\\/image\\\/\",\"url\":\"https:\\\/\\\/fuentesfidedignas.com.mx\\\/wp-content\\\/uploads\\\/2021\\\/04\\\/logo-retina.png\",\"contentUrl\":\"https:\\\/\\\/fuentesfidedignas.com.mx\\\/wp-content\\\/uploads\\\/2021\\\/04\\\/logo-retina.png\",\"width\":280,\"height\":51,\"caption\":\"Fuentes Fidedignas\"},\"image\":{\"@id\":\"https:\\\/\\\/fuentesfidedignas.com.mx\\\/#\\\/schema\\\/logo\\\/image\\\/\"},\"sameAs\":[\"https:\\\/\\\/www.facebook.com\\\/Fuentes-Fidedignas-368234489921644\",\"https:\\\/\\\/x.com\\\/fidedignas\"]},{\"@type\":\"Person\",\"@id\":\"https:\\\/\\\/fuentesfidedignas.com.mx\\\/#\\\/schema\\\/person\\\/331be9283d37198e2acd5750279085b0\",\"name\":\"Redacci\u00f3n\",\"image\":{\"@type\":\"ImageObject\",\"inLanguage\":\"es\",\"@id\":\"https:\\\/\\\/secure.gravatar.com\\\/avatar\\\/f6d8782c11d12b2d4ad3fbb6931aeab5309937a4d6cd2fc9cfaa28a6396a5aec?s=96&d=mm&r=g\",\"url\":\"https:\\\/\\\/secure.gravatar.com\\\/avatar\\\/f6d8782c11d12b2d4ad3fbb6931aeab5309937a4d6cd2fc9cfaa28a6396a5aec?s=96&d=mm&r=g\",\"contentUrl\":\"https:\\\/\\\/secure.gravatar.com\\\/avatar\\\/f6d8782c11d12b2d4ad3fbb6931aeab5309937a4d6cd2fc9cfaa28a6396a5aec?s=96&d=mm&r=g\",\"caption\":\"Redacci\u00f3n\"},\"url\":\"https:\\\/\\\/fuentesfidedignas.com.mx\\\/index.php\\\/author\\\/redaccion\\\/\"}]}<\/script>\n<!-- \/ Yoast SEO plugin. -->","yoast_head_json":{"title":"Cumplimenta FGE orden de reaprehensi\u00f3n contra probable responsable de secuestro - Fuentes Fidedignas","robots":{"index":"index","follow":"follow","max-snippet":"max-snippet:-1","max-image-preview":"max-image-preview:large","max-video-preview":"max-video-preview:-1"},"canonical":"https:\/\/fuentesfidedignas.com.mx\/index.php\/2026\/04\/30\/cumplimenta-fge-orden-de-reaprehension-contra-probable-responsable-de-secuestro\/","og_locale":"es_MX","og_type":"article","og_title":"Cumplimenta FGE orden de reaprehensi\u00f3n contra probable responsable de secuestro - Fuentes Fidedignas","og_description":"La orden de reaprehensi\u00f3n fue ejecutada por elementos de la UEA, en coordinaci\u00f3n con la Agencia de Investigaci\u00f3n Criminal de la Fiscal\u00eda General del Estado de Nayarit. Mazatl\u00e1n, Sin.- La Fiscal\u00eda General del Estado de Sinaloa, a trav\u00e9s de la Unidad Especializada Antisecuestros (UEA) de la Zona Sur, cumpliment\u00f3 una orden de reaprehensi\u00f3n en contra [&hellip;]","og_url":"https:\/\/fuentesfidedignas.com.mx\/index.php\/2026\/04\/30\/cumplimenta-fge-orden-de-reaprehension-contra-probable-responsable-de-secuestro\/","og_site_name":"Fuentes Fidedignas","article_publisher":"https:\/\/www.facebook.com\/Fuentes-Fidedignas-368234489921644","article_published_time":"2026-04-30T18:12:27+00:00","article_modified_time":"2026-04-30T18:12:32+00:00","og_image":[{"width":500,"height":473,"url":"https:\/\/fuentesfidedignas.com.mx\/wp-content\/uploads\/2026\/04\/WhatsApp-Image-2026-04-30-at-11.05.58-AM.jpeg","type":"image\/jpeg"}],"author":"Redacci\u00f3n","twitter_card":"summary_large_image","twitter_creator":"@fidedignas","twitter_site":"@fidedignas","twitter_misc":{"Escrito por":"Redacci\u00f3n","Tiempo de lectura":"2 minutos"},"schema":{"@context":"https:\/\/schema.org","@graph":[{"@type":"Article","@id":"https:\/\/fuentesfidedignas.com.mx\/index.php\/2026\/04\/30\/cumplimenta-fge-orden-de-reaprehension-contra-probable-responsable-de-secuestro\/#article","isPartOf":{"@id":"https:\/\/fuentesfidedignas.com.mx\/index.php\/2026\/04\/30\/cumplimenta-fge-orden-de-reaprehension-contra-probable-responsable-de-secuestro\/"},"author":{"name":"Redacci\u00f3n","@id":"https:\/\/fuentesfidedignas.com.mx\/#\/schema\/person\/331be9283d37198e2acd5750279085b0"},"headline":"Cumplimenta FGE orden de reaprehensi\u00f3n contra probable responsable de secuestro","datePublished":"2026-04-30T18:12:27+00:00","dateModified":"2026-04-30T18:12:32+00:00","mainEntityOfPage":{"@id":"https:\/\/fuentesfidedignas.com.mx\/index.php\/2026\/04\/30\/cumplimenta-fge-orden-de-reaprehension-contra-probable-responsable-de-secuestro\/"},"wordCount":229,"commentCount":0,"publisher":{"@id":"https:\/\/fuentesfidedignas.com.mx\/#organization"},"image":{"@id":"https:\/\/fuentesfidedignas.com.mx\/index.php\/2026\/04\/30\/cumplimenta-fge-orden-de-reaprehension-contra-probable-responsable-de-secuestro\/#primaryimage"},"thumbnailUrl":"https:\/\/fuentesfidedignas.com.mx\/wp-content\/uploads\/2026\/04\/WhatsApp-Image-2026-04-30-at-11.05.58-AM.jpeg","articleSection":["NOTICIAS LOCALES"],"inLanguage":"es","potentialAction":[{"@type":"CommentAction","name":"Comment","target":["https:\/\/fuentesfidedignas.com.mx\/index.php\/2026\/04\/30\/cumplimenta-fge-orden-de-reaprehension-contra-probable-responsable-de-secuestro\/#respond"]}]},{"@type":"WebPage","@id":"https:\/\/fuentesfidedignas.com.mx\/index.php\/2026\/04\/30\/cumplimenta-fge-orden-de-reaprehension-contra-probable-responsable-de-secuestro\/","url":"https:\/\/fuentesfidedignas.com.mx\/index.php\/2026\/04\/30\/cumplimenta-fge-orden-de-reaprehension-contra-probable-responsable-de-secuestro\/","name":"Cumplimenta FGE orden de reaprehensi\u00f3n contra probable responsable de secuestro - Fuentes Fidedignas","isPartOf":{"@id":"https:\/\/fuentesfidedignas.com.mx\/#website"},"primaryImageOfPage":{"@id":"https:\/\/fuentesfidedignas.com.mx\/index.php\/2026\/04\/30\/cumplimenta-fge-orden-de-reaprehension-contra-probable-responsable-de-secuestro\/#primaryimage"},"image":{"@id":"https:\/\/fuentesfidedignas.com.mx\/index.php\/2026\/04\/30\/cumplimenta-fge-orden-de-reaprehension-contra-probable-responsable-de-secuestro\/#primaryimage"},"thumbnailUrl":"https:\/\/fuentesfidedignas.com.mx\/wp-content\/uploads\/2026\/04\/WhatsApp-Image-2026-04-30-at-11.05.58-AM.jpeg","datePublished":"2026-04-30T18:12:27+00:00","dateModified":"2026-04-30T18:12:32+00:00","breadcrumb":{"@id":"https:\/\/fuentesfidedignas.com.mx\/index.php\/2026\/04\/30\/cumplimenta-fge-orden-de-reaprehension-contra-probable-responsable-de-secuestro\/#breadcrumb"},"inLanguage":"es","potentialAction":[{"@type":"ReadAction","target":["https:\/\/fuentesfidedignas.com.mx\/index.php\/2026\/04\/30\/cumplimenta-fge-orden-de-reaprehension-contra-probable-responsable-de-secuestro\/"]}]},{"@type":"ImageObject","inLanguage":"es","@id":"https:\/\/fuentesfidedignas.com.mx\/index.php\/2026\/04\/30\/cumplimenta-fge-orden-de-reaprehension-contra-probable-responsable-de-secuestro\/#primaryimage","url":"https:\/\/fuentesfidedignas.com.mx\/wp-content\/uploads\/2026\/04\/WhatsApp-Image-2026-04-30-at-11.05.58-AM.jpeg","contentUrl":"https:\/\/fuentesfidedignas.com.mx\/wp-content\/uploads\/2026\/04\/WhatsApp-Image-2026-04-30-at-11.05.58-AM.jpeg","width":500,"height":473},{"@type":"BreadcrumbList","@id":"https:\/\/fuentesfidedignas.com.mx\/index.php\/2026\/04\/30\/cumplimenta-fge-orden-de-reaprehension-contra-probable-responsable-de-secuestro\/#breadcrumb","itemListElement":[{"@type":"ListItem","position":1,"name":"Inicio","item":"https:\/\/fuentesfidedignas.com.mx\/"},{"@type":"ListItem","position":2,"name":"Cumplimenta FGE orden de reaprehensi\u00f3n contra probable responsable de secuestro"}]},{"@type":"WebSite","@id":"https:\/\/fuentesfidedignas.com.mx\/#website","url":"https:\/\/fuentesfidedignas.com.mx\/","name":"Fuentes Fidedignas","description":"Otro sitio realizado con WordPress","publisher":{"@id":"https:\/\/fuentesfidedignas.com.mx\/#organization"},"potentialAction":[{"@type":"SearchAction","target":{"@type":"EntryPoint","urlTemplate":"https:\/\/fuentesfidedignas.com.mx\/?s={search_term_string}"},"query-input":{"@type":"PropertyValueSpecification","valueRequired":true,"valueName":"search_term_string"}}],"inLanguage":"es"},{"@type":"Organization","@id":"https:\/\/fuentesfidedignas.com.mx\/#organization","name":"Fuentes Fidedignas","url":"https:\/\/fuentesfidedignas.com.mx\/","logo":{"@type":"ImageObject","inLanguage":"es","@id":"https:\/\/fuentesfidedignas.com.mx\/#\/schema\/logo\/image\/","url":"https:\/\/fuentesfidedignas.com.mx\/wp-content\/uploads\/2021\/04\/logo-retina.png","contentUrl":"https:\/\/fuentesfidedignas.com.mx\/wp-content\/uploads\/2021\/04\/logo-retina.png","width":280,"height":51,"caption":"Fuentes Fidedignas"},"image":{"@id":"https:\/\/fuentesfidedignas.com.mx\/#\/schema\/logo\/image\/"},"sameAs":["https:\/\/www.facebook.com\/Fuentes-Fidedignas-368234489921644","https:\/\/x.com\/fidedignas"]},{"@type":"Person","@id":"https:\/\/fuentesfidedignas.com.mx\/#\/schema\/person\/331be9283d37198e2acd5750279085b0","name":"Redacci\u00f3n","image":{"@type":"ImageObject","inLanguage":"es","@id":"https:\/\/secure.gravatar.com\/avatar\/f6d8782c11d12b2d4ad3fbb6931aeab5309937a4d6cd2fc9cfaa28a6396a5aec?s=96&d=mm&r=g","url":"https:\/\/secure.gravatar.com\/avatar\/f6d8782c11d12b2d4ad3fbb6931aeab5309937a4d6cd2fc9cfaa28a6396a5aec?s=96&d=mm&r=g","contentUrl":"https:\/\/secure.gravatar.com\/avatar\/f6d8782c11d12b2d4ad3fbb6931aeab5309937a4d6cd2fc9cfaa28a6396a5aec?s=96&d=mm&r=g","caption":"Redacci\u00f3n"},"url":"https:\/\/fuentesfidedignas.com.mx\/index.php\/author\/redaccion\/"}]}},"_links":{"self":[{"href":"https:\/\/fuentesfidedignas.com.mx\/index.php\/wp-json\/wp\/v2\/posts\/132610","targetHints":{"allow":["GET"]}}],"collection":[{"href":"https:\/\/fuentesfidedignas.com.mx\/index.php\/wp-json\/wp\/v2\/posts"}],"about":[{"href":"https:\/\/fuentesfidedignas.com.mx\/index.php\/wp-json\/wp\/v2\/types\/post"}],"author":[{"embeddable":true,"href":"https:\/\/fuentesfidedignas.com.mx\/index.php\/wp-json\/wp\/v2\/users\/4"}],"replies":[{"embeddable":true,"href":"https:\/\/fuentesfidedignas.com.mx\/index.php\/wp-json\/wp\/v2\/comments?post=132610"}],"version-history":[{"count":1,"href":"https:\/\/fuentesfidedignas.com.mx\/index.php\/wp-json\/wp\/v2\/posts\/132610\/revisions"}],"predecessor-version":[{"id":132612,"href":"https:\/\/fuentesfidedignas.com.mx\/index.php\/wp-json\/wp\/v2\/posts\/132610\/revisions\/132612"}],"wp:featuredmedia":[{"embeddable":true,"href":"https:\/\/fuentesfidedignas.com.mx\/index.php\/wp-json\/wp\/v2\/media\/132611"}],"wp:attachment":[{"href":"https:\/\/fuentesfidedignas.com.mx\/index.php\/wp-json\/wp\/v2\/media?parent=132610"}],"wp:term":[{"taxonomy":"category","embeddable":true,"href":"https:\/\/fuentesfidedignas.com.mx\/index.php\/wp-json\/wp\/v2\/categories?post=132610"},{"taxonomy":"post_tag","embeddable":true,"href":"https:\/\/fuentesfidedignas.com.mx\/index.php\/wp-json\/wp\/v2\/tags?post=132610"}],"curies":[{"name":"wp","href":"https:\/\/api.w.org\/{rel}","templated":true}]}}