{"id":132607,"date":"2026-04-30T11:05:49","date_gmt":"2026-04-30T18:05:49","guid":{"rendered":"https:\/\/fuentesfidedignas.com.mx\/?p=132607"},"modified":"2026-04-30T11:05:53","modified_gmt":"2026-04-30T18:05:53","slug":"estados-unidos-reanuda-los-vuelos-comerciales-a-venezuela-tras-7-anos","status":"publish","type":"post","link":"https:\/\/fuentesfidedignas.com.mx\/index.php\/2026\/04\/30\/estados-unidos-reanuda-los-vuelos-comerciales-a-venezuela-tras-7-anos\/","title":{"rendered":"Estados Unidos reanuda los vuelos comerciales a Venezuela tras 7 a\u00f1os"},"content":{"rendered":"\n<p><strong><em>El \u2060servicio a\u00e9reo de pasajeros de Estados Unidos a Venezuela se reanud\u00f3 este jueves tras \u2060siete a\u00f1os, con la llegada a Caracas de un vuelo de American Airlines desde Miami en el que llegaron funcionarios \u200cde Washington entre los viajeros.<\/em><\/strong><\/p>\n\n\n\n<p>El \u2060servicio a\u00e9reo de pasajeros de Estados Unidos a Venezuela se reanud\u00f3 este jueves tras \u2060siete a\u00f1os, con la llegada a Caracas de un vuelo de American Airlines desde Miami en el que llegaron funcionarios de Washington entre los viajeros.<\/p>\n\n\n\n<p>American Airlines reanuda as\u00ed sus vuelos diarios a Venezuela, \u2060ofreciendo vuelos en un Embraer 175 \u2060a trav\u00e9s de Envoy, su filial regional. Tiene previsto a\u00f1adir un segundo vuelo diario a partir del 21 de mayo. El primero, que transportaba a funcionarios gubernamentales y periodistas, aterriz\u00f3 el jueves por la tarde.<\/p>\n\n\n\n<p>El secretario de Transporte de Estados Unidos, Sean Duffy, levant\u00f3 en enero una orden de 2019 que prohib\u00eda a las aerol\u00edneas estadounidenses volar a Venezuela, tras la instrucci\u00f3n del presidente Donald Trump de hacerlo, y en marzo aprob\u00f3 la solicitud de American Airlines para realizar los viajes.<\/p>\n\n\n\n<p>&#8220;Para Venezuela es un placer recibir estos vuelos porque significa conectividad, que significa a su vez desarrollo, que significa productividad, que significa atenci\u00f3n para el pueblo&#8221;, dijo la ministra de Transportes de Venezuela, Jacqueline Far\u00eda, en un acto de bienvenida en el aeropuerto de Maiquet\u00eda, cerca de Caracas, poco antes del aterrizaje del vuelo.<\/p>\n\n\n\n<p>Estuvo acompa\u00f1ada por el encargado de negocios de Estados Unidos en Caracas, John Barrett.<\/p>\n\n\n\n<p>Far\u00eda agreg\u00f3 que Venezuela prev\u00e9 100,000 pasajeros al a\u00f1o, aproximadamente entre 7,200 y 8,000 al mes, en los vuelos reanudados.<\/p>\n\n\n\n<p>El \u2060servicio a\u00e9reo de pasajeros de Estados Unidos a Venezuela se reanud\u00f3 este jueves tras \u2060siete a\u00f1os, con la llegada a Caracas de un vuelo de American Airlines desde Miami en el que llegaron funcionarios de Washington entre los viajeros.<\/p>\n\n\n\n<p>American Airlines reanuda as\u00ed sus vuelos diarios a Venezuela, \u2060ofreciendo vuelos en un Embraer 175 \u2060a trav\u00e9s de Envoy, su filial regional. Tiene previsto a\u00f1adir un segundo vuelo diario a partir del 21 de mayo. El primero, que transportaba a funcionarios gubernamentales y periodistas, aterriz\u00f3 el jueves por la tarde.<\/p>\n\n\n\n<p>Envoy Air, filial de American Airlines, recibe autorizaci\u00f3n para operar vuelos directos a Venezuela<\/p>\n\n\n\n<p>El secretario de Transporte de Estados Unidos, Sean Duffy, levant\u00f3 en enero una orden de 2019 que prohib\u00eda a las aerol\u00edneas estadounidenses volar a Venezuela, tras la instrucci\u00f3n del presidente Donald Trump de hacerlo, y en marzo aprob\u00f3 la solicitud de American Airlines para realizar los viajes.<\/p>\n\n\n\n<p>&#8220;Para Venezuela es un placer recibir estos vuelos porque significa conectividad, que significa a su vez desarrollo, que significa productividad, que significa atenci\u00f3n para el pueblo&#8221;, dijo la ministra de Transportes de Venezuela, Jacqueline Far\u00eda, en un acto de bienvenida en el aeropuerto de Maiquet\u00eda, cerca de Caracas, poco antes del aterrizaje del vuelo.<\/p>\n\n\n\n<p>Estuvo acompa\u00f1ada por el encargado de negocios de Estados Unidos en Caracas, John Barrett.<\/p>\n\n\n\n<p>Far\u00eda agreg\u00f3 que Venezuela prev\u00e9 100,000 pasajeros al a\u00f1o, aproximadamente entre 7,200 y 8,000 al mes, en los vuelos reanudados.<\/p>\n\n\n\n<p>&#8220;El d\u00eda de hoy marca otro hito hist\u00f3rico en las relaciones entre Estados Unidos y Venezuela. Estamos siendo testigos de la reconstrucci\u00f3n de nuestros lazos econ\u00f3micos, la reapertura de Venezuela al comercio global&#8221;, dijo Barrett tambi\u00e9n poco antes de la llegada del vuelo. La reapertura de los vuelos es &#8220;otra se\u00f1al clara al \u2060mercado mundial que Venezuela vuelve a estar abierta a \u2060los negocios&#8221;.<\/p>\n\n\n\n<p>La Administraci\u00f3n de Seguridad del Transporte (TSA, \u2060por su sigla en ingl\u00e9s) estuvo en Caracas en marzo para revisar los procedimientos de seguridad aeroportuaria, un paso \u2060necesario para reanudar los vuelos. American Airlines anunci\u00f3 sus planes de retomar el servicio semanas despu\u00e9s de que el ej\u00e9rcito estadounidense capturara al l\u00edder venezolano Nicol\u00e1s Maduro.<\/p>\n\n\n\n<p>American Airlines, que comenz\u00f3 a operar en Venezuela en 1987, era la mayor aerol\u00ednea estadounidense en el pa\u00eds antes de suspender sus servicios en 2019 tras la prohibici\u00f3n impuesta por Estados Unidos. La compa\u00f1\u00eda afirm\u00f3 que los vuelos diarios previstos brindar\u00e1n oportunidades para viajes de negocios, placer y humanitarios.<\/p>\n\n\n\n<p>El Departamento de Estado retir\u00f3 en marzo a Venezuela de \u2060la lista de pa\u00edses a los que no deben viajar los estadounidenses, emitiendo una advertencia menos severa de &#8220;Reconsiderar el viaje&#8221; debido al riesgo de delincuencia, secuestro, terrorismo y la deficiente infraestructura sanitaria.<\/p>\n","protected":false},"excerpt":{"rendered":"<p>El \u2060servicio a\u00e9reo de pasajeros de Estados Unidos a Venezuela se reanud\u00f3 este jueves tras \u2060siete a\u00f1os, con la llegada a Caracas de un vuelo de American Airlines desde Miami en el que llegaron funcionarios \u200cde Washington entre los viajeros. El \u2060servicio a\u00e9reo de pasajeros de Estados Unidos a Venezuela se reanud\u00f3 este jueves tras [&hellip;]<\/p>\n","protected":false},"author":8,"featured_media":132608,"comment_status":"open","ping_status":"open","sticky":false,"template":"","format":"standard","meta":{"tdm_status":"","tdm_grid_status":"","footnotes":""},"categories":[39],"tags":[],"class_list":{"0":"post-132607","1":"post","2":"type-post","3":"status-publish","4":"format-standard","5":"has-post-thumbnail","7":"category-noticias-nacionales"},"yoast_head":"<!-- This site is optimized with the Yoast SEO plugin v27.5 - https:\/\/yoast.com\/product\/yoast-seo-wordpress\/ -->\n<title>Estados Unidos reanuda los vuelos comerciales a Venezuela tras 7 a\u00f1os - Fuentes Fidedignas<\/title>\n<meta name=\"robots\" content=\"index, follow, max-snippet:-1, max-image-preview:large, max-video-preview:-1\" \/>\n<link rel=\"canonical\" href=\"https:\/\/fuentesfidedignas.com.mx\/index.php\/2026\/04\/30\/estados-unidos-reanuda-los-vuelos-comerciales-a-venezuela-tras-7-anos\/\" \/>\n<meta property=\"og:locale\" content=\"es_MX\" \/>\n<meta property=\"og:type\" content=\"article\" \/>\n<meta property=\"og:title\" content=\"Estados Unidos reanuda los vuelos comerciales a Venezuela tras 7 a\u00f1os - Fuentes Fidedignas\" \/>\n<meta property=\"og:description\" content=\"El \u2060servicio a\u00e9reo de pasajeros de Estados Unidos a Venezuela se reanud\u00f3 este jueves tras \u2060siete a\u00f1os, con la llegada a Caracas de un vuelo de American Airlines desde Miami en el que llegaron funcionarios \u200cde Washington entre los viajeros. El \u2060servicio a\u00e9reo de pasajeros de Estados Unidos a Venezuela se reanud\u00f3 este jueves tras [&hellip;]\" \/>\n<meta property=\"og:url\" content=\"https:\/\/fuentesfidedignas.com.mx\/index.php\/2026\/04\/30\/estados-unidos-reanuda-los-vuelos-comerciales-a-venezuela-tras-7-anos\/\" \/>\n<meta property=\"og:site_name\" content=\"Fuentes Fidedignas\" \/>\n<meta property=\"article:publisher\" content=\"https:\/\/www.facebook.com\/Fuentes-Fidedignas-368234489921644\" \/>\n<meta property=\"article:published_time\" content=\"2026-04-30T18:05:49+00:00\" \/>\n<meta property=\"article:modified_time\" content=\"2026-04-30T18:05:53+00:00\" \/>\n<meta property=\"og:image\" content=\"https:\/\/fuentesfidedignas.com.mx\/wp-content\/uploads\/2026\/04\/inauguracion-de-vuelo.jpg\" \/>\n\t<meta property=\"og:image:width\" content=\"500\" \/>\n\t<meta property=\"og:image:height\" content=\"281\" \/>\n\t<meta property=\"og:image:type\" content=\"image\/jpeg\" \/>\n<meta name=\"author\" content=\"Reuters\" \/>\n<meta name=\"twitter:card\" content=\"summary_large_image\" \/>\n<meta name=\"twitter:creator\" content=\"@fidedignas\" \/>\n<meta name=\"twitter:site\" content=\"@fidedignas\" \/>\n<meta name=\"twitter:label1\" content=\"Escrito por\" \/>\n\t<meta name=\"twitter:data1\" content=\"Reuters\" \/>\n\t<meta name=\"twitter:label2\" content=\"Tiempo de lectura\" \/>\n\t<meta name=\"twitter:data2\" content=\"4 minutos\" \/>\n<script type=\"application\/ld+json\" class=\"yoast-schema-graph\">{\"@context\":\"https:\\\/\\\/schema.org\",\"@graph\":[{\"@type\":\"Article\",\"@id\":\"https:\\\/\\\/fuentesfidedignas.com.mx\\\/index.php\\\/2026\\\/04\\\/30\\\/estados-unidos-reanuda-los-vuelos-comerciales-a-venezuela-tras-7-anos\\\/#article\",\"isPartOf\":{\"@id\":\"https:\\\/\\\/fuentesfidedignas.com.mx\\\/index.php\\\/2026\\\/04\\\/30\\\/estados-unidos-reanuda-los-vuelos-comerciales-a-venezuela-tras-7-anos\\\/\"},\"author\":{\"name\":\"Reuters\",\"@id\":\"https:\\\/\\\/fuentesfidedignas.com.mx\\\/#\\\/schema\\\/person\\\/699c239076aac7aa88ecc3c15c72710f\"},\"headline\":\"Estados Unidos reanuda los vuelos comerciales a Venezuela tras 7 a\u00f1os\",\"datePublished\":\"2026-04-30T18:05:49+00:00\",\"dateModified\":\"2026-04-30T18:05:53+00:00\",\"mainEntityOfPage\":{\"@id\":\"https:\\\/\\\/fuentesfidedignas.com.mx\\\/index.php\\\/2026\\\/04\\\/30\\\/estados-unidos-reanuda-los-vuelos-comerciales-a-venezuela-tras-7-anos\\\/\"},\"wordCount\":757,\"commentCount\":0,\"publisher\":{\"@id\":\"https:\\\/\\\/fuentesfidedignas.com.mx\\\/#organization\"},\"image\":{\"@id\":\"https:\\\/\\\/fuentesfidedignas.com.mx\\\/index.php\\\/2026\\\/04\\\/30\\\/estados-unidos-reanuda-los-vuelos-comerciales-a-venezuela-tras-7-anos\\\/#primaryimage\"},\"thumbnailUrl\":\"https:\\\/\\\/fuentesfidedignas.com.mx\\\/wp-content\\\/uploads\\\/2026\\\/04\\\/inauguracion-de-vuelo.jpg\",\"articleSection\":[\"NOTICIAS NACIONALES\"],\"inLanguage\":\"es\",\"potentialAction\":[{\"@type\":\"CommentAction\",\"name\":\"Comment\",\"target\":[\"https:\\\/\\\/fuentesfidedignas.com.mx\\\/index.php\\\/2026\\\/04\\\/30\\\/estados-unidos-reanuda-los-vuelos-comerciales-a-venezuela-tras-7-anos\\\/#respond\"]}]},{\"@type\":\"WebPage\",\"@id\":\"https:\\\/\\\/fuentesfidedignas.com.mx\\\/index.php\\\/2026\\\/04\\\/30\\\/estados-unidos-reanuda-los-vuelos-comerciales-a-venezuela-tras-7-anos\\\/\",\"url\":\"https:\\\/\\\/fuentesfidedignas.com.mx\\\/index.php\\\/2026\\\/04\\\/30\\\/estados-unidos-reanuda-los-vuelos-comerciales-a-venezuela-tras-7-anos\\\/\",\"name\":\"Estados Unidos reanuda los vuelos comerciales a Venezuela tras 7 a\u00f1os - Fuentes Fidedignas\",\"isPartOf\":{\"@id\":\"https:\\\/\\\/fuentesfidedignas.com.mx\\\/#website\"},\"primaryImageOfPage\":{\"@id\":\"https:\\\/\\\/fuentesfidedignas.com.mx\\\/index.php\\\/2026\\\/04\\\/30\\\/estados-unidos-reanuda-los-vuelos-comerciales-a-venezuela-tras-7-anos\\\/#primaryimage\"},\"image\":{\"@id\":\"https:\\\/\\\/fuentesfidedignas.com.mx\\\/index.php\\\/2026\\\/04\\\/30\\\/estados-unidos-reanuda-los-vuelos-comerciales-a-venezuela-tras-7-anos\\\/#primaryimage\"},\"thumbnailUrl\":\"https:\\\/\\\/fuentesfidedignas.com.mx\\\/wp-content\\\/uploads\\\/2026\\\/04\\\/inauguracion-de-vuelo.jpg\",\"datePublished\":\"2026-04-30T18:05:49+00:00\",\"dateModified\":\"2026-04-30T18:05:53+00:00\",\"breadcrumb\":{\"@id\":\"https:\\\/\\\/fuentesfidedignas.com.mx\\\/index.php\\\/2026\\\/04\\\/30\\\/estados-unidos-reanuda-los-vuelos-comerciales-a-venezuela-tras-7-anos\\\/#breadcrumb\"},\"inLanguage\":\"es\",\"potentialAction\":[{\"@type\":\"ReadAction\",\"target\":[\"https:\\\/\\\/fuentesfidedignas.com.mx\\\/index.php\\\/2026\\\/04\\\/30\\\/estados-unidos-reanuda-los-vuelos-comerciales-a-venezuela-tras-7-anos\\\/\"]}]},{\"@type\":\"ImageObject\",\"inLanguage\":\"es\",\"@id\":\"https:\\\/\\\/fuentesfidedignas.com.mx\\\/index.php\\\/2026\\\/04\\\/30\\\/estados-unidos-reanuda-los-vuelos-comerciales-a-venezuela-tras-7-anos\\\/#primaryimage\",\"url\":\"https:\\\/\\\/fuentesfidedignas.com.mx\\\/wp-content\\\/uploads\\\/2026\\\/04\\\/inauguracion-de-vuelo.jpg\",\"contentUrl\":\"https:\\\/\\\/fuentesfidedignas.com.mx\\\/wp-content\\\/uploads\\\/2026\\\/04\\\/inauguracion-de-vuelo.jpg\",\"width\":500,\"height\":281},{\"@type\":\"BreadcrumbList\",\"@id\":\"https:\\\/\\\/fuentesfidedignas.com.mx\\\/index.php\\\/2026\\\/04\\\/30\\\/estados-unidos-reanuda-los-vuelos-comerciales-a-venezuela-tras-7-anos\\\/#breadcrumb\",\"itemListElement\":[{\"@type\":\"ListItem\",\"position\":1,\"name\":\"Inicio\",\"item\":\"https:\\\/\\\/fuentesfidedignas.com.mx\\\/\"},{\"@type\":\"ListItem\",\"position\":2,\"name\":\"Estados Unidos reanuda los vuelos comerciales a Venezuela tras 7 a\u00f1os\"}]},{\"@type\":\"WebSite\",\"@id\":\"https:\\\/\\\/fuentesfidedignas.com.mx\\\/#website\",\"url\":\"https:\\\/\\\/fuentesfidedignas.com.mx\\\/\",\"name\":\"Fuentes Fidedignas\",\"description\":\"Otro sitio realizado con WordPress\",\"publisher\":{\"@id\":\"https:\\\/\\\/fuentesfidedignas.com.mx\\\/#organization\"},\"potentialAction\":[{\"@type\":\"SearchAction\",\"target\":{\"@type\":\"EntryPoint\",\"urlTemplate\":\"https:\\\/\\\/fuentesfidedignas.com.mx\\\/?s={search_term_string}\"},\"query-input\":{\"@type\":\"PropertyValueSpecification\",\"valueRequired\":true,\"valueName\":\"search_term_string\"}}],\"inLanguage\":\"es\"},{\"@type\":\"Organization\",\"@id\":\"https:\\\/\\\/fuentesfidedignas.com.mx\\\/#organization\",\"name\":\"Fuentes Fidedignas\",\"url\":\"https:\\\/\\\/fuentesfidedignas.com.mx\\\/\",\"logo\":{\"@type\":\"ImageObject\",\"inLanguage\":\"es\",\"@id\":\"https:\\\/\\\/fuentesfidedignas.com.mx\\\/#\\\/schema\\\/logo\\\/image\\\/\",\"url\":\"https:\\\/\\\/fuentesfidedignas.com.mx\\\/wp-content\\\/uploads\\\/2021\\\/04\\\/logo-retina.png\",\"contentUrl\":\"https:\\\/\\\/fuentesfidedignas.com.mx\\\/wp-content\\\/uploads\\\/2021\\\/04\\\/logo-retina.png\",\"width\":280,\"height\":51,\"caption\":\"Fuentes Fidedignas\"},\"image\":{\"@id\":\"https:\\\/\\\/fuentesfidedignas.com.mx\\\/#\\\/schema\\\/logo\\\/image\\\/\"},\"sameAs\":[\"https:\\\/\\\/www.facebook.com\\\/Fuentes-Fidedignas-368234489921644\",\"https:\\\/\\\/x.com\\\/fidedignas\"]},{\"@type\":\"Person\",\"@id\":\"https:\\\/\\\/fuentesfidedignas.com.mx\\\/#\\\/schema\\\/person\\\/699c239076aac7aa88ecc3c15c72710f\",\"name\":\"Reuters\",\"image\":{\"@type\":\"ImageObject\",\"inLanguage\":\"es\",\"@id\":\"https:\\\/\\\/secure.gravatar.com\\\/avatar\\\/06c46a9bb47e91c2e7c5aa85ad0855c43a11fd5a7b8dd6ec0e8fe8e471140a59?s=96&d=mm&r=g\",\"url\":\"https:\\\/\\\/secure.gravatar.com\\\/avatar\\\/06c46a9bb47e91c2e7c5aa85ad0855c43a11fd5a7b8dd6ec0e8fe8e471140a59?s=96&d=mm&r=g\",\"contentUrl\":\"https:\\\/\\\/secure.gravatar.com\\\/avatar\\\/06c46a9bb47e91c2e7c5aa85ad0855c43a11fd5a7b8dd6ec0e8fe8e471140a59?s=96&d=mm&r=g\",\"caption\":\"Reuters\"},\"url\":\"https:\\\/\\\/fuentesfidedignas.com.mx\\\/index.php\\\/author\\\/reuters\\\/\"}]}<\/script>\n<!-- \/ Yoast SEO plugin. -->","yoast_head_json":{"title":"Estados Unidos reanuda los vuelos comerciales a Venezuela tras 7 a\u00f1os - Fuentes Fidedignas","robots":{"index":"index","follow":"follow","max-snippet":"max-snippet:-1","max-image-preview":"max-image-preview:large","max-video-preview":"max-video-preview:-1"},"canonical":"https:\/\/fuentesfidedignas.com.mx\/index.php\/2026\/04\/30\/estados-unidos-reanuda-los-vuelos-comerciales-a-venezuela-tras-7-anos\/","og_locale":"es_MX","og_type":"article","og_title":"Estados Unidos reanuda los vuelos comerciales a Venezuela tras 7 a\u00f1os - Fuentes Fidedignas","og_description":"El \u2060servicio a\u00e9reo de pasajeros de Estados Unidos a Venezuela se reanud\u00f3 este jueves tras \u2060siete a\u00f1os, con la llegada a Caracas de un vuelo de American Airlines desde Miami en el que llegaron funcionarios \u200cde Washington entre los viajeros. El \u2060servicio a\u00e9reo de pasajeros de Estados Unidos a Venezuela se reanud\u00f3 este jueves tras [&hellip;]","og_url":"https:\/\/fuentesfidedignas.com.mx\/index.php\/2026\/04\/30\/estados-unidos-reanuda-los-vuelos-comerciales-a-venezuela-tras-7-anos\/","og_site_name":"Fuentes Fidedignas","article_publisher":"https:\/\/www.facebook.com\/Fuentes-Fidedignas-368234489921644","article_published_time":"2026-04-30T18:05:49+00:00","article_modified_time":"2026-04-30T18:05:53+00:00","og_image":[{"width":500,"height":281,"url":"https:\/\/fuentesfidedignas.com.mx\/wp-content\/uploads\/2026\/04\/inauguracion-de-vuelo.jpg","type":"image\/jpeg"}],"author":"Reuters","twitter_card":"summary_large_image","twitter_creator":"@fidedignas","twitter_site":"@fidedignas","twitter_misc":{"Escrito por":"Reuters","Tiempo de lectura":"4 minutos"},"schema":{"@context":"https:\/\/schema.org","@graph":[{"@type":"Article","@id":"https:\/\/fuentesfidedignas.com.mx\/index.php\/2026\/04\/30\/estados-unidos-reanuda-los-vuelos-comerciales-a-venezuela-tras-7-anos\/#article","isPartOf":{"@id":"https:\/\/fuentesfidedignas.com.mx\/index.php\/2026\/04\/30\/estados-unidos-reanuda-los-vuelos-comerciales-a-venezuela-tras-7-anos\/"},"author":{"name":"Reuters","@id":"https:\/\/fuentesfidedignas.com.mx\/#\/schema\/person\/699c239076aac7aa88ecc3c15c72710f"},"headline":"Estados Unidos reanuda los vuelos comerciales a Venezuela tras 7 a\u00f1os","datePublished":"2026-04-30T18:05:49+00:00","dateModified":"2026-04-30T18:05:53+00:00","mainEntityOfPage":{"@id":"https:\/\/fuentesfidedignas.com.mx\/index.php\/2026\/04\/30\/estados-unidos-reanuda-los-vuelos-comerciales-a-venezuela-tras-7-anos\/"},"wordCount":757,"commentCount":0,"publisher":{"@id":"https:\/\/fuentesfidedignas.com.mx\/#organization"},"image":{"@id":"https:\/\/fuentesfidedignas.com.mx\/index.php\/2026\/04\/30\/estados-unidos-reanuda-los-vuelos-comerciales-a-venezuela-tras-7-anos\/#primaryimage"},"thumbnailUrl":"https:\/\/fuentesfidedignas.com.mx\/wp-content\/uploads\/2026\/04\/inauguracion-de-vuelo.jpg","articleSection":["NOTICIAS NACIONALES"],"inLanguage":"es","potentialAction":[{"@type":"CommentAction","name":"Comment","target":["https:\/\/fuentesfidedignas.com.mx\/index.php\/2026\/04\/30\/estados-unidos-reanuda-los-vuelos-comerciales-a-venezuela-tras-7-anos\/#respond"]}]},{"@type":"WebPage","@id":"https:\/\/fuentesfidedignas.com.mx\/index.php\/2026\/04\/30\/estados-unidos-reanuda-los-vuelos-comerciales-a-venezuela-tras-7-anos\/","url":"https:\/\/fuentesfidedignas.com.mx\/index.php\/2026\/04\/30\/estados-unidos-reanuda-los-vuelos-comerciales-a-venezuela-tras-7-anos\/","name":"Estados Unidos reanuda los vuelos comerciales a Venezuela tras 7 a\u00f1os - Fuentes Fidedignas","isPartOf":{"@id":"https:\/\/fuentesfidedignas.com.mx\/#website"},"primaryImageOfPage":{"@id":"https:\/\/fuentesfidedignas.com.mx\/index.php\/2026\/04\/30\/estados-unidos-reanuda-los-vuelos-comerciales-a-venezuela-tras-7-anos\/#primaryimage"},"image":{"@id":"https:\/\/fuentesfidedignas.com.mx\/index.php\/2026\/04\/30\/estados-unidos-reanuda-los-vuelos-comerciales-a-venezuela-tras-7-anos\/#primaryimage"},"thumbnailUrl":"https:\/\/fuentesfidedignas.com.mx\/wp-content\/uploads\/2026\/04\/inauguracion-de-vuelo.jpg","datePublished":"2026-04-30T18:05:49+00:00","dateModified":"2026-04-30T18:05:53+00:00","breadcrumb":{"@id":"https:\/\/fuentesfidedignas.com.mx\/index.php\/2026\/04\/30\/estados-unidos-reanuda-los-vuelos-comerciales-a-venezuela-tras-7-anos\/#breadcrumb"},"inLanguage":"es","potentialAction":[{"@type":"ReadAction","target":["https:\/\/fuentesfidedignas.com.mx\/index.php\/2026\/04\/30\/estados-unidos-reanuda-los-vuelos-comerciales-a-venezuela-tras-7-anos\/"]}]},{"@type":"ImageObject","inLanguage":"es","@id":"https:\/\/fuentesfidedignas.com.mx\/index.php\/2026\/04\/30\/estados-unidos-reanuda-los-vuelos-comerciales-a-venezuela-tras-7-anos\/#primaryimage","url":"https:\/\/fuentesfidedignas.com.mx\/wp-content\/uploads\/2026\/04\/inauguracion-de-vuelo.jpg","contentUrl":"https:\/\/fuentesfidedignas.com.mx\/wp-content\/uploads\/2026\/04\/inauguracion-de-vuelo.jpg","width":500,"height":281},{"@type":"BreadcrumbList","@id":"https:\/\/fuentesfidedignas.com.mx\/index.php\/2026\/04\/30\/estados-unidos-reanuda-los-vuelos-comerciales-a-venezuela-tras-7-anos\/#breadcrumb","itemListElement":[{"@type":"ListItem","position":1,"name":"Inicio","item":"https:\/\/fuentesfidedignas.com.mx\/"},{"@type":"ListItem","position":2,"name":"Estados Unidos reanuda los vuelos comerciales a Venezuela tras 7 a\u00f1os"}]},{"@type":"WebSite","@id":"https:\/\/fuentesfidedignas.com.mx\/#website","url":"https:\/\/fuentesfidedignas.com.mx\/","name":"Fuentes Fidedignas","description":"Otro sitio realizado con WordPress","publisher":{"@id":"https:\/\/fuentesfidedignas.com.mx\/#organization"},"potentialAction":[{"@type":"SearchAction","target":{"@type":"EntryPoint","urlTemplate":"https:\/\/fuentesfidedignas.com.mx\/?s={search_term_string}"},"query-input":{"@type":"PropertyValueSpecification","valueRequired":true,"valueName":"search_term_string"}}],"inLanguage":"es"},{"@type":"Organization","@id":"https:\/\/fuentesfidedignas.com.mx\/#organization","name":"Fuentes Fidedignas","url":"https:\/\/fuentesfidedignas.com.mx\/","logo":{"@type":"ImageObject","inLanguage":"es","@id":"https:\/\/fuentesfidedignas.com.mx\/#\/schema\/logo\/image\/","url":"https:\/\/fuentesfidedignas.com.mx\/wp-content\/uploads\/2021\/04\/logo-retina.png","contentUrl":"https:\/\/fuentesfidedignas.com.mx\/wp-content\/uploads\/2021\/04\/logo-retina.png","width":280,"height":51,"caption":"Fuentes Fidedignas"},"image":{"@id":"https:\/\/fuentesfidedignas.com.mx\/#\/schema\/logo\/image\/"},"sameAs":["https:\/\/www.facebook.com\/Fuentes-Fidedignas-368234489921644","https:\/\/x.com\/fidedignas"]},{"@type":"Person","@id":"https:\/\/fuentesfidedignas.com.mx\/#\/schema\/person\/699c239076aac7aa88ecc3c15c72710f","name":"Reuters","image":{"@type":"ImageObject","inLanguage":"es","@id":"https:\/\/secure.gravatar.com\/avatar\/06c46a9bb47e91c2e7c5aa85ad0855c43a11fd5a7b8dd6ec0e8fe8e471140a59?s=96&d=mm&r=g","url":"https:\/\/secure.gravatar.com\/avatar\/06c46a9bb47e91c2e7c5aa85ad0855c43a11fd5a7b8dd6ec0e8fe8e471140a59?s=96&d=mm&r=g","contentUrl":"https:\/\/secure.gravatar.com\/avatar\/06c46a9bb47e91c2e7c5aa85ad0855c43a11fd5a7b8dd6ec0e8fe8e471140a59?s=96&d=mm&r=g","caption":"Reuters"},"url":"https:\/\/fuentesfidedignas.com.mx\/index.php\/author\/reuters\/"}]}},"_links":{"self":[{"href":"https:\/\/fuentesfidedignas.com.mx\/index.php\/wp-json\/wp\/v2\/posts\/132607","targetHints":{"allow":["GET"]}}],"collection":[{"href":"https:\/\/fuentesfidedignas.com.mx\/index.php\/wp-json\/wp\/v2\/posts"}],"about":[{"href":"https:\/\/fuentesfidedignas.com.mx\/index.php\/wp-json\/wp\/v2\/types\/post"}],"author":[{"embeddable":true,"href":"https:\/\/fuentesfidedignas.com.mx\/index.php\/wp-json\/wp\/v2\/users\/8"}],"replies":[{"embeddable":true,"href":"https:\/\/fuentesfidedignas.com.mx\/index.php\/wp-json\/wp\/v2\/comments?post=132607"}],"version-history":[{"count":1,"href":"https:\/\/fuentesfidedignas.com.mx\/index.php\/wp-json\/wp\/v2\/posts\/132607\/revisions"}],"predecessor-version":[{"id":132609,"href":"https:\/\/fuentesfidedignas.com.mx\/index.php\/wp-json\/wp\/v2\/posts\/132607\/revisions\/132609"}],"wp:featuredmedia":[{"embeddable":true,"href":"https:\/\/fuentesfidedignas.com.mx\/index.php\/wp-json\/wp\/v2\/media\/132608"}],"wp:attachment":[{"href":"https:\/\/fuentesfidedignas.com.mx\/index.php\/wp-json\/wp\/v2\/media?parent=132607"}],"wp:term":[{"taxonomy":"category","embeddable":true,"href":"https:\/\/fuentesfidedignas.com.mx\/index.php\/wp-json\/wp\/v2\/categories?post=132607"},{"taxonomy":"post_tag","embeddable":true,"href":"https:\/\/fuentesfidedignas.com.mx\/index.php\/wp-json\/wp\/v2\/tags?post=132607"}],"curies":[{"name":"wp","href":"https:\/\/api.w.org\/{rel}","templated":true}]}}