{"id":132588,"date":"2026-04-30T10:08:06","date_gmt":"2026-04-30T17:08:06","guid":{"rendered":"https:\/\/fuentesfidedignas.com.mx\/?p=132588"},"modified":"2026-04-30T10:08:10","modified_gmt":"2026-04-30T17:08:10","slug":"mc-jalisco-instala-mesa-consultiva-para-elaborar-agenda-sobre-la-comunidad-lgbt","status":"publish","type":"post","link":"https:\/\/fuentesfidedignas.com.mx\/index.php\/2026\/04\/30\/mc-jalisco-instala-mesa-consultiva-para-elaborar-agenda-sobre-la-comunidad-lgbt\/","title":{"rendered":"MC Jalisco instala mesa consultiva para elaborar agenda sobre la comunidad LGBT"},"content":{"rendered":"\n<p>Al ser la defensa de los derechos de la comunidad de diversidad sexual una de las prioridades para Movimiento Ciudadano (MC) se instal\u00f3 una mesa de trabajo consultivo en la que se escuchar\u00e1 e identificar\u00e1 las demandas y prioridades de la comunidad de la diversidad sexual.<\/p>\n\n\n\n<p>Con este espacio de intercambio de ideas se busca construir una Agenda de la Diversidad LGBT de Movimiento Ciudadano en Jalisco, en ella participan diversos liderazgos quienes aportar\u00e1n las inquietudes que tienen.<br>La presidenta de la Comisi\u00f3n Nacional de Diversidad de Movimiento, Patria Jim\u00e9nez; el delegado de Diversidad en Jalisco, Ernesto Cuevas, y el jefe de oficina de la Casa Ciudadana, Daniel Rivas, tomaron protesta a los integrantes de este espacio de an\u00e1lisis, trabajo y reflexi\u00f3n.<\/p>\n\n\n\n<p>Estuvieron presentes los presidentes municipales de Tonila, Tuxcueca y Amacueca, forman parte de este \u00f3rgano: Gladis Silva, Diego Fonseca y Neri Quintero, respectivamente, adem\u00e1s de la diputada local, Monteserrat P\u00e9rez y la coordinadora municipal en Zapopan, Naraly Gonz\u00e1lez as\u00ed como regidores de diversos municipios.<\/p>\n\n\n\n<p>\u201cQue los integrantes de esta mesa formen parte de la construcci\u00f3n de nuestro plan de trabajo en la Delegaci\u00f3n de Diversidad y en general de Movimiento Ciudadano Jalisco para garantizar la participaci\u00f3n pol\u00edtica de las personas LGBT+ en nuestro Movimiento\u201d, indic\u00f3 Ernesto Cuevas, delegado de Diversidad.<\/p>\n\n\n\n<p>Se analiz\u00f3 la necesidad de habilitar direcciones de diversidad en aquellos municipios en donde gobierna Movimiento Ciudadano; adem\u00e1s proponer pol\u00edticas p\u00fablicas y acciones de gobierno para procurar la salud mental de las personas de la comunidad LGBT.<\/p>\n\n\n\n<p>Patria Jim\u00e9nez se\u00f1al\u00f3 que al interior de MC, Jalisco es un referente para todo el pa\u00eds, y en cuesti\u00f3n de acciones afirmativas a favor de la comunidad no es la excepci\u00f3n y es considerada como una acci\u00f3n hist\u00f3rica y pionera al habilitar esta mesa de di\u00e1logo.<\/p>\n","protected":false},"excerpt":{"rendered":"<p>Al ser la defensa de los derechos de la comunidad de diversidad sexual una de las prioridades para Movimiento Ciudadano (MC) se instal\u00f3 una mesa de trabajo consultivo en la que se escuchar\u00e1 e identificar\u00e1 las demandas y prioridades de la comunidad de la diversidad sexual. Con este espacio de intercambio de ideas se busca [&hellip;]<\/p>\n","protected":false},"author":16,"featured_media":132589,"comment_status":"open","ping_status":"open","sticky":false,"template":"","format":"standard","meta":{"tdm_status":"","tdm_grid_status":"","footnotes":""},"categories":[35,36],"tags":[],"class_list":{"0":"post-132588","1":"post","2":"type-post","3":"status-publish","4":"format-standard","5":"has-post-thumbnail","7":"category-amor-es-amor","8":"category-semanales"},"yoast_head":"<!-- This site is optimized with the Yoast SEO plugin v27.5 - https:\/\/yoast.com\/product\/yoast-seo-wordpress\/ -->\n<title>MC Jalisco instala mesa consultiva para elaborar agenda sobre la comunidad LGBT - Fuentes Fidedignas<\/title>\n<meta name=\"robots\" content=\"index, follow, max-snippet:-1, max-image-preview:large, max-video-preview:-1\" \/>\n<link rel=\"canonical\" href=\"https:\/\/fuentesfidedignas.com.mx\/index.php\/2026\/04\/30\/mc-jalisco-instala-mesa-consultiva-para-elaborar-agenda-sobre-la-comunidad-lgbt\/\" \/>\n<meta property=\"og:locale\" content=\"es_MX\" \/>\n<meta property=\"og:type\" content=\"article\" \/>\n<meta property=\"og:title\" content=\"MC Jalisco instala mesa consultiva para elaborar agenda sobre la comunidad LGBT - Fuentes Fidedignas\" \/>\n<meta property=\"og:description\" content=\"Al ser la defensa de los derechos de la comunidad de diversidad sexual una de las prioridades para Movimiento Ciudadano (MC) se instal\u00f3 una mesa de trabajo consultivo en la que se escuchar\u00e1 e identificar\u00e1 las demandas y prioridades de la comunidad de la diversidad sexual. Con este espacio de intercambio de ideas se busca [&hellip;]\" \/>\n<meta property=\"og:url\" content=\"https:\/\/fuentesfidedignas.com.mx\/index.php\/2026\/04\/30\/mc-jalisco-instala-mesa-consultiva-para-elaborar-agenda-sobre-la-comunidad-lgbt\/\" \/>\n<meta property=\"og:site_name\" content=\"Fuentes Fidedignas\" \/>\n<meta property=\"article:publisher\" content=\"https:\/\/www.facebook.com\/Fuentes-Fidedignas-368234489921644\" \/>\n<meta property=\"article:published_time\" content=\"2026-04-30T17:08:06+00:00\" \/>\n<meta property=\"article:modified_time\" content=\"2026-04-30T17:08:10+00:00\" \/>\n<meta property=\"og:image\" content=\"https:\/\/fuentesfidedignas.com.mx\/wp-content\/uploads\/2026\/04\/image-1.webp\" \/>\n\t<meta property=\"og:image:width\" content=\"1200\" \/>\n\t<meta property=\"og:image:height\" content=\"675\" \/>\n\t<meta property=\"og:image:type\" content=\"image\/webp\" \/>\n<meta name=\"author\" content=\"El Sol\" \/>\n<meta name=\"twitter:card\" content=\"summary_large_image\" \/>\n<meta name=\"twitter:creator\" content=\"@fidedignas\" \/>\n<meta name=\"twitter:site\" content=\"@fidedignas\" \/>\n<meta name=\"twitter:label1\" content=\"Escrito por\" \/>\n\t<meta name=\"twitter:data1\" content=\"El Sol\" \/>\n\t<meta name=\"twitter:label2\" content=\"Tiempo de lectura\" \/>\n\t<meta name=\"twitter:data2\" content=\"2 minutos\" \/>\n<script type=\"application\/ld+json\" class=\"yoast-schema-graph\">{\"@context\":\"https:\\\/\\\/schema.org\",\"@graph\":[{\"@type\":\"Article\",\"@id\":\"https:\\\/\\\/fuentesfidedignas.com.mx\\\/index.php\\\/2026\\\/04\\\/30\\\/mc-jalisco-instala-mesa-consultiva-para-elaborar-agenda-sobre-la-comunidad-lgbt\\\/#article\",\"isPartOf\":{\"@id\":\"https:\\\/\\\/fuentesfidedignas.com.mx\\\/index.php\\\/2026\\\/04\\\/30\\\/mc-jalisco-instala-mesa-consultiva-para-elaborar-agenda-sobre-la-comunidad-lgbt\\\/\"},\"author\":{\"name\":\"El Sol\",\"@id\":\"https:\\\/\\\/fuentesfidedignas.com.mx\\\/#\\\/schema\\\/person\\\/e42cf8194648cef93ec04777ab0c2929\"},\"headline\":\"MC Jalisco instala mesa consultiva para elaborar agenda sobre la comunidad LGBT\",\"datePublished\":\"2026-04-30T17:08:06+00:00\",\"dateModified\":\"2026-04-30T17:08:10+00:00\",\"mainEntityOfPage\":{\"@id\":\"https:\\\/\\\/fuentesfidedignas.com.mx\\\/index.php\\\/2026\\\/04\\\/30\\\/mc-jalisco-instala-mesa-consultiva-para-elaborar-agenda-sobre-la-comunidad-lgbt\\\/\"},\"wordCount\":330,\"commentCount\":0,\"publisher\":{\"@id\":\"https:\\\/\\\/fuentesfidedignas.com.mx\\\/#organization\"},\"image\":{\"@id\":\"https:\\\/\\\/fuentesfidedignas.com.mx\\\/index.php\\\/2026\\\/04\\\/30\\\/mc-jalisco-instala-mesa-consultiva-para-elaborar-agenda-sobre-la-comunidad-lgbt\\\/#primaryimage\"},\"thumbnailUrl\":\"https:\\\/\\\/fuentesfidedignas.com.mx\\\/wp-content\\\/uploads\\\/2026\\\/04\\\/image-1.webp\",\"articleSection\":[\"AMOR ES AMOR\",\"SEMANALES\"],\"inLanguage\":\"es\",\"potentialAction\":[{\"@type\":\"CommentAction\",\"name\":\"Comment\",\"target\":[\"https:\\\/\\\/fuentesfidedignas.com.mx\\\/index.php\\\/2026\\\/04\\\/30\\\/mc-jalisco-instala-mesa-consultiva-para-elaborar-agenda-sobre-la-comunidad-lgbt\\\/#respond\"]}]},{\"@type\":\"WebPage\",\"@id\":\"https:\\\/\\\/fuentesfidedignas.com.mx\\\/index.php\\\/2026\\\/04\\\/30\\\/mc-jalisco-instala-mesa-consultiva-para-elaborar-agenda-sobre-la-comunidad-lgbt\\\/\",\"url\":\"https:\\\/\\\/fuentesfidedignas.com.mx\\\/index.php\\\/2026\\\/04\\\/30\\\/mc-jalisco-instala-mesa-consultiva-para-elaborar-agenda-sobre-la-comunidad-lgbt\\\/\",\"name\":\"MC Jalisco instala mesa consultiva para elaborar agenda sobre la comunidad LGBT - Fuentes Fidedignas\",\"isPartOf\":{\"@id\":\"https:\\\/\\\/fuentesfidedignas.com.mx\\\/#website\"},\"primaryImageOfPage\":{\"@id\":\"https:\\\/\\\/fuentesfidedignas.com.mx\\\/index.php\\\/2026\\\/04\\\/30\\\/mc-jalisco-instala-mesa-consultiva-para-elaborar-agenda-sobre-la-comunidad-lgbt\\\/#primaryimage\"},\"image\":{\"@id\":\"https:\\\/\\\/fuentesfidedignas.com.mx\\\/index.php\\\/2026\\\/04\\\/30\\\/mc-jalisco-instala-mesa-consultiva-para-elaborar-agenda-sobre-la-comunidad-lgbt\\\/#primaryimage\"},\"thumbnailUrl\":\"https:\\\/\\\/fuentesfidedignas.com.mx\\\/wp-content\\\/uploads\\\/2026\\\/04\\\/image-1.webp\",\"datePublished\":\"2026-04-30T17:08:06+00:00\",\"dateModified\":\"2026-04-30T17:08:10+00:00\",\"breadcrumb\":{\"@id\":\"https:\\\/\\\/fuentesfidedignas.com.mx\\\/index.php\\\/2026\\\/04\\\/30\\\/mc-jalisco-instala-mesa-consultiva-para-elaborar-agenda-sobre-la-comunidad-lgbt\\\/#breadcrumb\"},\"inLanguage\":\"es\",\"potentialAction\":[{\"@type\":\"ReadAction\",\"target\":[\"https:\\\/\\\/fuentesfidedignas.com.mx\\\/index.php\\\/2026\\\/04\\\/30\\\/mc-jalisco-instala-mesa-consultiva-para-elaborar-agenda-sobre-la-comunidad-lgbt\\\/\"]}]},{\"@type\":\"ImageObject\",\"inLanguage\":\"es\",\"@id\":\"https:\\\/\\\/fuentesfidedignas.com.mx\\\/index.php\\\/2026\\\/04\\\/30\\\/mc-jalisco-instala-mesa-consultiva-para-elaborar-agenda-sobre-la-comunidad-lgbt\\\/#primaryimage\",\"url\":\"https:\\\/\\\/fuentesfidedignas.com.mx\\\/wp-content\\\/uploads\\\/2026\\\/04\\\/image-1.webp\",\"contentUrl\":\"https:\\\/\\\/fuentesfidedignas.com.mx\\\/wp-content\\\/uploads\\\/2026\\\/04\\\/image-1.webp\",\"width\":1200,\"height\":675},{\"@type\":\"BreadcrumbList\",\"@id\":\"https:\\\/\\\/fuentesfidedignas.com.mx\\\/index.php\\\/2026\\\/04\\\/30\\\/mc-jalisco-instala-mesa-consultiva-para-elaborar-agenda-sobre-la-comunidad-lgbt\\\/#breadcrumb\",\"itemListElement\":[{\"@type\":\"ListItem\",\"position\":1,\"name\":\"Inicio\",\"item\":\"https:\\\/\\\/fuentesfidedignas.com.mx\\\/\"},{\"@type\":\"ListItem\",\"position\":2,\"name\":\"MC Jalisco instala mesa consultiva para elaborar agenda sobre la comunidad LGBT\"}]},{\"@type\":\"WebSite\",\"@id\":\"https:\\\/\\\/fuentesfidedignas.com.mx\\\/#website\",\"url\":\"https:\\\/\\\/fuentesfidedignas.com.mx\\\/\",\"name\":\"Fuentes Fidedignas\",\"description\":\"Otro sitio realizado con WordPress\",\"publisher\":{\"@id\":\"https:\\\/\\\/fuentesfidedignas.com.mx\\\/#organization\"},\"potentialAction\":[{\"@type\":\"SearchAction\",\"target\":{\"@type\":\"EntryPoint\",\"urlTemplate\":\"https:\\\/\\\/fuentesfidedignas.com.mx\\\/?s={search_term_string}\"},\"query-input\":{\"@type\":\"PropertyValueSpecification\",\"valueRequired\":true,\"valueName\":\"search_term_string\"}}],\"inLanguage\":\"es\"},{\"@type\":\"Organization\",\"@id\":\"https:\\\/\\\/fuentesfidedignas.com.mx\\\/#organization\",\"name\":\"Fuentes Fidedignas\",\"url\":\"https:\\\/\\\/fuentesfidedignas.com.mx\\\/\",\"logo\":{\"@type\":\"ImageObject\",\"inLanguage\":\"es\",\"@id\":\"https:\\\/\\\/fuentesfidedignas.com.mx\\\/#\\\/schema\\\/logo\\\/image\\\/\",\"url\":\"https:\\\/\\\/fuentesfidedignas.com.mx\\\/wp-content\\\/uploads\\\/2021\\\/04\\\/logo-retina.png\",\"contentUrl\":\"https:\\\/\\\/fuentesfidedignas.com.mx\\\/wp-content\\\/uploads\\\/2021\\\/04\\\/logo-retina.png\",\"width\":280,\"height\":51,\"caption\":\"Fuentes Fidedignas\"},\"image\":{\"@id\":\"https:\\\/\\\/fuentesfidedignas.com.mx\\\/#\\\/schema\\\/logo\\\/image\\\/\"},\"sameAs\":[\"https:\\\/\\\/www.facebook.com\\\/Fuentes-Fidedignas-368234489921644\",\"https:\\\/\\\/x.com\\\/fidedignas\"]},{\"@type\":\"Person\",\"@id\":\"https:\\\/\\\/fuentesfidedignas.com.mx\\\/#\\\/schema\\\/person\\\/e42cf8194648cef93ec04777ab0c2929\",\"name\":\"El Sol\",\"image\":{\"@type\":\"ImageObject\",\"inLanguage\":\"es\",\"@id\":\"https:\\\/\\\/secure.gravatar.com\\\/avatar\\\/150fbeded465cf15d26e08fc82bc20f3776e1e0a9e9298940a5ae65d05dba4a7?s=96&d=mm&r=g\",\"url\":\"https:\\\/\\\/secure.gravatar.com\\\/avatar\\\/150fbeded465cf15d26e08fc82bc20f3776e1e0a9e9298940a5ae65d05dba4a7?s=96&d=mm&r=g\",\"contentUrl\":\"https:\\\/\\\/secure.gravatar.com\\\/avatar\\\/150fbeded465cf15d26e08fc82bc20f3776e1e0a9e9298940a5ae65d05dba4a7?s=96&d=mm&r=g\",\"caption\":\"El Sol\"},\"url\":\"https:\\\/\\\/fuentesfidedignas.com.mx\\\/index.php\\\/author\\\/elsol\\\/\"}]}<\/script>\n<!-- \/ Yoast SEO plugin. -->","yoast_head_json":{"title":"MC Jalisco instala mesa consultiva para elaborar agenda sobre la comunidad LGBT - Fuentes Fidedignas","robots":{"index":"index","follow":"follow","max-snippet":"max-snippet:-1","max-image-preview":"max-image-preview:large","max-video-preview":"max-video-preview:-1"},"canonical":"https:\/\/fuentesfidedignas.com.mx\/index.php\/2026\/04\/30\/mc-jalisco-instala-mesa-consultiva-para-elaborar-agenda-sobre-la-comunidad-lgbt\/","og_locale":"es_MX","og_type":"article","og_title":"MC Jalisco instala mesa consultiva para elaborar agenda sobre la comunidad LGBT - Fuentes Fidedignas","og_description":"Al ser la defensa de los derechos de la comunidad de diversidad sexual una de las prioridades para Movimiento Ciudadano (MC) se instal\u00f3 una mesa de trabajo consultivo en la que se escuchar\u00e1 e identificar\u00e1 las demandas y prioridades de la comunidad de la diversidad sexual. Con este espacio de intercambio de ideas se busca [&hellip;]","og_url":"https:\/\/fuentesfidedignas.com.mx\/index.php\/2026\/04\/30\/mc-jalisco-instala-mesa-consultiva-para-elaborar-agenda-sobre-la-comunidad-lgbt\/","og_site_name":"Fuentes Fidedignas","article_publisher":"https:\/\/www.facebook.com\/Fuentes-Fidedignas-368234489921644","article_published_time":"2026-04-30T17:08:06+00:00","article_modified_time":"2026-04-30T17:08:10+00:00","og_image":[{"width":1200,"height":675,"url":"https:\/\/fuentesfidedignas.com.mx\/wp-content\/uploads\/2026\/04\/image-1.webp","type":"image\/webp"}],"author":"El Sol","twitter_card":"summary_large_image","twitter_creator":"@fidedignas","twitter_site":"@fidedignas","twitter_misc":{"Escrito por":"El Sol","Tiempo de lectura":"2 minutos"},"schema":{"@context":"https:\/\/schema.org","@graph":[{"@type":"Article","@id":"https:\/\/fuentesfidedignas.com.mx\/index.php\/2026\/04\/30\/mc-jalisco-instala-mesa-consultiva-para-elaborar-agenda-sobre-la-comunidad-lgbt\/#article","isPartOf":{"@id":"https:\/\/fuentesfidedignas.com.mx\/index.php\/2026\/04\/30\/mc-jalisco-instala-mesa-consultiva-para-elaborar-agenda-sobre-la-comunidad-lgbt\/"},"author":{"name":"El Sol","@id":"https:\/\/fuentesfidedignas.com.mx\/#\/schema\/person\/e42cf8194648cef93ec04777ab0c2929"},"headline":"MC Jalisco instala mesa consultiva para elaborar agenda sobre la comunidad LGBT","datePublished":"2026-04-30T17:08:06+00:00","dateModified":"2026-04-30T17:08:10+00:00","mainEntityOfPage":{"@id":"https:\/\/fuentesfidedignas.com.mx\/index.php\/2026\/04\/30\/mc-jalisco-instala-mesa-consultiva-para-elaborar-agenda-sobre-la-comunidad-lgbt\/"},"wordCount":330,"commentCount":0,"publisher":{"@id":"https:\/\/fuentesfidedignas.com.mx\/#organization"},"image":{"@id":"https:\/\/fuentesfidedignas.com.mx\/index.php\/2026\/04\/30\/mc-jalisco-instala-mesa-consultiva-para-elaborar-agenda-sobre-la-comunidad-lgbt\/#primaryimage"},"thumbnailUrl":"https:\/\/fuentesfidedignas.com.mx\/wp-content\/uploads\/2026\/04\/image-1.webp","articleSection":["AMOR ES AMOR","SEMANALES"],"inLanguage":"es","potentialAction":[{"@type":"CommentAction","name":"Comment","target":["https:\/\/fuentesfidedignas.com.mx\/index.php\/2026\/04\/30\/mc-jalisco-instala-mesa-consultiva-para-elaborar-agenda-sobre-la-comunidad-lgbt\/#respond"]}]},{"@type":"WebPage","@id":"https:\/\/fuentesfidedignas.com.mx\/index.php\/2026\/04\/30\/mc-jalisco-instala-mesa-consultiva-para-elaborar-agenda-sobre-la-comunidad-lgbt\/","url":"https:\/\/fuentesfidedignas.com.mx\/index.php\/2026\/04\/30\/mc-jalisco-instala-mesa-consultiva-para-elaborar-agenda-sobre-la-comunidad-lgbt\/","name":"MC Jalisco instala mesa consultiva para elaborar agenda sobre la comunidad LGBT - Fuentes Fidedignas","isPartOf":{"@id":"https:\/\/fuentesfidedignas.com.mx\/#website"},"primaryImageOfPage":{"@id":"https:\/\/fuentesfidedignas.com.mx\/index.php\/2026\/04\/30\/mc-jalisco-instala-mesa-consultiva-para-elaborar-agenda-sobre-la-comunidad-lgbt\/#primaryimage"},"image":{"@id":"https:\/\/fuentesfidedignas.com.mx\/index.php\/2026\/04\/30\/mc-jalisco-instala-mesa-consultiva-para-elaborar-agenda-sobre-la-comunidad-lgbt\/#primaryimage"},"thumbnailUrl":"https:\/\/fuentesfidedignas.com.mx\/wp-content\/uploads\/2026\/04\/image-1.webp","datePublished":"2026-04-30T17:08:06+00:00","dateModified":"2026-04-30T17:08:10+00:00","breadcrumb":{"@id":"https:\/\/fuentesfidedignas.com.mx\/index.php\/2026\/04\/30\/mc-jalisco-instala-mesa-consultiva-para-elaborar-agenda-sobre-la-comunidad-lgbt\/#breadcrumb"},"inLanguage":"es","potentialAction":[{"@type":"ReadAction","target":["https:\/\/fuentesfidedignas.com.mx\/index.php\/2026\/04\/30\/mc-jalisco-instala-mesa-consultiva-para-elaborar-agenda-sobre-la-comunidad-lgbt\/"]}]},{"@type":"ImageObject","inLanguage":"es","@id":"https:\/\/fuentesfidedignas.com.mx\/index.php\/2026\/04\/30\/mc-jalisco-instala-mesa-consultiva-para-elaborar-agenda-sobre-la-comunidad-lgbt\/#primaryimage","url":"https:\/\/fuentesfidedignas.com.mx\/wp-content\/uploads\/2026\/04\/image-1.webp","contentUrl":"https:\/\/fuentesfidedignas.com.mx\/wp-content\/uploads\/2026\/04\/image-1.webp","width":1200,"height":675},{"@type":"BreadcrumbList","@id":"https:\/\/fuentesfidedignas.com.mx\/index.php\/2026\/04\/30\/mc-jalisco-instala-mesa-consultiva-para-elaborar-agenda-sobre-la-comunidad-lgbt\/#breadcrumb","itemListElement":[{"@type":"ListItem","position":1,"name":"Inicio","item":"https:\/\/fuentesfidedignas.com.mx\/"},{"@type":"ListItem","position":2,"name":"MC Jalisco instala mesa consultiva para elaborar agenda sobre la comunidad LGBT"}]},{"@type":"WebSite","@id":"https:\/\/fuentesfidedignas.com.mx\/#website","url":"https:\/\/fuentesfidedignas.com.mx\/","name":"Fuentes Fidedignas","description":"Otro sitio realizado con WordPress","publisher":{"@id":"https:\/\/fuentesfidedignas.com.mx\/#organization"},"potentialAction":[{"@type":"SearchAction","target":{"@type":"EntryPoint","urlTemplate":"https:\/\/fuentesfidedignas.com.mx\/?s={search_term_string}"},"query-input":{"@type":"PropertyValueSpecification","valueRequired":true,"valueName":"search_term_string"}}],"inLanguage":"es"},{"@type":"Organization","@id":"https:\/\/fuentesfidedignas.com.mx\/#organization","name":"Fuentes Fidedignas","url":"https:\/\/fuentesfidedignas.com.mx\/","logo":{"@type":"ImageObject","inLanguage":"es","@id":"https:\/\/fuentesfidedignas.com.mx\/#\/schema\/logo\/image\/","url":"https:\/\/fuentesfidedignas.com.mx\/wp-content\/uploads\/2021\/04\/logo-retina.png","contentUrl":"https:\/\/fuentesfidedignas.com.mx\/wp-content\/uploads\/2021\/04\/logo-retina.png","width":280,"height":51,"caption":"Fuentes Fidedignas"},"image":{"@id":"https:\/\/fuentesfidedignas.com.mx\/#\/schema\/logo\/image\/"},"sameAs":["https:\/\/www.facebook.com\/Fuentes-Fidedignas-368234489921644","https:\/\/x.com\/fidedignas"]},{"@type":"Person","@id":"https:\/\/fuentesfidedignas.com.mx\/#\/schema\/person\/e42cf8194648cef93ec04777ab0c2929","name":"El Sol","image":{"@type":"ImageObject","inLanguage":"es","@id":"https:\/\/secure.gravatar.com\/avatar\/150fbeded465cf15d26e08fc82bc20f3776e1e0a9e9298940a5ae65d05dba4a7?s=96&d=mm&r=g","url":"https:\/\/secure.gravatar.com\/avatar\/150fbeded465cf15d26e08fc82bc20f3776e1e0a9e9298940a5ae65d05dba4a7?s=96&d=mm&r=g","contentUrl":"https:\/\/secure.gravatar.com\/avatar\/150fbeded465cf15d26e08fc82bc20f3776e1e0a9e9298940a5ae65d05dba4a7?s=96&d=mm&r=g","caption":"El Sol"},"url":"https:\/\/fuentesfidedignas.com.mx\/index.php\/author\/elsol\/"}]}},"_links":{"self":[{"href":"https:\/\/fuentesfidedignas.com.mx\/index.php\/wp-json\/wp\/v2\/posts\/132588","targetHints":{"allow":["GET"]}}],"collection":[{"href":"https:\/\/fuentesfidedignas.com.mx\/index.php\/wp-json\/wp\/v2\/posts"}],"about":[{"href":"https:\/\/fuentesfidedignas.com.mx\/index.php\/wp-json\/wp\/v2\/types\/post"}],"author":[{"embeddable":true,"href":"https:\/\/fuentesfidedignas.com.mx\/index.php\/wp-json\/wp\/v2\/users\/16"}],"replies":[{"embeddable":true,"href":"https:\/\/fuentesfidedignas.com.mx\/index.php\/wp-json\/wp\/v2\/comments?post=132588"}],"version-history":[{"count":1,"href":"https:\/\/fuentesfidedignas.com.mx\/index.php\/wp-json\/wp\/v2\/posts\/132588\/revisions"}],"predecessor-version":[{"id":132590,"href":"https:\/\/fuentesfidedignas.com.mx\/index.php\/wp-json\/wp\/v2\/posts\/132588\/revisions\/132590"}],"wp:featuredmedia":[{"embeddable":true,"href":"https:\/\/fuentesfidedignas.com.mx\/index.php\/wp-json\/wp\/v2\/media\/132589"}],"wp:attachment":[{"href":"https:\/\/fuentesfidedignas.com.mx\/index.php\/wp-json\/wp\/v2\/media?parent=132588"}],"wp:term":[{"taxonomy":"category","embeddable":true,"href":"https:\/\/fuentesfidedignas.com.mx\/index.php\/wp-json\/wp\/v2\/categories?post=132588"},{"taxonomy":"post_tag","embeddable":true,"href":"https:\/\/fuentesfidedignas.com.mx\/index.php\/wp-json\/wp\/v2\/tags?post=132588"}],"curies":[{"name":"wp","href":"https:\/\/api.w.org\/{rel}","templated":true}]}}