{"id":132584,"date":"2026-04-30T09:52:52","date_gmt":"2026-04-30T16:52:52","guid":{"rendered":"https:\/\/fuentesfidedignas.com.mx\/?p=132584"},"modified":"2026-04-30T09:53:17","modified_gmt":"2026-04-30T16:53:17","slug":"asesinan-en-su-casa-a-homar-salas-gastelum-lider-electo-del-stasac-en-culiacan","status":"publish","type":"post","link":"https:\/\/fuentesfidedignas.com.mx\/index.php\/2026\/04\/30\/asesinan-en-su-casa-a-homar-salas-gastelum-lider-electo-del-stasac-en-culiacan\/","title":{"rendered":"Asesinan en su casa a Homar Salas Gastelum, l\u00edder electo del STASAC, en\u00a0Culiac\u00e1n"},"content":{"rendered":"\n<p><strong><em>En la zona fue desplegado un fuerte operativo de los tres niveles de Gobierno.<\/em><\/strong><\/p>\n\n\n\n<p>Culiac\u00e1n, Sin.- Homar Salas, l\u00edder del Sindicato de Trabajadores del Ayuntamiento de Culiac\u00e1n, fue asesinado en su vivienda en Brisas del Humaya en la capital estatal.<\/p>\n\n\n\n<p>El ataque, seg\u00fan primeros reportes, ocurri\u00f3 cuando se encontraba en la cochera de su casa. En los hechos tambi\u00e9n result\u00f3 herido un escolta.<\/p>\n\n\n\n<p>En la zona fue desplegado un fuerte operativo de los tres niveles de Gobierno.<\/p>\n\n\n\n<p>Apenas en febrero, la residencia del reci\u00e9n electo dirigente del STASAC fue atacada a balazos. Este tentado ocurri\u00f3 a d\u00edas que se realizara la elecci\u00f3n interna del gremio para el periodo 2026-2029.<\/p>\n","protected":false},"excerpt":{"rendered":"<p>En la zona fue desplegado un fuerte operativo de los tres niveles de Gobierno. Culiac\u00e1n, Sin.- Homar Salas, l\u00edder del Sindicato de Trabajadores del Ayuntamiento de Culiac\u00e1n, fue asesinado en su vivienda en Brisas del Humaya en la capital estatal. El ataque, seg\u00fan primeros reportes, ocurri\u00f3 cuando se encontraba en la cochera de su casa. [&hellip;]<\/p>\n","protected":false},"author":26,"featured_media":132585,"comment_status":"open","ping_status":"open","sticky":false,"template":"","format":"standard","meta":{"tdm_status":"","tdm_grid_status":"","footnotes":""},"categories":[37],"tags":[],"class_list":{"0":"post-132584","1":"post","2":"type-post","3":"status-publish","4":"format-standard","5":"has-post-thumbnail","7":"category-nota-principal"},"yoast_head":"<!-- This site is optimized with the Yoast SEO plugin v27.5 - https:\/\/yoast.com\/product\/yoast-seo-wordpress\/ -->\n<title>Asesinan en su casa a Homar Salas Gastelum, l\u00edder electo del STASAC, en\u00a0Culiac\u00e1n - Fuentes Fidedignas<\/title>\n<meta name=\"robots\" content=\"index, follow, max-snippet:-1, max-image-preview:large, max-video-preview:-1\" \/>\n<link rel=\"canonical\" href=\"https:\/\/fuentesfidedignas.com.mx\/index.php\/2026\/04\/30\/asesinan-en-su-casa-a-homar-salas-gastelum-lider-electo-del-stasac-en-culiacan\/\" \/>\n<meta property=\"og:locale\" content=\"es_MX\" \/>\n<meta property=\"og:type\" content=\"article\" \/>\n<meta property=\"og:title\" content=\"Asesinan en su casa a Homar Salas Gastelum, l\u00edder electo del STASAC, en\u00a0Culiac\u00e1n - Fuentes Fidedignas\" \/>\n<meta property=\"og:description\" content=\"En la zona fue desplegado un fuerte operativo de los tres niveles de Gobierno. Culiac\u00e1n, Sin.- Homar Salas, l\u00edder del Sindicato de Trabajadores del Ayuntamiento de Culiac\u00e1n, fue asesinado en su vivienda en Brisas del Humaya en la capital estatal. El ataque, seg\u00fan primeros reportes, ocurri\u00f3 cuando se encontraba en la cochera de su casa. [&hellip;]\" \/>\n<meta property=\"og:url\" content=\"https:\/\/fuentesfidedignas.com.mx\/index.php\/2026\/04\/30\/asesinan-en-su-casa-a-homar-salas-gastelum-lider-electo-del-stasac-en-culiacan\/\" \/>\n<meta property=\"og:site_name\" content=\"Fuentes Fidedignas\" \/>\n<meta property=\"article:publisher\" content=\"https:\/\/www.facebook.com\/Fuentes-Fidedignas-368234489921644\" \/>\n<meta property=\"article:published_time\" content=\"2026-04-30T16:52:52+00:00\" \/>\n<meta property=\"article:modified_time\" content=\"2026-04-30T16:53:17+00:00\" \/>\n<meta property=\"og:image\" content=\"https:\/\/fuentesfidedignas.com.mx\/wp-content\/uploads\/2026\/04\/HOMAR-SALAS.jpg\" \/>\n\t<meta property=\"og:image:width\" content=\"500\" \/>\n\t<meta property=\"og:image:height\" content=\"333\" \/>\n\t<meta property=\"og:image:type\" content=\"image\/jpeg\" \/>\n<meta name=\"author\" content=\"Reforma\" \/>\n<meta name=\"twitter:card\" content=\"summary_large_image\" \/>\n<meta name=\"twitter:creator\" content=\"@fidedignas\" \/>\n<meta name=\"twitter:site\" content=\"@fidedignas\" \/>\n<meta name=\"twitter:label1\" content=\"Escrito por\" \/>\n\t<meta name=\"twitter:data1\" content=\"Reforma\" \/>\n\t<meta name=\"twitter:label2\" content=\"Tiempo de lectura\" \/>\n\t<meta name=\"twitter:data2\" content=\"1 minuto\" \/>\n<script type=\"application\/ld+json\" class=\"yoast-schema-graph\">{\"@context\":\"https:\\\/\\\/schema.org\",\"@graph\":[{\"@type\":\"Article\",\"@id\":\"https:\\\/\\\/fuentesfidedignas.com.mx\\\/index.php\\\/2026\\\/04\\\/30\\\/asesinan-en-su-casa-a-homar-salas-gastelum-lider-electo-del-stasac-en-culiacan\\\/#article\",\"isPartOf\":{\"@id\":\"https:\\\/\\\/fuentesfidedignas.com.mx\\\/index.php\\\/2026\\\/04\\\/30\\\/asesinan-en-su-casa-a-homar-salas-gastelum-lider-electo-del-stasac-en-culiacan\\\/\"},\"author\":{\"name\":\"Reforma\",\"@id\":\"https:\\\/\\\/fuentesfidedignas.com.mx\\\/#\\\/schema\\\/person\\\/6afe3c08cf5a2678b4dfd3a32e93e0cb\"},\"headline\":\"Asesinan en su casa a Homar Salas Gastelum, l\u00edder electo del STASAC, en\u00a0Culiac\u00e1n\",\"datePublished\":\"2026-04-30T16:52:52+00:00\",\"dateModified\":\"2026-04-30T16:53:17+00:00\",\"mainEntityOfPage\":{\"@id\":\"https:\\\/\\\/fuentesfidedignas.com.mx\\\/index.php\\\/2026\\\/04\\\/30\\\/asesinan-en-su-casa-a-homar-salas-gastelum-lider-electo-del-stasac-en-culiacan\\\/\"},\"wordCount\":134,\"commentCount\":0,\"publisher\":{\"@id\":\"https:\\\/\\\/fuentesfidedignas.com.mx\\\/#organization\"},\"image\":{\"@id\":\"https:\\\/\\\/fuentesfidedignas.com.mx\\\/index.php\\\/2026\\\/04\\\/30\\\/asesinan-en-su-casa-a-homar-salas-gastelum-lider-electo-del-stasac-en-culiacan\\\/#primaryimage\"},\"thumbnailUrl\":\"https:\\\/\\\/fuentesfidedignas.com.mx\\\/wp-content\\\/uploads\\\/2026\\\/04\\\/HOMAR-SALAS.jpg\",\"articleSection\":[\"NOTA PRINCIPAL\"],\"inLanguage\":\"es\",\"potentialAction\":[{\"@type\":\"CommentAction\",\"name\":\"Comment\",\"target\":[\"https:\\\/\\\/fuentesfidedignas.com.mx\\\/index.php\\\/2026\\\/04\\\/30\\\/asesinan-en-su-casa-a-homar-salas-gastelum-lider-electo-del-stasac-en-culiacan\\\/#respond\"]}]},{\"@type\":\"WebPage\",\"@id\":\"https:\\\/\\\/fuentesfidedignas.com.mx\\\/index.php\\\/2026\\\/04\\\/30\\\/asesinan-en-su-casa-a-homar-salas-gastelum-lider-electo-del-stasac-en-culiacan\\\/\",\"url\":\"https:\\\/\\\/fuentesfidedignas.com.mx\\\/index.php\\\/2026\\\/04\\\/30\\\/asesinan-en-su-casa-a-homar-salas-gastelum-lider-electo-del-stasac-en-culiacan\\\/\",\"name\":\"Asesinan en su casa a Homar Salas Gastelum, l\u00edder electo del STASAC, en\u00a0Culiac\u00e1n - Fuentes Fidedignas\",\"isPartOf\":{\"@id\":\"https:\\\/\\\/fuentesfidedignas.com.mx\\\/#website\"},\"primaryImageOfPage\":{\"@id\":\"https:\\\/\\\/fuentesfidedignas.com.mx\\\/index.php\\\/2026\\\/04\\\/30\\\/asesinan-en-su-casa-a-homar-salas-gastelum-lider-electo-del-stasac-en-culiacan\\\/#primaryimage\"},\"image\":{\"@id\":\"https:\\\/\\\/fuentesfidedignas.com.mx\\\/index.php\\\/2026\\\/04\\\/30\\\/asesinan-en-su-casa-a-homar-salas-gastelum-lider-electo-del-stasac-en-culiacan\\\/#primaryimage\"},\"thumbnailUrl\":\"https:\\\/\\\/fuentesfidedignas.com.mx\\\/wp-content\\\/uploads\\\/2026\\\/04\\\/HOMAR-SALAS.jpg\",\"datePublished\":\"2026-04-30T16:52:52+00:00\",\"dateModified\":\"2026-04-30T16:53:17+00:00\",\"breadcrumb\":{\"@id\":\"https:\\\/\\\/fuentesfidedignas.com.mx\\\/index.php\\\/2026\\\/04\\\/30\\\/asesinan-en-su-casa-a-homar-salas-gastelum-lider-electo-del-stasac-en-culiacan\\\/#breadcrumb\"},\"inLanguage\":\"es\",\"potentialAction\":[{\"@type\":\"ReadAction\",\"target\":[\"https:\\\/\\\/fuentesfidedignas.com.mx\\\/index.php\\\/2026\\\/04\\\/30\\\/asesinan-en-su-casa-a-homar-salas-gastelum-lider-electo-del-stasac-en-culiacan\\\/\"]}]},{\"@type\":\"ImageObject\",\"inLanguage\":\"es\",\"@id\":\"https:\\\/\\\/fuentesfidedignas.com.mx\\\/index.php\\\/2026\\\/04\\\/30\\\/asesinan-en-su-casa-a-homar-salas-gastelum-lider-electo-del-stasac-en-culiacan\\\/#primaryimage\",\"url\":\"https:\\\/\\\/fuentesfidedignas.com.mx\\\/wp-content\\\/uploads\\\/2026\\\/04\\\/HOMAR-SALAS.jpg\",\"contentUrl\":\"https:\\\/\\\/fuentesfidedignas.com.mx\\\/wp-content\\\/uploads\\\/2026\\\/04\\\/HOMAR-SALAS.jpg\",\"width\":500,\"height\":333},{\"@type\":\"BreadcrumbList\",\"@id\":\"https:\\\/\\\/fuentesfidedignas.com.mx\\\/index.php\\\/2026\\\/04\\\/30\\\/asesinan-en-su-casa-a-homar-salas-gastelum-lider-electo-del-stasac-en-culiacan\\\/#breadcrumb\",\"itemListElement\":[{\"@type\":\"ListItem\",\"position\":1,\"name\":\"Inicio\",\"item\":\"https:\\\/\\\/fuentesfidedignas.com.mx\\\/\"},{\"@type\":\"ListItem\",\"position\":2,\"name\":\"Asesinan en su casa a Homar Salas Gastelum, l\u00edder electo del STASAC, en\u00a0Culiac\u00e1n\"}]},{\"@type\":\"WebSite\",\"@id\":\"https:\\\/\\\/fuentesfidedignas.com.mx\\\/#website\",\"url\":\"https:\\\/\\\/fuentesfidedignas.com.mx\\\/\",\"name\":\"Fuentes Fidedignas\",\"description\":\"Otro sitio realizado con WordPress\",\"publisher\":{\"@id\":\"https:\\\/\\\/fuentesfidedignas.com.mx\\\/#organization\"},\"potentialAction\":[{\"@type\":\"SearchAction\",\"target\":{\"@type\":\"EntryPoint\",\"urlTemplate\":\"https:\\\/\\\/fuentesfidedignas.com.mx\\\/?s={search_term_string}\"},\"query-input\":{\"@type\":\"PropertyValueSpecification\",\"valueRequired\":true,\"valueName\":\"search_term_string\"}}],\"inLanguage\":\"es\"},{\"@type\":\"Organization\",\"@id\":\"https:\\\/\\\/fuentesfidedignas.com.mx\\\/#organization\",\"name\":\"Fuentes Fidedignas\",\"url\":\"https:\\\/\\\/fuentesfidedignas.com.mx\\\/\",\"logo\":{\"@type\":\"ImageObject\",\"inLanguage\":\"es\",\"@id\":\"https:\\\/\\\/fuentesfidedignas.com.mx\\\/#\\\/schema\\\/logo\\\/image\\\/\",\"url\":\"https:\\\/\\\/fuentesfidedignas.com.mx\\\/wp-content\\\/uploads\\\/2021\\\/04\\\/logo-retina.png\",\"contentUrl\":\"https:\\\/\\\/fuentesfidedignas.com.mx\\\/wp-content\\\/uploads\\\/2021\\\/04\\\/logo-retina.png\",\"width\":280,\"height\":51,\"caption\":\"Fuentes Fidedignas\"},\"image\":{\"@id\":\"https:\\\/\\\/fuentesfidedignas.com.mx\\\/#\\\/schema\\\/logo\\\/image\\\/\"},\"sameAs\":[\"https:\\\/\\\/www.facebook.com\\\/Fuentes-Fidedignas-368234489921644\",\"https:\\\/\\\/x.com\\\/fidedignas\"]},{\"@type\":\"Person\",\"@id\":\"https:\\\/\\\/fuentesfidedignas.com.mx\\\/#\\\/schema\\\/person\\\/6afe3c08cf5a2678b4dfd3a32e93e0cb\",\"name\":\"Reforma\",\"image\":{\"@type\":\"ImageObject\",\"inLanguage\":\"es\",\"@id\":\"https:\\\/\\\/secure.gravatar.com\\\/avatar\\\/0288c1ab8c16c6eb92ef6050557d899a7586610e756db643d0efa610225fe4ae?s=96&d=mm&r=g\",\"url\":\"https:\\\/\\\/secure.gravatar.com\\\/avatar\\\/0288c1ab8c16c6eb92ef6050557d899a7586610e756db643d0efa610225fe4ae?s=96&d=mm&r=g\",\"contentUrl\":\"https:\\\/\\\/secure.gravatar.com\\\/avatar\\\/0288c1ab8c16c6eb92ef6050557d899a7586610e756db643d0efa610225fe4ae?s=96&d=mm&r=g\",\"caption\":\"Reforma\"},\"url\":\"https:\\\/\\\/fuentesfidedignas.com.mx\\\/index.php\\\/author\\\/reforma\\\/\"}]}<\/script>\n<!-- \/ Yoast SEO plugin. -->","yoast_head_json":{"title":"Asesinan en su casa a Homar Salas Gastelum, l\u00edder electo del STASAC, en\u00a0Culiac\u00e1n - Fuentes Fidedignas","robots":{"index":"index","follow":"follow","max-snippet":"max-snippet:-1","max-image-preview":"max-image-preview:large","max-video-preview":"max-video-preview:-1"},"canonical":"https:\/\/fuentesfidedignas.com.mx\/index.php\/2026\/04\/30\/asesinan-en-su-casa-a-homar-salas-gastelum-lider-electo-del-stasac-en-culiacan\/","og_locale":"es_MX","og_type":"article","og_title":"Asesinan en su casa a Homar Salas Gastelum, l\u00edder electo del STASAC, en\u00a0Culiac\u00e1n - Fuentes Fidedignas","og_description":"En la zona fue desplegado un fuerte operativo de los tres niveles de Gobierno. Culiac\u00e1n, Sin.- Homar Salas, l\u00edder del Sindicato de Trabajadores del Ayuntamiento de Culiac\u00e1n, fue asesinado en su vivienda en Brisas del Humaya en la capital estatal. El ataque, seg\u00fan primeros reportes, ocurri\u00f3 cuando se encontraba en la cochera de su casa. [&hellip;]","og_url":"https:\/\/fuentesfidedignas.com.mx\/index.php\/2026\/04\/30\/asesinan-en-su-casa-a-homar-salas-gastelum-lider-electo-del-stasac-en-culiacan\/","og_site_name":"Fuentes Fidedignas","article_publisher":"https:\/\/www.facebook.com\/Fuentes-Fidedignas-368234489921644","article_published_time":"2026-04-30T16:52:52+00:00","article_modified_time":"2026-04-30T16:53:17+00:00","og_image":[{"width":500,"height":333,"url":"https:\/\/fuentesfidedignas.com.mx\/wp-content\/uploads\/2026\/04\/HOMAR-SALAS.jpg","type":"image\/jpeg"}],"author":"Reforma","twitter_card":"summary_large_image","twitter_creator":"@fidedignas","twitter_site":"@fidedignas","twitter_misc":{"Escrito por":"Reforma","Tiempo de lectura":"1 minuto"},"schema":{"@context":"https:\/\/schema.org","@graph":[{"@type":"Article","@id":"https:\/\/fuentesfidedignas.com.mx\/index.php\/2026\/04\/30\/asesinan-en-su-casa-a-homar-salas-gastelum-lider-electo-del-stasac-en-culiacan\/#article","isPartOf":{"@id":"https:\/\/fuentesfidedignas.com.mx\/index.php\/2026\/04\/30\/asesinan-en-su-casa-a-homar-salas-gastelum-lider-electo-del-stasac-en-culiacan\/"},"author":{"name":"Reforma","@id":"https:\/\/fuentesfidedignas.com.mx\/#\/schema\/person\/6afe3c08cf5a2678b4dfd3a32e93e0cb"},"headline":"Asesinan en su casa a Homar Salas Gastelum, l\u00edder electo del STASAC, en\u00a0Culiac\u00e1n","datePublished":"2026-04-30T16:52:52+00:00","dateModified":"2026-04-30T16:53:17+00:00","mainEntityOfPage":{"@id":"https:\/\/fuentesfidedignas.com.mx\/index.php\/2026\/04\/30\/asesinan-en-su-casa-a-homar-salas-gastelum-lider-electo-del-stasac-en-culiacan\/"},"wordCount":134,"commentCount":0,"publisher":{"@id":"https:\/\/fuentesfidedignas.com.mx\/#organization"},"image":{"@id":"https:\/\/fuentesfidedignas.com.mx\/index.php\/2026\/04\/30\/asesinan-en-su-casa-a-homar-salas-gastelum-lider-electo-del-stasac-en-culiacan\/#primaryimage"},"thumbnailUrl":"https:\/\/fuentesfidedignas.com.mx\/wp-content\/uploads\/2026\/04\/HOMAR-SALAS.jpg","articleSection":["NOTA PRINCIPAL"],"inLanguage":"es","potentialAction":[{"@type":"CommentAction","name":"Comment","target":["https:\/\/fuentesfidedignas.com.mx\/index.php\/2026\/04\/30\/asesinan-en-su-casa-a-homar-salas-gastelum-lider-electo-del-stasac-en-culiacan\/#respond"]}]},{"@type":"WebPage","@id":"https:\/\/fuentesfidedignas.com.mx\/index.php\/2026\/04\/30\/asesinan-en-su-casa-a-homar-salas-gastelum-lider-electo-del-stasac-en-culiacan\/","url":"https:\/\/fuentesfidedignas.com.mx\/index.php\/2026\/04\/30\/asesinan-en-su-casa-a-homar-salas-gastelum-lider-electo-del-stasac-en-culiacan\/","name":"Asesinan en su casa a Homar Salas Gastelum, l\u00edder electo del STASAC, en\u00a0Culiac\u00e1n - Fuentes Fidedignas","isPartOf":{"@id":"https:\/\/fuentesfidedignas.com.mx\/#website"},"primaryImageOfPage":{"@id":"https:\/\/fuentesfidedignas.com.mx\/index.php\/2026\/04\/30\/asesinan-en-su-casa-a-homar-salas-gastelum-lider-electo-del-stasac-en-culiacan\/#primaryimage"},"image":{"@id":"https:\/\/fuentesfidedignas.com.mx\/index.php\/2026\/04\/30\/asesinan-en-su-casa-a-homar-salas-gastelum-lider-electo-del-stasac-en-culiacan\/#primaryimage"},"thumbnailUrl":"https:\/\/fuentesfidedignas.com.mx\/wp-content\/uploads\/2026\/04\/HOMAR-SALAS.jpg","datePublished":"2026-04-30T16:52:52+00:00","dateModified":"2026-04-30T16:53:17+00:00","breadcrumb":{"@id":"https:\/\/fuentesfidedignas.com.mx\/index.php\/2026\/04\/30\/asesinan-en-su-casa-a-homar-salas-gastelum-lider-electo-del-stasac-en-culiacan\/#breadcrumb"},"inLanguage":"es","potentialAction":[{"@type":"ReadAction","target":["https:\/\/fuentesfidedignas.com.mx\/index.php\/2026\/04\/30\/asesinan-en-su-casa-a-homar-salas-gastelum-lider-electo-del-stasac-en-culiacan\/"]}]},{"@type":"ImageObject","inLanguage":"es","@id":"https:\/\/fuentesfidedignas.com.mx\/index.php\/2026\/04\/30\/asesinan-en-su-casa-a-homar-salas-gastelum-lider-electo-del-stasac-en-culiacan\/#primaryimage","url":"https:\/\/fuentesfidedignas.com.mx\/wp-content\/uploads\/2026\/04\/HOMAR-SALAS.jpg","contentUrl":"https:\/\/fuentesfidedignas.com.mx\/wp-content\/uploads\/2026\/04\/HOMAR-SALAS.jpg","width":500,"height":333},{"@type":"BreadcrumbList","@id":"https:\/\/fuentesfidedignas.com.mx\/index.php\/2026\/04\/30\/asesinan-en-su-casa-a-homar-salas-gastelum-lider-electo-del-stasac-en-culiacan\/#breadcrumb","itemListElement":[{"@type":"ListItem","position":1,"name":"Inicio","item":"https:\/\/fuentesfidedignas.com.mx\/"},{"@type":"ListItem","position":2,"name":"Asesinan en su casa a Homar Salas Gastelum, l\u00edder electo del STASAC, en\u00a0Culiac\u00e1n"}]},{"@type":"WebSite","@id":"https:\/\/fuentesfidedignas.com.mx\/#website","url":"https:\/\/fuentesfidedignas.com.mx\/","name":"Fuentes Fidedignas","description":"Otro sitio realizado con WordPress","publisher":{"@id":"https:\/\/fuentesfidedignas.com.mx\/#organization"},"potentialAction":[{"@type":"SearchAction","target":{"@type":"EntryPoint","urlTemplate":"https:\/\/fuentesfidedignas.com.mx\/?s={search_term_string}"},"query-input":{"@type":"PropertyValueSpecification","valueRequired":true,"valueName":"search_term_string"}}],"inLanguage":"es"},{"@type":"Organization","@id":"https:\/\/fuentesfidedignas.com.mx\/#organization","name":"Fuentes Fidedignas","url":"https:\/\/fuentesfidedignas.com.mx\/","logo":{"@type":"ImageObject","inLanguage":"es","@id":"https:\/\/fuentesfidedignas.com.mx\/#\/schema\/logo\/image\/","url":"https:\/\/fuentesfidedignas.com.mx\/wp-content\/uploads\/2021\/04\/logo-retina.png","contentUrl":"https:\/\/fuentesfidedignas.com.mx\/wp-content\/uploads\/2021\/04\/logo-retina.png","width":280,"height":51,"caption":"Fuentes Fidedignas"},"image":{"@id":"https:\/\/fuentesfidedignas.com.mx\/#\/schema\/logo\/image\/"},"sameAs":["https:\/\/www.facebook.com\/Fuentes-Fidedignas-368234489921644","https:\/\/x.com\/fidedignas"]},{"@type":"Person","@id":"https:\/\/fuentesfidedignas.com.mx\/#\/schema\/person\/6afe3c08cf5a2678b4dfd3a32e93e0cb","name":"Reforma","image":{"@type":"ImageObject","inLanguage":"es","@id":"https:\/\/secure.gravatar.com\/avatar\/0288c1ab8c16c6eb92ef6050557d899a7586610e756db643d0efa610225fe4ae?s=96&d=mm&r=g","url":"https:\/\/secure.gravatar.com\/avatar\/0288c1ab8c16c6eb92ef6050557d899a7586610e756db643d0efa610225fe4ae?s=96&d=mm&r=g","contentUrl":"https:\/\/secure.gravatar.com\/avatar\/0288c1ab8c16c6eb92ef6050557d899a7586610e756db643d0efa610225fe4ae?s=96&d=mm&r=g","caption":"Reforma"},"url":"https:\/\/fuentesfidedignas.com.mx\/index.php\/author\/reforma\/"}]}},"_links":{"self":[{"href":"https:\/\/fuentesfidedignas.com.mx\/index.php\/wp-json\/wp\/v2\/posts\/132584","targetHints":{"allow":["GET"]}}],"collection":[{"href":"https:\/\/fuentesfidedignas.com.mx\/index.php\/wp-json\/wp\/v2\/posts"}],"about":[{"href":"https:\/\/fuentesfidedignas.com.mx\/index.php\/wp-json\/wp\/v2\/types\/post"}],"author":[{"embeddable":true,"href":"https:\/\/fuentesfidedignas.com.mx\/index.php\/wp-json\/wp\/v2\/users\/26"}],"replies":[{"embeddable":true,"href":"https:\/\/fuentesfidedignas.com.mx\/index.php\/wp-json\/wp\/v2\/comments?post=132584"}],"version-history":[{"count":2,"href":"https:\/\/fuentesfidedignas.com.mx\/index.php\/wp-json\/wp\/v2\/posts\/132584\/revisions"}],"predecessor-version":[{"id":132587,"href":"https:\/\/fuentesfidedignas.com.mx\/index.php\/wp-json\/wp\/v2\/posts\/132584\/revisions\/132587"}],"wp:featuredmedia":[{"embeddable":true,"href":"https:\/\/fuentesfidedignas.com.mx\/index.php\/wp-json\/wp\/v2\/media\/132585"}],"wp:attachment":[{"href":"https:\/\/fuentesfidedignas.com.mx\/index.php\/wp-json\/wp\/v2\/media?parent=132584"}],"wp:term":[{"taxonomy":"category","embeddable":true,"href":"https:\/\/fuentesfidedignas.com.mx\/index.php\/wp-json\/wp\/v2\/categories?post=132584"},{"taxonomy":"post_tag","embeddable":true,"href":"https:\/\/fuentesfidedignas.com.mx\/index.php\/wp-json\/wp\/v2\/tags?post=132584"}],"curies":[{"name":"wp","href":"https:\/\/api.w.org\/{rel}","templated":true}]}}