{"id":132581,"date":"2026-04-30T08:59:00","date_gmt":"2026-04-30T15:59:00","guid":{"rendered":"https:\/\/fuentesfidedignas.com.mx\/?p=132581"},"modified":"2026-04-30T08:59:06","modified_gmt":"2026-04-30T15:59:06","slug":"cobaes-fortalece-la-formacion-integral-a-traves-del-arte-en-el-festival-cultural-sinaloa-de-leyva-2026","status":"publish","type":"post","link":"https:\/\/fuentesfidedignas.com.mx\/index.php\/2026\/04\/30\/cobaes-fortalece-la-formacion-integral-a-traves-del-arte-en-el-festival-cultural-sinaloa-de-leyva-2026\/","title":{"rendered":"COBAES fortalece la formaci\u00f3n integral a trav\u00e9s del arte en el Festival Cultural Sinaloa de Leyva 2026"},"content":{"rendered":"\n<p><strong><em>Durante el Encuentro de Baile Moderno, realizado en el marco del Festival Cultural COBAES, se destac\u00f3 el papel del arte como elemento clave en la formaci\u00f3n integral del alumnado.<\/em><\/strong><\/p>\n\n\n\n<p>Sinaloa municipio, Sin. \u2013 En el Festival Cultural COBAES-Sinaloa de Leyva 2026, donde se realiz\u00f3 el Encuentro Estatal de Baile Moderno, el director general del Colegio de Bachilleres del Estado de Sinaloa, Santiago Inzunza C\u00e1zares, destac\u00f3 que en la instituci\u00f3n que encabeza la formaci\u00f3n no se limita al \u00e1mbito acad\u00e9mico, sino que es integral, ya que, adem\u00e1s de las disciplinas cient\u00edficas y human\u00edsticas, el alumnado participa en actividades culturales, conferencias y talleres que fortalecen su desarrollo personal.<\/p>\n\n\n\n<p>En este sentido, Inzunza C\u00e1zares resalt\u00f3 la importancia del arte, particularmente del baile, como una herramienta clave en la formaci\u00f3n de los j\u00f3venes, as\u00ed como la oferta de actividades como m\u00fasica, teatro y danza en los centros culturales de la instituci\u00f3n, abiertos incluso a estudiantes de otras escuelas.<\/p>\n\n\n\n<p>\u201cCOBAES, desde su fundaci\u00f3n, tiene una marcada vocaci\u00f3n cultural. Entre las grandes caracter\u00edsticas de esta instituci\u00f3n, que est\u00e1 en v\u00edsperas de cumplir 45 a\u00f1os, destaca que el componente cultural la ha acompa\u00f1ado desde sus inicios. A lo largo del ciclo escolar se llevan a cabo festivales en cada una de las zonas, donde los estudiantes ponen en pr\u00e1ctica lo aprendido con sus maestros\u201d.<\/p>\n\n\n\n<p>De acuerdo con el jurado calificador, el primer lugar del Encuentro de Baile Moderno fue para el grupo del plantel 13 \u201cLic. Eustaquio Buelna P\u00e9rez\u201d, de la Zona Ejecutiva 02; el segundo lugar fue para el grupo del plantel 04 \u201cProf. V\u00edctor Manuel Rubio Ahumada\u201d, de la Zona Ejecutiva 01; mientras que el tercer lugar fue para el grupo del plantel 26 \u201cGral. \u00c1ngel Flores\u201d, de la Zona Ejecutiva 04.<\/p>\n\n\n\n<p>A su vez, la alumna que habl\u00f3 en representaci\u00f3n de los participantes, Wendy Yoselin Le\u00f3n Delgado, se\u00f1al\u00f3 que el baile moderno no solo es una disciplina art\u00edstica, sino tambi\u00e9n una forma de comunicar emociones, historias y sue\u00f1os sin necesidad de palabras. \u201cCada coreograf\u00eda que hoy se presenta es el resultado de horas de ensayo, esfuerzo, disciplina y, sobre todo, pasi\u00f3n\u201d.<\/p>\n\n\n\n<p>Adem\u00e1s, durante el Festival Cultural se desarroll\u00f3 un programa diverso que integr\u00f3 expresiones art\u00edsticas, culturales y recreativas, destacando la participaci\u00f3n del talento estudiantil en un ambiente de convivencia y celebraci\u00f3n que fortaleci\u00f3 la identidad y el sentido de comunidad entre las y los asistentes.<\/p>\n\n\n\n<p>En el evento estuvieron presentes el secretario del Ayuntamiento de Sinaloa, Radam\u00e9s V\u00e9liz Qui\u00f1\u00f3nez; el secretario general de la Secci\u00f3n 53 del SNTE, Ricardo Madrid Uriarte; el director de Extensi\u00f3n de la Cultura, Edson Emilio Ibarra Guti\u00e9rrez; el coordinador ejecutivo de la Zona 02, Roberto Javier Espinoza Ochoa; entre otras autoridades municipales y educativas.<\/p>\n","protected":false},"excerpt":{"rendered":"<p>Durante el Encuentro de Baile Moderno, realizado en el marco del Festival Cultural COBAES, se destac\u00f3 el papel del arte como elemento clave en la formaci\u00f3n integral del alumnado. Sinaloa municipio, Sin. \u2013 En el Festival Cultural COBAES-Sinaloa de Leyva 2026, donde se realiz\u00f3 el Encuentro Estatal de Baile Moderno, el director general del Colegio [&hellip;]<\/p>\n","protected":false},"author":4,"featured_media":132582,"comment_status":"open","ping_status":"open","sticky":false,"template":"","format":"standard","meta":{"tdm_status":"","tdm_grid_status":"","footnotes":""},"categories":[38],"tags":[],"class_list":{"0":"post-132581","1":"post","2":"type-post","3":"status-publish","4":"format-standard","5":"has-post-thumbnail","7":"category-noticias-locales"},"yoast_head":"<!-- This site is optimized with the Yoast SEO plugin v27.5 - https:\/\/yoast.com\/product\/yoast-seo-wordpress\/ -->\n<title>COBAES fortalece la formaci\u00f3n integral a trav\u00e9s del arte en el Festival Cultural Sinaloa de Leyva 2026 - Fuentes Fidedignas<\/title>\n<meta name=\"robots\" content=\"index, follow, max-snippet:-1, max-image-preview:large, max-video-preview:-1\" \/>\n<link rel=\"canonical\" href=\"https:\/\/fuentesfidedignas.com.mx\/index.php\/2026\/04\/30\/cobaes-fortalece-la-formacion-integral-a-traves-del-arte-en-el-festival-cultural-sinaloa-de-leyva-2026\/\" \/>\n<meta property=\"og:locale\" content=\"es_MX\" \/>\n<meta property=\"og:type\" content=\"article\" \/>\n<meta property=\"og:title\" content=\"COBAES fortalece la formaci\u00f3n integral a trav\u00e9s del arte en el Festival Cultural Sinaloa de Leyva 2026 - Fuentes Fidedignas\" \/>\n<meta property=\"og:description\" content=\"Durante el Encuentro de Baile Moderno, realizado en el marco del Festival Cultural COBAES, se destac\u00f3 el papel del arte como elemento clave en la formaci\u00f3n integral del alumnado. Sinaloa municipio, Sin. \u2013 En el Festival Cultural COBAES-Sinaloa de Leyva 2026, donde se realiz\u00f3 el Encuentro Estatal de Baile Moderno, el director general del Colegio [&hellip;]\" \/>\n<meta property=\"og:url\" content=\"https:\/\/fuentesfidedignas.com.mx\/index.php\/2026\/04\/30\/cobaes-fortalece-la-formacion-integral-a-traves-del-arte-en-el-festival-cultural-sinaloa-de-leyva-2026\/\" \/>\n<meta property=\"og:site_name\" content=\"Fuentes Fidedignas\" \/>\n<meta property=\"article:publisher\" content=\"https:\/\/www.facebook.com\/Fuentes-Fidedignas-368234489921644\" \/>\n<meta property=\"article:published_time\" content=\"2026-04-30T15:59:00+00:00\" \/>\n<meta property=\"article:modified_time\" content=\"2026-04-30T15:59:06+00:00\" \/>\n<meta property=\"og:image\" content=\"https:\/\/fuentesfidedignas.com.mx\/wp-content\/uploads\/2026\/04\/WhatsApp-Image-2026-04-30-at-8.24.18-AM.jpeg\" \/>\n\t<meta property=\"og:image:width\" content=\"500\" \/>\n\t<meta property=\"og:image:height\" content=\"332\" \/>\n\t<meta property=\"og:image:type\" content=\"image\/jpeg\" \/>\n<meta name=\"author\" content=\"Redacci\u00f3n\" \/>\n<meta name=\"twitter:card\" content=\"summary_large_image\" \/>\n<meta name=\"twitter:creator\" content=\"@fidedignas\" \/>\n<meta name=\"twitter:site\" content=\"@fidedignas\" \/>\n<meta name=\"twitter:label1\" content=\"Escrito por\" \/>\n\t<meta name=\"twitter:data1\" content=\"Redacci\u00f3n\" \/>\n\t<meta name=\"twitter:label2\" content=\"Tiempo de lectura\" \/>\n\t<meta name=\"twitter:data2\" content=\"3 minutos\" \/>\n<script type=\"application\/ld+json\" class=\"yoast-schema-graph\">{\"@context\":\"https:\\\/\\\/schema.org\",\"@graph\":[{\"@type\":\"Article\",\"@id\":\"https:\\\/\\\/fuentesfidedignas.com.mx\\\/index.php\\\/2026\\\/04\\\/30\\\/cobaes-fortalece-la-formacion-integral-a-traves-del-arte-en-el-festival-cultural-sinaloa-de-leyva-2026\\\/#article\",\"isPartOf\":{\"@id\":\"https:\\\/\\\/fuentesfidedignas.com.mx\\\/index.php\\\/2026\\\/04\\\/30\\\/cobaes-fortalece-la-formacion-integral-a-traves-del-arte-en-el-festival-cultural-sinaloa-de-leyva-2026\\\/\"},\"author\":{\"name\":\"Redacci\u00f3n\",\"@id\":\"https:\\\/\\\/fuentesfidedignas.com.mx\\\/#\\\/schema\\\/person\\\/331be9283d37198e2acd5750279085b0\"},\"headline\":\"COBAES fortalece la formaci\u00f3n integral a trav\u00e9s del arte en el Festival Cultural Sinaloa de Leyva 2026\",\"datePublished\":\"2026-04-30T15:59:00+00:00\",\"dateModified\":\"2026-04-30T15:59:06+00:00\",\"mainEntityOfPage\":{\"@id\":\"https:\\\/\\\/fuentesfidedignas.com.mx\\\/index.php\\\/2026\\\/04\\\/30\\\/cobaes-fortalece-la-formacion-integral-a-traves-del-arte-en-el-festival-cultural-sinaloa-de-leyva-2026\\\/\"},\"wordCount\":493,\"commentCount\":0,\"publisher\":{\"@id\":\"https:\\\/\\\/fuentesfidedignas.com.mx\\\/#organization\"},\"image\":{\"@id\":\"https:\\\/\\\/fuentesfidedignas.com.mx\\\/index.php\\\/2026\\\/04\\\/30\\\/cobaes-fortalece-la-formacion-integral-a-traves-del-arte-en-el-festival-cultural-sinaloa-de-leyva-2026\\\/#primaryimage\"},\"thumbnailUrl\":\"https:\\\/\\\/fuentesfidedignas.com.mx\\\/wp-content\\\/uploads\\\/2026\\\/04\\\/WhatsApp-Image-2026-04-30-at-8.24.18-AM.jpeg\",\"articleSection\":[\"NOTICIAS LOCALES\"],\"inLanguage\":\"es\",\"potentialAction\":[{\"@type\":\"CommentAction\",\"name\":\"Comment\",\"target\":[\"https:\\\/\\\/fuentesfidedignas.com.mx\\\/index.php\\\/2026\\\/04\\\/30\\\/cobaes-fortalece-la-formacion-integral-a-traves-del-arte-en-el-festival-cultural-sinaloa-de-leyva-2026\\\/#respond\"]}]},{\"@type\":\"WebPage\",\"@id\":\"https:\\\/\\\/fuentesfidedignas.com.mx\\\/index.php\\\/2026\\\/04\\\/30\\\/cobaes-fortalece-la-formacion-integral-a-traves-del-arte-en-el-festival-cultural-sinaloa-de-leyva-2026\\\/\",\"url\":\"https:\\\/\\\/fuentesfidedignas.com.mx\\\/index.php\\\/2026\\\/04\\\/30\\\/cobaes-fortalece-la-formacion-integral-a-traves-del-arte-en-el-festival-cultural-sinaloa-de-leyva-2026\\\/\",\"name\":\"COBAES fortalece la formaci\u00f3n integral a trav\u00e9s del arte en el Festival Cultural Sinaloa de Leyva 2026 - Fuentes Fidedignas\",\"isPartOf\":{\"@id\":\"https:\\\/\\\/fuentesfidedignas.com.mx\\\/#website\"},\"primaryImageOfPage\":{\"@id\":\"https:\\\/\\\/fuentesfidedignas.com.mx\\\/index.php\\\/2026\\\/04\\\/30\\\/cobaes-fortalece-la-formacion-integral-a-traves-del-arte-en-el-festival-cultural-sinaloa-de-leyva-2026\\\/#primaryimage\"},\"image\":{\"@id\":\"https:\\\/\\\/fuentesfidedignas.com.mx\\\/index.php\\\/2026\\\/04\\\/30\\\/cobaes-fortalece-la-formacion-integral-a-traves-del-arte-en-el-festival-cultural-sinaloa-de-leyva-2026\\\/#primaryimage\"},\"thumbnailUrl\":\"https:\\\/\\\/fuentesfidedignas.com.mx\\\/wp-content\\\/uploads\\\/2026\\\/04\\\/WhatsApp-Image-2026-04-30-at-8.24.18-AM.jpeg\",\"datePublished\":\"2026-04-30T15:59:00+00:00\",\"dateModified\":\"2026-04-30T15:59:06+00:00\",\"breadcrumb\":{\"@id\":\"https:\\\/\\\/fuentesfidedignas.com.mx\\\/index.php\\\/2026\\\/04\\\/30\\\/cobaes-fortalece-la-formacion-integral-a-traves-del-arte-en-el-festival-cultural-sinaloa-de-leyva-2026\\\/#breadcrumb\"},\"inLanguage\":\"es\",\"potentialAction\":[{\"@type\":\"ReadAction\",\"target\":[\"https:\\\/\\\/fuentesfidedignas.com.mx\\\/index.php\\\/2026\\\/04\\\/30\\\/cobaes-fortalece-la-formacion-integral-a-traves-del-arte-en-el-festival-cultural-sinaloa-de-leyva-2026\\\/\"]}]},{\"@type\":\"ImageObject\",\"inLanguage\":\"es\",\"@id\":\"https:\\\/\\\/fuentesfidedignas.com.mx\\\/index.php\\\/2026\\\/04\\\/30\\\/cobaes-fortalece-la-formacion-integral-a-traves-del-arte-en-el-festival-cultural-sinaloa-de-leyva-2026\\\/#primaryimage\",\"url\":\"https:\\\/\\\/fuentesfidedignas.com.mx\\\/wp-content\\\/uploads\\\/2026\\\/04\\\/WhatsApp-Image-2026-04-30-at-8.24.18-AM.jpeg\",\"contentUrl\":\"https:\\\/\\\/fuentesfidedignas.com.mx\\\/wp-content\\\/uploads\\\/2026\\\/04\\\/WhatsApp-Image-2026-04-30-at-8.24.18-AM.jpeg\",\"width\":500,\"height\":332},{\"@type\":\"BreadcrumbList\",\"@id\":\"https:\\\/\\\/fuentesfidedignas.com.mx\\\/index.php\\\/2026\\\/04\\\/30\\\/cobaes-fortalece-la-formacion-integral-a-traves-del-arte-en-el-festival-cultural-sinaloa-de-leyva-2026\\\/#breadcrumb\",\"itemListElement\":[{\"@type\":\"ListItem\",\"position\":1,\"name\":\"Inicio\",\"item\":\"https:\\\/\\\/fuentesfidedignas.com.mx\\\/\"},{\"@type\":\"ListItem\",\"position\":2,\"name\":\"COBAES fortalece la formaci\u00f3n integral a trav\u00e9s del arte en el Festival Cultural Sinaloa de Leyva 2026\"}]},{\"@type\":\"WebSite\",\"@id\":\"https:\\\/\\\/fuentesfidedignas.com.mx\\\/#website\",\"url\":\"https:\\\/\\\/fuentesfidedignas.com.mx\\\/\",\"name\":\"Fuentes Fidedignas\",\"description\":\"Otro sitio realizado con WordPress\",\"publisher\":{\"@id\":\"https:\\\/\\\/fuentesfidedignas.com.mx\\\/#organization\"},\"potentialAction\":[{\"@type\":\"SearchAction\",\"target\":{\"@type\":\"EntryPoint\",\"urlTemplate\":\"https:\\\/\\\/fuentesfidedignas.com.mx\\\/?s={search_term_string}\"},\"query-input\":{\"@type\":\"PropertyValueSpecification\",\"valueRequired\":true,\"valueName\":\"search_term_string\"}}],\"inLanguage\":\"es\"},{\"@type\":\"Organization\",\"@id\":\"https:\\\/\\\/fuentesfidedignas.com.mx\\\/#organization\",\"name\":\"Fuentes Fidedignas\",\"url\":\"https:\\\/\\\/fuentesfidedignas.com.mx\\\/\",\"logo\":{\"@type\":\"ImageObject\",\"inLanguage\":\"es\",\"@id\":\"https:\\\/\\\/fuentesfidedignas.com.mx\\\/#\\\/schema\\\/logo\\\/image\\\/\",\"url\":\"https:\\\/\\\/fuentesfidedignas.com.mx\\\/wp-content\\\/uploads\\\/2021\\\/04\\\/logo-retina.png\",\"contentUrl\":\"https:\\\/\\\/fuentesfidedignas.com.mx\\\/wp-content\\\/uploads\\\/2021\\\/04\\\/logo-retina.png\",\"width\":280,\"height\":51,\"caption\":\"Fuentes Fidedignas\"},\"image\":{\"@id\":\"https:\\\/\\\/fuentesfidedignas.com.mx\\\/#\\\/schema\\\/logo\\\/image\\\/\"},\"sameAs\":[\"https:\\\/\\\/www.facebook.com\\\/Fuentes-Fidedignas-368234489921644\",\"https:\\\/\\\/x.com\\\/fidedignas\"]},{\"@type\":\"Person\",\"@id\":\"https:\\\/\\\/fuentesfidedignas.com.mx\\\/#\\\/schema\\\/person\\\/331be9283d37198e2acd5750279085b0\",\"name\":\"Redacci\u00f3n\",\"image\":{\"@type\":\"ImageObject\",\"inLanguage\":\"es\",\"@id\":\"https:\\\/\\\/secure.gravatar.com\\\/avatar\\\/f6d8782c11d12b2d4ad3fbb6931aeab5309937a4d6cd2fc9cfaa28a6396a5aec?s=96&d=mm&r=g\",\"url\":\"https:\\\/\\\/secure.gravatar.com\\\/avatar\\\/f6d8782c11d12b2d4ad3fbb6931aeab5309937a4d6cd2fc9cfaa28a6396a5aec?s=96&d=mm&r=g\",\"contentUrl\":\"https:\\\/\\\/secure.gravatar.com\\\/avatar\\\/f6d8782c11d12b2d4ad3fbb6931aeab5309937a4d6cd2fc9cfaa28a6396a5aec?s=96&d=mm&r=g\",\"caption\":\"Redacci\u00f3n\"},\"url\":\"https:\\\/\\\/fuentesfidedignas.com.mx\\\/index.php\\\/author\\\/redaccion\\\/\"}]}<\/script>\n<!-- \/ Yoast SEO plugin. -->","yoast_head_json":{"title":"COBAES fortalece la formaci\u00f3n integral a trav\u00e9s del arte en el Festival Cultural Sinaloa de Leyva 2026 - Fuentes Fidedignas","robots":{"index":"index","follow":"follow","max-snippet":"max-snippet:-1","max-image-preview":"max-image-preview:large","max-video-preview":"max-video-preview:-1"},"canonical":"https:\/\/fuentesfidedignas.com.mx\/index.php\/2026\/04\/30\/cobaes-fortalece-la-formacion-integral-a-traves-del-arte-en-el-festival-cultural-sinaloa-de-leyva-2026\/","og_locale":"es_MX","og_type":"article","og_title":"COBAES fortalece la formaci\u00f3n integral a trav\u00e9s del arte en el Festival Cultural Sinaloa de Leyva 2026 - Fuentes Fidedignas","og_description":"Durante el Encuentro de Baile Moderno, realizado en el marco del Festival Cultural COBAES, se destac\u00f3 el papel del arte como elemento clave en la formaci\u00f3n integral del alumnado. Sinaloa municipio, Sin. \u2013 En el Festival Cultural COBAES-Sinaloa de Leyva 2026, donde se realiz\u00f3 el Encuentro Estatal de Baile Moderno, el director general del Colegio [&hellip;]","og_url":"https:\/\/fuentesfidedignas.com.mx\/index.php\/2026\/04\/30\/cobaes-fortalece-la-formacion-integral-a-traves-del-arte-en-el-festival-cultural-sinaloa-de-leyva-2026\/","og_site_name":"Fuentes Fidedignas","article_publisher":"https:\/\/www.facebook.com\/Fuentes-Fidedignas-368234489921644","article_published_time":"2026-04-30T15:59:00+00:00","article_modified_time":"2026-04-30T15:59:06+00:00","og_image":[{"width":500,"height":332,"url":"https:\/\/fuentesfidedignas.com.mx\/wp-content\/uploads\/2026\/04\/WhatsApp-Image-2026-04-30-at-8.24.18-AM.jpeg","type":"image\/jpeg"}],"author":"Redacci\u00f3n","twitter_card":"summary_large_image","twitter_creator":"@fidedignas","twitter_site":"@fidedignas","twitter_misc":{"Escrito por":"Redacci\u00f3n","Tiempo de lectura":"3 minutos"},"schema":{"@context":"https:\/\/schema.org","@graph":[{"@type":"Article","@id":"https:\/\/fuentesfidedignas.com.mx\/index.php\/2026\/04\/30\/cobaes-fortalece-la-formacion-integral-a-traves-del-arte-en-el-festival-cultural-sinaloa-de-leyva-2026\/#article","isPartOf":{"@id":"https:\/\/fuentesfidedignas.com.mx\/index.php\/2026\/04\/30\/cobaes-fortalece-la-formacion-integral-a-traves-del-arte-en-el-festival-cultural-sinaloa-de-leyva-2026\/"},"author":{"name":"Redacci\u00f3n","@id":"https:\/\/fuentesfidedignas.com.mx\/#\/schema\/person\/331be9283d37198e2acd5750279085b0"},"headline":"COBAES fortalece la formaci\u00f3n integral a trav\u00e9s del arte en el Festival Cultural Sinaloa de Leyva 2026","datePublished":"2026-04-30T15:59:00+00:00","dateModified":"2026-04-30T15:59:06+00:00","mainEntityOfPage":{"@id":"https:\/\/fuentesfidedignas.com.mx\/index.php\/2026\/04\/30\/cobaes-fortalece-la-formacion-integral-a-traves-del-arte-en-el-festival-cultural-sinaloa-de-leyva-2026\/"},"wordCount":493,"commentCount":0,"publisher":{"@id":"https:\/\/fuentesfidedignas.com.mx\/#organization"},"image":{"@id":"https:\/\/fuentesfidedignas.com.mx\/index.php\/2026\/04\/30\/cobaes-fortalece-la-formacion-integral-a-traves-del-arte-en-el-festival-cultural-sinaloa-de-leyva-2026\/#primaryimage"},"thumbnailUrl":"https:\/\/fuentesfidedignas.com.mx\/wp-content\/uploads\/2026\/04\/WhatsApp-Image-2026-04-30-at-8.24.18-AM.jpeg","articleSection":["NOTICIAS LOCALES"],"inLanguage":"es","potentialAction":[{"@type":"CommentAction","name":"Comment","target":["https:\/\/fuentesfidedignas.com.mx\/index.php\/2026\/04\/30\/cobaes-fortalece-la-formacion-integral-a-traves-del-arte-en-el-festival-cultural-sinaloa-de-leyva-2026\/#respond"]}]},{"@type":"WebPage","@id":"https:\/\/fuentesfidedignas.com.mx\/index.php\/2026\/04\/30\/cobaes-fortalece-la-formacion-integral-a-traves-del-arte-en-el-festival-cultural-sinaloa-de-leyva-2026\/","url":"https:\/\/fuentesfidedignas.com.mx\/index.php\/2026\/04\/30\/cobaes-fortalece-la-formacion-integral-a-traves-del-arte-en-el-festival-cultural-sinaloa-de-leyva-2026\/","name":"COBAES fortalece la formaci\u00f3n integral a trav\u00e9s del arte en el Festival Cultural Sinaloa de Leyva 2026 - Fuentes Fidedignas","isPartOf":{"@id":"https:\/\/fuentesfidedignas.com.mx\/#website"},"primaryImageOfPage":{"@id":"https:\/\/fuentesfidedignas.com.mx\/index.php\/2026\/04\/30\/cobaes-fortalece-la-formacion-integral-a-traves-del-arte-en-el-festival-cultural-sinaloa-de-leyva-2026\/#primaryimage"},"image":{"@id":"https:\/\/fuentesfidedignas.com.mx\/index.php\/2026\/04\/30\/cobaes-fortalece-la-formacion-integral-a-traves-del-arte-en-el-festival-cultural-sinaloa-de-leyva-2026\/#primaryimage"},"thumbnailUrl":"https:\/\/fuentesfidedignas.com.mx\/wp-content\/uploads\/2026\/04\/WhatsApp-Image-2026-04-30-at-8.24.18-AM.jpeg","datePublished":"2026-04-30T15:59:00+00:00","dateModified":"2026-04-30T15:59:06+00:00","breadcrumb":{"@id":"https:\/\/fuentesfidedignas.com.mx\/index.php\/2026\/04\/30\/cobaes-fortalece-la-formacion-integral-a-traves-del-arte-en-el-festival-cultural-sinaloa-de-leyva-2026\/#breadcrumb"},"inLanguage":"es","potentialAction":[{"@type":"ReadAction","target":["https:\/\/fuentesfidedignas.com.mx\/index.php\/2026\/04\/30\/cobaes-fortalece-la-formacion-integral-a-traves-del-arte-en-el-festival-cultural-sinaloa-de-leyva-2026\/"]}]},{"@type":"ImageObject","inLanguage":"es","@id":"https:\/\/fuentesfidedignas.com.mx\/index.php\/2026\/04\/30\/cobaes-fortalece-la-formacion-integral-a-traves-del-arte-en-el-festival-cultural-sinaloa-de-leyva-2026\/#primaryimage","url":"https:\/\/fuentesfidedignas.com.mx\/wp-content\/uploads\/2026\/04\/WhatsApp-Image-2026-04-30-at-8.24.18-AM.jpeg","contentUrl":"https:\/\/fuentesfidedignas.com.mx\/wp-content\/uploads\/2026\/04\/WhatsApp-Image-2026-04-30-at-8.24.18-AM.jpeg","width":500,"height":332},{"@type":"BreadcrumbList","@id":"https:\/\/fuentesfidedignas.com.mx\/index.php\/2026\/04\/30\/cobaes-fortalece-la-formacion-integral-a-traves-del-arte-en-el-festival-cultural-sinaloa-de-leyva-2026\/#breadcrumb","itemListElement":[{"@type":"ListItem","position":1,"name":"Inicio","item":"https:\/\/fuentesfidedignas.com.mx\/"},{"@type":"ListItem","position":2,"name":"COBAES fortalece la formaci\u00f3n integral a trav\u00e9s del arte en el Festival Cultural Sinaloa de Leyva 2026"}]},{"@type":"WebSite","@id":"https:\/\/fuentesfidedignas.com.mx\/#website","url":"https:\/\/fuentesfidedignas.com.mx\/","name":"Fuentes Fidedignas","description":"Otro sitio realizado con WordPress","publisher":{"@id":"https:\/\/fuentesfidedignas.com.mx\/#organization"},"potentialAction":[{"@type":"SearchAction","target":{"@type":"EntryPoint","urlTemplate":"https:\/\/fuentesfidedignas.com.mx\/?s={search_term_string}"},"query-input":{"@type":"PropertyValueSpecification","valueRequired":true,"valueName":"search_term_string"}}],"inLanguage":"es"},{"@type":"Organization","@id":"https:\/\/fuentesfidedignas.com.mx\/#organization","name":"Fuentes Fidedignas","url":"https:\/\/fuentesfidedignas.com.mx\/","logo":{"@type":"ImageObject","inLanguage":"es","@id":"https:\/\/fuentesfidedignas.com.mx\/#\/schema\/logo\/image\/","url":"https:\/\/fuentesfidedignas.com.mx\/wp-content\/uploads\/2021\/04\/logo-retina.png","contentUrl":"https:\/\/fuentesfidedignas.com.mx\/wp-content\/uploads\/2021\/04\/logo-retina.png","width":280,"height":51,"caption":"Fuentes Fidedignas"},"image":{"@id":"https:\/\/fuentesfidedignas.com.mx\/#\/schema\/logo\/image\/"},"sameAs":["https:\/\/www.facebook.com\/Fuentes-Fidedignas-368234489921644","https:\/\/x.com\/fidedignas"]},{"@type":"Person","@id":"https:\/\/fuentesfidedignas.com.mx\/#\/schema\/person\/331be9283d37198e2acd5750279085b0","name":"Redacci\u00f3n","image":{"@type":"ImageObject","inLanguage":"es","@id":"https:\/\/secure.gravatar.com\/avatar\/f6d8782c11d12b2d4ad3fbb6931aeab5309937a4d6cd2fc9cfaa28a6396a5aec?s=96&d=mm&r=g","url":"https:\/\/secure.gravatar.com\/avatar\/f6d8782c11d12b2d4ad3fbb6931aeab5309937a4d6cd2fc9cfaa28a6396a5aec?s=96&d=mm&r=g","contentUrl":"https:\/\/secure.gravatar.com\/avatar\/f6d8782c11d12b2d4ad3fbb6931aeab5309937a4d6cd2fc9cfaa28a6396a5aec?s=96&d=mm&r=g","caption":"Redacci\u00f3n"},"url":"https:\/\/fuentesfidedignas.com.mx\/index.php\/author\/redaccion\/"}]}},"_links":{"self":[{"href":"https:\/\/fuentesfidedignas.com.mx\/index.php\/wp-json\/wp\/v2\/posts\/132581","targetHints":{"allow":["GET"]}}],"collection":[{"href":"https:\/\/fuentesfidedignas.com.mx\/index.php\/wp-json\/wp\/v2\/posts"}],"about":[{"href":"https:\/\/fuentesfidedignas.com.mx\/index.php\/wp-json\/wp\/v2\/types\/post"}],"author":[{"embeddable":true,"href":"https:\/\/fuentesfidedignas.com.mx\/index.php\/wp-json\/wp\/v2\/users\/4"}],"replies":[{"embeddable":true,"href":"https:\/\/fuentesfidedignas.com.mx\/index.php\/wp-json\/wp\/v2\/comments?post=132581"}],"version-history":[{"count":1,"href":"https:\/\/fuentesfidedignas.com.mx\/index.php\/wp-json\/wp\/v2\/posts\/132581\/revisions"}],"predecessor-version":[{"id":132583,"href":"https:\/\/fuentesfidedignas.com.mx\/index.php\/wp-json\/wp\/v2\/posts\/132581\/revisions\/132583"}],"wp:featuredmedia":[{"embeddable":true,"href":"https:\/\/fuentesfidedignas.com.mx\/index.php\/wp-json\/wp\/v2\/media\/132582"}],"wp:attachment":[{"href":"https:\/\/fuentesfidedignas.com.mx\/index.php\/wp-json\/wp\/v2\/media?parent=132581"}],"wp:term":[{"taxonomy":"category","embeddable":true,"href":"https:\/\/fuentesfidedignas.com.mx\/index.php\/wp-json\/wp\/v2\/categories?post=132581"},{"taxonomy":"post_tag","embeddable":true,"href":"https:\/\/fuentesfidedignas.com.mx\/index.php\/wp-json\/wp\/v2\/tags?post=132581"}],"curies":[{"name":"wp","href":"https:\/\/api.w.org\/{rel}","templated":true}]}}