{"id":132578,"date":"2026-04-30T08:12:54","date_gmt":"2026-04-30T15:12:54","guid":{"rendered":"https:\/\/fuentesfidedignas.com.mx\/?p=132578"},"modified":"2026-04-30T08:12:59","modified_gmt":"2026-04-30T15:12:59","slug":"las-acusaciones-de-eu-carecen-de-pruebas-y-obedecen-a-un-tema-politico-claudia-sheinbaum","status":"publish","type":"post","link":"https:\/\/fuentesfidedignas.com.mx\/index.php\/2026\/04\/30\/las-acusaciones-de-eu-carecen-de-pruebas-y-obedecen-a-un-tema-politico-claudia-sheinbaum\/","title":{"rendered":"Las acusaciones de EU carecen de pruebas y obedecen a un tema pol\u00edtico: Claudia Sheinbaum"},"content":{"rendered":"\n<p><strong><em>Advirti\u00f3 que no aceptar\u00e1 intromisi\u00f3n ni injerencia de ning\u00fan gobierno extranjero en las decisiones que competen s\u00f3lo al pueblo de M\u00e9xico.<\/em><\/strong><\/p>\n\n\n\n<p>Ciudad de M\u00e9xico.- En respuesta a la solicitud de autoridades de justicia de Estados Unidos para la detenci\u00f3n con fines de extradici\u00f3n de 10 ciudadanos mexicanos, entre ellos el gobernador de Sinaloa, Rub\u00e9n Rocha Moya, la presidenta de la Rep\u00fablica, Claudia Sheinbaum Pardo fij\u00f3 la postura de su gobierno al respecto, argumentado que dicha solicitud es infundada, al carecer de pruebas, y consider\u00f3 que esta petici\u00f3n obedece a un sentido eminentemente pol\u00edtico.<\/p>\n\n\n\n<p>Durante su Conferencia Ma\u00f1anera, desde Palacio Nacional, la presidenta de M\u00e9xico dio lectura a un comunicado en el cual se determina la posici\u00f3n que fij\u00f3 el Gobierno de la Rep\u00fablica sobre este asunto, el cual fue turnado a la Fiscal\u00eda General de la Rep\u00fablica, de acuerdo con las leyes mexicanas.<\/p>\n\n\n\n<p>\u201cDesde que asum\u00ed la presidencia de M\u00e9xico jur\u00e9 hacer respetar la Constituci\u00f3n y las leyes; asimismo, asum\u00ed el firme compromiso de velar por el bienestar del pueblo y la defensa de la soberan\u00eda nacional. M\u00e9xico es un pa\u00eds grandioso, con un pueblo generoso y trabajador, M\u00e9xico establece una relaci\u00f3n de iguales con todas las naciones, nunca de subordinaci\u00f3n y menos de entreguismo\u201d, dijo de entrada.<\/p>\n\n\n\n<p>\u201cComo presidenta de la Rep\u00fablica, mi posici\u00f3n ante estos hechos es: Verdad, Justicia y Defensa de la Soberan\u00eda, es decir, si la Fiscal\u00eda General de la Rep\u00fablica, que es la autoridad competente, recibe pruebas contundentes e irrefutables conforme a la legislaci\u00f3n mexicana, o en su propia investigaci\u00f3n encuentra elementos constitutivos de un delito, deber\u00e1 proceder conforme a derecho bajo nuestra jurisdicci\u00f3n\u201d, precis\u00f3.<\/p>\n\n\n\n<p>\u201cLo he dicho siempre de forma clara y hemos actuado en consecuencia, nosotros no vamos a encubrir a nadie que haya cometido un delito; sin embargo, si no existen pruebas claras es evidente que el objetivo de estas imputaciones por parte del Departamento de Justicia es pol\u00edtico\u201d, puntualiz\u00f3.<\/p>\n\n\n\n<p>\u201cDebe quedar sumamente claro, bajo ning\u00fan motivo vamos a permitir la intromisi\u00f3n o injerencia de un gobierno extranjero en las decisiones que le competen exclusivamente al pueblo de M\u00e9xico. Verdad, Justicia y Defensa de la Soberan\u00eda, \u00e9sta es nuestra posici\u00f3n\u201d, concluy\u00f3.<\/p>\n","protected":false},"excerpt":{"rendered":"<p>Advirti\u00f3 que no aceptar\u00e1 intromisi\u00f3n ni injerencia de ning\u00fan gobierno extranjero en las decisiones que competen s\u00f3lo al pueblo de M\u00e9xico. Ciudad de M\u00e9xico.- En respuesta a la solicitud de autoridades de justicia de Estados Unidos para la detenci\u00f3n con fines de extradici\u00f3n de 10 ciudadanos mexicanos, entre ellos el gobernador de Sinaloa, Rub\u00e9n Rocha [&hellip;]<\/p>\n","protected":false},"author":4,"featured_media":132579,"comment_status":"open","ping_status":"open","sticky":false,"template":"","format":"standard","meta":{"tdm_status":"","tdm_grid_status":"","footnotes":""},"categories":[37],"tags":[],"class_list":{"0":"post-132578","1":"post","2":"type-post","3":"status-publish","4":"format-standard","5":"has-post-thumbnail","7":"category-nota-principal"},"yoast_head":"<!-- This site is optimized with the Yoast SEO plugin v27.5 - https:\/\/yoast.com\/product\/yoast-seo-wordpress\/ -->\n<title>Las acusaciones de EU carecen de pruebas y obedecen a un tema pol\u00edtico: Claudia Sheinbaum - Fuentes Fidedignas<\/title>\n<meta name=\"robots\" content=\"index, follow, max-snippet:-1, max-image-preview:large, max-video-preview:-1\" \/>\n<link rel=\"canonical\" href=\"https:\/\/fuentesfidedignas.com.mx\/index.php\/2026\/04\/30\/las-acusaciones-de-eu-carecen-de-pruebas-y-obedecen-a-un-tema-politico-claudia-sheinbaum\/\" \/>\n<meta property=\"og:locale\" content=\"es_MX\" \/>\n<meta property=\"og:type\" content=\"article\" \/>\n<meta property=\"og:title\" content=\"Las acusaciones de EU carecen de pruebas y obedecen a un tema pol\u00edtico: Claudia Sheinbaum - Fuentes Fidedignas\" \/>\n<meta property=\"og:description\" content=\"Advirti\u00f3 que no aceptar\u00e1 intromisi\u00f3n ni injerencia de ning\u00fan gobierno extranjero en las decisiones que competen s\u00f3lo al pueblo de M\u00e9xico. Ciudad de M\u00e9xico.- En respuesta a la solicitud de autoridades de justicia de Estados Unidos para la detenci\u00f3n con fines de extradici\u00f3n de 10 ciudadanos mexicanos, entre ellos el gobernador de Sinaloa, Rub\u00e9n Rocha [&hellip;]\" \/>\n<meta property=\"og:url\" content=\"https:\/\/fuentesfidedignas.com.mx\/index.php\/2026\/04\/30\/las-acusaciones-de-eu-carecen-de-pruebas-y-obedecen-a-un-tema-politico-claudia-sheinbaum\/\" \/>\n<meta property=\"og:site_name\" content=\"Fuentes Fidedignas\" \/>\n<meta property=\"article:publisher\" content=\"https:\/\/www.facebook.com\/Fuentes-Fidedignas-368234489921644\" \/>\n<meta property=\"article:published_time\" content=\"2026-04-30T15:12:54+00:00\" \/>\n<meta property=\"article:modified_time\" content=\"2026-04-30T15:12:59+00:00\" \/>\n<meta property=\"og:image\" content=\"https:\/\/fuentesfidedignas.com.mx\/wp-content\/uploads\/2026\/04\/claudia-sheinbaum.jpg\" \/>\n\t<meta property=\"og:image:width\" content=\"500\" \/>\n\t<meta property=\"og:image:height\" content=\"333\" \/>\n\t<meta property=\"og:image:type\" content=\"image\/jpeg\" \/>\n<meta name=\"author\" content=\"Redacci\u00f3n\" \/>\n<meta name=\"twitter:card\" content=\"summary_large_image\" \/>\n<meta name=\"twitter:creator\" content=\"@fidedignas\" \/>\n<meta name=\"twitter:site\" content=\"@fidedignas\" \/>\n<meta name=\"twitter:label1\" content=\"Escrito por\" \/>\n\t<meta name=\"twitter:data1\" content=\"Redacci\u00f3n\" \/>\n\t<meta name=\"twitter:label2\" content=\"Tiempo de lectura\" \/>\n\t<meta name=\"twitter:data2\" content=\"2 minutos\" \/>\n<script type=\"application\/ld+json\" class=\"yoast-schema-graph\">{\"@context\":\"https:\\\/\\\/schema.org\",\"@graph\":[{\"@type\":\"Article\",\"@id\":\"https:\\\/\\\/fuentesfidedignas.com.mx\\\/index.php\\\/2026\\\/04\\\/30\\\/las-acusaciones-de-eu-carecen-de-pruebas-y-obedecen-a-un-tema-politico-claudia-sheinbaum\\\/#article\",\"isPartOf\":{\"@id\":\"https:\\\/\\\/fuentesfidedignas.com.mx\\\/index.php\\\/2026\\\/04\\\/30\\\/las-acusaciones-de-eu-carecen-de-pruebas-y-obedecen-a-un-tema-politico-claudia-sheinbaum\\\/\"},\"author\":{\"name\":\"Redacci\u00f3n\",\"@id\":\"https:\\\/\\\/fuentesfidedignas.com.mx\\\/#\\\/schema\\\/person\\\/331be9283d37198e2acd5750279085b0\"},\"headline\":\"Las acusaciones de EU carecen de pruebas y obedecen a un tema pol\u00edtico: Claudia Sheinbaum\",\"datePublished\":\"2026-04-30T15:12:54+00:00\",\"dateModified\":\"2026-04-30T15:12:59+00:00\",\"mainEntityOfPage\":{\"@id\":\"https:\\\/\\\/fuentesfidedignas.com.mx\\\/index.php\\\/2026\\\/04\\\/30\\\/las-acusaciones-de-eu-carecen-de-pruebas-y-obedecen-a-un-tema-politico-claudia-sheinbaum\\\/\"},\"wordCount\":414,\"commentCount\":0,\"publisher\":{\"@id\":\"https:\\\/\\\/fuentesfidedignas.com.mx\\\/#organization\"},\"image\":{\"@id\":\"https:\\\/\\\/fuentesfidedignas.com.mx\\\/index.php\\\/2026\\\/04\\\/30\\\/las-acusaciones-de-eu-carecen-de-pruebas-y-obedecen-a-un-tema-politico-claudia-sheinbaum\\\/#primaryimage\"},\"thumbnailUrl\":\"https:\\\/\\\/fuentesfidedignas.com.mx\\\/wp-content\\\/uploads\\\/2026\\\/04\\\/claudia-sheinbaum.jpg\",\"articleSection\":[\"NOTA PRINCIPAL\"],\"inLanguage\":\"es\",\"potentialAction\":[{\"@type\":\"CommentAction\",\"name\":\"Comment\",\"target\":[\"https:\\\/\\\/fuentesfidedignas.com.mx\\\/index.php\\\/2026\\\/04\\\/30\\\/las-acusaciones-de-eu-carecen-de-pruebas-y-obedecen-a-un-tema-politico-claudia-sheinbaum\\\/#respond\"]}]},{\"@type\":\"WebPage\",\"@id\":\"https:\\\/\\\/fuentesfidedignas.com.mx\\\/index.php\\\/2026\\\/04\\\/30\\\/las-acusaciones-de-eu-carecen-de-pruebas-y-obedecen-a-un-tema-politico-claudia-sheinbaum\\\/\",\"url\":\"https:\\\/\\\/fuentesfidedignas.com.mx\\\/index.php\\\/2026\\\/04\\\/30\\\/las-acusaciones-de-eu-carecen-de-pruebas-y-obedecen-a-un-tema-politico-claudia-sheinbaum\\\/\",\"name\":\"Las acusaciones de EU carecen de pruebas y obedecen a un tema pol\u00edtico: Claudia Sheinbaum - Fuentes Fidedignas\",\"isPartOf\":{\"@id\":\"https:\\\/\\\/fuentesfidedignas.com.mx\\\/#website\"},\"primaryImageOfPage\":{\"@id\":\"https:\\\/\\\/fuentesfidedignas.com.mx\\\/index.php\\\/2026\\\/04\\\/30\\\/las-acusaciones-de-eu-carecen-de-pruebas-y-obedecen-a-un-tema-politico-claudia-sheinbaum\\\/#primaryimage\"},\"image\":{\"@id\":\"https:\\\/\\\/fuentesfidedignas.com.mx\\\/index.php\\\/2026\\\/04\\\/30\\\/las-acusaciones-de-eu-carecen-de-pruebas-y-obedecen-a-un-tema-politico-claudia-sheinbaum\\\/#primaryimage\"},\"thumbnailUrl\":\"https:\\\/\\\/fuentesfidedignas.com.mx\\\/wp-content\\\/uploads\\\/2026\\\/04\\\/claudia-sheinbaum.jpg\",\"datePublished\":\"2026-04-30T15:12:54+00:00\",\"dateModified\":\"2026-04-30T15:12:59+00:00\",\"breadcrumb\":{\"@id\":\"https:\\\/\\\/fuentesfidedignas.com.mx\\\/index.php\\\/2026\\\/04\\\/30\\\/las-acusaciones-de-eu-carecen-de-pruebas-y-obedecen-a-un-tema-politico-claudia-sheinbaum\\\/#breadcrumb\"},\"inLanguage\":\"es\",\"potentialAction\":[{\"@type\":\"ReadAction\",\"target\":[\"https:\\\/\\\/fuentesfidedignas.com.mx\\\/index.php\\\/2026\\\/04\\\/30\\\/las-acusaciones-de-eu-carecen-de-pruebas-y-obedecen-a-un-tema-politico-claudia-sheinbaum\\\/\"]}]},{\"@type\":\"ImageObject\",\"inLanguage\":\"es\",\"@id\":\"https:\\\/\\\/fuentesfidedignas.com.mx\\\/index.php\\\/2026\\\/04\\\/30\\\/las-acusaciones-de-eu-carecen-de-pruebas-y-obedecen-a-un-tema-politico-claudia-sheinbaum\\\/#primaryimage\",\"url\":\"https:\\\/\\\/fuentesfidedignas.com.mx\\\/wp-content\\\/uploads\\\/2026\\\/04\\\/claudia-sheinbaum.jpg\",\"contentUrl\":\"https:\\\/\\\/fuentesfidedignas.com.mx\\\/wp-content\\\/uploads\\\/2026\\\/04\\\/claudia-sheinbaum.jpg\",\"width\":500,\"height\":333},{\"@type\":\"BreadcrumbList\",\"@id\":\"https:\\\/\\\/fuentesfidedignas.com.mx\\\/index.php\\\/2026\\\/04\\\/30\\\/las-acusaciones-de-eu-carecen-de-pruebas-y-obedecen-a-un-tema-politico-claudia-sheinbaum\\\/#breadcrumb\",\"itemListElement\":[{\"@type\":\"ListItem\",\"position\":1,\"name\":\"Inicio\",\"item\":\"https:\\\/\\\/fuentesfidedignas.com.mx\\\/\"},{\"@type\":\"ListItem\",\"position\":2,\"name\":\"Las acusaciones de EU carecen de pruebas y obedecen a un tema pol\u00edtico: Claudia Sheinbaum\"}]},{\"@type\":\"WebSite\",\"@id\":\"https:\\\/\\\/fuentesfidedignas.com.mx\\\/#website\",\"url\":\"https:\\\/\\\/fuentesfidedignas.com.mx\\\/\",\"name\":\"Fuentes Fidedignas\",\"description\":\"Otro sitio realizado con WordPress\",\"publisher\":{\"@id\":\"https:\\\/\\\/fuentesfidedignas.com.mx\\\/#organization\"},\"potentialAction\":[{\"@type\":\"SearchAction\",\"target\":{\"@type\":\"EntryPoint\",\"urlTemplate\":\"https:\\\/\\\/fuentesfidedignas.com.mx\\\/?s={search_term_string}\"},\"query-input\":{\"@type\":\"PropertyValueSpecification\",\"valueRequired\":true,\"valueName\":\"search_term_string\"}}],\"inLanguage\":\"es\"},{\"@type\":\"Organization\",\"@id\":\"https:\\\/\\\/fuentesfidedignas.com.mx\\\/#organization\",\"name\":\"Fuentes Fidedignas\",\"url\":\"https:\\\/\\\/fuentesfidedignas.com.mx\\\/\",\"logo\":{\"@type\":\"ImageObject\",\"inLanguage\":\"es\",\"@id\":\"https:\\\/\\\/fuentesfidedignas.com.mx\\\/#\\\/schema\\\/logo\\\/image\\\/\",\"url\":\"https:\\\/\\\/fuentesfidedignas.com.mx\\\/wp-content\\\/uploads\\\/2021\\\/04\\\/logo-retina.png\",\"contentUrl\":\"https:\\\/\\\/fuentesfidedignas.com.mx\\\/wp-content\\\/uploads\\\/2021\\\/04\\\/logo-retina.png\",\"width\":280,\"height\":51,\"caption\":\"Fuentes Fidedignas\"},\"image\":{\"@id\":\"https:\\\/\\\/fuentesfidedignas.com.mx\\\/#\\\/schema\\\/logo\\\/image\\\/\"},\"sameAs\":[\"https:\\\/\\\/www.facebook.com\\\/Fuentes-Fidedignas-368234489921644\",\"https:\\\/\\\/x.com\\\/fidedignas\"]},{\"@type\":\"Person\",\"@id\":\"https:\\\/\\\/fuentesfidedignas.com.mx\\\/#\\\/schema\\\/person\\\/331be9283d37198e2acd5750279085b0\",\"name\":\"Redacci\u00f3n\",\"image\":{\"@type\":\"ImageObject\",\"inLanguage\":\"es\",\"@id\":\"https:\\\/\\\/secure.gravatar.com\\\/avatar\\\/f6d8782c11d12b2d4ad3fbb6931aeab5309937a4d6cd2fc9cfaa28a6396a5aec?s=96&d=mm&r=g\",\"url\":\"https:\\\/\\\/secure.gravatar.com\\\/avatar\\\/f6d8782c11d12b2d4ad3fbb6931aeab5309937a4d6cd2fc9cfaa28a6396a5aec?s=96&d=mm&r=g\",\"contentUrl\":\"https:\\\/\\\/secure.gravatar.com\\\/avatar\\\/f6d8782c11d12b2d4ad3fbb6931aeab5309937a4d6cd2fc9cfaa28a6396a5aec?s=96&d=mm&r=g\",\"caption\":\"Redacci\u00f3n\"},\"url\":\"https:\\\/\\\/fuentesfidedignas.com.mx\\\/index.php\\\/author\\\/redaccion\\\/\"}]}<\/script>\n<!-- \/ Yoast SEO plugin. -->","yoast_head_json":{"title":"Las acusaciones de EU carecen de pruebas y obedecen a un tema pol\u00edtico: Claudia Sheinbaum - Fuentes Fidedignas","robots":{"index":"index","follow":"follow","max-snippet":"max-snippet:-1","max-image-preview":"max-image-preview:large","max-video-preview":"max-video-preview:-1"},"canonical":"https:\/\/fuentesfidedignas.com.mx\/index.php\/2026\/04\/30\/las-acusaciones-de-eu-carecen-de-pruebas-y-obedecen-a-un-tema-politico-claudia-sheinbaum\/","og_locale":"es_MX","og_type":"article","og_title":"Las acusaciones de EU carecen de pruebas y obedecen a un tema pol\u00edtico: Claudia Sheinbaum - Fuentes Fidedignas","og_description":"Advirti\u00f3 que no aceptar\u00e1 intromisi\u00f3n ni injerencia de ning\u00fan gobierno extranjero en las decisiones que competen s\u00f3lo al pueblo de M\u00e9xico. Ciudad de M\u00e9xico.- En respuesta a la solicitud de autoridades de justicia de Estados Unidos para la detenci\u00f3n con fines de extradici\u00f3n de 10 ciudadanos mexicanos, entre ellos el gobernador de Sinaloa, Rub\u00e9n Rocha [&hellip;]","og_url":"https:\/\/fuentesfidedignas.com.mx\/index.php\/2026\/04\/30\/las-acusaciones-de-eu-carecen-de-pruebas-y-obedecen-a-un-tema-politico-claudia-sheinbaum\/","og_site_name":"Fuentes Fidedignas","article_publisher":"https:\/\/www.facebook.com\/Fuentes-Fidedignas-368234489921644","article_published_time":"2026-04-30T15:12:54+00:00","article_modified_time":"2026-04-30T15:12:59+00:00","og_image":[{"width":500,"height":333,"url":"https:\/\/fuentesfidedignas.com.mx\/wp-content\/uploads\/2026\/04\/claudia-sheinbaum.jpg","type":"image\/jpeg"}],"author":"Redacci\u00f3n","twitter_card":"summary_large_image","twitter_creator":"@fidedignas","twitter_site":"@fidedignas","twitter_misc":{"Escrito por":"Redacci\u00f3n","Tiempo de lectura":"2 minutos"},"schema":{"@context":"https:\/\/schema.org","@graph":[{"@type":"Article","@id":"https:\/\/fuentesfidedignas.com.mx\/index.php\/2026\/04\/30\/las-acusaciones-de-eu-carecen-de-pruebas-y-obedecen-a-un-tema-politico-claudia-sheinbaum\/#article","isPartOf":{"@id":"https:\/\/fuentesfidedignas.com.mx\/index.php\/2026\/04\/30\/las-acusaciones-de-eu-carecen-de-pruebas-y-obedecen-a-un-tema-politico-claudia-sheinbaum\/"},"author":{"name":"Redacci\u00f3n","@id":"https:\/\/fuentesfidedignas.com.mx\/#\/schema\/person\/331be9283d37198e2acd5750279085b0"},"headline":"Las acusaciones de EU carecen de pruebas y obedecen a un tema pol\u00edtico: Claudia Sheinbaum","datePublished":"2026-04-30T15:12:54+00:00","dateModified":"2026-04-30T15:12:59+00:00","mainEntityOfPage":{"@id":"https:\/\/fuentesfidedignas.com.mx\/index.php\/2026\/04\/30\/las-acusaciones-de-eu-carecen-de-pruebas-y-obedecen-a-un-tema-politico-claudia-sheinbaum\/"},"wordCount":414,"commentCount":0,"publisher":{"@id":"https:\/\/fuentesfidedignas.com.mx\/#organization"},"image":{"@id":"https:\/\/fuentesfidedignas.com.mx\/index.php\/2026\/04\/30\/las-acusaciones-de-eu-carecen-de-pruebas-y-obedecen-a-un-tema-politico-claudia-sheinbaum\/#primaryimage"},"thumbnailUrl":"https:\/\/fuentesfidedignas.com.mx\/wp-content\/uploads\/2026\/04\/claudia-sheinbaum.jpg","articleSection":["NOTA PRINCIPAL"],"inLanguage":"es","potentialAction":[{"@type":"CommentAction","name":"Comment","target":["https:\/\/fuentesfidedignas.com.mx\/index.php\/2026\/04\/30\/las-acusaciones-de-eu-carecen-de-pruebas-y-obedecen-a-un-tema-politico-claudia-sheinbaum\/#respond"]}]},{"@type":"WebPage","@id":"https:\/\/fuentesfidedignas.com.mx\/index.php\/2026\/04\/30\/las-acusaciones-de-eu-carecen-de-pruebas-y-obedecen-a-un-tema-politico-claudia-sheinbaum\/","url":"https:\/\/fuentesfidedignas.com.mx\/index.php\/2026\/04\/30\/las-acusaciones-de-eu-carecen-de-pruebas-y-obedecen-a-un-tema-politico-claudia-sheinbaum\/","name":"Las acusaciones de EU carecen de pruebas y obedecen a un tema pol\u00edtico: Claudia Sheinbaum - Fuentes Fidedignas","isPartOf":{"@id":"https:\/\/fuentesfidedignas.com.mx\/#website"},"primaryImageOfPage":{"@id":"https:\/\/fuentesfidedignas.com.mx\/index.php\/2026\/04\/30\/las-acusaciones-de-eu-carecen-de-pruebas-y-obedecen-a-un-tema-politico-claudia-sheinbaum\/#primaryimage"},"image":{"@id":"https:\/\/fuentesfidedignas.com.mx\/index.php\/2026\/04\/30\/las-acusaciones-de-eu-carecen-de-pruebas-y-obedecen-a-un-tema-politico-claudia-sheinbaum\/#primaryimage"},"thumbnailUrl":"https:\/\/fuentesfidedignas.com.mx\/wp-content\/uploads\/2026\/04\/claudia-sheinbaum.jpg","datePublished":"2026-04-30T15:12:54+00:00","dateModified":"2026-04-30T15:12:59+00:00","breadcrumb":{"@id":"https:\/\/fuentesfidedignas.com.mx\/index.php\/2026\/04\/30\/las-acusaciones-de-eu-carecen-de-pruebas-y-obedecen-a-un-tema-politico-claudia-sheinbaum\/#breadcrumb"},"inLanguage":"es","potentialAction":[{"@type":"ReadAction","target":["https:\/\/fuentesfidedignas.com.mx\/index.php\/2026\/04\/30\/las-acusaciones-de-eu-carecen-de-pruebas-y-obedecen-a-un-tema-politico-claudia-sheinbaum\/"]}]},{"@type":"ImageObject","inLanguage":"es","@id":"https:\/\/fuentesfidedignas.com.mx\/index.php\/2026\/04\/30\/las-acusaciones-de-eu-carecen-de-pruebas-y-obedecen-a-un-tema-politico-claudia-sheinbaum\/#primaryimage","url":"https:\/\/fuentesfidedignas.com.mx\/wp-content\/uploads\/2026\/04\/claudia-sheinbaum.jpg","contentUrl":"https:\/\/fuentesfidedignas.com.mx\/wp-content\/uploads\/2026\/04\/claudia-sheinbaum.jpg","width":500,"height":333},{"@type":"BreadcrumbList","@id":"https:\/\/fuentesfidedignas.com.mx\/index.php\/2026\/04\/30\/las-acusaciones-de-eu-carecen-de-pruebas-y-obedecen-a-un-tema-politico-claudia-sheinbaum\/#breadcrumb","itemListElement":[{"@type":"ListItem","position":1,"name":"Inicio","item":"https:\/\/fuentesfidedignas.com.mx\/"},{"@type":"ListItem","position":2,"name":"Las acusaciones de EU carecen de pruebas y obedecen a un tema pol\u00edtico: Claudia Sheinbaum"}]},{"@type":"WebSite","@id":"https:\/\/fuentesfidedignas.com.mx\/#website","url":"https:\/\/fuentesfidedignas.com.mx\/","name":"Fuentes Fidedignas","description":"Otro sitio realizado con WordPress","publisher":{"@id":"https:\/\/fuentesfidedignas.com.mx\/#organization"},"potentialAction":[{"@type":"SearchAction","target":{"@type":"EntryPoint","urlTemplate":"https:\/\/fuentesfidedignas.com.mx\/?s={search_term_string}"},"query-input":{"@type":"PropertyValueSpecification","valueRequired":true,"valueName":"search_term_string"}}],"inLanguage":"es"},{"@type":"Organization","@id":"https:\/\/fuentesfidedignas.com.mx\/#organization","name":"Fuentes Fidedignas","url":"https:\/\/fuentesfidedignas.com.mx\/","logo":{"@type":"ImageObject","inLanguage":"es","@id":"https:\/\/fuentesfidedignas.com.mx\/#\/schema\/logo\/image\/","url":"https:\/\/fuentesfidedignas.com.mx\/wp-content\/uploads\/2021\/04\/logo-retina.png","contentUrl":"https:\/\/fuentesfidedignas.com.mx\/wp-content\/uploads\/2021\/04\/logo-retina.png","width":280,"height":51,"caption":"Fuentes Fidedignas"},"image":{"@id":"https:\/\/fuentesfidedignas.com.mx\/#\/schema\/logo\/image\/"},"sameAs":["https:\/\/www.facebook.com\/Fuentes-Fidedignas-368234489921644","https:\/\/x.com\/fidedignas"]},{"@type":"Person","@id":"https:\/\/fuentesfidedignas.com.mx\/#\/schema\/person\/331be9283d37198e2acd5750279085b0","name":"Redacci\u00f3n","image":{"@type":"ImageObject","inLanguage":"es","@id":"https:\/\/secure.gravatar.com\/avatar\/f6d8782c11d12b2d4ad3fbb6931aeab5309937a4d6cd2fc9cfaa28a6396a5aec?s=96&d=mm&r=g","url":"https:\/\/secure.gravatar.com\/avatar\/f6d8782c11d12b2d4ad3fbb6931aeab5309937a4d6cd2fc9cfaa28a6396a5aec?s=96&d=mm&r=g","contentUrl":"https:\/\/secure.gravatar.com\/avatar\/f6d8782c11d12b2d4ad3fbb6931aeab5309937a4d6cd2fc9cfaa28a6396a5aec?s=96&d=mm&r=g","caption":"Redacci\u00f3n"},"url":"https:\/\/fuentesfidedignas.com.mx\/index.php\/author\/redaccion\/"}]}},"_links":{"self":[{"href":"https:\/\/fuentesfidedignas.com.mx\/index.php\/wp-json\/wp\/v2\/posts\/132578","targetHints":{"allow":["GET"]}}],"collection":[{"href":"https:\/\/fuentesfidedignas.com.mx\/index.php\/wp-json\/wp\/v2\/posts"}],"about":[{"href":"https:\/\/fuentesfidedignas.com.mx\/index.php\/wp-json\/wp\/v2\/types\/post"}],"author":[{"embeddable":true,"href":"https:\/\/fuentesfidedignas.com.mx\/index.php\/wp-json\/wp\/v2\/users\/4"}],"replies":[{"embeddable":true,"href":"https:\/\/fuentesfidedignas.com.mx\/index.php\/wp-json\/wp\/v2\/comments?post=132578"}],"version-history":[{"count":1,"href":"https:\/\/fuentesfidedignas.com.mx\/index.php\/wp-json\/wp\/v2\/posts\/132578\/revisions"}],"predecessor-version":[{"id":132580,"href":"https:\/\/fuentesfidedignas.com.mx\/index.php\/wp-json\/wp\/v2\/posts\/132578\/revisions\/132580"}],"wp:featuredmedia":[{"embeddable":true,"href":"https:\/\/fuentesfidedignas.com.mx\/index.php\/wp-json\/wp\/v2\/media\/132579"}],"wp:attachment":[{"href":"https:\/\/fuentesfidedignas.com.mx\/index.php\/wp-json\/wp\/v2\/media?parent=132578"}],"wp:term":[{"taxonomy":"category","embeddable":true,"href":"https:\/\/fuentesfidedignas.com.mx\/index.php\/wp-json\/wp\/v2\/categories?post=132578"},{"taxonomy":"post_tag","embeddable":true,"href":"https:\/\/fuentesfidedignas.com.mx\/index.php\/wp-json\/wp\/v2\/tags?post=132578"}],"curies":[{"name":"wp","href":"https:\/\/api.w.org\/{rel}","templated":true}]}}