{"id":132570,"date":"2026-04-30T06:58:29","date_gmt":"2026-04-30T13:58:29","guid":{"rendered":"https:\/\/fuentesfidedignas.com.mx\/?p=132570"},"modified":"2026-04-30T06:58:36","modified_gmt":"2026-04-30T13:58:36","slug":"en-culiacan-detienen-a-una-persona-y-le-aseguran-17-armas-aditamentos-lanzagranadas-vehiculos-y-equipo-tactico","status":"publish","type":"post","link":"https:\/\/fuentesfidedignas.com.mx\/index.php\/2026\/04\/30\/en-culiacan-detienen-a-una-persona-y-le-aseguran-17-armas-aditamentos-lanzagranadas-vehiculos-y-equipo-tactico\/","title":{"rendered":"En Culiac\u00e1n, detienen a una persona y le aseguran 17 armas, aditamentos lanzagranadas, veh\u00edculos y equipo t\u00e1ctico"},"content":{"rendered":"\n<p><strong><em>El detenido, las unidades y los objetos del delito fueron puestos a disposici\u00f3n del Ministerio P\u00fablico de la Fiscal\u00eda General de la Rep\u00fablica para que se realicen las diligencias correspondientes.<\/em><\/strong><\/p>\n\n\n\n<p>Al realizar tareas de seguridad en la zona rural de la capital del estado, personal militar y polic\u00edas estatales detectaron un grupo de veh\u00edculos que se desplazaban por distintos poblados de la sindicatura de Sanalona. Se procedi\u00f3 a dar seguimiento en las comunidades de Carboneras, El Espinal, Palo Verde y Los Frailes; para ello, se solicit\u00f3 apoyo a\u00e9reo, sum\u00e1ndose personal de la Fuerza A\u00e9rea Mexicana, logrando dar alcance a las unidades en las inmediaciones de las localidades de Palo Verde y Los Frailes.<\/p>\n\n\n\n<p>En el sitio se obtuvo el siguiente resultado:<\/p>\n\n\n\n<p>\u20221 civil detenido<br>\u202211 armas largas de diversos calibres<br>\u20221 fusil Barrett calibre .50<\/p>\n\n\n\n<ul class=\"wp-block-list\">\n<li>1 ametralladora FN Minimi calibre 5.56 x 45 mm<br>\u20224 armas cortas<br>\u20223 aditamentos lanzagranadas<\/li>\n\n\n\n<li>1 cargador para Barrett cal. .50<br>\u202218 cargadores para arma larga<br>\u20224 cargadores de arma corta<\/li>\n\n\n\n<li>2 cargadores de disco met\u00e1licos calibre 7.62 x 39 mm<\/li>\n\n\n\n<li>330 cartuchos 5.56 x 45 mm<\/li>\n\n\n\n<li>46 cartuchos 7.62 x 39 mm<br>\u202210 cartuchos cal. .50<br>Total: 386 cartuchos<br>\u20225 chalecos t\u00e1cticos<br>\u20225 veh\u00edculos (uno de ellos qued\u00f3 inhabilitado tras localizarse en llamas y dos con reporte de robo)<\/li>\n<\/ul>\n\n\n\n<p>Ante estos hechos, el detenido, las unidades y los objetos del delito fueron puestos a disposici\u00f3n del Ministerio P\u00fablico de la Fiscal\u00eda General de la Rep\u00fablica para que se realicen las diligencias correspondientes.<\/p>\n","protected":false},"excerpt":{"rendered":"<p>El detenido, las unidades y los objetos del delito fueron puestos a disposici\u00f3n del Ministerio P\u00fablico de la Fiscal\u00eda General de la Rep\u00fablica para que se realicen las diligencias correspondientes. Al realizar tareas de seguridad en la zona rural de la capital del estado, personal militar y polic\u00edas estatales detectaron un grupo de veh\u00edculos que [&hellip;]<\/p>\n","protected":false},"author":4,"featured_media":132571,"comment_status":"open","ping_status":"open","sticky":false,"template":"","format":"standard","meta":{"tdm_status":"","tdm_grid_status":"","footnotes":""},"categories":[37],"tags":[],"class_list":{"0":"post-132570","1":"post","2":"type-post","3":"status-publish","4":"format-standard","5":"has-post-thumbnail","7":"category-nota-principal"},"yoast_head":"<!-- This site is optimized with the Yoast SEO plugin v27.5 - https:\/\/yoast.com\/product\/yoast-seo-wordpress\/ -->\n<title>En Culiac\u00e1n, detienen a una persona y le aseguran 17 armas, aditamentos lanzagranadas, veh\u00edculos y equipo t\u00e1ctico - Fuentes Fidedignas<\/title>\n<meta name=\"robots\" content=\"index, follow, max-snippet:-1, max-image-preview:large, max-video-preview:-1\" \/>\n<link rel=\"canonical\" href=\"https:\/\/fuentesfidedignas.com.mx\/index.php\/2026\/04\/30\/en-culiacan-detienen-a-una-persona-y-le-aseguran-17-armas-aditamentos-lanzagranadas-vehiculos-y-equipo-tactico\/\" \/>\n<meta property=\"og:locale\" content=\"es_MX\" \/>\n<meta property=\"og:type\" content=\"article\" \/>\n<meta property=\"og:title\" content=\"En Culiac\u00e1n, detienen a una persona y le aseguran 17 armas, aditamentos lanzagranadas, veh\u00edculos y equipo t\u00e1ctico - Fuentes Fidedignas\" \/>\n<meta property=\"og:description\" content=\"El detenido, las unidades y los objetos del delito fueron puestos a disposici\u00f3n del Ministerio P\u00fablico de la Fiscal\u00eda General de la Rep\u00fablica para que se realicen las diligencias correspondientes. Al realizar tareas de seguridad en la zona rural de la capital del estado, personal militar y polic\u00edas estatales detectaron un grupo de veh\u00edculos que [&hellip;]\" \/>\n<meta property=\"og:url\" content=\"https:\/\/fuentesfidedignas.com.mx\/index.php\/2026\/04\/30\/en-culiacan-detienen-a-una-persona-y-le-aseguran-17-armas-aditamentos-lanzagranadas-vehiculos-y-equipo-tactico\/\" \/>\n<meta property=\"og:site_name\" content=\"Fuentes Fidedignas\" \/>\n<meta property=\"article:publisher\" content=\"https:\/\/www.facebook.com\/Fuentes-Fidedignas-368234489921644\" \/>\n<meta property=\"article:published_time\" content=\"2026-04-30T13:58:29+00:00\" \/>\n<meta property=\"article:modified_time\" content=\"2026-04-30T13:58:36+00:00\" \/>\n<meta property=\"og:image\" content=\"https:\/\/fuentesfidedignas.com.mx\/wp-content\/uploads\/2026\/04\/detenido_armas.jpg\" \/>\n\t<meta property=\"og:image:width\" content=\"500\" \/>\n\t<meta property=\"og:image:height\" content=\"290\" \/>\n\t<meta property=\"og:image:type\" content=\"image\/jpeg\" \/>\n<meta name=\"author\" content=\"Redacci\u00f3n\" \/>\n<meta name=\"twitter:card\" content=\"summary_large_image\" \/>\n<meta name=\"twitter:creator\" content=\"@fidedignas\" \/>\n<meta name=\"twitter:site\" content=\"@fidedignas\" \/>\n<meta name=\"twitter:label1\" content=\"Escrito por\" \/>\n\t<meta name=\"twitter:data1\" content=\"Redacci\u00f3n\" \/>\n\t<meta name=\"twitter:label2\" content=\"Tiempo de lectura\" \/>\n\t<meta name=\"twitter:data2\" content=\"2 minutos\" \/>\n<script type=\"application\/ld+json\" class=\"yoast-schema-graph\">{\"@context\":\"https:\\\/\\\/schema.org\",\"@graph\":[{\"@type\":\"Article\",\"@id\":\"https:\\\/\\\/fuentesfidedignas.com.mx\\\/index.php\\\/2026\\\/04\\\/30\\\/en-culiacan-detienen-a-una-persona-y-le-aseguran-17-armas-aditamentos-lanzagranadas-vehiculos-y-equipo-tactico\\\/#article\",\"isPartOf\":{\"@id\":\"https:\\\/\\\/fuentesfidedignas.com.mx\\\/index.php\\\/2026\\\/04\\\/30\\\/en-culiacan-detienen-a-una-persona-y-le-aseguran-17-armas-aditamentos-lanzagranadas-vehiculos-y-equipo-tactico\\\/\"},\"author\":{\"name\":\"Redacci\u00f3n\",\"@id\":\"https:\\\/\\\/fuentesfidedignas.com.mx\\\/#\\\/schema\\\/person\\\/331be9283d37198e2acd5750279085b0\"},\"headline\":\"En Culiac\u00e1n, detienen a una persona y le aseguran 17 armas, aditamentos lanzagranadas, veh\u00edculos y equipo t\u00e1ctico\",\"datePublished\":\"2026-04-30T13:58:29+00:00\",\"dateModified\":\"2026-04-30T13:58:36+00:00\",\"mainEntityOfPage\":{\"@id\":\"https:\\\/\\\/fuentesfidedignas.com.mx\\\/index.php\\\/2026\\\/04\\\/30\\\/en-culiacan-detienen-a-una-persona-y-le-aseguran-17-armas-aditamentos-lanzagranadas-vehiculos-y-equipo-tactico\\\/\"},\"wordCount\":256,\"commentCount\":0,\"publisher\":{\"@id\":\"https:\\\/\\\/fuentesfidedignas.com.mx\\\/#organization\"},\"image\":{\"@id\":\"https:\\\/\\\/fuentesfidedignas.com.mx\\\/index.php\\\/2026\\\/04\\\/30\\\/en-culiacan-detienen-a-una-persona-y-le-aseguran-17-armas-aditamentos-lanzagranadas-vehiculos-y-equipo-tactico\\\/#primaryimage\"},\"thumbnailUrl\":\"https:\\\/\\\/fuentesfidedignas.com.mx\\\/wp-content\\\/uploads\\\/2026\\\/04\\\/detenido_armas.jpg\",\"articleSection\":[\"NOTA PRINCIPAL\"],\"inLanguage\":\"es\",\"potentialAction\":[{\"@type\":\"CommentAction\",\"name\":\"Comment\",\"target\":[\"https:\\\/\\\/fuentesfidedignas.com.mx\\\/index.php\\\/2026\\\/04\\\/30\\\/en-culiacan-detienen-a-una-persona-y-le-aseguran-17-armas-aditamentos-lanzagranadas-vehiculos-y-equipo-tactico\\\/#respond\"]}]},{\"@type\":\"WebPage\",\"@id\":\"https:\\\/\\\/fuentesfidedignas.com.mx\\\/index.php\\\/2026\\\/04\\\/30\\\/en-culiacan-detienen-a-una-persona-y-le-aseguran-17-armas-aditamentos-lanzagranadas-vehiculos-y-equipo-tactico\\\/\",\"url\":\"https:\\\/\\\/fuentesfidedignas.com.mx\\\/index.php\\\/2026\\\/04\\\/30\\\/en-culiacan-detienen-a-una-persona-y-le-aseguran-17-armas-aditamentos-lanzagranadas-vehiculos-y-equipo-tactico\\\/\",\"name\":\"En Culiac\u00e1n, detienen a una persona y le aseguran 17 armas, aditamentos lanzagranadas, veh\u00edculos y equipo t\u00e1ctico - Fuentes Fidedignas\",\"isPartOf\":{\"@id\":\"https:\\\/\\\/fuentesfidedignas.com.mx\\\/#website\"},\"primaryImageOfPage\":{\"@id\":\"https:\\\/\\\/fuentesfidedignas.com.mx\\\/index.php\\\/2026\\\/04\\\/30\\\/en-culiacan-detienen-a-una-persona-y-le-aseguran-17-armas-aditamentos-lanzagranadas-vehiculos-y-equipo-tactico\\\/#primaryimage\"},\"image\":{\"@id\":\"https:\\\/\\\/fuentesfidedignas.com.mx\\\/index.php\\\/2026\\\/04\\\/30\\\/en-culiacan-detienen-a-una-persona-y-le-aseguran-17-armas-aditamentos-lanzagranadas-vehiculos-y-equipo-tactico\\\/#primaryimage\"},\"thumbnailUrl\":\"https:\\\/\\\/fuentesfidedignas.com.mx\\\/wp-content\\\/uploads\\\/2026\\\/04\\\/detenido_armas.jpg\",\"datePublished\":\"2026-04-30T13:58:29+00:00\",\"dateModified\":\"2026-04-30T13:58:36+00:00\",\"breadcrumb\":{\"@id\":\"https:\\\/\\\/fuentesfidedignas.com.mx\\\/index.php\\\/2026\\\/04\\\/30\\\/en-culiacan-detienen-a-una-persona-y-le-aseguran-17-armas-aditamentos-lanzagranadas-vehiculos-y-equipo-tactico\\\/#breadcrumb\"},\"inLanguage\":\"es\",\"potentialAction\":[{\"@type\":\"ReadAction\",\"target\":[\"https:\\\/\\\/fuentesfidedignas.com.mx\\\/index.php\\\/2026\\\/04\\\/30\\\/en-culiacan-detienen-a-una-persona-y-le-aseguran-17-armas-aditamentos-lanzagranadas-vehiculos-y-equipo-tactico\\\/\"]}]},{\"@type\":\"ImageObject\",\"inLanguage\":\"es\",\"@id\":\"https:\\\/\\\/fuentesfidedignas.com.mx\\\/index.php\\\/2026\\\/04\\\/30\\\/en-culiacan-detienen-a-una-persona-y-le-aseguran-17-armas-aditamentos-lanzagranadas-vehiculos-y-equipo-tactico\\\/#primaryimage\",\"url\":\"https:\\\/\\\/fuentesfidedignas.com.mx\\\/wp-content\\\/uploads\\\/2026\\\/04\\\/detenido_armas.jpg\",\"contentUrl\":\"https:\\\/\\\/fuentesfidedignas.com.mx\\\/wp-content\\\/uploads\\\/2026\\\/04\\\/detenido_armas.jpg\",\"width\":500,\"height\":290},{\"@type\":\"BreadcrumbList\",\"@id\":\"https:\\\/\\\/fuentesfidedignas.com.mx\\\/index.php\\\/2026\\\/04\\\/30\\\/en-culiacan-detienen-a-una-persona-y-le-aseguran-17-armas-aditamentos-lanzagranadas-vehiculos-y-equipo-tactico\\\/#breadcrumb\",\"itemListElement\":[{\"@type\":\"ListItem\",\"position\":1,\"name\":\"Inicio\",\"item\":\"https:\\\/\\\/fuentesfidedignas.com.mx\\\/\"},{\"@type\":\"ListItem\",\"position\":2,\"name\":\"En Culiac\u00e1n, detienen a una persona y le aseguran 17 armas, aditamentos lanzagranadas, veh\u00edculos y equipo t\u00e1ctico\"}]},{\"@type\":\"WebSite\",\"@id\":\"https:\\\/\\\/fuentesfidedignas.com.mx\\\/#website\",\"url\":\"https:\\\/\\\/fuentesfidedignas.com.mx\\\/\",\"name\":\"Fuentes Fidedignas\",\"description\":\"Otro sitio realizado con WordPress\",\"publisher\":{\"@id\":\"https:\\\/\\\/fuentesfidedignas.com.mx\\\/#organization\"},\"potentialAction\":[{\"@type\":\"SearchAction\",\"target\":{\"@type\":\"EntryPoint\",\"urlTemplate\":\"https:\\\/\\\/fuentesfidedignas.com.mx\\\/?s={search_term_string}\"},\"query-input\":{\"@type\":\"PropertyValueSpecification\",\"valueRequired\":true,\"valueName\":\"search_term_string\"}}],\"inLanguage\":\"es\"},{\"@type\":\"Organization\",\"@id\":\"https:\\\/\\\/fuentesfidedignas.com.mx\\\/#organization\",\"name\":\"Fuentes Fidedignas\",\"url\":\"https:\\\/\\\/fuentesfidedignas.com.mx\\\/\",\"logo\":{\"@type\":\"ImageObject\",\"inLanguage\":\"es\",\"@id\":\"https:\\\/\\\/fuentesfidedignas.com.mx\\\/#\\\/schema\\\/logo\\\/image\\\/\",\"url\":\"https:\\\/\\\/fuentesfidedignas.com.mx\\\/wp-content\\\/uploads\\\/2021\\\/04\\\/logo-retina.png\",\"contentUrl\":\"https:\\\/\\\/fuentesfidedignas.com.mx\\\/wp-content\\\/uploads\\\/2021\\\/04\\\/logo-retina.png\",\"width\":280,\"height\":51,\"caption\":\"Fuentes Fidedignas\"},\"image\":{\"@id\":\"https:\\\/\\\/fuentesfidedignas.com.mx\\\/#\\\/schema\\\/logo\\\/image\\\/\"},\"sameAs\":[\"https:\\\/\\\/www.facebook.com\\\/Fuentes-Fidedignas-368234489921644\",\"https:\\\/\\\/x.com\\\/fidedignas\"]},{\"@type\":\"Person\",\"@id\":\"https:\\\/\\\/fuentesfidedignas.com.mx\\\/#\\\/schema\\\/person\\\/331be9283d37198e2acd5750279085b0\",\"name\":\"Redacci\u00f3n\",\"image\":{\"@type\":\"ImageObject\",\"inLanguage\":\"es\",\"@id\":\"https:\\\/\\\/secure.gravatar.com\\\/avatar\\\/f6d8782c11d12b2d4ad3fbb6931aeab5309937a4d6cd2fc9cfaa28a6396a5aec?s=96&d=mm&r=g\",\"url\":\"https:\\\/\\\/secure.gravatar.com\\\/avatar\\\/f6d8782c11d12b2d4ad3fbb6931aeab5309937a4d6cd2fc9cfaa28a6396a5aec?s=96&d=mm&r=g\",\"contentUrl\":\"https:\\\/\\\/secure.gravatar.com\\\/avatar\\\/f6d8782c11d12b2d4ad3fbb6931aeab5309937a4d6cd2fc9cfaa28a6396a5aec?s=96&d=mm&r=g\",\"caption\":\"Redacci\u00f3n\"},\"url\":\"https:\\\/\\\/fuentesfidedignas.com.mx\\\/index.php\\\/author\\\/redaccion\\\/\"}]}<\/script>\n<!-- \/ Yoast SEO plugin. -->","yoast_head_json":{"title":"En Culiac\u00e1n, detienen a una persona y le aseguran 17 armas, aditamentos lanzagranadas, veh\u00edculos y equipo t\u00e1ctico - Fuentes Fidedignas","robots":{"index":"index","follow":"follow","max-snippet":"max-snippet:-1","max-image-preview":"max-image-preview:large","max-video-preview":"max-video-preview:-1"},"canonical":"https:\/\/fuentesfidedignas.com.mx\/index.php\/2026\/04\/30\/en-culiacan-detienen-a-una-persona-y-le-aseguran-17-armas-aditamentos-lanzagranadas-vehiculos-y-equipo-tactico\/","og_locale":"es_MX","og_type":"article","og_title":"En Culiac\u00e1n, detienen a una persona y le aseguran 17 armas, aditamentos lanzagranadas, veh\u00edculos y equipo t\u00e1ctico - Fuentes Fidedignas","og_description":"El detenido, las unidades y los objetos del delito fueron puestos a disposici\u00f3n del Ministerio P\u00fablico de la Fiscal\u00eda General de la Rep\u00fablica para que se realicen las diligencias correspondientes. Al realizar tareas de seguridad en la zona rural de la capital del estado, personal militar y polic\u00edas estatales detectaron un grupo de veh\u00edculos que [&hellip;]","og_url":"https:\/\/fuentesfidedignas.com.mx\/index.php\/2026\/04\/30\/en-culiacan-detienen-a-una-persona-y-le-aseguran-17-armas-aditamentos-lanzagranadas-vehiculos-y-equipo-tactico\/","og_site_name":"Fuentes Fidedignas","article_publisher":"https:\/\/www.facebook.com\/Fuentes-Fidedignas-368234489921644","article_published_time":"2026-04-30T13:58:29+00:00","article_modified_time":"2026-04-30T13:58:36+00:00","og_image":[{"width":500,"height":290,"url":"https:\/\/fuentesfidedignas.com.mx\/wp-content\/uploads\/2026\/04\/detenido_armas.jpg","type":"image\/jpeg"}],"author":"Redacci\u00f3n","twitter_card":"summary_large_image","twitter_creator":"@fidedignas","twitter_site":"@fidedignas","twitter_misc":{"Escrito por":"Redacci\u00f3n","Tiempo de lectura":"2 minutos"},"schema":{"@context":"https:\/\/schema.org","@graph":[{"@type":"Article","@id":"https:\/\/fuentesfidedignas.com.mx\/index.php\/2026\/04\/30\/en-culiacan-detienen-a-una-persona-y-le-aseguran-17-armas-aditamentos-lanzagranadas-vehiculos-y-equipo-tactico\/#article","isPartOf":{"@id":"https:\/\/fuentesfidedignas.com.mx\/index.php\/2026\/04\/30\/en-culiacan-detienen-a-una-persona-y-le-aseguran-17-armas-aditamentos-lanzagranadas-vehiculos-y-equipo-tactico\/"},"author":{"name":"Redacci\u00f3n","@id":"https:\/\/fuentesfidedignas.com.mx\/#\/schema\/person\/331be9283d37198e2acd5750279085b0"},"headline":"En Culiac\u00e1n, detienen a una persona y le aseguran 17 armas, aditamentos lanzagranadas, veh\u00edculos y equipo t\u00e1ctico","datePublished":"2026-04-30T13:58:29+00:00","dateModified":"2026-04-30T13:58:36+00:00","mainEntityOfPage":{"@id":"https:\/\/fuentesfidedignas.com.mx\/index.php\/2026\/04\/30\/en-culiacan-detienen-a-una-persona-y-le-aseguran-17-armas-aditamentos-lanzagranadas-vehiculos-y-equipo-tactico\/"},"wordCount":256,"commentCount":0,"publisher":{"@id":"https:\/\/fuentesfidedignas.com.mx\/#organization"},"image":{"@id":"https:\/\/fuentesfidedignas.com.mx\/index.php\/2026\/04\/30\/en-culiacan-detienen-a-una-persona-y-le-aseguran-17-armas-aditamentos-lanzagranadas-vehiculos-y-equipo-tactico\/#primaryimage"},"thumbnailUrl":"https:\/\/fuentesfidedignas.com.mx\/wp-content\/uploads\/2026\/04\/detenido_armas.jpg","articleSection":["NOTA PRINCIPAL"],"inLanguage":"es","potentialAction":[{"@type":"CommentAction","name":"Comment","target":["https:\/\/fuentesfidedignas.com.mx\/index.php\/2026\/04\/30\/en-culiacan-detienen-a-una-persona-y-le-aseguran-17-armas-aditamentos-lanzagranadas-vehiculos-y-equipo-tactico\/#respond"]}]},{"@type":"WebPage","@id":"https:\/\/fuentesfidedignas.com.mx\/index.php\/2026\/04\/30\/en-culiacan-detienen-a-una-persona-y-le-aseguran-17-armas-aditamentos-lanzagranadas-vehiculos-y-equipo-tactico\/","url":"https:\/\/fuentesfidedignas.com.mx\/index.php\/2026\/04\/30\/en-culiacan-detienen-a-una-persona-y-le-aseguran-17-armas-aditamentos-lanzagranadas-vehiculos-y-equipo-tactico\/","name":"En Culiac\u00e1n, detienen a una persona y le aseguran 17 armas, aditamentos lanzagranadas, veh\u00edculos y equipo t\u00e1ctico - Fuentes Fidedignas","isPartOf":{"@id":"https:\/\/fuentesfidedignas.com.mx\/#website"},"primaryImageOfPage":{"@id":"https:\/\/fuentesfidedignas.com.mx\/index.php\/2026\/04\/30\/en-culiacan-detienen-a-una-persona-y-le-aseguran-17-armas-aditamentos-lanzagranadas-vehiculos-y-equipo-tactico\/#primaryimage"},"image":{"@id":"https:\/\/fuentesfidedignas.com.mx\/index.php\/2026\/04\/30\/en-culiacan-detienen-a-una-persona-y-le-aseguran-17-armas-aditamentos-lanzagranadas-vehiculos-y-equipo-tactico\/#primaryimage"},"thumbnailUrl":"https:\/\/fuentesfidedignas.com.mx\/wp-content\/uploads\/2026\/04\/detenido_armas.jpg","datePublished":"2026-04-30T13:58:29+00:00","dateModified":"2026-04-30T13:58:36+00:00","breadcrumb":{"@id":"https:\/\/fuentesfidedignas.com.mx\/index.php\/2026\/04\/30\/en-culiacan-detienen-a-una-persona-y-le-aseguran-17-armas-aditamentos-lanzagranadas-vehiculos-y-equipo-tactico\/#breadcrumb"},"inLanguage":"es","potentialAction":[{"@type":"ReadAction","target":["https:\/\/fuentesfidedignas.com.mx\/index.php\/2026\/04\/30\/en-culiacan-detienen-a-una-persona-y-le-aseguran-17-armas-aditamentos-lanzagranadas-vehiculos-y-equipo-tactico\/"]}]},{"@type":"ImageObject","inLanguage":"es","@id":"https:\/\/fuentesfidedignas.com.mx\/index.php\/2026\/04\/30\/en-culiacan-detienen-a-una-persona-y-le-aseguran-17-armas-aditamentos-lanzagranadas-vehiculos-y-equipo-tactico\/#primaryimage","url":"https:\/\/fuentesfidedignas.com.mx\/wp-content\/uploads\/2026\/04\/detenido_armas.jpg","contentUrl":"https:\/\/fuentesfidedignas.com.mx\/wp-content\/uploads\/2026\/04\/detenido_armas.jpg","width":500,"height":290},{"@type":"BreadcrumbList","@id":"https:\/\/fuentesfidedignas.com.mx\/index.php\/2026\/04\/30\/en-culiacan-detienen-a-una-persona-y-le-aseguran-17-armas-aditamentos-lanzagranadas-vehiculos-y-equipo-tactico\/#breadcrumb","itemListElement":[{"@type":"ListItem","position":1,"name":"Inicio","item":"https:\/\/fuentesfidedignas.com.mx\/"},{"@type":"ListItem","position":2,"name":"En Culiac\u00e1n, detienen a una persona y le aseguran 17 armas, aditamentos lanzagranadas, veh\u00edculos y equipo t\u00e1ctico"}]},{"@type":"WebSite","@id":"https:\/\/fuentesfidedignas.com.mx\/#website","url":"https:\/\/fuentesfidedignas.com.mx\/","name":"Fuentes Fidedignas","description":"Otro sitio realizado con WordPress","publisher":{"@id":"https:\/\/fuentesfidedignas.com.mx\/#organization"},"potentialAction":[{"@type":"SearchAction","target":{"@type":"EntryPoint","urlTemplate":"https:\/\/fuentesfidedignas.com.mx\/?s={search_term_string}"},"query-input":{"@type":"PropertyValueSpecification","valueRequired":true,"valueName":"search_term_string"}}],"inLanguage":"es"},{"@type":"Organization","@id":"https:\/\/fuentesfidedignas.com.mx\/#organization","name":"Fuentes Fidedignas","url":"https:\/\/fuentesfidedignas.com.mx\/","logo":{"@type":"ImageObject","inLanguage":"es","@id":"https:\/\/fuentesfidedignas.com.mx\/#\/schema\/logo\/image\/","url":"https:\/\/fuentesfidedignas.com.mx\/wp-content\/uploads\/2021\/04\/logo-retina.png","contentUrl":"https:\/\/fuentesfidedignas.com.mx\/wp-content\/uploads\/2021\/04\/logo-retina.png","width":280,"height":51,"caption":"Fuentes Fidedignas"},"image":{"@id":"https:\/\/fuentesfidedignas.com.mx\/#\/schema\/logo\/image\/"},"sameAs":["https:\/\/www.facebook.com\/Fuentes-Fidedignas-368234489921644","https:\/\/x.com\/fidedignas"]},{"@type":"Person","@id":"https:\/\/fuentesfidedignas.com.mx\/#\/schema\/person\/331be9283d37198e2acd5750279085b0","name":"Redacci\u00f3n","image":{"@type":"ImageObject","inLanguage":"es","@id":"https:\/\/secure.gravatar.com\/avatar\/f6d8782c11d12b2d4ad3fbb6931aeab5309937a4d6cd2fc9cfaa28a6396a5aec?s=96&d=mm&r=g","url":"https:\/\/secure.gravatar.com\/avatar\/f6d8782c11d12b2d4ad3fbb6931aeab5309937a4d6cd2fc9cfaa28a6396a5aec?s=96&d=mm&r=g","contentUrl":"https:\/\/secure.gravatar.com\/avatar\/f6d8782c11d12b2d4ad3fbb6931aeab5309937a4d6cd2fc9cfaa28a6396a5aec?s=96&d=mm&r=g","caption":"Redacci\u00f3n"},"url":"https:\/\/fuentesfidedignas.com.mx\/index.php\/author\/redaccion\/"}]}},"_links":{"self":[{"href":"https:\/\/fuentesfidedignas.com.mx\/index.php\/wp-json\/wp\/v2\/posts\/132570","targetHints":{"allow":["GET"]}}],"collection":[{"href":"https:\/\/fuentesfidedignas.com.mx\/index.php\/wp-json\/wp\/v2\/posts"}],"about":[{"href":"https:\/\/fuentesfidedignas.com.mx\/index.php\/wp-json\/wp\/v2\/types\/post"}],"author":[{"embeddable":true,"href":"https:\/\/fuentesfidedignas.com.mx\/index.php\/wp-json\/wp\/v2\/users\/4"}],"replies":[{"embeddable":true,"href":"https:\/\/fuentesfidedignas.com.mx\/index.php\/wp-json\/wp\/v2\/comments?post=132570"}],"version-history":[{"count":1,"href":"https:\/\/fuentesfidedignas.com.mx\/index.php\/wp-json\/wp\/v2\/posts\/132570\/revisions"}],"predecessor-version":[{"id":132572,"href":"https:\/\/fuentesfidedignas.com.mx\/index.php\/wp-json\/wp\/v2\/posts\/132570\/revisions\/132572"}],"wp:featuredmedia":[{"embeddable":true,"href":"https:\/\/fuentesfidedignas.com.mx\/index.php\/wp-json\/wp\/v2\/media\/132571"}],"wp:attachment":[{"href":"https:\/\/fuentesfidedignas.com.mx\/index.php\/wp-json\/wp\/v2\/media?parent=132570"}],"wp:term":[{"taxonomy":"category","embeddable":true,"href":"https:\/\/fuentesfidedignas.com.mx\/index.php\/wp-json\/wp\/v2\/categories?post=132570"},{"taxonomy":"post_tag","embeddable":true,"href":"https:\/\/fuentesfidedignas.com.mx\/index.php\/wp-json\/wp\/v2\/tags?post=132570"}],"curies":[{"name":"wp","href":"https:\/\/api.w.org\/{rel}","templated":true}]}}