{"id":132567,"date":"2026-04-30T06:41:28","date_gmt":"2026-04-30T13:41:28","guid":{"rendered":"https:\/\/fuentesfidedignas.com.mx\/?p=132567"},"modified":"2026-04-30T06:41:29","modified_gmt":"2026-04-30T13:41:29","slug":"en-culiacan-sspe-recupero-un-vehiculo-con-reporte-de-robo-en-culiacan","status":"publish","type":"post","link":"https:\/\/fuentesfidedignas.com.mx\/index.php\/2026\/04\/30\/en-culiacan-sspe-recupero-un-vehiculo-con-reporte-de-robo-en-culiacan\/","title":{"rendered":"En Culiac\u00e1n, SSPE recuper\u00f3 un veh\u00edculo con reporte de robo en Culiac\u00e1n"},"content":{"rendered":"\n<p><strong><em>El automotor fue turnado ante la Fiscal\u00eda General del Estado para las investigaciones y tr\u00e1mites correspondientes, a fin de que sea entregado a su propietario.<\/em><\/strong><\/p>\n\n\n\n<p>Elementos de la Secretar\u00eda de Seguridad P\u00fablica del Estado, a trav\u00e9s de la Polic\u00eda Estatal Preventiva, en coordinaci\u00f3n con el Ej\u00e9rcito Mexicano, la Guardia Nacional, la Secretar\u00eda de Marina, la Secretar\u00eda de Seguridad y Protecci\u00f3n Ciudadana, la Fiscal\u00eda General de la Rep\u00fablica y la Fiscal\u00eda General del Estado, recuperaron en Culiac\u00e1n un veh\u00edculo robado.<\/p>\n\n\n\n<p>Durante patrullajes de prevenci\u00f3n y seguridad sobre un camino de terracer\u00eda en las inmediaciones del poblado Cedritos, en la capital del estado, los polic\u00edas estatales observaron una camioneta Mitsubishi L200 de color blanco en aparente estado de abandono, por lo que se acercaron a revisarla. Una vez que se cotej\u00f3 el estatus legal de la unidad, se detect\u00f3 que cuenta con reporte de robo vigente.<\/p>\n\n\n\n<p>Ante ello, el automotor fue turnado ante la Fiscal\u00eda General del Estado para las investigaciones y tr\u00e1mites correspondientes, a fin de que sea entregado a su propietario.<\/p>\n\n\n\n<p>Con estas acciones, el Gobierno Federal, el Gobierno del Estado y la Seguridad P\u00fablica del municipio de Navolato reafirman su compromiso de salvaguardar el patrimonio de la sociedad sinaloense. Se invita a la ciudadan\u00eda a marcar oportunamente al 911 para cualquier emergencia y al 089 para realizar denuncias an\u00f3nimas.<\/p>\n","protected":false},"excerpt":{"rendered":"<p>El automotor fue turnado ante la Fiscal\u00eda General del Estado para las investigaciones y tr\u00e1mites correspondientes, a fin de que sea entregado a su propietario. Elementos de la Secretar\u00eda de Seguridad P\u00fablica del Estado, a trav\u00e9s de la Polic\u00eda Estatal Preventiva, en coordinaci\u00f3n con el Ej\u00e9rcito Mexicano, la Guardia Nacional, la Secretar\u00eda de Marina, la [&hellip;]<\/p>\n","protected":false},"author":4,"featured_media":132568,"comment_status":"open","ping_status":"open","sticky":false,"template":"","format":"standard","meta":{"tdm_status":"","tdm_grid_status":"","footnotes":""},"categories":[1],"tags":[],"class_list":{"0":"post-132567","1":"post","2":"type-post","3":"status-publish","4":"format-standard","5":"has-post-thumbnail","7":"category-sin-categoria"},"yoast_head":"<!-- This site is optimized with the Yoast SEO plugin v27.5 - https:\/\/yoast.com\/product\/yoast-seo-wordpress\/ -->\n<title>En Culiac\u00e1n, SSPE recuper\u00f3 un veh\u00edculo con reporte de robo en Culiac\u00e1n - Fuentes Fidedignas<\/title>\n<meta name=\"robots\" content=\"index, follow, max-snippet:-1, max-image-preview:large, max-video-preview:-1\" \/>\n<link rel=\"canonical\" href=\"https:\/\/fuentesfidedignas.com.mx\/index.php\/2026\/04\/30\/en-culiacan-sspe-recupero-un-vehiculo-con-reporte-de-robo-en-culiacan\/\" \/>\n<meta property=\"og:locale\" content=\"es_MX\" \/>\n<meta property=\"og:type\" content=\"article\" \/>\n<meta property=\"og:title\" content=\"En Culiac\u00e1n, SSPE recuper\u00f3 un veh\u00edculo con reporte de robo en Culiac\u00e1n - Fuentes Fidedignas\" \/>\n<meta property=\"og:description\" content=\"El automotor fue turnado ante la Fiscal\u00eda General del Estado para las investigaciones y tr\u00e1mites correspondientes, a fin de que sea entregado a su propietario. Elementos de la Secretar\u00eda de Seguridad P\u00fablica del Estado, a trav\u00e9s de la Polic\u00eda Estatal Preventiva, en coordinaci\u00f3n con el Ej\u00e9rcito Mexicano, la Guardia Nacional, la Secretar\u00eda de Marina, la [&hellip;]\" \/>\n<meta property=\"og:url\" content=\"https:\/\/fuentesfidedignas.com.mx\/index.php\/2026\/04\/30\/en-culiacan-sspe-recupero-un-vehiculo-con-reporte-de-robo-en-culiacan\/\" \/>\n<meta property=\"og:site_name\" content=\"Fuentes Fidedignas\" \/>\n<meta property=\"article:publisher\" content=\"https:\/\/www.facebook.com\/Fuentes-Fidedignas-368234489921644\" \/>\n<meta property=\"article:published_time\" content=\"2026-04-30T13:41:28+00:00\" \/>\n<meta property=\"article:modified_time\" content=\"2026-04-30T13:41:29+00:00\" \/>\n<meta property=\"og:image\" content=\"https:\/\/fuentesfidedignas.com.mx\/wp-content\/uploads\/2026\/04\/camioneta_bca.jpg\" \/>\n\t<meta property=\"og:image:width\" content=\"500\" \/>\n\t<meta property=\"og:image:height\" content=\"328\" \/>\n\t<meta property=\"og:image:type\" content=\"image\/jpeg\" \/>\n<meta name=\"author\" content=\"Redacci\u00f3n\" \/>\n<meta name=\"twitter:card\" content=\"summary_large_image\" \/>\n<meta name=\"twitter:creator\" content=\"@fidedignas\" \/>\n<meta name=\"twitter:site\" content=\"@fidedignas\" \/>\n<meta name=\"twitter:label1\" content=\"Escrito por\" \/>\n\t<meta name=\"twitter:data1\" content=\"Redacci\u00f3n\" \/>\n\t<meta name=\"twitter:label2\" content=\"Tiempo de lectura\" \/>\n\t<meta name=\"twitter:data2\" content=\"2 minutos\" \/>\n<script type=\"application\/ld+json\" class=\"yoast-schema-graph\">{\"@context\":\"https:\\\/\\\/schema.org\",\"@graph\":[{\"@type\":\"Article\",\"@id\":\"https:\\\/\\\/fuentesfidedignas.com.mx\\\/index.php\\\/2026\\\/04\\\/30\\\/en-culiacan-sspe-recupero-un-vehiculo-con-reporte-de-robo-en-culiacan\\\/#article\",\"isPartOf\":{\"@id\":\"https:\\\/\\\/fuentesfidedignas.com.mx\\\/index.php\\\/2026\\\/04\\\/30\\\/en-culiacan-sspe-recupero-un-vehiculo-con-reporte-de-robo-en-culiacan\\\/\"},\"author\":{\"name\":\"Redacci\u00f3n\",\"@id\":\"https:\\\/\\\/fuentesfidedignas.com.mx\\\/#\\\/schema\\\/person\\\/331be9283d37198e2acd5750279085b0\"},\"headline\":\"En Culiac\u00e1n, SSPE recuper\u00f3 un veh\u00edculo con reporte de robo en Culiac\u00e1n\",\"datePublished\":\"2026-04-30T13:41:28+00:00\",\"dateModified\":\"2026-04-30T13:41:29+00:00\",\"mainEntityOfPage\":{\"@id\":\"https:\\\/\\\/fuentesfidedignas.com.mx\\\/index.php\\\/2026\\\/04\\\/30\\\/en-culiacan-sspe-recupero-un-vehiculo-con-reporte-de-robo-en-culiacan\\\/\"},\"wordCount\":257,\"commentCount\":0,\"publisher\":{\"@id\":\"https:\\\/\\\/fuentesfidedignas.com.mx\\\/#organization\"},\"image\":{\"@id\":\"https:\\\/\\\/fuentesfidedignas.com.mx\\\/index.php\\\/2026\\\/04\\\/30\\\/en-culiacan-sspe-recupero-un-vehiculo-con-reporte-de-robo-en-culiacan\\\/#primaryimage\"},\"thumbnailUrl\":\"https:\\\/\\\/fuentesfidedignas.com.mx\\\/wp-content\\\/uploads\\\/2026\\\/04\\\/camioneta_bca.jpg\",\"inLanguage\":\"es\",\"potentialAction\":[{\"@type\":\"CommentAction\",\"name\":\"Comment\",\"target\":[\"https:\\\/\\\/fuentesfidedignas.com.mx\\\/index.php\\\/2026\\\/04\\\/30\\\/en-culiacan-sspe-recupero-un-vehiculo-con-reporte-de-robo-en-culiacan\\\/#respond\"]}]},{\"@type\":\"WebPage\",\"@id\":\"https:\\\/\\\/fuentesfidedignas.com.mx\\\/index.php\\\/2026\\\/04\\\/30\\\/en-culiacan-sspe-recupero-un-vehiculo-con-reporte-de-robo-en-culiacan\\\/\",\"url\":\"https:\\\/\\\/fuentesfidedignas.com.mx\\\/index.php\\\/2026\\\/04\\\/30\\\/en-culiacan-sspe-recupero-un-vehiculo-con-reporte-de-robo-en-culiacan\\\/\",\"name\":\"En Culiac\u00e1n, SSPE recuper\u00f3 un veh\u00edculo con reporte de robo en Culiac\u00e1n - Fuentes Fidedignas\",\"isPartOf\":{\"@id\":\"https:\\\/\\\/fuentesfidedignas.com.mx\\\/#website\"},\"primaryImageOfPage\":{\"@id\":\"https:\\\/\\\/fuentesfidedignas.com.mx\\\/index.php\\\/2026\\\/04\\\/30\\\/en-culiacan-sspe-recupero-un-vehiculo-con-reporte-de-robo-en-culiacan\\\/#primaryimage\"},\"image\":{\"@id\":\"https:\\\/\\\/fuentesfidedignas.com.mx\\\/index.php\\\/2026\\\/04\\\/30\\\/en-culiacan-sspe-recupero-un-vehiculo-con-reporte-de-robo-en-culiacan\\\/#primaryimage\"},\"thumbnailUrl\":\"https:\\\/\\\/fuentesfidedignas.com.mx\\\/wp-content\\\/uploads\\\/2026\\\/04\\\/camioneta_bca.jpg\",\"datePublished\":\"2026-04-30T13:41:28+00:00\",\"dateModified\":\"2026-04-30T13:41:29+00:00\",\"breadcrumb\":{\"@id\":\"https:\\\/\\\/fuentesfidedignas.com.mx\\\/index.php\\\/2026\\\/04\\\/30\\\/en-culiacan-sspe-recupero-un-vehiculo-con-reporte-de-robo-en-culiacan\\\/#breadcrumb\"},\"inLanguage\":\"es\",\"potentialAction\":[{\"@type\":\"ReadAction\",\"target\":[\"https:\\\/\\\/fuentesfidedignas.com.mx\\\/index.php\\\/2026\\\/04\\\/30\\\/en-culiacan-sspe-recupero-un-vehiculo-con-reporte-de-robo-en-culiacan\\\/\"]}]},{\"@type\":\"ImageObject\",\"inLanguage\":\"es\",\"@id\":\"https:\\\/\\\/fuentesfidedignas.com.mx\\\/index.php\\\/2026\\\/04\\\/30\\\/en-culiacan-sspe-recupero-un-vehiculo-con-reporte-de-robo-en-culiacan\\\/#primaryimage\",\"url\":\"https:\\\/\\\/fuentesfidedignas.com.mx\\\/wp-content\\\/uploads\\\/2026\\\/04\\\/camioneta_bca.jpg\",\"contentUrl\":\"https:\\\/\\\/fuentesfidedignas.com.mx\\\/wp-content\\\/uploads\\\/2026\\\/04\\\/camioneta_bca.jpg\",\"width\":500,\"height\":328},{\"@type\":\"BreadcrumbList\",\"@id\":\"https:\\\/\\\/fuentesfidedignas.com.mx\\\/index.php\\\/2026\\\/04\\\/30\\\/en-culiacan-sspe-recupero-un-vehiculo-con-reporte-de-robo-en-culiacan\\\/#breadcrumb\",\"itemListElement\":[{\"@type\":\"ListItem\",\"position\":1,\"name\":\"Inicio\",\"item\":\"https:\\\/\\\/fuentesfidedignas.com.mx\\\/\"},{\"@type\":\"ListItem\",\"position\":2,\"name\":\"En Culiac\u00e1n, SSPE recuper\u00f3 un veh\u00edculo con reporte de robo en Culiac\u00e1n\"}]},{\"@type\":\"WebSite\",\"@id\":\"https:\\\/\\\/fuentesfidedignas.com.mx\\\/#website\",\"url\":\"https:\\\/\\\/fuentesfidedignas.com.mx\\\/\",\"name\":\"Fuentes Fidedignas\",\"description\":\"Otro sitio realizado con WordPress\",\"publisher\":{\"@id\":\"https:\\\/\\\/fuentesfidedignas.com.mx\\\/#organization\"},\"potentialAction\":[{\"@type\":\"SearchAction\",\"target\":{\"@type\":\"EntryPoint\",\"urlTemplate\":\"https:\\\/\\\/fuentesfidedignas.com.mx\\\/?s={search_term_string}\"},\"query-input\":{\"@type\":\"PropertyValueSpecification\",\"valueRequired\":true,\"valueName\":\"search_term_string\"}}],\"inLanguage\":\"es\"},{\"@type\":\"Organization\",\"@id\":\"https:\\\/\\\/fuentesfidedignas.com.mx\\\/#organization\",\"name\":\"Fuentes Fidedignas\",\"url\":\"https:\\\/\\\/fuentesfidedignas.com.mx\\\/\",\"logo\":{\"@type\":\"ImageObject\",\"inLanguage\":\"es\",\"@id\":\"https:\\\/\\\/fuentesfidedignas.com.mx\\\/#\\\/schema\\\/logo\\\/image\\\/\",\"url\":\"https:\\\/\\\/fuentesfidedignas.com.mx\\\/wp-content\\\/uploads\\\/2021\\\/04\\\/logo-retina.png\",\"contentUrl\":\"https:\\\/\\\/fuentesfidedignas.com.mx\\\/wp-content\\\/uploads\\\/2021\\\/04\\\/logo-retina.png\",\"width\":280,\"height\":51,\"caption\":\"Fuentes Fidedignas\"},\"image\":{\"@id\":\"https:\\\/\\\/fuentesfidedignas.com.mx\\\/#\\\/schema\\\/logo\\\/image\\\/\"},\"sameAs\":[\"https:\\\/\\\/www.facebook.com\\\/Fuentes-Fidedignas-368234489921644\",\"https:\\\/\\\/x.com\\\/fidedignas\"]},{\"@type\":\"Person\",\"@id\":\"https:\\\/\\\/fuentesfidedignas.com.mx\\\/#\\\/schema\\\/person\\\/331be9283d37198e2acd5750279085b0\",\"name\":\"Redacci\u00f3n\",\"image\":{\"@type\":\"ImageObject\",\"inLanguage\":\"es\",\"@id\":\"https:\\\/\\\/secure.gravatar.com\\\/avatar\\\/f6d8782c11d12b2d4ad3fbb6931aeab5309937a4d6cd2fc9cfaa28a6396a5aec?s=96&d=mm&r=g\",\"url\":\"https:\\\/\\\/secure.gravatar.com\\\/avatar\\\/f6d8782c11d12b2d4ad3fbb6931aeab5309937a4d6cd2fc9cfaa28a6396a5aec?s=96&d=mm&r=g\",\"contentUrl\":\"https:\\\/\\\/secure.gravatar.com\\\/avatar\\\/f6d8782c11d12b2d4ad3fbb6931aeab5309937a4d6cd2fc9cfaa28a6396a5aec?s=96&d=mm&r=g\",\"caption\":\"Redacci\u00f3n\"},\"url\":\"https:\\\/\\\/fuentesfidedignas.com.mx\\\/index.php\\\/author\\\/redaccion\\\/\"}]}<\/script>\n<!-- \/ Yoast SEO plugin. -->","yoast_head_json":{"title":"En Culiac\u00e1n, SSPE recuper\u00f3 un veh\u00edculo con reporte de robo en Culiac\u00e1n - Fuentes Fidedignas","robots":{"index":"index","follow":"follow","max-snippet":"max-snippet:-1","max-image-preview":"max-image-preview:large","max-video-preview":"max-video-preview:-1"},"canonical":"https:\/\/fuentesfidedignas.com.mx\/index.php\/2026\/04\/30\/en-culiacan-sspe-recupero-un-vehiculo-con-reporte-de-robo-en-culiacan\/","og_locale":"es_MX","og_type":"article","og_title":"En Culiac\u00e1n, SSPE recuper\u00f3 un veh\u00edculo con reporte de robo en Culiac\u00e1n - Fuentes Fidedignas","og_description":"El automotor fue turnado ante la Fiscal\u00eda General del Estado para las investigaciones y tr\u00e1mites correspondientes, a fin de que sea entregado a su propietario. Elementos de la Secretar\u00eda de Seguridad P\u00fablica del Estado, a trav\u00e9s de la Polic\u00eda Estatal Preventiva, en coordinaci\u00f3n con el Ej\u00e9rcito Mexicano, la Guardia Nacional, la Secretar\u00eda de Marina, la [&hellip;]","og_url":"https:\/\/fuentesfidedignas.com.mx\/index.php\/2026\/04\/30\/en-culiacan-sspe-recupero-un-vehiculo-con-reporte-de-robo-en-culiacan\/","og_site_name":"Fuentes Fidedignas","article_publisher":"https:\/\/www.facebook.com\/Fuentes-Fidedignas-368234489921644","article_published_time":"2026-04-30T13:41:28+00:00","article_modified_time":"2026-04-30T13:41:29+00:00","og_image":[{"width":500,"height":328,"url":"https:\/\/fuentesfidedignas.com.mx\/wp-content\/uploads\/2026\/04\/camioneta_bca.jpg","type":"image\/jpeg"}],"author":"Redacci\u00f3n","twitter_card":"summary_large_image","twitter_creator":"@fidedignas","twitter_site":"@fidedignas","twitter_misc":{"Escrito por":"Redacci\u00f3n","Tiempo de lectura":"2 minutos"},"schema":{"@context":"https:\/\/schema.org","@graph":[{"@type":"Article","@id":"https:\/\/fuentesfidedignas.com.mx\/index.php\/2026\/04\/30\/en-culiacan-sspe-recupero-un-vehiculo-con-reporte-de-robo-en-culiacan\/#article","isPartOf":{"@id":"https:\/\/fuentesfidedignas.com.mx\/index.php\/2026\/04\/30\/en-culiacan-sspe-recupero-un-vehiculo-con-reporte-de-robo-en-culiacan\/"},"author":{"name":"Redacci\u00f3n","@id":"https:\/\/fuentesfidedignas.com.mx\/#\/schema\/person\/331be9283d37198e2acd5750279085b0"},"headline":"En Culiac\u00e1n, SSPE recuper\u00f3 un veh\u00edculo con reporte de robo en Culiac\u00e1n","datePublished":"2026-04-30T13:41:28+00:00","dateModified":"2026-04-30T13:41:29+00:00","mainEntityOfPage":{"@id":"https:\/\/fuentesfidedignas.com.mx\/index.php\/2026\/04\/30\/en-culiacan-sspe-recupero-un-vehiculo-con-reporte-de-robo-en-culiacan\/"},"wordCount":257,"commentCount":0,"publisher":{"@id":"https:\/\/fuentesfidedignas.com.mx\/#organization"},"image":{"@id":"https:\/\/fuentesfidedignas.com.mx\/index.php\/2026\/04\/30\/en-culiacan-sspe-recupero-un-vehiculo-con-reporte-de-robo-en-culiacan\/#primaryimage"},"thumbnailUrl":"https:\/\/fuentesfidedignas.com.mx\/wp-content\/uploads\/2026\/04\/camioneta_bca.jpg","inLanguage":"es","potentialAction":[{"@type":"CommentAction","name":"Comment","target":["https:\/\/fuentesfidedignas.com.mx\/index.php\/2026\/04\/30\/en-culiacan-sspe-recupero-un-vehiculo-con-reporte-de-robo-en-culiacan\/#respond"]}]},{"@type":"WebPage","@id":"https:\/\/fuentesfidedignas.com.mx\/index.php\/2026\/04\/30\/en-culiacan-sspe-recupero-un-vehiculo-con-reporte-de-robo-en-culiacan\/","url":"https:\/\/fuentesfidedignas.com.mx\/index.php\/2026\/04\/30\/en-culiacan-sspe-recupero-un-vehiculo-con-reporte-de-robo-en-culiacan\/","name":"En Culiac\u00e1n, SSPE recuper\u00f3 un veh\u00edculo con reporte de robo en Culiac\u00e1n - Fuentes Fidedignas","isPartOf":{"@id":"https:\/\/fuentesfidedignas.com.mx\/#website"},"primaryImageOfPage":{"@id":"https:\/\/fuentesfidedignas.com.mx\/index.php\/2026\/04\/30\/en-culiacan-sspe-recupero-un-vehiculo-con-reporte-de-robo-en-culiacan\/#primaryimage"},"image":{"@id":"https:\/\/fuentesfidedignas.com.mx\/index.php\/2026\/04\/30\/en-culiacan-sspe-recupero-un-vehiculo-con-reporte-de-robo-en-culiacan\/#primaryimage"},"thumbnailUrl":"https:\/\/fuentesfidedignas.com.mx\/wp-content\/uploads\/2026\/04\/camioneta_bca.jpg","datePublished":"2026-04-30T13:41:28+00:00","dateModified":"2026-04-30T13:41:29+00:00","breadcrumb":{"@id":"https:\/\/fuentesfidedignas.com.mx\/index.php\/2026\/04\/30\/en-culiacan-sspe-recupero-un-vehiculo-con-reporte-de-robo-en-culiacan\/#breadcrumb"},"inLanguage":"es","potentialAction":[{"@type":"ReadAction","target":["https:\/\/fuentesfidedignas.com.mx\/index.php\/2026\/04\/30\/en-culiacan-sspe-recupero-un-vehiculo-con-reporte-de-robo-en-culiacan\/"]}]},{"@type":"ImageObject","inLanguage":"es","@id":"https:\/\/fuentesfidedignas.com.mx\/index.php\/2026\/04\/30\/en-culiacan-sspe-recupero-un-vehiculo-con-reporte-de-robo-en-culiacan\/#primaryimage","url":"https:\/\/fuentesfidedignas.com.mx\/wp-content\/uploads\/2026\/04\/camioneta_bca.jpg","contentUrl":"https:\/\/fuentesfidedignas.com.mx\/wp-content\/uploads\/2026\/04\/camioneta_bca.jpg","width":500,"height":328},{"@type":"BreadcrumbList","@id":"https:\/\/fuentesfidedignas.com.mx\/index.php\/2026\/04\/30\/en-culiacan-sspe-recupero-un-vehiculo-con-reporte-de-robo-en-culiacan\/#breadcrumb","itemListElement":[{"@type":"ListItem","position":1,"name":"Inicio","item":"https:\/\/fuentesfidedignas.com.mx\/"},{"@type":"ListItem","position":2,"name":"En Culiac\u00e1n, SSPE recuper\u00f3 un veh\u00edculo con reporte de robo en Culiac\u00e1n"}]},{"@type":"WebSite","@id":"https:\/\/fuentesfidedignas.com.mx\/#website","url":"https:\/\/fuentesfidedignas.com.mx\/","name":"Fuentes Fidedignas","description":"Otro sitio realizado con WordPress","publisher":{"@id":"https:\/\/fuentesfidedignas.com.mx\/#organization"},"potentialAction":[{"@type":"SearchAction","target":{"@type":"EntryPoint","urlTemplate":"https:\/\/fuentesfidedignas.com.mx\/?s={search_term_string}"},"query-input":{"@type":"PropertyValueSpecification","valueRequired":true,"valueName":"search_term_string"}}],"inLanguage":"es"},{"@type":"Organization","@id":"https:\/\/fuentesfidedignas.com.mx\/#organization","name":"Fuentes Fidedignas","url":"https:\/\/fuentesfidedignas.com.mx\/","logo":{"@type":"ImageObject","inLanguage":"es","@id":"https:\/\/fuentesfidedignas.com.mx\/#\/schema\/logo\/image\/","url":"https:\/\/fuentesfidedignas.com.mx\/wp-content\/uploads\/2021\/04\/logo-retina.png","contentUrl":"https:\/\/fuentesfidedignas.com.mx\/wp-content\/uploads\/2021\/04\/logo-retina.png","width":280,"height":51,"caption":"Fuentes Fidedignas"},"image":{"@id":"https:\/\/fuentesfidedignas.com.mx\/#\/schema\/logo\/image\/"},"sameAs":["https:\/\/www.facebook.com\/Fuentes-Fidedignas-368234489921644","https:\/\/x.com\/fidedignas"]},{"@type":"Person","@id":"https:\/\/fuentesfidedignas.com.mx\/#\/schema\/person\/331be9283d37198e2acd5750279085b0","name":"Redacci\u00f3n","image":{"@type":"ImageObject","inLanguage":"es","@id":"https:\/\/secure.gravatar.com\/avatar\/f6d8782c11d12b2d4ad3fbb6931aeab5309937a4d6cd2fc9cfaa28a6396a5aec?s=96&d=mm&r=g","url":"https:\/\/secure.gravatar.com\/avatar\/f6d8782c11d12b2d4ad3fbb6931aeab5309937a4d6cd2fc9cfaa28a6396a5aec?s=96&d=mm&r=g","contentUrl":"https:\/\/secure.gravatar.com\/avatar\/f6d8782c11d12b2d4ad3fbb6931aeab5309937a4d6cd2fc9cfaa28a6396a5aec?s=96&d=mm&r=g","caption":"Redacci\u00f3n"},"url":"https:\/\/fuentesfidedignas.com.mx\/index.php\/author\/redaccion\/"}]}},"_links":{"self":[{"href":"https:\/\/fuentesfidedignas.com.mx\/index.php\/wp-json\/wp\/v2\/posts\/132567","targetHints":{"allow":["GET"]}}],"collection":[{"href":"https:\/\/fuentesfidedignas.com.mx\/index.php\/wp-json\/wp\/v2\/posts"}],"about":[{"href":"https:\/\/fuentesfidedignas.com.mx\/index.php\/wp-json\/wp\/v2\/types\/post"}],"author":[{"embeddable":true,"href":"https:\/\/fuentesfidedignas.com.mx\/index.php\/wp-json\/wp\/v2\/users\/4"}],"replies":[{"embeddable":true,"href":"https:\/\/fuentesfidedignas.com.mx\/index.php\/wp-json\/wp\/v2\/comments?post=132567"}],"version-history":[{"count":1,"href":"https:\/\/fuentesfidedignas.com.mx\/index.php\/wp-json\/wp\/v2\/posts\/132567\/revisions"}],"predecessor-version":[{"id":132569,"href":"https:\/\/fuentesfidedignas.com.mx\/index.php\/wp-json\/wp\/v2\/posts\/132567\/revisions\/132569"}],"wp:featuredmedia":[{"embeddable":true,"href":"https:\/\/fuentesfidedignas.com.mx\/index.php\/wp-json\/wp\/v2\/media\/132568"}],"wp:attachment":[{"href":"https:\/\/fuentesfidedignas.com.mx\/index.php\/wp-json\/wp\/v2\/media?parent=132567"}],"wp:term":[{"taxonomy":"category","embeddable":true,"href":"https:\/\/fuentesfidedignas.com.mx\/index.php\/wp-json\/wp\/v2\/categories?post=132567"},{"taxonomy":"post_tag","embeddable":true,"href":"https:\/\/fuentesfidedignas.com.mx\/index.php\/wp-json\/wp\/v2\/tags?post=132567"}],"curies":[{"name":"wp","href":"https:\/\/api.w.org\/{rel}","templated":true}]}}