{"id":132564,"date":"2026-04-30T06:34:46","date_gmt":"2026-04-30T13:34:46","guid":{"rendered":"https:\/\/fuentesfidedignas.com.mx\/?p=132564"},"modified":"2026-04-30T06:34:53","modified_gmt":"2026-04-30T13:34:53","slug":"en-operativo-contra-el-robo-de-vehiculos-en-eldorado-y-mocorito-recuperan-4-vehiculos-robados","status":"publish","type":"post","link":"https:\/\/fuentesfidedignas.com.mx\/index.php\/2026\/04\/30\/en-operativo-contra-el-robo-de-vehiculos-en-eldorado-y-mocorito-recuperan-4-vehiculos-robados\/","title":{"rendered":"En operativo contra el robo de veh\u00edculos en Eldorado y Mocorito, recuperan 4 veh\u00edculos robados"},"content":{"rendered":"\n<p><strong><em>Todas las unidades fueron trasladadas a la Unidad de Bienes Asegurados de la Fiscal\u00eda General del Estado para que se realicen las diligencias correspondientes.<\/em><\/strong><\/p>\n\n\n\n<p>Como parte del Operativo Interinstitucional Contra el Robo de Veh\u00edculos, elementos de la Secretar\u00eda de Seguridad P\u00fablica del Estado de Sinaloa, a trav\u00e9s de la Polic\u00eda Estatal Preventiva, en coordinaci\u00f3n con la Guardia Nacional, el Ej\u00e9rcito Mexicano y personal de la Fiscal\u00eda General del Estado, llevaron a cabo recorridos de seguridad y vigilancia en distintas zonas de los municipios de Eldorado y Mocorito, donde lograron asegurar cuatro unidades con reporte de robo.<\/p>\n\n\n\n<p>Estas acciones se implementaron en los municipios de Eldorado y Mocorito.<\/p>\n\n\n\n<p>Las unidades aseguradas son las siguientes:<\/p>\n\n\n\n<ol class=\"wp-block-list\">\n<li>Veh\u00edculo marca Mitsubishi, tipo pickup, l\u00ednea L200, modelo 2022, color blanco, con reporte de robo.<\/li>\n\n\n\n<li>Veh\u00edculo marca Volkswagen, tipo sed\u00e1n, l\u00ednea Vento, modelo 2017, color arena, con reporte de robo.<\/li>\n\n\n\n<li>Veh\u00edculo marca Volkswagen, tipo sed\u00e1n, l\u00ednea Jetta, modelo 2013, color blanco, con reporte de robo.<\/li>\n\n\n\n<li>Veh\u00edculo marca Toyota, tipo van, l\u00ednea Hiace, modelo 2023, color blanco, con reporte de robo.<\/li>\n<\/ol>\n\n\n\n<p>Todas las unidades fueron trasladadas a la Unidad de Bienes Asegurados de la Fiscal\u00eda General del Estado para que se realicen las diligencias correspondientes.<\/p>\n\n\n\n<p>Con estas acciones, el Gobierno de M\u00e9xico y el Gobierno del Estado de Sinaloa reafirman su compromiso de salvaguardar la tranquilidad y el patrimonio de la sociedad sinaloense. Asimismo, se exhorta a la ciudadan\u00eda a utilizar oportunamente el 911 para emergencias y el 089 para denuncias an\u00f3nimas.<\/p>\n","protected":false},"excerpt":{"rendered":"<p>Todas las unidades fueron trasladadas a la Unidad de Bienes Asegurados de la Fiscal\u00eda General del Estado para que se realicen las diligencias correspondientes. Como parte del Operativo Interinstitucional Contra el Robo de Veh\u00edculos, elementos de la Secretar\u00eda de Seguridad P\u00fablica del Estado de Sinaloa, a trav\u00e9s de la Polic\u00eda Estatal Preventiva, en coordinaci\u00f3n con [&hellip;]<\/p>\n","protected":false},"author":4,"featured_media":132565,"comment_status":"open","ping_status":"open","sticky":false,"template":"","format":"standard","meta":{"tdm_status":"","tdm_grid_status":"","footnotes":""},"categories":[38],"tags":[],"class_list":{"0":"post-132564","1":"post","2":"type-post","3":"status-publish","4":"format-standard","5":"has-post-thumbnail","7":"category-noticias-locales"},"yoast_head":"<!-- This site is optimized with the Yoast SEO plugin v27.5 - https:\/\/yoast.com\/product\/yoast-seo-wordpress\/ -->\n<title>En operativo contra el robo de veh\u00edculos en Eldorado y Mocorito, recuperan 4 veh\u00edculos robados - Fuentes Fidedignas<\/title>\n<meta name=\"robots\" content=\"index, follow, max-snippet:-1, max-image-preview:large, max-video-preview:-1\" \/>\n<link rel=\"canonical\" href=\"https:\/\/fuentesfidedignas.com.mx\/index.php\/2026\/04\/30\/en-operativo-contra-el-robo-de-vehiculos-en-eldorado-y-mocorito-recuperan-4-vehiculos-robados\/\" \/>\n<meta property=\"og:locale\" content=\"es_MX\" \/>\n<meta property=\"og:type\" content=\"article\" \/>\n<meta property=\"og:title\" content=\"En operativo contra el robo de veh\u00edculos en Eldorado y Mocorito, recuperan 4 veh\u00edculos robados - Fuentes Fidedignas\" \/>\n<meta property=\"og:description\" content=\"Todas las unidades fueron trasladadas a la Unidad de Bienes Asegurados de la Fiscal\u00eda General del Estado para que se realicen las diligencias correspondientes. Como parte del Operativo Interinstitucional Contra el Robo de Veh\u00edculos, elementos de la Secretar\u00eda de Seguridad P\u00fablica del Estado de Sinaloa, a trav\u00e9s de la Polic\u00eda Estatal Preventiva, en coordinaci\u00f3n con [&hellip;]\" \/>\n<meta property=\"og:url\" content=\"https:\/\/fuentesfidedignas.com.mx\/index.php\/2026\/04\/30\/en-operativo-contra-el-robo-de-vehiculos-en-eldorado-y-mocorito-recuperan-4-vehiculos-robados\/\" \/>\n<meta property=\"og:site_name\" content=\"Fuentes Fidedignas\" \/>\n<meta property=\"article:publisher\" content=\"https:\/\/www.facebook.com\/Fuentes-Fidedignas-368234489921644\" \/>\n<meta property=\"article:published_time\" content=\"2026-04-30T13:34:46+00:00\" \/>\n<meta property=\"article:modified_time\" content=\"2026-04-30T13:34:53+00:00\" \/>\n<meta property=\"og:image\" content=\"https:\/\/fuentesfidedignas.com.mx\/wp-content\/uploads\/2026\/04\/camioneta_robo.jpg\" \/>\n\t<meta property=\"og:image:width\" content=\"500\" \/>\n\t<meta property=\"og:image:height\" content=\"339\" \/>\n\t<meta property=\"og:image:type\" content=\"image\/jpeg\" \/>\n<meta name=\"author\" content=\"Redacci\u00f3n\" \/>\n<meta name=\"twitter:card\" content=\"summary_large_image\" \/>\n<meta name=\"twitter:creator\" content=\"@fidedignas\" \/>\n<meta name=\"twitter:site\" content=\"@fidedignas\" \/>\n<meta name=\"twitter:label1\" content=\"Escrito por\" \/>\n\t<meta name=\"twitter:data1\" content=\"Redacci\u00f3n\" \/>\n\t<meta name=\"twitter:label2\" content=\"Tiempo de lectura\" \/>\n\t<meta name=\"twitter:data2\" content=\"2 minutos\" \/>\n<script type=\"application\/ld+json\" class=\"yoast-schema-graph\">{\"@context\":\"https:\\\/\\\/schema.org\",\"@graph\":[{\"@type\":\"Article\",\"@id\":\"https:\\\/\\\/fuentesfidedignas.com.mx\\\/index.php\\\/2026\\\/04\\\/30\\\/en-operativo-contra-el-robo-de-vehiculos-en-eldorado-y-mocorito-recuperan-4-vehiculos-robados\\\/#article\",\"isPartOf\":{\"@id\":\"https:\\\/\\\/fuentesfidedignas.com.mx\\\/index.php\\\/2026\\\/04\\\/30\\\/en-operativo-contra-el-robo-de-vehiculos-en-eldorado-y-mocorito-recuperan-4-vehiculos-robados\\\/\"},\"author\":{\"name\":\"Redacci\u00f3n\",\"@id\":\"https:\\\/\\\/fuentesfidedignas.com.mx\\\/#\\\/schema\\\/person\\\/331be9283d37198e2acd5750279085b0\"},\"headline\":\"En operativo contra el robo de veh\u00edculos en Eldorado y Mocorito, recuperan 4 veh\u00edculos robados\",\"datePublished\":\"2026-04-30T13:34:46+00:00\",\"dateModified\":\"2026-04-30T13:34:53+00:00\",\"mainEntityOfPage\":{\"@id\":\"https:\\\/\\\/fuentesfidedignas.com.mx\\\/index.php\\\/2026\\\/04\\\/30\\\/en-operativo-contra-el-robo-de-vehiculos-en-eldorado-y-mocorito-recuperan-4-vehiculos-robados\\\/\"},\"wordCount\":277,\"commentCount\":0,\"publisher\":{\"@id\":\"https:\\\/\\\/fuentesfidedignas.com.mx\\\/#organization\"},\"image\":{\"@id\":\"https:\\\/\\\/fuentesfidedignas.com.mx\\\/index.php\\\/2026\\\/04\\\/30\\\/en-operativo-contra-el-robo-de-vehiculos-en-eldorado-y-mocorito-recuperan-4-vehiculos-robados\\\/#primaryimage\"},\"thumbnailUrl\":\"https:\\\/\\\/fuentesfidedignas.com.mx\\\/wp-content\\\/uploads\\\/2026\\\/04\\\/camioneta_robo.jpg\",\"articleSection\":[\"NOTICIAS LOCALES\"],\"inLanguage\":\"es\",\"potentialAction\":[{\"@type\":\"CommentAction\",\"name\":\"Comment\",\"target\":[\"https:\\\/\\\/fuentesfidedignas.com.mx\\\/index.php\\\/2026\\\/04\\\/30\\\/en-operativo-contra-el-robo-de-vehiculos-en-eldorado-y-mocorito-recuperan-4-vehiculos-robados\\\/#respond\"]}]},{\"@type\":\"WebPage\",\"@id\":\"https:\\\/\\\/fuentesfidedignas.com.mx\\\/index.php\\\/2026\\\/04\\\/30\\\/en-operativo-contra-el-robo-de-vehiculos-en-eldorado-y-mocorito-recuperan-4-vehiculos-robados\\\/\",\"url\":\"https:\\\/\\\/fuentesfidedignas.com.mx\\\/index.php\\\/2026\\\/04\\\/30\\\/en-operativo-contra-el-robo-de-vehiculos-en-eldorado-y-mocorito-recuperan-4-vehiculos-robados\\\/\",\"name\":\"En operativo contra el robo de veh\u00edculos en Eldorado y Mocorito, recuperan 4 veh\u00edculos robados - Fuentes Fidedignas\",\"isPartOf\":{\"@id\":\"https:\\\/\\\/fuentesfidedignas.com.mx\\\/#website\"},\"primaryImageOfPage\":{\"@id\":\"https:\\\/\\\/fuentesfidedignas.com.mx\\\/index.php\\\/2026\\\/04\\\/30\\\/en-operativo-contra-el-robo-de-vehiculos-en-eldorado-y-mocorito-recuperan-4-vehiculos-robados\\\/#primaryimage\"},\"image\":{\"@id\":\"https:\\\/\\\/fuentesfidedignas.com.mx\\\/index.php\\\/2026\\\/04\\\/30\\\/en-operativo-contra-el-robo-de-vehiculos-en-eldorado-y-mocorito-recuperan-4-vehiculos-robados\\\/#primaryimage\"},\"thumbnailUrl\":\"https:\\\/\\\/fuentesfidedignas.com.mx\\\/wp-content\\\/uploads\\\/2026\\\/04\\\/camioneta_robo.jpg\",\"datePublished\":\"2026-04-30T13:34:46+00:00\",\"dateModified\":\"2026-04-30T13:34:53+00:00\",\"breadcrumb\":{\"@id\":\"https:\\\/\\\/fuentesfidedignas.com.mx\\\/index.php\\\/2026\\\/04\\\/30\\\/en-operativo-contra-el-robo-de-vehiculos-en-eldorado-y-mocorito-recuperan-4-vehiculos-robados\\\/#breadcrumb\"},\"inLanguage\":\"es\",\"potentialAction\":[{\"@type\":\"ReadAction\",\"target\":[\"https:\\\/\\\/fuentesfidedignas.com.mx\\\/index.php\\\/2026\\\/04\\\/30\\\/en-operativo-contra-el-robo-de-vehiculos-en-eldorado-y-mocorito-recuperan-4-vehiculos-robados\\\/\"]}]},{\"@type\":\"ImageObject\",\"inLanguage\":\"es\",\"@id\":\"https:\\\/\\\/fuentesfidedignas.com.mx\\\/index.php\\\/2026\\\/04\\\/30\\\/en-operativo-contra-el-robo-de-vehiculos-en-eldorado-y-mocorito-recuperan-4-vehiculos-robados\\\/#primaryimage\",\"url\":\"https:\\\/\\\/fuentesfidedignas.com.mx\\\/wp-content\\\/uploads\\\/2026\\\/04\\\/camioneta_robo.jpg\",\"contentUrl\":\"https:\\\/\\\/fuentesfidedignas.com.mx\\\/wp-content\\\/uploads\\\/2026\\\/04\\\/camioneta_robo.jpg\",\"width\":500,\"height\":339},{\"@type\":\"BreadcrumbList\",\"@id\":\"https:\\\/\\\/fuentesfidedignas.com.mx\\\/index.php\\\/2026\\\/04\\\/30\\\/en-operativo-contra-el-robo-de-vehiculos-en-eldorado-y-mocorito-recuperan-4-vehiculos-robados\\\/#breadcrumb\",\"itemListElement\":[{\"@type\":\"ListItem\",\"position\":1,\"name\":\"Inicio\",\"item\":\"https:\\\/\\\/fuentesfidedignas.com.mx\\\/\"},{\"@type\":\"ListItem\",\"position\":2,\"name\":\"En operativo contra el robo de veh\u00edculos en Eldorado y Mocorito, recuperan 4 veh\u00edculos robados\"}]},{\"@type\":\"WebSite\",\"@id\":\"https:\\\/\\\/fuentesfidedignas.com.mx\\\/#website\",\"url\":\"https:\\\/\\\/fuentesfidedignas.com.mx\\\/\",\"name\":\"Fuentes Fidedignas\",\"description\":\"Otro sitio realizado con WordPress\",\"publisher\":{\"@id\":\"https:\\\/\\\/fuentesfidedignas.com.mx\\\/#organization\"},\"potentialAction\":[{\"@type\":\"SearchAction\",\"target\":{\"@type\":\"EntryPoint\",\"urlTemplate\":\"https:\\\/\\\/fuentesfidedignas.com.mx\\\/?s={search_term_string}\"},\"query-input\":{\"@type\":\"PropertyValueSpecification\",\"valueRequired\":true,\"valueName\":\"search_term_string\"}}],\"inLanguage\":\"es\"},{\"@type\":\"Organization\",\"@id\":\"https:\\\/\\\/fuentesfidedignas.com.mx\\\/#organization\",\"name\":\"Fuentes Fidedignas\",\"url\":\"https:\\\/\\\/fuentesfidedignas.com.mx\\\/\",\"logo\":{\"@type\":\"ImageObject\",\"inLanguage\":\"es\",\"@id\":\"https:\\\/\\\/fuentesfidedignas.com.mx\\\/#\\\/schema\\\/logo\\\/image\\\/\",\"url\":\"https:\\\/\\\/fuentesfidedignas.com.mx\\\/wp-content\\\/uploads\\\/2021\\\/04\\\/logo-retina.png\",\"contentUrl\":\"https:\\\/\\\/fuentesfidedignas.com.mx\\\/wp-content\\\/uploads\\\/2021\\\/04\\\/logo-retina.png\",\"width\":280,\"height\":51,\"caption\":\"Fuentes Fidedignas\"},\"image\":{\"@id\":\"https:\\\/\\\/fuentesfidedignas.com.mx\\\/#\\\/schema\\\/logo\\\/image\\\/\"},\"sameAs\":[\"https:\\\/\\\/www.facebook.com\\\/Fuentes-Fidedignas-368234489921644\",\"https:\\\/\\\/x.com\\\/fidedignas\"]},{\"@type\":\"Person\",\"@id\":\"https:\\\/\\\/fuentesfidedignas.com.mx\\\/#\\\/schema\\\/person\\\/331be9283d37198e2acd5750279085b0\",\"name\":\"Redacci\u00f3n\",\"image\":{\"@type\":\"ImageObject\",\"inLanguage\":\"es\",\"@id\":\"https:\\\/\\\/secure.gravatar.com\\\/avatar\\\/f6d8782c11d12b2d4ad3fbb6931aeab5309937a4d6cd2fc9cfaa28a6396a5aec?s=96&d=mm&r=g\",\"url\":\"https:\\\/\\\/secure.gravatar.com\\\/avatar\\\/f6d8782c11d12b2d4ad3fbb6931aeab5309937a4d6cd2fc9cfaa28a6396a5aec?s=96&d=mm&r=g\",\"contentUrl\":\"https:\\\/\\\/secure.gravatar.com\\\/avatar\\\/f6d8782c11d12b2d4ad3fbb6931aeab5309937a4d6cd2fc9cfaa28a6396a5aec?s=96&d=mm&r=g\",\"caption\":\"Redacci\u00f3n\"},\"url\":\"https:\\\/\\\/fuentesfidedignas.com.mx\\\/index.php\\\/author\\\/redaccion\\\/\"}]}<\/script>\n<!-- \/ Yoast SEO plugin. -->","yoast_head_json":{"title":"En operativo contra el robo de veh\u00edculos en Eldorado y Mocorito, recuperan 4 veh\u00edculos robados - Fuentes Fidedignas","robots":{"index":"index","follow":"follow","max-snippet":"max-snippet:-1","max-image-preview":"max-image-preview:large","max-video-preview":"max-video-preview:-1"},"canonical":"https:\/\/fuentesfidedignas.com.mx\/index.php\/2026\/04\/30\/en-operativo-contra-el-robo-de-vehiculos-en-eldorado-y-mocorito-recuperan-4-vehiculos-robados\/","og_locale":"es_MX","og_type":"article","og_title":"En operativo contra el robo de veh\u00edculos en Eldorado y Mocorito, recuperan 4 veh\u00edculos robados - Fuentes Fidedignas","og_description":"Todas las unidades fueron trasladadas a la Unidad de Bienes Asegurados de la Fiscal\u00eda General del Estado para que se realicen las diligencias correspondientes. Como parte del Operativo Interinstitucional Contra el Robo de Veh\u00edculos, elementos de la Secretar\u00eda de Seguridad P\u00fablica del Estado de Sinaloa, a trav\u00e9s de la Polic\u00eda Estatal Preventiva, en coordinaci\u00f3n con [&hellip;]","og_url":"https:\/\/fuentesfidedignas.com.mx\/index.php\/2026\/04\/30\/en-operativo-contra-el-robo-de-vehiculos-en-eldorado-y-mocorito-recuperan-4-vehiculos-robados\/","og_site_name":"Fuentes Fidedignas","article_publisher":"https:\/\/www.facebook.com\/Fuentes-Fidedignas-368234489921644","article_published_time":"2026-04-30T13:34:46+00:00","article_modified_time":"2026-04-30T13:34:53+00:00","og_image":[{"width":500,"height":339,"url":"https:\/\/fuentesfidedignas.com.mx\/wp-content\/uploads\/2026\/04\/camioneta_robo.jpg","type":"image\/jpeg"}],"author":"Redacci\u00f3n","twitter_card":"summary_large_image","twitter_creator":"@fidedignas","twitter_site":"@fidedignas","twitter_misc":{"Escrito por":"Redacci\u00f3n","Tiempo de lectura":"2 minutos"},"schema":{"@context":"https:\/\/schema.org","@graph":[{"@type":"Article","@id":"https:\/\/fuentesfidedignas.com.mx\/index.php\/2026\/04\/30\/en-operativo-contra-el-robo-de-vehiculos-en-eldorado-y-mocorito-recuperan-4-vehiculos-robados\/#article","isPartOf":{"@id":"https:\/\/fuentesfidedignas.com.mx\/index.php\/2026\/04\/30\/en-operativo-contra-el-robo-de-vehiculos-en-eldorado-y-mocorito-recuperan-4-vehiculos-robados\/"},"author":{"name":"Redacci\u00f3n","@id":"https:\/\/fuentesfidedignas.com.mx\/#\/schema\/person\/331be9283d37198e2acd5750279085b0"},"headline":"En operativo contra el robo de veh\u00edculos en Eldorado y Mocorito, recuperan 4 veh\u00edculos robados","datePublished":"2026-04-30T13:34:46+00:00","dateModified":"2026-04-30T13:34:53+00:00","mainEntityOfPage":{"@id":"https:\/\/fuentesfidedignas.com.mx\/index.php\/2026\/04\/30\/en-operativo-contra-el-robo-de-vehiculos-en-eldorado-y-mocorito-recuperan-4-vehiculos-robados\/"},"wordCount":277,"commentCount":0,"publisher":{"@id":"https:\/\/fuentesfidedignas.com.mx\/#organization"},"image":{"@id":"https:\/\/fuentesfidedignas.com.mx\/index.php\/2026\/04\/30\/en-operativo-contra-el-robo-de-vehiculos-en-eldorado-y-mocorito-recuperan-4-vehiculos-robados\/#primaryimage"},"thumbnailUrl":"https:\/\/fuentesfidedignas.com.mx\/wp-content\/uploads\/2026\/04\/camioneta_robo.jpg","articleSection":["NOTICIAS LOCALES"],"inLanguage":"es","potentialAction":[{"@type":"CommentAction","name":"Comment","target":["https:\/\/fuentesfidedignas.com.mx\/index.php\/2026\/04\/30\/en-operativo-contra-el-robo-de-vehiculos-en-eldorado-y-mocorito-recuperan-4-vehiculos-robados\/#respond"]}]},{"@type":"WebPage","@id":"https:\/\/fuentesfidedignas.com.mx\/index.php\/2026\/04\/30\/en-operativo-contra-el-robo-de-vehiculos-en-eldorado-y-mocorito-recuperan-4-vehiculos-robados\/","url":"https:\/\/fuentesfidedignas.com.mx\/index.php\/2026\/04\/30\/en-operativo-contra-el-robo-de-vehiculos-en-eldorado-y-mocorito-recuperan-4-vehiculos-robados\/","name":"En operativo contra el robo de veh\u00edculos en Eldorado y Mocorito, recuperan 4 veh\u00edculos robados - Fuentes Fidedignas","isPartOf":{"@id":"https:\/\/fuentesfidedignas.com.mx\/#website"},"primaryImageOfPage":{"@id":"https:\/\/fuentesfidedignas.com.mx\/index.php\/2026\/04\/30\/en-operativo-contra-el-robo-de-vehiculos-en-eldorado-y-mocorito-recuperan-4-vehiculos-robados\/#primaryimage"},"image":{"@id":"https:\/\/fuentesfidedignas.com.mx\/index.php\/2026\/04\/30\/en-operativo-contra-el-robo-de-vehiculos-en-eldorado-y-mocorito-recuperan-4-vehiculos-robados\/#primaryimage"},"thumbnailUrl":"https:\/\/fuentesfidedignas.com.mx\/wp-content\/uploads\/2026\/04\/camioneta_robo.jpg","datePublished":"2026-04-30T13:34:46+00:00","dateModified":"2026-04-30T13:34:53+00:00","breadcrumb":{"@id":"https:\/\/fuentesfidedignas.com.mx\/index.php\/2026\/04\/30\/en-operativo-contra-el-robo-de-vehiculos-en-eldorado-y-mocorito-recuperan-4-vehiculos-robados\/#breadcrumb"},"inLanguage":"es","potentialAction":[{"@type":"ReadAction","target":["https:\/\/fuentesfidedignas.com.mx\/index.php\/2026\/04\/30\/en-operativo-contra-el-robo-de-vehiculos-en-eldorado-y-mocorito-recuperan-4-vehiculos-robados\/"]}]},{"@type":"ImageObject","inLanguage":"es","@id":"https:\/\/fuentesfidedignas.com.mx\/index.php\/2026\/04\/30\/en-operativo-contra-el-robo-de-vehiculos-en-eldorado-y-mocorito-recuperan-4-vehiculos-robados\/#primaryimage","url":"https:\/\/fuentesfidedignas.com.mx\/wp-content\/uploads\/2026\/04\/camioneta_robo.jpg","contentUrl":"https:\/\/fuentesfidedignas.com.mx\/wp-content\/uploads\/2026\/04\/camioneta_robo.jpg","width":500,"height":339},{"@type":"BreadcrumbList","@id":"https:\/\/fuentesfidedignas.com.mx\/index.php\/2026\/04\/30\/en-operativo-contra-el-robo-de-vehiculos-en-eldorado-y-mocorito-recuperan-4-vehiculos-robados\/#breadcrumb","itemListElement":[{"@type":"ListItem","position":1,"name":"Inicio","item":"https:\/\/fuentesfidedignas.com.mx\/"},{"@type":"ListItem","position":2,"name":"En operativo contra el robo de veh\u00edculos en Eldorado y Mocorito, recuperan 4 veh\u00edculos robados"}]},{"@type":"WebSite","@id":"https:\/\/fuentesfidedignas.com.mx\/#website","url":"https:\/\/fuentesfidedignas.com.mx\/","name":"Fuentes Fidedignas","description":"Otro sitio realizado con WordPress","publisher":{"@id":"https:\/\/fuentesfidedignas.com.mx\/#organization"},"potentialAction":[{"@type":"SearchAction","target":{"@type":"EntryPoint","urlTemplate":"https:\/\/fuentesfidedignas.com.mx\/?s={search_term_string}"},"query-input":{"@type":"PropertyValueSpecification","valueRequired":true,"valueName":"search_term_string"}}],"inLanguage":"es"},{"@type":"Organization","@id":"https:\/\/fuentesfidedignas.com.mx\/#organization","name":"Fuentes Fidedignas","url":"https:\/\/fuentesfidedignas.com.mx\/","logo":{"@type":"ImageObject","inLanguage":"es","@id":"https:\/\/fuentesfidedignas.com.mx\/#\/schema\/logo\/image\/","url":"https:\/\/fuentesfidedignas.com.mx\/wp-content\/uploads\/2021\/04\/logo-retina.png","contentUrl":"https:\/\/fuentesfidedignas.com.mx\/wp-content\/uploads\/2021\/04\/logo-retina.png","width":280,"height":51,"caption":"Fuentes Fidedignas"},"image":{"@id":"https:\/\/fuentesfidedignas.com.mx\/#\/schema\/logo\/image\/"},"sameAs":["https:\/\/www.facebook.com\/Fuentes-Fidedignas-368234489921644","https:\/\/x.com\/fidedignas"]},{"@type":"Person","@id":"https:\/\/fuentesfidedignas.com.mx\/#\/schema\/person\/331be9283d37198e2acd5750279085b0","name":"Redacci\u00f3n","image":{"@type":"ImageObject","inLanguage":"es","@id":"https:\/\/secure.gravatar.com\/avatar\/f6d8782c11d12b2d4ad3fbb6931aeab5309937a4d6cd2fc9cfaa28a6396a5aec?s=96&d=mm&r=g","url":"https:\/\/secure.gravatar.com\/avatar\/f6d8782c11d12b2d4ad3fbb6931aeab5309937a4d6cd2fc9cfaa28a6396a5aec?s=96&d=mm&r=g","contentUrl":"https:\/\/secure.gravatar.com\/avatar\/f6d8782c11d12b2d4ad3fbb6931aeab5309937a4d6cd2fc9cfaa28a6396a5aec?s=96&d=mm&r=g","caption":"Redacci\u00f3n"},"url":"https:\/\/fuentesfidedignas.com.mx\/index.php\/author\/redaccion\/"}]}},"_links":{"self":[{"href":"https:\/\/fuentesfidedignas.com.mx\/index.php\/wp-json\/wp\/v2\/posts\/132564","targetHints":{"allow":["GET"]}}],"collection":[{"href":"https:\/\/fuentesfidedignas.com.mx\/index.php\/wp-json\/wp\/v2\/posts"}],"about":[{"href":"https:\/\/fuentesfidedignas.com.mx\/index.php\/wp-json\/wp\/v2\/types\/post"}],"author":[{"embeddable":true,"href":"https:\/\/fuentesfidedignas.com.mx\/index.php\/wp-json\/wp\/v2\/users\/4"}],"replies":[{"embeddable":true,"href":"https:\/\/fuentesfidedignas.com.mx\/index.php\/wp-json\/wp\/v2\/comments?post=132564"}],"version-history":[{"count":1,"href":"https:\/\/fuentesfidedignas.com.mx\/index.php\/wp-json\/wp\/v2\/posts\/132564\/revisions"}],"predecessor-version":[{"id":132566,"href":"https:\/\/fuentesfidedignas.com.mx\/index.php\/wp-json\/wp\/v2\/posts\/132564\/revisions\/132566"}],"wp:featuredmedia":[{"embeddable":true,"href":"https:\/\/fuentesfidedignas.com.mx\/index.php\/wp-json\/wp\/v2\/media\/132565"}],"wp:attachment":[{"href":"https:\/\/fuentesfidedignas.com.mx\/index.php\/wp-json\/wp\/v2\/media?parent=132564"}],"wp:term":[{"taxonomy":"category","embeddable":true,"href":"https:\/\/fuentesfidedignas.com.mx\/index.php\/wp-json\/wp\/v2\/categories?post=132564"},{"taxonomy":"post_tag","embeddable":true,"href":"https:\/\/fuentesfidedignas.com.mx\/index.php\/wp-json\/wp\/v2\/tags?post=132564"}],"curies":[{"name":"wp","href":"https:\/\/api.w.org\/{rel}","templated":true}]}}