{"id":132562,"date":"2026-04-30T06:19:10","date_gmt":"2026-04-30T13:19:10","guid":{"rendered":"https:\/\/fuentesfidedignas.com.mx\/?p=132562"},"modified":"2026-04-30T06:19:14","modified_gmt":"2026-04-30T13:19:14","slug":"sader-abre-hoy-ventanilla-para-pagos-pendientes-a-productores-de-maiz-del-ciclo-2023-2024-anuncian","status":"publish","type":"post","link":"https:\/\/fuentesfidedignas.com.mx\/index.php\/2026\/04\/30\/sader-abre-hoy-ventanilla-para-pagos-pendientes-a-productores-de-maiz-del-ciclo-2023-2024-anuncian\/","title":{"rendered":"SADER abre hoy ventanilla para pagos pendientes a productores de ma\u00edz del ciclo 2023-2024, anuncian"},"content":{"rendered":"\n<p><strong><em>El per\u00edodo de registro estar\u00e1 vigente hasta el d\u00eda 30 de mayo<\/em><\/strong><\/p>\n\n\n\n<p>Culiac\u00e1n, Sin.- El Secretario de Agricultura y Ganader\u00eda de Sinaloa, Ismael Bello Esquivel, dio a conocer que la SADER public\u00f3 en su p\u00e1gina oficial los requisitos para el registro de productores para el Apoyo Federal Extraordinario de ma\u00edz blanco, ciclo oto\u00f1o-invierno 2023-2024 en Sinaloa.<\/p>\n\n\n\n<p>Para tal efecto, la secretar\u00eda de Agricultura y Desarrollo Rural aperturar\u00e1 su ventanilla a partir de ma\u00f1ana 30 de abril y estar\u00e1 vigente hasta el d\u00eda 30 de mayo del a\u00f1o en curso, para que los productores que a\u00fan est\u00e1n pendientes de este pago federal, puedan acceder al mismo.<\/p>\n\n\n\n<p>Bello Esquivel manifest\u00f3 que esta decisi\u00f3n se tom\u00f3, ante las permanentes gestiones realizadas por el Gobernador Rub\u00e9n Rocha Moya, ante la Presidenta Claudia Sheinbaum Pardo, en donde en todo momento se estuvo intercediendo para que el pago a los productores sinaloenses se siguiera registrando, a\u00fan y despu\u00e9s del cierre de Segalmex y que luego SADER tom\u00f3 la responsabilidad del caso.<\/p>\n\n\n\n<p>En el comunicado oficial, se establece que de conformidad con los \u201clineamientos para otorgar el incentivo a productoras y productores del ma\u00edz del Estado de Sinaloa que no recibieron su Apoyo Federal del ciclo oto\u00f1o-invierno 2023-2024\u201d, publicados en la p\u00e1gina oficial de AGRICULTURA el 9 de abril de 2026; y a Io establecido en la \u201cMec\u00e1nica Operativa Para el Otorgamiento del Apoyo Federal Extraordinario del Esquema Comercial de Ma\u00edz del Ciclo Oto\u00f1o-lnvierno 2023-2024\u201d de SEGALMEX, se comunica a las personas que habiendo cumplido en tiempo y forma con los criterios y requisitos de elegibilidad establecidos que se pueden presentar a realizar su tr\u00e1mite en la Oficina de Representaci\u00f3n Estatal en la Entidad Federativa Sinaloa, para acceder al incentivo.<\/p>\n\n\n\n<p>Para acceder a este beneficio, es importante que la documentaci\u00f3n e informaci\u00f3n proporcionada se encuentre completa, fidedigna, legible y actualizada, para lo cual deber\u00e1n de presentar original y copia para cotejo de la siguiente informaci\u00f3n:<\/p>\n\n\n\n<p>Identificaci\u00f3n oficial (INE o pasaporte), Formato \u201cRegistro de Productor al Programa de Precios de Garant\u00eda a Productos Alimentarios B\u00e1sicos\u201d, otorgado por SEGALMEX, Escrito bajo protesta de decir verdad, firmado por la persona beneficiaria, donde se declare el cumplimiento de las reglas de operaci\u00f3n de SEGALMEX y la falta de pago del incentivo.<\/p>\n\n\n\n<p>Con dicha informaci\u00f3n se iniciar\u00e1 la verificaci\u00f3n de los expedientes de los productores y el periodo para presentar el registro de productor ser\u00e1 a partir de este jueves 30 de abril y estar\u00e1 vigente hasta el d\u00eda 30 de mayo del a\u00f1o en curso en las oficinas de SADER.<\/p>\n\n\n\n<p>Bello Esquivel cit\u00f3 que la decisi\u00f3n se tom\u00f3 tambi\u00e9n despu\u00e9s de que pese a cumplir con los criterios de elegibilidad y contar con un status de positivo por parte de SEGALMEX, no recibieron el incentivo ante el cierre de este dependencia y, ahora, despu\u00e9s de las gestiones realizadas, los 505 productores que quedaron pendientes de pago podr\u00e1n acceder a este apoyo federal extraordinario.<\/p>\n","protected":false},"excerpt":{"rendered":"<p>El per\u00edodo de registro estar\u00e1 vigente hasta el d\u00eda 30 de mayo Culiac\u00e1n, Sin.- El Secretario de Agricultura y Ganader\u00eda de Sinaloa, Ismael Bello Esquivel, dio a conocer que la SADER public\u00f3 en su p\u00e1gina oficial los requisitos para el registro de productores para el Apoyo Federal Extraordinario de ma\u00edz blanco, ciclo oto\u00f1o-invierno 2023-2024 en [&hellip;]<\/p>\n","protected":false},"author":4,"featured_media":51111,"comment_status":"open","ping_status":"open","sticky":false,"template":"","format":"standard","meta":{"tdm_status":"","tdm_grid_status":"","footnotes":""},"categories":[37],"tags":[],"class_list":{"0":"post-132562","1":"post","2":"type-post","3":"status-publish","4":"format-standard","5":"has-post-thumbnail","7":"category-nota-principal"},"yoast_head":"<!-- This site is optimized with the Yoast SEO plugin v27.5 - https:\/\/yoast.com\/product\/yoast-seo-wordpress\/ -->\n<title>SADER abre hoy ventanilla para pagos pendientes a productores de ma\u00edz del ciclo 2023-2024, anuncian - Fuentes Fidedignas<\/title>\n<meta name=\"robots\" content=\"index, follow, max-snippet:-1, max-image-preview:large, max-video-preview:-1\" \/>\n<link rel=\"canonical\" href=\"https:\/\/fuentesfidedignas.com.mx\/index.php\/2026\/04\/30\/sader-abre-hoy-ventanilla-para-pagos-pendientes-a-productores-de-maiz-del-ciclo-2023-2024-anuncian\/\" \/>\n<meta property=\"og:locale\" content=\"es_MX\" \/>\n<meta property=\"og:type\" content=\"article\" \/>\n<meta property=\"og:title\" content=\"SADER abre hoy ventanilla para pagos pendientes a productores de ma\u00edz del ciclo 2023-2024, anuncian - Fuentes Fidedignas\" \/>\n<meta property=\"og:description\" content=\"El per\u00edodo de registro estar\u00e1 vigente hasta el d\u00eda 30 de mayo Culiac\u00e1n, Sin.- El Secretario de Agricultura y Ganader\u00eda de Sinaloa, Ismael Bello Esquivel, dio a conocer que la SADER public\u00f3 en su p\u00e1gina oficial los requisitos para el registro de productores para el Apoyo Federal Extraordinario de ma\u00edz blanco, ciclo oto\u00f1o-invierno 2023-2024 en [&hellip;]\" \/>\n<meta property=\"og:url\" content=\"https:\/\/fuentesfidedignas.com.mx\/index.php\/2026\/04\/30\/sader-abre-hoy-ventanilla-para-pagos-pendientes-a-productores-de-maiz-del-ciclo-2023-2024-anuncian\/\" \/>\n<meta property=\"og:site_name\" content=\"Fuentes Fidedignas\" \/>\n<meta property=\"article:publisher\" content=\"https:\/\/www.facebook.com\/Fuentes-Fidedignas-368234489921644\" \/>\n<meta property=\"article:published_time\" content=\"2026-04-30T13:19:10+00:00\" \/>\n<meta property=\"article:modified_time\" content=\"2026-04-30T13:19:14+00:00\" \/>\n<meta property=\"og:image\" content=\"https:\/\/fuentesfidedignas.com.mx\/wp-content\/uploads\/2023\/06\/MAIZ_01.jpg\" \/>\n\t<meta property=\"og:image:width\" content=\"958\" \/>\n\t<meta property=\"og:image:height\" content=\"647\" \/>\n\t<meta property=\"og:image:type\" content=\"image\/jpeg\" \/>\n<meta name=\"author\" content=\"Redacci\u00f3n\" \/>\n<meta name=\"twitter:card\" content=\"summary_large_image\" \/>\n<meta name=\"twitter:creator\" content=\"@fidedignas\" \/>\n<meta name=\"twitter:site\" content=\"@fidedignas\" \/>\n<meta name=\"twitter:label1\" content=\"Escrito por\" \/>\n\t<meta name=\"twitter:data1\" content=\"Redacci\u00f3n\" \/>\n\t<meta name=\"twitter:label2\" content=\"Tiempo de lectura\" \/>\n\t<meta name=\"twitter:data2\" content=\"3 minutos\" \/>\n<script type=\"application\/ld+json\" class=\"yoast-schema-graph\">{\"@context\":\"https:\\\/\\\/schema.org\",\"@graph\":[{\"@type\":\"Article\",\"@id\":\"https:\\\/\\\/fuentesfidedignas.com.mx\\\/index.php\\\/2026\\\/04\\\/30\\\/sader-abre-hoy-ventanilla-para-pagos-pendientes-a-productores-de-maiz-del-ciclo-2023-2024-anuncian\\\/#article\",\"isPartOf\":{\"@id\":\"https:\\\/\\\/fuentesfidedignas.com.mx\\\/index.php\\\/2026\\\/04\\\/30\\\/sader-abre-hoy-ventanilla-para-pagos-pendientes-a-productores-de-maiz-del-ciclo-2023-2024-anuncian\\\/\"},\"author\":{\"name\":\"Redacci\u00f3n\",\"@id\":\"https:\\\/\\\/fuentesfidedignas.com.mx\\\/#\\\/schema\\\/person\\\/331be9283d37198e2acd5750279085b0\"},\"headline\":\"SADER abre hoy ventanilla para pagos pendientes a productores de ma\u00edz del ciclo 2023-2024, anuncian\",\"datePublished\":\"2026-04-30T13:19:10+00:00\",\"dateModified\":\"2026-04-30T13:19:14+00:00\",\"mainEntityOfPage\":{\"@id\":\"https:\\\/\\\/fuentesfidedignas.com.mx\\\/index.php\\\/2026\\\/04\\\/30\\\/sader-abre-hoy-ventanilla-para-pagos-pendientes-a-productores-de-maiz-del-ciclo-2023-2024-anuncian\\\/\"},\"wordCount\":533,\"commentCount\":0,\"publisher\":{\"@id\":\"https:\\\/\\\/fuentesfidedignas.com.mx\\\/#organization\"},\"image\":{\"@id\":\"https:\\\/\\\/fuentesfidedignas.com.mx\\\/index.php\\\/2026\\\/04\\\/30\\\/sader-abre-hoy-ventanilla-para-pagos-pendientes-a-productores-de-maiz-del-ciclo-2023-2024-anuncian\\\/#primaryimage\"},\"thumbnailUrl\":\"https:\\\/\\\/fuentesfidedignas.com.mx\\\/wp-content\\\/uploads\\\/2023\\\/06\\\/MAIZ_01.jpg\",\"articleSection\":[\"NOTA PRINCIPAL\"],\"inLanguage\":\"es\",\"potentialAction\":[{\"@type\":\"CommentAction\",\"name\":\"Comment\",\"target\":[\"https:\\\/\\\/fuentesfidedignas.com.mx\\\/index.php\\\/2026\\\/04\\\/30\\\/sader-abre-hoy-ventanilla-para-pagos-pendientes-a-productores-de-maiz-del-ciclo-2023-2024-anuncian\\\/#respond\"]}]},{\"@type\":\"WebPage\",\"@id\":\"https:\\\/\\\/fuentesfidedignas.com.mx\\\/index.php\\\/2026\\\/04\\\/30\\\/sader-abre-hoy-ventanilla-para-pagos-pendientes-a-productores-de-maiz-del-ciclo-2023-2024-anuncian\\\/\",\"url\":\"https:\\\/\\\/fuentesfidedignas.com.mx\\\/index.php\\\/2026\\\/04\\\/30\\\/sader-abre-hoy-ventanilla-para-pagos-pendientes-a-productores-de-maiz-del-ciclo-2023-2024-anuncian\\\/\",\"name\":\"SADER abre hoy ventanilla para pagos pendientes a productores de ma\u00edz del ciclo 2023-2024, anuncian - Fuentes Fidedignas\",\"isPartOf\":{\"@id\":\"https:\\\/\\\/fuentesfidedignas.com.mx\\\/#website\"},\"primaryImageOfPage\":{\"@id\":\"https:\\\/\\\/fuentesfidedignas.com.mx\\\/index.php\\\/2026\\\/04\\\/30\\\/sader-abre-hoy-ventanilla-para-pagos-pendientes-a-productores-de-maiz-del-ciclo-2023-2024-anuncian\\\/#primaryimage\"},\"image\":{\"@id\":\"https:\\\/\\\/fuentesfidedignas.com.mx\\\/index.php\\\/2026\\\/04\\\/30\\\/sader-abre-hoy-ventanilla-para-pagos-pendientes-a-productores-de-maiz-del-ciclo-2023-2024-anuncian\\\/#primaryimage\"},\"thumbnailUrl\":\"https:\\\/\\\/fuentesfidedignas.com.mx\\\/wp-content\\\/uploads\\\/2023\\\/06\\\/MAIZ_01.jpg\",\"datePublished\":\"2026-04-30T13:19:10+00:00\",\"dateModified\":\"2026-04-30T13:19:14+00:00\",\"breadcrumb\":{\"@id\":\"https:\\\/\\\/fuentesfidedignas.com.mx\\\/index.php\\\/2026\\\/04\\\/30\\\/sader-abre-hoy-ventanilla-para-pagos-pendientes-a-productores-de-maiz-del-ciclo-2023-2024-anuncian\\\/#breadcrumb\"},\"inLanguage\":\"es\",\"potentialAction\":[{\"@type\":\"ReadAction\",\"target\":[\"https:\\\/\\\/fuentesfidedignas.com.mx\\\/index.php\\\/2026\\\/04\\\/30\\\/sader-abre-hoy-ventanilla-para-pagos-pendientes-a-productores-de-maiz-del-ciclo-2023-2024-anuncian\\\/\"]}]},{\"@type\":\"ImageObject\",\"inLanguage\":\"es\",\"@id\":\"https:\\\/\\\/fuentesfidedignas.com.mx\\\/index.php\\\/2026\\\/04\\\/30\\\/sader-abre-hoy-ventanilla-para-pagos-pendientes-a-productores-de-maiz-del-ciclo-2023-2024-anuncian\\\/#primaryimage\",\"url\":\"https:\\\/\\\/fuentesfidedignas.com.mx\\\/wp-content\\\/uploads\\\/2023\\\/06\\\/MAIZ_01.jpg\",\"contentUrl\":\"https:\\\/\\\/fuentesfidedignas.com.mx\\\/wp-content\\\/uploads\\\/2023\\\/06\\\/MAIZ_01.jpg\",\"width\":958,\"height\":647},{\"@type\":\"BreadcrumbList\",\"@id\":\"https:\\\/\\\/fuentesfidedignas.com.mx\\\/index.php\\\/2026\\\/04\\\/30\\\/sader-abre-hoy-ventanilla-para-pagos-pendientes-a-productores-de-maiz-del-ciclo-2023-2024-anuncian\\\/#breadcrumb\",\"itemListElement\":[{\"@type\":\"ListItem\",\"position\":1,\"name\":\"Inicio\",\"item\":\"https:\\\/\\\/fuentesfidedignas.com.mx\\\/\"},{\"@type\":\"ListItem\",\"position\":2,\"name\":\"SADER abre hoy ventanilla para pagos pendientes a productores de ma\u00edz del ciclo 2023-2024, anuncian\"}]},{\"@type\":\"WebSite\",\"@id\":\"https:\\\/\\\/fuentesfidedignas.com.mx\\\/#website\",\"url\":\"https:\\\/\\\/fuentesfidedignas.com.mx\\\/\",\"name\":\"Fuentes Fidedignas\",\"description\":\"Otro sitio realizado con WordPress\",\"publisher\":{\"@id\":\"https:\\\/\\\/fuentesfidedignas.com.mx\\\/#organization\"},\"potentialAction\":[{\"@type\":\"SearchAction\",\"target\":{\"@type\":\"EntryPoint\",\"urlTemplate\":\"https:\\\/\\\/fuentesfidedignas.com.mx\\\/?s={search_term_string}\"},\"query-input\":{\"@type\":\"PropertyValueSpecification\",\"valueRequired\":true,\"valueName\":\"search_term_string\"}}],\"inLanguage\":\"es\"},{\"@type\":\"Organization\",\"@id\":\"https:\\\/\\\/fuentesfidedignas.com.mx\\\/#organization\",\"name\":\"Fuentes Fidedignas\",\"url\":\"https:\\\/\\\/fuentesfidedignas.com.mx\\\/\",\"logo\":{\"@type\":\"ImageObject\",\"inLanguage\":\"es\",\"@id\":\"https:\\\/\\\/fuentesfidedignas.com.mx\\\/#\\\/schema\\\/logo\\\/image\\\/\",\"url\":\"https:\\\/\\\/fuentesfidedignas.com.mx\\\/wp-content\\\/uploads\\\/2021\\\/04\\\/logo-retina.png\",\"contentUrl\":\"https:\\\/\\\/fuentesfidedignas.com.mx\\\/wp-content\\\/uploads\\\/2021\\\/04\\\/logo-retina.png\",\"width\":280,\"height\":51,\"caption\":\"Fuentes Fidedignas\"},\"image\":{\"@id\":\"https:\\\/\\\/fuentesfidedignas.com.mx\\\/#\\\/schema\\\/logo\\\/image\\\/\"},\"sameAs\":[\"https:\\\/\\\/www.facebook.com\\\/Fuentes-Fidedignas-368234489921644\",\"https:\\\/\\\/x.com\\\/fidedignas\"]},{\"@type\":\"Person\",\"@id\":\"https:\\\/\\\/fuentesfidedignas.com.mx\\\/#\\\/schema\\\/person\\\/331be9283d37198e2acd5750279085b0\",\"name\":\"Redacci\u00f3n\",\"image\":{\"@type\":\"ImageObject\",\"inLanguage\":\"es\",\"@id\":\"https:\\\/\\\/secure.gravatar.com\\\/avatar\\\/f6d8782c11d12b2d4ad3fbb6931aeab5309937a4d6cd2fc9cfaa28a6396a5aec?s=96&d=mm&r=g\",\"url\":\"https:\\\/\\\/secure.gravatar.com\\\/avatar\\\/f6d8782c11d12b2d4ad3fbb6931aeab5309937a4d6cd2fc9cfaa28a6396a5aec?s=96&d=mm&r=g\",\"contentUrl\":\"https:\\\/\\\/secure.gravatar.com\\\/avatar\\\/f6d8782c11d12b2d4ad3fbb6931aeab5309937a4d6cd2fc9cfaa28a6396a5aec?s=96&d=mm&r=g\",\"caption\":\"Redacci\u00f3n\"},\"url\":\"https:\\\/\\\/fuentesfidedignas.com.mx\\\/index.php\\\/author\\\/redaccion\\\/\"}]}<\/script>\n<!-- \/ Yoast SEO plugin. -->","yoast_head_json":{"title":"SADER abre hoy ventanilla para pagos pendientes a productores de ma\u00edz del ciclo 2023-2024, anuncian - Fuentes Fidedignas","robots":{"index":"index","follow":"follow","max-snippet":"max-snippet:-1","max-image-preview":"max-image-preview:large","max-video-preview":"max-video-preview:-1"},"canonical":"https:\/\/fuentesfidedignas.com.mx\/index.php\/2026\/04\/30\/sader-abre-hoy-ventanilla-para-pagos-pendientes-a-productores-de-maiz-del-ciclo-2023-2024-anuncian\/","og_locale":"es_MX","og_type":"article","og_title":"SADER abre hoy ventanilla para pagos pendientes a productores de ma\u00edz del ciclo 2023-2024, anuncian - Fuentes Fidedignas","og_description":"El per\u00edodo de registro estar\u00e1 vigente hasta el d\u00eda 30 de mayo Culiac\u00e1n, Sin.- El Secretario de Agricultura y Ganader\u00eda de Sinaloa, Ismael Bello Esquivel, dio a conocer que la SADER public\u00f3 en su p\u00e1gina oficial los requisitos para el registro de productores para el Apoyo Federal Extraordinario de ma\u00edz blanco, ciclo oto\u00f1o-invierno 2023-2024 en [&hellip;]","og_url":"https:\/\/fuentesfidedignas.com.mx\/index.php\/2026\/04\/30\/sader-abre-hoy-ventanilla-para-pagos-pendientes-a-productores-de-maiz-del-ciclo-2023-2024-anuncian\/","og_site_name":"Fuentes Fidedignas","article_publisher":"https:\/\/www.facebook.com\/Fuentes-Fidedignas-368234489921644","article_published_time":"2026-04-30T13:19:10+00:00","article_modified_time":"2026-04-30T13:19:14+00:00","og_image":[{"width":958,"height":647,"url":"https:\/\/fuentesfidedignas.com.mx\/wp-content\/uploads\/2023\/06\/MAIZ_01.jpg","type":"image\/jpeg"}],"author":"Redacci\u00f3n","twitter_card":"summary_large_image","twitter_creator":"@fidedignas","twitter_site":"@fidedignas","twitter_misc":{"Escrito por":"Redacci\u00f3n","Tiempo de lectura":"3 minutos"},"schema":{"@context":"https:\/\/schema.org","@graph":[{"@type":"Article","@id":"https:\/\/fuentesfidedignas.com.mx\/index.php\/2026\/04\/30\/sader-abre-hoy-ventanilla-para-pagos-pendientes-a-productores-de-maiz-del-ciclo-2023-2024-anuncian\/#article","isPartOf":{"@id":"https:\/\/fuentesfidedignas.com.mx\/index.php\/2026\/04\/30\/sader-abre-hoy-ventanilla-para-pagos-pendientes-a-productores-de-maiz-del-ciclo-2023-2024-anuncian\/"},"author":{"name":"Redacci\u00f3n","@id":"https:\/\/fuentesfidedignas.com.mx\/#\/schema\/person\/331be9283d37198e2acd5750279085b0"},"headline":"SADER abre hoy ventanilla para pagos pendientes a productores de ma\u00edz del ciclo 2023-2024, anuncian","datePublished":"2026-04-30T13:19:10+00:00","dateModified":"2026-04-30T13:19:14+00:00","mainEntityOfPage":{"@id":"https:\/\/fuentesfidedignas.com.mx\/index.php\/2026\/04\/30\/sader-abre-hoy-ventanilla-para-pagos-pendientes-a-productores-de-maiz-del-ciclo-2023-2024-anuncian\/"},"wordCount":533,"commentCount":0,"publisher":{"@id":"https:\/\/fuentesfidedignas.com.mx\/#organization"},"image":{"@id":"https:\/\/fuentesfidedignas.com.mx\/index.php\/2026\/04\/30\/sader-abre-hoy-ventanilla-para-pagos-pendientes-a-productores-de-maiz-del-ciclo-2023-2024-anuncian\/#primaryimage"},"thumbnailUrl":"https:\/\/fuentesfidedignas.com.mx\/wp-content\/uploads\/2023\/06\/MAIZ_01.jpg","articleSection":["NOTA PRINCIPAL"],"inLanguage":"es","potentialAction":[{"@type":"CommentAction","name":"Comment","target":["https:\/\/fuentesfidedignas.com.mx\/index.php\/2026\/04\/30\/sader-abre-hoy-ventanilla-para-pagos-pendientes-a-productores-de-maiz-del-ciclo-2023-2024-anuncian\/#respond"]}]},{"@type":"WebPage","@id":"https:\/\/fuentesfidedignas.com.mx\/index.php\/2026\/04\/30\/sader-abre-hoy-ventanilla-para-pagos-pendientes-a-productores-de-maiz-del-ciclo-2023-2024-anuncian\/","url":"https:\/\/fuentesfidedignas.com.mx\/index.php\/2026\/04\/30\/sader-abre-hoy-ventanilla-para-pagos-pendientes-a-productores-de-maiz-del-ciclo-2023-2024-anuncian\/","name":"SADER abre hoy ventanilla para pagos pendientes a productores de ma\u00edz del ciclo 2023-2024, anuncian - Fuentes Fidedignas","isPartOf":{"@id":"https:\/\/fuentesfidedignas.com.mx\/#website"},"primaryImageOfPage":{"@id":"https:\/\/fuentesfidedignas.com.mx\/index.php\/2026\/04\/30\/sader-abre-hoy-ventanilla-para-pagos-pendientes-a-productores-de-maiz-del-ciclo-2023-2024-anuncian\/#primaryimage"},"image":{"@id":"https:\/\/fuentesfidedignas.com.mx\/index.php\/2026\/04\/30\/sader-abre-hoy-ventanilla-para-pagos-pendientes-a-productores-de-maiz-del-ciclo-2023-2024-anuncian\/#primaryimage"},"thumbnailUrl":"https:\/\/fuentesfidedignas.com.mx\/wp-content\/uploads\/2023\/06\/MAIZ_01.jpg","datePublished":"2026-04-30T13:19:10+00:00","dateModified":"2026-04-30T13:19:14+00:00","breadcrumb":{"@id":"https:\/\/fuentesfidedignas.com.mx\/index.php\/2026\/04\/30\/sader-abre-hoy-ventanilla-para-pagos-pendientes-a-productores-de-maiz-del-ciclo-2023-2024-anuncian\/#breadcrumb"},"inLanguage":"es","potentialAction":[{"@type":"ReadAction","target":["https:\/\/fuentesfidedignas.com.mx\/index.php\/2026\/04\/30\/sader-abre-hoy-ventanilla-para-pagos-pendientes-a-productores-de-maiz-del-ciclo-2023-2024-anuncian\/"]}]},{"@type":"ImageObject","inLanguage":"es","@id":"https:\/\/fuentesfidedignas.com.mx\/index.php\/2026\/04\/30\/sader-abre-hoy-ventanilla-para-pagos-pendientes-a-productores-de-maiz-del-ciclo-2023-2024-anuncian\/#primaryimage","url":"https:\/\/fuentesfidedignas.com.mx\/wp-content\/uploads\/2023\/06\/MAIZ_01.jpg","contentUrl":"https:\/\/fuentesfidedignas.com.mx\/wp-content\/uploads\/2023\/06\/MAIZ_01.jpg","width":958,"height":647},{"@type":"BreadcrumbList","@id":"https:\/\/fuentesfidedignas.com.mx\/index.php\/2026\/04\/30\/sader-abre-hoy-ventanilla-para-pagos-pendientes-a-productores-de-maiz-del-ciclo-2023-2024-anuncian\/#breadcrumb","itemListElement":[{"@type":"ListItem","position":1,"name":"Inicio","item":"https:\/\/fuentesfidedignas.com.mx\/"},{"@type":"ListItem","position":2,"name":"SADER abre hoy ventanilla para pagos pendientes a productores de ma\u00edz del ciclo 2023-2024, anuncian"}]},{"@type":"WebSite","@id":"https:\/\/fuentesfidedignas.com.mx\/#website","url":"https:\/\/fuentesfidedignas.com.mx\/","name":"Fuentes Fidedignas","description":"Otro sitio realizado con WordPress","publisher":{"@id":"https:\/\/fuentesfidedignas.com.mx\/#organization"},"potentialAction":[{"@type":"SearchAction","target":{"@type":"EntryPoint","urlTemplate":"https:\/\/fuentesfidedignas.com.mx\/?s={search_term_string}"},"query-input":{"@type":"PropertyValueSpecification","valueRequired":true,"valueName":"search_term_string"}}],"inLanguage":"es"},{"@type":"Organization","@id":"https:\/\/fuentesfidedignas.com.mx\/#organization","name":"Fuentes Fidedignas","url":"https:\/\/fuentesfidedignas.com.mx\/","logo":{"@type":"ImageObject","inLanguage":"es","@id":"https:\/\/fuentesfidedignas.com.mx\/#\/schema\/logo\/image\/","url":"https:\/\/fuentesfidedignas.com.mx\/wp-content\/uploads\/2021\/04\/logo-retina.png","contentUrl":"https:\/\/fuentesfidedignas.com.mx\/wp-content\/uploads\/2021\/04\/logo-retina.png","width":280,"height":51,"caption":"Fuentes Fidedignas"},"image":{"@id":"https:\/\/fuentesfidedignas.com.mx\/#\/schema\/logo\/image\/"},"sameAs":["https:\/\/www.facebook.com\/Fuentes-Fidedignas-368234489921644","https:\/\/x.com\/fidedignas"]},{"@type":"Person","@id":"https:\/\/fuentesfidedignas.com.mx\/#\/schema\/person\/331be9283d37198e2acd5750279085b0","name":"Redacci\u00f3n","image":{"@type":"ImageObject","inLanguage":"es","@id":"https:\/\/secure.gravatar.com\/avatar\/f6d8782c11d12b2d4ad3fbb6931aeab5309937a4d6cd2fc9cfaa28a6396a5aec?s=96&d=mm&r=g","url":"https:\/\/secure.gravatar.com\/avatar\/f6d8782c11d12b2d4ad3fbb6931aeab5309937a4d6cd2fc9cfaa28a6396a5aec?s=96&d=mm&r=g","contentUrl":"https:\/\/secure.gravatar.com\/avatar\/f6d8782c11d12b2d4ad3fbb6931aeab5309937a4d6cd2fc9cfaa28a6396a5aec?s=96&d=mm&r=g","caption":"Redacci\u00f3n"},"url":"https:\/\/fuentesfidedignas.com.mx\/index.php\/author\/redaccion\/"}]}},"_links":{"self":[{"href":"https:\/\/fuentesfidedignas.com.mx\/index.php\/wp-json\/wp\/v2\/posts\/132562","targetHints":{"allow":["GET"]}}],"collection":[{"href":"https:\/\/fuentesfidedignas.com.mx\/index.php\/wp-json\/wp\/v2\/posts"}],"about":[{"href":"https:\/\/fuentesfidedignas.com.mx\/index.php\/wp-json\/wp\/v2\/types\/post"}],"author":[{"embeddable":true,"href":"https:\/\/fuentesfidedignas.com.mx\/index.php\/wp-json\/wp\/v2\/users\/4"}],"replies":[{"embeddable":true,"href":"https:\/\/fuentesfidedignas.com.mx\/index.php\/wp-json\/wp\/v2\/comments?post=132562"}],"version-history":[{"count":1,"href":"https:\/\/fuentesfidedignas.com.mx\/index.php\/wp-json\/wp\/v2\/posts\/132562\/revisions"}],"predecessor-version":[{"id":132563,"href":"https:\/\/fuentesfidedignas.com.mx\/index.php\/wp-json\/wp\/v2\/posts\/132562\/revisions\/132563"}],"wp:featuredmedia":[{"embeddable":true,"href":"https:\/\/fuentesfidedignas.com.mx\/index.php\/wp-json\/wp\/v2\/media\/51111"}],"wp:attachment":[{"href":"https:\/\/fuentesfidedignas.com.mx\/index.php\/wp-json\/wp\/v2\/media?parent=132562"}],"wp:term":[{"taxonomy":"category","embeddable":true,"href":"https:\/\/fuentesfidedignas.com.mx\/index.php\/wp-json\/wp\/v2\/categories?post=132562"},{"taxonomy":"post_tag","embeddable":true,"href":"https:\/\/fuentesfidedignas.com.mx\/index.php\/wp-json\/wp\/v2\/tags?post=132562"}],"curies":[{"name":"wp","href":"https:\/\/api.w.org\/{rel}","templated":true}]}}