{"id":132556,"date":"2026-04-30T04:40:00","date_gmt":"2026-04-30T11:40:00","guid":{"rendered":"https:\/\/fuentesfidedignas.com.mx\/?p=132556"},"modified":"2026-04-29T23:40:29","modified_gmt":"2026-04-30T06:40:29","slug":"alumno-se-queja-de-la-calidad-de-un-emparedado-y-la-escuela-lo-manda-al-psicologo","status":"publish","type":"post","link":"https:\/\/fuentesfidedignas.com.mx\/index.php\/2026\/04\/30\/alumno-se-queja-de-la-calidad-de-un-emparedado-y-la-escuela-lo-manda-al-psicologo\/","title":{"rendered":"Alumno se queja de la calidad de un emparedado y la escuela lo manda al psic\u00f3logo"},"content":{"rendered":"\n<p>Cuando public\u00f3 en sus redes sociales una queja sobre la calidad de un s\u00e1ndwich que compr\u00f3 en la cafeter\u00eda de la Universidad Tecnol\u00f3gica de Calakmul, en el estado mexicano de Campeche, Sami Magdiel L\u00f3pez M\u00e9ndez no pens\u00f3 que su acci\u00f3n derivar\u00eda en severas sanciones disciplinarias por parte de las autoridades del centro educativo, que le han exigido una disculpa p\u00fablica y han condicionado su permanencia en la instituci\u00f3n a su participaci\u00f3n en un espacio de &#8220;di\u00e1logo institucional&#8221; coordinado por psic\u00f3logos.<\/p>\n\n\n\n<p>El caso comenz\u00f3 el pasado 10 de marzo, con la publicaci\u00f3n de la cr\u00edtica. En breve, la universidad lo contact\u00f3 y lo cit\u00f3 a comparecer ante la Comisi\u00f3n de Honor y Justicia en una audiencia que tuvo lugar el 13 de marzo.&nbsp;<strong>No se le permiti\u00f3 asistir con un int\u00e9rprete<\/strong>, pese a que es hablante nativo de la lengua ch&#8217;ol maya y tiene derecho a uno. Por esta raz\u00f3n, la omisi\u00f3n ha sido valorada como un acto de racismo y discriminaci\u00f3n.<\/p>\n\n\n\n<p>&#8220;Expres\u00e9 una inconformidad de algo que pagu\u00e9. Y&nbsp;<strong>cuando publiqu\u00e9, se me notific\u00f3 a mi mail institucional que tengo que ir a una audiencia<\/strong>. Decid\u00ed asistir porque no sab\u00eda qu\u00e9 se plantear\u00eda. Llegu\u00e9 con todo respeto, pregunt\u00e9 el motivo y me dijeron que es por la publicaci\u00f3n de mi red social. Pregunt\u00e9 qu\u00e9 hice mal [\u2026].&nbsp;<strong>Me dijeron que afect\u00e9 la imagen institucional<\/strong>&#8220;,&nbsp;<a href=\"https:\/\/www.proceso.com.mx\/nacional\/estados\/2026\/4\/28\/estudiante-se-queja-de-un-sandwich-la-universidad-lo-suspende-lo-envia-al-psicologo-373059.html\" target=\"_blank\" rel=\"noreferrer noopener\">refiri\u00f3<\/a>L\u00f3pez M\u00e9ndez en una entrevista con Proceso.<\/p>\n\n\n\n<h3 class=\"wp-block-heading\">Exigencias<\/h3>\n\n\n\n<p>El dictamen le lleg\u00f3 al estudiante seis d\u00edas m\u00e1s tarde a trav\u00e9s de su correo institucional. En una comunicaci\u00f3n firmada por la directora acad\u00e9mica, Karla Vel\u00e1squez, se le orden\u00f3 borrar la publicaci\u00f3n, que asumiera su autor\u00eda y que&nbsp;<strong>ofreciera una disculpa p\u00fablica<\/strong>&nbsp;en un plazo m\u00e1ximo de 72 horas porque, en opini\u00f3n de la Comisi\u00f3n, no agot\u00f3 los canales institucionales para expresar su malestar.<\/p>\n\n\n\n<p>Asimismo, la entidad argument\u00f3 que si bien L\u00f3pez M\u00e9ndez tiene derecho a manifestar libremente sus pareceres, ello no puede ser a condici\u00f3n de la imagen de la instituci\u00f3n.&#8221;<strong>El ejercicio de la libre expresi\u00f3n debe realizarse con responsabilidad<\/strong>, evitando afectar la imagen institucional o a terceros&#8221;, reza la resoluci\u00f3n.<\/p>\n\n\n\n<p>En adenda, se condicion\u00f3 su reincorporaci\u00f3n a las actividades acad\u00e9micas a su participaci\u00f3n en &#8220;un espacio de di\u00e1logo institucional&#8221; definido y coordinado por la unidad de psicolog\u00eda de la universidad. De acuerdo con la Comisi\u00f3n, L\u00f3pez M\u00e9ndez podr\u00e1 plantear all\u00ed su&nbsp;disconformidad y fortalecer el di\u00e1logo dentro de los canales establecidos.<\/p>\n","protected":false},"excerpt":{"rendered":"<p>Cuando public\u00f3 en sus redes sociales una queja sobre la calidad de un s\u00e1ndwich que compr\u00f3 en la cafeter\u00eda de la Universidad Tecnol\u00f3gica de Calakmul, en el estado mexicano de Campeche, Sami Magdiel L\u00f3pez M\u00e9ndez no pens\u00f3 que su acci\u00f3n derivar\u00eda en severas sanciones disciplinarias por parte de las autoridades del centro educativo, que le [&hellip;]<\/p>\n","protected":false},"author":38,"featured_media":132555,"comment_status":"closed","ping_status":"open","sticky":false,"template":"","format":"standard","meta":{"tdm_status":"","tdm_grid_status":"","footnotes":""},"categories":[40],"tags":[],"class_list":{"0":"post-132556","1":"post","2":"type-post","3":"status-publish","4":"format-standard","5":"has-post-thumbnail","7":"category-las-asombrosas"},"yoast_head":"<!-- This site is optimized with the Yoast SEO plugin v27.5 - https:\/\/yoast.com\/product\/yoast-seo-wordpress\/ -->\n<title>Alumno se queja de la calidad de un emparedado y la escuela lo manda al psic\u00f3logo - Fuentes Fidedignas<\/title>\n<meta name=\"robots\" content=\"index, follow, max-snippet:-1, max-image-preview:large, max-video-preview:-1\" \/>\n<link rel=\"canonical\" href=\"https:\/\/fuentesfidedignas.com.mx\/index.php\/2026\/04\/30\/alumno-se-queja-de-la-calidad-de-un-emparedado-y-la-escuela-lo-manda-al-psicologo\/\" \/>\n<meta property=\"og:locale\" content=\"es_MX\" \/>\n<meta property=\"og:type\" content=\"article\" \/>\n<meta property=\"og:title\" content=\"Alumno se queja de la calidad de un emparedado y la escuela lo manda al psic\u00f3logo - Fuentes Fidedignas\" \/>\n<meta property=\"og:description\" content=\"Cuando public\u00f3 en sus redes sociales una queja sobre la calidad de un s\u00e1ndwich que compr\u00f3 en la cafeter\u00eda de la Universidad Tecnol\u00f3gica de Calakmul, en el estado mexicano de Campeche, Sami Magdiel L\u00f3pez M\u00e9ndez no pens\u00f3 que su acci\u00f3n derivar\u00eda en severas sanciones disciplinarias por parte de las autoridades del centro educativo, que le [&hellip;]\" \/>\n<meta property=\"og:url\" content=\"https:\/\/fuentesfidedignas.com.mx\/index.php\/2026\/04\/30\/alumno-se-queja-de-la-calidad-de-un-emparedado-y-la-escuela-lo-manda-al-psicologo\/\" \/>\n<meta property=\"og:site_name\" content=\"Fuentes Fidedignas\" \/>\n<meta property=\"article:publisher\" content=\"https:\/\/www.facebook.com\/Fuentes-Fidedignas-368234489921644\" \/>\n<meta property=\"article:published_time\" content=\"2026-04-30T11:40:00+00:00\" \/>\n<meta property=\"og:image\" content=\"https:\/\/fuentesfidedignas.com.mx\/wp-content\/uploads\/2026\/04\/img_8192.jpg\" \/>\n\t<meta property=\"og:image:width\" content=\"1104\" \/>\n\t<meta property=\"og:image:height\" content=\"622\" \/>\n\t<meta property=\"og:image:type\" content=\"image\/jpeg\" \/>\n<meta name=\"author\" content=\"Actualidad RT\" \/>\n<meta name=\"twitter:card\" content=\"summary_large_image\" \/>\n<meta name=\"twitter:creator\" content=\"@fidedignas\" \/>\n<meta name=\"twitter:site\" content=\"@fidedignas\" \/>\n<meta name=\"twitter:label1\" content=\"Escrito por\" \/>\n\t<meta name=\"twitter:data1\" content=\"Actualidad RT\" \/>\n\t<meta name=\"twitter:label2\" content=\"Tiempo de lectura\" \/>\n\t<meta name=\"twitter:data2\" content=\"2 minutos\" \/>\n<script type=\"application\/ld+json\" class=\"yoast-schema-graph\">{\"@context\":\"https:\\\/\\\/schema.org\",\"@graph\":[{\"@type\":\"Article\",\"@id\":\"https:\\\/\\\/fuentesfidedignas.com.mx\\\/index.php\\\/2026\\\/04\\\/30\\\/alumno-se-queja-de-la-calidad-de-un-emparedado-y-la-escuela-lo-manda-al-psicologo\\\/#article\",\"isPartOf\":{\"@id\":\"https:\\\/\\\/fuentesfidedignas.com.mx\\\/index.php\\\/2026\\\/04\\\/30\\\/alumno-se-queja-de-la-calidad-de-un-emparedado-y-la-escuela-lo-manda-al-psicologo\\\/\"},\"author\":{\"name\":\"Actualidad RT\",\"@id\":\"https:\\\/\\\/fuentesfidedignas.com.mx\\\/#\\\/schema\\\/person\\\/eade03a5d4a96f9b557ac266e3d63718\"},\"headline\":\"Alumno se queja de la calidad de un emparedado y la escuela lo manda al psic\u00f3logo\",\"datePublished\":\"2026-04-30T11:40:00+00:00\",\"mainEntityOfPage\":{\"@id\":\"https:\\\/\\\/fuentesfidedignas.com.mx\\\/index.php\\\/2026\\\/04\\\/30\\\/alumno-se-queja-de-la-calidad-de-un-emparedado-y-la-escuela-lo-manda-al-psicologo\\\/\"},\"wordCount\":469,\"publisher\":{\"@id\":\"https:\\\/\\\/fuentesfidedignas.com.mx\\\/#organization\"},\"image\":{\"@id\":\"https:\\\/\\\/fuentesfidedignas.com.mx\\\/index.php\\\/2026\\\/04\\\/30\\\/alumno-se-queja-de-la-calidad-de-un-emparedado-y-la-escuela-lo-manda-al-psicologo\\\/#primaryimage\"},\"thumbnailUrl\":\"https:\\\/\\\/fuentesfidedignas.com.mx\\\/wp-content\\\/uploads\\\/2026\\\/04\\\/img_8192.jpg\",\"articleSection\":[\"LAS ASOMBROSAS\"],\"inLanguage\":\"es\"},{\"@type\":\"WebPage\",\"@id\":\"https:\\\/\\\/fuentesfidedignas.com.mx\\\/index.php\\\/2026\\\/04\\\/30\\\/alumno-se-queja-de-la-calidad-de-un-emparedado-y-la-escuela-lo-manda-al-psicologo\\\/\",\"url\":\"https:\\\/\\\/fuentesfidedignas.com.mx\\\/index.php\\\/2026\\\/04\\\/30\\\/alumno-se-queja-de-la-calidad-de-un-emparedado-y-la-escuela-lo-manda-al-psicologo\\\/\",\"name\":\"Alumno se queja de la calidad de un emparedado y la escuela lo manda al psic\u00f3logo - Fuentes Fidedignas\",\"isPartOf\":{\"@id\":\"https:\\\/\\\/fuentesfidedignas.com.mx\\\/#website\"},\"primaryImageOfPage\":{\"@id\":\"https:\\\/\\\/fuentesfidedignas.com.mx\\\/index.php\\\/2026\\\/04\\\/30\\\/alumno-se-queja-de-la-calidad-de-un-emparedado-y-la-escuela-lo-manda-al-psicologo\\\/#primaryimage\"},\"image\":{\"@id\":\"https:\\\/\\\/fuentesfidedignas.com.mx\\\/index.php\\\/2026\\\/04\\\/30\\\/alumno-se-queja-de-la-calidad-de-un-emparedado-y-la-escuela-lo-manda-al-psicologo\\\/#primaryimage\"},\"thumbnailUrl\":\"https:\\\/\\\/fuentesfidedignas.com.mx\\\/wp-content\\\/uploads\\\/2026\\\/04\\\/img_8192.jpg\",\"datePublished\":\"2026-04-30T11:40:00+00:00\",\"breadcrumb\":{\"@id\":\"https:\\\/\\\/fuentesfidedignas.com.mx\\\/index.php\\\/2026\\\/04\\\/30\\\/alumno-se-queja-de-la-calidad-de-un-emparedado-y-la-escuela-lo-manda-al-psicologo\\\/#breadcrumb\"},\"inLanguage\":\"es\",\"potentialAction\":[{\"@type\":\"ReadAction\",\"target\":[\"https:\\\/\\\/fuentesfidedignas.com.mx\\\/index.php\\\/2026\\\/04\\\/30\\\/alumno-se-queja-de-la-calidad-de-un-emparedado-y-la-escuela-lo-manda-al-psicologo\\\/\"]}]},{\"@type\":\"ImageObject\",\"inLanguage\":\"es\",\"@id\":\"https:\\\/\\\/fuentesfidedignas.com.mx\\\/index.php\\\/2026\\\/04\\\/30\\\/alumno-se-queja-de-la-calidad-de-un-emparedado-y-la-escuela-lo-manda-al-psicologo\\\/#primaryimage\",\"url\":\"https:\\\/\\\/fuentesfidedignas.com.mx\\\/wp-content\\\/uploads\\\/2026\\\/04\\\/img_8192.jpg\",\"contentUrl\":\"https:\\\/\\\/fuentesfidedignas.com.mx\\\/wp-content\\\/uploads\\\/2026\\\/04\\\/img_8192.jpg\",\"width\":1104,\"height\":622},{\"@type\":\"BreadcrumbList\",\"@id\":\"https:\\\/\\\/fuentesfidedignas.com.mx\\\/index.php\\\/2026\\\/04\\\/30\\\/alumno-se-queja-de-la-calidad-de-un-emparedado-y-la-escuela-lo-manda-al-psicologo\\\/#breadcrumb\",\"itemListElement\":[{\"@type\":\"ListItem\",\"position\":1,\"name\":\"Inicio\",\"item\":\"https:\\\/\\\/fuentesfidedignas.com.mx\\\/\"},{\"@type\":\"ListItem\",\"position\":2,\"name\":\"Alumno se queja de la calidad de un emparedado y la escuela lo manda al psic\u00f3logo\"}]},{\"@type\":\"WebSite\",\"@id\":\"https:\\\/\\\/fuentesfidedignas.com.mx\\\/#website\",\"url\":\"https:\\\/\\\/fuentesfidedignas.com.mx\\\/\",\"name\":\"Fuentes Fidedignas\",\"description\":\"Otro sitio realizado con WordPress\",\"publisher\":{\"@id\":\"https:\\\/\\\/fuentesfidedignas.com.mx\\\/#organization\"},\"potentialAction\":[{\"@type\":\"SearchAction\",\"target\":{\"@type\":\"EntryPoint\",\"urlTemplate\":\"https:\\\/\\\/fuentesfidedignas.com.mx\\\/?s={search_term_string}\"},\"query-input\":{\"@type\":\"PropertyValueSpecification\",\"valueRequired\":true,\"valueName\":\"search_term_string\"}}],\"inLanguage\":\"es\"},{\"@type\":\"Organization\",\"@id\":\"https:\\\/\\\/fuentesfidedignas.com.mx\\\/#organization\",\"name\":\"Fuentes Fidedignas\",\"url\":\"https:\\\/\\\/fuentesfidedignas.com.mx\\\/\",\"logo\":{\"@type\":\"ImageObject\",\"inLanguage\":\"es\",\"@id\":\"https:\\\/\\\/fuentesfidedignas.com.mx\\\/#\\\/schema\\\/logo\\\/image\\\/\",\"url\":\"https:\\\/\\\/fuentesfidedignas.com.mx\\\/wp-content\\\/uploads\\\/2021\\\/04\\\/logo-retina.png\",\"contentUrl\":\"https:\\\/\\\/fuentesfidedignas.com.mx\\\/wp-content\\\/uploads\\\/2021\\\/04\\\/logo-retina.png\",\"width\":280,\"height\":51,\"caption\":\"Fuentes Fidedignas\"},\"image\":{\"@id\":\"https:\\\/\\\/fuentesfidedignas.com.mx\\\/#\\\/schema\\\/logo\\\/image\\\/\"},\"sameAs\":[\"https:\\\/\\\/www.facebook.com\\\/Fuentes-Fidedignas-368234489921644\",\"https:\\\/\\\/x.com\\\/fidedignas\"]},{\"@type\":\"Person\",\"@id\":\"https:\\\/\\\/fuentesfidedignas.com.mx\\\/#\\\/schema\\\/person\\\/eade03a5d4a96f9b557ac266e3d63718\",\"name\":\"Actualidad RT\",\"image\":{\"@type\":\"ImageObject\",\"inLanguage\":\"es\",\"@id\":\"https:\\\/\\\/secure.gravatar.com\\\/avatar\\\/443e88260a6a7111cf83d7014ab1894f91a4053ffd4e9da37d79effad3a35c81?s=96&d=mm&r=g\",\"url\":\"https:\\\/\\\/secure.gravatar.com\\\/avatar\\\/443e88260a6a7111cf83d7014ab1894f91a4053ffd4e9da37d79effad3a35c81?s=96&d=mm&r=g\",\"contentUrl\":\"https:\\\/\\\/secure.gravatar.com\\\/avatar\\\/443e88260a6a7111cf83d7014ab1894f91a4053ffd4e9da37d79effad3a35c81?s=96&d=mm&r=g\",\"caption\":\"Actualidad RT\"},\"url\":\"https:\\\/\\\/fuentesfidedignas.com.mx\\\/index.php\\\/author\\\/actualidad\\\/\"}]}<\/script>\n<!-- \/ Yoast SEO plugin. -->","yoast_head_json":{"title":"Alumno se queja de la calidad de un emparedado y la escuela lo manda al psic\u00f3logo - Fuentes Fidedignas","robots":{"index":"index","follow":"follow","max-snippet":"max-snippet:-1","max-image-preview":"max-image-preview:large","max-video-preview":"max-video-preview:-1"},"canonical":"https:\/\/fuentesfidedignas.com.mx\/index.php\/2026\/04\/30\/alumno-se-queja-de-la-calidad-de-un-emparedado-y-la-escuela-lo-manda-al-psicologo\/","og_locale":"es_MX","og_type":"article","og_title":"Alumno se queja de la calidad de un emparedado y la escuela lo manda al psic\u00f3logo - Fuentes Fidedignas","og_description":"Cuando public\u00f3 en sus redes sociales una queja sobre la calidad de un s\u00e1ndwich que compr\u00f3 en la cafeter\u00eda de la Universidad Tecnol\u00f3gica de Calakmul, en el estado mexicano de Campeche, Sami Magdiel L\u00f3pez M\u00e9ndez no pens\u00f3 que su acci\u00f3n derivar\u00eda en severas sanciones disciplinarias por parte de las autoridades del centro educativo, que le [&hellip;]","og_url":"https:\/\/fuentesfidedignas.com.mx\/index.php\/2026\/04\/30\/alumno-se-queja-de-la-calidad-de-un-emparedado-y-la-escuela-lo-manda-al-psicologo\/","og_site_name":"Fuentes Fidedignas","article_publisher":"https:\/\/www.facebook.com\/Fuentes-Fidedignas-368234489921644","article_published_time":"2026-04-30T11:40:00+00:00","og_image":[{"width":1104,"height":622,"url":"https:\/\/fuentesfidedignas.com.mx\/wp-content\/uploads\/2026\/04\/img_8192.jpg","type":"image\/jpeg"}],"author":"Actualidad RT","twitter_card":"summary_large_image","twitter_creator":"@fidedignas","twitter_site":"@fidedignas","twitter_misc":{"Escrito por":"Actualidad RT","Tiempo de lectura":"2 minutos"},"schema":{"@context":"https:\/\/schema.org","@graph":[{"@type":"Article","@id":"https:\/\/fuentesfidedignas.com.mx\/index.php\/2026\/04\/30\/alumno-se-queja-de-la-calidad-de-un-emparedado-y-la-escuela-lo-manda-al-psicologo\/#article","isPartOf":{"@id":"https:\/\/fuentesfidedignas.com.mx\/index.php\/2026\/04\/30\/alumno-se-queja-de-la-calidad-de-un-emparedado-y-la-escuela-lo-manda-al-psicologo\/"},"author":{"name":"Actualidad RT","@id":"https:\/\/fuentesfidedignas.com.mx\/#\/schema\/person\/eade03a5d4a96f9b557ac266e3d63718"},"headline":"Alumno se queja de la calidad de un emparedado y la escuela lo manda al psic\u00f3logo","datePublished":"2026-04-30T11:40:00+00:00","mainEntityOfPage":{"@id":"https:\/\/fuentesfidedignas.com.mx\/index.php\/2026\/04\/30\/alumno-se-queja-de-la-calidad-de-un-emparedado-y-la-escuela-lo-manda-al-psicologo\/"},"wordCount":469,"publisher":{"@id":"https:\/\/fuentesfidedignas.com.mx\/#organization"},"image":{"@id":"https:\/\/fuentesfidedignas.com.mx\/index.php\/2026\/04\/30\/alumno-se-queja-de-la-calidad-de-un-emparedado-y-la-escuela-lo-manda-al-psicologo\/#primaryimage"},"thumbnailUrl":"https:\/\/fuentesfidedignas.com.mx\/wp-content\/uploads\/2026\/04\/img_8192.jpg","articleSection":["LAS ASOMBROSAS"],"inLanguage":"es"},{"@type":"WebPage","@id":"https:\/\/fuentesfidedignas.com.mx\/index.php\/2026\/04\/30\/alumno-se-queja-de-la-calidad-de-un-emparedado-y-la-escuela-lo-manda-al-psicologo\/","url":"https:\/\/fuentesfidedignas.com.mx\/index.php\/2026\/04\/30\/alumno-se-queja-de-la-calidad-de-un-emparedado-y-la-escuela-lo-manda-al-psicologo\/","name":"Alumno se queja de la calidad de un emparedado y la escuela lo manda al psic\u00f3logo - Fuentes Fidedignas","isPartOf":{"@id":"https:\/\/fuentesfidedignas.com.mx\/#website"},"primaryImageOfPage":{"@id":"https:\/\/fuentesfidedignas.com.mx\/index.php\/2026\/04\/30\/alumno-se-queja-de-la-calidad-de-un-emparedado-y-la-escuela-lo-manda-al-psicologo\/#primaryimage"},"image":{"@id":"https:\/\/fuentesfidedignas.com.mx\/index.php\/2026\/04\/30\/alumno-se-queja-de-la-calidad-de-un-emparedado-y-la-escuela-lo-manda-al-psicologo\/#primaryimage"},"thumbnailUrl":"https:\/\/fuentesfidedignas.com.mx\/wp-content\/uploads\/2026\/04\/img_8192.jpg","datePublished":"2026-04-30T11:40:00+00:00","breadcrumb":{"@id":"https:\/\/fuentesfidedignas.com.mx\/index.php\/2026\/04\/30\/alumno-se-queja-de-la-calidad-de-un-emparedado-y-la-escuela-lo-manda-al-psicologo\/#breadcrumb"},"inLanguage":"es","potentialAction":[{"@type":"ReadAction","target":["https:\/\/fuentesfidedignas.com.mx\/index.php\/2026\/04\/30\/alumno-se-queja-de-la-calidad-de-un-emparedado-y-la-escuela-lo-manda-al-psicologo\/"]}]},{"@type":"ImageObject","inLanguage":"es","@id":"https:\/\/fuentesfidedignas.com.mx\/index.php\/2026\/04\/30\/alumno-se-queja-de-la-calidad-de-un-emparedado-y-la-escuela-lo-manda-al-psicologo\/#primaryimage","url":"https:\/\/fuentesfidedignas.com.mx\/wp-content\/uploads\/2026\/04\/img_8192.jpg","contentUrl":"https:\/\/fuentesfidedignas.com.mx\/wp-content\/uploads\/2026\/04\/img_8192.jpg","width":1104,"height":622},{"@type":"BreadcrumbList","@id":"https:\/\/fuentesfidedignas.com.mx\/index.php\/2026\/04\/30\/alumno-se-queja-de-la-calidad-de-un-emparedado-y-la-escuela-lo-manda-al-psicologo\/#breadcrumb","itemListElement":[{"@type":"ListItem","position":1,"name":"Inicio","item":"https:\/\/fuentesfidedignas.com.mx\/"},{"@type":"ListItem","position":2,"name":"Alumno se queja de la calidad de un emparedado y la escuela lo manda al psic\u00f3logo"}]},{"@type":"WebSite","@id":"https:\/\/fuentesfidedignas.com.mx\/#website","url":"https:\/\/fuentesfidedignas.com.mx\/","name":"Fuentes Fidedignas","description":"Otro sitio realizado con WordPress","publisher":{"@id":"https:\/\/fuentesfidedignas.com.mx\/#organization"},"potentialAction":[{"@type":"SearchAction","target":{"@type":"EntryPoint","urlTemplate":"https:\/\/fuentesfidedignas.com.mx\/?s={search_term_string}"},"query-input":{"@type":"PropertyValueSpecification","valueRequired":true,"valueName":"search_term_string"}}],"inLanguage":"es"},{"@type":"Organization","@id":"https:\/\/fuentesfidedignas.com.mx\/#organization","name":"Fuentes Fidedignas","url":"https:\/\/fuentesfidedignas.com.mx\/","logo":{"@type":"ImageObject","inLanguage":"es","@id":"https:\/\/fuentesfidedignas.com.mx\/#\/schema\/logo\/image\/","url":"https:\/\/fuentesfidedignas.com.mx\/wp-content\/uploads\/2021\/04\/logo-retina.png","contentUrl":"https:\/\/fuentesfidedignas.com.mx\/wp-content\/uploads\/2021\/04\/logo-retina.png","width":280,"height":51,"caption":"Fuentes Fidedignas"},"image":{"@id":"https:\/\/fuentesfidedignas.com.mx\/#\/schema\/logo\/image\/"},"sameAs":["https:\/\/www.facebook.com\/Fuentes-Fidedignas-368234489921644","https:\/\/x.com\/fidedignas"]},{"@type":"Person","@id":"https:\/\/fuentesfidedignas.com.mx\/#\/schema\/person\/eade03a5d4a96f9b557ac266e3d63718","name":"Actualidad RT","image":{"@type":"ImageObject","inLanguage":"es","@id":"https:\/\/secure.gravatar.com\/avatar\/443e88260a6a7111cf83d7014ab1894f91a4053ffd4e9da37d79effad3a35c81?s=96&d=mm&r=g","url":"https:\/\/secure.gravatar.com\/avatar\/443e88260a6a7111cf83d7014ab1894f91a4053ffd4e9da37d79effad3a35c81?s=96&d=mm&r=g","contentUrl":"https:\/\/secure.gravatar.com\/avatar\/443e88260a6a7111cf83d7014ab1894f91a4053ffd4e9da37d79effad3a35c81?s=96&d=mm&r=g","caption":"Actualidad RT"},"url":"https:\/\/fuentesfidedignas.com.mx\/index.php\/author\/actualidad\/"}]}},"_links":{"self":[{"href":"https:\/\/fuentesfidedignas.com.mx\/index.php\/wp-json\/wp\/v2\/posts\/132556","targetHints":{"allow":["GET"]}}],"collection":[{"href":"https:\/\/fuentesfidedignas.com.mx\/index.php\/wp-json\/wp\/v2\/posts"}],"about":[{"href":"https:\/\/fuentesfidedignas.com.mx\/index.php\/wp-json\/wp\/v2\/types\/post"}],"author":[{"embeddable":true,"href":"https:\/\/fuentesfidedignas.com.mx\/index.php\/wp-json\/wp\/v2\/users\/38"}],"replies":[{"embeddable":true,"href":"https:\/\/fuentesfidedignas.com.mx\/index.php\/wp-json\/wp\/v2\/comments?post=132556"}],"version-history":[{"count":1,"href":"https:\/\/fuentesfidedignas.com.mx\/index.php\/wp-json\/wp\/v2\/posts\/132556\/revisions"}],"predecessor-version":[{"id":132557,"href":"https:\/\/fuentesfidedignas.com.mx\/index.php\/wp-json\/wp\/v2\/posts\/132556\/revisions\/132557"}],"wp:featuredmedia":[{"embeddable":true,"href":"https:\/\/fuentesfidedignas.com.mx\/index.php\/wp-json\/wp\/v2\/media\/132555"}],"wp:attachment":[{"href":"https:\/\/fuentesfidedignas.com.mx\/index.php\/wp-json\/wp\/v2\/media?parent=132556"}],"wp:term":[{"taxonomy":"category","embeddable":true,"href":"https:\/\/fuentesfidedignas.com.mx\/index.php\/wp-json\/wp\/v2\/categories?post=132556"},{"taxonomy":"post_tag","embeddable":true,"href":"https:\/\/fuentesfidedignas.com.mx\/index.php\/wp-json\/wp\/v2\/tags?post=132556"}],"curies":[{"name":"wp","href":"https:\/\/api.w.org\/{rel}","templated":true}]}}