{"id":132550,"date":"2026-04-29T21:48:56","date_gmt":"2026-04-30T04:48:56","guid":{"rendered":"https:\/\/fuentesfidedignas.com.mx\/?p=132550"},"modified":"2026-04-29T21:48:56","modified_gmt":"2026-04-30T04:48:56","slug":"siempre-nos-hemos-conducido-con-ese-debido-respeto-a-las-leyes-juan-de-dios-gamez","status":"publish","type":"post","link":"https:\/\/fuentesfidedignas.com.mx\/index.php\/2026\/04\/29\/siempre-nos-hemos-conducido-con-ese-debido-respeto-a-las-leyes-juan-de-dios-gamez\/","title":{"rendered":"\u201cSiempre nos hemos conducido con ese debido respeto a las leyes\u201d: Juan de Dios G\u00e1mez"},"content":{"rendered":"\n<p><\/p>\n\n\n\n<p><em>El presidente municipal afirma que su conducta p\u00fablica y privada se ha mantenido siempre dentro del marco de la ley y asegura que continuar\u00e1 enfocado en atender las necesidades de la ciudadan\u00eda.<\/em><\/p>\n\n\n\n<p>Culiac\u00e1n, Sinaloa.- El alcalde de Culiac\u00e1n, Juan de Dios G\u00e1mez Mend\u00edvil, reafirm\u00f3 que a lo largo de su trayectoria en el servicio p\u00fablico, as\u00ed como en su vida personal, se ha conducido con apego irrestricto a la legalidad, con responsabilidad institucional y respeto a la ciudadan\u00eda.<\/p>\n\n\n\n<p>Al ser abordado por medios de comunicaci\u00f3n respecto a se\u00f1alamientos difundidos este d\u00eda en distintos espacios informativos, el presidente municipal fij\u00f3 una postura clara, subrayando que su actuar siempre ha estado dentro del marco del Estado de Derecho.<\/p>\n\n\n\n<p>\u201cSiempre nos hemos conducido con ese debido respeto a las leyes, a la ciudadan\u00eda y a lo que marca la parte institucional; nuestra agenda siempre ha sido de trabajo, dentro de la legalidad, nunca fuera de ella\u201d, expres\u00f3.<\/p>\n\n\n\n<p>G\u00e1mez Mend\u00edvil destac\u00f3 que su compromiso con Culiac\u00e1n est\u00e1 respaldado por la confianza ciudadana, recordando que primero asumi\u00f3 la responsabilidad como alcalde por designaci\u00f3n del Congreso del Estado y posteriormente fue electo mediante el voto popular de m\u00e1s de 200 mil culiacanenses, a quienes \u2014dijo\u2014 se debe con lealtad y resultados.<\/p>\n\n\n\n<p>En ese sentido, enfatiz\u00f3 que, ante los retos actuales, su administraci\u00f3n mantiene el enfoque en dar respuesta a las necesidades de la poblaci\u00f3n, sin distracciones, a trav\u00e9s de una agenda de trabajo permanente en colonias, sindicaturas y espacios p\u00fablicos.<\/p>\n\n\n\n<p>\u201cEl compromiso es con la gente, con sus necesidades, con su desarrollo y bienestar. Somos de aqu\u00ed, aqu\u00ed vivimos, aqu\u00ed est\u00e1n nuestras familias; no tendr\u00edamos cara para verlos si no actu\u00e1ramos con responsabilidad y honestidad\u201d, manifest\u00f3.<\/p>\n\n\n\n<p>Como muestra del trabajo realizado, el alcalde mencion\u00f3 avances en infraestructura urbana, con m\u00e1s de 450 calles pavimentadas o en proceso, as\u00ed como el impulso a proyectos de mejora de servicios p\u00fablicos, rehabilitaci\u00f3n de espacios, equipamiento de cuadrillas municipales y programas de reforestaci\u00f3n y recuperaci\u00f3n de \u00e1reas comunes.<\/p>\n\n\n\n<p>Asimismo, resalt\u00f3 acciones en materia de inclusi\u00f3n y desarrollo social, como la construcci\u00f3n de espacios deportivos adaptados, el fortalecimiento del deporte inclusivo y la atenci\u00f3n directa a planteles educativos, cumpliendo compromisos establecidos con estudiantes y docentes.<\/p>\n\n\n\n<p>El presidente municipal reiter\u00f3 que su gobierno se ha caracterizado por privilegiar el di\u00e1logo, el trabajo cercano con la ciudadan\u00eda y una conducta institucional basada en el respeto, alej\u00e1ndose de confrontaciones est\u00e9riles.<\/p>\n\n\n\n<p>\u201cNosotros no nos distraemos; seguimos trabajando todos los d\u00edas. Hay agenda hoy, ma\u00f1ana y la pr\u00f3xima semana, porque Culiac\u00e1n tiene necesidades que requieren atenci\u00f3n permanente\u201d, puntualiz\u00f3.<\/p>\n\n\n\n<p>Finalmente, Juan de Dios G\u00e1mez Mend\u00edvil asegur\u00f3 que continuar\u00e1 desempe\u00f1ando su responsabilidad al frente del Ayuntamiento con dignidad, firmeza y apego a la ley, manteniendo como prioridad el bienestar de las y los culiacanenses.<\/p>\n\n\n\n<p>\u201cJuan de Dios G\u00e1mez va a seguir trabajando por Culiac\u00e1n, con responsabilidad, con compromiso y con la convicci\u00f3n de que s\u00ed se puede confiar en su gobierno\u201d, concluy\u00f3.<\/p>\n","protected":false},"excerpt":{"rendered":"<p>El presidente municipal afirma que su conducta p\u00fablica y privada se ha mantenido siempre dentro del marco de la ley y asegura que continuar\u00e1 enfocado en atender las necesidades de la ciudadan\u00eda. Culiac\u00e1n, Sinaloa.- El alcalde de Culiac\u00e1n, Juan de Dios G\u00e1mez Mend\u00edvil, reafirm\u00f3 que a lo largo de su trayectoria en el servicio p\u00fablico, [&hellip;]<\/p>\n","protected":false},"author":4,"featured_media":132549,"comment_status":"closed","ping_status":"open","sticky":false,"template":"","format":"standard","meta":{"tdm_status":"","tdm_grid_status":"","footnotes":""},"categories":[37],"tags":[],"class_list":{"0":"post-132550","1":"post","2":"type-post","3":"status-publish","4":"format-standard","5":"has-post-thumbnail","7":"category-nota-principal"},"yoast_head":"<!-- This site is optimized with the Yoast SEO plugin v27.5 - https:\/\/yoast.com\/product\/yoast-seo-wordpress\/ -->\n<title>\u201cSiempre nos hemos conducido con ese debido respeto a las leyes\u201d: Juan de Dios G\u00e1mez - Fuentes Fidedignas<\/title>\n<meta name=\"robots\" content=\"index, follow, max-snippet:-1, max-image-preview:large, max-video-preview:-1\" \/>\n<link rel=\"canonical\" href=\"https:\/\/fuentesfidedignas.com.mx\/index.php\/2026\/04\/29\/siempre-nos-hemos-conducido-con-ese-debido-respeto-a-las-leyes-juan-de-dios-gamez\/\" \/>\n<meta property=\"og:locale\" content=\"es_MX\" \/>\n<meta property=\"og:type\" content=\"article\" \/>\n<meta property=\"og:title\" content=\"\u201cSiempre nos hemos conducido con ese debido respeto a las leyes\u201d: Juan de Dios G\u00e1mez - Fuentes Fidedignas\" \/>\n<meta property=\"og:description\" content=\"El presidente municipal afirma que su conducta p\u00fablica y privada se ha mantenido siempre dentro del marco de la ley y asegura que continuar\u00e1 enfocado en atender las necesidades de la ciudadan\u00eda. Culiac\u00e1n, Sinaloa.- El alcalde de Culiac\u00e1n, Juan de Dios G\u00e1mez Mend\u00edvil, reafirm\u00f3 que a lo largo de su trayectoria en el servicio p\u00fablico, [&hellip;]\" \/>\n<meta property=\"og:url\" content=\"https:\/\/fuentesfidedignas.com.mx\/index.php\/2026\/04\/29\/siempre-nos-hemos-conducido-con-ese-debido-respeto-a-las-leyes-juan-de-dios-gamez\/\" \/>\n<meta property=\"og:site_name\" content=\"Fuentes Fidedignas\" \/>\n<meta property=\"article:publisher\" content=\"https:\/\/www.facebook.com\/Fuentes-Fidedignas-368234489921644\" \/>\n<meta property=\"article:published_time\" content=\"2026-04-30T04:48:56+00:00\" \/>\n<meta property=\"og:image\" content=\"https:\/\/fuentesfidedignas.com.mx\/wp-content\/uploads\/2026\/04\/8ec36a18-c603-4c01-826a-dde5ce516f62.jpeg\" \/>\n\t<meta property=\"og:image:width\" content=\"1600\" \/>\n\t<meta property=\"og:image:height\" content=\"1066\" \/>\n\t<meta property=\"og:image:type\" content=\"image\/jpeg\" \/>\n<meta name=\"author\" content=\"Redacci\u00f3n\" \/>\n<meta name=\"twitter:card\" content=\"summary_large_image\" \/>\n<meta name=\"twitter:creator\" content=\"@fidedignas\" \/>\n<meta name=\"twitter:site\" content=\"@fidedignas\" \/>\n<meta name=\"twitter:label1\" content=\"Escrito por\" \/>\n\t<meta name=\"twitter:data1\" content=\"Redacci\u00f3n\" \/>\n\t<meta name=\"twitter:label2\" content=\"Tiempo de lectura\" \/>\n\t<meta name=\"twitter:data2\" content=\"3 minutos\" \/>\n<script type=\"application\/ld+json\" class=\"yoast-schema-graph\">{\"@context\":\"https:\\\/\\\/schema.org\",\"@graph\":[{\"@type\":\"Article\",\"@id\":\"https:\\\/\\\/fuentesfidedignas.com.mx\\\/index.php\\\/2026\\\/04\\\/29\\\/siempre-nos-hemos-conducido-con-ese-debido-respeto-a-las-leyes-juan-de-dios-gamez\\\/#article\",\"isPartOf\":{\"@id\":\"https:\\\/\\\/fuentesfidedignas.com.mx\\\/index.php\\\/2026\\\/04\\\/29\\\/siempre-nos-hemos-conducido-con-ese-debido-respeto-a-las-leyes-juan-de-dios-gamez\\\/\"},\"author\":{\"name\":\"Redacci\u00f3n\",\"@id\":\"https:\\\/\\\/fuentesfidedignas.com.mx\\\/#\\\/schema\\\/person\\\/331be9283d37198e2acd5750279085b0\"},\"headline\":\"\u201cSiempre nos hemos conducido con ese debido respeto a las leyes\u201d: Juan de Dios G\u00e1mez\",\"datePublished\":\"2026-04-30T04:48:56+00:00\",\"mainEntityOfPage\":{\"@id\":\"https:\\\/\\\/fuentesfidedignas.com.mx\\\/index.php\\\/2026\\\/04\\\/29\\\/siempre-nos-hemos-conducido-con-ese-debido-respeto-a-las-leyes-juan-de-dios-gamez\\\/\"},\"wordCount\":546,\"publisher\":{\"@id\":\"https:\\\/\\\/fuentesfidedignas.com.mx\\\/#organization\"},\"image\":{\"@id\":\"https:\\\/\\\/fuentesfidedignas.com.mx\\\/index.php\\\/2026\\\/04\\\/29\\\/siempre-nos-hemos-conducido-con-ese-debido-respeto-a-las-leyes-juan-de-dios-gamez\\\/#primaryimage\"},\"thumbnailUrl\":\"https:\\\/\\\/fuentesfidedignas.com.mx\\\/wp-content\\\/uploads\\\/2026\\\/04\\\/8ec36a18-c603-4c01-826a-dde5ce516f62.jpeg\",\"articleSection\":[\"NOTA PRINCIPAL\"],\"inLanguage\":\"es\"},{\"@type\":\"WebPage\",\"@id\":\"https:\\\/\\\/fuentesfidedignas.com.mx\\\/index.php\\\/2026\\\/04\\\/29\\\/siempre-nos-hemos-conducido-con-ese-debido-respeto-a-las-leyes-juan-de-dios-gamez\\\/\",\"url\":\"https:\\\/\\\/fuentesfidedignas.com.mx\\\/index.php\\\/2026\\\/04\\\/29\\\/siempre-nos-hemos-conducido-con-ese-debido-respeto-a-las-leyes-juan-de-dios-gamez\\\/\",\"name\":\"\u201cSiempre nos hemos conducido con ese debido respeto a las leyes\u201d: Juan de Dios G\u00e1mez - Fuentes Fidedignas\",\"isPartOf\":{\"@id\":\"https:\\\/\\\/fuentesfidedignas.com.mx\\\/#website\"},\"primaryImageOfPage\":{\"@id\":\"https:\\\/\\\/fuentesfidedignas.com.mx\\\/index.php\\\/2026\\\/04\\\/29\\\/siempre-nos-hemos-conducido-con-ese-debido-respeto-a-las-leyes-juan-de-dios-gamez\\\/#primaryimage\"},\"image\":{\"@id\":\"https:\\\/\\\/fuentesfidedignas.com.mx\\\/index.php\\\/2026\\\/04\\\/29\\\/siempre-nos-hemos-conducido-con-ese-debido-respeto-a-las-leyes-juan-de-dios-gamez\\\/#primaryimage\"},\"thumbnailUrl\":\"https:\\\/\\\/fuentesfidedignas.com.mx\\\/wp-content\\\/uploads\\\/2026\\\/04\\\/8ec36a18-c603-4c01-826a-dde5ce516f62.jpeg\",\"datePublished\":\"2026-04-30T04:48:56+00:00\",\"breadcrumb\":{\"@id\":\"https:\\\/\\\/fuentesfidedignas.com.mx\\\/index.php\\\/2026\\\/04\\\/29\\\/siempre-nos-hemos-conducido-con-ese-debido-respeto-a-las-leyes-juan-de-dios-gamez\\\/#breadcrumb\"},\"inLanguage\":\"es\",\"potentialAction\":[{\"@type\":\"ReadAction\",\"target\":[\"https:\\\/\\\/fuentesfidedignas.com.mx\\\/index.php\\\/2026\\\/04\\\/29\\\/siempre-nos-hemos-conducido-con-ese-debido-respeto-a-las-leyes-juan-de-dios-gamez\\\/\"]}]},{\"@type\":\"ImageObject\",\"inLanguage\":\"es\",\"@id\":\"https:\\\/\\\/fuentesfidedignas.com.mx\\\/index.php\\\/2026\\\/04\\\/29\\\/siempre-nos-hemos-conducido-con-ese-debido-respeto-a-las-leyes-juan-de-dios-gamez\\\/#primaryimage\",\"url\":\"https:\\\/\\\/fuentesfidedignas.com.mx\\\/wp-content\\\/uploads\\\/2026\\\/04\\\/8ec36a18-c603-4c01-826a-dde5ce516f62.jpeg\",\"contentUrl\":\"https:\\\/\\\/fuentesfidedignas.com.mx\\\/wp-content\\\/uploads\\\/2026\\\/04\\\/8ec36a18-c603-4c01-826a-dde5ce516f62.jpeg\",\"width\":1600,\"height\":1066},{\"@type\":\"BreadcrumbList\",\"@id\":\"https:\\\/\\\/fuentesfidedignas.com.mx\\\/index.php\\\/2026\\\/04\\\/29\\\/siempre-nos-hemos-conducido-con-ese-debido-respeto-a-las-leyes-juan-de-dios-gamez\\\/#breadcrumb\",\"itemListElement\":[{\"@type\":\"ListItem\",\"position\":1,\"name\":\"Inicio\",\"item\":\"https:\\\/\\\/fuentesfidedignas.com.mx\\\/\"},{\"@type\":\"ListItem\",\"position\":2,\"name\":\"\u201cSiempre nos hemos conducido con ese debido respeto a las leyes\u201d: Juan de Dios G\u00e1mez\"}]},{\"@type\":\"WebSite\",\"@id\":\"https:\\\/\\\/fuentesfidedignas.com.mx\\\/#website\",\"url\":\"https:\\\/\\\/fuentesfidedignas.com.mx\\\/\",\"name\":\"Fuentes Fidedignas\",\"description\":\"Otro sitio realizado con WordPress\",\"publisher\":{\"@id\":\"https:\\\/\\\/fuentesfidedignas.com.mx\\\/#organization\"},\"potentialAction\":[{\"@type\":\"SearchAction\",\"target\":{\"@type\":\"EntryPoint\",\"urlTemplate\":\"https:\\\/\\\/fuentesfidedignas.com.mx\\\/?s={search_term_string}\"},\"query-input\":{\"@type\":\"PropertyValueSpecification\",\"valueRequired\":true,\"valueName\":\"search_term_string\"}}],\"inLanguage\":\"es\"},{\"@type\":\"Organization\",\"@id\":\"https:\\\/\\\/fuentesfidedignas.com.mx\\\/#organization\",\"name\":\"Fuentes Fidedignas\",\"url\":\"https:\\\/\\\/fuentesfidedignas.com.mx\\\/\",\"logo\":{\"@type\":\"ImageObject\",\"inLanguage\":\"es\",\"@id\":\"https:\\\/\\\/fuentesfidedignas.com.mx\\\/#\\\/schema\\\/logo\\\/image\\\/\",\"url\":\"https:\\\/\\\/fuentesfidedignas.com.mx\\\/wp-content\\\/uploads\\\/2021\\\/04\\\/logo-retina.png\",\"contentUrl\":\"https:\\\/\\\/fuentesfidedignas.com.mx\\\/wp-content\\\/uploads\\\/2021\\\/04\\\/logo-retina.png\",\"width\":280,\"height\":51,\"caption\":\"Fuentes Fidedignas\"},\"image\":{\"@id\":\"https:\\\/\\\/fuentesfidedignas.com.mx\\\/#\\\/schema\\\/logo\\\/image\\\/\"},\"sameAs\":[\"https:\\\/\\\/www.facebook.com\\\/Fuentes-Fidedignas-368234489921644\",\"https:\\\/\\\/x.com\\\/fidedignas\"]},{\"@type\":\"Person\",\"@id\":\"https:\\\/\\\/fuentesfidedignas.com.mx\\\/#\\\/schema\\\/person\\\/331be9283d37198e2acd5750279085b0\",\"name\":\"Redacci\u00f3n\",\"image\":{\"@type\":\"ImageObject\",\"inLanguage\":\"es\",\"@id\":\"https:\\\/\\\/secure.gravatar.com\\\/avatar\\\/f6d8782c11d12b2d4ad3fbb6931aeab5309937a4d6cd2fc9cfaa28a6396a5aec?s=96&d=mm&r=g\",\"url\":\"https:\\\/\\\/secure.gravatar.com\\\/avatar\\\/f6d8782c11d12b2d4ad3fbb6931aeab5309937a4d6cd2fc9cfaa28a6396a5aec?s=96&d=mm&r=g\",\"contentUrl\":\"https:\\\/\\\/secure.gravatar.com\\\/avatar\\\/f6d8782c11d12b2d4ad3fbb6931aeab5309937a4d6cd2fc9cfaa28a6396a5aec?s=96&d=mm&r=g\",\"caption\":\"Redacci\u00f3n\"},\"url\":\"https:\\\/\\\/fuentesfidedignas.com.mx\\\/index.php\\\/author\\\/redaccion\\\/\"}]}<\/script>\n<!-- \/ Yoast SEO plugin. -->","yoast_head_json":{"title":"\u201cSiempre nos hemos conducido con ese debido respeto a las leyes\u201d: Juan de Dios G\u00e1mez - Fuentes Fidedignas","robots":{"index":"index","follow":"follow","max-snippet":"max-snippet:-1","max-image-preview":"max-image-preview:large","max-video-preview":"max-video-preview:-1"},"canonical":"https:\/\/fuentesfidedignas.com.mx\/index.php\/2026\/04\/29\/siempre-nos-hemos-conducido-con-ese-debido-respeto-a-las-leyes-juan-de-dios-gamez\/","og_locale":"es_MX","og_type":"article","og_title":"\u201cSiempre nos hemos conducido con ese debido respeto a las leyes\u201d: Juan de Dios G\u00e1mez - Fuentes Fidedignas","og_description":"El presidente municipal afirma que su conducta p\u00fablica y privada se ha mantenido siempre dentro del marco de la ley y asegura que continuar\u00e1 enfocado en atender las necesidades de la ciudadan\u00eda. Culiac\u00e1n, Sinaloa.- El alcalde de Culiac\u00e1n, Juan de Dios G\u00e1mez Mend\u00edvil, reafirm\u00f3 que a lo largo de su trayectoria en el servicio p\u00fablico, [&hellip;]","og_url":"https:\/\/fuentesfidedignas.com.mx\/index.php\/2026\/04\/29\/siempre-nos-hemos-conducido-con-ese-debido-respeto-a-las-leyes-juan-de-dios-gamez\/","og_site_name":"Fuentes Fidedignas","article_publisher":"https:\/\/www.facebook.com\/Fuentes-Fidedignas-368234489921644","article_published_time":"2026-04-30T04:48:56+00:00","og_image":[{"width":1600,"height":1066,"url":"https:\/\/fuentesfidedignas.com.mx\/wp-content\/uploads\/2026\/04\/8ec36a18-c603-4c01-826a-dde5ce516f62.jpeg","type":"image\/jpeg"}],"author":"Redacci\u00f3n","twitter_card":"summary_large_image","twitter_creator":"@fidedignas","twitter_site":"@fidedignas","twitter_misc":{"Escrito por":"Redacci\u00f3n","Tiempo de lectura":"3 minutos"},"schema":{"@context":"https:\/\/schema.org","@graph":[{"@type":"Article","@id":"https:\/\/fuentesfidedignas.com.mx\/index.php\/2026\/04\/29\/siempre-nos-hemos-conducido-con-ese-debido-respeto-a-las-leyes-juan-de-dios-gamez\/#article","isPartOf":{"@id":"https:\/\/fuentesfidedignas.com.mx\/index.php\/2026\/04\/29\/siempre-nos-hemos-conducido-con-ese-debido-respeto-a-las-leyes-juan-de-dios-gamez\/"},"author":{"name":"Redacci\u00f3n","@id":"https:\/\/fuentesfidedignas.com.mx\/#\/schema\/person\/331be9283d37198e2acd5750279085b0"},"headline":"\u201cSiempre nos hemos conducido con ese debido respeto a las leyes\u201d: Juan de Dios G\u00e1mez","datePublished":"2026-04-30T04:48:56+00:00","mainEntityOfPage":{"@id":"https:\/\/fuentesfidedignas.com.mx\/index.php\/2026\/04\/29\/siempre-nos-hemos-conducido-con-ese-debido-respeto-a-las-leyes-juan-de-dios-gamez\/"},"wordCount":546,"publisher":{"@id":"https:\/\/fuentesfidedignas.com.mx\/#organization"},"image":{"@id":"https:\/\/fuentesfidedignas.com.mx\/index.php\/2026\/04\/29\/siempre-nos-hemos-conducido-con-ese-debido-respeto-a-las-leyes-juan-de-dios-gamez\/#primaryimage"},"thumbnailUrl":"https:\/\/fuentesfidedignas.com.mx\/wp-content\/uploads\/2026\/04\/8ec36a18-c603-4c01-826a-dde5ce516f62.jpeg","articleSection":["NOTA PRINCIPAL"],"inLanguage":"es"},{"@type":"WebPage","@id":"https:\/\/fuentesfidedignas.com.mx\/index.php\/2026\/04\/29\/siempre-nos-hemos-conducido-con-ese-debido-respeto-a-las-leyes-juan-de-dios-gamez\/","url":"https:\/\/fuentesfidedignas.com.mx\/index.php\/2026\/04\/29\/siempre-nos-hemos-conducido-con-ese-debido-respeto-a-las-leyes-juan-de-dios-gamez\/","name":"\u201cSiempre nos hemos conducido con ese debido respeto a las leyes\u201d: Juan de Dios G\u00e1mez - Fuentes Fidedignas","isPartOf":{"@id":"https:\/\/fuentesfidedignas.com.mx\/#website"},"primaryImageOfPage":{"@id":"https:\/\/fuentesfidedignas.com.mx\/index.php\/2026\/04\/29\/siempre-nos-hemos-conducido-con-ese-debido-respeto-a-las-leyes-juan-de-dios-gamez\/#primaryimage"},"image":{"@id":"https:\/\/fuentesfidedignas.com.mx\/index.php\/2026\/04\/29\/siempre-nos-hemos-conducido-con-ese-debido-respeto-a-las-leyes-juan-de-dios-gamez\/#primaryimage"},"thumbnailUrl":"https:\/\/fuentesfidedignas.com.mx\/wp-content\/uploads\/2026\/04\/8ec36a18-c603-4c01-826a-dde5ce516f62.jpeg","datePublished":"2026-04-30T04:48:56+00:00","breadcrumb":{"@id":"https:\/\/fuentesfidedignas.com.mx\/index.php\/2026\/04\/29\/siempre-nos-hemos-conducido-con-ese-debido-respeto-a-las-leyes-juan-de-dios-gamez\/#breadcrumb"},"inLanguage":"es","potentialAction":[{"@type":"ReadAction","target":["https:\/\/fuentesfidedignas.com.mx\/index.php\/2026\/04\/29\/siempre-nos-hemos-conducido-con-ese-debido-respeto-a-las-leyes-juan-de-dios-gamez\/"]}]},{"@type":"ImageObject","inLanguage":"es","@id":"https:\/\/fuentesfidedignas.com.mx\/index.php\/2026\/04\/29\/siempre-nos-hemos-conducido-con-ese-debido-respeto-a-las-leyes-juan-de-dios-gamez\/#primaryimage","url":"https:\/\/fuentesfidedignas.com.mx\/wp-content\/uploads\/2026\/04\/8ec36a18-c603-4c01-826a-dde5ce516f62.jpeg","contentUrl":"https:\/\/fuentesfidedignas.com.mx\/wp-content\/uploads\/2026\/04\/8ec36a18-c603-4c01-826a-dde5ce516f62.jpeg","width":1600,"height":1066},{"@type":"BreadcrumbList","@id":"https:\/\/fuentesfidedignas.com.mx\/index.php\/2026\/04\/29\/siempre-nos-hemos-conducido-con-ese-debido-respeto-a-las-leyes-juan-de-dios-gamez\/#breadcrumb","itemListElement":[{"@type":"ListItem","position":1,"name":"Inicio","item":"https:\/\/fuentesfidedignas.com.mx\/"},{"@type":"ListItem","position":2,"name":"\u201cSiempre nos hemos conducido con ese debido respeto a las leyes\u201d: Juan de Dios G\u00e1mez"}]},{"@type":"WebSite","@id":"https:\/\/fuentesfidedignas.com.mx\/#website","url":"https:\/\/fuentesfidedignas.com.mx\/","name":"Fuentes Fidedignas","description":"Otro sitio realizado con WordPress","publisher":{"@id":"https:\/\/fuentesfidedignas.com.mx\/#organization"},"potentialAction":[{"@type":"SearchAction","target":{"@type":"EntryPoint","urlTemplate":"https:\/\/fuentesfidedignas.com.mx\/?s={search_term_string}"},"query-input":{"@type":"PropertyValueSpecification","valueRequired":true,"valueName":"search_term_string"}}],"inLanguage":"es"},{"@type":"Organization","@id":"https:\/\/fuentesfidedignas.com.mx\/#organization","name":"Fuentes Fidedignas","url":"https:\/\/fuentesfidedignas.com.mx\/","logo":{"@type":"ImageObject","inLanguage":"es","@id":"https:\/\/fuentesfidedignas.com.mx\/#\/schema\/logo\/image\/","url":"https:\/\/fuentesfidedignas.com.mx\/wp-content\/uploads\/2021\/04\/logo-retina.png","contentUrl":"https:\/\/fuentesfidedignas.com.mx\/wp-content\/uploads\/2021\/04\/logo-retina.png","width":280,"height":51,"caption":"Fuentes Fidedignas"},"image":{"@id":"https:\/\/fuentesfidedignas.com.mx\/#\/schema\/logo\/image\/"},"sameAs":["https:\/\/www.facebook.com\/Fuentes-Fidedignas-368234489921644","https:\/\/x.com\/fidedignas"]},{"@type":"Person","@id":"https:\/\/fuentesfidedignas.com.mx\/#\/schema\/person\/331be9283d37198e2acd5750279085b0","name":"Redacci\u00f3n","image":{"@type":"ImageObject","inLanguage":"es","@id":"https:\/\/secure.gravatar.com\/avatar\/f6d8782c11d12b2d4ad3fbb6931aeab5309937a4d6cd2fc9cfaa28a6396a5aec?s=96&d=mm&r=g","url":"https:\/\/secure.gravatar.com\/avatar\/f6d8782c11d12b2d4ad3fbb6931aeab5309937a4d6cd2fc9cfaa28a6396a5aec?s=96&d=mm&r=g","contentUrl":"https:\/\/secure.gravatar.com\/avatar\/f6d8782c11d12b2d4ad3fbb6931aeab5309937a4d6cd2fc9cfaa28a6396a5aec?s=96&d=mm&r=g","caption":"Redacci\u00f3n"},"url":"https:\/\/fuentesfidedignas.com.mx\/index.php\/author\/redaccion\/"}]}},"_links":{"self":[{"href":"https:\/\/fuentesfidedignas.com.mx\/index.php\/wp-json\/wp\/v2\/posts\/132550","targetHints":{"allow":["GET"]}}],"collection":[{"href":"https:\/\/fuentesfidedignas.com.mx\/index.php\/wp-json\/wp\/v2\/posts"}],"about":[{"href":"https:\/\/fuentesfidedignas.com.mx\/index.php\/wp-json\/wp\/v2\/types\/post"}],"author":[{"embeddable":true,"href":"https:\/\/fuentesfidedignas.com.mx\/index.php\/wp-json\/wp\/v2\/users\/4"}],"replies":[{"embeddable":true,"href":"https:\/\/fuentesfidedignas.com.mx\/index.php\/wp-json\/wp\/v2\/comments?post=132550"}],"version-history":[{"count":1,"href":"https:\/\/fuentesfidedignas.com.mx\/index.php\/wp-json\/wp\/v2\/posts\/132550\/revisions"}],"predecessor-version":[{"id":132551,"href":"https:\/\/fuentesfidedignas.com.mx\/index.php\/wp-json\/wp\/v2\/posts\/132550\/revisions\/132551"}],"wp:featuredmedia":[{"embeddable":true,"href":"https:\/\/fuentesfidedignas.com.mx\/index.php\/wp-json\/wp\/v2\/media\/132549"}],"wp:attachment":[{"href":"https:\/\/fuentesfidedignas.com.mx\/index.php\/wp-json\/wp\/v2\/media?parent=132550"}],"wp:term":[{"taxonomy":"category","embeddable":true,"href":"https:\/\/fuentesfidedignas.com.mx\/index.php\/wp-json\/wp\/v2\/categories?post=132550"},{"taxonomy":"post_tag","embeddable":true,"href":"https:\/\/fuentesfidedignas.com.mx\/index.php\/wp-json\/wp\/v2\/tags?post=132550"}],"curies":[{"name":"wp","href":"https:\/\/api.w.org\/{rel}","templated":true}]}}