{"id":132543,"date":"2026-04-29T19:00:49","date_gmt":"2026-04-30T02:00:49","guid":{"rendered":"https:\/\/fuentesfidedignas.com.mx\/?p=132543"},"modified":"2026-04-29T19:46:20","modified_gmt":"2026-04-30T02:46:20","slug":"pan-sugiere-desaparicion-de-poderes-en-sinaloa-tras-acusaciones-contra-el-gobierno-estatal","status":"publish","type":"post","link":"https:\/\/fuentesfidedignas.com.mx\/index.php\/2026\/04\/29\/pan-sugiere-desaparicion-de-poderes-en-sinaloa-tras-acusaciones-contra-el-gobierno-estatal\/","title":{"rendered":"PAN sugiere desaparici\u00f3n de poderes en Sinaloa tras acusaciones contra el gobierno estatal"},"content":{"rendered":"\n<p class=\"p1\"><\/p>\n\n\n\n<p class=\"p2\">El Partido Acci\u00f3n Nacional elev\u00f3 el tono frente a la crisis pol\u00edtica en Sinaloa al plantear formalmente la desaparici\u00f3n de poderes en la entidad, tras las acusaciones realizadas en Estados Unidos contra funcionarios del gobierno estatal.<\/p>\n\n\n\n<p class=\"p2\">En un posicionamiento fechado el 29 de abril de 2026, el blanquiazul sostuvo que los se\u00f1alamientos por presuntos delitos contra la salud ya no pueden considerarse rumores, sino parte de investigaciones formales que colocan al estado en una situaci\u00f3n de \u201cdimensi\u00f3n institucional\u201d. Bajo ese argumento, advirti\u00f3 que lo que durante a\u00f1os fue negado por el oficialismo hoy se traduce en un escenario que rebasa el \u00e1mbito de un esc\u00e1ndalo pol\u00edtico.<\/p>\n\n\n\n<p class=\"p2\">\u201cEl momento exige respuestas firmes y acciones inmediatas\u201d, se\u00f1al\u00f3 el partido, al asegurar que Sinaloa enfrenta una crisis de Estado marcada por la violencia persistente, p\u00e9rdidas humanas y afectaciones econ\u00f3micas, sin que \u2014afirma\u2014 el gobierno haya logrado restablecer condiciones de seguridad.<\/p>\n\n\n\n<p class=\"p2\">En ese contexto, Acci\u00f3n Nacional cuestion\u00f3 la capacidad del gobierno encabezado por Rub\u00e9n Rocha Moya para hacer frente a la situaci\u00f3n, al considerar que bajo este nivel de se\u00f1alamientos no existen condiciones para garantizar estabilidad ni tranquilidad a la poblaci\u00f3n.<\/p>\n\n\n\n<p class=\"p2\">Por ello, el PAN pidi\u00f3 al Senado de la Rep\u00fablica evaluar de manera inmediata la desaparici\u00f3n de poderes en Sinaloa, una figura constitucional contemplada para escenarios extraordinarios. Aclar\u00f3 que no se trata de una medida extrema, sino de una respuesta necesaria ante una crisis que, a su juicio, ha rebasado a las autoridades locales.<\/p>\n\n\n\n<p class=\"p3\">Finalmente, el partido advirti\u00f3 que el pa\u00eds no puede permitirse que quienes tienen la responsabilidad de combatir al crimen organizado est\u00e9n bajo sospecha de v\u00ednculos con \u00e9ste, elevando as\u00ed la presi\u00f3n pol\u00edtica sobre el caso y trasladando el debate al \u00e1mbito nacional.<\/p>\n","protected":false},"excerpt":{"rendered":"<p>El Partido Acci\u00f3n Nacional elev\u00f3 el tono frente a la crisis pol\u00edtica en Sinaloa al plantear formalmente la desaparici\u00f3n de poderes en la entidad, tras las acusaciones realizadas en Estados Unidos contra funcionarios del gobierno estatal. En un posicionamiento fechado el 29 de abril de 2026, el blanquiazul sostuvo que los se\u00f1alamientos por presuntos delitos [&hellip;]<\/p>\n","protected":false},"author":4,"featured_media":132548,"comment_status":"closed","ping_status":"open","sticky":false,"template":"","format":"standard","meta":{"tdm_status":"","tdm_grid_status":"","footnotes":""},"categories":[39],"tags":[],"class_list":{"0":"post-132543","1":"post","2":"type-post","3":"status-publish","4":"format-standard","5":"has-post-thumbnail","7":"category-noticias-nacionales"},"yoast_head":"<!-- This site is optimized with the Yoast SEO plugin v27.5 - https:\/\/yoast.com\/product\/yoast-seo-wordpress\/ -->\n<title>PAN sugiere desaparici\u00f3n de poderes en Sinaloa tras acusaciones contra el gobierno estatal - Fuentes Fidedignas<\/title>\n<meta name=\"robots\" content=\"index, follow, max-snippet:-1, max-image-preview:large, max-video-preview:-1\" \/>\n<link rel=\"canonical\" href=\"https:\/\/fuentesfidedignas.com.mx\/index.php\/2026\/04\/29\/pan-sugiere-desaparicion-de-poderes-en-sinaloa-tras-acusaciones-contra-el-gobierno-estatal\/\" \/>\n<meta property=\"og:locale\" content=\"es_MX\" \/>\n<meta property=\"og:type\" content=\"article\" \/>\n<meta property=\"og:title\" content=\"PAN sugiere desaparici\u00f3n de poderes en Sinaloa tras acusaciones contra el gobierno estatal - Fuentes Fidedignas\" \/>\n<meta property=\"og:description\" content=\"El Partido Acci\u00f3n Nacional elev\u00f3 el tono frente a la crisis pol\u00edtica en Sinaloa al plantear formalmente la desaparici\u00f3n de poderes en la entidad, tras las acusaciones realizadas en Estados Unidos contra funcionarios del gobierno estatal. En un posicionamiento fechado el 29 de abril de 2026, el blanquiazul sostuvo que los se\u00f1alamientos por presuntos delitos [&hellip;]\" \/>\n<meta property=\"og:url\" content=\"https:\/\/fuentesfidedignas.com.mx\/index.php\/2026\/04\/29\/pan-sugiere-desaparicion-de-poderes-en-sinaloa-tras-acusaciones-contra-el-gobierno-estatal\/\" \/>\n<meta property=\"og:site_name\" content=\"Fuentes Fidedignas\" \/>\n<meta property=\"article:publisher\" content=\"https:\/\/www.facebook.com\/Fuentes-Fidedignas-368234489921644\" \/>\n<meta property=\"article:published_time\" content=\"2026-04-30T02:00:49+00:00\" \/>\n<meta property=\"article:modified_time\" content=\"2026-04-30T02:46:20+00:00\" \/>\n<meta property=\"og:image\" content=\"https:\/\/fuentesfidedignas.com.mx\/wp-content\/uploads\/2026\/04\/PAN-29.jpg\" \/>\n\t<meta property=\"og:image:width\" content=\"1163\" \/>\n\t<meta property=\"og:image:height\" content=\"544\" \/>\n\t<meta property=\"og:image:type\" content=\"image\/jpeg\" \/>\n<meta name=\"author\" content=\"Redacci\u00f3n\" \/>\n<meta name=\"twitter:card\" content=\"summary_large_image\" \/>\n<meta name=\"twitter:creator\" content=\"@fidedignas\" \/>\n<meta name=\"twitter:site\" content=\"@fidedignas\" \/>\n<meta name=\"twitter:label1\" content=\"Escrito por\" \/>\n\t<meta name=\"twitter:data1\" content=\"Redacci\u00f3n\" \/>\n\t<meta name=\"twitter:label2\" content=\"Tiempo de lectura\" \/>\n\t<meta name=\"twitter:data2\" content=\"2 minutos\" \/>\n<script type=\"application\/ld+json\" class=\"yoast-schema-graph\">{\"@context\":\"https:\\\/\\\/schema.org\",\"@graph\":[{\"@type\":\"Article\",\"@id\":\"https:\\\/\\\/fuentesfidedignas.com.mx\\\/index.php\\\/2026\\\/04\\\/29\\\/pan-sugiere-desaparicion-de-poderes-en-sinaloa-tras-acusaciones-contra-el-gobierno-estatal\\\/#article\",\"isPartOf\":{\"@id\":\"https:\\\/\\\/fuentesfidedignas.com.mx\\\/index.php\\\/2026\\\/04\\\/29\\\/pan-sugiere-desaparicion-de-poderes-en-sinaloa-tras-acusaciones-contra-el-gobierno-estatal\\\/\"},\"author\":{\"name\":\"Redacci\u00f3n\",\"@id\":\"https:\\\/\\\/fuentesfidedignas.com.mx\\\/#\\\/schema\\\/person\\\/331be9283d37198e2acd5750279085b0\"},\"headline\":\"PAN sugiere desaparici\u00f3n de poderes en Sinaloa tras acusaciones contra el gobierno estatal\",\"datePublished\":\"2026-04-30T02:00:49+00:00\",\"dateModified\":\"2026-04-30T02:46:20+00:00\",\"mainEntityOfPage\":{\"@id\":\"https:\\\/\\\/fuentesfidedignas.com.mx\\\/index.php\\\/2026\\\/04\\\/29\\\/pan-sugiere-desaparicion-de-poderes-en-sinaloa-tras-acusaciones-contra-el-gobierno-estatal\\\/\"},\"wordCount\":319,\"publisher\":{\"@id\":\"https:\\\/\\\/fuentesfidedignas.com.mx\\\/#organization\"},\"image\":{\"@id\":\"https:\\\/\\\/fuentesfidedignas.com.mx\\\/index.php\\\/2026\\\/04\\\/29\\\/pan-sugiere-desaparicion-de-poderes-en-sinaloa-tras-acusaciones-contra-el-gobierno-estatal\\\/#primaryimage\"},\"thumbnailUrl\":\"https:\\\/\\\/fuentesfidedignas.com.mx\\\/wp-content\\\/uploads\\\/2026\\\/04\\\/PAN-29.jpg\",\"articleSection\":[\"NOTICIAS NACIONALES\"],\"inLanguage\":\"es\"},{\"@type\":\"WebPage\",\"@id\":\"https:\\\/\\\/fuentesfidedignas.com.mx\\\/index.php\\\/2026\\\/04\\\/29\\\/pan-sugiere-desaparicion-de-poderes-en-sinaloa-tras-acusaciones-contra-el-gobierno-estatal\\\/\",\"url\":\"https:\\\/\\\/fuentesfidedignas.com.mx\\\/index.php\\\/2026\\\/04\\\/29\\\/pan-sugiere-desaparicion-de-poderes-en-sinaloa-tras-acusaciones-contra-el-gobierno-estatal\\\/\",\"name\":\"PAN sugiere desaparici\u00f3n de poderes en Sinaloa tras acusaciones contra el gobierno estatal - Fuentes Fidedignas\",\"isPartOf\":{\"@id\":\"https:\\\/\\\/fuentesfidedignas.com.mx\\\/#website\"},\"primaryImageOfPage\":{\"@id\":\"https:\\\/\\\/fuentesfidedignas.com.mx\\\/index.php\\\/2026\\\/04\\\/29\\\/pan-sugiere-desaparicion-de-poderes-en-sinaloa-tras-acusaciones-contra-el-gobierno-estatal\\\/#primaryimage\"},\"image\":{\"@id\":\"https:\\\/\\\/fuentesfidedignas.com.mx\\\/index.php\\\/2026\\\/04\\\/29\\\/pan-sugiere-desaparicion-de-poderes-en-sinaloa-tras-acusaciones-contra-el-gobierno-estatal\\\/#primaryimage\"},\"thumbnailUrl\":\"https:\\\/\\\/fuentesfidedignas.com.mx\\\/wp-content\\\/uploads\\\/2026\\\/04\\\/PAN-29.jpg\",\"datePublished\":\"2026-04-30T02:00:49+00:00\",\"dateModified\":\"2026-04-30T02:46:20+00:00\",\"breadcrumb\":{\"@id\":\"https:\\\/\\\/fuentesfidedignas.com.mx\\\/index.php\\\/2026\\\/04\\\/29\\\/pan-sugiere-desaparicion-de-poderes-en-sinaloa-tras-acusaciones-contra-el-gobierno-estatal\\\/#breadcrumb\"},\"inLanguage\":\"es\",\"potentialAction\":[{\"@type\":\"ReadAction\",\"target\":[\"https:\\\/\\\/fuentesfidedignas.com.mx\\\/index.php\\\/2026\\\/04\\\/29\\\/pan-sugiere-desaparicion-de-poderes-en-sinaloa-tras-acusaciones-contra-el-gobierno-estatal\\\/\"]}]},{\"@type\":\"ImageObject\",\"inLanguage\":\"es\",\"@id\":\"https:\\\/\\\/fuentesfidedignas.com.mx\\\/index.php\\\/2026\\\/04\\\/29\\\/pan-sugiere-desaparicion-de-poderes-en-sinaloa-tras-acusaciones-contra-el-gobierno-estatal\\\/#primaryimage\",\"url\":\"https:\\\/\\\/fuentesfidedignas.com.mx\\\/wp-content\\\/uploads\\\/2026\\\/04\\\/PAN-29.jpg\",\"contentUrl\":\"https:\\\/\\\/fuentesfidedignas.com.mx\\\/wp-content\\\/uploads\\\/2026\\\/04\\\/PAN-29.jpg\",\"width\":1163,\"height\":544},{\"@type\":\"BreadcrumbList\",\"@id\":\"https:\\\/\\\/fuentesfidedignas.com.mx\\\/index.php\\\/2026\\\/04\\\/29\\\/pan-sugiere-desaparicion-de-poderes-en-sinaloa-tras-acusaciones-contra-el-gobierno-estatal\\\/#breadcrumb\",\"itemListElement\":[{\"@type\":\"ListItem\",\"position\":1,\"name\":\"Inicio\",\"item\":\"https:\\\/\\\/fuentesfidedignas.com.mx\\\/\"},{\"@type\":\"ListItem\",\"position\":2,\"name\":\"PAN sugiere desaparici\u00f3n de poderes en Sinaloa tras acusaciones contra el gobierno estatal\"}]},{\"@type\":\"WebSite\",\"@id\":\"https:\\\/\\\/fuentesfidedignas.com.mx\\\/#website\",\"url\":\"https:\\\/\\\/fuentesfidedignas.com.mx\\\/\",\"name\":\"Fuentes Fidedignas\",\"description\":\"Otro sitio realizado con WordPress\",\"publisher\":{\"@id\":\"https:\\\/\\\/fuentesfidedignas.com.mx\\\/#organization\"},\"potentialAction\":[{\"@type\":\"SearchAction\",\"target\":{\"@type\":\"EntryPoint\",\"urlTemplate\":\"https:\\\/\\\/fuentesfidedignas.com.mx\\\/?s={search_term_string}\"},\"query-input\":{\"@type\":\"PropertyValueSpecification\",\"valueRequired\":true,\"valueName\":\"search_term_string\"}}],\"inLanguage\":\"es\"},{\"@type\":\"Organization\",\"@id\":\"https:\\\/\\\/fuentesfidedignas.com.mx\\\/#organization\",\"name\":\"Fuentes Fidedignas\",\"url\":\"https:\\\/\\\/fuentesfidedignas.com.mx\\\/\",\"logo\":{\"@type\":\"ImageObject\",\"inLanguage\":\"es\",\"@id\":\"https:\\\/\\\/fuentesfidedignas.com.mx\\\/#\\\/schema\\\/logo\\\/image\\\/\",\"url\":\"https:\\\/\\\/fuentesfidedignas.com.mx\\\/wp-content\\\/uploads\\\/2021\\\/04\\\/logo-retina.png\",\"contentUrl\":\"https:\\\/\\\/fuentesfidedignas.com.mx\\\/wp-content\\\/uploads\\\/2021\\\/04\\\/logo-retina.png\",\"width\":280,\"height\":51,\"caption\":\"Fuentes Fidedignas\"},\"image\":{\"@id\":\"https:\\\/\\\/fuentesfidedignas.com.mx\\\/#\\\/schema\\\/logo\\\/image\\\/\"},\"sameAs\":[\"https:\\\/\\\/www.facebook.com\\\/Fuentes-Fidedignas-368234489921644\",\"https:\\\/\\\/x.com\\\/fidedignas\"]},{\"@type\":\"Person\",\"@id\":\"https:\\\/\\\/fuentesfidedignas.com.mx\\\/#\\\/schema\\\/person\\\/331be9283d37198e2acd5750279085b0\",\"name\":\"Redacci\u00f3n\",\"image\":{\"@type\":\"ImageObject\",\"inLanguage\":\"es\",\"@id\":\"https:\\\/\\\/secure.gravatar.com\\\/avatar\\\/f6d8782c11d12b2d4ad3fbb6931aeab5309937a4d6cd2fc9cfaa28a6396a5aec?s=96&d=mm&r=g\",\"url\":\"https:\\\/\\\/secure.gravatar.com\\\/avatar\\\/f6d8782c11d12b2d4ad3fbb6931aeab5309937a4d6cd2fc9cfaa28a6396a5aec?s=96&d=mm&r=g\",\"contentUrl\":\"https:\\\/\\\/secure.gravatar.com\\\/avatar\\\/f6d8782c11d12b2d4ad3fbb6931aeab5309937a4d6cd2fc9cfaa28a6396a5aec?s=96&d=mm&r=g\",\"caption\":\"Redacci\u00f3n\"},\"url\":\"https:\\\/\\\/fuentesfidedignas.com.mx\\\/index.php\\\/author\\\/redaccion\\\/\"}]}<\/script>\n<!-- \/ Yoast SEO plugin. -->","yoast_head_json":{"title":"PAN sugiere desaparici\u00f3n de poderes en Sinaloa tras acusaciones contra el gobierno estatal - Fuentes Fidedignas","robots":{"index":"index","follow":"follow","max-snippet":"max-snippet:-1","max-image-preview":"max-image-preview:large","max-video-preview":"max-video-preview:-1"},"canonical":"https:\/\/fuentesfidedignas.com.mx\/index.php\/2026\/04\/29\/pan-sugiere-desaparicion-de-poderes-en-sinaloa-tras-acusaciones-contra-el-gobierno-estatal\/","og_locale":"es_MX","og_type":"article","og_title":"PAN sugiere desaparici\u00f3n de poderes en Sinaloa tras acusaciones contra el gobierno estatal - Fuentes Fidedignas","og_description":"El Partido Acci\u00f3n Nacional elev\u00f3 el tono frente a la crisis pol\u00edtica en Sinaloa al plantear formalmente la desaparici\u00f3n de poderes en la entidad, tras las acusaciones realizadas en Estados Unidos contra funcionarios del gobierno estatal. En un posicionamiento fechado el 29 de abril de 2026, el blanquiazul sostuvo que los se\u00f1alamientos por presuntos delitos [&hellip;]","og_url":"https:\/\/fuentesfidedignas.com.mx\/index.php\/2026\/04\/29\/pan-sugiere-desaparicion-de-poderes-en-sinaloa-tras-acusaciones-contra-el-gobierno-estatal\/","og_site_name":"Fuentes Fidedignas","article_publisher":"https:\/\/www.facebook.com\/Fuentes-Fidedignas-368234489921644","article_published_time":"2026-04-30T02:00:49+00:00","article_modified_time":"2026-04-30T02:46:20+00:00","og_image":[{"width":1163,"height":544,"url":"https:\/\/fuentesfidedignas.com.mx\/wp-content\/uploads\/2026\/04\/PAN-29.jpg","type":"image\/jpeg"}],"author":"Redacci\u00f3n","twitter_card":"summary_large_image","twitter_creator":"@fidedignas","twitter_site":"@fidedignas","twitter_misc":{"Escrito por":"Redacci\u00f3n","Tiempo de lectura":"2 minutos"},"schema":{"@context":"https:\/\/schema.org","@graph":[{"@type":"Article","@id":"https:\/\/fuentesfidedignas.com.mx\/index.php\/2026\/04\/29\/pan-sugiere-desaparicion-de-poderes-en-sinaloa-tras-acusaciones-contra-el-gobierno-estatal\/#article","isPartOf":{"@id":"https:\/\/fuentesfidedignas.com.mx\/index.php\/2026\/04\/29\/pan-sugiere-desaparicion-de-poderes-en-sinaloa-tras-acusaciones-contra-el-gobierno-estatal\/"},"author":{"name":"Redacci\u00f3n","@id":"https:\/\/fuentesfidedignas.com.mx\/#\/schema\/person\/331be9283d37198e2acd5750279085b0"},"headline":"PAN sugiere desaparici\u00f3n de poderes en Sinaloa tras acusaciones contra el gobierno estatal","datePublished":"2026-04-30T02:00:49+00:00","dateModified":"2026-04-30T02:46:20+00:00","mainEntityOfPage":{"@id":"https:\/\/fuentesfidedignas.com.mx\/index.php\/2026\/04\/29\/pan-sugiere-desaparicion-de-poderes-en-sinaloa-tras-acusaciones-contra-el-gobierno-estatal\/"},"wordCount":319,"publisher":{"@id":"https:\/\/fuentesfidedignas.com.mx\/#organization"},"image":{"@id":"https:\/\/fuentesfidedignas.com.mx\/index.php\/2026\/04\/29\/pan-sugiere-desaparicion-de-poderes-en-sinaloa-tras-acusaciones-contra-el-gobierno-estatal\/#primaryimage"},"thumbnailUrl":"https:\/\/fuentesfidedignas.com.mx\/wp-content\/uploads\/2026\/04\/PAN-29.jpg","articleSection":["NOTICIAS NACIONALES"],"inLanguage":"es"},{"@type":"WebPage","@id":"https:\/\/fuentesfidedignas.com.mx\/index.php\/2026\/04\/29\/pan-sugiere-desaparicion-de-poderes-en-sinaloa-tras-acusaciones-contra-el-gobierno-estatal\/","url":"https:\/\/fuentesfidedignas.com.mx\/index.php\/2026\/04\/29\/pan-sugiere-desaparicion-de-poderes-en-sinaloa-tras-acusaciones-contra-el-gobierno-estatal\/","name":"PAN sugiere desaparici\u00f3n de poderes en Sinaloa tras acusaciones contra el gobierno estatal - Fuentes Fidedignas","isPartOf":{"@id":"https:\/\/fuentesfidedignas.com.mx\/#website"},"primaryImageOfPage":{"@id":"https:\/\/fuentesfidedignas.com.mx\/index.php\/2026\/04\/29\/pan-sugiere-desaparicion-de-poderes-en-sinaloa-tras-acusaciones-contra-el-gobierno-estatal\/#primaryimage"},"image":{"@id":"https:\/\/fuentesfidedignas.com.mx\/index.php\/2026\/04\/29\/pan-sugiere-desaparicion-de-poderes-en-sinaloa-tras-acusaciones-contra-el-gobierno-estatal\/#primaryimage"},"thumbnailUrl":"https:\/\/fuentesfidedignas.com.mx\/wp-content\/uploads\/2026\/04\/PAN-29.jpg","datePublished":"2026-04-30T02:00:49+00:00","dateModified":"2026-04-30T02:46:20+00:00","breadcrumb":{"@id":"https:\/\/fuentesfidedignas.com.mx\/index.php\/2026\/04\/29\/pan-sugiere-desaparicion-de-poderes-en-sinaloa-tras-acusaciones-contra-el-gobierno-estatal\/#breadcrumb"},"inLanguage":"es","potentialAction":[{"@type":"ReadAction","target":["https:\/\/fuentesfidedignas.com.mx\/index.php\/2026\/04\/29\/pan-sugiere-desaparicion-de-poderes-en-sinaloa-tras-acusaciones-contra-el-gobierno-estatal\/"]}]},{"@type":"ImageObject","inLanguage":"es","@id":"https:\/\/fuentesfidedignas.com.mx\/index.php\/2026\/04\/29\/pan-sugiere-desaparicion-de-poderes-en-sinaloa-tras-acusaciones-contra-el-gobierno-estatal\/#primaryimage","url":"https:\/\/fuentesfidedignas.com.mx\/wp-content\/uploads\/2026\/04\/PAN-29.jpg","contentUrl":"https:\/\/fuentesfidedignas.com.mx\/wp-content\/uploads\/2026\/04\/PAN-29.jpg","width":1163,"height":544},{"@type":"BreadcrumbList","@id":"https:\/\/fuentesfidedignas.com.mx\/index.php\/2026\/04\/29\/pan-sugiere-desaparicion-de-poderes-en-sinaloa-tras-acusaciones-contra-el-gobierno-estatal\/#breadcrumb","itemListElement":[{"@type":"ListItem","position":1,"name":"Inicio","item":"https:\/\/fuentesfidedignas.com.mx\/"},{"@type":"ListItem","position":2,"name":"PAN sugiere desaparici\u00f3n de poderes en Sinaloa tras acusaciones contra el gobierno estatal"}]},{"@type":"WebSite","@id":"https:\/\/fuentesfidedignas.com.mx\/#website","url":"https:\/\/fuentesfidedignas.com.mx\/","name":"Fuentes Fidedignas","description":"Otro sitio realizado con WordPress","publisher":{"@id":"https:\/\/fuentesfidedignas.com.mx\/#organization"},"potentialAction":[{"@type":"SearchAction","target":{"@type":"EntryPoint","urlTemplate":"https:\/\/fuentesfidedignas.com.mx\/?s={search_term_string}"},"query-input":{"@type":"PropertyValueSpecification","valueRequired":true,"valueName":"search_term_string"}}],"inLanguage":"es"},{"@type":"Organization","@id":"https:\/\/fuentesfidedignas.com.mx\/#organization","name":"Fuentes Fidedignas","url":"https:\/\/fuentesfidedignas.com.mx\/","logo":{"@type":"ImageObject","inLanguage":"es","@id":"https:\/\/fuentesfidedignas.com.mx\/#\/schema\/logo\/image\/","url":"https:\/\/fuentesfidedignas.com.mx\/wp-content\/uploads\/2021\/04\/logo-retina.png","contentUrl":"https:\/\/fuentesfidedignas.com.mx\/wp-content\/uploads\/2021\/04\/logo-retina.png","width":280,"height":51,"caption":"Fuentes Fidedignas"},"image":{"@id":"https:\/\/fuentesfidedignas.com.mx\/#\/schema\/logo\/image\/"},"sameAs":["https:\/\/www.facebook.com\/Fuentes-Fidedignas-368234489921644","https:\/\/x.com\/fidedignas"]},{"@type":"Person","@id":"https:\/\/fuentesfidedignas.com.mx\/#\/schema\/person\/331be9283d37198e2acd5750279085b0","name":"Redacci\u00f3n","image":{"@type":"ImageObject","inLanguage":"es","@id":"https:\/\/secure.gravatar.com\/avatar\/f6d8782c11d12b2d4ad3fbb6931aeab5309937a4d6cd2fc9cfaa28a6396a5aec?s=96&d=mm&r=g","url":"https:\/\/secure.gravatar.com\/avatar\/f6d8782c11d12b2d4ad3fbb6931aeab5309937a4d6cd2fc9cfaa28a6396a5aec?s=96&d=mm&r=g","contentUrl":"https:\/\/secure.gravatar.com\/avatar\/f6d8782c11d12b2d4ad3fbb6931aeab5309937a4d6cd2fc9cfaa28a6396a5aec?s=96&d=mm&r=g","caption":"Redacci\u00f3n"},"url":"https:\/\/fuentesfidedignas.com.mx\/index.php\/author\/redaccion\/"}]}},"_links":{"self":[{"href":"https:\/\/fuentesfidedignas.com.mx\/index.php\/wp-json\/wp\/v2\/posts\/132543","targetHints":{"allow":["GET"]}}],"collection":[{"href":"https:\/\/fuentesfidedignas.com.mx\/index.php\/wp-json\/wp\/v2\/posts"}],"about":[{"href":"https:\/\/fuentesfidedignas.com.mx\/index.php\/wp-json\/wp\/v2\/types\/post"}],"author":[{"embeddable":true,"href":"https:\/\/fuentesfidedignas.com.mx\/index.php\/wp-json\/wp\/v2\/users\/4"}],"replies":[{"embeddable":true,"href":"https:\/\/fuentesfidedignas.com.mx\/index.php\/wp-json\/wp\/v2\/comments?post=132543"}],"version-history":[{"count":1,"href":"https:\/\/fuentesfidedignas.com.mx\/index.php\/wp-json\/wp\/v2\/posts\/132543\/revisions"}],"predecessor-version":[{"id":132544,"href":"https:\/\/fuentesfidedignas.com.mx\/index.php\/wp-json\/wp\/v2\/posts\/132543\/revisions\/132544"}],"wp:featuredmedia":[{"embeddable":true,"href":"https:\/\/fuentesfidedignas.com.mx\/index.php\/wp-json\/wp\/v2\/media\/132548"}],"wp:attachment":[{"href":"https:\/\/fuentesfidedignas.com.mx\/index.php\/wp-json\/wp\/v2\/media?parent=132543"}],"wp:term":[{"taxonomy":"category","embeddable":true,"href":"https:\/\/fuentesfidedignas.com.mx\/index.php\/wp-json\/wp\/v2\/categories?post=132543"},{"taxonomy":"post_tag","embeddable":true,"href":"https:\/\/fuentesfidedignas.com.mx\/index.php\/wp-json\/wp\/v2\/tags?post=132543"}],"curies":[{"name":"wp","href":"https:\/\/api.w.org\/{rel}","templated":true}]}}