{"id":132538,"date":"2026-04-29T18:17:20","date_gmt":"2026-04-30T01:17:20","guid":{"rendered":"https:\/\/fuentesfidedignas.com.mx\/?p=132538"},"modified":"2026-04-29T18:19:42","modified_gmt":"2026-04-30T01:19:42","slug":"senado-aprueba-ingreso-de-militares-armados-de-eu-a-mexico","status":"publish","type":"post","link":"https:\/\/fuentesfidedignas.com.mx\/index.php\/2026\/04\/29\/senado-aprueba-ingreso-de-militares-armados-de-eu-a-mexico\/","title":{"rendered":"Senado aprueba ingreso de militares armados de EU a M\u00e9xico"},"content":{"rendered":"\n<p>Un equipo de ocho militares mexicanos participar\u00e1 en la competencia Fuerzas Comando 2026 en Asunci\u00f3n, Paraguay, del 23 de agosto al 5 de septiembre.<\/p>\n\n\n\n<p>n medio de la informaci\u00f3n de la<strong>&nbsp;Fiscal\u00eda de Estados Unidos<\/strong>&nbsp;acus\u00f3 al gobernador de&nbsp;<strong>Sinalo<\/strong>a,&nbsp;<strong>Rub\u00e9n Rocha<\/strong>, as\u00ed como al senador morenista,&nbsp;<strong>Enrique Inzunza<\/strong>&nbsp;y otros funcionarios, el&nbsp;<strong>Senado<\/strong>&nbsp;aprob\u00f3 una nueva solicitud de la presidenta&nbsp;<strong>Claudia Sheinbaum<\/strong>&nbsp;para que&nbsp;<strong>12 militares&nbsp;<\/strong>estadunidenses ingresen armados a territorio nacional para capacitar a&nbsp;<strong>tropas mexicanas<\/strong>.<\/p>\n\n\n\n<p>Con la ausencia en el pleno de&nbsp;<strong>Enrique Inzunza&nbsp;<\/strong>y con reuniones en sus esca\u00f1os de&nbsp;<strong>Ad\u00e1n Augusto L\u00f3pez<\/strong>, cercano al l\u00edder de&nbsp;<strong>&#8220;La Barredora&#8221;<\/strong>, con los senadores&nbsp;<strong>Gerardo Fern\u00e1ndez Noro\u00f1a<\/strong>, quien el pasado fin de semana se reuni\u00f3 con<strong>&nbsp;Rub\u00e9n Rocha<\/strong>.<\/p>\n\n\n\n<p>Caras largas, de preocupaci\u00f3n de incertidumbre en el c\u00f3nclave del tabasque\u00f1o con<strong>&nbsp;Fern\u00e1ndez Noro\u00f1a<\/strong>, al que se uni\u00f3 el veracruzano y expanista,&nbsp;<strong>Miguel \u00c1ngel Yunes<\/strong>.<\/p>\n\n\n\n<p>En la sesi\u00f3n,&nbsp;<strong>dos&nbsp;<\/strong>veces&nbsp;<strong>Lily T\u00e9llez<\/strong>, intent\u00f3 desde la tribuna hablar del tema. Las mismas que la presidenta del<strong>&nbsp;Senado<\/strong>,&nbsp;<strong>Laura Itzel Castillo<\/strong>, le cerr\u00f3 el micr\u00f3fono por no ser un tema inscrito en la agenda.<em>&nbsp;&#8220;A su padre le dar\u00eda verg\u00fcenza&#8221;<\/em>&nbsp;su actitud, solt\u00f3 la panista a la hija de&nbsp;<strong>Don Heberto Castillo<\/strong>.<\/p>\n\n\n\n<p>En este contexto, el pleno aprob\u00f3 por unanimidad el ingreso a territorio nacional de&nbsp;<strong>12 militares pertenecientes<\/strong>&nbsp;al&nbsp;<strong>7\/o. Grupo de Operaciones Especiales del Comando de Operaciones Especiales Norte de los Estados Unidos de Am\u00e9rica<\/strong>, quienes portar\u00e1n armamento y estar\u00e1n presentes en el evento&nbsp;<strong>SOFT 3<\/strong>,&nbsp;<strong>&#8216;Mejorar las capacidades de las unidades de fuerzas especiales&#8217;,<\/strong>&nbsp;que se realizar\u00e1 del&nbsp;<strong>15 de julio<\/strong>&nbsp;al&nbsp;<strong>15 de diciembre de 2026<\/strong>.<\/p>\n\n\n\n<p>Este ejercicio tiene el objetivo de fortalecer la relaci\u00f3n<strong>&nbsp;bilateral militar<\/strong>&nbsp;y mejorar de manera conjunta las capacidades y habilidades de las&nbsp;<strong>Fuerzas Especiales<\/strong>, para contrarrestar amenazas comunes.<\/p>\n\n\n\n<p>En el documento se detalla que las actividades se realizar\u00e1n en el<strong>&nbsp;Centro de Adiestramiento de Fuerzas Especiales<\/strong>, ubicadas en&nbsp;<strong>Temamatla, Estado de M\u00e9xico<\/strong>; en el<strong>&nbsp;Centro de Adiestramiento Regional de la Regi\u00f3n Militar<\/strong>, localizado en&nbsp;<strong>San Miguel de los Jag\u00fceyes, Estado de M\u00e9xico<\/strong>, y en la<strong>&nbsp;Zona A\u00e9rea Militar<\/strong>&nbsp;en&nbsp;<strong>Santa Luc\u00eda, Estado de M\u00e9xico<\/strong>.<\/p>\n\n\n\n<p>Se\u00f1ala que la delegaci\u00f3n estar\u00e1 conformada por&nbsp;<strong>12 militares estadounidenses<\/strong>, quienes portar\u00e1n armamento y su traslado ser\u00e1 a bordo de una aeronave de la<strong>&nbsp;Fuerza A\u00e9rea&nbsp;<\/strong>de los&nbsp;<strong>Estados Unidos<\/strong>, que arribar\u00e1 a la<strong>&nbsp;1\/a. Zona A\u00e9rea Militar&nbsp;<\/strong>el&nbsp;<strong>15 de julio de 2026<\/strong>&nbsp;y partir\u00e1 de la misma ubicaci\u00f3n el&nbsp;<strong>15 de diciembre de ese a\u00f1o<\/strong>.<\/p>\n\n\n\n<h2 class=\"wp-block-heading\">Participaci\u00f3n de militares mexicanos en competencias y ejercicios internacionales<\/h2>\n\n\n\n<p>Asimismo, se aprob\u00f3 otro dictamen que permite la salida de militares mexicanos del territorio nacional, a fin de que participen en la competencia&nbsp;<strong>&#8216;Fuerzas Comando 2026&#8217;<\/strong>, del&nbsp;<strong>23 de agosto&nbsp;<\/strong>al&nbsp;<strong>5 de septiembre del 2026<\/strong>&nbsp;en&nbsp;<strong>Asunci\u00f3n, Paraguay<\/strong>.<\/p>\n\n\n\n<p>En este ejercicio participar\u00e1 el equipo&nbsp;<strong>&#8220;Holkan&#8221;<\/strong>, integrado con ocho militares pertenecientes a la&nbsp;<strong>Secretar\u00eda de la Defensa Nacional<\/strong>, quienes portar\u00e1n armamento y equipo org\u00e1nico. Su traslado ser\u00e1 v\u00eda a\u00e9rea en vuelo comercial, con salida el&nbsp;<strong>23 de agosto de 2026&nbsp;<\/strong>del&nbsp;<strong>Aeropuerto Internacional de la Ciudad de M\u00e9xico<\/strong>, y su retorno ser\u00e1 el&nbsp;<strong>5 de septiembre de 2026<\/strong>&nbsp;desde el<strong>&nbsp;Aeropuerto Internacional de Asunci\u00f3n<\/strong>,&nbsp;<strong>Paraguay<\/strong>.<\/p>\n\n\n\n<p>Finalmente, autorizaron la salida de elementos de las&nbsp;<strong>Fuerzas Armadas&nbsp;<\/strong>para que asistan al&nbsp;<strong>&#8220;Ejercicio Rotacional 2026&#8221;<\/strong>, a celebrarse del&nbsp;<strong>17 de agosto<\/strong>&nbsp;al&nbsp;<strong>13 de septiembre<\/strong>&nbsp;de este a\u00f1o, en el&nbsp;<strong>Fuerte Johnson, Luisiana, Estados Unidos<\/strong>, con el prop\u00f3sito de fortalecer la compatibilidad operativa de los ej\u00e9rcitos de ambos pa\u00edses, para contrarrestar amenazas asim\u00e9tricas comunes en el hemisferio norte del continente americano.<\/p>\n\n\n\n<p>El documento menciona que participar\u00e1 el\u00a0<strong>Batall\u00f3n An\u00e1huac<\/strong>, conformado por<strong>\u00a0518 militares<\/strong>\u00a0pertenecientes a la\u00a0<strong>Secretar\u00eda de la Defensa Nacional<\/strong>, quienes portar\u00e1n armamento org\u00e1nico, veh\u00edculos y equipo especial.<\/p>\n\n\n\n<p><a href=\"https:\/\/news.google.com\/publications\/CAAiEFZ8TyAjCDHOBoWa7RocJwEqFAgKIhBWfE8gIwgxzgaFmu0aHCcB?hl=es-419&amp;gl=MX&amp;ceid=MX%3Aes-419\" target=\"_blank\" rel=\"noreferrer noopener\"><\/a><\/p>\n\n\n\n<p><a href=\"https:\/\/www.expreso.com.mx\/noticias\/mexico\/senado-aprueba-ingreso-de-militares-armados-eu-a-mexico\/254941#\"><\/a><\/p>\n","protected":false},"excerpt":{"rendered":"<p>Un equipo de ocho militares mexicanos participar\u00e1 en la competencia Fuerzas Comando 2026 en Asunci\u00f3n, Paraguay, del 23 de agosto al 5 de septiembre. n medio de la informaci\u00f3n de la&nbsp;Fiscal\u00eda de Estados Unidos&nbsp;acus\u00f3 al gobernador de&nbsp;Sinaloa,&nbsp;Rub\u00e9n Rocha, as\u00ed como al senador morenista,&nbsp;Enrique Inzunza&nbsp;y otros funcionarios, el&nbsp;Senado&nbsp;aprob\u00f3 una nueva solicitud de la presidenta&nbsp;Claudia Sheinbaum&nbsp;para que&nbsp;12 [&hellip;]<\/p>\n","protected":false},"author":210,"featured_media":132539,"comment_status":"open","ping_status":"open","sticky":false,"template":"","format":"standard","meta":{"tdm_status":"","tdm_grid_status":"","footnotes":""},"categories":[39],"tags":[],"class_list":{"0":"post-132538","1":"post","2":"type-post","3":"status-publish","4":"format-standard","5":"has-post-thumbnail","7":"category-noticias-nacionales"},"yoast_head":"<!-- This site is optimized with the Yoast SEO plugin v27.5 - https:\/\/yoast.com\/product\/yoast-seo-wordpress\/ -->\n<title>Senado aprueba ingreso de militares armados de EU a M\u00e9xico - Fuentes Fidedignas<\/title>\n<meta name=\"robots\" content=\"index, follow, max-snippet:-1, max-image-preview:large, max-video-preview:-1\" \/>\n<link rel=\"canonical\" href=\"https:\/\/fuentesfidedignas.com.mx\/index.php\/2026\/04\/29\/senado-aprueba-ingreso-de-militares-armados-de-eu-a-mexico\/\" \/>\n<meta property=\"og:locale\" content=\"es_MX\" \/>\n<meta property=\"og:type\" content=\"article\" \/>\n<meta property=\"og:title\" content=\"Senado aprueba ingreso de militares armados de EU a M\u00e9xico - Fuentes Fidedignas\" \/>\n<meta property=\"og:description\" content=\"Un equipo de ocho militares mexicanos participar\u00e1 en la competencia Fuerzas Comando 2026 en Asunci\u00f3n, Paraguay, del 23 de agosto al 5 de septiembre. n medio de la informaci\u00f3n de la&nbsp;Fiscal\u00eda de Estados Unidos&nbsp;acus\u00f3 al gobernador de&nbsp;Sinaloa,&nbsp;Rub\u00e9n Rocha, as\u00ed como al senador morenista,&nbsp;Enrique Inzunza&nbsp;y otros funcionarios, el&nbsp;Senado&nbsp;aprob\u00f3 una nueva solicitud de la presidenta&nbsp;Claudia Sheinbaum&nbsp;para que&nbsp;12 [&hellip;]\" \/>\n<meta property=\"og:url\" content=\"https:\/\/fuentesfidedignas.com.mx\/index.php\/2026\/04\/29\/senado-aprueba-ingreso-de-militares-armados-de-eu-a-mexico\/\" \/>\n<meta property=\"og:site_name\" content=\"Fuentes Fidedignas\" \/>\n<meta property=\"article:publisher\" content=\"https:\/\/www.facebook.com\/Fuentes-Fidedignas-368234489921644\" \/>\n<meta property=\"article:published_time\" content=\"2026-04-30T01:17:20+00:00\" \/>\n<meta property=\"article:modified_time\" content=\"2026-04-30T01:19:42+00:00\" \/>\n<meta property=\"og:image\" content=\"https:\/\/fuentesfidedignas.com.mx\/wp-content\/uploads\/2026\/04\/senado-aprueba-ingreso-de-militares-armados-eu-a-mexico-fd3d9d14-focus-0-0-750-421.webp\" \/>\n\t<meta property=\"og:image:width\" content=\"750\" \/>\n\t<meta property=\"og:image:height\" content=\"421\" \/>\n\t<meta property=\"og:image:type\" content=\"image\/webp\" \/>\n<meta name=\"author\" content=\"EXPRESO\" \/>\n<meta name=\"twitter:card\" content=\"summary_large_image\" \/>\n<meta name=\"twitter:creator\" content=\"@fidedignas\" \/>\n<meta name=\"twitter:site\" content=\"@fidedignas\" \/>\n<meta name=\"twitter:label1\" content=\"Escrito por\" \/>\n\t<meta name=\"twitter:data1\" content=\"EXPRESO\" \/>\n\t<meta name=\"twitter:label2\" content=\"Tiempo de lectura\" \/>\n\t<meta name=\"twitter:data2\" content=\"4 minutos\" \/>\n<script type=\"application\/ld+json\" class=\"yoast-schema-graph\">{\"@context\":\"https:\\\/\\\/schema.org\",\"@graph\":[{\"@type\":\"Article\",\"@id\":\"https:\\\/\\\/fuentesfidedignas.com.mx\\\/index.php\\\/2026\\\/04\\\/29\\\/senado-aprueba-ingreso-de-militares-armados-de-eu-a-mexico\\\/#article\",\"isPartOf\":{\"@id\":\"https:\\\/\\\/fuentesfidedignas.com.mx\\\/index.php\\\/2026\\\/04\\\/29\\\/senado-aprueba-ingreso-de-militares-armados-de-eu-a-mexico\\\/\"},\"author\":{\"name\":\"EXPRESO\",\"@id\":\"https:\\\/\\\/fuentesfidedignas.com.mx\\\/#\\\/schema\\\/person\\\/09ba0421b1c58da6094b1ad674e86bfc\"},\"headline\":\"Senado aprueba ingreso de militares armados de EU a M\u00e9xico\",\"datePublished\":\"2026-04-30T01:17:20+00:00\",\"dateModified\":\"2026-04-30T01:19:42+00:00\",\"mainEntityOfPage\":{\"@id\":\"https:\\\/\\\/fuentesfidedignas.com.mx\\\/index.php\\\/2026\\\/04\\\/29\\\/senado-aprueba-ingreso-de-militares-armados-de-eu-a-mexico\\\/\"},\"wordCount\":740,\"commentCount\":0,\"publisher\":{\"@id\":\"https:\\\/\\\/fuentesfidedignas.com.mx\\\/#organization\"},\"image\":{\"@id\":\"https:\\\/\\\/fuentesfidedignas.com.mx\\\/index.php\\\/2026\\\/04\\\/29\\\/senado-aprueba-ingreso-de-militares-armados-de-eu-a-mexico\\\/#primaryimage\"},\"thumbnailUrl\":\"https:\\\/\\\/fuentesfidedignas.com.mx\\\/wp-content\\\/uploads\\\/2026\\\/04\\\/senado-aprueba-ingreso-de-militares-armados-eu-a-mexico-fd3d9d14-focus-0-0-750-421.webp\",\"articleSection\":[\"NOTICIAS NACIONALES\"],\"inLanguage\":\"es\",\"potentialAction\":[{\"@type\":\"CommentAction\",\"name\":\"Comment\",\"target\":[\"https:\\\/\\\/fuentesfidedignas.com.mx\\\/index.php\\\/2026\\\/04\\\/29\\\/senado-aprueba-ingreso-de-militares-armados-de-eu-a-mexico\\\/#respond\"]}]},{\"@type\":\"WebPage\",\"@id\":\"https:\\\/\\\/fuentesfidedignas.com.mx\\\/index.php\\\/2026\\\/04\\\/29\\\/senado-aprueba-ingreso-de-militares-armados-de-eu-a-mexico\\\/\",\"url\":\"https:\\\/\\\/fuentesfidedignas.com.mx\\\/index.php\\\/2026\\\/04\\\/29\\\/senado-aprueba-ingreso-de-militares-armados-de-eu-a-mexico\\\/\",\"name\":\"Senado aprueba ingreso de militares armados de EU a M\u00e9xico - Fuentes Fidedignas\",\"isPartOf\":{\"@id\":\"https:\\\/\\\/fuentesfidedignas.com.mx\\\/#website\"},\"primaryImageOfPage\":{\"@id\":\"https:\\\/\\\/fuentesfidedignas.com.mx\\\/index.php\\\/2026\\\/04\\\/29\\\/senado-aprueba-ingreso-de-militares-armados-de-eu-a-mexico\\\/#primaryimage\"},\"image\":{\"@id\":\"https:\\\/\\\/fuentesfidedignas.com.mx\\\/index.php\\\/2026\\\/04\\\/29\\\/senado-aprueba-ingreso-de-militares-armados-de-eu-a-mexico\\\/#primaryimage\"},\"thumbnailUrl\":\"https:\\\/\\\/fuentesfidedignas.com.mx\\\/wp-content\\\/uploads\\\/2026\\\/04\\\/senado-aprueba-ingreso-de-militares-armados-eu-a-mexico-fd3d9d14-focus-0-0-750-421.webp\",\"datePublished\":\"2026-04-30T01:17:20+00:00\",\"dateModified\":\"2026-04-30T01:19:42+00:00\",\"breadcrumb\":{\"@id\":\"https:\\\/\\\/fuentesfidedignas.com.mx\\\/index.php\\\/2026\\\/04\\\/29\\\/senado-aprueba-ingreso-de-militares-armados-de-eu-a-mexico\\\/#breadcrumb\"},\"inLanguage\":\"es\",\"potentialAction\":[{\"@type\":\"ReadAction\",\"target\":[\"https:\\\/\\\/fuentesfidedignas.com.mx\\\/index.php\\\/2026\\\/04\\\/29\\\/senado-aprueba-ingreso-de-militares-armados-de-eu-a-mexico\\\/\"]}]},{\"@type\":\"ImageObject\",\"inLanguage\":\"es\",\"@id\":\"https:\\\/\\\/fuentesfidedignas.com.mx\\\/index.php\\\/2026\\\/04\\\/29\\\/senado-aprueba-ingreso-de-militares-armados-de-eu-a-mexico\\\/#primaryimage\",\"url\":\"https:\\\/\\\/fuentesfidedignas.com.mx\\\/wp-content\\\/uploads\\\/2026\\\/04\\\/senado-aprueba-ingreso-de-militares-armados-eu-a-mexico-fd3d9d14-focus-0-0-750-421.webp\",\"contentUrl\":\"https:\\\/\\\/fuentesfidedignas.com.mx\\\/wp-content\\\/uploads\\\/2026\\\/04\\\/senado-aprueba-ingreso-de-militares-armados-eu-a-mexico-fd3d9d14-focus-0-0-750-421.webp\",\"width\":750,\"height\":421},{\"@type\":\"BreadcrumbList\",\"@id\":\"https:\\\/\\\/fuentesfidedignas.com.mx\\\/index.php\\\/2026\\\/04\\\/29\\\/senado-aprueba-ingreso-de-militares-armados-de-eu-a-mexico\\\/#breadcrumb\",\"itemListElement\":[{\"@type\":\"ListItem\",\"position\":1,\"name\":\"Inicio\",\"item\":\"https:\\\/\\\/fuentesfidedignas.com.mx\\\/\"},{\"@type\":\"ListItem\",\"position\":2,\"name\":\"Senado aprueba ingreso de militares armados de EU a M\u00e9xico\"}]},{\"@type\":\"WebSite\",\"@id\":\"https:\\\/\\\/fuentesfidedignas.com.mx\\\/#website\",\"url\":\"https:\\\/\\\/fuentesfidedignas.com.mx\\\/\",\"name\":\"Fuentes Fidedignas\",\"description\":\"Otro sitio realizado con WordPress\",\"publisher\":{\"@id\":\"https:\\\/\\\/fuentesfidedignas.com.mx\\\/#organization\"},\"potentialAction\":[{\"@type\":\"SearchAction\",\"target\":{\"@type\":\"EntryPoint\",\"urlTemplate\":\"https:\\\/\\\/fuentesfidedignas.com.mx\\\/?s={search_term_string}\"},\"query-input\":{\"@type\":\"PropertyValueSpecification\",\"valueRequired\":true,\"valueName\":\"search_term_string\"}}],\"inLanguage\":\"es\"},{\"@type\":\"Organization\",\"@id\":\"https:\\\/\\\/fuentesfidedignas.com.mx\\\/#organization\",\"name\":\"Fuentes Fidedignas\",\"url\":\"https:\\\/\\\/fuentesfidedignas.com.mx\\\/\",\"logo\":{\"@type\":\"ImageObject\",\"inLanguage\":\"es\",\"@id\":\"https:\\\/\\\/fuentesfidedignas.com.mx\\\/#\\\/schema\\\/logo\\\/image\\\/\",\"url\":\"https:\\\/\\\/fuentesfidedignas.com.mx\\\/wp-content\\\/uploads\\\/2021\\\/04\\\/logo-retina.png\",\"contentUrl\":\"https:\\\/\\\/fuentesfidedignas.com.mx\\\/wp-content\\\/uploads\\\/2021\\\/04\\\/logo-retina.png\",\"width\":280,\"height\":51,\"caption\":\"Fuentes Fidedignas\"},\"image\":{\"@id\":\"https:\\\/\\\/fuentesfidedignas.com.mx\\\/#\\\/schema\\\/logo\\\/image\\\/\"},\"sameAs\":[\"https:\\\/\\\/www.facebook.com\\\/Fuentes-Fidedignas-368234489921644\",\"https:\\\/\\\/x.com\\\/fidedignas\"]},{\"@type\":\"Person\",\"@id\":\"https:\\\/\\\/fuentesfidedignas.com.mx\\\/#\\\/schema\\\/person\\\/09ba0421b1c58da6094b1ad674e86bfc\",\"name\":\"EXPRESO\",\"image\":{\"@type\":\"ImageObject\",\"inLanguage\":\"es\",\"@id\":\"https:\\\/\\\/secure.gravatar.com\\\/avatar\\\/25f6f5a71508b4893ef7fa088d955085fb54057dafe327447fc8d4fb773adacf?s=96&d=mm&r=g\",\"url\":\"https:\\\/\\\/secure.gravatar.com\\\/avatar\\\/25f6f5a71508b4893ef7fa088d955085fb54057dafe327447fc8d4fb773adacf?s=96&d=mm&r=g\",\"contentUrl\":\"https:\\\/\\\/secure.gravatar.com\\\/avatar\\\/25f6f5a71508b4893ef7fa088d955085fb54057dafe327447fc8d4fb773adacf?s=96&d=mm&r=g\",\"caption\":\"EXPRESO\"},\"url\":\"https:\\\/\\\/fuentesfidedignas.com.mx\\\/index.php\\\/author\\\/expreso\\\/\"}]}<\/script>\n<!-- \/ Yoast SEO plugin. -->","yoast_head_json":{"title":"Senado aprueba ingreso de militares armados de EU a M\u00e9xico - Fuentes Fidedignas","robots":{"index":"index","follow":"follow","max-snippet":"max-snippet:-1","max-image-preview":"max-image-preview:large","max-video-preview":"max-video-preview:-1"},"canonical":"https:\/\/fuentesfidedignas.com.mx\/index.php\/2026\/04\/29\/senado-aprueba-ingreso-de-militares-armados-de-eu-a-mexico\/","og_locale":"es_MX","og_type":"article","og_title":"Senado aprueba ingreso de militares armados de EU a M\u00e9xico - Fuentes Fidedignas","og_description":"Un equipo de ocho militares mexicanos participar\u00e1 en la competencia Fuerzas Comando 2026 en Asunci\u00f3n, Paraguay, del 23 de agosto al 5 de septiembre. n medio de la informaci\u00f3n de la&nbsp;Fiscal\u00eda de Estados Unidos&nbsp;acus\u00f3 al gobernador de&nbsp;Sinaloa,&nbsp;Rub\u00e9n Rocha, as\u00ed como al senador morenista,&nbsp;Enrique Inzunza&nbsp;y otros funcionarios, el&nbsp;Senado&nbsp;aprob\u00f3 una nueva solicitud de la presidenta&nbsp;Claudia Sheinbaum&nbsp;para que&nbsp;12 [&hellip;]","og_url":"https:\/\/fuentesfidedignas.com.mx\/index.php\/2026\/04\/29\/senado-aprueba-ingreso-de-militares-armados-de-eu-a-mexico\/","og_site_name":"Fuentes Fidedignas","article_publisher":"https:\/\/www.facebook.com\/Fuentes-Fidedignas-368234489921644","article_published_time":"2026-04-30T01:17:20+00:00","article_modified_time":"2026-04-30T01:19:42+00:00","og_image":[{"width":750,"height":421,"url":"https:\/\/fuentesfidedignas.com.mx\/wp-content\/uploads\/2026\/04\/senado-aprueba-ingreso-de-militares-armados-eu-a-mexico-fd3d9d14-focus-0-0-750-421.webp","type":"image\/webp"}],"author":"EXPRESO","twitter_card":"summary_large_image","twitter_creator":"@fidedignas","twitter_site":"@fidedignas","twitter_misc":{"Escrito por":"EXPRESO","Tiempo de lectura":"4 minutos"},"schema":{"@context":"https:\/\/schema.org","@graph":[{"@type":"Article","@id":"https:\/\/fuentesfidedignas.com.mx\/index.php\/2026\/04\/29\/senado-aprueba-ingreso-de-militares-armados-de-eu-a-mexico\/#article","isPartOf":{"@id":"https:\/\/fuentesfidedignas.com.mx\/index.php\/2026\/04\/29\/senado-aprueba-ingreso-de-militares-armados-de-eu-a-mexico\/"},"author":{"name":"EXPRESO","@id":"https:\/\/fuentesfidedignas.com.mx\/#\/schema\/person\/09ba0421b1c58da6094b1ad674e86bfc"},"headline":"Senado aprueba ingreso de militares armados de EU a M\u00e9xico","datePublished":"2026-04-30T01:17:20+00:00","dateModified":"2026-04-30T01:19:42+00:00","mainEntityOfPage":{"@id":"https:\/\/fuentesfidedignas.com.mx\/index.php\/2026\/04\/29\/senado-aprueba-ingreso-de-militares-armados-de-eu-a-mexico\/"},"wordCount":740,"commentCount":0,"publisher":{"@id":"https:\/\/fuentesfidedignas.com.mx\/#organization"},"image":{"@id":"https:\/\/fuentesfidedignas.com.mx\/index.php\/2026\/04\/29\/senado-aprueba-ingreso-de-militares-armados-de-eu-a-mexico\/#primaryimage"},"thumbnailUrl":"https:\/\/fuentesfidedignas.com.mx\/wp-content\/uploads\/2026\/04\/senado-aprueba-ingreso-de-militares-armados-eu-a-mexico-fd3d9d14-focus-0-0-750-421.webp","articleSection":["NOTICIAS NACIONALES"],"inLanguage":"es","potentialAction":[{"@type":"CommentAction","name":"Comment","target":["https:\/\/fuentesfidedignas.com.mx\/index.php\/2026\/04\/29\/senado-aprueba-ingreso-de-militares-armados-de-eu-a-mexico\/#respond"]}]},{"@type":"WebPage","@id":"https:\/\/fuentesfidedignas.com.mx\/index.php\/2026\/04\/29\/senado-aprueba-ingreso-de-militares-armados-de-eu-a-mexico\/","url":"https:\/\/fuentesfidedignas.com.mx\/index.php\/2026\/04\/29\/senado-aprueba-ingreso-de-militares-armados-de-eu-a-mexico\/","name":"Senado aprueba ingreso de militares armados de EU a M\u00e9xico - Fuentes Fidedignas","isPartOf":{"@id":"https:\/\/fuentesfidedignas.com.mx\/#website"},"primaryImageOfPage":{"@id":"https:\/\/fuentesfidedignas.com.mx\/index.php\/2026\/04\/29\/senado-aprueba-ingreso-de-militares-armados-de-eu-a-mexico\/#primaryimage"},"image":{"@id":"https:\/\/fuentesfidedignas.com.mx\/index.php\/2026\/04\/29\/senado-aprueba-ingreso-de-militares-armados-de-eu-a-mexico\/#primaryimage"},"thumbnailUrl":"https:\/\/fuentesfidedignas.com.mx\/wp-content\/uploads\/2026\/04\/senado-aprueba-ingreso-de-militares-armados-eu-a-mexico-fd3d9d14-focus-0-0-750-421.webp","datePublished":"2026-04-30T01:17:20+00:00","dateModified":"2026-04-30T01:19:42+00:00","breadcrumb":{"@id":"https:\/\/fuentesfidedignas.com.mx\/index.php\/2026\/04\/29\/senado-aprueba-ingreso-de-militares-armados-de-eu-a-mexico\/#breadcrumb"},"inLanguage":"es","potentialAction":[{"@type":"ReadAction","target":["https:\/\/fuentesfidedignas.com.mx\/index.php\/2026\/04\/29\/senado-aprueba-ingreso-de-militares-armados-de-eu-a-mexico\/"]}]},{"@type":"ImageObject","inLanguage":"es","@id":"https:\/\/fuentesfidedignas.com.mx\/index.php\/2026\/04\/29\/senado-aprueba-ingreso-de-militares-armados-de-eu-a-mexico\/#primaryimage","url":"https:\/\/fuentesfidedignas.com.mx\/wp-content\/uploads\/2026\/04\/senado-aprueba-ingreso-de-militares-armados-eu-a-mexico-fd3d9d14-focus-0-0-750-421.webp","contentUrl":"https:\/\/fuentesfidedignas.com.mx\/wp-content\/uploads\/2026\/04\/senado-aprueba-ingreso-de-militares-armados-eu-a-mexico-fd3d9d14-focus-0-0-750-421.webp","width":750,"height":421},{"@type":"BreadcrumbList","@id":"https:\/\/fuentesfidedignas.com.mx\/index.php\/2026\/04\/29\/senado-aprueba-ingreso-de-militares-armados-de-eu-a-mexico\/#breadcrumb","itemListElement":[{"@type":"ListItem","position":1,"name":"Inicio","item":"https:\/\/fuentesfidedignas.com.mx\/"},{"@type":"ListItem","position":2,"name":"Senado aprueba ingreso de militares armados de EU a M\u00e9xico"}]},{"@type":"WebSite","@id":"https:\/\/fuentesfidedignas.com.mx\/#website","url":"https:\/\/fuentesfidedignas.com.mx\/","name":"Fuentes Fidedignas","description":"Otro sitio realizado con WordPress","publisher":{"@id":"https:\/\/fuentesfidedignas.com.mx\/#organization"},"potentialAction":[{"@type":"SearchAction","target":{"@type":"EntryPoint","urlTemplate":"https:\/\/fuentesfidedignas.com.mx\/?s={search_term_string}"},"query-input":{"@type":"PropertyValueSpecification","valueRequired":true,"valueName":"search_term_string"}}],"inLanguage":"es"},{"@type":"Organization","@id":"https:\/\/fuentesfidedignas.com.mx\/#organization","name":"Fuentes Fidedignas","url":"https:\/\/fuentesfidedignas.com.mx\/","logo":{"@type":"ImageObject","inLanguage":"es","@id":"https:\/\/fuentesfidedignas.com.mx\/#\/schema\/logo\/image\/","url":"https:\/\/fuentesfidedignas.com.mx\/wp-content\/uploads\/2021\/04\/logo-retina.png","contentUrl":"https:\/\/fuentesfidedignas.com.mx\/wp-content\/uploads\/2021\/04\/logo-retina.png","width":280,"height":51,"caption":"Fuentes Fidedignas"},"image":{"@id":"https:\/\/fuentesfidedignas.com.mx\/#\/schema\/logo\/image\/"},"sameAs":["https:\/\/www.facebook.com\/Fuentes-Fidedignas-368234489921644","https:\/\/x.com\/fidedignas"]},{"@type":"Person","@id":"https:\/\/fuentesfidedignas.com.mx\/#\/schema\/person\/09ba0421b1c58da6094b1ad674e86bfc","name":"EXPRESO","image":{"@type":"ImageObject","inLanguage":"es","@id":"https:\/\/secure.gravatar.com\/avatar\/25f6f5a71508b4893ef7fa088d955085fb54057dafe327447fc8d4fb773adacf?s=96&d=mm&r=g","url":"https:\/\/secure.gravatar.com\/avatar\/25f6f5a71508b4893ef7fa088d955085fb54057dafe327447fc8d4fb773adacf?s=96&d=mm&r=g","contentUrl":"https:\/\/secure.gravatar.com\/avatar\/25f6f5a71508b4893ef7fa088d955085fb54057dafe327447fc8d4fb773adacf?s=96&d=mm&r=g","caption":"EXPRESO"},"url":"https:\/\/fuentesfidedignas.com.mx\/index.php\/author\/expreso\/"}]}},"_links":{"self":[{"href":"https:\/\/fuentesfidedignas.com.mx\/index.php\/wp-json\/wp\/v2\/posts\/132538","targetHints":{"allow":["GET"]}}],"collection":[{"href":"https:\/\/fuentesfidedignas.com.mx\/index.php\/wp-json\/wp\/v2\/posts"}],"about":[{"href":"https:\/\/fuentesfidedignas.com.mx\/index.php\/wp-json\/wp\/v2\/types\/post"}],"author":[{"embeddable":true,"href":"https:\/\/fuentesfidedignas.com.mx\/index.php\/wp-json\/wp\/v2\/users\/210"}],"replies":[{"embeddable":true,"href":"https:\/\/fuentesfidedignas.com.mx\/index.php\/wp-json\/wp\/v2\/comments?post=132538"}],"version-history":[{"count":1,"href":"https:\/\/fuentesfidedignas.com.mx\/index.php\/wp-json\/wp\/v2\/posts\/132538\/revisions"}],"predecessor-version":[{"id":132540,"href":"https:\/\/fuentesfidedignas.com.mx\/index.php\/wp-json\/wp\/v2\/posts\/132538\/revisions\/132540"}],"wp:featuredmedia":[{"embeddable":true,"href":"https:\/\/fuentesfidedignas.com.mx\/index.php\/wp-json\/wp\/v2\/media\/132539"}],"wp:attachment":[{"href":"https:\/\/fuentesfidedignas.com.mx\/index.php\/wp-json\/wp\/v2\/media?parent=132538"}],"wp:term":[{"taxonomy":"category","embeddable":true,"href":"https:\/\/fuentesfidedignas.com.mx\/index.php\/wp-json\/wp\/v2\/categories?post=132538"},{"taxonomy":"post_tag","embeddable":true,"href":"https:\/\/fuentesfidedignas.com.mx\/index.php\/wp-json\/wp\/v2\/tags?post=132538"}],"curies":[{"name":"wp","href":"https:\/\/api.w.org\/{rel}","templated":true}]}}