{"id":132524,"date":"2026-04-29T13:52:36","date_gmt":"2026-04-29T20:52:36","guid":{"rendered":"https:\/\/fuentesfidedignas.com.mx\/?p=132524"},"modified":"2026-04-29T13:52:36","modified_gmt":"2026-04-29T20:52:36","slug":"culiacan-prepara-panteones-para-el-dia-de-las-madres","status":"publish","type":"post","link":"https:\/\/fuentesfidedignas.com.mx\/index.php\/2026\/04\/29\/culiacan-prepara-panteones-para-el-dia-de-las-madres\/","title":{"rendered":"Culiac\u00e1n prepara panteones para el D\u00eda de las Madres"},"content":{"rendered":"\n<p><em>Cuadrillas municipales refuerzan trabajos desde marzo; retiran hasta 12 toneladas de basura por semana y aplican medidas contra el dengue.<\/em><\/p>\n\n\n\n<p>Culiac\u00e1n, Sin.- De cara a la conmemoraci\u00f3n del D\u00eda de las Madres, el Ayuntamiento de Culiac\u00e1n mantiene un operativo integral de limpieza y mantenimiento en los panteones municipales, con el objetivo de garantizar espacios seguros y dignos para las miles de familias que acudir\u00e1n el pr\u00f3ximo 10 de mayo.<\/p>\n\n\n\n<p>El jefe del Departamento de Panteones, Celso Armenta P\u00e9rez, inform\u00f3 que estas acciones iniciaron desde el pasado 15 de marzo, contemplando labores intensivas en los siete camposantos de la ciudad.<\/p>\n\n\n\n<p>Detall\u00f3 que actualmente se realizan trabajos de retiro de hojarasca, vidrio, basura en general y escombro, logrando recolectar semanalmente alrededor de 12 toneladas de desechos. Estas acciones se llevan a cabo en los panteones Civil, 21 de Marzo, La Lima, Loma de Rodriguera, Del Barrio, Bachigualato y San Juan.<\/p>\n\n\n\n<p>Como parte de las medidas preventivas en materia de salud, el funcionario explic\u00f3 que se est\u00e1n perforando jarrones y aplicando abate en piletas, en coordinaci\u00f3n con las autoridades de salud municipales y estatales, a fin de evitar la proliferaci\u00f3n del mosco transmisor del dengue.<\/p>\n\n\n\n<p>Asimismo, se realizan trabajos de limpieza y pintura de piletas, rehabilitaci\u00f3n del alumbrado p\u00fablico con apoyo de la Direcci\u00f3n de Alumbrado, as\u00ed como raspado de calles interiores y exteriores con la colaboraci\u00f3n de Obras P\u00fablicas, principalmente en panteones como el 21 de Marzo y Loma de Rodriguera.<\/p>\n\n\n\n<p>En materia de seguridad, Armenta P\u00e9rez destac\u00f3 que durante la jornada del 10 de mayo se contar\u00e1 con la presencia de corporaciones de los tres niveles de gobierno, incluyendo Polic\u00eda Municipal, Tr\u00e1nsito, Polic\u00eda Estatal, Guardia Nacional, Sedena, Protecci\u00f3n Civil y Cruz Roja, para resguardar a los visitantes.<\/p>\n\n\n\n<p>Adem\u00e1s, se est\u00e1n delimitando tumbas en mal estado para prevenir accidentes, al tiempo que se notifica a los propietarios para que realicen las reparaciones correspondientes.<\/p>\n\n\n\n<p>Finalmente, el funcionario hizo un llamado a la ciudadan\u00eda a acudir hidratados, usar bloqueador solar, cuidar a ni\u00f1os y adultos mayores y respetar los pasillos al interior de los panteones.<\/p>\n","protected":false},"excerpt":{"rendered":"<p>Cuadrillas municipales refuerzan trabajos desde marzo; retiran hasta 12 toneladas de basura por semana y aplican medidas contra el dengue. Culiac\u00e1n, Sin.- De cara a la conmemoraci\u00f3n del D\u00eda de las Madres, el Ayuntamiento de Culiac\u00e1n mantiene un operativo integral de limpieza y mantenimiento en los panteones municipales, con el objetivo de garantizar espacios seguros [&hellip;]<\/p>\n","protected":false},"author":4,"featured_media":132523,"comment_status":"closed","ping_status":"open","sticky":false,"template":"","format":"standard","meta":{"tdm_status":"","tdm_grid_status":"","footnotes":""},"categories":[38],"tags":[],"class_list":{"0":"post-132524","1":"post","2":"type-post","3":"status-publish","4":"format-standard","5":"has-post-thumbnail","7":"category-noticias-locales"},"yoast_head":"<!-- This site is optimized with the Yoast SEO plugin v27.5 - https:\/\/yoast.com\/product\/yoast-seo-wordpress\/ -->\n<title>Culiac\u00e1n prepara panteones para el D\u00eda de las Madres - Fuentes Fidedignas<\/title>\n<meta name=\"robots\" content=\"index, follow, max-snippet:-1, max-image-preview:large, max-video-preview:-1\" \/>\n<link rel=\"canonical\" href=\"https:\/\/fuentesfidedignas.com.mx\/index.php\/2026\/04\/29\/culiacan-prepara-panteones-para-el-dia-de-las-madres\/\" \/>\n<meta property=\"og:locale\" content=\"es_MX\" \/>\n<meta property=\"og:type\" content=\"article\" \/>\n<meta property=\"og:title\" content=\"Culiac\u00e1n prepara panteones para el D\u00eda de las Madres - Fuentes Fidedignas\" \/>\n<meta property=\"og:description\" content=\"Cuadrillas municipales refuerzan trabajos desde marzo; retiran hasta 12 toneladas de basura por semana y aplican medidas contra el dengue. Culiac\u00e1n, Sin.- De cara a la conmemoraci\u00f3n del D\u00eda de las Madres, el Ayuntamiento de Culiac\u00e1n mantiene un operativo integral de limpieza y mantenimiento en los panteones municipales, con el objetivo de garantizar espacios seguros [&hellip;]\" \/>\n<meta property=\"og:url\" content=\"https:\/\/fuentesfidedignas.com.mx\/index.php\/2026\/04\/29\/culiacan-prepara-panteones-para-el-dia-de-las-madres\/\" \/>\n<meta property=\"og:site_name\" content=\"Fuentes Fidedignas\" \/>\n<meta property=\"article:publisher\" content=\"https:\/\/www.facebook.com\/Fuentes-Fidedignas-368234489921644\" \/>\n<meta property=\"article:published_time\" content=\"2026-04-29T20:52:36+00:00\" \/>\n<meta property=\"og:image\" content=\"https:\/\/fuentesfidedignas.com.mx\/wp-content\/uploads\/2026\/04\/86e9eda9-b1cf-4471-9412-5d4ecbf6bfa0.jpeg\" \/>\n\t<meta property=\"og:image:width\" content=\"1920\" \/>\n\t<meta property=\"og:image:height\" content=\"1280\" \/>\n\t<meta property=\"og:image:type\" content=\"image\/jpeg\" \/>\n<meta name=\"author\" content=\"Redacci\u00f3n\" \/>\n<meta name=\"twitter:card\" content=\"summary_large_image\" \/>\n<meta name=\"twitter:creator\" content=\"@fidedignas\" \/>\n<meta name=\"twitter:site\" content=\"@fidedignas\" \/>\n<meta name=\"twitter:label1\" content=\"Escrito por\" \/>\n\t<meta name=\"twitter:data1\" content=\"Redacci\u00f3n\" \/>\n\t<meta name=\"twitter:label2\" content=\"Tiempo de lectura\" \/>\n\t<meta name=\"twitter:data2\" content=\"2 minutos\" \/>\n<script type=\"application\/ld+json\" class=\"yoast-schema-graph\">{\"@context\":\"https:\\\/\\\/schema.org\",\"@graph\":[{\"@type\":\"Article\",\"@id\":\"https:\\\/\\\/fuentesfidedignas.com.mx\\\/index.php\\\/2026\\\/04\\\/29\\\/culiacan-prepara-panteones-para-el-dia-de-las-madres\\\/#article\",\"isPartOf\":{\"@id\":\"https:\\\/\\\/fuentesfidedignas.com.mx\\\/index.php\\\/2026\\\/04\\\/29\\\/culiacan-prepara-panteones-para-el-dia-de-las-madres\\\/\"},\"author\":{\"name\":\"Redacci\u00f3n\",\"@id\":\"https:\\\/\\\/fuentesfidedignas.com.mx\\\/#\\\/schema\\\/person\\\/331be9283d37198e2acd5750279085b0\"},\"headline\":\"Culiac\u00e1n prepara panteones para el D\u00eda de las Madres\",\"datePublished\":\"2026-04-29T20:52:36+00:00\",\"mainEntityOfPage\":{\"@id\":\"https:\\\/\\\/fuentesfidedignas.com.mx\\\/index.php\\\/2026\\\/04\\\/29\\\/culiacan-prepara-panteones-para-el-dia-de-las-madres\\\/\"},\"wordCount\":370,\"publisher\":{\"@id\":\"https:\\\/\\\/fuentesfidedignas.com.mx\\\/#organization\"},\"image\":{\"@id\":\"https:\\\/\\\/fuentesfidedignas.com.mx\\\/index.php\\\/2026\\\/04\\\/29\\\/culiacan-prepara-panteones-para-el-dia-de-las-madres\\\/#primaryimage\"},\"thumbnailUrl\":\"https:\\\/\\\/fuentesfidedignas.com.mx\\\/wp-content\\\/uploads\\\/2026\\\/04\\\/86e9eda9-b1cf-4471-9412-5d4ecbf6bfa0.jpeg\",\"articleSection\":[\"NOTICIAS LOCALES\"],\"inLanguage\":\"es\"},{\"@type\":\"WebPage\",\"@id\":\"https:\\\/\\\/fuentesfidedignas.com.mx\\\/index.php\\\/2026\\\/04\\\/29\\\/culiacan-prepara-panteones-para-el-dia-de-las-madres\\\/\",\"url\":\"https:\\\/\\\/fuentesfidedignas.com.mx\\\/index.php\\\/2026\\\/04\\\/29\\\/culiacan-prepara-panteones-para-el-dia-de-las-madres\\\/\",\"name\":\"Culiac\u00e1n prepara panteones para el D\u00eda de las Madres - Fuentes Fidedignas\",\"isPartOf\":{\"@id\":\"https:\\\/\\\/fuentesfidedignas.com.mx\\\/#website\"},\"primaryImageOfPage\":{\"@id\":\"https:\\\/\\\/fuentesfidedignas.com.mx\\\/index.php\\\/2026\\\/04\\\/29\\\/culiacan-prepara-panteones-para-el-dia-de-las-madres\\\/#primaryimage\"},\"image\":{\"@id\":\"https:\\\/\\\/fuentesfidedignas.com.mx\\\/index.php\\\/2026\\\/04\\\/29\\\/culiacan-prepara-panteones-para-el-dia-de-las-madres\\\/#primaryimage\"},\"thumbnailUrl\":\"https:\\\/\\\/fuentesfidedignas.com.mx\\\/wp-content\\\/uploads\\\/2026\\\/04\\\/86e9eda9-b1cf-4471-9412-5d4ecbf6bfa0.jpeg\",\"datePublished\":\"2026-04-29T20:52:36+00:00\",\"breadcrumb\":{\"@id\":\"https:\\\/\\\/fuentesfidedignas.com.mx\\\/index.php\\\/2026\\\/04\\\/29\\\/culiacan-prepara-panteones-para-el-dia-de-las-madres\\\/#breadcrumb\"},\"inLanguage\":\"es\",\"potentialAction\":[{\"@type\":\"ReadAction\",\"target\":[\"https:\\\/\\\/fuentesfidedignas.com.mx\\\/index.php\\\/2026\\\/04\\\/29\\\/culiacan-prepara-panteones-para-el-dia-de-las-madres\\\/\"]}]},{\"@type\":\"ImageObject\",\"inLanguage\":\"es\",\"@id\":\"https:\\\/\\\/fuentesfidedignas.com.mx\\\/index.php\\\/2026\\\/04\\\/29\\\/culiacan-prepara-panteones-para-el-dia-de-las-madres\\\/#primaryimage\",\"url\":\"https:\\\/\\\/fuentesfidedignas.com.mx\\\/wp-content\\\/uploads\\\/2026\\\/04\\\/86e9eda9-b1cf-4471-9412-5d4ecbf6bfa0.jpeg\",\"contentUrl\":\"https:\\\/\\\/fuentesfidedignas.com.mx\\\/wp-content\\\/uploads\\\/2026\\\/04\\\/86e9eda9-b1cf-4471-9412-5d4ecbf6bfa0.jpeg\",\"width\":1920,\"height\":1280},{\"@type\":\"BreadcrumbList\",\"@id\":\"https:\\\/\\\/fuentesfidedignas.com.mx\\\/index.php\\\/2026\\\/04\\\/29\\\/culiacan-prepara-panteones-para-el-dia-de-las-madres\\\/#breadcrumb\",\"itemListElement\":[{\"@type\":\"ListItem\",\"position\":1,\"name\":\"Inicio\",\"item\":\"https:\\\/\\\/fuentesfidedignas.com.mx\\\/\"},{\"@type\":\"ListItem\",\"position\":2,\"name\":\"Culiac\u00e1n prepara panteones para el D\u00eda de las Madres\"}]},{\"@type\":\"WebSite\",\"@id\":\"https:\\\/\\\/fuentesfidedignas.com.mx\\\/#website\",\"url\":\"https:\\\/\\\/fuentesfidedignas.com.mx\\\/\",\"name\":\"Fuentes Fidedignas\",\"description\":\"Otro sitio realizado con WordPress\",\"publisher\":{\"@id\":\"https:\\\/\\\/fuentesfidedignas.com.mx\\\/#organization\"},\"potentialAction\":[{\"@type\":\"SearchAction\",\"target\":{\"@type\":\"EntryPoint\",\"urlTemplate\":\"https:\\\/\\\/fuentesfidedignas.com.mx\\\/?s={search_term_string}\"},\"query-input\":{\"@type\":\"PropertyValueSpecification\",\"valueRequired\":true,\"valueName\":\"search_term_string\"}}],\"inLanguage\":\"es\"},{\"@type\":\"Organization\",\"@id\":\"https:\\\/\\\/fuentesfidedignas.com.mx\\\/#organization\",\"name\":\"Fuentes Fidedignas\",\"url\":\"https:\\\/\\\/fuentesfidedignas.com.mx\\\/\",\"logo\":{\"@type\":\"ImageObject\",\"inLanguage\":\"es\",\"@id\":\"https:\\\/\\\/fuentesfidedignas.com.mx\\\/#\\\/schema\\\/logo\\\/image\\\/\",\"url\":\"https:\\\/\\\/fuentesfidedignas.com.mx\\\/wp-content\\\/uploads\\\/2021\\\/04\\\/logo-retina.png\",\"contentUrl\":\"https:\\\/\\\/fuentesfidedignas.com.mx\\\/wp-content\\\/uploads\\\/2021\\\/04\\\/logo-retina.png\",\"width\":280,\"height\":51,\"caption\":\"Fuentes Fidedignas\"},\"image\":{\"@id\":\"https:\\\/\\\/fuentesfidedignas.com.mx\\\/#\\\/schema\\\/logo\\\/image\\\/\"},\"sameAs\":[\"https:\\\/\\\/www.facebook.com\\\/Fuentes-Fidedignas-368234489921644\",\"https:\\\/\\\/x.com\\\/fidedignas\"]},{\"@type\":\"Person\",\"@id\":\"https:\\\/\\\/fuentesfidedignas.com.mx\\\/#\\\/schema\\\/person\\\/331be9283d37198e2acd5750279085b0\",\"name\":\"Redacci\u00f3n\",\"image\":{\"@type\":\"ImageObject\",\"inLanguage\":\"es\",\"@id\":\"https:\\\/\\\/secure.gravatar.com\\\/avatar\\\/f6d8782c11d12b2d4ad3fbb6931aeab5309937a4d6cd2fc9cfaa28a6396a5aec?s=96&d=mm&r=g\",\"url\":\"https:\\\/\\\/secure.gravatar.com\\\/avatar\\\/f6d8782c11d12b2d4ad3fbb6931aeab5309937a4d6cd2fc9cfaa28a6396a5aec?s=96&d=mm&r=g\",\"contentUrl\":\"https:\\\/\\\/secure.gravatar.com\\\/avatar\\\/f6d8782c11d12b2d4ad3fbb6931aeab5309937a4d6cd2fc9cfaa28a6396a5aec?s=96&d=mm&r=g\",\"caption\":\"Redacci\u00f3n\"},\"url\":\"https:\\\/\\\/fuentesfidedignas.com.mx\\\/index.php\\\/author\\\/redaccion\\\/\"}]}<\/script>\n<!-- \/ Yoast SEO plugin. -->","yoast_head_json":{"title":"Culiac\u00e1n prepara panteones para el D\u00eda de las Madres - Fuentes Fidedignas","robots":{"index":"index","follow":"follow","max-snippet":"max-snippet:-1","max-image-preview":"max-image-preview:large","max-video-preview":"max-video-preview:-1"},"canonical":"https:\/\/fuentesfidedignas.com.mx\/index.php\/2026\/04\/29\/culiacan-prepara-panteones-para-el-dia-de-las-madres\/","og_locale":"es_MX","og_type":"article","og_title":"Culiac\u00e1n prepara panteones para el D\u00eda de las Madres - Fuentes Fidedignas","og_description":"Cuadrillas municipales refuerzan trabajos desde marzo; retiran hasta 12 toneladas de basura por semana y aplican medidas contra el dengue. Culiac\u00e1n, Sin.- De cara a la conmemoraci\u00f3n del D\u00eda de las Madres, el Ayuntamiento de Culiac\u00e1n mantiene un operativo integral de limpieza y mantenimiento en los panteones municipales, con el objetivo de garantizar espacios seguros [&hellip;]","og_url":"https:\/\/fuentesfidedignas.com.mx\/index.php\/2026\/04\/29\/culiacan-prepara-panteones-para-el-dia-de-las-madres\/","og_site_name":"Fuentes Fidedignas","article_publisher":"https:\/\/www.facebook.com\/Fuentes-Fidedignas-368234489921644","article_published_time":"2026-04-29T20:52:36+00:00","og_image":[{"width":1920,"height":1280,"url":"https:\/\/fuentesfidedignas.com.mx\/wp-content\/uploads\/2026\/04\/86e9eda9-b1cf-4471-9412-5d4ecbf6bfa0.jpeg","type":"image\/jpeg"}],"author":"Redacci\u00f3n","twitter_card":"summary_large_image","twitter_creator":"@fidedignas","twitter_site":"@fidedignas","twitter_misc":{"Escrito por":"Redacci\u00f3n","Tiempo de lectura":"2 minutos"},"schema":{"@context":"https:\/\/schema.org","@graph":[{"@type":"Article","@id":"https:\/\/fuentesfidedignas.com.mx\/index.php\/2026\/04\/29\/culiacan-prepara-panteones-para-el-dia-de-las-madres\/#article","isPartOf":{"@id":"https:\/\/fuentesfidedignas.com.mx\/index.php\/2026\/04\/29\/culiacan-prepara-panteones-para-el-dia-de-las-madres\/"},"author":{"name":"Redacci\u00f3n","@id":"https:\/\/fuentesfidedignas.com.mx\/#\/schema\/person\/331be9283d37198e2acd5750279085b0"},"headline":"Culiac\u00e1n prepara panteones para el D\u00eda de las Madres","datePublished":"2026-04-29T20:52:36+00:00","mainEntityOfPage":{"@id":"https:\/\/fuentesfidedignas.com.mx\/index.php\/2026\/04\/29\/culiacan-prepara-panteones-para-el-dia-de-las-madres\/"},"wordCount":370,"publisher":{"@id":"https:\/\/fuentesfidedignas.com.mx\/#organization"},"image":{"@id":"https:\/\/fuentesfidedignas.com.mx\/index.php\/2026\/04\/29\/culiacan-prepara-panteones-para-el-dia-de-las-madres\/#primaryimage"},"thumbnailUrl":"https:\/\/fuentesfidedignas.com.mx\/wp-content\/uploads\/2026\/04\/86e9eda9-b1cf-4471-9412-5d4ecbf6bfa0.jpeg","articleSection":["NOTICIAS LOCALES"],"inLanguage":"es"},{"@type":"WebPage","@id":"https:\/\/fuentesfidedignas.com.mx\/index.php\/2026\/04\/29\/culiacan-prepara-panteones-para-el-dia-de-las-madres\/","url":"https:\/\/fuentesfidedignas.com.mx\/index.php\/2026\/04\/29\/culiacan-prepara-panteones-para-el-dia-de-las-madres\/","name":"Culiac\u00e1n prepara panteones para el D\u00eda de las Madres - Fuentes Fidedignas","isPartOf":{"@id":"https:\/\/fuentesfidedignas.com.mx\/#website"},"primaryImageOfPage":{"@id":"https:\/\/fuentesfidedignas.com.mx\/index.php\/2026\/04\/29\/culiacan-prepara-panteones-para-el-dia-de-las-madres\/#primaryimage"},"image":{"@id":"https:\/\/fuentesfidedignas.com.mx\/index.php\/2026\/04\/29\/culiacan-prepara-panteones-para-el-dia-de-las-madres\/#primaryimage"},"thumbnailUrl":"https:\/\/fuentesfidedignas.com.mx\/wp-content\/uploads\/2026\/04\/86e9eda9-b1cf-4471-9412-5d4ecbf6bfa0.jpeg","datePublished":"2026-04-29T20:52:36+00:00","breadcrumb":{"@id":"https:\/\/fuentesfidedignas.com.mx\/index.php\/2026\/04\/29\/culiacan-prepara-panteones-para-el-dia-de-las-madres\/#breadcrumb"},"inLanguage":"es","potentialAction":[{"@type":"ReadAction","target":["https:\/\/fuentesfidedignas.com.mx\/index.php\/2026\/04\/29\/culiacan-prepara-panteones-para-el-dia-de-las-madres\/"]}]},{"@type":"ImageObject","inLanguage":"es","@id":"https:\/\/fuentesfidedignas.com.mx\/index.php\/2026\/04\/29\/culiacan-prepara-panteones-para-el-dia-de-las-madres\/#primaryimage","url":"https:\/\/fuentesfidedignas.com.mx\/wp-content\/uploads\/2026\/04\/86e9eda9-b1cf-4471-9412-5d4ecbf6bfa0.jpeg","contentUrl":"https:\/\/fuentesfidedignas.com.mx\/wp-content\/uploads\/2026\/04\/86e9eda9-b1cf-4471-9412-5d4ecbf6bfa0.jpeg","width":1920,"height":1280},{"@type":"BreadcrumbList","@id":"https:\/\/fuentesfidedignas.com.mx\/index.php\/2026\/04\/29\/culiacan-prepara-panteones-para-el-dia-de-las-madres\/#breadcrumb","itemListElement":[{"@type":"ListItem","position":1,"name":"Inicio","item":"https:\/\/fuentesfidedignas.com.mx\/"},{"@type":"ListItem","position":2,"name":"Culiac\u00e1n prepara panteones para el D\u00eda de las Madres"}]},{"@type":"WebSite","@id":"https:\/\/fuentesfidedignas.com.mx\/#website","url":"https:\/\/fuentesfidedignas.com.mx\/","name":"Fuentes Fidedignas","description":"Otro sitio realizado con WordPress","publisher":{"@id":"https:\/\/fuentesfidedignas.com.mx\/#organization"},"potentialAction":[{"@type":"SearchAction","target":{"@type":"EntryPoint","urlTemplate":"https:\/\/fuentesfidedignas.com.mx\/?s={search_term_string}"},"query-input":{"@type":"PropertyValueSpecification","valueRequired":true,"valueName":"search_term_string"}}],"inLanguage":"es"},{"@type":"Organization","@id":"https:\/\/fuentesfidedignas.com.mx\/#organization","name":"Fuentes Fidedignas","url":"https:\/\/fuentesfidedignas.com.mx\/","logo":{"@type":"ImageObject","inLanguage":"es","@id":"https:\/\/fuentesfidedignas.com.mx\/#\/schema\/logo\/image\/","url":"https:\/\/fuentesfidedignas.com.mx\/wp-content\/uploads\/2021\/04\/logo-retina.png","contentUrl":"https:\/\/fuentesfidedignas.com.mx\/wp-content\/uploads\/2021\/04\/logo-retina.png","width":280,"height":51,"caption":"Fuentes Fidedignas"},"image":{"@id":"https:\/\/fuentesfidedignas.com.mx\/#\/schema\/logo\/image\/"},"sameAs":["https:\/\/www.facebook.com\/Fuentes-Fidedignas-368234489921644","https:\/\/x.com\/fidedignas"]},{"@type":"Person","@id":"https:\/\/fuentesfidedignas.com.mx\/#\/schema\/person\/331be9283d37198e2acd5750279085b0","name":"Redacci\u00f3n","image":{"@type":"ImageObject","inLanguage":"es","@id":"https:\/\/secure.gravatar.com\/avatar\/f6d8782c11d12b2d4ad3fbb6931aeab5309937a4d6cd2fc9cfaa28a6396a5aec?s=96&d=mm&r=g","url":"https:\/\/secure.gravatar.com\/avatar\/f6d8782c11d12b2d4ad3fbb6931aeab5309937a4d6cd2fc9cfaa28a6396a5aec?s=96&d=mm&r=g","contentUrl":"https:\/\/secure.gravatar.com\/avatar\/f6d8782c11d12b2d4ad3fbb6931aeab5309937a4d6cd2fc9cfaa28a6396a5aec?s=96&d=mm&r=g","caption":"Redacci\u00f3n"},"url":"https:\/\/fuentesfidedignas.com.mx\/index.php\/author\/redaccion\/"}]}},"_links":{"self":[{"href":"https:\/\/fuentesfidedignas.com.mx\/index.php\/wp-json\/wp\/v2\/posts\/132524","targetHints":{"allow":["GET"]}}],"collection":[{"href":"https:\/\/fuentesfidedignas.com.mx\/index.php\/wp-json\/wp\/v2\/posts"}],"about":[{"href":"https:\/\/fuentesfidedignas.com.mx\/index.php\/wp-json\/wp\/v2\/types\/post"}],"author":[{"embeddable":true,"href":"https:\/\/fuentesfidedignas.com.mx\/index.php\/wp-json\/wp\/v2\/users\/4"}],"replies":[{"embeddable":true,"href":"https:\/\/fuentesfidedignas.com.mx\/index.php\/wp-json\/wp\/v2\/comments?post=132524"}],"version-history":[{"count":1,"href":"https:\/\/fuentesfidedignas.com.mx\/index.php\/wp-json\/wp\/v2\/posts\/132524\/revisions"}],"predecessor-version":[{"id":132525,"href":"https:\/\/fuentesfidedignas.com.mx\/index.php\/wp-json\/wp\/v2\/posts\/132524\/revisions\/132525"}],"wp:featuredmedia":[{"embeddable":true,"href":"https:\/\/fuentesfidedignas.com.mx\/index.php\/wp-json\/wp\/v2\/media\/132523"}],"wp:attachment":[{"href":"https:\/\/fuentesfidedignas.com.mx\/index.php\/wp-json\/wp\/v2\/media?parent=132524"}],"wp:term":[{"taxonomy":"category","embeddable":true,"href":"https:\/\/fuentesfidedignas.com.mx\/index.php\/wp-json\/wp\/v2\/categories?post=132524"},{"taxonomy":"post_tag","embeddable":true,"href":"https:\/\/fuentesfidedignas.com.mx\/index.php\/wp-json\/wp\/v2\/tags?post=132524"}],"curies":[{"name":"wp","href":"https:\/\/api.w.org\/{rel}","templated":true}]}}