{"id":132520,"date":"2026-04-29T12:05:38","date_gmt":"2026-04-29T19:05:38","guid":{"rendered":"https:\/\/fuentesfidedignas.com.mx\/?p=132520"},"modified":"2026-04-29T12:05:43","modified_gmt":"2026-04-29T19:05:43","slug":"operativo-federal-en-colima-deja-cuatro-detenidos-y-el-decomiso-de-60-kilos-de-cocaina","status":"publish","type":"post","link":"https:\/\/fuentesfidedignas.com.mx\/index.php\/2026\/04\/29\/operativo-federal-en-colima-deja-cuatro-detenidos-y-el-decomiso-de-60-kilos-de-cocaina\/","title":{"rendered":"Operativo federal en Colima deja cuatro detenidos y el decomiso de 60 kilos de coca\u00edna"},"content":{"rendered":"\n<p><strong><em>El aseguramiento ocurri\u00f3 luego de que los elementos instalaron un puesto de control en dicha v\u00eda y tuvieron contacto con un tractocami\u00f3n acoplado a una caja refrigerada, al que se le practic\u00f3 una inspecci\u00f3n con apoyo de un ejemplar canino de la Defensa.<\/em><\/strong><\/p>\n\n\n\n<p>Autoridades federales detuvieron a cuatro personas y aseguraron m\u00e1s de 60 kilos de coca\u00edna ocultos dentro de un tractocami\u00f3n durante un operativo realizado en la carretera Playa Azul\u2013Manzanillo, en Colima, inform\u00f3 este mi\u00e9rcoles el Gabinete de Seguridad.<\/p>\n\n\n\n<p>La Secretar\u00eda de Marina, la Secretar\u00eda de la Defensa Nacional, la Secretar\u00eda de Seguridad y Protecci\u00f3n Ciudadana, la Fiscal\u00eda General de la Rep\u00fablica y la Guardia Nacional participaron en la acci\u00f3n, en coordinaci\u00f3n con autoridades estatales, de acuerdo con el comunicado conjunto difundido por las autoridades.<\/p>\n\n\n\n<p>El aseguramiento, indica el documento, ocurri\u00f3 luego de que los elementos instalaron un puesto de control en dicha v\u00eda y tuvieron contacto con un tractocami\u00f3n acoplado a una caja refrigerada, al que se le practic\u00f3 una inspecci\u00f3n con apoyo de un ejemplar canino de la Defensa.<\/p>\n\n\n\n<p>La revisi\u00f3n permiti\u00f3 detectar sustancias il\u00edcitas ocultas en el panel lateral derecho de la caja refrigerada. En ese punto se localizaron \u201c65 paquetes con coca\u00edna, con un peso aproximado de un kilogramo cada uno\u201d.<\/p>\n\n\n\n<p>Tras el hallazgo, cuatro personas fueron detenidas y se les informaron sus derechos de ley para posteriormente ser puestas, junto con el tractocami\u00f3n y un veh\u00edculo adicional, a disposici\u00f3n del ministerio p\u00fablico correspondiente, que determinar\u00e1 su situaci\u00f3n jur\u00eddica.<\/p>\n\n\n\n<p><strong>Un estado bajo vigilancia federal reforzada<\/strong><br>Seg\u00fan datos presentados por el gobierno federal el 13 de marzo, Colima ha mostrado avances en algunos indicadores de seguridad, aunque contin\u00faa siendo un punto estrat\u00e9gico para actividades delictivas, especialmente relacionadas con el tr\u00e1fico internacional de drogas.<\/p>\n\n\n\n<p>Entre septiembre de 2024 y febrero de 2026, los homicidios dolosos en la entidad disminuyeron 25%, y del 1 de octubre de 2024 al 10 de marzo de 2026 se registraron 2 mil 790 detenciones por delitos de alto impacto, adem\u00e1s del aseguramiento de m\u00e1s de 4.5 toneladas de drogas y armas de fuego, de acuerdo con el Gabinete de Seguridad.<\/p>\n\n\n\n<p>En aquella presentaci\u00f3n, realizada durante una conferencia en Manzanillo encabezada por la presidenta Claudia Sheinbaum, la secretaria ejecutiva del Sistema Nacional de Seguridad P\u00fablica, Marcela Figueroa, explic\u00f3 que entre 2024 y 2025 hubo una disminuci\u00f3n, de 26% en los homicidios dolosos al pasar de 2.3 homicidios diarios en 2024 a 1.7 en 2025.<\/p>\n\n\n\n<p>Al analizar la tendencia mensual, a\u00f1adi\u00f3 que al inicio de la administraci\u00f3n se tuvo un m\u00ednimo repunte durante noviembre de 2024; sin embargo, \u201ca partir de ese momento y debido a un reforzamiento de la estrategia de seguridad de la entidad, se mantuvo un decremento sostenido que ha resultado en una reducci\u00f3n del 25% en los homicidios\u201d.<\/p>\n\n\n\n<p>En el municipio de Colima, el promedio diario de homicidios pas\u00f3 de 0.60 al inicio de la administraci\u00f3n a 0.54 en febrero de 2026, lo que, seg\u00fan Figueroa, representa una disminuci\u00f3n de 14%. Adem\u00e1s, los delitos de alto impacto, principalmente robos con violencia, descendieron 27% en el mismo periodo.<\/p>\n\n\n\n<p>El secretario de Seguridad y Protecci\u00f3n Ciudadana, Omar Garc\u00eda Harfuch, destac\u00f3 en esa ocasi\u00f3n que en la entidad \u201cse fortaleci\u00f3 la presencia operativa del gabinete de seguridad con un estado de fuerza de m\u00e1s de 4 mil 400 elementos de las instituciones del gabinete de seguridad, m\u00e1s de dos mil elementos de la Secretar\u00eda de la Defensa Nacional y Guardia Nacional, m\u00e1s de dos mil elementos de la Secretar\u00eda de Marina y 200 elementos de la Secretar\u00eda de Seguridad y Protecci\u00f3n Ciudadana\u201d.<\/p>\n\n\n\n<p>Tambi\u00e9n se\u00f1al\u00f3 que \u201cdel primero de octubre del 2024 al 10 de marzo del 2026 han sido detenidas en el estado de Colima 2 mil 790 personas por delitos de alto impacto\u201d, entre ellas responsables de delitos que, afirm\u00f3, \u201cimpactan directamente la vida de las familias de Colima como extorsi\u00f3n, homicidio, tr\u00e1fico de drogas y tr\u00e1fico de armas\u201d.<\/p>\n\n\n\n<p>Garc\u00eda Harfuch detall\u00f3 adem\u00e1s aseguramientos relevantes, como m\u00e1s de 4.5 toneladas de drogas, armas de fuego y cartuchos; la detenci\u00f3n de un l\u00edder criminal en Villa de \u00c1lvarez con cinco de sus colaboradores, junto con 271 kilos de fentanilo; y decomisos acumulados por parte de la Secretar\u00eda de Marina que superaron las 60 toneladas de droga en alta mar durante la administraci\u00f3n.<\/p>\n","protected":false},"excerpt":{"rendered":"<p>El aseguramiento ocurri\u00f3 luego de que los elementos instalaron un puesto de control en dicha v\u00eda y tuvieron contacto con un tractocami\u00f3n acoplado a una caja refrigerada, al que se le practic\u00f3 una inspecci\u00f3n con apoyo de un ejemplar canino de la Defensa. Autoridades federales detuvieron a cuatro personas y aseguraron m\u00e1s de 60 kilos [&hellip;]<\/p>\n","protected":false},"author":24,"featured_media":132521,"comment_status":"open","ping_status":"open","sticky":false,"template":"","format":"standard","meta":{"tdm_status":"","tdm_grid_status":"","footnotes":""},"categories":[39],"tags":[],"class_list":{"0":"post-132520","1":"post","2":"type-post","3":"status-publish","4":"format-standard","5":"has-post-thumbnail","7":"category-noticias-nacionales"},"yoast_head":"<!-- This site is optimized with the Yoast SEO plugin v27.5 - https:\/\/yoast.com\/product\/yoast-seo-wordpress\/ -->\n<title>Operativo federal en Colima deja cuatro detenidos y el decomiso de 60 kilos de coca\u00edna - Fuentes Fidedignas<\/title>\n<meta name=\"robots\" content=\"index, follow, max-snippet:-1, max-image-preview:large, max-video-preview:-1\" \/>\n<link rel=\"canonical\" href=\"https:\/\/fuentesfidedignas.com.mx\/index.php\/2026\/04\/29\/operativo-federal-en-colima-deja-cuatro-detenidos-y-el-decomiso-de-60-kilos-de-cocaina\/\" \/>\n<meta property=\"og:locale\" content=\"es_MX\" \/>\n<meta property=\"og:type\" content=\"article\" \/>\n<meta property=\"og:title\" content=\"Operativo federal en Colima deja cuatro detenidos y el decomiso de 60 kilos de coca\u00edna - Fuentes Fidedignas\" \/>\n<meta property=\"og:description\" content=\"El aseguramiento ocurri\u00f3 luego de que los elementos instalaron un puesto de control en dicha v\u00eda y tuvieron contacto con un tractocami\u00f3n acoplado a una caja refrigerada, al que se le practic\u00f3 una inspecci\u00f3n con apoyo de un ejemplar canino de la Defensa. Autoridades federales detuvieron a cuatro personas y aseguraron m\u00e1s de 60 kilos [&hellip;]\" \/>\n<meta property=\"og:url\" content=\"https:\/\/fuentesfidedignas.com.mx\/index.php\/2026\/04\/29\/operativo-federal-en-colima-deja-cuatro-detenidos-y-el-decomiso-de-60-kilos-de-cocaina\/\" \/>\n<meta property=\"og:site_name\" content=\"Fuentes Fidedignas\" \/>\n<meta property=\"article:publisher\" content=\"https:\/\/www.facebook.com\/Fuentes-Fidedignas-368234489921644\" \/>\n<meta property=\"article:published_time\" content=\"2026-04-29T19:05:38+00:00\" \/>\n<meta property=\"article:modified_time\" content=\"2026-04-29T19:05:43+00:00\" \/>\n<meta property=\"og:image\" content=\"https:\/\/fuentesfidedignas.com.mx\/wp-content\/uploads\/2026\/04\/colima-decomiso-cocaina-tractocamion-1.jpg\" \/>\n\t<meta property=\"og:image:width\" content=\"500\" \/>\n\t<meta property=\"og:image:height\" content=\"333\" \/>\n\t<meta property=\"og:image:type\" content=\"image\/jpeg\" \/>\n<meta name=\"author\" content=\"Animal Politico\" \/>\n<meta name=\"twitter:card\" content=\"summary_large_image\" \/>\n<meta name=\"twitter:creator\" content=\"@fidedignas\" \/>\n<meta name=\"twitter:site\" content=\"@fidedignas\" \/>\n<meta name=\"twitter:label1\" content=\"Escrito por\" \/>\n\t<meta name=\"twitter:data1\" content=\"Animal Politico\" \/>\n\t<meta name=\"twitter:label2\" content=\"Tiempo de lectura\" \/>\n\t<meta name=\"twitter:data2\" content=\"4 minutos\" \/>\n<script type=\"application\/ld+json\" class=\"yoast-schema-graph\">{\"@context\":\"https:\\\/\\\/schema.org\",\"@graph\":[{\"@type\":\"Article\",\"@id\":\"https:\\\/\\\/fuentesfidedignas.com.mx\\\/index.php\\\/2026\\\/04\\\/29\\\/operativo-federal-en-colima-deja-cuatro-detenidos-y-el-decomiso-de-60-kilos-de-cocaina\\\/#article\",\"isPartOf\":{\"@id\":\"https:\\\/\\\/fuentesfidedignas.com.mx\\\/index.php\\\/2026\\\/04\\\/29\\\/operativo-federal-en-colima-deja-cuatro-detenidos-y-el-decomiso-de-60-kilos-de-cocaina\\\/\"},\"author\":{\"name\":\"Animal Politico\",\"@id\":\"https:\\\/\\\/fuentesfidedignas.com.mx\\\/#\\\/schema\\\/person\\\/46034ce436b72de8f0cb35d8168f96dc\"},\"headline\":\"Operativo federal en Colima deja cuatro detenidos y el decomiso de 60 kilos de coca\u00edna\",\"datePublished\":\"2026-04-29T19:05:38+00:00\",\"dateModified\":\"2026-04-29T19:05:43+00:00\",\"mainEntityOfPage\":{\"@id\":\"https:\\\/\\\/fuentesfidedignas.com.mx\\\/index.php\\\/2026\\\/04\\\/29\\\/operativo-federal-en-colima-deja-cuatro-detenidos-y-el-decomiso-de-60-kilos-de-cocaina\\\/\"},\"wordCount\":753,\"commentCount\":0,\"publisher\":{\"@id\":\"https:\\\/\\\/fuentesfidedignas.com.mx\\\/#organization\"},\"image\":{\"@id\":\"https:\\\/\\\/fuentesfidedignas.com.mx\\\/index.php\\\/2026\\\/04\\\/29\\\/operativo-federal-en-colima-deja-cuatro-detenidos-y-el-decomiso-de-60-kilos-de-cocaina\\\/#primaryimage\"},\"thumbnailUrl\":\"https:\\\/\\\/fuentesfidedignas.com.mx\\\/wp-content\\\/uploads\\\/2026\\\/04\\\/colima-decomiso-cocaina-tractocamion-1.jpg\",\"articleSection\":[\"NOTICIAS NACIONALES\"],\"inLanguage\":\"es\",\"potentialAction\":[{\"@type\":\"CommentAction\",\"name\":\"Comment\",\"target\":[\"https:\\\/\\\/fuentesfidedignas.com.mx\\\/index.php\\\/2026\\\/04\\\/29\\\/operativo-federal-en-colima-deja-cuatro-detenidos-y-el-decomiso-de-60-kilos-de-cocaina\\\/#respond\"]}]},{\"@type\":\"WebPage\",\"@id\":\"https:\\\/\\\/fuentesfidedignas.com.mx\\\/index.php\\\/2026\\\/04\\\/29\\\/operativo-federal-en-colima-deja-cuatro-detenidos-y-el-decomiso-de-60-kilos-de-cocaina\\\/\",\"url\":\"https:\\\/\\\/fuentesfidedignas.com.mx\\\/index.php\\\/2026\\\/04\\\/29\\\/operativo-federal-en-colima-deja-cuatro-detenidos-y-el-decomiso-de-60-kilos-de-cocaina\\\/\",\"name\":\"Operativo federal en Colima deja cuatro detenidos y el decomiso de 60 kilos de coca\u00edna - Fuentes Fidedignas\",\"isPartOf\":{\"@id\":\"https:\\\/\\\/fuentesfidedignas.com.mx\\\/#website\"},\"primaryImageOfPage\":{\"@id\":\"https:\\\/\\\/fuentesfidedignas.com.mx\\\/index.php\\\/2026\\\/04\\\/29\\\/operativo-federal-en-colima-deja-cuatro-detenidos-y-el-decomiso-de-60-kilos-de-cocaina\\\/#primaryimage\"},\"image\":{\"@id\":\"https:\\\/\\\/fuentesfidedignas.com.mx\\\/index.php\\\/2026\\\/04\\\/29\\\/operativo-federal-en-colima-deja-cuatro-detenidos-y-el-decomiso-de-60-kilos-de-cocaina\\\/#primaryimage\"},\"thumbnailUrl\":\"https:\\\/\\\/fuentesfidedignas.com.mx\\\/wp-content\\\/uploads\\\/2026\\\/04\\\/colima-decomiso-cocaina-tractocamion-1.jpg\",\"datePublished\":\"2026-04-29T19:05:38+00:00\",\"dateModified\":\"2026-04-29T19:05:43+00:00\",\"breadcrumb\":{\"@id\":\"https:\\\/\\\/fuentesfidedignas.com.mx\\\/index.php\\\/2026\\\/04\\\/29\\\/operativo-federal-en-colima-deja-cuatro-detenidos-y-el-decomiso-de-60-kilos-de-cocaina\\\/#breadcrumb\"},\"inLanguage\":\"es\",\"potentialAction\":[{\"@type\":\"ReadAction\",\"target\":[\"https:\\\/\\\/fuentesfidedignas.com.mx\\\/index.php\\\/2026\\\/04\\\/29\\\/operativo-federal-en-colima-deja-cuatro-detenidos-y-el-decomiso-de-60-kilos-de-cocaina\\\/\"]}]},{\"@type\":\"ImageObject\",\"inLanguage\":\"es\",\"@id\":\"https:\\\/\\\/fuentesfidedignas.com.mx\\\/index.php\\\/2026\\\/04\\\/29\\\/operativo-federal-en-colima-deja-cuatro-detenidos-y-el-decomiso-de-60-kilos-de-cocaina\\\/#primaryimage\",\"url\":\"https:\\\/\\\/fuentesfidedignas.com.mx\\\/wp-content\\\/uploads\\\/2026\\\/04\\\/colima-decomiso-cocaina-tractocamion-1.jpg\",\"contentUrl\":\"https:\\\/\\\/fuentesfidedignas.com.mx\\\/wp-content\\\/uploads\\\/2026\\\/04\\\/colima-decomiso-cocaina-tractocamion-1.jpg\",\"width\":500,\"height\":333},{\"@type\":\"BreadcrumbList\",\"@id\":\"https:\\\/\\\/fuentesfidedignas.com.mx\\\/index.php\\\/2026\\\/04\\\/29\\\/operativo-federal-en-colima-deja-cuatro-detenidos-y-el-decomiso-de-60-kilos-de-cocaina\\\/#breadcrumb\",\"itemListElement\":[{\"@type\":\"ListItem\",\"position\":1,\"name\":\"Inicio\",\"item\":\"https:\\\/\\\/fuentesfidedignas.com.mx\\\/\"},{\"@type\":\"ListItem\",\"position\":2,\"name\":\"Operativo federal en Colima deja cuatro detenidos y el decomiso de 60 kilos de coca\u00edna\"}]},{\"@type\":\"WebSite\",\"@id\":\"https:\\\/\\\/fuentesfidedignas.com.mx\\\/#website\",\"url\":\"https:\\\/\\\/fuentesfidedignas.com.mx\\\/\",\"name\":\"Fuentes Fidedignas\",\"description\":\"Otro sitio realizado con WordPress\",\"publisher\":{\"@id\":\"https:\\\/\\\/fuentesfidedignas.com.mx\\\/#organization\"},\"potentialAction\":[{\"@type\":\"SearchAction\",\"target\":{\"@type\":\"EntryPoint\",\"urlTemplate\":\"https:\\\/\\\/fuentesfidedignas.com.mx\\\/?s={search_term_string}\"},\"query-input\":{\"@type\":\"PropertyValueSpecification\",\"valueRequired\":true,\"valueName\":\"search_term_string\"}}],\"inLanguage\":\"es\"},{\"@type\":\"Organization\",\"@id\":\"https:\\\/\\\/fuentesfidedignas.com.mx\\\/#organization\",\"name\":\"Fuentes Fidedignas\",\"url\":\"https:\\\/\\\/fuentesfidedignas.com.mx\\\/\",\"logo\":{\"@type\":\"ImageObject\",\"inLanguage\":\"es\",\"@id\":\"https:\\\/\\\/fuentesfidedignas.com.mx\\\/#\\\/schema\\\/logo\\\/image\\\/\",\"url\":\"https:\\\/\\\/fuentesfidedignas.com.mx\\\/wp-content\\\/uploads\\\/2021\\\/04\\\/logo-retina.png\",\"contentUrl\":\"https:\\\/\\\/fuentesfidedignas.com.mx\\\/wp-content\\\/uploads\\\/2021\\\/04\\\/logo-retina.png\",\"width\":280,\"height\":51,\"caption\":\"Fuentes Fidedignas\"},\"image\":{\"@id\":\"https:\\\/\\\/fuentesfidedignas.com.mx\\\/#\\\/schema\\\/logo\\\/image\\\/\"},\"sameAs\":[\"https:\\\/\\\/www.facebook.com\\\/Fuentes-Fidedignas-368234489921644\",\"https:\\\/\\\/x.com\\\/fidedignas\"]},{\"@type\":\"Person\",\"@id\":\"https:\\\/\\\/fuentesfidedignas.com.mx\\\/#\\\/schema\\\/person\\\/46034ce436b72de8f0cb35d8168f96dc\",\"name\":\"Animal Politico\",\"image\":{\"@type\":\"ImageObject\",\"inLanguage\":\"es\",\"@id\":\"https:\\\/\\\/secure.gravatar.com\\\/avatar\\\/5c8b42abba0c23cdccccfc885a8cfe2e0faaa5e86c5b918524de5cb33c9b1e8a?s=96&d=mm&r=g\",\"url\":\"https:\\\/\\\/secure.gravatar.com\\\/avatar\\\/5c8b42abba0c23cdccccfc885a8cfe2e0faaa5e86c5b918524de5cb33c9b1e8a?s=96&d=mm&r=g\",\"contentUrl\":\"https:\\\/\\\/secure.gravatar.com\\\/avatar\\\/5c8b42abba0c23cdccccfc885a8cfe2e0faaa5e86c5b918524de5cb33c9b1e8a?s=96&d=mm&r=g\",\"caption\":\"Animal Politico\"},\"url\":\"https:\\\/\\\/fuentesfidedignas.com.mx\\\/index.php\\\/author\\\/animal\\\/\"}]}<\/script>\n<!-- \/ Yoast SEO plugin. -->","yoast_head_json":{"title":"Operativo federal en Colima deja cuatro detenidos y el decomiso de 60 kilos de coca\u00edna - Fuentes Fidedignas","robots":{"index":"index","follow":"follow","max-snippet":"max-snippet:-1","max-image-preview":"max-image-preview:large","max-video-preview":"max-video-preview:-1"},"canonical":"https:\/\/fuentesfidedignas.com.mx\/index.php\/2026\/04\/29\/operativo-federal-en-colima-deja-cuatro-detenidos-y-el-decomiso-de-60-kilos-de-cocaina\/","og_locale":"es_MX","og_type":"article","og_title":"Operativo federal en Colima deja cuatro detenidos y el decomiso de 60 kilos de coca\u00edna - Fuentes Fidedignas","og_description":"El aseguramiento ocurri\u00f3 luego de que los elementos instalaron un puesto de control en dicha v\u00eda y tuvieron contacto con un tractocami\u00f3n acoplado a una caja refrigerada, al que se le practic\u00f3 una inspecci\u00f3n con apoyo de un ejemplar canino de la Defensa. Autoridades federales detuvieron a cuatro personas y aseguraron m\u00e1s de 60 kilos [&hellip;]","og_url":"https:\/\/fuentesfidedignas.com.mx\/index.php\/2026\/04\/29\/operativo-federal-en-colima-deja-cuatro-detenidos-y-el-decomiso-de-60-kilos-de-cocaina\/","og_site_name":"Fuentes Fidedignas","article_publisher":"https:\/\/www.facebook.com\/Fuentes-Fidedignas-368234489921644","article_published_time":"2026-04-29T19:05:38+00:00","article_modified_time":"2026-04-29T19:05:43+00:00","og_image":[{"width":500,"height":333,"url":"https:\/\/fuentesfidedignas.com.mx\/wp-content\/uploads\/2026\/04\/colima-decomiso-cocaina-tractocamion-1.jpg","type":"image\/jpeg"}],"author":"Animal Politico","twitter_card":"summary_large_image","twitter_creator":"@fidedignas","twitter_site":"@fidedignas","twitter_misc":{"Escrito por":"Animal Politico","Tiempo de lectura":"4 minutos"},"schema":{"@context":"https:\/\/schema.org","@graph":[{"@type":"Article","@id":"https:\/\/fuentesfidedignas.com.mx\/index.php\/2026\/04\/29\/operativo-federal-en-colima-deja-cuatro-detenidos-y-el-decomiso-de-60-kilos-de-cocaina\/#article","isPartOf":{"@id":"https:\/\/fuentesfidedignas.com.mx\/index.php\/2026\/04\/29\/operativo-federal-en-colima-deja-cuatro-detenidos-y-el-decomiso-de-60-kilos-de-cocaina\/"},"author":{"name":"Animal Politico","@id":"https:\/\/fuentesfidedignas.com.mx\/#\/schema\/person\/46034ce436b72de8f0cb35d8168f96dc"},"headline":"Operativo federal en Colima deja cuatro detenidos y el decomiso de 60 kilos de coca\u00edna","datePublished":"2026-04-29T19:05:38+00:00","dateModified":"2026-04-29T19:05:43+00:00","mainEntityOfPage":{"@id":"https:\/\/fuentesfidedignas.com.mx\/index.php\/2026\/04\/29\/operativo-federal-en-colima-deja-cuatro-detenidos-y-el-decomiso-de-60-kilos-de-cocaina\/"},"wordCount":753,"commentCount":0,"publisher":{"@id":"https:\/\/fuentesfidedignas.com.mx\/#organization"},"image":{"@id":"https:\/\/fuentesfidedignas.com.mx\/index.php\/2026\/04\/29\/operativo-federal-en-colima-deja-cuatro-detenidos-y-el-decomiso-de-60-kilos-de-cocaina\/#primaryimage"},"thumbnailUrl":"https:\/\/fuentesfidedignas.com.mx\/wp-content\/uploads\/2026\/04\/colima-decomiso-cocaina-tractocamion-1.jpg","articleSection":["NOTICIAS NACIONALES"],"inLanguage":"es","potentialAction":[{"@type":"CommentAction","name":"Comment","target":["https:\/\/fuentesfidedignas.com.mx\/index.php\/2026\/04\/29\/operativo-federal-en-colima-deja-cuatro-detenidos-y-el-decomiso-de-60-kilos-de-cocaina\/#respond"]}]},{"@type":"WebPage","@id":"https:\/\/fuentesfidedignas.com.mx\/index.php\/2026\/04\/29\/operativo-federal-en-colima-deja-cuatro-detenidos-y-el-decomiso-de-60-kilos-de-cocaina\/","url":"https:\/\/fuentesfidedignas.com.mx\/index.php\/2026\/04\/29\/operativo-federal-en-colima-deja-cuatro-detenidos-y-el-decomiso-de-60-kilos-de-cocaina\/","name":"Operativo federal en Colima deja cuatro detenidos y el decomiso de 60 kilos de coca\u00edna - Fuentes Fidedignas","isPartOf":{"@id":"https:\/\/fuentesfidedignas.com.mx\/#website"},"primaryImageOfPage":{"@id":"https:\/\/fuentesfidedignas.com.mx\/index.php\/2026\/04\/29\/operativo-federal-en-colima-deja-cuatro-detenidos-y-el-decomiso-de-60-kilos-de-cocaina\/#primaryimage"},"image":{"@id":"https:\/\/fuentesfidedignas.com.mx\/index.php\/2026\/04\/29\/operativo-federal-en-colima-deja-cuatro-detenidos-y-el-decomiso-de-60-kilos-de-cocaina\/#primaryimage"},"thumbnailUrl":"https:\/\/fuentesfidedignas.com.mx\/wp-content\/uploads\/2026\/04\/colima-decomiso-cocaina-tractocamion-1.jpg","datePublished":"2026-04-29T19:05:38+00:00","dateModified":"2026-04-29T19:05:43+00:00","breadcrumb":{"@id":"https:\/\/fuentesfidedignas.com.mx\/index.php\/2026\/04\/29\/operativo-federal-en-colima-deja-cuatro-detenidos-y-el-decomiso-de-60-kilos-de-cocaina\/#breadcrumb"},"inLanguage":"es","potentialAction":[{"@type":"ReadAction","target":["https:\/\/fuentesfidedignas.com.mx\/index.php\/2026\/04\/29\/operativo-federal-en-colima-deja-cuatro-detenidos-y-el-decomiso-de-60-kilos-de-cocaina\/"]}]},{"@type":"ImageObject","inLanguage":"es","@id":"https:\/\/fuentesfidedignas.com.mx\/index.php\/2026\/04\/29\/operativo-federal-en-colima-deja-cuatro-detenidos-y-el-decomiso-de-60-kilos-de-cocaina\/#primaryimage","url":"https:\/\/fuentesfidedignas.com.mx\/wp-content\/uploads\/2026\/04\/colima-decomiso-cocaina-tractocamion-1.jpg","contentUrl":"https:\/\/fuentesfidedignas.com.mx\/wp-content\/uploads\/2026\/04\/colima-decomiso-cocaina-tractocamion-1.jpg","width":500,"height":333},{"@type":"BreadcrumbList","@id":"https:\/\/fuentesfidedignas.com.mx\/index.php\/2026\/04\/29\/operativo-federal-en-colima-deja-cuatro-detenidos-y-el-decomiso-de-60-kilos-de-cocaina\/#breadcrumb","itemListElement":[{"@type":"ListItem","position":1,"name":"Inicio","item":"https:\/\/fuentesfidedignas.com.mx\/"},{"@type":"ListItem","position":2,"name":"Operativo federal en Colima deja cuatro detenidos y el decomiso de 60 kilos de coca\u00edna"}]},{"@type":"WebSite","@id":"https:\/\/fuentesfidedignas.com.mx\/#website","url":"https:\/\/fuentesfidedignas.com.mx\/","name":"Fuentes Fidedignas","description":"Otro sitio realizado con WordPress","publisher":{"@id":"https:\/\/fuentesfidedignas.com.mx\/#organization"},"potentialAction":[{"@type":"SearchAction","target":{"@type":"EntryPoint","urlTemplate":"https:\/\/fuentesfidedignas.com.mx\/?s={search_term_string}"},"query-input":{"@type":"PropertyValueSpecification","valueRequired":true,"valueName":"search_term_string"}}],"inLanguage":"es"},{"@type":"Organization","@id":"https:\/\/fuentesfidedignas.com.mx\/#organization","name":"Fuentes Fidedignas","url":"https:\/\/fuentesfidedignas.com.mx\/","logo":{"@type":"ImageObject","inLanguage":"es","@id":"https:\/\/fuentesfidedignas.com.mx\/#\/schema\/logo\/image\/","url":"https:\/\/fuentesfidedignas.com.mx\/wp-content\/uploads\/2021\/04\/logo-retina.png","contentUrl":"https:\/\/fuentesfidedignas.com.mx\/wp-content\/uploads\/2021\/04\/logo-retina.png","width":280,"height":51,"caption":"Fuentes Fidedignas"},"image":{"@id":"https:\/\/fuentesfidedignas.com.mx\/#\/schema\/logo\/image\/"},"sameAs":["https:\/\/www.facebook.com\/Fuentes-Fidedignas-368234489921644","https:\/\/x.com\/fidedignas"]},{"@type":"Person","@id":"https:\/\/fuentesfidedignas.com.mx\/#\/schema\/person\/46034ce436b72de8f0cb35d8168f96dc","name":"Animal Politico","image":{"@type":"ImageObject","inLanguage":"es","@id":"https:\/\/secure.gravatar.com\/avatar\/5c8b42abba0c23cdccccfc885a8cfe2e0faaa5e86c5b918524de5cb33c9b1e8a?s=96&d=mm&r=g","url":"https:\/\/secure.gravatar.com\/avatar\/5c8b42abba0c23cdccccfc885a8cfe2e0faaa5e86c5b918524de5cb33c9b1e8a?s=96&d=mm&r=g","contentUrl":"https:\/\/secure.gravatar.com\/avatar\/5c8b42abba0c23cdccccfc885a8cfe2e0faaa5e86c5b918524de5cb33c9b1e8a?s=96&d=mm&r=g","caption":"Animal Politico"},"url":"https:\/\/fuentesfidedignas.com.mx\/index.php\/author\/animal\/"}]}},"_links":{"self":[{"href":"https:\/\/fuentesfidedignas.com.mx\/index.php\/wp-json\/wp\/v2\/posts\/132520","targetHints":{"allow":["GET"]}}],"collection":[{"href":"https:\/\/fuentesfidedignas.com.mx\/index.php\/wp-json\/wp\/v2\/posts"}],"about":[{"href":"https:\/\/fuentesfidedignas.com.mx\/index.php\/wp-json\/wp\/v2\/types\/post"}],"author":[{"embeddable":true,"href":"https:\/\/fuentesfidedignas.com.mx\/index.php\/wp-json\/wp\/v2\/users\/24"}],"replies":[{"embeddable":true,"href":"https:\/\/fuentesfidedignas.com.mx\/index.php\/wp-json\/wp\/v2\/comments?post=132520"}],"version-history":[{"count":1,"href":"https:\/\/fuentesfidedignas.com.mx\/index.php\/wp-json\/wp\/v2\/posts\/132520\/revisions"}],"predecessor-version":[{"id":132522,"href":"https:\/\/fuentesfidedignas.com.mx\/index.php\/wp-json\/wp\/v2\/posts\/132520\/revisions\/132522"}],"wp:featuredmedia":[{"embeddable":true,"href":"https:\/\/fuentesfidedignas.com.mx\/index.php\/wp-json\/wp\/v2\/media\/132521"}],"wp:attachment":[{"href":"https:\/\/fuentesfidedignas.com.mx\/index.php\/wp-json\/wp\/v2\/media?parent=132520"}],"wp:term":[{"taxonomy":"category","embeddable":true,"href":"https:\/\/fuentesfidedignas.com.mx\/index.php\/wp-json\/wp\/v2\/categories?post=132520"},{"taxonomy":"post_tag","embeddable":true,"href":"https:\/\/fuentesfidedignas.com.mx\/index.php\/wp-json\/wp\/v2\/tags?post=132520"}],"curies":[{"name":"wp","href":"https:\/\/api.w.org\/{rel}","templated":true}]}}