{"id":132517,"date":"2026-04-29T11:52:26","date_gmt":"2026-04-29T18:52:26","guid":{"rendered":"https:\/\/fuentesfidedignas.com.mx\/?p=132517"},"modified":"2026-04-29T11:52:30","modified_gmt":"2026-04-29T18:52:30","slug":"capturan-a-el-senor-de-la-capilla-chente-y-gustavo-operadores-de-los-mayos","status":"publish","type":"post","link":"https:\/\/fuentesfidedignas.com.mx\/index.php\/2026\/04\/29\/capturan-a-el-senor-de-la-capilla-chente-y-gustavo-operadores-de-los-mayos\/","title":{"rendered":"Capturan a &#8216;El Se\u00f1or de la Capilla&#8217;, &#8216;Chente&#8217; y Gustavo, operadores de \u2018Los Mayos\u2019"},"content":{"rendered":"\n<p><strong><em>La Guardia Nacional da un golpe certero a las redes operativas del c\u00e1rtel en el noroeste del pa\u00eds. <\/em><\/strong><\/p>\n\n\n\n<p>Un operativo federal en Culiac\u00e1n, Sinaloa, deriv\u00f3 en la detenci\u00f3n de tres hombres identificados como presuntos integrantes de la facci\u00f3n criminal conocida como \u201cLos Mayos\u201d, vinculada al tr\u00e1fico de drogas sint\u00e9ticas. La acci\u00f3n, encabezada por la Guardia Nacional, representa \u2014seg\u00fan autoridades\u2014 un avance en el desmantelamiento de redes operativas en el noroeste del pa\u00eds.<\/p>\n\n\n\n<p>De acuerdo con informaci\u00f3n oficial, los detenidos fueron identificados como Adri\u00e1n \u201cN\u201d, alias El 7 o El se\u00f1or de la Capilla; Vicente \u201cN\u201d, conocido como Chente; y Gustavo \u201cN\u201d. Los tres son se\u00f1alados como posibles operadores clave dentro de esta estructura criminal. <\/p>\n\n\n\n<p><strong>Operativo coordinado y detenciones estrat\u00e9gicas<\/strong><br>La intervenci\u00f3n fue realizada por elementos de la Direcci\u00f3n General de Antidrogas y la Fuerza Especial de Reacci\u00f3n e Intervenci\u00f3n, ambas adscritas a la Guardia Nacional, en coordinaci\u00f3n con el Ej\u00e9rcito Mexicano y con apoyo de la Fiscal\u00eda Especializada en Materia de Delincuencia Organizada.<\/p>\n\n\n\n<p>Seg\u00fan el comunicado oficial, el despliegue respondi\u00f3 a labores de inteligencia que permitieron ubicar a los sospechosos en la capital sinaloense. Aunque no se han detallado los aseguramientos derivados del operativo, las autoridades subrayan que se trat\u00f3 de una acci\u00f3n \u201cquir\u00fargica\u201d para evitar riesgos a la poblaci\u00f3n civil.<\/p>\n\n\n\n<p>Fuentes cercanas a la investigaci\u00f3n se\u00f1alaron que los detenidos estar\u00edan relacionados con la log\u00edstica y distribuci\u00f3n de sustancias il\u00edcitas, particularmente en el mercado de metanfetaminas, uno de los principales motores econ\u00f3micos del crimen organizado en la regi\u00f3n. <\/p>\n","protected":false},"excerpt":{"rendered":"<p>La Guardia Nacional da un golpe certero a las redes operativas del c\u00e1rtel en el noroeste del pa\u00eds. Un operativo federal en Culiac\u00e1n, Sinaloa, deriv\u00f3 en la detenci\u00f3n de tres hombres identificados como presuntos integrantes de la facci\u00f3n criminal conocida como \u201cLos Mayos\u201d, vinculada al tr\u00e1fico de drogas sint\u00e9ticas. La acci\u00f3n, encabezada por la Guardia [&hellip;]<\/p>\n","protected":false},"author":7,"featured_media":132518,"comment_status":"open","ping_status":"open","sticky":false,"template":"","format":"standard","meta":{"tdm_status":"","tdm_grid_status":"","footnotes":""},"categories":[37],"tags":[],"class_list":{"0":"post-132517","1":"post","2":"type-post","3":"status-publish","4":"format-standard","5":"has-post-thumbnail","7":"category-nota-principal"},"yoast_head":"<!-- This site is optimized with the Yoast SEO plugin v27.5 - https:\/\/yoast.com\/product\/yoast-seo-wordpress\/ -->\n<title>Capturan a &#039;El Se\u00f1or de la Capilla&#039;, &#039;Chente&#039; y Gustavo, operadores de \u2018Los Mayos\u2019 - Fuentes Fidedignas<\/title>\n<meta name=\"robots\" content=\"index, follow, max-snippet:-1, max-image-preview:large, max-video-preview:-1\" \/>\n<link rel=\"canonical\" href=\"https:\/\/fuentesfidedignas.com.mx\/index.php\/2026\/04\/29\/capturan-a-el-senor-de-la-capilla-chente-y-gustavo-operadores-de-los-mayos\/\" \/>\n<meta property=\"og:locale\" content=\"es_MX\" \/>\n<meta property=\"og:type\" content=\"article\" \/>\n<meta property=\"og:title\" content=\"Capturan a &#039;El Se\u00f1or de la Capilla&#039;, &#039;Chente&#039; y Gustavo, operadores de \u2018Los Mayos\u2019 - Fuentes Fidedignas\" \/>\n<meta property=\"og:description\" content=\"La Guardia Nacional da un golpe certero a las redes operativas del c\u00e1rtel en el noroeste del pa\u00eds. Un operativo federal en Culiac\u00e1n, Sinaloa, deriv\u00f3 en la detenci\u00f3n de tres hombres identificados como presuntos integrantes de la facci\u00f3n criminal conocida como \u201cLos Mayos\u201d, vinculada al tr\u00e1fico de drogas sint\u00e9ticas. La acci\u00f3n, encabezada por la Guardia [&hellip;]\" \/>\n<meta property=\"og:url\" content=\"https:\/\/fuentesfidedignas.com.mx\/index.php\/2026\/04\/29\/capturan-a-el-senor-de-la-capilla-chente-y-gustavo-operadores-de-los-mayos\/\" \/>\n<meta property=\"og:site_name\" content=\"Fuentes Fidedignas\" \/>\n<meta property=\"article:publisher\" content=\"https:\/\/www.facebook.com\/Fuentes-Fidedignas-368234489921644\" \/>\n<meta property=\"article:published_time\" content=\"2026-04-29T18:52:26+00:00\" \/>\n<meta property=\"article:modified_time\" content=\"2026-04-29T18:52:30+00:00\" \/>\n<meta property=\"og:image\" content=\"https:\/\/fuentesfidedignas.com.mx\/wp-content\/uploads\/2026\/04\/operadores-de-los-mayos.jpg\" \/>\n\t<meta property=\"og:image:width\" content=\"500\" \/>\n\t<meta property=\"og:image:height\" content=\"333\" \/>\n\t<meta property=\"og:image:type\" content=\"image\/jpeg\" \/>\n<meta name=\"author\" content=\"Exc\u00e9lsior\" \/>\n<meta name=\"twitter:card\" content=\"summary_large_image\" \/>\n<meta name=\"twitter:creator\" content=\"@fidedignas\" \/>\n<meta name=\"twitter:site\" content=\"@fidedignas\" \/>\n<meta name=\"twitter:label1\" content=\"Escrito por\" \/>\n\t<meta name=\"twitter:data1\" content=\"Exc\u00e9lsior\" \/>\n\t<meta name=\"twitter:label2\" content=\"Tiempo de lectura\" \/>\n\t<meta name=\"twitter:data2\" content=\"2 minutos\" \/>\n<script type=\"application\/ld+json\" class=\"yoast-schema-graph\">{\"@context\":\"https:\\\/\\\/schema.org\",\"@graph\":[{\"@type\":\"Article\",\"@id\":\"https:\\\/\\\/fuentesfidedignas.com.mx\\\/index.php\\\/2026\\\/04\\\/29\\\/capturan-a-el-senor-de-la-capilla-chente-y-gustavo-operadores-de-los-mayos\\\/#article\",\"isPartOf\":{\"@id\":\"https:\\\/\\\/fuentesfidedignas.com.mx\\\/index.php\\\/2026\\\/04\\\/29\\\/capturan-a-el-senor-de-la-capilla-chente-y-gustavo-operadores-de-los-mayos\\\/\"},\"author\":{\"name\":\"Exc\u00e9lsior\",\"@id\":\"https:\\\/\\\/fuentesfidedignas.com.mx\\\/#\\\/schema\\\/person\\\/ec4edd1fbf5efa3e44fce34fe2787780\"},\"headline\":\"Capturan a &#8216;El Se\u00f1or de la Capilla&#8217;, &#8216;Chente&#8217; y Gustavo, operadores de \u2018Los Mayos\u2019\",\"datePublished\":\"2026-04-29T18:52:26+00:00\",\"dateModified\":\"2026-04-29T18:52:30+00:00\",\"mainEntityOfPage\":{\"@id\":\"https:\\\/\\\/fuentesfidedignas.com.mx\\\/index.php\\\/2026\\\/04\\\/29\\\/capturan-a-el-senor-de-la-capilla-chente-y-gustavo-operadores-de-los-mayos\\\/\"},\"wordCount\":296,\"commentCount\":0,\"publisher\":{\"@id\":\"https:\\\/\\\/fuentesfidedignas.com.mx\\\/#organization\"},\"image\":{\"@id\":\"https:\\\/\\\/fuentesfidedignas.com.mx\\\/index.php\\\/2026\\\/04\\\/29\\\/capturan-a-el-senor-de-la-capilla-chente-y-gustavo-operadores-de-los-mayos\\\/#primaryimage\"},\"thumbnailUrl\":\"https:\\\/\\\/fuentesfidedignas.com.mx\\\/wp-content\\\/uploads\\\/2026\\\/04\\\/operadores-de-los-mayos.jpg\",\"articleSection\":[\"NOTA PRINCIPAL\"],\"inLanguage\":\"es\",\"potentialAction\":[{\"@type\":\"CommentAction\",\"name\":\"Comment\",\"target\":[\"https:\\\/\\\/fuentesfidedignas.com.mx\\\/index.php\\\/2026\\\/04\\\/29\\\/capturan-a-el-senor-de-la-capilla-chente-y-gustavo-operadores-de-los-mayos\\\/#respond\"]}]},{\"@type\":\"WebPage\",\"@id\":\"https:\\\/\\\/fuentesfidedignas.com.mx\\\/index.php\\\/2026\\\/04\\\/29\\\/capturan-a-el-senor-de-la-capilla-chente-y-gustavo-operadores-de-los-mayos\\\/\",\"url\":\"https:\\\/\\\/fuentesfidedignas.com.mx\\\/index.php\\\/2026\\\/04\\\/29\\\/capturan-a-el-senor-de-la-capilla-chente-y-gustavo-operadores-de-los-mayos\\\/\",\"name\":\"Capturan a 'El Se\u00f1or de la Capilla', 'Chente' y Gustavo, operadores de \u2018Los Mayos\u2019 - Fuentes Fidedignas\",\"isPartOf\":{\"@id\":\"https:\\\/\\\/fuentesfidedignas.com.mx\\\/#website\"},\"primaryImageOfPage\":{\"@id\":\"https:\\\/\\\/fuentesfidedignas.com.mx\\\/index.php\\\/2026\\\/04\\\/29\\\/capturan-a-el-senor-de-la-capilla-chente-y-gustavo-operadores-de-los-mayos\\\/#primaryimage\"},\"image\":{\"@id\":\"https:\\\/\\\/fuentesfidedignas.com.mx\\\/index.php\\\/2026\\\/04\\\/29\\\/capturan-a-el-senor-de-la-capilla-chente-y-gustavo-operadores-de-los-mayos\\\/#primaryimage\"},\"thumbnailUrl\":\"https:\\\/\\\/fuentesfidedignas.com.mx\\\/wp-content\\\/uploads\\\/2026\\\/04\\\/operadores-de-los-mayos.jpg\",\"datePublished\":\"2026-04-29T18:52:26+00:00\",\"dateModified\":\"2026-04-29T18:52:30+00:00\",\"breadcrumb\":{\"@id\":\"https:\\\/\\\/fuentesfidedignas.com.mx\\\/index.php\\\/2026\\\/04\\\/29\\\/capturan-a-el-senor-de-la-capilla-chente-y-gustavo-operadores-de-los-mayos\\\/#breadcrumb\"},\"inLanguage\":\"es\",\"potentialAction\":[{\"@type\":\"ReadAction\",\"target\":[\"https:\\\/\\\/fuentesfidedignas.com.mx\\\/index.php\\\/2026\\\/04\\\/29\\\/capturan-a-el-senor-de-la-capilla-chente-y-gustavo-operadores-de-los-mayos\\\/\"]}]},{\"@type\":\"ImageObject\",\"inLanguage\":\"es\",\"@id\":\"https:\\\/\\\/fuentesfidedignas.com.mx\\\/index.php\\\/2026\\\/04\\\/29\\\/capturan-a-el-senor-de-la-capilla-chente-y-gustavo-operadores-de-los-mayos\\\/#primaryimage\",\"url\":\"https:\\\/\\\/fuentesfidedignas.com.mx\\\/wp-content\\\/uploads\\\/2026\\\/04\\\/operadores-de-los-mayos.jpg\",\"contentUrl\":\"https:\\\/\\\/fuentesfidedignas.com.mx\\\/wp-content\\\/uploads\\\/2026\\\/04\\\/operadores-de-los-mayos.jpg\",\"width\":500,\"height\":333},{\"@type\":\"BreadcrumbList\",\"@id\":\"https:\\\/\\\/fuentesfidedignas.com.mx\\\/index.php\\\/2026\\\/04\\\/29\\\/capturan-a-el-senor-de-la-capilla-chente-y-gustavo-operadores-de-los-mayos\\\/#breadcrumb\",\"itemListElement\":[{\"@type\":\"ListItem\",\"position\":1,\"name\":\"Inicio\",\"item\":\"https:\\\/\\\/fuentesfidedignas.com.mx\\\/\"},{\"@type\":\"ListItem\",\"position\":2,\"name\":\"Capturan a &#8216;El Se\u00f1or de la Capilla&#8217;, &#8216;Chente&#8217; y Gustavo, operadores de \u2018Los Mayos\u2019\"}]},{\"@type\":\"WebSite\",\"@id\":\"https:\\\/\\\/fuentesfidedignas.com.mx\\\/#website\",\"url\":\"https:\\\/\\\/fuentesfidedignas.com.mx\\\/\",\"name\":\"Fuentes Fidedignas\",\"description\":\"Otro sitio realizado con WordPress\",\"publisher\":{\"@id\":\"https:\\\/\\\/fuentesfidedignas.com.mx\\\/#organization\"},\"potentialAction\":[{\"@type\":\"SearchAction\",\"target\":{\"@type\":\"EntryPoint\",\"urlTemplate\":\"https:\\\/\\\/fuentesfidedignas.com.mx\\\/?s={search_term_string}\"},\"query-input\":{\"@type\":\"PropertyValueSpecification\",\"valueRequired\":true,\"valueName\":\"search_term_string\"}}],\"inLanguage\":\"es\"},{\"@type\":\"Organization\",\"@id\":\"https:\\\/\\\/fuentesfidedignas.com.mx\\\/#organization\",\"name\":\"Fuentes Fidedignas\",\"url\":\"https:\\\/\\\/fuentesfidedignas.com.mx\\\/\",\"logo\":{\"@type\":\"ImageObject\",\"inLanguage\":\"es\",\"@id\":\"https:\\\/\\\/fuentesfidedignas.com.mx\\\/#\\\/schema\\\/logo\\\/image\\\/\",\"url\":\"https:\\\/\\\/fuentesfidedignas.com.mx\\\/wp-content\\\/uploads\\\/2021\\\/04\\\/logo-retina.png\",\"contentUrl\":\"https:\\\/\\\/fuentesfidedignas.com.mx\\\/wp-content\\\/uploads\\\/2021\\\/04\\\/logo-retina.png\",\"width\":280,\"height\":51,\"caption\":\"Fuentes Fidedignas\"},\"image\":{\"@id\":\"https:\\\/\\\/fuentesfidedignas.com.mx\\\/#\\\/schema\\\/logo\\\/image\\\/\"},\"sameAs\":[\"https:\\\/\\\/www.facebook.com\\\/Fuentes-Fidedignas-368234489921644\",\"https:\\\/\\\/x.com\\\/fidedignas\"]},{\"@type\":\"Person\",\"@id\":\"https:\\\/\\\/fuentesfidedignas.com.mx\\\/#\\\/schema\\\/person\\\/ec4edd1fbf5efa3e44fce34fe2787780\",\"name\":\"Exc\u00e9lsior\",\"image\":{\"@type\":\"ImageObject\",\"inLanguage\":\"es\",\"@id\":\"https:\\\/\\\/secure.gravatar.com\\\/avatar\\\/4b7ee9206b48be08447852b3f0814dbc7c0f3b51541b164f1464a2725614020b?s=96&d=mm&r=g\",\"url\":\"https:\\\/\\\/secure.gravatar.com\\\/avatar\\\/4b7ee9206b48be08447852b3f0814dbc7c0f3b51541b164f1464a2725614020b?s=96&d=mm&r=g\",\"contentUrl\":\"https:\\\/\\\/secure.gravatar.com\\\/avatar\\\/4b7ee9206b48be08447852b3f0814dbc7c0f3b51541b164f1464a2725614020b?s=96&d=mm&r=g\",\"caption\":\"Exc\u00e9lsior\"},\"url\":\"https:\\\/\\\/fuentesfidedignas.com.mx\\\/index.php\\\/author\\\/excelsior\\\/\"}]}<\/script>\n<!-- \/ Yoast SEO plugin. -->","yoast_head_json":{"title":"Capturan a 'El Se\u00f1or de la Capilla', 'Chente' y Gustavo, operadores de \u2018Los Mayos\u2019 - Fuentes Fidedignas","robots":{"index":"index","follow":"follow","max-snippet":"max-snippet:-1","max-image-preview":"max-image-preview:large","max-video-preview":"max-video-preview:-1"},"canonical":"https:\/\/fuentesfidedignas.com.mx\/index.php\/2026\/04\/29\/capturan-a-el-senor-de-la-capilla-chente-y-gustavo-operadores-de-los-mayos\/","og_locale":"es_MX","og_type":"article","og_title":"Capturan a 'El Se\u00f1or de la Capilla', 'Chente' y Gustavo, operadores de \u2018Los Mayos\u2019 - Fuentes Fidedignas","og_description":"La Guardia Nacional da un golpe certero a las redes operativas del c\u00e1rtel en el noroeste del pa\u00eds. Un operativo federal en Culiac\u00e1n, Sinaloa, deriv\u00f3 en la detenci\u00f3n de tres hombres identificados como presuntos integrantes de la facci\u00f3n criminal conocida como \u201cLos Mayos\u201d, vinculada al tr\u00e1fico de drogas sint\u00e9ticas. La acci\u00f3n, encabezada por la Guardia [&hellip;]","og_url":"https:\/\/fuentesfidedignas.com.mx\/index.php\/2026\/04\/29\/capturan-a-el-senor-de-la-capilla-chente-y-gustavo-operadores-de-los-mayos\/","og_site_name":"Fuentes Fidedignas","article_publisher":"https:\/\/www.facebook.com\/Fuentes-Fidedignas-368234489921644","article_published_time":"2026-04-29T18:52:26+00:00","article_modified_time":"2026-04-29T18:52:30+00:00","og_image":[{"width":500,"height":333,"url":"https:\/\/fuentesfidedignas.com.mx\/wp-content\/uploads\/2026\/04\/operadores-de-los-mayos.jpg","type":"image\/jpeg"}],"author":"Exc\u00e9lsior","twitter_card":"summary_large_image","twitter_creator":"@fidedignas","twitter_site":"@fidedignas","twitter_misc":{"Escrito por":"Exc\u00e9lsior","Tiempo de lectura":"2 minutos"},"schema":{"@context":"https:\/\/schema.org","@graph":[{"@type":"Article","@id":"https:\/\/fuentesfidedignas.com.mx\/index.php\/2026\/04\/29\/capturan-a-el-senor-de-la-capilla-chente-y-gustavo-operadores-de-los-mayos\/#article","isPartOf":{"@id":"https:\/\/fuentesfidedignas.com.mx\/index.php\/2026\/04\/29\/capturan-a-el-senor-de-la-capilla-chente-y-gustavo-operadores-de-los-mayos\/"},"author":{"name":"Exc\u00e9lsior","@id":"https:\/\/fuentesfidedignas.com.mx\/#\/schema\/person\/ec4edd1fbf5efa3e44fce34fe2787780"},"headline":"Capturan a &#8216;El Se\u00f1or de la Capilla&#8217;, &#8216;Chente&#8217; y Gustavo, operadores de \u2018Los Mayos\u2019","datePublished":"2026-04-29T18:52:26+00:00","dateModified":"2026-04-29T18:52:30+00:00","mainEntityOfPage":{"@id":"https:\/\/fuentesfidedignas.com.mx\/index.php\/2026\/04\/29\/capturan-a-el-senor-de-la-capilla-chente-y-gustavo-operadores-de-los-mayos\/"},"wordCount":296,"commentCount":0,"publisher":{"@id":"https:\/\/fuentesfidedignas.com.mx\/#organization"},"image":{"@id":"https:\/\/fuentesfidedignas.com.mx\/index.php\/2026\/04\/29\/capturan-a-el-senor-de-la-capilla-chente-y-gustavo-operadores-de-los-mayos\/#primaryimage"},"thumbnailUrl":"https:\/\/fuentesfidedignas.com.mx\/wp-content\/uploads\/2026\/04\/operadores-de-los-mayos.jpg","articleSection":["NOTA PRINCIPAL"],"inLanguage":"es","potentialAction":[{"@type":"CommentAction","name":"Comment","target":["https:\/\/fuentesfidedignas.com.mx\/index.php\/2026\/04\/29\/capturan-a-el-senor-de-la-capilla-chente-y-gustavo-operadores-de-los-mayos\/#respond"]}]},{"@type":"WebPage","@id":"https:\/\/fuentesfidedignas.com.mx\/index.php\/2026\/04\/29\/capturan-a-el-senor-de-la-capilla-chente-y-gustavo-operadores-de-los-mayos\/","url":"https:\/\/fuentesfidedignas.com.mx\/index.php\/2026\/04\/29\/capturan-a-el-senor-de-la-capilla-chente-y-gustavo-operadores-de-los-mayos\/","name":"Capturan a 'El Se\u00f1or de la Capilla', 'Chente' y Gustavo, operadores de \u2018Los Mayos\u2019 - Fuentes Fidedignas","isPartOf":{"@id":"https:\/\/fuentesfidedignas.com.mx\/#website"},"primaryImageOfPage":{"@id":"https:\/\/fuentesfidedignas.com.mx\/index.php\/2026\/04\/29\/capturan-a-el-senor-de-la-capilla-chente-y-gustavo-operadores-de-los-mayos\/#primaryimage"},"image":{"@id":"https:\/\/fuentesfidedignas.com.mx\/index.php\/2026\/04\/29\/capturan-a-el-senor-de-la-capilla-chente-y-gustavo-operadores-de-los-mayos\/#primaryimage"},"thumbnailUrl":"https:\/\/fuentesfidedignas.com.mx\/wp-content\/uploads\/2026\/04\/operadores-de-los-mayos.jpg","datePublished":"2026-04-29T18:52:26+00:00","dateModified":"2026-04-29T18:52:30+00:00","breadcrumb":{"@id":"https:\/\/fuentesfidedignas.com.mx\/index.php\/2026\/04\/29\/capturan-a-el-senor-de-la-capilla-chente-y-gustavo-operadores-de-los-mayos\/#breadcrumb"},"inLanguage":"es","potentialAction":[{"@type":"ReadAction","target":["https:\/\/fuentesfidedignas.com.mx\/index.php\/2026\/04\/29\/capturan-a-el-senor-de-la-capilla-chente-y-gustavo-operadores-de-los-mayos\/"]}]},{"@type":"ImageObject","inLanguage":"es","@id":"https:\/\/fuentesfidedignas.com.mx\/index.php\/2026\/04\/29\/capturan-a-el-senor-de-la-capilla-chente-y-gustavo-operadores-de-los-mayos\/#primaryimage","url":"https:\/\/fuentesfidedignas.com.mx\/wp-content\/uploads\/2026\/04\/operadores-de-los-mayos.jpg","contentUrl":"https:\/\/fuentesfidedignas.com.mx\/wp-content\/uploads\/2026\/04\/operadores-de-los-mayos.jpg","width":500,"height":333},{"@type":"BreadcrumbList","@id":"https:\/\/fuentesfidedignas.com.mx\/index.php\/2026\/04\/29\/capturan-a-el-senor-de-la-capilla-chente-y-gustavo-operadores-de-los-mayos\/#breadcrumb","itemListElement":[{"@type":"ListItem","position":1,"name":"Inicio","item":"https:\/\/fuentesfidedignas.com.mx\/"},{"@type":"ListItem","position":2,"name":"Capturan a &#8216;El Se\u00f1or de la Capilla&#8217;, &#8216;Chente&#8217; y Gustavo, operadores de \u2018Los Mayos\u2019"}]},{"@type":"WebSite","@id":"https:\/\/fuentesfidedignas.com.mx\/#website","url":"https:\/\/fuentesfidedignas.com.mx\/","name":"Fuentes Fidedignas","description":"Otro sitio realizado con WordPress","publisher":{"@id":"https:\/\/fuentesfidedignas.com.mx\/#organization"},"potentialAction":[{"@type":"SearchAction","target":{"@type":"EntryPoint","urlTemplate":"https:\/\/fuentesfidedignas.com.mx\/?s={search_term_string}"},"query-input":{"@type":"PropertyValueSpecification","valueRequired":true,"valueName":"search_term_string"}}],"inLanguage":"es"},{"@type":"Organization","@id":"https:\/\/fuentesfidedignas.com.mx\/#organization","name":"Fuentes Fidedignas","url":"https:\/\/fuentesfidedignas.com.mx\/","logo":{"@type":"ImageObject","inLanguage":"es","@id":"https:\/\/fuentesfidedignas.com.mx\/#\/schema\/logo\/image\/","url":"https:\/\/fuentesfidedignas.com.mx\/wp-content\/uploads\/2021\/04\/logo-retina.png","contentUrl":"https:\/\/fuentesfidedignas.com.mx\/wp-content\/uploads\/2021\/04\/logo-retina.png","width":280,"height":51,"caption":"Fuentes Fidedignas"},"image":{"@id":"https:\/\/fuentesfidedignas.com.mx\/#\/schema\/logo\/image\/"},"sameAs":["https:\/\/www.facebook.com\/Fuentes-Fidedignas-368234489921644","https:\/\/x.com\/fidedignas"]},{"@type":"Person","@id":"https:\/\/fuentesfidedignas.com.mx\/#\/schema\/person\/ec4edd1fbf5efa3e44fce34fe2787780","name":"Exc\u00e9lsior","image":{"@type":"ImageObject","inLanguage":"es","@id":"https:\/\/secure.gravatar.com\/avatar\/4b7ee9206b48be08447852b3f0814dbc7c0f3b51541b164f1464a2725614020b?s=96&d=mm&r=g","url":"https:\/\/secure.gravatar.com\/avatar\/4b7ee9206b48be08447852b3f0814dbc7c0f3b51541b164f1464a2725614020b?s=96&d=mm&r=g","contentUrl":"https:\/\/secure.gravatar.com\/avatar\/4b7ee9206b48be08447852b3f0814dbc7c0f3b51541b164f1464a2725614020b?s=96&d=mm&r=g","caption":"Exc\u00e9lsior"},"url":"https:\/\/fuentesfidedignas.com.mx\/index.php\/author\/excelsior\/"}]}},"_links":{"self":[{"href":"https:\/\/fuentesfidedignas.com.mx\/index.php\/wp-json\/wp\/v2\/posts\/132517","targetHints":{"allow":["GET"]}}],"collection":[{"href":"https:\/\/fuentesfidedignas.com.mx\/index.php\/wp-json\/wp\/v2\/posts"}],"about":[{"href":"https:\/\/fuentesfidedignas.com.mx\/index.php\/wp-json\/wp\/v2\/types\/post"}],"author":[{"embeddable":true,"href":"https:\/\/fuentesfidedignas.com.mx\/index.php\/wp-json\/wp\/v2\/users\/7"}],"replies":[{"embeddable":true,"href":"https:\/\/fuentesfidedignas.com.mx\/index.php\/wp-json\/wp\/v2\/comments?post=132517"}],"version-history":[{"count":1,"href":"https:\/\/fuentesfidedignas.com.mx\/index.php\/wp-json\/wp\/v2\/posts\/132517\/revisions"}],"predecessor-version":[{"id":132519,"href":"https:\/\/fuentesfidedignas.com.mx\/index.php\/wp-json\/wp\/v2\/posts\/132517\/revisions\/132519"}],"wp:featuredmedia":[{"embeddable":true,"href":"https:\/\/fuentesfidedignas.com.mx\/index.php\/wp-json\/wp\/v2\/media\/132518"}],"wp:attachment":[{"href":"https:\/\/fuentesfidedignas.com.mx\/index.php\/wp-json\/wp\/v2\/media?parent=132517"}],"wp:term":[{"taxonomy":"category","embeddable":true,"href":"https:\/\/fuentesfidedignas.com.mx\/index.php\/wp-json\/wp\/v2\/categories?post=132517"},{"taxonomy":"post_tag","embeddable":true,"href":"https:\/\/fuentesfidedignas.com.mx\/index.php\/wp-json\/wp\/v2\/tags?post=132517"}],"curies":[{"name":"wp","href":"https:\/\/api.w.org\/{rel}","templated":true}]}}