{"id":132499,"date":"2026-04-29T07:01:44","date_gmt":"2026-04-29T14:01:44","guid":{"rendered":"https:\/\/fuentesfidedignas.com.mx\/?p=132499"},"modified":"2026-04-29T07:21:26","modified_gmt":"2026-04-29T14:21:26","slug":"ariadna-montiel-sale-de-la-secretaria-de-bienestar-va-por-dirigencia-de-morena","status":"publish","type":"post","link":"https:\/\/fuentesfidedignas.com.mx\/index.php\/2026\/04\/29\/ariadna-montiel-sale-de-la-secretaria-de-bienestar-va-por-dirigencia-de-morena\/","title":{"rendered":"Ariadna Montiel sale de la Secretar\u00eda de Bienestar; va por dirigencia de Morena"},"content":{"rendered":"\n<p><strong><em>Con un video que la Presidenta difundi\u00f3 anoche, se confirm\u00f3 lo que era un secreto a voces sobre el pr\u00f3ximo liderazgo en Morena.<\/em><\/strong><\/p>\n\n\n\n<p>La presidenta Claudia Sheinbaum formaliz\u00f3 ayer \u2013mediante un video grabado en Palacio Nacional\u2013 el anuncio de la renuncia de la secretaria de Bienestar, Ariadna Montiel, para ir a cumplir otras encomiendas dentro del movimiento. Al mismo tiempo, la mandataria dio a conocer que Leticia Ram\u00edrez, quien fung\u00eda como coordinadora de Asuntos Intergubernamentales, ser\u00e1 quien ocupe la dependencia que controla la mayor parte de los programas sociales.<\/p>\n\n\n\n<p><blockquote class=\"twitter-tweet\"><p lang=\"es\" dir=\"ltr\">Una informaci\u00f3n relevante para todas y todos. <a href=\"https:\/\/t.co\/HVEytfjYwT\">pic.twitter.com\/HVEytfjYwT<\/a><\/p>\u2014 Claudia Sheinbaum Pardo (@Claudiashein) <a href=\"https:\/\/twitter.com\/Claudiashein\/status\/2049305681971294558?ref_src=twsrc%5Etfw\">April 29, 2026<\/a><\/blockquote> <script async=\"\" src=\"https:\/\/platform.twitter.com\/widgets.js\" charset=\"utf-8\"><\/script><\/p>\n\n\n\n<p>Despu\u00e9s de varios d\u00edas en que circularon versiones de cambios en el gabinete, acompa\u00f1ada de decenas de colaboradores de la Secretar\u00eda de Bienestar, inform\u00f3 que, \u201cel d\u00eda de hoy, Ariadna me ha dicho que deja la Secretar\u00eda del Bienestar porque quiere avanzar en otras tareas del movimiento al que pertenecemos todas y todos, hoy desde el gobierno, defendiendo la transformaci\u00f3n de la vida p\u00fablica. Y Ariadna, pues quiere encabezar otras tareas\u201d.<\/p>\n\n\n\n<p>Montiel es de las secretarias que particip\u00f3 en el gobierno del presidente Andr\u00e9s Manuel L\u00f3pez Obrador y que repiti\u00f3 el cargo en el gabinete de Sheinbaum, en un sexenio en el que los programas sociales alcanzan ya un bill\u00f3n de pesos de presupuesto.<\/p>\n\n\n\n<p><strong>\u201cDeber cumplido\u201d<\/strong><\/p>\n\n\n\n<p>En sus redes sociales, Montiel dio cuenta de su renuncia: \u201cMe siento muy orgullosa de formar parte de la Cuarta Transformaci\u00f3n y de contribuir a que el bienestar sea un derecho para el pueblo de M\u00e9xico. (\u2026) Nos mueven el humanismo mexicano y la convicci\u00f3n de seguir organiz\u00e1ndonos para que la transformaci\u00f3n contin\u00fae. Con gratitud a la confianza de @lopezobrador y de la primera mujer Presidenta, cierro esta etapa con la satisfacci\u00f3n del deber cumplido\u201d.<\/p>\n\n\n\n<p>Sheinbaum elogi\u00f3 tambi\u00e9n la trayectoria de Ram\u00edrez, quien fue secretaria de Educaci\u00f3n P\u00fablica en los \u00faltimos dos a\u00f1os del gobierno de L\u00f3pez Obrador. \u201cNos conocemos hace much\u00edsimos a\u00f1os desde el trabajo que hac\u00edamos casa por casa\u201d, quien a partir de hoy encabezar\u00e1 la Secretar\u00eda de Bienestar.<\/p>\n\n\n\n<p>A trav\u00e9s de redes, Ram\u00edrez se refiri\u00f3 a su reciente designaci\u00f3n: \u201cpresidenta @Claudiashein, me siento profundamente honrada y agradecida por la confianza que me ha dado. Trabajaremos con honor y convicci\u00f3n para que el bienestar y la justicia social contin\u00faen llegando a todas las familias mexicanas\u201d.<\/p>\n\n\n\n<p>La mandataria dese\u00f3 suerte a Montiel en sus nuevos proyectos que, aun cuando la Presidenta no los mencion\u00f3, apuntan a dirigir a Morena para el proceso electoral que arrancar\u00e1 a partir de septiembre.<\/p>\n","protected":false},"excerpt":{"rendered":"<p>Con un video que la Presidenta difundi\u00f3 anoche, se confirm\u00f3 lo que era un secreto a voces sobre el pr\u00f3ximo liderazgo en Morena. La presidenta Claudia Sheinbaum formaliz\u00f3 ayer \u2013mediante un video grabado en Palacio Nacional\u2013 el anuncio de la renuncia de la secretaria de Bienestar, Ariadna Montiel, para ir a cumplir otras encomiendas dentro [&hellip;]<\/p>\n","protected":false},"author":45,"featured_media":132500,"comment_status":"open","ping_status":"open","sticky":false,"template":"","format":"standard","meta":{"tdm_status":"","tdm_grid_status":"","footnotes":""},"categories":[39],"tags":[],"class_list":{"0":"post-132499","1":"post","2":"type-post","3":"status-publish","4":"format-standard","5":"has-post-thumbnail","7":"category-noticias-nacionales"},"yoast_head":"<!-- This site is optimized with the Yoast SEO plugin v27.5 - https:\/\/yoast.com\/product\/yoast-seo-wordpress\/ -->\n<title>Ariadna Montiel sale de la Secretar\u00eda de Bienestar; va por dirigencia de Morena - Fuentes Fidedignas<\/title>\n<meta name=\"robots\" content=\"index, follow, max-snippet:-1, max-image-preview:large, max-video-preview:-1\" \/>\n<link rel=\"canonical\" href=\"https:\/\/fuentesfidedignas.com.mx\/index.php\/2026\/04\/29\/ariadna-montiel-sale-de-la-secretaria-de-bienestar-va-por-dirigencia-de-morena\/\" \/>\n<meta property=\"og:locale\" content=\"es_MX\" \/>\n<meta property=\"og:type\" content=\"article\" \/>\n<meta property=\"og:title\" content=\"Ariadna Montiel sale de la Secretar\u00eda de Bienestar; va por dirigencia de Morena - Fuentes Fidedignas\" \/>\n<meta property=\"og:description\" content=\"Con un video que la Presidenta difundi\u00f3 anoche, se confirm\u00f3 lo que era un secreto a voces sobre el pr\u00f3ximo liderazgo en Morena. La presidenta Claudia Sheinbaum formaliz\u00f3 ayer \u2013mediante un video grabado en Palacio Nacional\u2013 el anuncio de la renuncia de la secretaria de Bienestar, Ariadna Montiel, para ir a cumplir otras encomiendas dentro [&hellip;]\" \/>\n<meta property=\"og:url\" content=\"https:\/\/fuentesfidedignas.com.mx\/index.php\/2026\/04\/29\/ariadna-montiel-sale-de-la-secretaria-de-bienestar-va-por-dirigencia-de-morena\/\" \/>\n<meta property=\"og:site_name\" content=\"Fuentes Fidedignas\" \/>\n<meta property=\"article:publisher\" content=\"https:\/\/www.facebook.com\/Fuentes-Fidedignas-368234489921644\" \/>\n<meta property=\"article:published_time\" content=\"2026-04-29T14:01:44+00:00\" \/>\n<meta property=\"article:modified_time\" content=\"2026-04-29T14:21:26+00:00\" \/>\n<meta property=\"og:image\" content=\"https:\/\/fuentesfidedignas.com.mx\/wp-content\/uploads\/2026\/04\/ariadna-montiel-dirigencia-de-morena.jpg\" \/>\n\t<meta property=\"og:image:width\" content=\"500\" \/>\n\t<meta property=\"og:image:height\" content=\"338\" \/>\n\t<meta property=\"og:image:type\" content=\"image\/jpeg\" \/>\n<meta name=\"author\" content=\"La Jornada\" \/>\n<meta name=\"twitter:card\" content=\"summary_large_image\" \/>\n<meta name=\"twitter:creator\" content=\"@fidedignas\" \/>\n<meta name=\"twitter:site\" content=\"@fidedignas\" \/>\n<meta name=\"twitter:label1\" content=\"Escrito por\" \/>\n\t<meta name=\"twitter:data1\" content=\"La Jornada\" \/>\n\t<meta name=\"twitter:label2\" content=\"Tiempo de lectura\" \/>\n\t<meta name=\"twitter:data2\" content=\"3 minutos\" \/>\n<script type=\"application\/ld+json\" class=\"yoast-schema-graph\">{\"@context\":\"https:\\\/\\\/schema.org\",\"@graph\":[{\"@type\":\"Article\",\"@id\":\"https:\\\/\\\/fuentesfidedignas.com.mx\\\/index.php\\\/2026\\\/04\\\/29\\\/ariadna-montiel-sale-de-la-secretaria-de-bienestar-va-por-dirigencia-de-morena\\\/#article\",\"isPartOf\":{\"@id\":\"https:\\\/\\\/fuentesfidedignas.com.mx\\\/index.php\\\/2026\\\/04\\\/29\\\/ariadna-montiel-sale-de-la-secretaria-de-bienestar-va-por-dirigencia-de-morena\\\/\"},\"author\":{\"name\":\"La Jornada\",\"@id\":\"https:\\\/\\\/fuentesfidedignas.com.mx\\\/#\\\/schema\\\/person\\\/87eacee4072e149fccc7de67f9634f35\"},\"headline\":\"Ariadna Montiel sale de la Secretar\u00eda de Bienestar; va por dirigencia de Morena\",\"datePublished\":\"2026-04-29T14:01:44+00:00\",\"dateModified\":\"2026-04-29T14:21:26+00:00\",\"mainEntityOfPage\":{\"@id\":\"https:\\\/\\\/fuentesfidedignas.com.mx\\\/index.php\\\/2026\\\/04\\\/29\\\/ariadna-montiel-sale-de-la-secretaria-de-bienestar-va-por-dirigencia-de-morena\\\/\"},\"wordCount\":471,\"commentCount\":0,\"publisher\":{\"@id\":\"https:\\\/\\\/fuentesfidedignas.com.mx\\\/#organization\"},\"image\":{\"@id\":\"https:\\\/\\\/fuentesfidedignas.com.mx\\\/index.php\\\/2026\\\/04\\\/29\\\/ariadna-montiel-sale-de-la-secretaria-de-bienestar-va-por-dirigencia-de-morena\\\/#primaryimage\"},\"thumbnailUrl\":\"https:\\\/\\\/fuentesfidedignas.com.mx\\\/wp-content\\\/uploads\\\/2026\\\/04\\\/ariadna-montiel-dirigencia-de-morena.jpg\",\"articleSection\":[\"NOTICIAS NACIONALES\"],\"inLanguage\":\"es\",\"potentialAction\":[{\"@type\":\"CommentAction\",\"name\":\"Comment\",\"target\":[\"https:\\\/\\\/fuentesfidedignas.com.mx\\\/index.php\\\/2026\\\/04\\\/29\\\/ariadna-montiel-sale-de-la-secretaria-de-bienestar-va-por-dirigencia-de-morena\\\/#respond\"]}]},{\"@type\":\"WebPage\",\"@id\":\"https:\\\/\\\/fuentesfidedignas.com.mx\\\/index.php\\\/2026\\\/04\\\/29\\\/ariadna-montiel-sale-de-la-secretaria-de-bienestar-va-por-dirigencia-de-morena\\\/\",\"url\":\"https:\\\/\\\/fuentesfidedignas.com.mx\\\/index.php\\\/2026\\\/04\\\/29\\\/ariadna-montiel-sale-de-la-secretaria-de-bienestar-va-por-dirigencia-de-morena\\\/\",\"name\":\"Ariadna Montiel sale de la Secretar\u00eda de Bienestar; va por dirigencia de Morena - Fuentes Fidedignas\",\"isPartOf\":{\"@id\":\"https:\\\/\\\/fuentesfidedignas.com.mx\\\/#website\"},\"primaryImageOfPage\":{\"@id\":\"https:\\\/\\\/fuentesfidedignas.com.mx\\\/index.php\\\/2026\\\/04\\\/29\\\/ariadna-montiel-sale-de-la-secretaria-de-bienestar-va-por-dirigencia-de-morena\\\/#primaryimage\"},\"image\":{\"@id\":\"https:\\\/\\\/fuentesfidedignas.com.mx\\\/index.php\\\/2026\\\/04\\\/29\\\/ariadna-montiel-sale-de-la-secretaria-de-bienestar-va-por-dirigencia-de-morena\\\/#primaryimage\"},\"thumbnailUrl\":\"https:\\\/\\\/fuentesfidedignas.com.mx\\\/wp-content\\\/uploads\\\/2026\\\/04\\\/ariadna-montiel-dirigencia-de-morena.jpg\",\"datePublished\":\"2026-04-29T14:01:44+00:00\",\"dateModified\":\"2026-04-29T14:21:26+00:00\",\"breadcrumb\":{\"@id\":\"https:\\\/\\\/fuentesfidedignas.com.mx\\\/index.php\\\/2026\\\/04\\\/29\\\/ariadna-montiel-sale-de-la-secretaria-de-bienestar-va-por-dirigencia-de-morena\\\/#breadcrumb\"},\"inLanguage\":\"es\",\"potentialAction\":[{\"@type\":\"ReadAction\",\"target\":[\"https:\\\/\\\/fuentesfidedignas.com.mx\\\/index.php\\\/2026\\\/04\\\/29\\\/ariadna-montiel-sale-de-la-secretaria-de-bienestar-va-por-dirigencia-de-morena\\\/\"]}]},{\"@type\":\"ImageObject\",\"inLanguage\":\"es\",\"@id\":\"https:\\\/\\\/fuentesfidedignas.com.mx\\\/index.php\\\/2026\\\/04\\\/29\\\/ariadna-montiel-sale-de-la-secretaria-de-bienestar-va-por-dirigencia-de-morena\\\/#primaryimage\",\"url\":\"https:\\\/\\\/fuentesfidedignas.com.mx\\\/wp-content\\\/uploads\\\/2026\\\/04\\\/ariadna-montiel-dirigencia-de-morena.jpg\",\"contentUrl\":\"https:\\\/\\\/fuentesfidedignas.com.mx\\\/wp-content\\\/uploads\\\/2026\\\/04\\\/ariadna-montiel-dirigencia-de-morena.jpg\",\"width\":500,\"height\":338},{\"@type\":\"BreadcrumbList\",\"@id\":\"https:\\\/\\\/fuentesfidedignas.com.mx\\\/index.php\\\/2026\\\/04\\\/29\\\/ariadna-montiel-sale-de-la-secretaria-de-bienestar-va-por-dirigencia-de-morena\\\/#breadcrumb\",\"itemListElement\":[{\"@type\":\"ListItem\",\"position\":1,\"name\":\"Inicio\",\"item\":\"https:\\\/\\\/fuentesfidedignas.com.mx\\\/\"},{\"@type\":\"ListItem\",\"position\":2,\"name\":\"Ariadna Montiel sale de la Secretar\u00eda de Bienestar; va por dirigencia de Morena\"}]},{\"@type\":\"WebSite\",\"@id\":\"https:\\\/\\\/fuentesfidedignas.com.mx\\\/#website\",\"url\":\"https:\\\/\\\/fuentesfidedignas.com.mx\\\/\",\"name\":\"Fuentes Fidedignas\",\"description\":\"Otro sitio realizado con WordPress\",\"publisher\":{\"@id\":\"https:\\\/\\\/fuentesfidedignas.com.mx\\\/#organization\"},\"potentialAction\":[{\"@type\":\"SearchAction\",\"target\":{\"@type\":\"EntryPoint\",\"urlTemplate\":\"https:\\\/\\\/fuentesfidedignas.com.mx\\\/?s={search_term_string}\"},\"query-input\":{\"@type\":\"PropertyValueSpecification\",\"valueRequired\":true,\"valueName\":\"search_term_string\"}}],\"inLanguage\":\"es\"},{\"@type\":\"Organization\",\"@id\":\"https:\\\/\\\/fuentesfidedignas.com.mx\\\/#organization\",\"name\":\"Fuentes Fidedignas\",\"url\":\"https:\\\/\\\/fuentesfidedignas.com.mx\\\/\",\"logo\":{\"@type\":\"ImageObject\",\"inLanguage\":\"es\",\"@id\":\"https:\\\/\\\/fuentesfidedignas.com.mx\\\/#\\\/schema\\\/logo\\\/image\\\/\",\"url\":\"https:\\\/\\\/fuentesfidedignas.com.mx\\\/wp-content\\\/uploads\\\/2021\\\/04\\\/logo-retina.png\",\"contentUrl\":\"https:\\\/\\\/fuentesfidedignas.com.mx\\\/wp-content\\\/uploads\\\/2021\\\/04\\\/logo-retina.png\",\"width\":280,\"height\":51,\"caption\":\"Fuentes Fidedignas\"},\"image\":{\"@id\":\"https:\\\/\\\/fuentesfidedignas.com.mx\\\/#\\\/schema\\\/logo\\\/image\\\/\"},\"sameAs\":[\"https:\\\/\\\/www.facebook.com\\\/Fuentes-Fidedignas-368234489921644\",\"https:\\\/\\\/x.com\\\/fidedignas\"]},{\"@type\":\"Person\",\"@id\":\"https:\\\/\\\/fuentesfidedignas.com.mx\\\/#\\\/schema\\\/person\\\/87eacee4072e149fccc7de67f9634f35\",\"name\":\"La Jornada\",\"image\":{\"@type\":\"ImageObject\",\"inLanguage\":\"es\",\"@id\":\"https:\\\/\\\/secure.gravatar.com\\\/avatar\\\/2b09f15a418e222775ffd645761e3fcecd1fb9d7a38a3ba858adf349aab82c7c?s=96&d=mm&r=g\",\"url\":\"https:\\\/\\\/secure.gravatar.com\\\/avatar\\\/2b09f15a418e222775ffd645761e3fcecd1fb9d7a38a3ba858adf349aab82c7c?s=96&d=mm&r=g\",\"contentUrl\":\"https:\\\/\\\/secure.gravatar.com\\\/avatar\\\/2b09f15a418e222775ffd645761e3fcecd1fb9d7a38a3ba858adf349aab82c7c?s=96&d=mm&r=g\",\"caption\":\"La Jornada\"},\"url\":\"https:\\\/\\\/fuentesfidedignas.com.mx\\\/index.php\\\/author\\\/jornada\\\/\"}]}<\/script>\n<!-- \/ Yoast SEO plugin. -->","yoast_head_json":{"title":"Ariadna Montiel sale de la Secretar\u00eda de Bienestar; va por dirigencia de Morena - Fuentes Fidedignas","robots":{"index":"index","follow":"follow","max-snippet":"max-snippet:-1","max-image-preview":"max-image-preview:large","max-video-preview":"max-video-preview:-1"},"canonical":"https:\/\/fuentesfidedignas.com.mx\/index.php\/2026\/04\/29\/ariadna-montiel-sale-de-la-secretaria-de-bienestar-va-por-dirigencia-de-morena\/","og_locale":"es_MX","og_type":"article","og_title":"Ariadna Montiel sale de la Secretar\u00eda de Bienestar; va por dirigencia de Morena - Fuentes Fidedignas","og_description":"Con un video que la Presidenta difundi\u00f3 anoche, se confirm\u00f3 lo que era un secreto a voces sobre el pr\u00f3ximo liderazgo en Morena. La presidenta Claudia Sheinbaum formaliz\u00f3 ayer \u2013mediante un video grabado en Palacio Nacional\u2013 el anuncio de la renuncia de la secretaria de Bienestar, Ariadna Montiel, para ir a cumplir otras encomiendas dentro [&hellip;]","og_url":"https:\/\/fuentesfidedignas.com.mx\/index.php\/2026\/04\/29\/ariadna-montiel-sale-de-la-secretaria-de-bienestar-va-por-dirigencia-de-morena\/","og_site_name":"Fuentes Fidedignas","article_publisher":"https:\/\/www.facebook.com\/Fuentes-Fidedignas-368234489921644","article_published_time":"2026-04-29T14:01:44+00:00","article_modified_time":"2026-04-29T14:21:26+00:00","og_image":[{"width":500,"height":338,"url":"https:\/\/fuentesfidedignas.com.mx\/wp-content\/uploads\/2026\/04\/ariadna-montiel-dirigencia-de-morena.jpg","type":"image\/jpeg"}],"author":"La Jornada","twitter_card":"summary_large_image","twitter_creator":"@fidedignas","twitter_site":"@fidedignas","twitter_misc":{"Escrito por":"La Jornada","Tiempo de lectura":"3 minutos"},"schema":{"@context":"https:\/\/schema.org","@graph":[{"@type":"Article","@id":"https:\/\/fuentesfidedignas.com.mx\/index.php\/2026\/04\/29\/ariadna-montiel-sale-de-la-secretaria-de-bienestar-va-por-dirigencia-de-morena\/#article","isPartOf":{"@id":"https:\/\/fuentesfidedignas.com.mx\/index.php\/2026\/04\/29\/ariadna-montiel-sale-de-la-secretaria-de-bienestar-va-por-dirigencia-de-morena\/"},"author":{"name":"La Jornada","@id":"https:\/\/fuentesfidedignas.com.mx\/#\/schema\/person\/87eacee4072e149fccc7de67f9634f35"},"headline":"Ariadna Montiel sale de la Secretar\u00eda de Bienestar; va por dirigencia de Morena","datePublished":"2026-04-29T14:01:44+00:00","dateModified":"2026-04-29T14:21:26+00:00","mainEntityOfPage":{"@id":"https:\/\/fuentesfidedignas.com.mx\/index.php\/2026\/04\/29\/ariadna-montiel-sale-de-la-secretaria-de-bienestar-va-por-dirigencia-de-morena\/"},"wordCount":471,"commentCount":0,"publisher":{"@id":"https:\/\/fuentesfidedignas.com.mx\/#organization"},"image":{"@id":"https:\/\/fuentesfidedignas.com.mx\/index.php\/2026\/04\/29\/ariadna-montiel-sale-de-la-secretaria-de-bienestar-va-por-dirigencia-de-morena\/#primaryimage"},"thumbnailUrl":"https:\/\/fuentesfidedignas.com.mx\/wp-content\/uploads\/2026\/04\/ariadna-montiel-dirigencia-de-morena.jpg","articleSection":["NOTICIAS NACIONALES"],"inLanguage":"es","potentialAction":[{"@type":"CommentAction","name":"Comment","target":["https:\/\/fuentesfidedignas.com.mx\/index.php\/2026\/04\/29\/ariadna-montiel-sale-de-la-secretaria-de-bienestar-va-por-dirigencia-de-morena\/#respond"]}]},{"@type":"WebPage","@id":"https:\/\/fuentesfidedignas.com.mx\/index.php\/2026\/04\/29\/ariadna-montiel-sale-de-la-secretaria-de-bienestar-va-por-dirigencia-de-morena\/","url":"https:\/\/fuentesfidedignas.com.mx\/index.php\/2026\/04\/29\/ariadna-montiel-sale-de-la-secretaria-de-bienestar-va-por-dirigencia-de-morena\/","name":"Ariadna Montiel sale de la Secretar\u00eda de Bienestar; va por dirigencia de Morena - Fuentes Fidedignas","isPartOf":{"@id":"https:\/\/fuentesfidedignas.com.mx\/#website"},"primaryImageOfPage":{"@id":"https:\/\/fuentesfidedignas.com.mx\/index.php\/2026\/04\/29\/ariadna-montiel-sale-de-la-secretaria-de-bienestar-va-por-dirigencia-de-morena\/#primaryimage"},"image":{"@id":"https:\/\/fuentesfidedignas.com.mx\/index.php\/2026\/04\/29\/ariadna-montiel-sale-de-la-secretaria-de-bienestar-va-por-dirigencia-de-morena\/#primaryimage"},"thumbnailUrl":"https:\/\/fuentesfidedignas.com.mx\/wp-content\/uploads\/2026\/04\/ariadna-montiel-dirigencia-de-morena.jpg","datePublished":"2026-04-29T14:01:44+00:00","dateModified":"2026-04-29T14:21:26+00:00","breadcrumb":{"@id":"https:\/\/fuentesfidedignas.com.mx\/index.php\/2026\/04\/29\/ariadna-montiel-sale-de-la-secretaria-de-bienestar-va-por-dirigencia-de-morena\/#breadcrumb"},"inLanguage":"es","potentialAction":[{"@type":"ReadAction","target":["https:\/\/fuentesfidedignas.com.mx\/index.php\/2026\/04\/29\/ariadna-montiel-sale-de-la-secretaria-de-bienestar-va-por-dirigencia-de-morena\/"]}]},{"@type":"ImageObject","inLanguage":"es","@id":"https:\/\/fuentesfidedignas.com.mx\/index.php\/2026\/04\/29\/ariadna-montiel-sale-de-la-secretaria-de-bienestar-va-por-dirigencia-de-morena\/#primaryimage","url":"https:\/\/fuentesfidedignas.com.mx\/wp-content\/uploads\/2026\/04\/ariadna-montiel-dirigencia-de-morena.jpg","contentUrl":"https:\/\/fuentesfidedignas.com.mx\/wp-content\/uploads\/2026\/04\/ariadna-montiel-dirigencia-de-morena.jpg","width":500,"height":338},{"@type":"BreadcrumbList","@id":"https:\/\/fuentesfidedignas.com.mx\/index.php\/2026\/04\/29\/ariadna-montiel-sale-de-la-secretaria-de-bienestar-va-por-dirigencia-de-morena\/#breadcrumb","itemListElement":[{"@type":"ListItem","position":1,"name":"Inicio","item":"https:\/\/fuentesfidedignas.com.mx\/"},{"@type":"ListItem","position":2,"name":"Ariadna Montiel sale de la Secretar\u00eda de Bienestar; va por dirigencia de Morena"}]},{"@type":"WebSite","@id":"https:\/\/fuentesfidedignas.com.mx\/#website","url":"https:\/\/fuentesfidedignas.com.mx\/","name":"Fuentes Fidedignas","description":"Otro sitio realizado con WordPress","publisher":{"@id":"https:\/\/fuentesfidedignas.com.mx\/#organization"},"potentialAction":[{"@type":"SearchAction","target":{"@type":"EntryPoint","urlTemplate":"https:\/\/fuentesfidedignas.com.mx\/?s={search_term_string}"},"query-input":{"@type":"PropertyValueSpecification","valueRequired":true,"valueName":"search_term_string"}}],"inLanguage":"es"},{"@type":"Organization","@id":"https:\/\/fuentesfidedignas.com.mx\/#organization","name":"Fuentes Fidedignas","url":"https:\/\/fuentesfidedignas.com.mx\/","logo":{"@type":"ImageObject","inLanguage":"es","@id":"https:\/\/fuentesfidedignas.com.mx\/#\/schema\/logo\/image\/","url":"https:\/\/fuentesfidedignas.com.mx\/wp-content\/uploads\/2021\/04\/logo-retina.png","contentUrl":"https:\/\/fuentesfidedignas.com.mx\/wp-content\/uploads\/2021\/04\/logo-retina.png","width":280,"height":51,"caption":"Fuentes Fidedignas"},"image":{"@id":"https:\/\/fuentesfidedignas.com.mx\/#\/schema\/logo\/image\/"},"sameAs":["https:\/\/www.facebook.com\/Fuentes-Fidedignas-368234489921644","https:\/\/x.com\/fidedignas"]},{"@type":"Person","@id":"https:\/\/fuentesfidedignas.com.mx\/#\/schema\/person\/87eacee4072e149fccc7de67f9634f35","name":"La Jornada","image":{"@type":"ImageObject","inLanguage":"es","@id":"https:\/\/secure.gravatar.com\/avatar\/2b09f15a418e222775ffd645761e3fcecd1fb9d7a38a3ba858adf349aab82c7c?s=96&d=mm&r=g","url":"https:\/\/secure.gravatar.com\/avatar\/2b09f15a418e222775ffd645761e3fcecd1fb9d7a38a3ba858adf349aab82c7c?s=96&d=mm&r=g","contentUrl":"https:\/\/secure.gravatar.com\/avatar\/2b09f15a418e222775ffd645761e3fcecd1fb9d7a38a3ba858adf349aab82c7c?s=96&d=mm&r=g","caption":"La Jornada"},"url":"https:\/\/fuentesfidedignas.com.mx\/index.php\/author\/jornada\/"}]}},"_links":{"self":[{"href":"https:\/\/fuentesfidedignas.com.mx\/index.php\/wp-json\/wp\/v2\/posts\/132499","targetHints":{"allow":["GET"]}}],"collection":[{"href":"https:\/\/fuentesfidedignas.com.mx\/index.php\/wp-json\/wp\/v2\/posts"}],"about":[{"href":"https:\/\/fuentesfidedignas.com.mx\/index.php\/wp-json\/wp\/v2\/types\/post"}],"author":[{"embeddable":true,"href":"https:\/\/fuentesfidedignas.com.mx\/index.php\/wp-json\/wp\/v2\/users\/45"}],"replies":[{"embeddable":true,"href":"https:\/\/fuentesfidedignas.com.mx\/index.php\/wp-json\/wp\/v2\/comments?post=132499"}],"version-history":[{"count":2,"href":"https:\/\/fuentesfidedignas.com.mx\/index.php\/wp-json\/wp\/v2\/posts\/132499\/revisions"}],"predecessor-version":[{"id":132502,"href":"https:\/\/fuentesfidedignas.com.mx\/index.php\/wp-json\/wp\/v2\/posts\/132499\/revisions\/132502"}],"wp:featuredmedia":[{"embeddable":true,"href":"https:\/\/fuentesfidedignas.com.mx\/index.php\/wp-json\/wp\/v2\/media\/132500"}],"wp:attachment":[{"href":"https:\/\/fuentesfidedignas.com.mx\/index.php\/wp-json\/wp\/v2\/media?parent=132499"}],"wp:term":[{"taxonomy":"category","embeddable":true,"href":"https:\/\/fuentesfidedignas.com.mx\/index.php\/wp-json\/wp\/v2\/categories?post=132499"},{"taxonomy":"post_tag","embeddable":true,"href":"https:\/\/fuentesfidedignas.com.mx\/index.php\/wp-json\/wp\/v2\/tags?post=132499"}],"curies":[{"name":"wp","href":"https:\/\/api.w.org\/{rel}","templated":true}]}}