{"id":132496,"date":"2026-04-29T06:03:00","date_gmt":"2026-04-29T13:03:00","guid":{"rendered":"https:\/\/fuentesfidedignas.com.mx\/?p=132496"},"modified":"2026-04-29T06:47:08","modified_gmt":"2026-04-29T13:47:08","slug":"asesinan-a-agente-de-transito-en-culiacan-van-ocho-policias-ejecutados-en-ultimos-meses","status":"publish","type":"post","link":"https:\/\/fuentesfidedignas.com.mx\/index.php\/2026\/04\/29\/asesinan-a-agente-de-transito-en-culiacan-van-ocho-policias-ejecutados-en-ultimos-meses\/","title":{"rendered":"Asesinan a agente de tr\u00e1nsito en Culiac\u00e1n; van ocho polic\u00edas ejecutados en \u00faltimos meses"},"content":{"rendered":"\n<p><strong><em>El elemento, con 20 a\u00f1os de servicio, fue atacado a balazos mientras se trasladaba en su veh\u00edculo particular a la altura de Barrancos.<\/em><\/strong><\/p>\n\n\n\n<p>Un elemento de la Unidad de Vialidad y Tr\u00e1nsito Municipal fue asesinado a balazos, durante la tarde del martes 28 de abril, sobre el libramiento sur La Costerita, a la altura del sector Barrancos.<\/p>\n\n\n\n<p><strong>\u00bfQu\u00e9 fue lo que sucedi\u00f3?<\/strong><br>De acuerdo con informaci\u00f3n de la Secretar\u00eda de Seguridad P\u00fablica y Tr\u00e1nsito Municipal, la v\u00edctima fue identificada como \u00c9dgar Sa\u00fal &#8216;N&#8217;, de 45 a\u00f1os de edad, quien contaba con 20 a\u00f1os de servicio dentro de la corporaci\u00f3n.<\/p>\n\n\n\n<p>Los primeros reportes indican que el agente hab\u00eda concluido su jornada laboral y se desplazaba en un veh\u00edculo particular en direcci\u00f3n de poniente a oriente, cuando fue interceptado por sujetos armados que abrieron fuego en su contra.&nbsp;<\/p>\n\n\n\n<p>Tras el ataque, los presuntos agresores huyeron del lugar con rumbo desconocido. Al sitio acudieron param\u00e9dicos de Cruz Roja, quienes al valorar al elemento confirmaron que ya no presentaba signos vitales.<\/p>\n\n\n\n<p>Luego del atentado, se despleg\u00f3 un operativo coordinado entre corporaciones de los tres \u00f3rdenes de gobierno en busca de los responsables, sin que hasta el momento se reporten detenciones.<\/p>\n\n\n\n<p>La secretar\u00eda de Seguridad P\u00fablica y Tr\u00e1nsito Municipal lament\u00f3 el fallecimiento del agente y destac\u00f3 su trayectoria dentro de la instituci\u00f3n. Asimismo, inform\u00f3 que se brindar\u00e1 acompa\u00f1amiento y respaldo institucional a sus familiares, conforme a lo establecido en la ley.<\/p>\n\n\n\n<p><strong>Otros casos m\u00e1s de violencia en Sinaloa<\/strong><br>En los \u00faltimos meses, la violencia contra agentes de Tr\u00e1nsito Municipal en Culiac\u00e1n ha dejado al menos ocho v\u00edctimas, siendo el caso m\u00e1s reciente el de Edgar Sa\u00fal, de 46 a\u00f1os, asesinado el 28 de abril de 2026 en el Libramiento Benito Ju\u00e1rez, en el sector Barrancos. La lista incluye a mandos y elementos con amplia trayectoria, como:<\/p>\n\n\n\n<ol class=\"wp-block-list\">\n<li>Jorge Octavio, exsubdirector con 18 a\u00f1os de servicio, atacado en marzo de 2025<\/li>\n\n\n\n<li>Iv\u00e1n, de 43 a\u00f1os, ultimado en motocicleta<\/li>\n\n\n\n<li>La pareja de agentes Luis Alberto e Iris Irene, asesinados en octubre de 2025<\/li>\n\n\n\n<li>David, de 37 a\u00f1os, emboscado cuando iba a trabajar<\/li>\n\n\n\n<li>El director de Tr\u00e1nsito, Francisco Javier, con 32 a\u00f1os de servicio, ejecutado en enero de 2026<\/li>\n\n\n\n<li>El supervisor operativo Jes\u00fas Felipe, asesinado en abril de este a\u00f1o<\/li>\n<\/ol>\n","protected":false},"excerpt":{"rendered":"<p>El elemento, con 20 a\u00f1os de servicio, fue atacado a balazos mientras se trasladaba en su veh\u00edculo particular a la altura de Barrancos. Un elemento de la Unidad de Vialidad y Tr\u00e1nsito Municipal fue asesinado a balazos, durante la tarde del martes 28 de abril, sobre el libramiento sur La Costerita, a la altura del [&hellip;]<\/p>\n","protected":false},"author":9,"featured_media":132497,"comment_status":"open","ping_status":"open","sticky":false,"template":"","format":"standard","meta":{"tdm_status":"","tdm_grid_status":"","footnotes":""},"categories":[37],"tags":[],"class_list":{"0":"post-132496","1":"post","2":"type-post","3":"status-publish","4":"format-standard","5":"has-post-thumbnail","7":"category-nota-principal"},"yoast_head":"<!-- This site is optimized with the Yoast SEO plugin v27.5 - https:\/\/yoast.com\/product\/yoast-seo-wordpress\/ -->\n<title>Asesinan a agente de tr\u00e1nsito en Culiac\u00e1n; van ocho polic\u00edas ejecutados en \u00faltimos meses - Fuentes Fidedignas<\/title>\n<meta name=\"robots\" content=\"index, follow, max-snippet:-1, max-image-preview:large, max-video-preview:-1\" \/>\n<link rel=\"canonical\" href=\"https:\/\/fuentesfidedignas.com.mx\/index.php\/2026\/04\/29\/asesinan-a-agente-de-transito-en-culiacan-van-ocho-policias-ejecutados-en-ultimos-meses\/\" \/>\n<meta property=\"og:locale\" content=\"es_MX\" \/>\n<meta property=\"og:type\" content=\"article\" \/>\n<meta property=\"og:title\" content=\"Asesinan a agente de tr\u00e1nsito en Culiac\u00e1n; van ocho polic\u00edas ejecutados en \u00faltimos meses - Fuentes Fidedignas\" \/>\n<meta property=\"og:description\" content=\"El elemento, con 20 a\u00f1os de servicio, fue atacado a balazos mientras se trasladaba en su veh\u00edculo particular a la altura de Barrancos. Un elemento de la Unidad de Vialidad y Tr\u00e1nsito Municipal fue asesinado a balazos, durante la tarde del martes 28 de abril, sobre el libramiento sur La Costerita, a la altura del [&hellip;]\" \/>\n<meta property=\"og:url\" content=\"https:\/\/fuentesfidedignas.com.mx\/index.php\/2026\/04\/29\/asesinan-a-agente-de-transito-en-culiacan-van-ocho-policias-ejecutados-en-ultimos-meses\/\" \/>\n<meta property=\"og:site_name\" content=\"Fuentes Fidedignas\" \/>\n<meta property=\"article:publisher\" content=\"https:\/\/www.facebook.com\/Fuentes-Fidedignas-368234489921644\" \/>\n<meta property=\"article:published_time\" content=\"2026-04-29T13:03:00+00:00\" \/>\n<meta property=\"article:modified_time\" content=\"2026-04-29T13:47:08+00:00\" \/>\n<meta property=\"og:image\" content=\"https:\/\/fuentesfidedignas.com.mx\/wp-content\/uploads\/2026\/04\/asesinato_policia.jpg\" \/>\n\t<meta property=\"og:image:width\" content=\"500\" \/>\n\t<meta property=\"og:image:height\" content=\"282\" \/>\n\t<meta property=\"og:image:type\" content=\"image\/jpeg\" \/>\n<meta name=\"author\" content=\"Milenio\" \/>\n<meta name=\"twitter:card\" content=\"summary_large_image\" \/>\n<meta name=\"twitter:creator\" content=\"@fidedignas\" \/>\n<meta name=\"twitter:site\" content=\"@fidedignas\" \/>\n<meta name=\"twitter:label1\" content=\"Escrito por\" \/>\n\t<meta name=\"twitter:data1\" content=\"Milenio\" \/>\n\t<meta name=\"twitter:label2\" content=\"Tiempo de lectura\" \/>\n\t<meta name=\"twitter:data2\" content=\"2 minutos\" \/>\n<script type=\"application\/ld+json\" class=\"yoast-schema-graph\">{\"@context\":\"https:\\\/\\\/schema.org\",\"@graph\":[{\"@type\":\"Article\",\"@id\":\"https:\\\/\\\/fuentesfidedignas.com.mx\\\/index.php\\\/2026\\\/04\\\/29\\\/asesinan-a-agente-de-transito-en-culiacan-van-ocho-policias-ejecutados-en-ultimos-meses\\\/#article\",\"isPartOf\":{\"@id\":\"https:\\\/\\\/fuentesfidedignas.com.mx\\\/index.php\\\/2026\\\/04\\\/29\\\/asesinan-a-agente-de-transito-en-culiacan-van-ocho-policias-ejecutados-en-ultimos-meses\\\/\"},\"author\":{\"name\":\"Milenio\",\"@id\":\"https:\\\/\\\/fuentesfidedignas.com.mx\\\/#\\\/schema\\\/person\\\/47ec0135738f4b0c7495f06a77a2c976\"},\"headline\":\"Asesinan a agente de tr\u00e1nsito en Culiac\u00e1n; van ocho polic\u00edas ejecutados en \u00faltimos meses\",\"datePublished\":\"2026-04-29T13:03:00+00:00\",\"dateModified\":\"2026-04-29T13:47:08+00:00\",\"mainEntityOfPage\":{\"@id\":\"https:\\\/\\\/fuentesfidedignas.com.mx\\\/index.php\\\/2026\\\/04\\\/29\\\/asesinan-a-agente-de-transito-en-culiacan-van-ocho-policias-ejecutados-en-ultimos-meses\\\/\"},\"wordCount\":412,\"commentCount\":0,\"publisher\":{\"@id\":\"https:\\\/\\\/fuentesfidedignas.com.mx\\\/#organization\"},\"image\":{\"@id\":\"https:\\\/\\\/fuentesfidedignas.com.mx\\\/index.php\\\/2026\\\/04\\\/29\\\/asesinan-a-agente-de-transito-en-culiacan-van-ocho-policias-ejecutados-en-ultimos-meses\\\/#primaryimage\"},\"thumbnailUrl\":\"https:\\\/\\\/fuentesfidedignas.com.mx\\\/wp-content\\\/uploads\\\/2026\\\/04\\\/asesinato_policia.jpg\",\"articleSection\":[\"NOTA PRINCIPAL\"],\"inLanguage\":\"es\",\"potentialAction\":[{\"@type\":\"CommentAction\",\"name\":\"Comment\",\"target\":[\"https:\\\/\\\/fuentesfidedignas.com.mx\\\/index.php\\\/2026\\\/04\\\/29\\\/asesinan-a-agente-de-transito-en-culiacan-van-ocho-policias-ejecutados-en-ultimos-meses\\\/#respond\"]}]},{\"@type\":\"WebPage\",\"@id\":\"https:\\\/\\\/fuentesfidedignas.com.mx\\\/index.php\\\/2026\\\/04\\\/29\\\/asesinan-a-agente-de-transito-en-culiacan-van-ocho-policias-ejecutados-en-ultimos-meses\\\/\",\"url\":\"https:\\\/\\\/fuentesfidedignas.com.mx\\\/index.php\\\/2026\\\/04\\\/29\\\/asesinan-a-agente-de-transito-en-culiacan-van-ocho-policias-ejecutados-en-ultimos-meses\\\/\",\"name\":\"Asesinan a agente de tr\u00e1nsito en Culiac\u00e1n; van ocho polic\u00edas ejecutados en \u00faltimos meses - Fuentes Fidedignas\",\"isPartOf\":{\"@id\":\"https:\\\/\\\/fuentesfidedignas.com.mx\\\/#website\"},\"primaryImageOfPage\":{\"@id\":\"https:\\\/\\\/fuentesfidedignas.com.mx\\\/index.php\\\/2026\\\/04\\\/29\\\/asesinan-a-agente-de-transito-en-culiacan-van-ocho-policias-ejecutados-en-ultimos-meses\\\/#primaryimage\"},\"image\":{\"@id\":\"https:\\\/\\\/fuentesfidedignas.com.mx\\\/index.php\\\/2026\\\/04\\\/29\\\/asesinan-a-agente-de-transito-en-culiacan-van-ocho-policias-ejecutados-en-ultimos-meses\\\/#primaryimage\"},\"thumbnailUrl\":\"https:\\\/\\\/fuentesfidedignas.com.mx\\\/wp-content\\\/uploads\\\/2026\\\/04\\\/asesinato_policia.jpg\",\"datePublished\":\"2026-04-29T13:03:00+00:00\",\"dateModified\":\"2026-04-29T13:47:08+00:00\",\"breadcrumb\":{\"@id\":\"https:\\\/\\\/fuentesfidedignas.com.mx\\\/index.php\\\/2026\\\/04\\\/29\\\/asesinan-a-agente-de-transito-en-culiacan-van-ocho-policias-ejecutados-en-ultimos-meses\\\/#breadcrumb\"},\"inLanguage\":\"es\",\"potentialAction\":[{\"@type\":\"ReadAction\",\"target\":[\"https:\\\/\\\/fuentesfidedignas.com.mx\\\/index.php\\\/2026\\\/04\\\/29\\\/asesinan-a-agente-de-transito-en-culiacan-van-ocho-policias-ejecutados-en-ultimos-meses\\\/\"]}]},{\"@type\":\"ImageObject\",\"inLanguage\":\"es\",\"@id\":\"https:\\\/\\\/fuentesfidedignas.com.mx\\\/index.php\\\/2026\\\/04\\\/29\\\/asesinan-a-agente-de-transito-en-culiacan-van-ocho-policias-ejecutados-en-ultimos-meses\\\/#primaryimage\",\"url\":\"https:\\\/\\\/fuentesfidedignas.com.mx\\\/wp-content\\\/uploads\\\/2026\\\/04\\\/asesinato_policia.jpg\",\"contentUrl\":\"https:\\\/\\\/fuentesfidedignas.com.mx\\\/wp-content\\\/uploads\\\/2026\\\/04\\\/asesinato_policia.jpg\",\"width\":500,\"height\":282},{\"@type\":\"BreadcrumbList\",\"@id\":\"https:\\\/\\\/fuentesfidedignas.com.mx\\\/index.php\\\/2026\\\/04\\\/29\\\/asesinan-a-agente-de-transito-en-culiacan-van-ocho-policias-ejecutados-en-ultimos-meses\\\/#breadcrumb\",\"itemListElement\":[{\"@type\":\"ListItem\",\"position\":1,\"name\":\"Inicio\",\"item\":\"https:\\\/\\\/fuentesfidedignas.com.mx\\\/\"},{\"@type\":\"ListItem\",\"position\":2,\"name\":\"Asesinan a agente de tr\u00e1nsito en Culiac\u00e1n; van ocho polic\u00edas ejecutados en \u00faltimos meses\"}]},{\"@type\":\"WebSite\",\"@id\":\"https:\\\/\\\/fuentesfidedignas.com.mx\\\/#website\",\"url\":\"https:\\\/\\\/fuentesfidedignas.com.mx\\\/\",\"name\":\"Fuentes Fidedignas\",\"description\":\"Otro sitio realizado con WordPress\",\"publisher\":{\"@id\":\"https:\\\/\\\/fuentesfidedignas.com.mx\\\/#organization\"},\"potentialAction\":[{\"@type\":\"SearchAction\",\"target\":{\"@type\":\"EntryPoint\",\"urlTemplate\":\"https:\\\/\\\/fuentesfidedignas.com.mx\\\/?s={search_term_string}\"},\"query-input\":{\"@type\":\"PropertyValueSpecification\",\"valueRequired\":true,\"valueName\":\"search_term_string\"}}],\"inLanguage\":\"es\"},{\"@type\":\"Organization\",\"@id\":\"https:\\\/\\\/fuentesfidedignas.com.mx\\\/#organization\",\"name\":\"Fuentes Fidedignas\",\"url\":\"https:\\\/\\\/fuentesfidedignas.com.mx\\\/\",\"logo\":{\"@type\":\"ImageObject\",\"inLanguage\":\"es\",\"@id\":\"https:\\\/\\\/fuentesfidedignas.com.mx\\\/#\\\/schema\\\/logo\\\/image\\\/\",\"url\":\"https:\\\/\\\/fuentesfidedignas.com.mx\\\/wp-content\\\/uploads\\\/2021\\\/04\\\/logo-retina.png\",\"contentUrl\":\"https:\\\/\\\/fuentesfidedignas.com.mx\\\/wp-content\\\/uploads\\\/2021\\\/04\\\/logo-retina.png\",\"width\":280,\"height\":51,\"caption\":\"Fuentes Fidedignas\"},\"image\":{\"@id\":\"https:\\\/\\\/fuentesfidedignas.com.mx\\\/#\\\/schema\\\/logo\\\/image\\\/\"},\"sameAs\":[\"https:\\\/\\\/www.facebook.com\\\/Fuentes-Fidedignas-368234489921644\",\"https:\\\/\\\/x.com\\\/fidedignas\"]},{\"@type\":\"Person\",\"@id\":\"https:\\\/\\\/fuentesfidedignas.com.mx\\\/#\\\/schema\\\/person\\\/47ec0135738f4b0c7495f06a77a2c976\",\"name\":\"Milenio\",\"image\":{\"@type\":\"ImageObject\",\"inLanguage\":\"es\",\"@id\":\"https:\\\/\\\/secure.gravatar.com\\\/avatar\\\/acabf7b54753e51c2c76457954577c236b3b764789b19879565769739d1e4a75?s=96&d=mm&r=g\",\"url\":\"https:\\\/\\\/secure.gravatar.com\\\/avatar\\\/acabf7b54753e51c2c76457954577c236b3b764789b19879565769739d1e4a75?s=96&d=mm&r=g\",\"contentUrl\":\"https:\\\/\\\/secure.gravatar.com\\\/avatar\\\/acabf7b54753e51c2c76457954577c236b3b764789b19879565769739d1e4a75?s=96&d=mm&r=g\",\"caption\":\"Milenio\"},\"url\":\"https:\\\/\\\/fuentesfidedignas.com.mx\\\/index.php\\\/author\\\/milenio\\\/\"}]}<\/script>\n<!-- \/ Yoast SEO plugin. -->","yoast_head_json":{"title":"Asesinan a agente de tr\u00e1nsito en Culiac\u00e1n; van ocho polic\u00edas ejecutados en \u00faltimos meses - Fuentes Fidedignas","robots":{"index":"index","follow":"follow","max-snippet":"max-snippet:-1","max-image-preview":"max-image-preview:large","max-video-preview":"max-video-preview:-1"},"canonical":"https:\/\/fuentesfidedignas.com.mx\/index.php\/2026\/04\/29\/asesinan-a-agente-de-transito-en-culiacan-van-ocho-policias-ejecutados-en-ultimos-meses\/","og_locale":"es_MX","og_type":"article","og_title":"Asesinan a agente de tr\u00e1nsito en Culiac\u00e1n; van ocho polic\u00edas ejecutados en \u00faltimos meses - Fuentes Fidedignas","og_description":"El elemento, con 20 a\u00f1os de servicio, fue atacado a balazos mientras se trasladaba en su veh\u00edculo particular a la altura de Barrancos. Un elemento de la Unidad de Vialidad y Tr\u00e1nsito Municipal fue asesinado a balazos, durante la tarde del martes 28 de abril, sobre el libramiento sur La Costerita, a la altura del [&hellip;]","og_url":"https:\/\/fuentesfidedignas.com.mx\/index.php\/2026\/04\/29\/asesinan-a-agente-de-transito-en-culiacan-van-ocho-policias-ejecutados-en-ultimos-meses\/","og_site_name":"Fuentes Fidedignas","article_publisher":"https:\/\/www.facebook.com\/Fuentes-Fidedignas-368234489921644","article_published_time":"2026-04-29T13:03:00+00:00","article_modified_time":"2026-04-29T13:47:08+00:00","og_image":[{"width":500,"height":282,"url":"https:\/\/fuentesfidedignas.com.mx\/wp-content\/uploads\/2026\/04\/asesinato_policia.jpg","type":"image\/jpeg"}],"author":"Milenio","twitter_card":"summary_large_image","twitter_creator":"@fidedignas","twitter_site":"@fidedignas","twitter_misc":{"Escrito por":"Milenio","Tiempo de lectura":"2 minutos"},"schema":{"@context":"https:\/\/schema.org","@graph":[{"@type":"Article","@id":"https:\/\/fuentesfidedignas.com.mx\/index.php\/2026\/04\/29\/asesinan-a-agente-de-transito-en-culiacan-van-ocho-policias-ejecutados-en-ultimos-meses\/#article","isPartOf":{"@id":"https:\/\/fuentesfidedignas.com.mx\/index.php\/2026\/04\/29\/asesinan-a-agente-de-transito-en-culiacan-van-ocho-policias-ejecutados-en-ultimos-meses\/"},"author":{"name":"Milenio","@id":"https:\/\/fuentesfidedignas.com.mx\/#\/schema\/person\/47ec0135738f4b0c7495f06a77a2c976"},"headline":"Asesinan a agente de tr\u00e1nsito en Culiac\u00e1n; van ocho polic\u00edas ejecutados en \u00faltimos meses","datePublished":"2026-04-29T13:03:00+00:00","dateModified":"2026-04-29T13:47:08+00:00","mainEntityOfPage":{"@id":"https:\/\/fuentesfidedignas.com.mx\/index.php\/2026\/04\/29\/asesinan-a-agente-de-transito-en-culiacan-van-ocho-policias-ejecutados-en-ultimos-meses\/"},"wordCount":412,"commentCount":0,"publisher":{"@id":"https:\/\/fuentesfidedignas.com.mx\/#organization"},"image":{"@id":"https:\/\/fuentesfidedignas.com.mx\/index.php\/2026\/04\/29\/asesinan-a-agente-de-transito-en-culiacan-van-ocho-policias-ejecutados-en-ultimos-meses\/#primaryimage"},"thumbnailUrl":"https:\/\/fuentesfidedignas.com.mx\/wp-content\/uploads\/2026\/04\/asesinato_policia.jpg","articleSection":["NOTA PRINCIPAL"],"inLanguage":"es","potentialAction":[{"@type":"CommentAction","name":"Comment","target":["https:\/\/fuentesfidedignas.com.mx\/index.php\/2026\/04\/29\/asesinan-a-agente-de-transito-en-culiacan-van-ocho-policias-ejecutados-en-ultimos-meses\/#respond"]}]},{"@type":"WebPage","@id":"https:\/\/fuentesfidedignas.com.mx\/index.php\/2026\/04\/29\/asesinan-a-agente-de-transito-en-culiacan-van-ocho-policias-ejecutados-en-ultimos-meses\/","url":"https:\/\/fuentesfidedignas.com.mx\/index.php\/2026\/04\/29\/asesinan-a-agente-de-transito-en-culiacan-van-ocho-policias-ejecutados-en-ultimos-meses\/","name":"Asesinan a agente de tr\u00e1nsito en Culiac\u00e1n; van ocho polic\u00edas ejecutados en \u00faltimos meses - Fuentes Fidedignas","isPartOf":{"@id":"https:\/\/fuentesfidedignas.com.mx\/#website"},"primaryImageOfPage":{"@id":"https:\/\/fuentesfidedignas.com.mx\/index.php\/2026\/04\/29\/asesinan-a-agente-de-transito-en-culiacan-van-ocho-policias-ejecutados-en-ultimos-meses\/#primaryimage"},"image":{"@id":"https:\/\/fuentesfidedignas.com.mx\/index.php\/2026\/04\/29\/asesinan-a-agente-de-transito-en-culiacan-van-ocho-policias-ejecutados-en-ultimos-meses\/#primaryimage"},"thumbnailUrl":"https:\/\/fuentesfidedignas.com.mx\/wp-content\/uploads\/2026\/04\/asesinato_policia.jpg","datePublished":"2026-04-29T13:03:00+00:00","dateModified":"2026-04-29T13:47:08+00:00","breadcrumb":{"@id":"https:\/\/fuentesfidedignas.com.mx\/index.php\/2026\/04\/29\/asesinan-a-agente-de-transito-en-culiacan-van-ocho-policias-ejecutados-en-ultimos-meses\/#breadcrumb"},"inLanguage":"es","potentialAction":[{"@type":"ReadAction","target":["https:\/\/fuentesfidedignas.com.mx\/index.php\/2026\/04\/29\/asesinan-a-agente-de-transito-en-culiacan-van-ocho-policias-ejecutados-en-ultimos-meses\/"]}]},{"@type":"ImageObject","inLanguage":"es","@id":"https:\/\/fuentesfidedignas.com.mx\/index.php\/2026\/04\/29\/asesinan-a-agente-de-transito-en-culiacan-van-ocho-policias-ejecutados-en-ultimos-meses\/#primaryimage","url":"https:\/\/fuentesfidedignas.com.mx\/wp-content\/uploads\/2026\/04\/asesinato_policia.jpg","contentUrl":"https:\/\/fuentesfidedignas.com.mx\/wp-content\/uploads\/2026\/04\/asesinato_policia.jpg","width":500,"height":282},{"@type":"BreadcrumbList","@id":"https:\/\/fuentesfidedignas.com.mx\/index.php\/2026\/04\/29\/asesinan-a-agente-de-transito-en-culiacan-van-ocho-policias-ejecutados-en-ultimos-meses\/#breadcrumb","itemListElement":[{"@type":"ListItem","position":1,"name":"Inicio","item":"https:\/\/fuentesfidedignas.com.mx\/"},{"@type":"ListItem","position":2,"name":"Asesinan a agente de tr\u00e1nsito en Culiac\u00e1n; van ocho polic\u00edas ejecutados en \u00faltimos meses"}]},{"@type":"WebSite","@id":"https:\/\/fuentesfidedignas.com.mx\/#website","url":"https:\/\/fuentesfidedignas.com.mx\/","name":"Fuentes Fidedignas","description":"Otro sitio realizado con WordPress","publisher":{"@id":"https:\/\/fuentesfidedignas.com.mx\/#organization"},"potentialAction":[{"@type":"SearchAction","target":{"@type":"EntryPoint","urlTemplate":"https:\/\/fuentesfidedignas.com.mx\/?s={search_term_string}"},"query-input":{"@type":"PropertyValueSpecification","valueRequired":true,"valueName":"search_term_string"}}],"inLanguage":"es"},{"@type":"Organization","@id":"https:\/\/fuentesfidedignas.com.mx\/#organization","name":"Fuentes Fidedignas","url":"https:\/\/fuentesfidedignas.com.mx\/","logo":{"@type":"ImageObject","inLanguage":"es","@id":"https:\/\/fuentesfidedignas.com.mx\/#\/schema\/logo\/image\/","url":"https:\/\/fuentesfidedignas.com.mx\/wp-content\/uploads\/2021\/04\/logo-retina.png","contentUrl":"https:\/\/fuentesfidedignas.com.mx\/wp-content\/uploads\/2021\/04\/logo-retina.png","width":280,"height":51,"caption":"Fuentes Fidedignas"},"image":{"@id":"https:\/\/fuentesfidedignas.com.mx\/#\/schema\/logo\/image\/"},"sameAs":["https:\/\/www.facebook.com\/Fuentes-Fidedignas-368234489921644","https:\/\/x.com\/fidedignas"]},{"@type":"Person","@id":"https:\/\/fuentesfidedignas.com.mx\/#\/schema\/person\/47ec0135738f4b0c7495f06a77a2c976","name":"Milenio","image":{"@type":"ImageObject","inLanguage":"es","@id":"https:\/\/secure.gravatar.com\/avatar\/acabf7b54753e51c2c76457954577c236b3b764789b19879565769739d1e4a75?s=96&d=mm&r=g","url":"https:\/\/secure.gravatar.com\/avatar\/acabf7b54753e51c2c76457954577c236b3b764789b19879565769739d1e4a75?s=96&d=mm&r=g","contentUrl":"https:\/\/secure.gravatar.com\/avatar\/acabf7b54753e51c2c76457954577c236b3b764789b19879565769739d1e4a75?s=96&d=mm&r=g","caption":"Milenio"},"url":"https:\/\/fuentesfidedignas.com.mx\/index.php\/author\/milenio\/"}]}},"_links":{"self":[{"href":"https:\/\/fuentesfidedignas.com.mx\/index.php\/wp-json\/wp\/v2\/posts\/132496","targetHints":{"allow":["GET"]}}],"collection":[{"href":"https:\/\/fuentesfidedignas.com.mx\/index.php\/wp-json\/wp\/v2\/posts"}],"about":[{"href":"https:\/\/fuentesfidedignas.com.mx\/index.php\/wp-json\/wp\/v2\/types\/post"}],"author":[{"embeddable":true,"href":"https:\/\/fuentesfidedignas.com.mx\/index.php\/wp-json\/wp\/v2\/users\/9"}],"replies":[{"embeddable":true,"href":"https:\/\/fuentesfidedignas.com.mx\/index.php\/wp-json\/wp\/v2\/comments?post=132496"}],"version-history":[{"count":1,"href":"https:\/\/fuentesfidedignas.com.mx\/index.php\/wp-json\/wp\/v2\/posts\/132496\/revisions"}],"predecessor-version":[{"id":132498,"href":"https:\/\/fuentesfidedignas.com.mx\/index.php\/wp-json\/wp\/v2\/posts\/132496\/revisions\/132498"}],"wp:featuredmedia":[{"embeddable":true,"href":"https:\/\/fuentesfidedignas.com.mx\/index.php\/wp-json\/wp\/v2\/media\/132497"}],"wp:attachment":[{"href":"https:\/\/fuentesfidedignas.com.mx\/index.php\/wp-json\/wp\/v2\/media?parent=132496"}],"wp:term":[{"taxonomy":"category","embeddable":true,"href":"https:\/\/fuentesfidedignas.com.mx\/index.php\/wp-json\/wp\/v2\/categories?post=132496"},{"taxonomy":"post_tag","embeddable":true,"href":"https:\/\/fuentesfidedignas.com.mx\/index.php\/wp-json\/wp\/v2\/tags?post=132496"}],"curies":[{"name":"wp","href":"https:\/\/api.w.org\/{rel}","templated":true}]}}