{"id":132487,"date":"2026-04-29T06:17:31","date_gmt":"2026-04-29T13:17:31","guid":{"rendered":"https:\/\/fuentesfidedignas.com.mx\/?p=132487"},"modified":"2026-04-29T06:17:35","modified_gmt":"2026-04-29T13:17:35","slug":"suman-esfuerzos-uas-y-la-iniciativa-privada-para-tecnificar-el-campo-sinaloense-y-optimizar-cultivos","status":"publish","type":"post","link":"https:\/\/fuentesfidedignas.com.mx\/index.php\/2026\/04\/29\/suman-esfuerzos-uas-y-la-iniciativa-privada-para-tecnificar-el-campo-sinaloense-y-optimizar-cultivos\/","title":{"rendered":"Suman esfuerzos UAS y la iniciativa privada para tecnificar el campo sinaloense y optimizar cultivos"},"content":{"rendered":"\n<p><strong><em>Se destac\u00f3 la importancia de concientizar a las generaciones actuales sobre los drones, ya que muchos productores a\u00fan desconocen el tema o consideran que son equipos costosos y dif\u00edciles de operar, cuando en realidad es todo lo contrario<\/em><\/strong>.<\/p>\n\n\n\n<p>Como parte de las innovaciones tecnol\u00f3gicas implementadas en el campo agr\u00edcola, destaca la utilizaci\u00f3n de drones para la fumigaci\u00f3n de cultivos. En este contexto, la Universidad Aut\u00f3noma de Sinaloa (UAS), el Comit\u00e9 Estatal de Sanidad Vegetal del Estado de Sinaloa (CESAVESIN) y la empresa desarrolladora de drones DJI, realizaron el Primer Congreso Sobre el Uso de Drones en la Agricultura.<\/p>\n\n\n\n<p>Durante el evento, del cual la Casa Rosalina fue sede, se cont\u00f3 con la presencia del gerente comercial del noroeste de DJI, Rodolfo Corona Caltenco, quien se\u00f1al\u00f3 la relevancia de este encuentro en una entidad bendecida por la naturaleza y con extensos campos agr\u00edcolas que ya emplean esta tecnolog\u00eda.<\/p>\n\n\n\n<p>\u201cHemos creado una sinergia muy importante entre el gobierno, a trav\u00e9s de CESAVESIN; la academia, mediante la UAS; y la iniciativa privada, con DJI. Se ha establecido un lazo colaborativo para formar a los futuros profesionales del campo sinaloense con las nuevas tecnolog\u00edas y desarrollos que beneficiar\u00e1n la producci\u00f3n agr\u00edcola\u201d, refiri\u00f3.<\/p>\n\n\n\n<p>En ese sentido, Corona Caltenco felicit\u00f3 a la m\u00e1xima casa de estudios sinaloense por su labor formativa, as\u00ed como al CESAVESIN por ser pionero en la implementaci\u00f3n tecnol\u00f3gica. Asimismo, destac\u00f3 la importancia de concientizar a las generaciones actuales sobre estas herramientas, ya que muchos productores a\u00fan desconocen el tema o consideran que los drones son equipos costosos y dif\u00edciles de operar, cuando en realidad es todo lo contrario.<\/p>\n","protected":false},"excerpt":{"rendered":"<p>Se destac\u00f3 la importancia de concientizar a las generaciones actuales sobre los drones, ya que muchos productores a\u00fan desconocen el tema o consideran que son equipos costosos y dif\u00edciles de operar, cuando en realidad es todo lo contrario. Como parte de las innovaciones tecnol\u00f3gicas implementadas en el campo agr\u00edcola, destaca la utilizaci\u00f3n de drones para [&hellip;]<\/p>\n","protected":false},"author":4,"featured_media":132488,"comment_status":"open","ping_status":"open","sticky":false,"template":"","format":"standard","meta":{"tdm_status":"","tdm_grid_status":"","footnotes":""},"categories":[38],"tags":[],"class_list":{"0":"post-132487","1":"post","2":"type-post","3":"status-publish","4":"format-standard","5":"has-post-thumbnail","7":"category-noticias-locales"},"yoast_head":"<!-- This site is optimized with the Yoast SEO plugin v27.5 - https:\/\/yoast.com\/product\/yoast-seo-wordpress\/ -->\n<title>Suman esfuerzos UAS y la iniciativa privada para tecnificar el campo sinaloense y optimizar cultivos - Fuentes Fidedignas<\/title>\n<meta name=\"robots\" content=\"index, follow, max-snippet:-1, max-image-preview:large, max-video-preview:-1\" \/>\n<link rel=\"canonical\" href=\"https:\/\/fuentesfidedignas.com.mx\/index.php\/2026\/04\/29\/suman-esfuerzos-uas-y-la-iniciativa-privada-para-tecnificar-el-campo-sinaloense-y-optimizar-cultivos\/\" \/>\n<meta property=\"og:locale\" content=\"es_MX\" \/>\n<meta property=\"og:type\" content=\"article\" \/>\n<meta property=\"og:title\" content=\"Suman esfuerzos UAS y la iniciativa privada para tecnificar el campo sinaloense y optimizar cultivos - Fuentes Fidedignas\" \/>\n<meta property=\"og:description\" content=\"Se destac\u00f3 la importancia de concientizar a las generaciones actuales sobre los drones, ya que muchos productores a\u00fan desconocen el tema o consideran que son equipos costosos y dif\u00edciles de operar, cuando en realidad es todo lo contrario. Como parte de las innovaciones tecnol\u00f3gicas implementadas en el campo agr\u00edcola, destaca la utilizaci\u00f3n de drones para [&hellip;]\" \/>\n<meta property=\"og:url\" content=\"https:\/\/fuentesfidedignas.com.mx\/index.php\/2026\/04\/29\/suman-esfuerzos-uas-y-la-iniciativa-privada-para-tecnificar-el-campo-sinaloense-y-optimizar-cultivos\/\" \/>\n<meta property=\"og:site_name\" content=\"Fuentes Fidedignas\" \/>\n<meta property=\"article:publisher\" content=\"https:\/\/www.facebook.com\/Fuentes-Fidedignas-368234489921644\" \/>\n<meta property=\"article:published_time\" content=\"2026-04-29T13:17:31+00:00\" \/>\n<meta property=\"article:modified_time\" content=\"2026-04-29T13:17:35+00:00\" \/>\n<meta property=\"og:image\" content=\"https:\/\/fuentesfidedignas.com.mx\/wp-content\/uploads\/2026\/04\/UAS-Drones-3.jpeg\" \/>\n\t<meta property=\"og:image:width\" content=\"500\" \/>\n\t<meta property=\"og:image:height\" content=\"334\" \/>\n\t<meta property=\"og:image:type\" content=\"image\/jpeg\" \/>\n<meta name=\"author\" content=\"Redacci\u00f3n\" \/>\n<meta name=\"twitter:card\" content=\"summary_large_image\" \/>\n<meta name=\"twitter:creator\" content=\"@fidedignas\" \/>\n<meta name=\"twitter:site\" content=\"@fidedignas\" \/>\n<meta name=\"twitter:label1\" content=\"Escrito por\" \/>\n\t<meta name=\"twitter:data1\" content=\"Redacci\u00f3n\" \/>\n\t<meta name=\"twitter:label2\" content=\"Tiempo de lectura\" \/>\n\t<meta name=\"twitter:data2\" content=\"2 minutos\" \/>\n<script type=\"application\/ld+json\" class=\"yoast-schema-graph\">{\"@context\":\"https:\\\/\\\/schema.org\",\"@graph\":[{\"@type\":\"Article\",\"@id\":\"https:\\\/\\\/fuentesfidedignas.com.mx\\\/index.php\\\/2026\\\/04\\\/29\\\/suman-esfuerzos-uas-y-la-iniciativa-privada-para-tecnificar-el-campo-sinaloense-y-optimizar-cultivos\\\/#article\",\"isPartOf\":{\"@id\":\"https:\\\/\\\/fuentesfidedignas.com.mx\\\/index.php\\\/2026\\\/04\\\/29\\\/suman-esfuerzos-uas-y-la-iniciativa-privada-para-tecnificar-el-campo-sinaloense-y-optimizar-cultivos\\\/\"},\"author\":{\"name\":\"Redacci\u00f3n\",\"@id\":\"https:\\\/\\\/fuentesfidedignas.com.mx\\\/#\\\/schema\\\/person\\\/331be9283d37198e2acd5750279085b0\"},\"headline\":\"Suman esfuerzos UAS y la iniciativa privada para tecnificar el campo sinaloense y optimizar cultivos\",\"datePublished\":\"2026-04-29T13:17:31+00:00\",\"dateModified\":\"2026-04-29T13:17:35+00:00\",\"mainEntityOfPage\":{\"@id\":\"https:\\\/\\\/fuentesfidedignas.com.mx\\\/index.php\\\/2026\\\/04\\\/29\\\/suman-esfuerzos-uas-y-la-iniciativa-privada-para-tecnificar-el-campo-sinaloense-y-optimizar-cultivos\\\/\"},\"wordCount\":301,\"commentCount\":0,\"publisher\":{\"@id\":\"https:\\\/\\\/fuentesfidedignas.com.mx\\\/#organization\"},\"image\":{\"@id\":\"https:\\\/\\\/fuentesfidedignas.com.mx\\\/index.php\\\/2026\\\/04\\\/29\\\/suman-esfuerzos-uas-y-la-iniciativa-privada-para-tecnificar-el-campo-sinaloense-y-optimizar-cultivos\\\/#primaryimage\"},\"thumbnailUrl\":\"https:\\\/\\\/fuentesfidedignas.com.mx\\\/wp-content\\\/uploads\\\/2026\\\/04\\\/UAS-Drones-3.jpeg\",\"articleSection\":[\"NOTICIAS LOCALES\"],\"inLanguage\":\"es\",\"potentialAction\":[{\"@type\":\"CommentAction\",\"name\":\"Comment\",\"target\":[\"https:\\\/\\\/fuentesfidedignas.com.mx\\\/index.php\\\/2026\\\/04\\\/29\\\/suman-esfuerzos-uas-y-la-iniciativa-privada-para-tecnificar-el-campo-sinaloense-y-optimizar-cultivos\\\/#respond\"]}]},{\"@type\":\"WebPage\",\"@id\":\"https:\\\/\\\/fuentesfidedignas.com.mx\\\/index.php\\\/2026\\\/04\\\/29\\\/suman-esfuerzos-uas-y-la-iniciativa-privada-para-tecnificar-el-campo-sinaloense-y-optimizar-cultivos\\\/\",\"url\":\"https:\\\/\\\/fuentesfidedignas.com.mx\\\/index.php\\\/2026\\\/04\\\/29\\\/suman-esfuerzos-uas-y-la-iniciativa-privada-para-tecnificar-el-campo-sinaloense-y-optimizar-cultivos\\\/\",\"name\":\"Suman esfuerzos UAS y la iniciativa privada para tecnificar el campo sinaloense y optimizar cultivos - Fuentes Fidedignas\",\"isPartOf\":{\"@id\":\"https:\\\/\\\/fuentesfidedignas.com.mx\\\/#website\"},\"primaryImageOfPage\":{\"@id\":\"https:\\\/\\\/fuentesfidedignas.com.mx\\\/index.php\\\/2026\\\/04\\\/29\\\/suman-esfuerzos-uas-y-la-iniciativa-privada-para-tecnificar-el-campo-sinaloense-y-optimizar-cultivos\\\/#primaryimage\"},\"image\":{\"@id\":\"https:\\\/\\\/fuentesfidedignas.com.mx\\\/index.php\\\/2026\\\/04\\\/29\\\/suman-esfuerzos-uas-y-la-iniciativa-privada-para-tecnificar-el-campo-sinaloense-y-optimizar-cultivos\\\/#primaryimage\"},\"thumbnailUrl\":\"https:\\\/\\\/fuentesfidedignas.com.mx\\\/wp-content\\\/uploads\\\/2026\\\/04\\\/UAS-Drones-3.jpeg\",\"datePublished\":\"2026-04-29T13:17:31+00:00\",\"dateModified\":\"2026-04-29T13:17:35+00:00\",\"breadcrumb\":{\"@id\":\"https:\\\/\\\/fuentesfidedignas.com.mx\\\/index.php\\\/2026\\\/04\\\/29\\\/suman-esfuerzos-uas-y-la-iniciativa-privada-para-tecnificar-el-campo-sinaloense-y-optimizar-cultivos\\\/#breadcrumb\"},\"inLanguage\":\"es\",\"potentialAction\":[{\"@type\":\"ReadAction\",\"target\":[\"https:\\\/\\\/fuentesfidedignas.com.mx\\\/index.php\\\/2026\\\/04\\\/29\\\/suman-esfuerzos-uas-y-la-iniciativa-privada-para-tecnificar-el-campo-sinaloense-y-optimizar-cultivos\\\/\"]}]},{\"@type\":\"ImageObject\",\"inLanguage\":\"es\",\"@id\":\"https:\\\/\\\/fuentesfidedignas.com.mx\\\/index.php\\\/2026\\\/04\\\/29\\\/suman-esfuerzos-uas-y-la-iniciativa-privada-para-tecnificar-el-campo-sinaloense-y-optimizar-cultivos\\\/#primaryimage\",\"url\":\"https:\\\/\\\/fuentesfidedignas.com.mx\\\/wp-content\\\/uploads\\\/2026\\\/04\\\/UAS-Drones-3.jpeg\",\"contentUrl\":\"https:\\\/\\\/fuentesfidedignas.com.mx\\\/wp-content\\\/uploads\\\/2026\\\/04\\\/UAS-Drones-3.jpeg\",\"width\":500,\"height\":334},{\"@type\":\"BreadcrumbList\",\"@id\":\"https:\\\/\\\/fuentesfidedignas.com.mx\\\/index.php\\\/2026\\\/04\\\/29\\\/suman-esfuerzos-uas-y-la-iniciativa-privada-para-tecnificar-el-campo-sinaloense-y-optimizar-cultivos\\\/#breadcrumb\",\"itemListElement\":[{\"@type\":\"ListItem\",\"position\":1,\"name\":\"Inicio\",\"item\":\"https:\\\/\\\/fuentesfidedignas.com.mx\\\/\"},{\"@type\":\"ListItem\",\"position\":2,\"name\":\"Suman esfuerzos UAS y la iniciativa privada para tecnificar el campo sinaloense y optimizar cultivos\"}]},{\"@type\":\"WebSite\",\"@id\":\"https:\\\/\\\/fuentesfidedignas.com.mx\\\/#website\",\"url\":\"https:\\\/\\\/fuentesfidedignas.com.mx\\\/\",\"name\":\"Fuentes Fidedignas\",\"description\":\"Otro sitio realizado con WordPress\",\"publisher\":{\"@id\":\"https:\\\/\\\/fuentesfidedignas.com.mx\\\/#organization\"},\"potentialAction\":[{\"@type\":\"SearchAction\",\"target\":{\"@type\":\"EntryPoint\",\"urlTemplate\":\"https:\\\/\\\/fuentesfidedignas.com.mx\\\/?s={search_term_string}\"},\"query-input\":{\"@type\":\"PropertyValueSpecification\",\"valueRequired\":true,\"valueName\":\"search_term_string\"}}],\"inLanguage\":\"es\"},{\"@type\":\"Organization\",\"@id\":\"https:\\\/\\\/fuentesfidedignas.com.mx\\\/#organization\",\"name\":\"Fuentes Fidedignas\",\"url\":\"https:\\\/\\\/fuentesfidedignas.com.mx\\\/\",\"logo\":{\"@type\":\"ImageObject\",\"inLanguage\":\"es\",\"@id\":\"https:\\\/\\\/fuentesfidedignas.com.mx\\\/#\\\/schema\\\/logo\\\/image\\\/\",\"url\":\"https:\\\/\\\/fuentesfidedignas.com.mx\\\/wp-content\\\/uploads\\\/2021\\\/04\\\/logo-retina.png\",\"contentUrl\":\"https:\\\/\\\/fuentesfidedignas.com.mx\\\/wp-content\\\/uploads\\\/2021\\\/04\\\/logo-retina.png\",\"width\":280,\"height\":51,\"caption\":\"Fuentes Fidedignas\"},\"image\":{\"@id\":\"https:\\\/\\\/fuentesfidedignas.com.mx\\\/#\\\/schema\\\/logo\\\/image\\\/\"},\"sameAs\":[\"https:\\\/\\\/www.facebook.com\\\/Fuentes-Fidedignas-368234489921644\",\"https:\\\/\\\/x.com\\\/fidedignas\"]},{\"@type\":\"Person\",\"@id\":\"https:\\\/\\\/fuentesfidedignas.com.mx\\\/#\\\/schema\\\/person\\\/331be9283d37198e2acd5750279085b0\",\"name\":\"Redacci\u00f3n\",\"image\":{\"@type\":\"ImageObject\",\"inLanguage\":\"es\",\"@id\":\"https:\\\/\\\/secure.gravatar.com\\\/avatar\\\/f6d8782c11d12b2d4ad3fbb6931aeab5309937a4d6cd2fc9cfaa28a6396a5aec?s=96&d=mm&r=g\",\"url\":\"https:\\\/\\\/secure.gravatar.com\\\/avatar\\\/f6d8782c11d12b2d4ad3fbb6931aeab5309937a4d6cd2fc9cfaa28a6396a5aec?s=96&d=mm&r=g\",\"contentUrl\":\"https:\\\/\\\/secure.gravatar.com\\\/avatar\\\/f6d8782c11d12b2d4ad3fbb6931aeab5309937a4d6cd2fc9cfaa28a6396a5aec?s=96&d=mm&r=g\",\"caption\":\"Redacci\u00f3n\"},\"url\":\"https:\\\/\\\/fuentesfidedignas.com.mx\\\/index.php\\\/author\\\/redaccion\\\/\"}]}<\/script>\n<!-- \/ Yoast SEO plugin. -->","yoast_head_json":{"title":"Suman esfuerzos UAS y la iniciativa privada para tecnificar el campo sinaloense y optimizar cultivos - Fuentes Fidedignas","robots":{"index":"index","follow":"follow","max-snippet":"max-snippet:-1","max-image-preview":"max-image-preview:large","max-video-preview":"max-video-preview:-1"},"canonical":"https:\/\/fuentesfidedignas.com.mx\/index.php\/2026\/04\/29\/suman-esfuerzos-uas-y-la-iniciativa-privada-para-tecnificar-el-campo-sinaloense-y-optimizar-cultivos\/","og_locale":"es_MX","og_type":"article","og_title":"Suman esfuerzos UAS y la iniciativa privada para tecnificar el campo sinaloense y optimizar cultivos - Fuentes Fidedignas","og_description":"Se destac\u00f3 la importancia de concientizar a las generaciones actuales sobre los drones, ya que muchos productores a\u00fan desconocen el tema o consideran que son equipos costosos y dif\u00edciles de operar, cuando en realidad es todo lo contrario. Como parte de las innovaciones tecnol\u00f3gicas implementadas en el campo agr\u00edcola, destaca la utilizaci\u00f3n de drones para [&hellip;]","og_url":"https:\/\/fuentesfidedignas.com.mx\/index.php\/2026\/04\/29\/suman-esfuerzos-uas-y-la-iniciativa-privada-para-tecnificar-el-campo-sinaloense-y-optimizar-cultivos\/","og_site_name":"Fuentes Fidedignas","article_publisher":"https:\/\/www.facebook.com\/Fuentes-Fidedignas-368234489921644","article_published_time":"2026-04-29T13:17:31+00:00","article_modified_time":"2026-04-29T13:17:35+00:00","og_image":[{"width":500,"height":334,"url":"https:\/\/fuentesfidedignas.com.mx\/wp-content\/uploads\/2026\/04\/UAS-Drones-3.jpeg","type":"image\/jpeg"}],"author":"Redacci\u00f3n","twitter_card":"summary_large_image","twitter_creator":"@fidedignas","twitter_site":"@fidedignas","twitter_misc":{"Escrito por":"Redacci\u00f3n","Tiempo de lectura":"2 minutos"},"schema":{"@context":"https:\/\/schema.org","@graph":[{"@type":"Article","@id":"https:\/\/fuentesfidedignas.com.mx\/index.php\/2026\/04\/29\/suman-esfuerzos-uas-y-la-iniciativa-privada-para-tecnificar-el-campo-sinaloense-y-optimizar-cultivos\/#article","isPartOf":{"@id":"https:\/\/fuentesfidedignas.com.mx\/index.php\/2026\/04\/29\/suman-esfuerzos-uas-y-la-iniciativa-privada-para-tecnificar-el-campo-sinaloense-y-optimizar-cultivos\/"},"author":{"name":"Redacci\u00f3n","@id":"https:\/\/fuentesfidedignas.com.mx\/#\/schema\/person\/331be9283d37198e2acd5750279085b0"},"headline":"Suman esfuerzos UAS y la iniciativa privada para tecnificar el campo sinaloense y optimizar cultivos","datePublished":"2026-04-29T13:17:31+00:00","dateModified":"2026-04-29T13:17:35+00:00","mainEntityOfPage":{"@id":"https:\/\/fuentesfidedignas.com.mx\/index.php\/2026\/04\/29\/suman-esfuerzos-uas-y-la-iniciativa-privada-para-tecnificar-el-campo-sinaloense-y-optimizar-cultivos\/"},"wordCount":301,"commentCount":0,"publisher":{"@id":"https:\/\/fuentesfidedignas.com.mx\/#organization"},"image":{"@id":"https:\/\/fuentesfidedignas.com.mx\/index.php\/2026\/04\/29\/suman-esfuerzos-uas-y-la-iniciativa-privada-para-tecnificar-el-campo-sinaloense-y-optimizar-cultivos\/#primaryimage"},"thumbnailUrl":"https:\/\/fuentesfidedignas.com.mx\/wp-content\/uploads\/2026\/04\/UAS-Drones-3.jpeg","articleSection":["NOTICIAS LOCALES"],"inLanguage":"es","potentialAction":[{"@type":"CommentAction","name":"Comment","target":["https:\/\/fuentesfidedignas.com.mx\/index.php\/2026\/04\/29\/suman-esfuerzos-uas-y-la-iniciativa-privada-para-tecnificar-el-campo-sinaloense-y-optimizar-cultivos\/#respond"]}]},{"@type":"WebPage","@id":"https:\/\/fuentesfidedignas.com.mx\/index.php\/2026\/04\/29\/suman-esfuerzos-uas-y-la-iniciativa-privada-para-tecnificar-el-campo-sinaloense-y-optimizar-cultivos\/","url":"https:\/\/fuentesfidedignas.com.mx\/index.php\/2026\/04\/29\/suman-esfuerzos-uas-y-la-iniciativa-privada-para-tecnificar-el-campo-sinaloense-y-optimizar-cultivos\/","name":"Suman esfuerzos UAS y la iniciativa privada para tecnificar el campo sinaloense y optimizar cultivos - Fuentes Fidedignas","isPartOf":{"@id":"https:\/\/fuentesfidedignas.com.mx\/#website"},"primaryImageOfPage":{"@id":"https:\/\/fuentesfidedignas.com.mx\/index.php\/2026\/04\/29\/suman-esfuerzos-uas-y-la-iniciativa-privada-para-tecnificar-el-campo-sinaloense-y-optimizar-cultivos\/#primaryimage"},"image":{"@id":"https:\/\/fuentesfidedignas.com.mx\/index.php\/2026\/04\/29\/suman-esfuerzos-uas-y-la-iniciativa-privada-para-tecnificar-el-campo-sinaloense-y-optimizar-cultivos\/#primaryimage"},"thumbnailUrl":"https:\/\/fuentesfidedignas.com.mx\/wp-content\/uploads\/2026\/04\/UAS-Drones-3.jpeg","datePublished":"2026-04-29T13:17:31+00:00","dateModified":"2026-04-29T13:17:35+00:00","breadcrumb":{"@id":"https:\/\/fuentesfidedignas.com.mx\/index.php\/2026\/04\/29\/suman-esfuerzos-uas-y-la-iniciativa-privada-para-tecnificar-el-campo-sinaloense-y-optimizar-cultivos\/#breadcrumb"},"inLanguage":"es","potentialAction":[{"@type":"ReadAction","target":["https:\/\/fuentesfidedignas.com.mx\/index.php\/2026\/04\/29\/suman-esfuerzos-uas-y-la-iniciativa-privada-para-tecnificar-el-campo-sinaloense-y-optimizar-cultivos\/"]}]},{"@type":"ImageObject","inLanguage":"es","@id":"https:\/\/fuentesfidedignas.com.mx\/index.php\/2026\/04\/29\/suman-esfuerzos-uas-y-la-iniciativa-privada-para-tecnificar-el-campo-sinaloense-y-optimizar-cultivos\/#primaryimage","url":"https:\/\/fuentesfidedignas.com.mx\/wp-content\/uploads\/2026\/04\/UAS-Drones-3.jpeg","contentUrl":"https:\/\/fuentesfidedignas.com.mx\/wp-content\/uploads\/2026\/04\/UAS-Drones-3.jpeg","width":500,"height":334},{"@type":"BreadcrumbList","@id":"https:\/\/fuentesfidedignas.com.mx\/index.php\/2026\/04\/29\/suman-esfuerzos-uas-y-la-iniciativa-privada-para-tecnificar-el-campo-sinaloense-y-optimizar-cultivos\/#breadcrumb","itemListElement":[{"@type":"ListItem","position":1,"name":"Inicio","item":"https:\/\/fuentesfidedignas.com.mx\/"},{"@type":"ListItem","position":2,"name":"Suman esfuerzos UAS y la iniciativa privada para tecnificar el campo sinaloense y optimizar cultivos"}]},{"@type":"WebSite","@id":"https:\/\/fuentesfidedignas.com.mx\/#website","url":"https:\/\/fuentesfidedignas.com.mx\/","name":"Fuentes Fidedignas","description":"Otro sitio realizado con WordPress","publisher":{"@id":"https:\/\/fuentesfidedignas.com.mx\/#organization"},"potentialAction":[{"@type":"SearchAction","target":{"@type":"EntryPoint","urlTemplate":"https:\/\/fuentesfidedignas.com.mx\/?s={search_term_string}"},"query-input":{"@type":"PropertyValueSpecification","valueRequired":true,"valueName":"search_term_string"}}],"inLanguage":"es"},{"@type":"Organization","@id":"https:\/\/fuentesfidedignas.com.mx\/#organization","name":"Fuentes Fidedignas","url":"https:\/\/fuentesfidedignas.com.mx\/","logo":{"@type":"ImageObject","inLanguage":"es","@id":"https:\/\/fuentesfidedignas.com.mx\/#\/schema\/logo\/image\/","url":"https:\/\/fuentesfidedignas.com.mx\/wp-content\/uploads\/2021\/04\/logo-retina.png","contentUrl":"https:\/\/fuentesfidedignas.com.mx\/wp-content\/uploads\/2021\/04\/logo-retina.png","width":280,"height":51,"caption":"Fuentes Fidedignas"},"image":{"@id":"https:\/\/fuentesfidedignas.com.mx\/#\/schema\/logo\/image\/"},"sameAs":["https:\/\/www.facebook.com\/Fuentes-Fidedignas-368234489921644","https:\/\/x.com\/fidedignas"]},{"@type":"Person","@id":"https:\/\/fuentesfidedignas.com.mx\/#\/schema\/person\/331be9283d37198e2acd5750279085b0","name":"Redacci\u00f3n","image":{"@type":"ImageObject","inLanguage":"es","@id":"https:\/\/secure.gravatar.com\/avatar\/f6d8782c11d12b2d4ad3fbb6931aeab5309937a4d6cd2fc9cfaa28a6396a5aec?s=96&d=mm&r=g","url":"https:\/\/secure.gravatar.com\/avatar\/f6d8782c11d12b2d4ad3fbb6931aeab5309937a4d6cd2fc9cfaa28a6396a5aec?s=96&d=mm&r=g","contentUrl":"https:\/\/secure.gravatar.com\/avatar\/f6d8782c11d12b2d4ad3fbb6931aeab5309937a4d6cd2fc9cfaa28a6396a5aec?s=96&d=mm&r=g","caption":"Redacci\u00f3n"},"url":"https:\/\/fuentesfidedignas.com.mx\/index.php\/author\/redaccion\/"}]}},"_links":{"self":[{"href":"https:\/\/fuentesfidedignas.com.mx\/index.php\/wp-json\/wp\/v2\/posts\/132487","targetHints":{"allow":["GET"]}}],"collection":[{"href":"https:\/\/fuentesfidedignas.com.mx\/index.php\/wp-json\/wp\/v2\/posts"}],"about":[{"href":"https:\/\/fuentesfidedignas.com.mx\/index.php\/wp-json\/wp\/v2\/types\/post"}],"author":[{"embeddable":true,"href":"https:\/\/fuentesfidedignas.com.mx\/index.php\/wp-json\/wp\/v2\/users\/4"}],"replies":[{"embeddable":true,"href":"https:\/\/fuentesfidedignas.com.mx\/index.php\/wp-json\/wp\/v2\/comments?post=132487"}],"version-history":[{"count":1,"href":"https:\/\/fuentesfidedignas.com.mx\/index.php\/wp-json\/wp\/v2\/posts\/132487\/revisions"}],"predecessor-version":[{"id":132489,"href":"https:\/\/fuentesfidedignas.com.mx\/index.php\/wp-json\/wp\/v2\/posts\/132487\/revisions\/132489"}],"wp:featuredmedia":[{"embeddable":true,"href":"https:\/\/fuentesfidedignas.com.mx\/index.php\/wp-json\/wp\/v2\/media\/132488"}],"wp:attachment":[{"href":"https:\/\/fuentesfidedignas.com.mx\/index.php\/wp-json\/wp\/v2\/media?parent=132487"}],"wp:term":[{"taxonomy":"category","embeddable":true,"href":"https:\/\/fuentesfidedignas.com.mx\/index.php\/wp-json\/wp\/v2\/categories?post=132487"},{"taxonomy":"post_tag","embeddable":true,"href":"https:\/\/fuentesfidedignas.com.mx\/index.php\/wp-json\/wp\/v2\/tags?post=132487"}],"curies":[{"name":"wp","href":"https:\/\/api.w.org\/{rel}","templated":true}]}}